{"id":8623,"date":"2023-04-12T11:14:27","date_gmt":"2023-04-12T15:14:27","guid":{"rendered":"https:\/\/ccla.org\/?p=8623"},"modified":"2023-04-12T14:25:38","modified_gmt":"2023-04-12T18:25:38","slug":"ccla-fighting-to-protect-freedom-of-association-for-all-workers-at-the-supreme-court-of-canada","status":"publish","type":"post","link":"https:\/\/dev.ccla.org\/fundamental-freedoms\/ccla-fighting-to-protect-freedom-of-association-for-all-workers-at-the-supreme-court-of-canada\/","title":{"rendered":"CCLA Fighting to Protect Freedom of Association for All Workers at the Supreme Court of Canada"},"content":{"rendered":"[vc_row type=\u00a0\u00bbin_container\u00a0\u00bb full_screen_row_position=\u00a0\u00bbmiddle\u00a0\u00bb column_margin=\u00a0\u00bbdefault\u00a0\u00bb column_direction=\u00a0\u00bbdefault\u00a0\u00bb column_direction_tablet=\u00a0\u00bbdefault\u00a0\u00bb column_direction_phone=\u00a0\u00bbdefault\u00a0\u00bb scene_position=\u00a0\u00bbcenter\u00a0\u00bb text_color=\u00a0\u00bbdark\u00a0\u00bb text_align=\u00a0\u00bbleft\u00a0\u00bb row_border_radius=\u00a0\u00bbnone\u00a0\u00bb row_border_radius_applies=\u00a0\u00bbbg\u00a0\u00bb overlay_strength=\u00a0\u00bb0.3&Prime; gradient_direction=\u00a0\u00bbleft_to_right\u00a0\u00bb shape_divider_position=\u00a0\u00bbbottom\u00a0\u00bb bg_image_animation=\u00a0\u00bbnone\u00a0\u00bb][vc_column column_padding=\u00a0\u00bbno-extra-padding\u00a0\u00bb column_padding_tablet=\u00a0\u00bbinherit\u00a0\u00bb column_padding_phone=\u00a0\u00bbinherit\u00a0\u00bb column_padding_position=\u00a0\u00bball\u00a0\u00bb column_element_spacing=\u00a0\u00bbdefault\u00a0\u00bb background_color_opacity=\u00a0\u00bb1&Prime; background_hover_color_opacity=\u00a0\u00bb1&Prime; column_shadow=\u00a0\u00bbnone\u00a0\u00bb column_border_radius=\u00a0\u00bbnone\u00a0\u00bb column_link_target=\u00a0\u00bb_self\u00a0\u00bb gradient_direction=\u00a0\u00bbleft_to_right\u00a0\u00bb overlay_strength=\u00a0\u00bb0.3&Prime; width=\u00a0\u00bb1\/1&Prime; tablet_width_inherit=\u00a0\u00bbdefault\u00a0\u00bb tablet_text_alignment=\u00a0\u00bbdefault\u00a0\u00bb phone_text_alignment=\u00a0\u00bbdefault\u00a0\u00bb bg_image_animation=\u00a0\u00bbnone\u00a0\u00bb border_type=\u00a0\u00bbsimple\u00a0\u00bb column_border_width=\u00a0\u00bbnone\u00a0\u00bb column_border_style=\u00a0\u00bbsolid\u00a0\u00bb][nectar_global_section id=\u00a0\u00bb1355&Prime;][\/vc_column][\/vc_row][vc_row type=\u00a0\u00bbfull_width_background\u00a0\u00bb full_screen_row_position=\u00a0\u00bbmiddle\u00a0\u00bb column_margin=\u00a0\u00bbdefault\u00a0\u00bb column_direction=\u00a0\u00bbdefault\u00a0\u00bb column_direction_tablet=\u00a0\u00bbdefault\u00a0\u00bb column_direction_phone=\u00a0\u00bbdefault\u00a0\u00bb scene_position=\u00a0\u00bbcenter\u00a0\u00bb top_padding=\u00a0\u00bb4%\u00a0\u00bb constrain_group_1=\u00a0\u00bbyes\u00a0\u00bb bottom_padding=\u00a0\u00bb4%\u00a0\u00bb text_color=\u00a0\u00bbdark\u00a0\u00bb text_align=\u00a0\u00bbleft\u00a0\u00bb row_border_radius=\u00a0\u00bbnone\u00a0\u00bb row_border_radius_applies=\u00a0\u00bbbg\u00a0\u00bb class=\u00a0\u00bbpost-links\u00a0\u00bb overlay_strength=\u00a0\u00bb0.3&Prime; gradient_direction=\u00a0\u00bbleft_to_right\u00a0\u00bb shape_divider_position=\u00a0\u00bbbottom\u00a0\u00bb bg_image_animation=\u00a0\u00bbnone\u00a0\u00bb shape_type=\u00a0\u00bb\u00a0\u00bb][vc_column column_padding=\u00a0\u00bbno-extra-padding\u00a0\u00bb column_padding_tablet=\u00a0\u00bbinherit\u00a0\u00bb column_padding_phone=\u00a0\u00bbinherit\u00a0\u00bb column_padding_position=\u00a0\u00bball\u00a0\u00bb column_element_spacing=\u00a0\u00bbdefault\u00a0\u00bb background_color_opacity=\u00a0\u00bb1&Prime; background_hover_color_opacity=\u00a0\u00bb1&Prime; column_shadow=\u00a0\u00bbnone\u00a0\u00bb column_border_radius=\u00a0\u00bbnone\u00a0\u00bb column_link_target=\u00a0\u00bb_self\u00a0\u00bb gradient_direction=\u00a0\u00bbleft_to_right\u00a0\u00bb overlay_strength=\u00a0\u00bb0.3&Prime; width=\u00a0\u00bb1\/1&Prime; tablet_width_inherit=\u00a0\u00bbdefault\u00a0\u00bb tablet_text_alignment=\u00a0\u00bbdefault\u00a0\u00bb phone_text_alignment=\u00a0\u00bbdefault\u00a0\u00bb bg_image_animation=\u00a0\u00bbnone\u00a0\u00bb border_type=\u00a0\u00bbsimple\u00a0\u00bb column_border_width=\u00a0\u00bbnone\u00a0\u00bb column_border_style=\u00a0\u00bbsolid\u00a0\u00bb][vc_column_text]The CCLA is intervening before the Supreme Court of Canada in a case that will consider the scope of the <em>Charter\u2019s <\/em>protection of freedom of association. In <em>Soci\u00e9t\u00e9 des casinos du Qu\u00e9bec <\/em>the Supreme Court is asked to examine a provision of Qu\u00e9bec\u2019s Labour Code that excludes managers from the definition of \u201cemployee\u201d and decide whether this exclusion violates the protection of freedom of association in the Qu\u00e9bec and Canadian Charters.<\/p>\n<p>The CCLA has intervened to make legal submissions on how freedom of association can be meaningfully protected and takes the position that the Court should consider the purpose and effect of the relevant legislation. The <a href=\"https:\/\/cclaorg.sharepoint.com\/:b:\/s\/CCLAGeneralFiles\/EYqmSKT6iCBDrpMQoau1PgUBvQturpRWDDEDancZachrSQ?e=cHgc8e\">CCLA\u2019s submissions<\/a> point out that the courts have long recognized the inherent vulnerability of employees which prevents them from negotiating with their employers on equal footing and impacts almost all aspects of the employment relationship. While the employers\u2019 arguments in the case suggest that managers are seeking some sort of positive right or state support to exercise their freedom of association, this ignores the state\u2019s own role in engineering the conditions that interfere with the meaningful exercise of this freedom. The CCLA maintains that the focus should be on what therights and duties in the employment relationship must be in order to respect the minimum guarantees set out in section 2(d) of the <em>Charter, <\/em>protecting freedom of association.<\/p>\n<p>The hearing in this matter will take place before the Supreme Court on April 20, 2023. The CCLA is grateful to Danielle Glatt and Catherine Fan of Paliare Roland for their excellent pro bono representation in this case.[\/vc_column_text][\/vc_column][\/vc_row][vc_row type=\u00a0\u00bbin_container\u00a0\u00bb full_screen_row_position=\u00a0\u00bbmiddle\u00a0\u00bb column_margin=\u00a0\u00bbdefault\u00a0\u00bb column_direction=\u00a0\u00bbdefault\u00a0\u00bb column_direction_tablet=\u00a0\u00bbdefault\u00a0\u00bb column_direction_phone=\u00a0\u00bbdefault\u00a0\u00bb scene_position=\u00a0\u00bbcenter\u00a0\u00bb text_color=\u00a0\u00bbdark\u00a0\u00bb text_align=\u00a0\u00bbleft\u00a0\u00bb row_border_radius=\u00a0\u00bbnone\u00a0\u00bb row_border_radius_applies=\u00a0\u00bbbg\u00a0\u00bb overlay_strength=\u00a0\u00bb0.3&Prime; gradient_direction=\u00a0\u00bbleft_to_right\u00a0\u00bb shape_divider_position=\u00a0\u00bbbottom\u00a0\u00bb bg_image_animation=\u00a0\u00bbnone\u00a0\u00bb][vc_column column_padding=\u00a0\u00bbno-extra-padding\u00a0\u00bb column_padding_tablet=\u00a0\u00bbinherit\u00a0\u00bb column_padding_phone=\u00a0\u00bbinherit\u00a0\u00bb column_padding_position=\u00a0\u00bball\u00a0\u00bb column_element_spacing=\u00a0\u00bbdefault\u00a0\u00bb background_color_opacity=\u00a0\u00bb1&Prime; background_hover_color_opacity=\u00a0\u00bb1&Prime; column_shadow=\u00a0\u00bbnone\u00a0\u00bb column_border_radius=\u00a0\u00bbnone\u00a0\u00bb column_link_target=\u00a0\u00bb_self\u00a0\u00bb gradient_direction=\u00a0\u00bbleft_to_right\u00a0\u00bb overlay_strength=\u00a0\u00bb0.3&Prime; width=\u00a0\u00bb1\/1&Prime; tablet_width_inherit=\u00a0\u00bbdefault\u00a0\u00bb tablet_text_alignment=\u00a0\u00bbdefault\u00a0\u00bb phone_text_alignment=\u00a0\u00bbdefault\u00a0\u00bb bg_image_animation=\u00a0\u00bbnone\u00a0\u00bb border_type=\u00a0\u00bbsimple\u00a0\u00bb column_border_width=\u00a0\u00bbnone\u00a0\u00bb column_border_style=\u00a0\u00bbsolid\u00a0\u00bb][nectar_global_section id=\u00a0\u00bb1461&Prime;][\/vc_column][\/vc_row][vc_row type=\u00a0\u00bbin_container\u00a0\u00bb full_screen_row_position=\u00a0\u00bbmiddle\u00a0\u00bb column_margin=\u00a0\u00bbdefault\u00a0\u00bb column_direction=\u00a0\u00bbdefault\u00a0\u00bb column_direction_tablet=\u00a0\u00bbdefault\u00a0\u00bb column_direction_phone=\u00a0\u00bbdefault\u00a0\u00bb scene_position=\u00a0\u00bbcenter\u00a0\u00bb text_color=\u00a0\u00bbdark\u00a0\u00bb text_align=\u00a0\u00bbleft\u00a0\u00bb row_border_radius=\u00a0\u00bbnone\u00a0\u00bb row_border_radius_applies=\u00a0\u00bbbg\u00a0\u00bb overlay_strength=\u00a0\u00bb0.3&Prime; gradient_direction=\u00a0\u00bbleft_to_right\u00a0\u00bb shape_divider_position=\u00a0\u00bbbottom\u00a0\u00bb bg_image_animation=\u00a0\u00bbnone\u00a0\u00bb][vc_column column_padding=\u00a0\u00bbno-extra-padding\u00a0\u00bb column_padding_tablet=\u00a0\u00bbinherit\u00a0\u00bb column_padding_phone=\u00a0\u00bbinherit\u00a0\u00bb column_padding_position=\u00a0\u00bball\u00a0\u00bb column_element_spacing=\u00a0\u00bbdefault\u00a0\u00bb background_color_opacity=\u00a0\u00bb1&Prime; background_hover_color_opacity=\u00a0\u00bb1&Prime; column_shadow=\u00a0\u00bbnone\u00a0\u00bb column_border_radius=\u00a0\u00bbnone\u00a0\u00bb column_link_target=\u00a0\u00bb_self\u00a0\u00bb gradient_direction=\u00a0\u00bbleft_to_right\u00a0\u00bb overlay_strength=\u00a0\u00bb0.3&Prime; width=\u00a0\u00bb1\/1&Prime; tablet_width_inherit=\u00a0\u00bbdefault\u00a0\u00bb tablet_text_alignment=\u00a0\u00bbdefault\u00a0\u00bb phone_text_alignment=\u00a0\u00bbdefault\u00a0\u00bb bg_image_animation=\u00a0\u00bbnone\u00a0\u00bb border_type=\u00a0\u00bbsimple\u00a0\u00bb column_border_width=\u00a0\u00bbnone\u00a0\u00bb column_border_style=\u00a0\u00bbsolid\u00a0\u00bb][vc_column_text]\n[\/vc_column_text][\/vc_column][\/vc_row]\n","protected":false},"excerpt":{"rendered":"<p>[vc_row type=\u00a0\u00bbin_container\u00a0\u00bb full_screen_row_position=\u00a0\u00bbmiddle\u00a0\u00bb column_margin=\u00a0\u00bbdefault\u00a0\u00bb column_direction=\u00a0\u00bbdefault\u00a0\u00bb column_direction_tablet=\u00a0\u00bbdefault\u00a0\u00bb column_direction_phone=\u00a0\u00bbdefault\u00a0\u00bb scene_position=\u00a0\u00bbcenter\u00a0\u00bb text_color=\u00a0\u00bbdark\u00a0\u00bb text_align=\u00a0\u00bbleft\u00a0\u00bb row_border_radius=\u00a0\u00bbnone\u00a0\u00bb row_border_radius_applies=\u00a0\u00bbbg\u00a0\u00bb overlay_strength=\u00a0\u00bb0.3&Prime; gradient_direction=\u00a0\u00bbleft_to_right\u00a0\u00bb shape_divider_position=\u00a0\u00bbbottom\u00a0\u00bb bg_image_animation=\u00a0\u00bbnone\u00a0\u00bb][vc_column column_padding=\u00a0\u00bbno-extra-padding\u00a0\u00bb column_padding_tablet=\u00a0\u00bbinherit\u00a0\u00bb column_padding_phone=\u00a0\u00bbinherit\u00a0\u00bb column_padding_position=\u00a0\u00bball\u00a0\u00bb column_element_spacing=\u00a0\u00bbdefault\u00a0\u00bb background_color_opacity=\u00a0\u00bb1&Prime; background_hover_color_opacity=\u00a0\u00bb1&Prime; column_shadow=\u00a0\u00bbnone\u00a0\u00bb column_border_radius=\u00a0\u00bbnone\u00a0\u00bb column_link_target=\u00a0\u00bb_self\u00a0\u00bb gradient_direction=\u00a0\u00bbleft_to_right\u00a0\u00bb overlay_strength=\u00a0\u00bb0.3&Prime; width=\u00a0\u00bb1\/1&Prime; tablet_width_inherit=\u00a0\u00bbdefault\u00a0\u00bb&#8230;<\/p>\n","protected":false},"author":8,"featured_media":4849,"comment_status":"closed","ping_status":"closed","sticky":false,"template":"","format":"standard","meta":{"footnotes":""},"categories":[77,31],"tags":[],"class_list":{"0":"post-8623","1":"post","2":"type-post","3":"status-publish","4":"format-standard","5":"has-post-thumbnail","7":"category-freedoms-association","8":"category-fundamental-freedoms"},"yoast_head":"<!-- This site is optimized with the Yoast SEO plugin v27.4 - https:\/\/yoast.com\/product\/yoast-seo-wordpress\/ -->\n<title>CCLA Fighting to Protect Freedom of Association for All Workers at the Supreme Court of Canada - CCLA<\/title>\n<meta name=\"robots\" content=\"noindex, follow, max-snippet:-1, max-image-preview:large, max-video-preview:-1\" \/>\n<meta property=\"og:locale\" content=\"fr_CA\" \/>\n<meta property=\"og:type\" content=\"article\" \/>\n<meta property=\"og:title\" content=\"CCLA Fighting to Protect Freedom of Association for All Workers at the Supreme Court of Canada - CCLA\" \/>\n<meta property=\"og:description\" content=\"[vc_row type=\u00a0\u00bbin_container\u00a0\u00bb full_screen_row_position=\u00a0\u00bbmiddle\u00a0\u00bb column_margin=\u00a0\u00bbdefault\u00a0\u00bb column_direction=\u00a0\u00bbdefault\u00a0\u00bb column_direction_tablet=\u00a0\u00bbdefault\u00a0\u00bb column_direction_phone=\u00a0\u00bbdefault\u00a0\u00bb scene_position=\u00a0\u00bbcenter\u00a0\u00bb text_color=\u00a0\u00bbdark\u00a0\u00bb text_align=\u00a0\u00bbleft\u00a0\u00bb row_border_radius=\u00a0\u00bbnone\u00a0\u00bb row_border_radius_applies=\u00a0\u00bbbg\u00a0\u00bb overlay_strength=\u00a0\u00bb0.3&Prime; gradient_direction=\u00a0\u00bbleft_to_right\u00a0\u00bb shape_divider_position=\u00a0\u00bbbottom\u00a0\u00bb bg_image_animation=\u00a0\u00bbnone\u00a0\u00bb][vc_column column_padding=\u00a0\u00bbno-extra-padding\u00a0\u00bb column_padding_tablet=\u00a0\u00bbinherit\u00a0\u00bb column_padding_phone=\u00a0\u00bbinherit\u00a0\u00bb column_padding_position=\u00a0\u00bball\u00a0\u00bb column_element_spacing=\u00a0\u00bbdefault\u00a0\u00bb background_color_opacity=\u00a0\u00bb1&Prime; background_hover_color_opacity=\u00a0\u00bb1&Prime; column_shadow=\u00a0\u00bbnone\u00a0\u00bb column_border_radius=\u00a0\u00bbnone\u00a0\u00bb column_link_target=\u00a0\u00bb_self\u00a0\u00bb gradient_direction=\u00a0\u00bbleft_to_right\u00a0\u00bb overlay_strength=\u00a0\u00bb0.3&Prime; width=\u00a0\u00bb1\/1&Prime; tablet_width_inherit=\u00a0\u00bbdefault\u00a0\u00bb...\" \/>\n<meta property=\"og:url\" content=\"https:\/\/dev.ccla.org\/fundamental-freedoms\/ccla-fighting-to-protect-freedom-of-association-for-all-workers-at-the-supreme-court-of-canada\/\" \/>\n<meta property=\"og:site_name\" content=\"CCLA\" \/>\n<meta property=\"article:published_time\" content=\"2023-04-12T15:14:27+00:00\" \/>\n<meta property=\"article:modified_time\" content=\"2023-04-12T18:25:38+00:00\" \/>\n<meta property=\"og:image\" content=\"https:\/\/dev.ccla.org\/wp-content\/uploads\/2021\/07\/clem-onojeghuo-AZl7zXGSSAE-unsplash.jpg\" \/>\n\t<meta property=\"og:image:width\" content=\"2000\" \/>\n\t<meta property=\"og:image:height\" content=\"800\" \/>\n\t<meta property=\"og:image:type\" content=\"image\/jpeg\" \/>\n<meta name=\"author\" content=\"Cara Zwibel\" \/>\n<meta name=\"twitter:card\" content=\"summary_large_image\" \/>\n<meta name=\"twitter:label1\" content=\"\u00c9crit par\" \/>\n\t<meta name=\"twitter:data1\" content=\"Cara Zwibel\" \/>\n\t<meta name=\"twitter:label2\" content=\"Estimation du temps de lecture\" \/>\n\t<meta name=\"twitter:data2\" content=\"2 minutes\" \/>\n<script type=\"application\/ld+json\" class=\"yoast-schema-graph\">{\"@context\":\"https:\\\/\\\/schema.org\",\"@graph\":[{\"@type\":\"Article\",\"@id\":\"https:\\\/\\\/dev.ccla.org\\\/fundamental-freedoms\\\/ccla-fighting-to-protect-freedom-of-association-for-all-workers-at-the-supreme-court-of-canada\\\/#article\",\"isPartOf\":{\"@id\":\"https:\\\/\\\/dev.ccla.org\\\/fundamental-freedoms\\\/ccla-fighting-to-protect-freedom-of-association-for-all-workers-at-the-supreme-court-of-canada\\\/\"},\"author\":{\"name\":\"Cara Zwibel\",\"@id\":\"https:\\\/\\\/dev.ccla.org\\\/fr\\\/#\\\/schema\\\/person\\\/8368a5ac21ca7b57c98675d10160cbb9\"},\"headline\":\"CCLA Fighting to Protect Freedom of Association for All Workers at the Supreme Court of Canada\",\"datePublished\":\"2023-04-12T15:14:27+00:00\",\"dateModified\":\"2023-04-12T18:25:38+00:00\",\"mainEntityOfPage\":{\"@id\":\"https:\\\/\\\/dev.ccla.org\\\/fundamental-freedoms\\\/ccla-fighting-to-protect-freedom-of-association-for-all-workers-at-the-supreme-court-of-canada\\\/\"},\"wordCount\":856,\"image\":{\"@id\":\"https:\\\/\\\/dev.ccla.org\\\/fundamental-freedoms\\\/ccla-fighting-to-protect-freedom-of-association-for-all-workers-at-the-supreme-court-of-canada\\\/#primaryimage\"},\"thumbnailUrl\":\"https:\\\/\\\/dev.ccla.org\\\/wp-content\\\/uploads\\\/2021\\\/07\\\/clem-onojeghuo-AZl7zXGSSAE-unsplash.jpg\",\"articleSection\":[\"Freedom of Association\",\"FUNDAMENTAL FREEDOMS\"],\"inLanguage\":\"fr-CA\"},{\"@type\":\"WebPage\",\"@id\":\"https:\\\/\\\/dev.ccla.org\\\/fundamental-freedoms\\\/ccla-fighting-to-protect-freedom-of-association-for-all-workers-at-the-supreme-court-of-canada\\\/\",\"url\":\"https:\\\/\\\/dev.ccla.org\\\/fundamental-freedoms\\\/ccla-fighting-to-protect-freedom-of-association-for-all-workers-at-the-supreme-court-of-canada\\\/\",\"name\":\"CCLA Fighting to Protect Freedom of Association for All Workers at the Supreme Court of Canada - CCLA\",\"isPartOf\":{\"@id\":\"https:\\\/\\\/dev.ccla.org\\\/fr\\\/#website\"},\"primaryImageOfPage\":{\"@id\":\"https:\\\/\\\/dev.ccla.org\\\/fundamental-freedoms\\\/ccla-fighting-to-protect-freedom-of-association-for-all-workers-at-the-supreme-court-of-canada\\\/#primaryimage\"},\"image\":{\"@id\":\"https:\\\/\\\/dev.ccla.org\\\/fundamental-freedoms\\\/ccla-fighting-to-protect-freedom-of-association-for-all-workers-at-the-supreme-court-of-canada\\\/#primaryimage\"},\"thumbnailUrl\":\"https:\\\/\\\/dev.ccla.org\\\/wp-content\\\/uploads\\\/2021\\\/07\\\/clem-onojeghuo-AZl7zXGSSAE-unsplash.jpg\",\"datePublished\":\"2023-04-12T15:14:27+00:00\",\"dateModified\":\"2023-04-12T18:25:38+00:00\",\"author\":{\"@id\":\"https:\\\/\\\/dev.ccla.org\\\/fr\\\/#\\\/schema\\\/person\\\/8368a5ac21ca7b57c98675d10160cbb9\"},\"breadcrumb\":{\"@id\":\"https:\\\/\\\/dev.ccla.org\\\/fundamental-freedoms\\\/ccla-fighting-to-protect-freedom-of-association-for-all-workers-at-the-supreme-court-of-canada\\\/#breadcrumb\"},\"inLanguage\":\"fr-CA\",\"potentialAction\":[{\"@type\":\"ReadAction\",\"target\":[\"https:\\\/\\\/dev.ccla.org\\\/fundamental-freedoms\\\/ccla-fighting-to-protect-freedom-of-association-for-all-workers-at-the-supreme-court-of-canada\\\/\"]}]},{\"@type\":\"ImageObject\",\"inLanguage\":\"fr-CA\",\"@id\":\"https:\\\/\\\/dev.ccla.org\\\/fundamental-freedoms\\\/ccla-fighting-to-protect-freedom-of-association-for-all-workers-at-the-supreme-court-of-canada\\\/#primaryimage\",\"url\":\"https:\\\/\\\/dev.ccla.org\\\/wp-content\\\/uploads\\\/2021\\\/07\\\/clem-onojeghuo-AZl7zXGSSAE-unsplash.jpg\",\"contentUrl\":\"https:\\\/\\\/dev.ccla.org\\\/wp-content\\\/uploads\\\/2021\\\/07\\\/clem-onojeghuo-AZl7zXGSSAE-unsplash.jpg\",\"width\":2000,\"height\":800},{\"@type\":\"BreadcrumbList\",\"@id\":\"https:\\\/\\\/dev.ccla.org\\\/fundamental-freedoms\\\/ccla-fighting-to-protect-freedom-of-association-for-all-workers-at-the-supreme-court-of-canada\\\/#breadcrumb\",\"itemListElement\":[{\"@type\":\"ListItem\",\"position\":1,\"name\":\"Home\",\"item\":\"https:\\\/\\\/dev.ccla.org\\\/fr\\\/accueil\\\/\"},{\"@type\":\"ListItem\",\"position\":2,\"name\":\"LIBERT\u00c9S FONDAMENTALES\",\"item\":\"https:\\\/\\\/dev.ccla.org\\\/fr\\\/category\\\/libertes-fondamentales\\\/\"},{\"@type\":\"ListItem\",\"position\":3,\"name\":\"CCLA Fighting to Protect Freedom of Association for All Workers at the Supreme Court of Canada\"}]},{\"@type\":\"WebSite\",\"@id\":\"https:\\\/\\\/dev.ccla.org\\\/fr\\\/#website\",\"url\":\"https:\\\/\\\/dev.ccla.org\\\/fr\\\/\",\"name\":\"CCLA\",\"description\":\"\",\"potentialAction\":[{\"@type\":\"SearchAction\",\"target\":{\"@type\":\"EntryPoint\",\"urlTemplate\":\"https:\\\/\\\/dev.ccla.org\\\/fr\\\/?s={search_term_string}\"},\"query-input\":{\"@type\":\"PropertyValueSpecification\",\"valueRequired\":true,\"valueName\":\"search_term_string\"}}],\"inLanguage\":\"fr-CA\"},{\"@type\":\"Person\",\"@id\":\"https:\\\/\\\/dev.ccla.org\\\/fr\\\/#\\\/schema\\\/person\\\/8368a5ac21ca7b57c98675d10160cbb9\",\"name\":\"Cara Zwibel\",\"image\":{\"@type\":\"ImageObject\",\"inLanguage\":\"fr-CA\",\"@id\":\"https:\\\/\\\/secure.gravatar.com\\\/avatar\\\/d5aef9280788360e1098586a07ea1a9593a84194d0949f874eb59c76a8ea1f1f?s=96&d=blank&r=g\",\"url\":\"https:\\\/\\\/secure.gravatar.com\\\/avatar\\\/d5aef9280788360e1098586a07ea1a9593a84194d0949f874eb59c76a8ea1f1f?s=96&d=blank&r=g\",\"contentUrl\":\"https:\\\/\\\/secure.gravatar.com\\\/avatar\\\/d5aef9280788360e1098586a07ea1a9593a84194d0949f874eb59c76a8ea1f1f?s=96&d=blank&r=g\",\"caption\":\"Cara Zwibel\"},\"url\":\"https:\\\/\\\/dev.ccla.org\\\/fr\\\/author\\\/cara\\\/\"}]}<\/script>\n<!-- \/ Yoast SEO plugin. -->","yoast_head_json":{"title":"CCLA Fighting to Protect Freedom of Association for All Workers at the Supreme Court of Canada - CCLA","robots":{"index":"noindex","follow":"follow","max-snippet":"max-snippet:-1","max-image-preview":"max-image-preview:large","max-video-preview":"max-video-preview:-1"},"og_locale":"fr_CA","og_type":"article","og_title":"CCLA Fighting to Protect Freedom of Association for All Workers at the Supreme Court of Canada - CCLA","og_description":"[vc_row type=\u00a0\u00bbin_container\u00a0\u00bb full_screen_row_position=\u00a0\u00bbmiddle\u00a0\u00bb column_margin=\u00a0\u00bbdefault\u00a0\u00bb column_direction=\u00a0\u00bbdefault\u00a0\u00bb column_direction_tablet=\u00a0\u00bbdefault\u00a0\u00bb column_direction_phone=\u00a0\u00bbdefault\u00a0\u00bb scene_position=\u00a0\u00bbcenter\u00a0\u00bb text_color=\u00a0\u00bbdark\u00a0\u00bb text_align=\u00a0\u00bbleft\u00a0\u00bb row_border_radius=\u00a0\u00bbnone\u00a0\u00bb row_border_radius_applies=\u00a0\u00bbbg\u00a0\u00bb overlay_strength=\u00a0\u00bb0.3&Prime; gradient_direction=\u00a0\u00bbleft_to_right\u00a0\u00bb shape_divider_position=\u00a0\u00bbbottom\u00a0\u00bb bg_image_animation=\u00a0\u00bbnone\u00a0\u00bb][vc_column column_padding=\u00a0\u00bbno-extra-padding\u00a0\u00bb column_padding_tablet=\u00a0\u00bbinherit\u00a0\u00bb column_padding_phone=\u00a0\u00bbinherit\u00a0\u00bb column_padding_position=\u00a0\u00bball\u00a0\u00bb column_element_spacing=\u00a0\u00bbdefault\u00a0\u00bb background_color_opacity=\u00a0\u00bb1&Prime; background_hover_color_opacity=\u00a0\u00bb1&Prime; column_shadow=\u00a0\u00bbnone\u00a0\u00bb column_border_radius=\u00a0\u00bbnone\u00a0\u00bb column_link_target=\u00a0\u00bb_self\u00a0\u00bb gradient_direction=\u00a0\u00bbleft_to_right\u00a0\u00bb overlay_strength=\u00a0\u00bb0.3&Prime; width=\u00a0\u00bb1\/1&Prime; tablet_width_inherit=\u00a0\u00bbdefault\u00a0\u00bb...","og_url":"https:\/\/dev.ccla.org\/fundamental-freedoms\/ccla-fighting-to-protect-freedom-of-association-for-all-workers-at-the-supreme-court-of-canada\/","og_site_name":"CCLA","article_published_time":"2023-04-12T15:14:27+00:00","article_modified_time":"2023-04-12T18:25:38+00:00","og_image":[{"width":2000,"height":800,"url":"https:\/\/dev.ccla.org\/wp-content\/uploads\/2021\/07\/clem-onojeghuo-AZl7zXGSSAE-unsplash.jpg","type":"image\/jpeg"}],"author":"Cara Zwibel","twitter_card":"summary_large_image","twitter_misc":{"\u00c9crit par":"Cara Zwibel","Estimation du temps de lecture":"2 minutes"},"schema":{"@context":"https:\/\/schema.org","@graph":[{"@type":"Article","@id":"https:\/\/dev.ccla.org\/fundamental-freedoms\/ccla-fighting-to-protect-freedom-of-association-for-all-workers-at-the-supreme-court-of-canada\/#article","isPartOf":{"@id":"https:\/\/dev.ccla.org\/fundamental-freedoms\/ccla-fighting-to-protect-freedom-of-association-for-all-workers-at-the-supreme-court-of-canada\/"},"author":{"name":"Cara Zwibel","@id":"https:\/\/dev.ccla.org\/fr\/#\/schema\/person\/8368a5ac21ca7b57c98675d10160cbb9"},"headline":"CCLA Fighting to Protect Freedom of Association for All Workers at the Supreme Court of Canada","datePublished":"2023-04-12T15:14:27+00:00","dateModified":"2023-04-12T18:25:38+00:00","mainEntityOfPage":{"@id":"https:\/\/dev.ccla.org\/fundamental-freedoms\/ccla-fighting-to-protect-freedom-of-association-for-all-workers-at-the-supreme-court-of-canada\/"},"wordCount":856,"image":{"@id":"https:\/\/dev.ccla.org\/fundamental-freedoms\/ccla-fighting-to-protect-freedom-of-association-for-all-workers-at-the-supreme-court-of-canada\/#primaryimage"},"thumbnailUrl":"https:\/\/dev.ccla.org\/wp-content\/uploads\/2021\/07\/clem-onojeghuo-AZl7zXGSSAE-unsplash.jpg","articleSection":["Freedom of Association","FUNDAMENTAL FREEDOMS"],"inLanguage":"fr-CA"},{"@type":"WebPage","@id":"https:\/\/dev.ccla.org\/fundamental-freedoms\/ccla-fighting-to-protect-freedom-of-association-for-all-workers-at-the-supreme-court-of-canada\/","url":"https:\/\/dev.ccla.org\/fundamental-freedoms\/ccla-fighting-to-protect-freedom-of-association-for-all-workers-at-the-supreme-court-of-canada\/","name":"CCLA Fighting to Protect Freedom of Association for All Workers at the Supreme Court of Canada - CCLA","isPartOf":{"@id":"https:\/\/dev.ccla.org\/fr\/#website"},"primaryImageOfPage":{"@id":"https:\/\/dev.ccla.org\/fundamental-freedoms\/ccla-fighting-to-protect-freedom-of-association-for-all-workers-at-the-supreme-court-of-canada\/#primaryimage"},"image":{"@id":"https:\/\/dev.ccla.org\/fundamental-freedoms\/ccla-fighting-to-protect-freedom-of-association-for-all-workers-at-the-supreme-court-of-canada\/#primaryimage"},"thumbnailUrl":"https:\/\/dev.ccla.org\/wp-content\/uploads\/2021\/07\/clem-onojeghuo-AZl7zXGSSAE-unsplash.jpg","datePublished":"2023-04-12T15:14:27+00:00","dateModified":"2023-04-12T18:25:38+00:00","author":{"@id":"https:\/\/dev.ccla.org\/fr\/#\/schema\/person\/8368a5ac21ca7b57c98675d10160cbb9"},"breadcrumb":{"@id":"https:\/\/dev.ccla.org\/fundamental-freedoms\/ccla-fighting-to-protect-freedom-of-association-for-all-workers-at-the-supreme-court-of-canada\/#breadcrumb"},"inLanguage":"fr-CA","potentialAction":[{"@type":"ReadAction","target":["https:\/\/dev.ccla.org\/fundamental-freedoms\/ccla-fighting-to-protect-freedom-of-association-for-all-workers-at-the-supreme-court-of-canada\/"]}]},{"@type":"ImageObject","inLanguage":"fr-CA","@id":"https:\/\/dev.ccla.org\/fundamental-freedoms\/ccla-fighting-to-protect-freedom-of-association-for-all-workers-at-the-supreme-court-of-canada\/#primaryimage","url":"https:\/\/dev.ccla.org\/wp-content\/uploads\/2021\/07\/clem-onojeghuo-AZl7zXGSSAE-unsplash.jpg","contentUrl":"https:\/\/dev.ccla.org\/wp-content\/uploads\/2021\/07\/clem-onojeghuo-AZl7zXGSSAE-unsplash.jpg","width":2000,"height":800},{"@type":"BreadcrumbList","@id":"https:\/\/dev.ccla.org\/fundamental-freedoms\/ccla-fighting-to-protect-freedom-of-association-for-all-workers-at-the-supreme-court-of-canada\/#breadcrumb","itemListElement":[{"@type":"ListItem","position":1,"name":"Home","item":"https:\/\/dev.ccla.org\/fr\/accueil\/"},{"@type":"ListItem","position":2,"name":"LIBERT\u00c9S FONDAMENTALES","item":"https:\/\/dev.ccla.org\/fr\/category\/libertes-fondamentales\/"},{"@type":"ListItem","position":3,"name":"CCLA Fighting to Protect Freedom of Association for All Workers at the Supreme Court of Canada"}]},{"@type":"WebSite","@id":"https:\/\/dev.ccla.org\/fr\/#website","url":"https:\/\/dev.ccla.org\/fr\/","name":"CCLA","description":"","potentialAction":[{"@type":"SearchAction","target":{"@type":"EntryPoint","urlTemplate":"https:\/\/dev.ccla.org\/fr\/?s={search_term_string}"},"query-input":{"@type":"PropertyValueSpecification","valueRequired":true,"valueName":"search_term_string"}}],"inLanguage":"fr-CA"},{"@type":"Person","@id":"https:\/\/dev.ccla.org\/fr\/#\/schema\/person\/8368a5ac21ca7b57c98675d10160cbb9","name":"Cara Zwibel","image":{"@type":"ImageObject","inLanguage":"fr-CA","@id":"https:\/\/secure.gravatar.com\/avatar\/d5aef9280788360e1098586a07ea1a9593a84194d0949f874eb59c76a8ea1f1f?s=96&d=blank&r=g","url":"https:\/\/secure.gravatar.com\/avatar\/d5aef9280788360e1098586a07ea1a9593a84194d0949f874eb59c76a8ea1f1f?s=96&d=blank&r=g","contentUrl":"https:\/\/secure.gravatar.com\/avatar\/d5aef9280788360e1098586a07ea1a9593a84194d0949f874eb59c76a8ea1f1f?s=96&d=blank&r=g","caption":"Cara Zwibel"},"url":"https:\/\/dev.ccla.org\/fr\/author\/cara\/"}]}},"_links":{"self":[{"href":"https:\/\/dev.ccla.org\/fr\/wp-json\/wp\/v2\/posts\/8623","targetHints":{"allow":["GET"]}}],"collection":[{"href":"https:\/\/dev.ccla.org\/fr\/wp-json\/wp\/v2\/posts"}],"about":[{"href":"https:\/\/dev.ccla.org\/fr\/wp-json\/wp\/v2\/types\/post"}],"author":[{"embeddable":true,"href":"https:\/\/dev.ccla.org\/fr\/wp-json\/wp\/v2\/users\/8"}],"replies":[{"embeddable":true,"href":"https:\/\/dev.ccla.org\/fr\/wp-json\/wp\/v2\/comments?post=8623"}],"version-history":[{"count":3,"href":"https:\/\/dev.ccla.org\/fr\/wp-json\/wp\/v2\/posts\/8623\/revisions"}],"predecessor-version":[{"id":8626,"href":"https:\/\/dev.ccla.org\/fr\/wp-json\/wp\/v2\/posts\/8623\/revisions\/8626"}],"wp:featuredmedia":[{"embeddable":true,"href":"https:\/\/dev.ccla.org\/fr\/wp-json\/wp\/v2\/media\/4849"}],"wp:attachment":[{"href":"https:\/\/dev.ccla.org\/fr\/wp-json\/wp\/v2\/media?parent=8623"}],"wp:term":[{"taxonomy":"category","embeddable":true,"href":"https:\/\/dev.ccla.org\/fr\/wp-json\/wp\/v2\/categories?post=8623"},{"taxonomy":"post_tag","embeddable":true,"href":"https:\/\/dev.ccla.org\/fr\/wp-json\/wp\/v2\/tags?post=8623"}],"curies":[{"name":"wp","href":"https:\/\/api.w.org\/{rel}","templated":true}]}}