{"id":17014,"date":"2026-01-21T04:32:54","date_gmt":"2026-01-21T09:32:54","guid":{"rendered":"https:\/\/dev.ccla.org\/non-classe\/initiative-de-la-societe-civile-lance-une-consultation-publique-sur-lia\/"},"modified":"2026-04-28T10:04:38","modified_gmt":"2026-04-28T14:04:38","slug":"initiative-de-la-societe-civile-lance-une-consultation-publique-sur-lia","status":"publish","type":"post","link":"https:\/\/dev.ccla.org\/fr\/communiques-de-presse\/initiative-de-la-societe-civile-lance-une-consultation-publique-sur-lia\/","title":{"rendered":"Initiative de la soci\u00e9t\u00e9 civile lance une consultation publique sur l\u2019IA"},"content":{"rendered":"[vc_row type=\u00a0\u00bbin_container\u00a0\u00bb full_screen_row_position=\u00a0\u00bbmiddle\u00a0\u00bb column_margin=\u00a0\u00bbdefault\u00a0\u00bb column_direction=\u00a0\u00bbdefault\u00a0\u00bb column_direction_tablet=\u00a0\u00bbdefault\u00a0\u00bb column_direction_phone=\u00a0\u00bbdefault\u00a0\u00bb scene_position=\u00a0\u00bbcenter\u00a0\u00bb text_color=\u00a0\u00bbdark\u00a0\u00bb text_align=\u00a0\u00bbleft\u00a0\u00bb row_border_radius=\u00a0\u00bbnone\u00a0\u00bb row_border_radius_applies=\u00a0\u00bbbg\u00a0\u00bb overflow=\u00a0\u00bbvisible\u00a0\u00bb overlay_strength=\u00a0\u00bb0.3&Prime; gradient_direction=\u00a0\u00bbleft_to_right\u00a0\u00bb shape_divider_position=\u00a0\u00bbbottom\u00a0\u00bb bg_image_animation=\u00a0\u00bbnone\u00a0\u00bb][vc_column column_padding=\u00a0\u00bbno-extra-padding\u00a0\u00bb column_padding_tablet=\u00a0\u00bbinherit\u00a0\u00bb column_padding_phone=\u00a0\u00bbinherit\u00a0\u00bb column_padding_position=\u00a0\u00bball\u00a0\u00bb column_element_direction_desktop=\u00a0\u00bbdefault\u00a0\u00bb column_element_spacing=\u00a0\u00bbdefault\u00a0\u00bb desktop_text_alignment=\u00a0\u00bbdefault\u00a0\u00bb tablet_text_alignment=\u00a0\u00bbdefault\u00a0\u00bb phone_text_alignment=\u00a0\u00bbdefault\u00a0\u00bb background_color_opacity=\u00a0\u00bb1&Prime; background_hover_color_opacity=\u00a0\u00bb1&Prime; column_backdrop_filter=\u00a0\u00bbnone\u00a0\u00bb column_shadow=\u00a0\u00bbnone\u00a0\u00bb column_border_radius=\u00a0\u00bbnone\u00a0\u00bb column_link_target=\u00a0\u00bb_self\u00a0\u00bb column_position=\u00a0\u00bbdefault\u00a0\u00bb gradient_direction=\u00a0\u00bbleft_to_right\u00a0\u00bb overlay_strength=\u00a0\u00bb0.3&Prime; width=\u00a0\u00bb1\/1&Prime; tablet_width_inherit=\u00a0\u00bbdefault\u00a0\u00bb animation_type=\u00a0\u00bbdefault\u00a0\u00bb bg_image_animation=\u00a0\u00bbnone\u00a0\u00bb border_type=\u00a0\u00bbsimple\u00a0\u00bb column_border_width=\u00a0\u00bbnone\u00a0\u00bb column_border_style=\u00a0\u00bbsolid\u00a0\u00bb][nectar_global_section id=\u00a0\u00bb1355&Prime;][\/vc_column][\/vc_row][vc_row type=\u00a0\u00bbin_container\u00a0\u00bb full_screen_row_position=\u00a0\u00bbmiddle\u00a0\u00bb column_margin=\u00a0\u00bbdefault\u00a0\u00bb column_direction=\u00a0\u00bbdefault\u00a0\u00bb column_direction_tablet=\u00a0\u00bbdefault\u00a0\u00bb column_direction_phone=\u00a0\u00bbdefault\u00a0\u00bb scene_position=\u00a0\u00bbcenter\u00a0\u00bb text_color=\u00a0\u00bbdark\u00a0\u00bb text_align=\u00a0\u00bbleft\u00a0\u00bb row_border_radius=\u00a0\u00bbnone\u00a0\u00bb row_border_radius_applies=\u00a0\u00bbbg\u00a0\u00bb overflow=\u00a0\u00bbvisible\u00a0\u00bb overlay_strength=\u00a0\u00bb0.3&Prime; gradient_direction=\u00a0\u00bbleft_to_right\u00a0\u00bb shape_divider_position=\u00a0\u00bbbottom\u00a0\u00bb bg_image_animation=\u00a0\u00bbnone\u00a0\u00bb][vc_column column_padding=\u00a0\u00bbno-extra-padding\u00a0\u00bb column_padding_tablet=\u00a0\u00bbinherit\u00a0\u00bb column_padding_phone=\u00a0\u00bbinherit\u00a0\u00bb column_padding_position=\u00a0\u00bball\u00a0\u00bb column_element_direction_desktop=\u00a0\u00bbdefault\u00a0\u00bb column_element_spacing=\u00a0\u00bbdefault\u00a0\u00bb desktop_text_alignment=\u00a0\u00bbdefault\u00a0\u00bb tablet_text_alignment=\u00a0\u00bbdefault\u00a0\u00bb phone_text_alignment=\u00a0\u00bbdefault\u00a0\u00bb background_color_opacity=\u00a0\u00bb1&Prime; background_hover_color_opacity=\u00a0\u00bb1&Prime; column_backdrop_filter=\u00a0\u00bbnone\u00a0\u00bb column_shadow=\u00a0\u00bbnone\u00a0\u00bb column_border_radius=\u00a0\u00bbnone\u00a0\u00bb column_link_target=\u00a0\u00bb_self\u00a0\u00bb column_position=\u00a0\u00bbdefault\u00a0\u00bb gradient_direction=\u00a0\u00bbleft_to_right\u00a0\u00bb overlay_strength=\u00a0\u00bb0.3&Prime; width=\u00a0\u00bb1\/1&Prime; tablet_width_inherit=\u00a0\u00bbdefault\u00a0\u00bb animation_type=\u00a0\u00bbdefault\u00a0\u00bb bg_image_animation=\u00a0\u00bbnone\u00a0\u00bb border_type=\u00a0\u00bbsimple\u00a0\u00bb column_border_width=\u00a0\u00bbnone\u00a0\u00bb column_border_style=\u00a0\u00bbsolid\u00a0\u00bb][vc_column_text]La Consultation populaire sur l\u2019IA est lanc\u00e9e aujourd\u2019hui, une initiative collaborative de la soci\u00e9t\u00e9 civile cr\u00e9\u00e9e en r\u00e9ponse \u00e0 l\u2019\u00e9chec du gouvernement f\u00e9d\u00e9ral \u00e0 fournir un processus de consultation significatif lors de l\u2019\u00e9laboration d\u2019une strat\u00e9gie nationale d\u2019IA en octobre 2025.<\/p>\n<p>En 2025, le gouvernement a rapidement constitu\u00e9 un groupe de travail pour \u00e9laborer sa strat\u00e9gie nationale sur l\u2019IA. Elle \u00e9tait <a href=\"https:\/\/teresascassa.substack.com\/p\/consultation-on-canadas-new-ai-strategy\">fortement orient\u00e9e vers l\u2019industrie, avec tr\u00e8s peu de participants<\/a> capables de s\u2019exprimer sur les <a href=\"https:\/\/www.theglobeandmail.com\/opinion\/article-canadas-new-minister-of-ai-must-not-be-naive-to-its-harms\/\">implications<\/a> \u00e9thiques, sociales et politiques plus larges de la technologie. <\/p>\n<p>Une consultation publique qui l\u2019accompagnait n\u2019a permis que 30 jours de r\u00e9troaction, <a href=\"https:\/\/cupe.ca\/cupe-criticizes-federal-ai-consultation-process\">emp\u00eachant les personnes les plus touch\u00e9es par l\u2019IA de participer efficacement<\/a>. Les questions du sondage de consultation du gouvernement ont privil\u00e9gi\u00e9 les b\u00e9n\u00e9fices \u00e9conomiques au d\u00e9triment des nombreux <a href=\"https:\/\/openmedia.org\/article\/item\/openmedia-survey-canadians-want-proactive-ai-rules-for-rights-privacy-and-sustainability\">impacts n\u00e9gatifs<\/a> de l\u2019IA, et les r\u00e9ponses sont <a href=\"https:\/\/www.thecanadianpressnews.ca\/national\/ottawa-using-ai-to-review-public-comments-on-its-national-ai-strategy\/article_b1d739c4-4a49-5836-870b-7e245ff0119d.html\">maintenant \u00e9valu\u00e9es par l\u2019IA plut\u00f4t que par les responsables publics<\/a>. <\/p>\n<p>Ces lacunes et d\u2019autres ont \u00e9t\u00e9 d\u00e9taill\u00e9es dans une <a href=\"https:\/\/bccla.org\/policy-submission\/open-letter-to-the-minister-of-artificial-intelligence-and-digital-innovation-from-civil-society-organizations-and-individuals-opposing-national-sprint-consultation-on-ai-strategy\/\">lettre ouverte<\/a> sign\u00e9e par plus de 160 organisations de la soci\u00e9t\u00e9 civile et experts en octobre 2025, protestant contre le \u00ab sprint national \u00bb du gouvernement sur l\u2019IA et documentant les nombreux impacts n\u00e9gatifs d\u00e9j\u00e0 en cours alors que les technologies d\u2019IA s\u2019implantent dans tous les aspects de la soci\u00e9t\u00e9 canadienne.<\/p>\n<p>La Consultation populaire sur l\u2019IA offre une alternative significative. \u00c0 partir d\u2019aujourd\u2019hui, les groupes d\u2019int\u00e9r\u00eat public, les universitaires, les communaut\u00e9s touch\u00e9es et les personnes \u00e0 travers le Canada ont une occasion significative de s\u2019exprimer sur la question de savoir si \u2013 et comment \u2013 l\u2019IA devrait \u00eatre adopt\u00e9e et gouvern\u00e9e au Canada. <\/p>\n<p>Con\u00e7ue pour une large participation, la Consultation populaire sur l\u2019IA accueille tout, des r\u00e9sultats des discussions de quartier sur les impacts quotidiens de l\u2019IA \u00e0 des analyses approfondies d\u2019experts. Le site web de la consultation fournit des ressources sur les implications actuelles de l\u2019IA ainsi que des guides g\u00e9n\u00e9raux et des outils de facilitation communautaire pour aider les gens \u00e0 r\u00e9diger leurs soumissions de fa\u00e7on collaborative. <\/p>\n<p>Les soumissions seront publi\u00e9es sur le site de consultation, partag\u00e9es avec le gouvernement f\u00e9d\u00e9ral et soutiendront les efforts de la soci\u00e9t\u00e9 civile pour \u00e9laborer une r\u00e9ponse globale aux menaces pos\u00e9es par l\u2019IA.<\/p>\n<p>La Consultation populaire sur l\u2019IA acceptera les soumissions jusqu\u2019au 15 mars 2026.<\/p>\n<p>Participez \u00e0 la consultation ici :<br \/>\n anglais <a href=\"https:\/\/www.peoplesaiconsultation.ca\/\">: https:\/\/www.peoplesaiconsultation.ca\/<\/a><br \/>\n fran\u00e7ais : <a href=\"https:\/\/can01.safelinks.protection.outlook.com\/?url=https%3A%2F%2Fwww.consultationpopulairesurlia.ca%2F&amp;data=05%7C02%7Ctisrael%40ccla.org%7C6a0cd0658674400b096908de579ddcec%7Cf322bdf9b94246eeacff4dc5ff081187%7C1%7C0%7C639044532714468509%7CUnknown%7CTWFpbGZsb3d8eyJFbXB0eU1hcGkiOnRydWUsIlYiOiIwLjAuMDAwMCIsIlAiOiJXaW4zMiIsIkFOIjoiTWFpbCIsIldUIjoyfQ%3D%3D%7C0%7C%7C%7C&amp;sdata=PxgUDOa5IYDig1U%2B2QK%2FMnxwt3XqbZOsPAuNeOxeuPo%3D&amp;reserved=0\">https:\/\/www.consultationpopulairesurlia.ca\/<\/a><\/p>\n<p><strong>Citations s\u00e9lectionn\u00e9es :<br \/>\n<\/strong><em>Les citations repr\u00e9sentent les points de vue des individus ou organisations cit\u00e9s<\/em><\/p>\n<p>\u00ab Le gouvernement canadien pousse fortement l\u2019IA comme un avantage pour notre \u00e9conomie. Elle cherche notre confiance, mais ne parvient pas \u00e0 d\u00e9fendre les avantages de l\u2019IA. Elle \u00e9vite de s\u2019attaquer aux nombreux pi\u00e8ges s\u00e9rieux, surtout de l\u2019IA g\u00e9n\u00e9rative, et ne fait que des efforts symboliques pour impliquer les Canadiens de mani\u00e8re large dans ce d\u00e9bat politique important. La Consultation populaire sur l\u2019IA, en offrant aux Canadiens une base plus ouverte, inclusive et inform\u00e9e pour exprimer leurs opinions, offre une correction puissante. Le gouvernement devrait tenir compte des r\u00e9sultats \u00e0 venir. \u00bb<br \/>\n<strong>  \u2013 Andrew Clement, professeur \u00e9m\u00e9rite, Universit\u00e9 de Toronto<\/strong><\/p>\n<p>\u00ab Les dommages collat\u00e9raux autour de la ru\u00e9e \u00e9bri\u00e9e \u00e0 adopter l\u2019IA se mesurent \u00e0 des travailleurs licenci\u00e9s, \u00e0 des campagnes d\u2019op\u00e9rations psychologiques au service d\u2019oligarques et autocrates corrompus, \u00e0 des femmes et des minorit\u00e9s vuln\u00e9rables intimid\u00e9es au silence par des hordes de deepfakes, et par des suicides d\u2019adolescents. Il est totalement inacceptable de permettre aux plateformes technologiques d\u2019exp\u00e9rimenter sur des milliards de personnes \u00e0 des fins priv\u00e9es sans aucune restriction significative. Nous avons un besoin urgent d\u2019exigences obligatoires en mati\u00e8re de transparence, d\u2019audits ind\u00e9pendants des plateformes d\u2019IA, et de lois plus strictes sur la vie priv\u00e9e et la protection des consommateurs. \u00bb<br \/>\n<b>\u2013 Ronald J. Deibert, OC, OO, professeur de science politique et directeur, CitizenLab, The Munk School, Universit\u00e9 de Toronto<\/b><\/p>\n<p>\u00ab La pr\u00e9cipitation du gouvernement \u00e0 automatiser les services avec une IA non r\u00e9glement\u00e9e pourrait renforcer les biais syst\u00e9miques, nuisant de mani\u00e8re disproportionn\u00e9e aux Canadiens vuln\u00e9rables. Les r\u00e9fugi\u00e9s et les immigrants font face au risque le plus grave d\u2019\u00eatre laiss\u00e9s pour compte, potentiellement plong\u00e9s dans une pr\u00e9carit\u00e9 plus profonde par des syst\u00e8mes algorithmiques. \u00bb<br \/>\n<strong>\u2013 Debbie Douglas, directrice g\u00e9n\u00e9rale, OCASI &#8211; Conseil des agences de l\u2019Ontario au service des immigrants<\/strong><\/p>\n<p>\u00ab Nous esp\u00e9rons que cet exercice de consultation permettra de montrer que l\u2019innovation sociale en mati\u00e8re d\u2019IA est aussi compatible avec des valeurs d\u2019inclusion et de justice sociale. L\u2019inclusion de la perspective des personnes citoyennes et plus largement celle de la soci\u00e9t\u00e9 civile dans la gouvernance de l\u2019IA est essentielle pour s\u2019assurer que nous d\u00e9veloppions, au Canada, des syst\u00e8mes d\u2019IA qui r\u00e9pondent aux besoins de la population dans sa globalit\u00e9 et diversit\u00e9. \u00bb<br \/>\n<strong>\u2013 Karine Gentelet, Professeure titulaire, Universit\u00e9 du Qu\u00e9bec en Outaouais et directrice scientifique Collaboration avec la soci\u00e9t\u00e9 civile Obvia<\/strong><\/p>\n<p>\u00ab Le Canada ne peut pas revendiquer le leadership de l\u2019IA tout en marginalisant les communaut\u00e9s d\u00e9j\u00e0 affect\u00e9es. De la discrimination automatis\u00e9e \u00e0 la violence bas\u00e9e sur le genre facilit\u00e9e par la technologie, l\u2019IA amplifie les dommages structurels, et ceux qui sont les plus touch\u00e9s doivent \u00eatre au c\u0153ur de la construction de l\u2019avenir de l\u2019IA au Canada. \u00bb<br \/>\n<strong>\u2013 Meseret Haileyesus, PDG du Centre canadien pour l\u2019autonomisation des femmes (CCFWE)<\/strong><\/p>\n<p>\u00ab Nous avons besoin que les travailleurs et le public aient un vrai mot \u00e0 dire dans la d\u00e9finition d\u2019une vision publique de l\u2019IA au Canada. C\u2019est la seule fa\u00e7on de s\u2019assurer que l\u2019IA sert les travailleurs et les gens ordinaires, pas seulement les grandes entreprises technologiques. Le CUPE appelle \u00e0 des lois et r\u00e8glements stricts pour prot\u00e9ger les travailleurs, le public et l\u2019environnement. \u00bb<br \/>\n<strong>\u2013 Mark Hancock, pr\u00e9sident national du CUPE<\/strong><\/p>\n<p>\u00ab Dans sa course pour faire du Canada un chef de file de l\u2019IA, notre gouvernement place les int\u00e9r\u00eats commerciaux avant de g\u00e9rer son impact sur les droits humains, l\u2019environnement et l\u2019int\u00e9grit\u00e9 d\u00e9mocratique. Pourtant, les sondages d\u2019opinion publique sont extr\u00eamement clairs : les Canadiens exigent une strat\u00e9gie d\u2019IA qui s\u2019attaque directement \u00e0 ces impacts n\u00e9gatifs, et non une strat\u00e9gie qui les traite comme une pens\u00e9e secondaire. \u00bb<br \/>\n<strong>\u2013 Matt Hatfield, directeur ex\u00e9cutif, OpenMedia<\/strong><\/p>\n<p>\u00ab L\u2019intelligence artificielle a eu des effets \u00e9tendus sur la soci\u00e9t\u00e9 et continuera d\u2019en avoir pour un avenir pr\u00e9visible. Il est imp\u00e9ratif que nous att\u00e9nuions les pr\u00e9judices potentiels de l\u2019IA sur le peuple canadien et ses institutions d\u00e9mocratiques. \u00bb<br \/>\n<strong>\u2013 Khasir Hean, co-organisateur, Technologues pour la d\u00e9mocratie<\/strong><\/p>\n<p>\u00ab L\u2019IA est adopt\u00e9e avec un inqui\u00e9tant m\u00e9pris pour les impacts n\u00e9gatifs qu\u2019elle a sur nos vies \u2013 des impacts qui pesent surtout sur des groupes d\u00e9j\u00e0 pr\u00e9caires. Alors que l\u2019IA transforme notre fa\u00e7on de travailler, d\u2019apprendre, d\u2019interagir entre nous et de nous surveiller par l\u2019\u00c9tat, il est imp\u00e9ratif que le Canada adopte une strat\u00e9gie \u00e9clair\u00e9e pour g\u00e9rer cette technologie. \u00bb<br \/>\n<strong>\u2013 Tamir Israel, directeur, Programme de la vie priv\u00e9e, de la surveillance et de la technologie, Association canadienne des libert\u00e9s civiles<\/strong><\/p>\n<p>\u00ab Les partisans des technologies nouvelles c\u00e9l\u00e8brent la rapidit\u00e9 \u00e0 adopter le changement sans se soucier des cons\u00e9quences, mais c\u2019est une approche catastrophique de la l\u00e9gislation. Le gouvernement met en p\u00e9ril nos droits fondamentaux \u2014 y compris l\u2019\u00e9galit\u00e9 et la vie priv\u00e9e, essentiels \u00e0 une soci\u00e9t\u00e9 libre et d\u00e9mocratique \u2014 lorsqu\u2019il permet que le d\u00e9veloppement de la r\u00e9glementation de l\u2019IA soit pr\u00e9cipit\u00e9 ou domin\u00e9 par les int\u00e9r\u00eats de l\u2019industrie. \u00bb<br \/>\n<strong>\u2013 Aislin Jackson, conseill\u00e8re juridique du personnel politique, Association des libert\u00e9s civiles de la Colombie-Britannique<\/strong><\/p>\n<p>\u00ab L\u2019approche du gouvernement f\u00e9d\u00e9ral envers une \u00ab&nbsp;strat\u00e9gie&nbsp;\u00bb nationale d\u2019IA ressemble \u00e0 une parodie du promoteur de l\u2019IA, leur consultation pr\u00e9tendue n\u2019\u00e9tant qu\u2019une mince fa\u00e7ade pour fabriquer un consentement l\u00e0 o\u00f9 ils savent qu\u2019il n\u2019y en a pas. C\u2019est une gifle \u00e0 chaque communaut\u00e9 historiquement marginalis\u00e9e et \u00e0 chaque personne vuln\u00e9rable qui a d\u00e9j\u00e0 \u00e9t\u00e9 l\u00e9s\u00e9e par la n\u00e9gligence et l\u2019arrogance de barons de la technologie voleurs qui privil\u00e9gient les profits plut\u00f4t que les gens et l\u2019ego plut\u00f4t que l\u2019\u00e9thique. Si nous avons appris une chose \u00e0 maintes reprises des cons\u00e9quences en cascade et discriminatoires caus\u00e9es par tant de cycles de battage m\u00e9diatique technologique \u2014 que ce soit le big data, les m\u00e9dias sociaux, la prise de d\u00e9cision algorithmique ou la genAI \u2014 c\u2019est que ceux qui sont les plus touch\u00e9s voient souvent l\u2019avenir en premier, mais sont les derniers \u00e0 \u00eatre entendus. Cette initiative collective est une tentative d\u2019\u00e9loigner le Canada de refaire cette grave erreur. \u00bb<br \/>\n<strong>\u2013<\/strong> <strong>Cynthia Khoo, chercheuse principale, Citizen Lab; avocate en technologie et droits de la personne<\/strong><\/p>\n<p>\u00ab L\u2019adoption irresponsable des syst\u00e8mes d\u2019IA mine d\u00e9j\u00e0 l\u2019\u00e9galit\u00e9 substantielle dans notre vie quotidienne. Nous avons besoin de contr\u00f4les r\u00e9glementaires qui mettent au centre les droits humains et l\u2019\u00e9galit\u00e9 substantielle pour att\u00e9nuer les profonds pr\u00e9judices de cette technologie, mais le gouvernement \u00e9labore une strat\u00e9gie nationale sur l\u2019IA sans entendre ceux qui seront les plus touch\u00e9s. \u00bb<br \/>\n<strong>\u2013 Rosel Kim, avocate principale, Women\u2019s Legal Education and Action Fund (LEAF)<\/strong><\/p>\n<p>\u00ab La v\u00e9ritable menace existentielle de l\u2019IA est pour la d\u00e9mocratie elle-m\u00eame. Le gouvernement doit prendre au s\u00e9rieux la participation publique \u00e0 la gouvernance de l\u2019IA, sinon il perdra compl\u00e8tement sa l\u00e9gitimit\u00e9 \u00e0 gouverner. La volont\u00e9 d\u2019adopter l\u2019IA avant tout risque d\u2019ignorer les innombrables voix qui r\u00e9clament une IA qui fonctionne pour les gens, pas pour le profit \u00bb<br \/>\n<strong>\u2013 Fenwick McKelvey, professeur agr\u00e9g\u00e9, Universit\u00e9 Concordia<\/strong><\/p>\n<p>\u00ab Les forces de l\u2019ordre et les agences de s\u00e9curit\u00e9 s\u2019appuient de plus en plus sur des outils d\u2019IA pour renforcer la surveillance, dans le but d\u2019\u00e9valuer les situations en temps r\u00e9el et m\u00eame de pr\u00e9tendre pr\u00e9dire les comportements futurs. Trop souvent, ces outils d\u2019IA sont biais\u00e9s et leur adoption non r\u00e9glement\u00e9e continuera d\u2019avoir des impacts d\u00e9vastateurs sur les gens. Il est imp\u00e9ratif que les communaut\u00e9s touch\u00e9es par ces technologies aient l\u2019occasion de se prononcer sur leurs impacts et les garanties possibles \u2013 et que le gouvernement canadien \u00e9coute ce qu\u2019ils ont \u00e0 dire. \u00bb<br \/>\n<strong>\u2013 Tim McSorley, coordonnateur national, Groupe international de surveillance des libert\u00e9s civiles<\/strong><\/p>\n<p>\u00ab Adopter le battage m\u00e9diatique de l\u2019IA ne nous aidera pas \u00e0 b\u00e2tir un avenir meilleur. Nous pouvons b\u00e2tir une voie meilleure et unique au Canada en prenant au s\u00e9rieux les pr\u00e9occupations tr\u00e8s r\u00e9elles de tous au Canada concernant l\u2019IA, en nous engageant dans des consultations significatives, en assurant des droits de refus et en d\u00e9veloppant des protections solides et ex\u00e9cutoires qui privil\u00e9gient le bien-\u00eatre des gens et de l\u2019environnement au d\u00e9triment des int\u00e9r\u00eats des grandes entreprises technologiques qui causent tant de tort. \u00bb<br \/>\n<strong>\u2013 Joanna Redden, codirectrice du Starling Centre<\/strong><\/p>\n<p>\u00ab Consulter la population quant aux enjeux de l\u2019automatisation et du d\u00e9ploiement de l\u2019intelligence artificielle ne que difficilement \u00eatre trait\u00e9 automatiquement \u00e0 l\u2019aide d\u2019outils d\u2019IA. La d\u00e9marche actuelle du gouvernement souffre d\u2019un important d\u00e9ficit de l\u00e9gitimit\u00e9. Il est temps que la soci\u00e9t\u00e9 civile se prenne en main et se fasse entendre. \u00bb<br \/>\n<strong>\u2013 Jonathan Roberge, Professeur-chercheur titulaire, Chaire de recherche du Qu\u00e9bec sur l\u2019intelligence artificielle et le num\u00e9rique francophones (IANF), IRNS<\/strong><\/p>\n<p>\u00ab L\u2019apprentissage, le d\u00e9veloppement et la croissance des \u00e9tudiants sont dict\u00e9s par une poign\u00e9e d\u2019entreprises technologiques obs\u00e9d\u00e9es par les tendances et ax\u00e9es sur le profit, dont l\u2019int\u00e9r\u00eat est leur rentabilit\u00e9 plut\u00f4t que le bien-\u00eatre des \u00e9tudiants. Les preuves croissantes des impacts n\u00e9gatifs de l\u2019IA g\u00e9n\u00e9rative sur les comp\u00e9tences de pens\u00e9e critique des \u00e9tudiants ainsi que sur leur bien-\u00eatre social, culturel et psychologique devraient \u00e9veiller de grandes alarmes contre cette int\u00e9gration non critique et non consensuelle. Pendant ce temps, le gouvernement investit dans l\u2019IA g\u00e9n\u00e9rative qui sape la main-d\u2019\u0153uvre et les conditions de travail des \u00e9ducateurs, gaspillant des ressources mieux utilis\u00e9es pour r\u00e9soudre de vrais enjeux en \u00e9ducation. La Consultation populaire sur l\u2019IA est une \u00e9tape essentielle pour contrer et assurer que l\u2019avenir des centres d\u2019\u00e9ducation canadiens r\u00e9ponde aux vrais besoins des \u00e9ducateurs et des \u00e9l\u00e8ves. \u00bb<br \/>\n<strong>\u2013 sava saheli singh, professeure adjointe de futurs num\u00e9riques en \u00e9ducation, Universit\u00e9 York<\/strong><\/p>\n<p><span style=\"font-weight: 400;\">\u00ab La politique de l\u2019IA ne peut pas \u00eatre laiss\u00e9e aux industries qui en profitent. BC Policy Solutions appuie la Consultation populaire parce que nous avons besoin d\u2019un cadre de gouvernance de l\u2019IA fond\u00e9 sur la justice \u00e9conomique \u2014 un cadre qui prot\u00e8ge les travailleurs et l\u2019environnement, r\u00e9cup\u00e8re l\u2019infrastructure de donn\u00e9es publiques et garantit que l\u2019IA r\u00e9pond aux besoins sociaux collectifs plut\u00f4t qu\u2019\u00e0 un simple oligopole priv\u00e9. \u00bb  <\/span><span style=\"font-weight: 400;\"><br \/>\n<\/span><b>\u2013 <\/b><b>V\u00e9ronique Sioufi, chercheuse en \u00e9quit\u00e9 raciale, BC Policy Solutions<\/b><\/p>\n<p>\u00ab Les pr\u00e9occupations exprim\u00e9es par la soci\u00e9t\u00e9 civile et par les groupes les plus touch\u00e9s par l\u2019IA, au Canada comme ailleurs, doivent \u00eatre entendues par le gouvernement et faire l\u2019objet d\u2019une prise en consid\u00e9ration s\u00e9rieuse. Toute l\u2019infrastructure qui sous-tend l\u2019IA au Canada, dans le cadre du virage vers la souverainet\u00e9 num\u00e9rique (donn\u00e9es, centres de donn\u00e9es, etc.), a des implications \u00e9thiques, budg\u00e9taires, sociales et environnementales qui doivent \u00eatre d\u00e9battues en soci\u00e9t\u00e9. Dans un contexte d\u2019urgence climatique, l\u2019IA se caract\u00e9rise par un impact environnemental consid\u00e9rable, reposant sur une extraction massive de ressources min\u00e9rales ainsi que sur une consommation importante d\u2019eau et d\u2019\u00e9lectricit\u00e9 pour faire fonctionner les centres de donn\u00e9es. L\u2019IA canadienne ne peut pr\u00e9tendre \u00e0 la souverainet\u00e9 sans la participation et l\u2019implication d\u00e9mocratique de sa soci\u00e9t\u00e9 civile dans les d\u00e9cisions qui la concernent, ni sans la possibilit\u00e9 pour celle-ci d\u2019exprimer un refus.&nbsp;\u00bb<br \/>\n<strong>\u2013 Sophie Toupin, professeure adjointe, Universit\u00e9 Laval<\/strong>[\/vc_column_text][\/vc_column][\/vc_row][vc_row type=\u00a0\u00bbin_container\u00a0\u00bb full_screen_row_position=\u00a0\u00bbmiddle\u00a0\u00bb column_margin=\u00a0\u00bbdefault\u00a0\u00bb column_direction=\u00a0\u00bbdefault\u00a0\u00bb column_direction_tablet=\u00a0\u00bbdefault\u00a0\u00bb column_direction_phone=\u00a0\u00bbdefault\u00a0\u00bb scene_position=\u00a0\u00bbcenter\u00a0\u00bb text_color=\u00a0\u00bbdark\u00a0\u00bb text_align=\u00a0\u00bbleft\u00a0\u00bb row_border_radius=\u00a0\u00bbnone\u00a0\u00bb row_border_radius_applies=\u00a0\u00bbbg\u00a0\u00bb overflow=\u00a0\u00bbvisible\u00a0\u00bb overlay_strength=\u00a0\u00bb0.3&Prime; gradient_direction=\u00a0\u00bbleft_to_right\u00a0\u00bb shape_divider_position=\u00a0\u00bbbottom\u00a0\u00bb bg_image_animation=\u00a0\u00bbnone\u00a0\u00bb][vc_column column_padding=\u00a0\u00bbno-extra-padding\u00a0\u00bb column_padding_tablet=\u00a0\u00bbinherit\u00a0\u00bb column_padding_phone=\u00a0\u00bbinherit\u00a0\u00bb column_padding_position=\u00a0\u00bball\u00a0\u00bb column_element_direction_desktop=\u00a0\u00bbdefault\u00a0\u00bb column_element_spacing=\u00a0\u00bbdefault\u00a0\u00bb desktop_text_alignment=\u00a0\u00bbdefault\u00a0\u00bb tablet_text_alignment=\u00a0\u00bbdefault\u00a0\u00bb phone_text_alignment=\u00a0\u00bbdefault\u00a0\u00bb background_color_opacity=\u00a0\u00bb1&Prime; background_hover_color_opacity=\u00a0\u00bb1&Prime; column_backdrop_filter=\u00a0\u00bbnone\u00a0\u00bb column_shadow=\u00a0\u00bbnone\u00a0\u00bb column_border_radius=\u00a0\u00bbnone\u00a0\u00bb column_link_target=\u00a0\u00bb_self\u00a0\u00bb column_position=\u00a0\u00bbdefault\u00a0\u00bb gradient_direction=\u00a0\u00bbleft_to_right\u00a0\u00bb overlay_strength=\u00a0\u00bb0.3&Prime; width=\u00a0\u00bb1\/1&Prime; tablet_width_inherit=\u00a0\u00bbdefault\u00a0\u00bb animation_type=\u00a0\u00bbdefault\u00a0\u00bb bg_image_animation=\u00a0\u00bbnone\u00a0\u00bb border_type=\u00a0\u00bbsimple\u00a0\u00bb column_border_width=\u00a0\u00bbnone\u00a0\u00bb column_border_style=\u00a0\u00bbsolid\u00a0\u00bb][nectar_global_section id=\u00a0\u00bb1461&Prime;][\/vc_column][\/vc_row]\n","protected":false},"excerpt":{"rendered":"<p>[vc_row type=\u00a0\u00bbin_container\u00a0\u00bb full_screen_row_position=\u00a0\u00bbmiddle\u00a0\u00bb column_margin=\u00a0\u00bbdefault\u00a0\u00bb column_direction=\u00a0\u00bbdefault\u00a0\u00bb column_direction_tablet=\u00a0\u00bbdefault\u00a0\u00bb column_direction_phone=\u00a0\u00bbdefault\u00a0\u00bb scene_position=\u00a0\u00bbcenter\u00a0\u00bb text_color=\u00a0\u00bbdark\u00a0\u00bb text_align=\u00a0\u00bbleft\u00a0\u00bb row_border_radius=\u00a0\u00bbnone\u00a0\u00bb row_border_radius_applies=\u00a0\u00bbbg\u00a0\u00bb overflow=\u00a0\u00bbvisible\u00a0\u00bb overlay_strength=\u00a0\u00bb0.3&Prime; gradient_direction=\u00a0\u00bbleft_to_right\u00a0\u00bb shape_divider_position=\u00a0\u00bbbottom\u00a0\u00bb bg_image_animation=\u00a0\u00bbnone\u00a0\u00bb][vc_column column_padding=\u00a0\u00bbno-extra-padding\u00a0\u00bb column_padding_tablet=\u00a0\u00bbinherit\u00a0\u00bb column_padding_phone=\u00a0\u00bbinherit\u00a0\u00bb column_padding_position=\u00a0\u00bball\u00a0\u00bb column_element_direction_desktop=\u00a0\u00bbdefault\u00a0\u00bb column_element_spacing=\u00a0\u00bbdefault\u00a0\u00bb desktop_text_alignment=\u00a0\u00bbdefault\u00a0\u00bb tablet_text_alignment=\u00a0\u00bbdefault\u00a0\u00bb phone_text_alignment=\u00a0\u00bbdefault\u00a0\u00bb background_color_opacity=\u00a0\u00bb1&Prime; background_hover_color_opacity=\u00a0\u00bb1&Prime; column_backdrop_filter=\u00a0\u00bbnone\u00a0\u00bb column_shadow=\u00a0\u00bbnone\u00a0\u00bb&#8230;<\/p>\n","protected":false},"author":27,"featured_media":12339,"comment_status":"closed","ping_status":"closed","sticky":false,"template":"","format":"standard","meta":{"footnotes":""},"categories":[268,281,317,277],"tags":[],"class_list":{"0":"post-17014","1":"post","2":"type-post","3":"status-publish","4":"format-standard","5":"has-post-thumbnail","7":"category-communiques-de-presse","8":"category-intelligence-artificielle","9":"category-surveillance-et-technologie","10":"category-vie-privee"},"yoast_head":"<!-- This site is optimized with the Yoast SEO plugin v27.4 - https:\/\/yoast.com\/product\/yoast-seo-wordpress\/ -->\n<title>Initiative de la soci\u00e9t\u00e9 civile lance une consultation publique sur l\u2019IA - CCLA<\/title>\n<meta name=\"description\" content=\"La CCLA se joint \u00e0 des groupes de la soci\u00e9t\u00e9 civile et des experts pour annoncer la Consultation populaire sur l\u2019IA, une consultation publique visant \u00e0 \u00e9clairer l\u2019approche du Canada en mati\u00e8re d\u2019IA.\" \/>\n<meta name=\"robots\" content=\"noindex, follow, max-snippet:-1, max-image-preview:large, max-video-preview:-1\" \/>\n<meta property=\"og:locale\" content=\"fr_CA\" \/>\n<meta property=\"og:type\" content=\"article\" \/>\n<meta property=\"og:title\" content=\"Initiative de la soci\u00e9t\u00e9 civile lance une consultation publique sur l\u2019IA - CCLA\" \/>\n<meta property=\"og:description\" content=\"La CCLA se joint \u00e0 des groupes de la soci\u00e9t\u00e9 civile et des experts pour annoncer la Consultation populaire sur l\u2019IA, une consultation publique visant \u00e0 \u00e9clairer l\u2019approche du Canada en mati\u00e8re d\u2019IA.\" \/>\n<meta property=\"og:url\" content=\"https:\/\/dev.ccla.org\/fr\/communiques-de-presse\/initiative-de-la-societe-civile-lance-une-consultation-publique-sur-lia\/\" \/>\n<meta property=\"og:site_name\" content=\"CCLA\" \/>\n<meta property=\"article:published_time\" content=\"2026-01-21T09:32:54+00:00\" \/>\n<meta property=\"article:modified_time\" content=\"2026-04-28T14:04:38+00:00\" \/>\n<meta property=\"og:image\" content=\"https:\/\/dev.ccla.org\/wp-content\/uploads\/2021\/05\/The-Latest_Microphone_1_2560x800.jpg\" \/>\n\t<meta property=\"og:image:width\" content=\"2560\" \/>\n\t<meta property=\"og:image:height\" content=\"800\" \/>\n\t<meta property=\"og:image:type\" content=\"image\/jpeg\" \/>\n<meta name=\"author\" content=\"Tamir\" \/>\n<meta name=\"twitter:card\" content=\"summary_large_image\" \/>\n<meta name=\"twitter:label1\" content=\"\u00c9crit par\" \/>\n\t<meta name=\"twitter:data1\" content=\"Tamir\" \/>\n\t<meta name=\"twitter:label2\" content=\"Estimation du temps de lecture\" \/>\n\t<meta name=\"twitter:data2\" content=\"15 minutes\" \/>\n<script type=\"application\/ld+json\" class=\"yoast-schema-graph\">{\"@context\":\"https:\\\/\\\/schema.org\",\"@graph\":[{\"@type\":\"Article\",\"@id\":\"https:\\\/\\\/dev.ccla.org\\\/fr\\\/communiques-de-presse\\\/initiative-de-la-societe-civile-lance-une-consultation-publique-sur-lia\\\/#article\",\"isPartOf\":{\"@id\":\"https:\\\/\\\/dev.ccla.org\\\/fr\\\/communiques-de-presse\\\/initiative-de-la-societe-civile-lance-une-consultation-publique-sur-lia\\\/\"},\"author\":{\"name\":\"Tamir\",\"@id\":\"https:\\\/\\\/dev.ccla.org\\\/fr\\\/#\\\/schema\\\/person\\\/21c1259868c5f1eb753e67c655c96f17\"},\"headline\":\"Initiative de la soci\u00e9t\u00e9 civile lance une consultation publique sur l\u2019IA\",\"datePublished\":\"2026-01-21T09:32:54+00:00\",\"dateModified\":\"2026-04-28T14:04:38+00:00\",\"mainEntityOfPage\":{\"@id\":\"https:\\\/\\\/dev.ccla.org\\\/fr\\\/communiques-de-presse\\\/initiative-de-la-societe-civile-lance-une-consultation-publique-sur-lia\\\/\"},\"wordCount\":2981,\"image\":{\"@id\":\"https:\\\/\\\/dev.ccla.org\\\/fr\\\/communiques-de-presse\\\/initiative-de-la-societe-civile-lance-une-consultation-publique-sur-lia\\\/#primaryimage\"},\"thumbnailUrl\":\"https:\\\/\\\/dev.ccla.org\\\/wp-content\\\/uploads\\\/2021\\\/05\\\/The-Latest_Microphone_1_2560x800.jpg\",\"articleSection\":[\"COMMUNIQU\u00c9S DE PRESSE\",\"Intelligence artificielle\",\"Surveillance et technologie\",\"VIE PRIV\u00c9E\"],\"inLanguage\":\"fr-CA\"},{\"@type\":\"WebPage\",\"@id\":\"https:\\\/\\\/dev.ccla.org\\\/fr\\\/communiques-de-presse\\\/initiative-de-la-societe-civile-lance-une-consultation-publique-sur-lia\\\/\",\"url\":\"https:\\\/\\\/dev.ccla.org\\\/fr\\\/communiques-de-presse\\\/initiative-de-la-societe-civile-lance-une-consultation-publique-sur-lia\\\/\",\"name\":\"Initiative de la soci\u00e9t\u00e9 civile lance une consultation publique sur l\u2019IA - CCLA\",\"isPartOf\":{\"@id\":\"https:\\\/\\\/dev.ccla.org\\\/fr\\\/#website\"},\"primaryImageOfPage\":{\"@id\":\"https:\\\/\\\/dev.ccla.org\\\/fr\\\/communiques-de-presse\\\/initiative-de-la-societe-civile-lance-une-consultation-publique-sur-lia\\\/#primaryimage\"},\"image\":{\"@id\":\"https:\\\/\\\/dev.ccla.org\\\/fr\\\/communiques-de-presse\\\/initiative-de-la-societe-civile-lance-une-consultation-publique-sur-lia\\\/#primaryimage\"},\"thumbnailUrl\":\"https:\\\/\\\/dev.ccla.org\\\/wp-content\\\/uploads\\\/2021\\\/05\\\/The-Latest_Microphone_1_2560x800.jpg\",\"datePublished\":\"2026-01-21T09:32:54+00:00\",\"dateModified\":\"2026-04-28T14:04:38+00:00\",\"author\":{\"@id\":\"https:\\\/\\\/dev.ccla.org\\\/fr\\\/#\\\/schema\\\/person\\\/21c1259868c5f1eb753e67c655c96f17\"},\"description\":\"La CCLA se joint \u00e0 des groupes de la soci\u00e9t\u00e9 civile et des experts pour annoncer la Consultation populaire sur l\u2019IA, une consultation publique visant \u00e0 \u00e9clairer l\u2019approche du Canada en mati\u00e8re d\u2019IA.\",\"breadcrumb\":{\"@id\":\"https:\\\/\\\/dev.ccla.org\\\/fr\\\/communiques-de-presse\\\/initiative-de-la-societe-civile-lance-une-consultation-publique-sur-lia\\\/#breadcrumb\"},\"inLanguage\":\"fr-CA\",\"potentialAction\":[{\"@type\":\"ReadAction\",\"target\":[\"https:\\\/\\\/dev.ccla.org\\\/fr\\\/communiques-de-presse\\\/initiative-de-la-societe-civile-lance-une-consultation-publique-sur-lia\\\/\"]}]},{\"@type\":\"ImageObject\",\"inLanguage\":\"fr-CA\",\"@id\":\"https:\\\/\\\/dev.ccla.org\\\/fr\\\/communiques-de-presse\\\/initiative-de-la-societe-civile-lance-une-consultation-publique-sur-lia\\\/#primaryimage\",\"url\":\"https:\\\/\\\/dev.ccla.org\\\/wp-content\\\/uploads\\\/2021\\\/05\\\/The-Latest_Microphone_1_2560x800.jpg\",\"contentUrl\":\"https:\\\/\\\/dev.ccla.org\\\/wp-content\\\/uploads\\\/2021\\\/05\\\/The-Latest_Microphone_1_2560x800.jpg\",\"width\":2560,\"height\":800},{\"@type\":\"BreadcrumbList\",\"@id\":\"https:\\\/\\\/dev.ccla.org\\\/fr\\\/communiques-de-presse\\\/initiative-de-la-societe-civile-lance-une-consultation-publique-sur-lia\\\/#breadcrumb\",\"itemListElement\":[{\"@type\":\"ListItem\",\"position\":1,\"name\":\"Home\",\"item\":\"https:\\\/\\\/dev.ccla.org\\\/fr\\\/accueil\\\/\"},{\"@type\":\"ListItem\",\"position\":2,\"name\":\"Non class\u00e9\",\"item\":\"https:\\\/\\\/dev.ccla.org\\\/fr\\\/category\\\/non-classe\\\/\"},{\"@type\":\"ListItem\",\"position\":3,\"name\":\"Initiative de la soci\u00e9t\u00e9 civile lance une consultation publique sur l\u2019IA\"}]},{\"@type\":\"WebSite\",\"@id\":\"https:\\\/\\\/dev.ccla.org\\\/fr\\\/#website\",\"url\":\"https:\\\/\\\/dev.ccla.org\\\/fr\\\/\",\"name\":\"CCLA\",\"description\":\"\",\"potentialAction\":[{\"@type\":\"SearchAction\",\"target\":{\"@type\":\"EntryPoint\",\"urlTemplate\":\"https:\\\/\\\/dev.ccla.org\\\/fr\\\/?s={search_term_string}\"},\"query-input\":{\"@type\":\"PropertyValueSpecification\",\"valueRequired\":true,\"valueName\":\"search_term_string\"}}],\"inLanguage\":\"fr-CA\"},{\"@type\":\"Person\",\"@id\":\"https:\\\/\\\/dev.ccla.org\\\/fr\\\/#\\\/schema\\\/person\\\/21c1259868c5f1eb753e67c655c96f17\",\"name\":\"Tamir\",\"image\":{\"@type\":\"ImageObject\",\"inLanguage\":\"fr-CA\",\"@id\":\"https:\\\/\\\/secure.gravatar.com\\\/avatar\\\/9f32ce4bd0a21b37c0a39bb84761babb8f49c1b328f7a6a8dc7b1513cf957ec0?s=96&d=blank&r=g\",\"url\":\"https:\\\/\\\/secure.gravatar.com\\\/avatar\\\/9f32ce4bd0a21b37c0a39bb84761babb8f49c1b328f7a6a8dc7b1513cf957ec0?s=96&d=blank&r=g\",\"contentUrl\":\"https:\\\/\\\/secure.gravatar.com\\\/avatar\\\/9f32ce4bd0a21b37c0a39bb84761babb8f49c1b328f7a6a8dc7b1513cf957ec0?s=96&d=blank&r=g\",\"caption\":\"Tamir\"},\"url\":\"https:\\\/\\\/dev.ccla.org\\\/fr\\\/author\\\/tamirisrael\\\/\"}]}<\/script>\n<!-- \/ Yoast SEO plugin. -->","yoast_head_json":{"title":"Initiative de la soci\u00e9t\u00e9 civile lance une consultation publique sur l\u2019IA - CCLA","description":"La CCLA se joint \u00e0 des groupes de la soci\u00e9t\u00e9 civile et des experts pour annoncer la Consultation populaire sur l\u2019IA, une consultation publique visant \u00e0 \u00e9clairer l\u2019approche du Canada en mati\u00e8re d\u2019IA.","robots":{"index":"noindex","follow":"follow","max-snippet":"max-snippet:-1","max-image-preview":"max-image-preview:large","max-video-preview":"max-video-preview:-1"},"og_locale":"fr_CA","og_type":"article","og_title":"Initiative de la soci\u00e9t\u00e9 civile lance une consultation publique sur l\u2019IA - CCLA","og_description":"La CCLA se joint \u00e0 des groupes de la soci\u00e9t\u00e9 civile et des experts pour annoncer la Consultation populaire sur l\u2019IA, une consultation publique visant \u00e0 \u00e9clairer l\u2019approche du Canada en mati\u00e8re d\u2019IA.","og_url":"https:\/\/dev.ccla.org\/fr\/communiques-de-presse\/initiative-de-la-societe-civile-lance-une-consultation-publique-sur-lia\/","og_site_name":"CCLA","article_published_time":"2026-01-21T09:32:54+00:00","article_modified_time":"2026-04-28T14:04:38+00:00","og_image":[{"width":2560,"height":800,"url":"https:\/\/dev.ccla.org\/wp-content\/uploads\/2021\/05\/The-Latest_Microphone_1_2560x800.jpg","type":"image\/jpeg"}],"author":"Tamir","twitter_card":"summary_large_image","twitter_misc":{"\u00c9crit par":"Tamir","Estimation du temps de lecture":"15 minutes"},"schema":{"@context":"https:\/\/schema.org","@graph":[{"@type":"Article","@id":"https:\/\/dev.ccla.org\/fr\/communiques-de-presse\/initiative-de-la-societe-civile-lance-une-consultation-publique-sur-lia\/#article","isPartOf":{"@id":"https:\/\/dev.ccla.org\/fr\/communiques-de-presse\/initiative-de-la-societe-civile-lance-une-consultation-publique-sur-lia\/"},"author":{"name":"Tamir","@id":"https:\/\/dev.ccla.org\/fr\/#\/schema\/person\/21c1259868c5f1eb753e67c655c96f17"},"headline":"Initiative de la soci\u00e9t\u00e9 civile lance une consultation publique sur l\u2019IA","datePublished":"2026-01-21T09:32:54+00:00","dateModified":"2026-04-28T14:04:38+00:00","mainEntityOfPage":{"@id":"https:\/\/dev.ccla.org\/fr\/communiques-de-presse\/initiative-de-la-societe-civile-lance-une-consultation-publique-sur-lia\/"},"wordCount":2981,"image":{"@id":"https:\/\/dev.ccla.org\/fr\/communiques-de-presse\/initiative-de-la-societe-civile-lance-une-consultation-publique-sur-lia\/#primaryimage"},"thumbnailUrl":"https:\/\/dev.ccla.org\/wp-content\/uploads\/2021\/05\/The-Latest_Microphone_1_2560x800.jpg","articleSection":["COMMUNIQU\u00c9S DE PRESSE","Intelligence artificielle","Surveillance et technologie","VIE PRIV\u00c9E"],"inLanguage":"fr-CA"},{"@type":"WebPage","@id":"https:\/\/dev.ccla.org\/fr\/communiques-de-presse\/initiative-de-la-societe-civile-lance-une-consultation-publique-sur-lia\/","url":"https:\/\/dev.ccla.org\/fr\/communiques-de-presse\/initiative-de-la-societe-civile-lance-une-consultation-publique-sur-lia\/","name":"Initiative de la soci\u00e9t\u00e9 civile lance une consultation publique sur l\u2019IA - CCLA","isPartOf":{"@id":"https:\/\/dev.ccla.org\/fr\/#website"},"primaryImageOfPage":{"@id":"https:\/\/dev.ccla.org\/fr\/communiques-de-presse\/initiative-de-la-societe-civile-lance-une-consultation-publique-sur-lia\/#primaryimage"},"image":{"@id":"https:\/\/dev.ccla.org\/fr\/communiques-de-presse\/initiative-de-la-societe-civile-lance-une-consultation-publique-sur-lia\/#primaryimage"},"thumbnailUrl":"https:\/\/dev.ccla.org\/wp-content\/uploads\/2021\/05\/The-Latest_Microphone_1_2560x800.jpg","datePublished":"2026-01-21T09:32:54+00:00","dateModified":"2026-04-28T14:04:38+00:00","author":{"@id":"https:\/\/dev.ccla.org\/fr\/#\/schema\/person\/21c1259868c5f1eb753e67c655c96f17"},"description":"La CCLA se joint \u00e0 des groupes de la soci\u00e9t\u00e9 civile et des experts pour annoncer la Consultation populaire sur l\u2019IA, une consultation publique visant \u00e0 \u00e9clairer l\u2019approche du Canada en mati\u00e8re d\u2019IA.","breadcrumb":{"@id":"https:\/\/dev.ccla.org\/fr\/communiques-de-presse\/initiative-de-la-societe-civile-lance-une-consultation-publique-sur-lia\/#breadcrumb"},"inLanguage":"fr-CA","potentialAction":[{"@type":"ReadAction","target":["https:\/\/dev.ccla.org\/fr\/communiques-de-presse\/initiative-de-la-societe-civile-lance-une-consultation-publique-sur-lia\/"]}]},{"@type":"ImageObject","inLanguage":"fr-CA","@id":"https:\/\/dev.ccla.org\/fr\/communiques-de-presse\/initiative-de-la-societe-civile-lance-une-consultation-publique-sur-lia\/#primaryimage","url":"https:\/\/dev.ccla.org\/wp-content\/uploads\/2021\/05\/The-Latest_Microphone_1_2560x800.jpg","contentUrl":"https:\/\/dev.ccla.org\/wp-content\/uploads\/2021\/05\/The-Latest_Microphone_1_2560x800.jpg","width":2560,"height":800},{"@type":"BreadcrumbList","@id":"https:\/\/dev.ccla.org\/fr\/communiques-de-presse\/initiative-de-la-societe-civile-lance-une-consultation-publique-sur-lia\/#breadcrumb","itemListElement":[{"@type":"ListItem","position":1,"name":"Home","item":"https:\/\/dev.ccla.org\/fr\/accueil\/"},{"@type":"ListItem","position":2,"name":"Non class\u00e9","item":"https:\/\/dev.ccla.org\/fr\/category\/non-classe\/"},{"@type":"ListItem","position":3,"name":"Initiative de la soci\u00e9t\u00e9 civile lance une consultation publique sur l\u2019IA"}]},{"@type":"WebSite","@id":"https:\/\/dev.ccla.org\/fr\/#website","url":"https:\/\/dev.ccla.org\/fr\/","name":"CCLA","description":"","potentialAction":[{"@type":"SearchAction","target":{"@type":"EntryPoint","urlTemplate":"https:\/\/dev.ccla.org\/fr\/?s={search_term_string}"},"query-input":{"@type":"PropertyValueSpecification","valueRequired":true,"valueName":"search_term_string"}}],"inLanguage":"fr-CA"},{"@type":"Person","@id":"https:\/\/dev.ccla.org\/fr\/#\/schema\/person\/21c1259868c5f1eb753e67c655c96f17","name":"Tamir","image":{"@type":"ImageObject","inLanguage":"fr-CA","@id":"https:\/\/secure.gravatar.com\/avatar\/9f32ce4bd0a21b37c0a39bb84761babb8f49c1b328f7a6a8dc7b1513cf957ec0?s=96&d=blank&r=g","url":"https:\/\/secure.gravatar.com\/avatar\/9f32ce4bd0a21b37c0a39bb84761babb8f49c1b328f7a6a8dc7b1513cf957ec0?s=96&d=blank&r=g","contentUrl":"https:\/\/secure.gravatar.com\/avatar\/9f32ce4bd0a21b37c0a39bb84761babb8f49c1b328f7a6a8dc7b1513cf957ec0?s=96&d=blank&r=g","caption":"Tamir"},"url":"https:\/\/dev.ccla.org\/fr\/author\/tamirisrael\/"}]}},"_links":{"self":[{"href":"https:\/\/dev.ccla.org\/fr\/wp-json\/wp\/v2\/posts\/17014","targetHints":{"allow":["GET"]}}],"collection":[{"href":"https:\/\/dev.ccla.org\/fr\/wp-json\/wp\/v2\/posts"}],"about":[{"href":"https:\/\/dev.ccla.org\/fr\/wp-json\/wp\/v2\/types\/post"}],"author":[{"embeddable":true,"href":"https:\/\/dev.ccla.org\/fr\/wp-json\/wp\/v2\/users\/27"}],"replies":[{"embeddable":true,"href":"https:\/\/dev.ccla.org\/fr\/wp-json\/wp\/v2\/comments?post=17014"}],"version-history":[{"count":2,"href":"https:\/\/dev.ccla.org\/fr\/wp-json\/wp\/v2\/posts\/17014\/revisions"}],"predecessor-version":[{"id":17016,"href":"https:\/\/dev.ccla.org\/fr\/wp-json\/wp\/v2\/posts\/17014\/revisions\/17016"}],"wp:featuredmedia":[{"embeddable":true,"href":"https:\/\/dev.ccla.org\/fr\/wp-json\/wp\/v2\/media\/12339"}],"wp:attachment":[{"href":"https:\/\/dev.ccla.org\/fr\/wp-json\/wp\/v2\/media?parent=17014"}],"wp:term":[{"taxonomy":"category","embeddable":true,"href":"https:\/\/dev.ccla.org\/fr\/wp-json\/wp\/v2\/categories?post=17014"},{"taxonomy":"post_tag","embeddable":true,"href":"https:\/\/dev.ccla.org\/fr\/wp-json\/wp\/v2\/tags?post=17014"}],"curies":[{"name":"wp","href":"https:\/\/api.w.org\/{rel}","templated":true}]}}