{"id":16917,"date":"2020-06-26T16:25:58","date_gmt":"2020-06-26T20:25:58","guid":{"rendered":"https:\/\/dev.ccla.org\/non-classe\/sur-les-masques-obligatoires\/"},"modified":"2026-04-23T14:44:54","modified_gmt":"2026-04-23T18:44:54","slug":"sur-les-masques-obligatoires","status":"publish","type":"post","link":"https:\/\/dev.ccla.org\/fr\/libertes-fondamentales\/sur-les-masques-obligatoires\/","title":{"rendered":"Sur les masques obligatoires"},"content":{"rendered":"[vc_row type=\u00a0\u00bbin_container\u00a0\u00bb full_screen_row_position=\u00a0\u00bbmiddle\u00a0\u00bb column_margin=\u00a0\u00bbdefault\u00a0\u00bb column_direction=\u00a0\u00bbdefault\u00a0\u00bb column_direction_tablet=\u00a0\u00bbdefault\u00a0\u00bb column_direction_phone=\u00a0\u00bbdefault\u00a0\u00bb scene_position=\u00a0\u00bbcenter\u00a0\u00bb text_color=\u00a0\u00bbdark\u00a0\u00bb text_align=\u00a0\u00bbleft\u00a0\u00bb row_border_radius=\u00a0\u00bbnone\u00a0\u00bb row_border_radius_applies=\u00a0\u00bbbg\u00a0\u00bb overlay_strength=\u00a0\u00bb0.3&Prime; gradient_direction=\u00a0\u00bbleft_to_right\u00a0\u00bb shape_divider_position=\u00a0\u00bbbottom\u00a0\u00bb bg_image_animation=\u00a0\u00bbnone\u00a0\u00bb][vc_column column_padding=\u00a0\u00bbno-extra-padding\u00a0\u00bb column_padding_tablet=\u00a0\u00bbinherit\u00a0\u00bb column_padding_phone=\u00a0\u00bbinherit\u00a0\u00bb column_padding_position=\u00a0\u00bball\u00a0\u00bb column_element_spacing=\u00a0\u00bbdefault\u00a0\u00bb background_color_opacity=\u00a0\u00bb1&Prime; background_hover_color_opacity=\u00a0\u00bb1&Prime; column_shadow=\u00a0\u00bbnone\u00a0\u00bb column_border_radius=\u00a0\u00bbnone\u00a0\u00bb column_link_target=\u00a0\u00bb_self\u00a0\u00bb gradient_direction=\u00a0\u00bbleft_to_right\u00a0\u00bb overlay_strength=\u00a0\u00bb0.3&Prime; width=\u00a0\u00bb1\/1&Prime; tablet_width_inherit=\u00a0\u00bbdefault\u00a0\u00bb tablet_text_alignment=\u00a0\u00bbdefault\u00a0\u00bb phone_text_alignment=\u00a0\u00bbdefault\u00a0\u00bb bg_image_animation=\u00a0\u00bbnone\u00a0\u00bb border_type=\u00a0\u00bbsimple\u00a0\u00bb column_border_width=\u00a0\u00bbnone\u00a0\u00bb column_border_style=\u00a0\u00bbsolid\u00a0\u00bb][nectar_global_section id=\u00a0\u00bb1355&Prime;][\/vc_column][\/vc_row][vc_row type=\u00a0\u00bbfull_width_background\u00a0\u00bb full_screen_row_position=\u00a0\u00bbmiddle\u00a0\u00bb column_margin=\u00a0\u00bbdefault\u00a0\u00bb column_direction=\u00a0\u00bbdefault\u00a0\u00bb column_direction_tablet=\u00a0\u00bbdefault\u00a0\u00bb column_direction_phone=\u00a0\u00bbdefault\u00a0\u00bb scene_position=\u00a0\u00bbcenter\u00a0\u00bb top_padding=\u00a0\u00bb4%\u00a0\u00bb constrain_group_1=\u00a0\u00bbyes\u00a0\u00bb bottom_padding=\u00a0\u00bb4%\u00a0\u00bb text_color=\u00a0\u00bbdark\u00a0\u00bb text_align=\u00a0\u00bbleft\u00a0\u00bb row_border_radius=\u00a0\u00bbnone\u00a0\u00bb row_border_radius_applies=\u00a0\u00bbbg\u00a0\u00bb class=\u00a0\u00bbpost-links\u00a0\u00bb overlay_strength=\u00a0\u00bb0.3&Prime; gradient_direction=\u00a0\u00bbleft_to_right\u00a0\u00bb shape_divider_position=\u00a0\u00bbbottom\u00a0\u00bb bg_image_animation=\u00a0\u00bbnone\u00a0\u00bb shape_type=\u00a0\u00bb\u00a0\u00bb][vc_column column_padding=\u00a0\u00bbno-extra-padding\u00a0\u00bb column_padding_tablet=\u00a0\u00bbinherit\u00a0\u00bb column_padding_phone=\u00a0\u00bbinherit\u00a0\u00bb column_padding_position=\u00a0\u00bball\u00a0\u00bb column_element_spacing=\u00a0\u00bbdefault\u00a0\u00bb background_color_opacity=\u00a0\u00bb1&Prime; background_hover_color_opacity=\u00a0\u00bb1&Prime; column_shadow=\u00a0\u00bbnone\u00a0\u00bb column_border_radius=\u00a0\u00bbnone\u00a0\u00bb column_link_target=\u00a0\u00bb_self\u00a0\u00bb gradient_direction=\u00a0\u00bbleft_to_right\u00a0\u00bb overlay_strength=\u00a0\u00bb0.3&Prime; width=\u00a0\u00bb1\/1&Prime; tablet_width_inherit=\u00a0\u00bbdefault\u00a0\u00bb tablet_text_alignment=\u00a0\u00bbdefault\u00a0\u00bb phone_text_alignment=\u00a0\u00bbdefault\u00a0\u00bb bg_image_animation=\u00a0\u00bbnone\u00a0\u00bb border_type=\u00a0\u00bbsimple\u00a0\u00bb column_border_width=\u00a0\u00bbnone\u00a0\u00bb column_border_style=\u00a0\u00bbsolid\u00a0\u00bb][divider line_type=\u00a0\u00bbNo Line\u00a0\u00bb custom_height=\u00a0\u00bb30&Prime;][vc_column_text]<strong>26 juin 2020<\/strong><\/p>\n<h3><span style=\"color: #1e5799;\"><b>Sur les masques obligatoires<\/b><\/span><\/h3>\n<p>Les masques non m\u00e9dicaux si n\u00e9cessaire, mais pas n\u00e9cessairement l\u2019obligation l\u00e9gale d\u2019en porter \u2013 c\u2019est la position actuelle de la CCLA concernant le port du masque pendant la COVID. Il existe des opinions tranch\u00e9es sur l\u2019utilisation des masques non m\u00e9dicaux, et les entreprises ainsi que les gouvernements se demandent de plus en plus de rendre le port du masque obligatoire. Alors que les recommandations des responsables de la sant\u00e9 publique sur l\u2019efficacit\u00e9 du masque \u00e9voluent rapidement, ce qui cause une certaine confusion dans le public, des dizaines de milliers de personnes appuient le \u00ab port du masque universel obligatoire \u00bb au Canada. Mais les nouvelles lois imposant le port du masque sont exactement le genre d\u2019action gouvernementale qui tend \u00e0 d\u00e9passer les bornes, au d\u00e9triment d\u00e9raisonnable et injustifi\u00e9 de nos libert\u00e9s. <b>\u00c0 l\u2019heure actuelle, la CCLA <\/b><b><i>ne soutient pas<\/i><\/b> les politiques <b> g\u00e9n\u00e9ralistes <\/b><b><i>obligatoires <\/i><\/b><b>de port du masque qui exigent le port de masques non m\u00e9dicaux dans <\/b><b><i>tous <\/i><\/b><b>les lieux publics int\u00e9rieurs<\/b>   <\/p>\n<p><span style=\"color: #1e5799;\"><b>Voici cinq points \u00e0 comprendre sur notre position concernant les masques non m\u00e9dicaux dans les espaces publics<\/b> :  <\/span><\/p>\n<p>1) Il y a une diff\u00e9rence entre une loi adopt\u00e9e par un gouvernement qui exige le port du masque et une politique mise en place par une entreprise priv\u00e9e qui le fait. D\u2019une part, les entreprises priv\u00e9es doivent respecter les lois sur les droits humains, mais elles ont autrement, dans bien des cas, la libert\u00e9 de choisir avec qui elles font affaire. Les entreprises priv\u00e9es ne sont g\u00e9n\u00e9ralement pas li\u00e9es par la Constitution, qui r\u00e9git les gouvernements, les lois et les politiques publiques. <b> Les gouvernements, par contre, doivent justifier les restrictions \u00e0 la libert\u00e9, comme forcer les gens \u00e0 porter un masque, comme \u00e9tant \u00e0 la fois raisonnables et d\u00e9montrablement justifi\u00e9es<\/b> (c\u2019est-\u00e0-dire fond\u00e9es sur des preuves).  <\/p>\n<p>2) Les preuves scientifiques sur l\u2019efficacit\u00e9 des masques non m\u00e9dicaux sont mitig\u00e9es. Cela n\u2019a rien \u00e0 voir avec l\u2019obligation de porter la ceinture de s\u00e9curit\u00e9 dans les ann\u00e9es 1970. Une obligation <i>l\u00e9gale <\/i>de porter un masque dans tous les espaces publics int\u00e9rieurs est une tentative de modification massive, et peut-\u00eatre permanente, du comportement pour l\u2019ensemble de la population. <b>Un changement juridique d\u2019une telle ampleur doit reposer sur des preuves plus solides que celles dont nous disposons actuellement. <\/b>   <\/p>\n<p>3) Les d\u00e9clarations les plus r\u00e9centes des responsables de la sant\u00e9 publique du Canada sont que le port du masque devrait \u00eatre port\u00e9 lorsque la distanciation physique n\u2019est pas possible ou impr\u00e9visible. Il existe de nombreux espaces publics int\u00e9rieurs o\u00f9 la distanciation physique peut \u00eatre facilement maintenue, donc <b>une r\u00e8gle <\/b><b><i>exigeant<\/i><\/b><b> le port du masque dans tous ces contextes serait trop large.<\/b> Une biblioth\u00e8que publique rurale un apr\u00e8s-midi de semaine ne devrait pas \u00eatre trait\u00e9e de la m\u00eame mani\u00e8re qu\u2019une voiture de m\u00e9tro urbaine tr\u00e8s fr\u00e9quent\u00e9e aux heures de pointe. M\u00eame si un gouvernement \u00e9num\u00e9rait par r\u00e8glement toutes les exceptions \u00e0 une r\u00e8gle, ils ne pourraient pas toutes les couvrir, ce qui signifie que la loi serait in\u00e9vitablement trop large.  <\/p>\n<p>4) Le port du masque n\u2019est pas m\u00e9dicalement recommand\u00e9 pour certaines personnes et peut \u00eatre contre-productif pour d\u2019autres (par exemple, les jeunes enfants qui peuvent \u00eatre plus susceptibles de toucher leur visage s\u2019ils portent un masque). Bien que les exigences obligatoires du port du masque (y compris les politiques des magasins) puissent cr\u00e9er des exceptions pour ces personnes, <b>une application significative peut n\u00e9cessiter des questions intrusives pour voir qui peut b\u00e9n\u00e9ficier de ces exceptions, ce qui soul\u00e8ve des pr\u00e9occupations concernant les droits \u00e0 la vie priv\u00e9e et le partage d\u2019informations m\u00e9dicales confidentielles.<\/b> La mission d\u2019application de la loi retombera probablement sur les entreprises et les particuliers qui pourraient \u00eatre mal \u00e9quip\u00e9s pour cette t\u00e2che (par exemple, exiger qu\u2019un h\u00f4te d\u2019une \u00e9picerie interroge les clients sur leur sant\u00e9 et d\u00e9termine qui devrait \u00eatre autoris\u00e9 \u00e0 entrer sans masque), et pourrait mettre \u00e0 risque \u00e0 la fois les responsables de l\u2019application et ceux qui y sont soumis <\/p>\n<p>5) En ce qui concerne les masques non m\u00e9dicaux, <b>l\u2019\u00e9ducation et un message clair concernant <\/b><b><i>les recommandations <\/i><\/b><b>des responsables de la sant\u00e9 publique sont pr\u00e9f\u00e9r\u00e9s aux <\/b><b><i>exigences l\u00e9gales jumel\u00e9es \u00e0 l\u2019application, <\/i><\/b><b>du moins selon les preuves scientifiques \u00e0 ce jour. <\/b>Bien que certaines juridictions choisissent d\u2019imposer des exigences l\u00e9gales sans les appliquer, \u00e0 notre avis cela cr\u00e9e ses propres probl\u00e8mes en ce qui concerne le respect de l\u2019\u00e9tat de droit et l\u2019\u00e9vitement des conflits publics. Par exemple, la Commission de transport de Toronto a annonc\u00e9 qu\u2019elle rendait le port du masque obligatoire, mais ne ferait pas respecter cette exigence, se concentrant plut\u00f4t sur l\u2019\u00e9ducation. Un accent mis sur l\u2019\u00e9ducation est logique, mais les usagers s\u2019attendront certainement aussi \u00e0 ce que ceux qui enfreignent la r\u00e8gle obligatoire sur le masque ne soient pas autoris\u00e9s \u00e0 monter et \u00e0 ce que les conducteurs et les inspecteurs du transport en commun appliquent les r\u00e8gles. Comme pour l\u2019application de nombreuses r\u00e8gles et lois, nous nous pr\u00e9occupons de savoir qui sera le plus touch\u00e9 et si les communaut\u00e9s racialis\u00e9es et marginalis\u00e9es seront touch\u00e9es de mani\u00e8re disproportionn\u00e9e. Dans ce contexte, consultez notre rapport publi\u00e9 en juin 2020, <i>Restez \u00e0 l\u2019\u00e9cart de l\u2019herbe : CCLA et la surveillance du projet de cartographie pand\u00e9mique sur la billetterie pendant la COVID<\/i>    <\/p>\n<p>&nbsp;<\/p>\n<p><i>Cara Faith Zwibel est avocate et directrice du Programme des libert\u00e9s fondamentales \u00e0 l\u2019Association canadienne des libert\u00e9s civiles.  <\/i>[\/vc_column_text][\/vc_column][\/vc_row][vc_row type=\u00a0\u00bbin_container\u00a0\u00bb full_screen_row_position=\u00a0\u00bbmiddle\u00a0\u00bb column_margin=\u00a0\u00bbdefault\u00a0\u00bb column_direction=\u00a0\u00bbdefault\u00a0\u00bb column_direction_tablet=\u00a0\u00bbdefault\u00a0\u00bb column_direction_phone=\u00a0\u00bbdefault\u00a0\u00bb scene_position=\u00a0\u00bbcenter\u00a0\u00bb text_color=\u00a0\u00bbdark\u00a0\u00bb text_align=\u00a0\u00bbleft\u00a0\u00bb row_border_radius=\u00a0\u00bbnone\u00a0\u00bb row_border_radius_applies=\u00a0\u00bbbg\u00a0\u00bb overlay_strength=\u00a0\u00bb0.3&Prime; gradient_direction=\u00a0\u00bbleft_to_right\u00a0\u00bb shape_divider_position=\u00a0\u00bbbottom\u00a0\u00bb bg_image_animation=\u00a0\u00bbnone\u00a0\u00bb][vc_column column_padding=\u00a0\u00bbno-extra-padding\u00a0\u00bb column_padding_tablet=\u00a0\u00bbinherit\u00a0\u00bb column_padding_phone=\u00a0\u00bbinherit\u00a0\u00bb column_padding_position=\u00a0\u00bball\u00a0\u00bb column_element_spacing=\u00a0\u00bbdefault\u00a0\u00bb background_color_opacity=\u00a0\u00bb1&Prime; background_hover_color_opacity=\u00a0\u00bb1&Prime; column_shadow=\u00a0\u00bbnone\u00a0\u00bb column_border_radius=\u00a0\u00bbnone\u00a0\u00bb column_link_target=\u00a0\u00bb_self\u00a0\u00bb gradient_direction=\u00a0\u00bbleft_to_right\u00a0\u00bb overlay_strength=\u00a0\u00bb0.3&Prime; width=\u00a0\u00bb1\/1&Prime; tablet_width_inherit=\u00a0\u00bbdefault\u00a0\u00bb tablet_text_alignment=\u00a0\u00bbdefault\u00a0\u00bb phone_text_alignment=\u00a0\u00bbdefault\u00a0\u00bb bg_image_animation=\u00a0\u00bbnone\u00a0\u00bb border_type=\u00a0\u00bbsimple\u00a0\u00bb column_border_width=\u00a0\u00bbnone\u00a0\u00bb column_border_style=\u00a0\u00bbsolid\u00a0\u00bb][nectar_global_section id=\u00a0\u00bb1461&Prime;][\/vc_column][\/vc_row]\n","protected":false},"excerpt":{"rendered":"<p>L\u2019Association canadienne des libert\u00e9s civiles (CCLA) contestera l\u2019injonction exceptionnellement large du gouvernement de la Nouvelle-\u00c9cosse limitant les manifestations dans la province.<\/p>\n","protected":false},"author":4,"featured_media":16144,"comment_status":"closed","ping_status":"closed","sticky":false,"template":"","format":"standard","meta":{"footnotes":""},"categories":[382,310,273],"tags":[],"class_list":{"0":"post-16917","1":"post","2":"type-post","3":"status-publish","4":"format-standard","5":"has-post-thumbnail","7":"category-covid-19","8":"category-liberte-dexpression","9":"category-libertes-fondamentales"},"yoast_head":"<!-- This site is optimized with the Yoast SEO plugin v27.4 - https:\/\/yoast.com\/product\/yoast-seo-wordpress\/ -->\n<title>Sur les masques obligatoires - CCLA<\/title>\n<meta name=\"robots\" content=\"noindex, follow, max-snippet:-1, max-image-preview:large, max-video-preview:-1\" \/>\n<meta property=\"og:locale\" content=\"fr_CA\" \/>\n<meta property=\"og:type\" content=\"article\" \/>\n<meta property=\"og:title\" content=\"Sur les masques obligatoires - CCLA\" \/>\n<meta property=\"og:description\" content=\"L\u2019Association canadienne des libert\u00e9s civiles (CCLA) contestera l\u2019injonction exceptionnellement large du gouvernement de la Nouvelle-\u00c9cosse limitant les manifestations dans la province.\" \/>\n<meta property=\"og:url\" content=\"https:\/\/dev.ccla.org\/fr\/libertes-fondamentales\/sur-les-masques-obligatoires\/\" \/>\n<meta property=\"og:site_name\" content=\"CCLA\" \/>\n<meta property=\"article:published_time\" content=\"2020-06-26T20:25:58+00:00\" \/>\n<meta property=\"article:modified_time\" content=\"2026-04-23T18:44:54+00:00\" \/>\n<meta property=\"og:image\" content=\"https:\/\/dev.ccla.org\/wp-content\/uploads\/2021\/04\/COVID_night_03_1920.jpg\" \/>\n\t<meta property=\"og:image:width\" content=\"1920\" \/>\n\t<meta property=\"og:image:height\" content=\"1218\" \/>\n\t<meta property=\"og:image:type\" content=\"image\/jpeg\" \/>\n<meta name=\"author\" content=\"CCLA\" \/>\n<meta name=\"twitter:card\" content=\"summary_large_image\" \/>\n<meta name=\"twitter:label1\" content=\"\u00c9crit par\" \/>\n\t<meta name=\"twitter:data1\" content=\"CCLA\" \/>\n\t<meta name=\"twitter:label2\" content=\"Estimation du temps de lecture\" \/>\n\t<meta name=\"twitter:data2\" content=\"7 minutes\" \/>\n<script type=\"application\/ld+json\" class=\"yoast-schema-graph\">{\"@context\":\"https:\\\/\\\/schema.org\",\"@graph\":[{\"@type\":\"Article\",\"@id\":\"https:\\\/\\\/dev.ccla.org\\\/fr\\\/libertes-fondamentales\\\/sur-les-masques-obligatoires\\\/#article\",\"isPartOf\":{\"@id\":\"https:\\\/\\\/dev.ccla.org\\\/fr\\\/libertes-fondamentales\\\/sur-les-masques-obligatoires\\\/\"},\"author\":{\"name\":\"CCLA\",\"@id\":\"https:\\\/\\\/dev.ccla.org\\\/fr\\\/#\\\/schema\\\/person\\\/e48728d4a52926205e807fd8c52bf3b0\"},\"headline\":\"Sur les masques obligatoires\",\"datePublished\":\"2020-06-26T20:25:58+00:00\",\"dateModified\":\"2026-04-23T18:44:54+00:00\",\"mainEntityOfPage\":{\"@id\":\"https:\\\/\\\/dev.ccla.org\\\/fr\\\/libertes-fondamentales\\\/sur-les-masques-obligatoires\\\/\"},\"wordCount\":1421,\"image\":{\"@id\":\"https:\\\/\\\/dev.ccla.org\\\/fr\\\/libertes-fondamentales\\\/sur-les-masques-obligatoires\\\/#primaryimage\"},\"thumbnailUrl\":\"https:\\\/\\\/dev.ccla.org\\\/wp-content\\\/uploads\\\/2021\\\/04\\\/COVID_night_03_1920.jpg\",\"articleSection\":[\"COVID-19\",\"Libert\u00e9 d\u2019expression\",\"LIBERT\u00c9S FONDAMENTALES\"],\"inLanguage\":\"fr-CA\"},{\"@type\":\"WebPage\",\"@id\":\"https:\\\/\\\/dev.ccla.org\\\/fr\\\/libertes-fondamentales\\\/sur-les-masques-obligatoires\\\/\",\"url\":\"https:\\\/\\\/dev.ccla.org\\\/fr\\\/libertes-fondamentales\\\/sur-les-masques-obligatoires\\\/\",\"name\":\"Sur les masques obligatoires - CCLA\",\"isPartOf\":{\"@id\":\"https:\\\/\\\/dev.ccla.org\\\/fr\\\/#website\"},\"primaryImageOfPage\":{\"@id\":\"https:\\\/\\\/dev.ccla.org\\\/fr\\\/libertes-fondamentales\\\/sur-les-masques-obligatoires\\\/#primaryimage\"},\"image\":{\"@id\":\"https:\\\/\\\/dev.ccla.org\\\/fr\\\/libertes-fondamentales\\\/sur-les-masques-obligatoires\\\/#primaryimage\"},\"thumbnailUrl\":\"https:\\\/\\\/dev.ccla.org\\\/wp-content\\\/uploads\\\/2021\\\/04\\\/COVID_night_03_1920.jpg\",\"datePublished\":\"2020-06-26T20:25:58+00:00\",\"dateModified\":\"2026-04-23T18:44:54+00:00\",\"author\":{\"@id\":\"https:\\\/\\\/dev.ccla.org\\\/fr\\\/#\\\/schema\\\/person\\\/e48728d4a52926205e807fd8c52bf3b0\"},\"breadcrumb\":{\"@id\":\"https:\\\/\\\/dev.ccla.org\\\/fr\\\/libertes-fondamentales\\\/sur-les-masques-obligatoires\\\/#breadcrumb\"},\"inLanguage\":\"fr-CA\",\"potentialAction\":[{\"@type\":\"ReadAction\",\"target\":[\"https:\\\/\\\/dev.ccla.org\\\/fr\\\/libertes-fondamentales\\\/sur-les-masques-obligatoires\\\/\"]}]},{\"@type\":\"ImageObject\",\"inLanguage\":\"fr-CA\",\"@id\":\"https:\\\/\\\/dev.ccla.org\\\/fr\\\/libertes-fondamentales\\\/sur-les-masques-obligatoires\\\/#primaryimage\",\"url\":\"https:\\\/\\\/dev.ccla.org\\\/wp-content\\\/uploads\\\/2021\\\/04\\\/COVID_night_03_1920.jpg\",\"contentUrl\":\"https:\\\/\\\/dev.ccla.org\\\/wp-content\\\/uploads\\\/2021\\\/04\\\/COVID_night_03_1920.jpg\",\"width\":1920,\"height\":1218},{\"@type\":\"BreadcrumbList\",\"@id\":\"https:\\\/\\\/dev.ccla.org\\\/fr\\\/libertes-fondamentales\\\/sur-les-masques-obligatoires\\\/#breadcrumb\",\"itemListElement\":[{\"@type\":\"ListItem\",\"position\":1,\"name\":\"Home\",\"item\":\"https:\\\/\\\/dev.ccla.org\\\/fr\\\/accueil\\\/\"},{\"@type\":\"ListItem\",\"position\":2,\"name\":\"Non class\u00e9\",\"item\":\"https:\\\/\\\/dev.ccla.org\\\/fr\\\/category\\\/non-classe\\\/\"},{\"@type\":\"ListItem\",\"position\":3,\"name\":\"Sur les masques obligatoires\"}]},{\"@type\":\"WebSite\",\"@id\":\"https:\\\/\\\/dev.ccla.org\\\/fr\\\/#website\",\"url\":\"https:\\\/\\\/dev.ccla.org\\\/fr\\\/\",\"name\":\"CCLA\",\"description\":\"\",\"potentialAction\":[{\"@type\":\"SearchAction\",\"target\":{\"@type\":\"EntryPoint\",\"urlTemplate\":\"https:\\\/\\\/dev.ccla.org\\\/fr\\\/?s={search_term_string}\"},\"query-input\":{\"@type\":\"PropertyValueSpecification\",\"valueRequired\":true,\"valueName\":\"search_term_string\"}}],\"inLanguage\":\"fr-CA\"},{\"@type\":\"Person\",\"@id\":\"https:\\\/\\\/dev.ccla.org\\\/fr\\\/#\\\/schema\\\/person\\\/e48728d4a52926205e807fd8c52bf3b0\",\"name\":\"CCLA\",\"image\":{\"@type\":\"ImageObject\",\"inLanguage\":\"fr-CA\",\"@id\":\"https:\\\/\\\/secure.gravatar.com\\\/avatar\\\/03b13921772ba279da547407d7a85f0b4a10bdf8cc9a026f2ac4e10643eee315?s=96&d=blank&r=g\",\"url\":\"https:\\\/\\\/secure.gravatar.com\\\/avatar\\\/03b13921772ba279da547407d7a85f0b4a10bdf8cc9a026f2ac4e10643eee315?s=96&d=blank&r=g\",\"contentUrl\":\"https:\\\/\\\/secure.gravatar.com\\\/avatar\\\/03b13921772ba279da547407d7a85f0b4a10bdf8cc9a026f2ac4e10643eee315?s=96&d=blank&r=g\",\"caption\":\"CCLA\"},\"url\":\"https:\\\/\\\/dev.ccla.org\\\/fr\\\/author\\\/ccla\\\/\"}]}<\/script>\n<!-- \/ Yoast SEO plugin. -->","yoast_head_json":{"title":"Sur les masques obligatoires - CCLA","robots":{"index":"noindex","follow":"follow","max-snippet":"max-snippet:-1","max-image-preview":"max-image-preview:large","max-video-preview":"max-video-preview:-1"},"og_locale":"fr_CA","og_type":"article","og_title":"Sur les masques obligatoires - CCLA","og_description":"L\u2019Association canadienne des libert\u00e9s civiles (CCLA) contestera l\u2019injonction exceptionnellement large du gouvernement de la Nouvelle-\u00c9cosse limitant les manifestations dans la province.","og_url":"https:\/\/dev.ccla.org\/fr\/libertes-fondamentales\/sur-les-masques-obligatoires\/","og_site_name":"CCLA","article_published_time":"2020-06-26T20:25:58+00:00","article_modified_time":"2026-04-23T18:44:54+00:00","og_image":[{"width":1920,"height":1218,"url":"https:\/\/dev.ccla.org\/wp-content\/uploads\/2021\/04\/COVID_night_03_1920.jpg","type":"image\/jpeg"}],"author":"CCLA","twitter_card":"summary_large_image","twitter_misc":{"\u00c9crit par":"CCLA","Estimation du temps de lecture":"7 minutes"},"schema":{"@context":"https:\/\/schema.org","@graph":[{"@type":"Article","@id":"https:\/\/dev.ccla.org\/fr\/libertes-fondamentales\/sur-les-masques-obligatoires\/#article","isPartOf":{"@id":"https:\/\/dev.ccla.org\/fr\/libertes-fondamentales\/sur-les-masques-obligatoires\/"},"author":{"name":"CCLA","@id":"https:\/\/dev.ccla.org\/fr\/#\/schema\/person\/e48728d4a52926205e807fd8c52bf3b0"},"headline":"Sur les masques obligatoires","datePublished":"2020-06-26T20:25:58+00:00","dateModified":"2026-04-23T18:44:54+00:00","mainEntityOfPage":{"@id":"https:\/\/dev.ccla.org\/fr\/libertes-fondamentales\/sur-les-masques-obligatoires\/"},"wordCount":1421,"image":{"@id":"https:\/\/dev.ccla.org\/fr\/libertes-fondamentales\/sur-les-masques-obligatoires\/#primaryimage"},"thumbnailUrl":"https:\/\/dev.ccla.org\/wp-content\/uploads\/2021\/04\/COVID_night_03_1920.jpg","articleSection":["COVID-19","Libert\u00e9 d\u2019expression","LIBERT\u00c9S FONDAMENTALES"],"inLanguage":"fr-CA"},{"@type":"WebPage","@id":"https:\/\/dev.ccla.org\/fr\/libertes-fondamentales\/sur-les-masques-obligatoires\/","url":"https:\/\/dev.ccla.org\/fr\/libertes-fondamentales\/sur-les-masques-obligatoires\/","name":"Sur les masques obligatoires - CCLA","isPartOf":{"@id":"https:\/\/dev.ccla.org\/fr\/#website"},"primaryImageOfPage":{"@id":"https:\/\/dev.ccla.org\/fr\/libertes-fondamentales\/sur-les-masques-obligatoires\/#primaryimage"},"image":{"@id":"https:\/\/dev.ccla.org\/fr\/libertes-fondamentales\/sur-les-masques-obligatoires\/#primaryimage"},"thumbnailUrl":"https:\/\/dev.ccla.org\/wp-content\/uploads\/2021\/04\/COVID_night_03_1920.jpg","datePublished":"2020-06-26T20:25:58+00:00","dateModified":"2026-04-23T18:44:54+00:00","author":{"@id":"https:\/\/dev.ccla.org\/fr\/#\/schema\/person\/e48728d4a52926205e807fd8c52bf3b0"},"breadcrumb":{"@id":"https:\/\/dev.ccla.org\/fr\/libertes-fondamentales\/sur-les-masques-obligatoires\/#breadcrumb"},"inLanguage":"fr-CA","potentialAction":[{"@type":"ReadAction","target":["https:\/\/dev.ccla.org\/fr\/libertes-fondamentales\/sur-les-masques-obligatoires\/"]}]},{"@type":"ImageObject","inLanguage":"fr-CA","@id":"https:\/\/dev.ccla.org\/fr\/libertes-fondamentales\/sur-les-masques-obligatoires\/#primaryimage","url":"https:\/\/dev.ccla.org\/wp-content\/uploads\/2021\/04\/COVID_night_03_1920.jpg","contentUrl":"https:\/\/dev.ccla.org\/wp-content\/uploads\/2021\/04\/COVID_night_03_1920.jpg","width":1920,"height":1218},{"@type":"BreadcrumbList","@id":"https:\/\/dev.ccla.org\/fr\/libertes-fondamentales\/sur-les-masques-obligatoires\/#breadcrumb","itemListElement":[{"@type":"ListItem","position":1,"name":"Home","item":"https:\/\/dev.ccla.org\/fr\/accueil\/"},{"@type":"ListItem","position":2,"name":"Non class\u00e9","item":"https:\/\/dev.ccla.org\/fr\/category\/non-classe\/"},{"@type":"ListItem","position":3,"name":"Sur les masques obligatoires"}]},{"@type":"WebSite","@id":"https:\/\/dev.ccla.org\/fr\/#website","url":"https:\/\/dev.ccla.org\/fr\/","name":"CCLA","description":"","potentialAction":[{"@type":"SearchAction","target":{"@type":"EntryPoint","urlTemplate":"https:\/\/dev.ccla.org\/fr\/?s={search_term_string}"},"query-input":{"@type":"PropertyValueSpecification","valueRequired":true,"valueName":"search_term_string"}}],"inLanguage":"fr-CA"},{"@type":"Person","@id":"https:\/\/dev.ccla.org\/fr\/#\/schema\/person\/e48728d4a52926205e807fd8c52bf3b0","name":"CCLA","image":{"@type":"ImageObject","inLanguage":"fr-CA","@id":"https:\/\/secure.gravatar.com\/avatar\/03b13921772ba279da547407d7a85f0b4a10bdf8cc9a026f2ac4e10643eee315?s=96&d=blank&r=g","url":"https:\/\/secure.gravatar.com\/avatar\/03b13921772ba279da547407d7a85f0b4a10bdf8cc9a026f2ac4e10643eee315?s=96&d=blank&r=g","contentUrl":"https:\/\/secure.gravatar.com\/avatar\/03b13921772ba279da547407d7a85f0b4a10bdf8cc9a026f2ac4e10643eee315?s=96&d=blank&r=g","caption":"CCLA"},"url":"https:\/\/dev.ccla.org\/fr\/author\/ccla\/"}]}},"_links":{"self":[{"href":"https:\/\/dev.ccla.org\/fr\/wp-json\/wp\/v2\/posts\/16917","targetHints":{"allow":["GET"]}}],"collection":[{"href":"https:\/\/dev.ccla.org\/fr\/wp-json\/wp\/v2\/posts"}],"about":[{"href":"https:\/\/dev.ccla.org\/fr\/wp-json\/wp\/v2\/types\/post"}],"author":[{"embeddable":true,"href":"https:\/\/dev.ccla.org\/fr\/wp-json\/wp\/v2\/users\/4"}],"replies":[{"embeddable":true,"href":"https:\/\/dev.ccla.org\/fr\/wp-json\/wp\/v2\/comments?post=16917"}],"version-history":[{"count":1,"href":"https:\/\/dev.ccla.org\/fr\/wp-json\/wp\/v2\/posts\/16917\/revisions"}],"predecessor-version":[{"id":16922,"href":"https:\/\/dev.ccla.org\/fr\/wp-json\/wp\/v2\/posts\/16917\/revisions\/16922"}],"wp:featuredmedia":[{"embeddable":true,"href":"https:\/\/dev.ccla.org\/fr\/wp-json\/wp\/v2\/media\/16144"}],"wp:attachment":[{"href":"https:\/\/dev.ccla.org\/fr\/wp-json\/wp\/v2\/media?parent=16917"}],"wp:term":[{"taxonomy":"category","embeddable":true,"href":"https:\/\/dev.ccla.org\/fr\/wp-json\/wp\/v2\/categories?post=16917"},{"taxonomy":"post_tag","embeddable":true,"href":"https:\/\/dev.ccla.org\/fr\/wp-json\/wp\/v2\/tags?post=16917"}],"curies":[{"name":"wp","href":"https:\/\/api.w.org\/{rel}","templated":true}]}}