{"id":16862,"date":"2020-03-25T02:50:12","date_gmt":"2020-03-25T06:50:12","guid":{"rendered":"https:\/\/dev.ccla.org\/non-classe\/pouvoirs-durgence-et-transparence\/"},"modified":"2026-04-23T14:44:32","modified_gmt":"2026-04-23T18:44:32","slug":"pouvoirs-durgence-et-transparence","status":"publish","type":"post","link":"https:\/\/dev.ccla.org\/fr\/libertes-fondamentales\/pouvoirs-durgence-et-transparence\/","title":{"rendered":"Pouvoirs d\u2019urgence et transparence"},"content":{"rendered":"[vc_row type=\u00a0\u00bbin_container\u00a0\u00bb full_screen_row_position=\u00a0\u00bbmiddle\u00a0\u00bb column_margin=\u00a0\u00bbdefault\u00a0\u00bb column_direction=\u00a0\u00bbdefault\u00a0\u00bb column_direction_tablet=\u00a0\u00bbdefault\u00a0\u00bb column_direction_phone=\u00a0\u00bbdefault\u00a0\u00bb scene_position=\u00a0\u00bbcenter\u00a0\u00bb text_color=\u00a0\u00bbdark\u00a0\u00bb text_align=\u00a0\u00bbleft\u00a0\u00bb row_border_radius=\u00a0\u00bbnone\u00a0\u00bb row_border_radius_applies=\u00a0\u00bbbg\u00a0\u00bb overlay_strength=\u00a0\u00bb0.3&Prime; gradient_direction=\u00a0\u00bbleft_to_right\u00a0\u00bb shape_divider_position=\u00a0\u00bbbottom\u00a0\u00bb bg_image_animation=\u00a0\u00bbnone\u00a0\u00bb][vc_column column_padding=\u00a0\u00bbno-extra-padding\u00a0\u00bb column_padding_tablet=\u00a0\u00bbinherit\u00a0\u00bb column_padding_phone=\u00a0\u00bbinherit\u00a0\u00bb column_padding_position=\u00a0\u00bball\u00a0\u00bb column_element_spacing=\u00a0\u00bbdefault\u00a0\u00bb background_color_opacity=\u00a0\u00bb1&Prime; background_hover_color_opacity=\u00a0\u00bb1&Prime; column_shadow=\u00a0\u00bbnone\u00a0\u00bb column_border_radius=\u00a0\u00bbnone\u00a0\u00bb column_link_target=\u00a0\u00bb_self\u00a0\u00bb gradient_direction=\u00a0\u00bbleft_to_right\u00a0\u00bb overlay_strength=\u00a0\u00bb0.3&Prime; width=\u00a0\u00bb1\/1&Prime; tablet_width_inherit=\u00a0\u00bbdefault\u00a0\u00bb tablet_text_alignment=\u00a0\u00bbdefault\u00a0\u00bb phone_text_alignment=\u00a0\u00bbdefault\u00a0\u00bb bg_image_animation=\u00a0\u00bbnone\u00a0\u00bb border_type=\u00a0\u00bbsimple\u00a0\u00bb column_border_width=\u00a0\u00bbnone\u00a0\u00bb column_border_style=\u00a0\u00bbsolid\u00a0\u00bb][nectar_global_section id=\u00a0\u00bb1355&Prime;][\/vc_column][\/vc_row][vc_row type=\u00a0\u00bbfull_width_background\u00a0\u00bb full_screen_row_position=\u00a0\u00bbmiddle\u00a0\u00bb column_margin=\u00a0\u00bbdefault\u00a0\u00bb column_direction=\u00a0\u00bbdefault\u00a0\u00bb column_direction_tablet=\u00a0\u00bbdefault\u00a0\u00bb column_direction_phone=\u00a0\u00bbdefault\u00a0\u00bb scene_position=\u00a0\u00bbcenter\u00a0\u00bb top_padding=\u00a0\u00bb4%\u00a0\u00bb constrain_group_1=\u00a0\u00bbyes\u00a0\u00bb bottom_padding=\u00a0\u00bb4%\u00a0\u00bb text_color=\u00a0\u00bbdark\u00a0\u00bb text_align=\u00a0\u00bbleft\u00a0\u00bb row_border_radius=\u00a0\u00bbnone\u00a0\u00bb row_border_radius_applies=\u00a0\u00bbbg\u00a0\u00bb class=\u00a0\u00bbpost-links\u00a0\u00bb overlay_strength=\u00a0\u00bb0.3&Prime; gradient_direction=\u00a0\u00bbleft_to_right\u00a0\u00bb shape_divider_position=\u00a0\u00bbbottom\u00a0\u00bb bg_image_animation=\u00a0\u00bbnone\u00a0\u00bb shape_type=\u00a0\u00bb\u00a0\u00bb][vc_column column_padding=\u00a0\u00bbno-extra-padding\u00a0\u00bb column_padding_tablet=\u00a0\u00bbinherit\u00a0\u00bb column_padding_phone=\u00a0\u00bbinherit\u00a0\u00bb column_padding_position=\u00a0\u00bball\u00a0\u00bb column_element_spacing=\u00a0\u00bbdefault\u00a0\u00bb background_color_opacity=\u00a0\u00bb1&Prime; background_hover_color_opacity=\u00a0\u00bb1&Prime; column_shadow=\u00a0\u00bbnone\u00a0\u00bb column_border_radius=\u00a0\u00bbnone\u00a0\u00bb column_link_target=\u00a0\u00bb_self\u00a0\u00bb gradient_direction=\u00a0\u00bbleft_to_right\u00a0\u00bb overlay_strength=\u00a0\u00bb0.3&Prime; width=\u00a0\u00bb1\/1&Prime; tablet_width_inherit=\u00a0\u00bbdefault\u00a0\u00bb tablet_text_alignment=\u00a0\u00bbdefault\u00a0\u00bb phone_text_alignment=\u00a0\u00bbdefault\u00a0\u00bb bg_image_animation=\u00a0\u00bbnone\u00a0\u00bb border_type=\u00a0\u00bbsimple\u00a0\u00bb column_border_width=\u00a0\u00bbnone\u00a0\u00bb column_border_style=\u00a0\u00bbsolid\u00a0\u00bb][vc_column_text]Il y a eu beaucoup de discussions et d\u2019agitation autour de la question de savoir si et quand le gouvernement f\u00e9d\u00e9ral d\u00e9clarera l\u2019\u00e9tat d\u2019urgence. Allons-nous \u00eatre gouvern\u00e9s par la \u00ab loi martiale \u00bb? Les droits \u00e0 une proc\u00e9dure r\u00e9guli\u00e8re cesseront-ils d\u2019exister? Y aura-t-il une prise massive de pouvoir par le gouvernement f\u00e9d\u00e9ral?   <\/p>\n<p>Pour les d\u00e9fenseurs des libert\u00e9s civiles, invoquer une l\u00e9gislation d\u2019urgence est g\u00e9n\u00e9ralement consid\u00e9r\u00e9 comme interdit. En tant qu\u2019organisme de surveillance des droits civiques pour les droits et libert\u00e9s civiles, l\u2019Association canadienne des libert\u00e9s civiles suit de pr\u00e8s les d\u00e9veloppements. Nous reconnaissons la n\u00e9cessit\u00e9 de mesures extraordinaires, mais nous voulons aussi veiller \u00e0 ce que nos gouvernements soient transparents et responsables. Les pouvoirs des provinces en vertu de la l\u00e9gislation d\u2019urgence sont substantiels, et nous devons nous assurer que leur exercice est autoris\u00e9 par la loi, justifi\u00e9 et que les actions prises en situation d\u2019urgence ne deviennent pas simplement notre \u00ab nouvelle normalit\u00e9 \u00bb.   <\/p>\n<p>Personne ne devrait \u00eatre bl\u00e2m\u00e9 de reconna\u00eetre que nous faisons face \u00e0 une urgence et de remettre en question pourquoi le gouvernement f\u00e9d\u00e9ral ne d\u00e9clare pas \u2013 explicitement et fermement \u2013 que c\u2019est le cas selon la loi pr\u00e9vue pr\u00e9cis\u00e9ment \u00e0 cet effet. Mais nous surestimons peut-\u00eatre la puissance de nos lois d\u2019urgence et sous-estimons ce qui peut \u00eatre <em>fait sans<\/em> les invoquer. <\/p>\n<p>Par exemple : le gouvernement a rappel\u00e9 le Parlement (ou une version plus r\u00e9duite de celui-ci) d\u2019adopter le paquet de prestations promis aux Canadiens par le premier ministre lors de ses briefings sur la COVID-19. Selon de nombreuses sources, la version anticip\u00e9e du projet de loi fournie aux d\u00e9put\u00e9s comprenait des dispositions pr\u00e9tendant permettre au gouvernement de taxer, d\u00e9penser et emprunter des fonds, sans approbation ni surveillance parlementaire, jusqu\u2019\u00e0 la fin de 2021. Heureusement, il semble que nos institutions d\u00e9mocratiques aient fonctionn\u00e9 comme elles le devraient, et les d\u00e9put\u00e9s ont r\u00e9sist\u00e9, ce qui a men\u00e9 \u00e0 des n\u00e9gociations et \u00e0 l\u2019adoption d\u2019un projet de loi plus mod\u00e9r\u00e9. Malheureusement, il n\u2019y avait pas de version accessible au public du projet de loi pendant quelques heures apr\u00e8s son adoption \u00e0 la Chambre des communes, et les Canadiens n\u2019ont pas (et ne verront peut-\u00eatre jamais) le premier paquet de propositions auquel les d\u00e9put\u00e9s de l\u2019opposition s\u2019opposaient tant. Encore plus inqui\u00e9tant, si nous n\u2019avions pas \u00e9t\u00e9 dans un gouvernement minoritaire \u00e0 ce moment-l\u00e0, ce qui semble avoir \u00e9t\u00e9 une prise de pouvoir importante aurait tr\u00e8s bien pu passer inaper\u00e7ue.    <\/p>\n<p>Il est \u00e9trange de se retrouver en position de dire que cela importe peu que le gouvernement f\u00e9d\u00e9ral invoque la <em>Loi sur les urgences<\/em>. Cette loi a \u00e9t\u00e9 adopt\u00e9e en 1988 et diff\u00e8re consid\u00e9rablement de la <em>Loi sur les mesures de guerre<\/em> qui l\u2019a pr\u00e9c\u00e9d\u00e9e, et elle est tristement c\u00e9l\u00e8bre pour avoir autoris\u00e9 l\u2019internement des Canadiens d\u2019origine japonaise pendant la Seconde Guerre mondiale et pour avoir viol\u00e9 largement les libert\u00e9s civiles lors de la crise d\u2019octobre en 1970. Ceux qui soutiennent que le gouvernement f\u00e9d\u00e9ral devrait exercer ses pouvoirs en vertu de la l\u00e9gislation ne r\u00e9alisent peut-\u00eatre pas que, malgr\u00e9 l\u2019\u00e9tendue importante de ces pouvoirs, ils sont aussi soumis \u00e0 des limitations importantes. La Loi sur les <em>situations d\u2019urgence<\/em> stipule explicitement que les mesures temporaires prises en vertu de celle-ci sont assujetties \u00e0 la <em>Charte des droits et libert\u00e9s<\/em> et que cela doit \u00e9galement \u00eatre pris en compte du <em>Pacte international relatif aux droits civils et politiques<\/em>. Il est peu probable, par exemple, que la Loi sur les <em>situations d\u2019urgence<\/em> puisse \u00eatre invoqu\u00e9e pour interdire les voyages interprovinciaux sans une justification convaincante qui puisse \u00eatre <em>d\u00e9montr\u00e9e<\/em> (c\u2019est-\u00e0-dire fond\u00e9e sur des preuves) \u2013 les citoyens et r\u00e9sidents permanents ont des droits de mobilit\u00e9 en vertu de l\u2019article 6 de la <em>Charte<\/em>. La Loi sur les situations d\u2019urgence exige \u00e9galement l\u2019approbation parlementaire de la d\u00e9claration d\u2019urgence et des directives ou actions autoris\u00e9es en vertu de cette d\u00e9claration. Les freins et contrepoids d\u00e9mocratiques habituels demeurent significativement intacts. Si la proposition initiale du gouvernement f\u00e9d\u00e9ral pour des pouvoirs fiscaux et de d\u00e9penses non contr\u00f4l\u00e9s avait \u00e9t\u00e9 adopt\u00e9e, elle leur aurait donn\u00e9 plus de pouvoir que la <em>Loi sur les urgences<\/em> .        <\/p>\n<p>Le Premier ministre parle \u00e0 plusieurs reprises de l\u2019importance qu\u2019il serait d\u2019invoquer la loi d\u2019urgence. C\u2019est vrai en un sens : invoquer une urgence au niveau f\u00e9d\u00e9ral retirerait ou pourrait retirer un pouvoir substantiel aux provinces et territoires. Dans un autre sens, cependant, d\u00e9clarer une urgence de bien-\u00eatre public au niveau f\u00e9d\u00e9ral serait \u00e0 la limite de la banalit\u00e9 \u00e0 ce stade. Pour la plupart des Canadiens, les conditions sur le terrain seraient peu susceptibles de changer. Toutes les provinces et territoires ont d\u00e9clar\u00e9 des \u00e9tats d\u2019urgence ou des urgences de sant\u00e9 publique, tout comme plusieurs municipalit\u00e9s canadiennes. Les pouvoirs contenus dans les lois provinciales sont sans doute beaucoup plus larges que ceux pr\u00e9vus pour les urgences de bien-\u00eatre public dans la loi f\u00e9d\u00e9rale. Les Canadiens sont encourag\u00e9s \u00e0 rester \u00e0 la maison, de nombreux services et entreprises sont ferm\u00e9s, et les recommandations de distanciation sociale sont appuy\u00e9es par des interdictions l\u00e9gales concernant les grands (et parfois les petits) rassemblements sociaux. La vie a chang\u00e9 radicalement la semaine derni\u00e8re. Une d\u00e9claration d\u2019\u00e9tat d\u2019urgence f\u00e9d\u00e9rale ne fera probablement pas beaucoup plus.        <\/p>\n<p>Certains sugg\u00e8rent que le pouvoir f\u00e9d\u00e9ral pourrait aider \u00e0 \u00e9tablir la coh\u00e9rence \u00e0 travers le pays. Mais est-il raisonnable d\u2019imposer les m\u00eames normes \u00e0 travers le pays, compte tenu de nos g\u00e9ographies et cultures tr\u00e8s diff\u00e9rentes? Est-ce que \u00e7a a du sens d\u2019appliquer toutes les m\u00eames r\u00e8gles \u00e0 une communaut\u00e9 isol\u00e9e du Nord qu\u2019\u00e0 une ville dens\u00e9ment peupl\u00e9e? En fin de compte, la question d\u2019un \u00e9tat d\u2019urgence f\u00e9d\u00e9ral est une question qui, selon la loi, doit \u00eatre tranch\u00e9e en consultation avec les provinces. D\u2019un point de vue politique, on peut dire que cela n\u00e9cessite leur consentement et, dans ce cas, leur consensus. Le premier ministre du Nouveau-Brunswick a d\u00e9clar\u00e9 qu\u2019il aimerait que le gouvernement f\u00e9d\u00e9ral prenne cette mesure, mais il semble que d\u2019autres premiers ministres ne soient pas d\u2019accord.     <\/p>\n<p>On a beaucoup de choses \u00e0 g\u00e9rer ces temps-ci. Nous devons rester en sant\u00e9 et veiller les uns sur les autres. Nous devons prot\u00e9ger nos droits tout en reconnaissant nos responsabilit\u00e9s collectives. Nous devons aider nos enfants \u00e0 g\u00e9rer l\u2019incertitude et l\u2019anxi\u00e9t\u00e9 qui accompagnent une crise de sant\u00e9 publique. Mais s\u2019inqui\u00e9ter que le gouvernement f\u00e9d\u00e9ral invoque la <em>Loi sur les situations d\u2019urgence<\/em> est un point que nous pouvons rayer de la liste. Leur capacit\u00e9 \u00e0 abuser du pouvoir existe de toute fa\u00e7on, tout comme notre vigilance.     <\/p>\n<p><em>Cara Zwibel est directrice du Programme des libert\u00e9s fondamentales \u00e0 l\u2019Association canadienne des libert\u00e9s civiles. En tant qu\u2019avocate, elle a comparu devant la Cour supr\u00eame du Canada et a \u00e9t\u00e9 auxiliaire juridique. <\/em>[\/vc_column_text][\/vc_column][\/vc_row][vc_row type=\u00a0\u00bbin_container\u00a0\u00bb full_screen_row_position=\u00a0\u00bbmiddle\u00a0\u00bb column_margin=\u00a0\u00bbdefault\u00a0\u00bb column_direction=\u00a0\u00bbdefault\u00a0\u00bb column_direction_tablet=\u00a0\u00bbdefault\u00a0\u00bb column_direction_phone=\u00a0\u00bbdefault\u00a0\u00bb scene_position=\u00a0\u00bbcenter\u00a0\u00bb text_color=\u00a0\u00bbdark\u00a0\u00bb text_align=\u00a0\u00bbleft\u00a0\u00bb row_border_radius=\u00a0\u00bbnone\u00a0\u00bb row_border_radius_applies=\u00a0\u00bbbg\u00a0\u00bb overlay_strength=\u00a0\u00bb0.3&Prime; gradient_direction=\u00a0\u00bbleft_to_right\u00a0\u00bb shape_divider_position=\u00a0\u00bbbottom\u00a0\u00bb bg_image_animation=\u00a0\u00bbnone\u00a0\u00bb][vc_column column_padding=\u00a0\u00bbno-extra-padding\u00a0\u00bb column_padding_tablet=\u00a0\u00bbinherit\u00a0\u00bb column_padding_phone=\u00a0\u00bbinherit\u00a0\u00bb column_padding_position=\u00a0\u00bball\u00a0\u00bb column_element_spacing=\u00a0\u00bbdefault\u00a0\u00bb background_color_opacity=\u00a0\u00bb1&Prime; background_hover_color_opacity=\u00a0\u00bb1&Prime; column_shadow=\u00a0\u00bbnone\u00a0\u00bb column_border_radius=\u00a0\u00bbnone\u00a0\u00bb column_link_target=\u00a0\u00bb_self\u00a0\u00bb gradient_direction=\u00a0\u00bbleft_to_right\u00a0\u00bb overlay_strength=\u00a0\u00bb0.3&Prime; width=\u00a0\u00bb1\/1&Prime; tablet_width_inherit=\u00a0\u00bbdefault\u00a0\u00bb tablet_text_alignment=\u00a0\u00bbdefault\u00a0\u00bb phone_text_alignment=\u00a0\u00bbdefault\u00a0\u00bb bg_image_animation=\u00a0\u00bbnone\u00a0\u00bb border_type=\u00a0\u00bbsimple\u00a0\u00bb column_border_width=\u00a0\u00bbnone\u00a0\u00bb column_border_style=\u00a0\u00bbsolid\u00a0\u00bb][nectar_global_section id=\u00a0\u00bb1461&Prime;][\/vc_column][\/vc_row]\n","protected":false},"excerpt":{"rendered":"<p>Pour les d\u00e9fenseurs des libert\u00e9s civiles, invoquer une l\u00e9gislation d\u2019urgence est g\u00e9n\u00e9ralement consid\u00e9r\u00e9 comme interdit. En tant qu\u2019organisme de surveillance des droits civiques pour les droits et libert\u00e9s civiles, l\u2019Association canadienne des libert\u00e9s civiles suit de pr\u00e8s les d\u00e9veloppements. Nous reconnaissons la n\u00e9cessit\u00e9 de mesures extraordinaires, mais nous voulons aussi veiller \u00e0 ce que nos gouvernements soient transparents et responsables.  <\/p>\n","protected":false},"author":8,"featured_media":14234,"comment_status":"closed","ping_status":"closed","sticky":false,"template":"","format":"standard","meta":{"footnotes":""},"categories":[382,274,273],"tags":[],"class_list":{"0":"post-16862","1":"post","2":"type-post","3":"status-publish","4":"format-standard","5":"has-post-thumbnail","7":"category-covid-19","8":"category-droits-democratiques","9":"category-libertes-fondamentales"},"yoast_head":"<!-- This site is optimized with the Yoast SEO plugin v27.4 - https:\/\/yoast.com\/product\/yoast-seo-wordpress\/ -->\n<title>Pouvoirs d\u2019urgence et transparence - CCLA<\/title>\n<meta name=\"robots\" content=\"noindex, follow, max-snippet:-1, max-image-preview:large, max-video-preview:-1\" \/>\n<meta property=\"og:locale\" content=\"fr_CA\" \/>\n<meta property=\"og:type\" content=\"article\" \/>\n<meta property=\"og:title\" content=\"Pouvoirs d\u2019urgence et transparence - CCLA\" \/>\n<meta property=\"og:description\" content=\"Pour les d\u00e9fenseurs des libert\u00e9s civiles, invoquer une l\u00e9gislation d\u2019urgence est g\u00e9n\u00e9ralement consid\u00e9r\u00e9 comme interdit. En tant qu\u2019organisme de surveillance des droits civiques pour les droits et libert\u00e9s civiles, l\u2019Association canadienne des libert\u00e9s civiles suit de pr\u00e8s les d\u00e9veloppements. Nous reconnaissons la n\u00e9cessit\u00e9 de mesures extraordinaires, mais nous voulons aussi veiller \u00e0 ce que nos gouvernements soient transparents et responsables.\" \/>\n<meta property=\"og:url\" content=\"https:\/\/dev.ccla.org\/fr\/libertes-fondamentales\/pouvoirs-durgence-et-transparence\/\" \/>\n<meta property=\"og:site_name\" content=\"CCLA\" \/>\n<meta property=\"article:published_time\" content=\"2020-03-25T06:50:12+00:00\" \/>\n<meta property=\"article:modified_time\" content=\"2026-04-23T18:44:32+00:00\" \/>\n<meta property=\"og:image\" content=\"https:\/\/dev.ccla.org\/wp-content\/uploads\/2021\/06\/benoit-debaix-ReUoz0CwfGo-unsplash.jpg\" \/>\n\t<meta property=\"og:image:width\" content=\"2000\" \/>\n\t<meta property=\"og:image:height\" content=\"800\" \/>\n\t<meta property=\"og:image:type\" content=\"image\/jpeg\" \/>\n<meta name=\"author\" content=\"Cara Zwibel\" \/>\n<meta name=\"twitter:card\" content=\"summary_large_image\" \/>\n<meta name=\"twitter:label1\" content=\"\u00c9crit par\" \/>\n\t<meta name=\"twitter:data1\" content=\"Cara Zwibel\" \/>\n\t<meta name=\"twitter:label2\" content=\"Estimation du temps de lecture\" \/>\n\t<meta name=\"twitter:data2\" content=\"8 minutes\" \/>\n<script type=\"application\/ld+json\" class=\"yoast-schema-graph\">{\"@context\":\"https:\\\/\\\/schema.org\",\"@graph\":[{\"@type\":\"Article\",\"@id\":\"https:\\\/\\\/dev.ccla.org\\\/fr\\\/libertes-fondamentales\\\/pouvoirs-durgence-et-transparence\\\/#article\",\"isPartOf\":{\"@id\":\"https:\\\/\\\/dev.ccla.org\\\/fr\\\/libertes-fondamentales\\\/pouvoirs-durgence-et-transparence\\\/\"},\"author\":{\"name\":\"Cara Zwibel\",\"@id\":\"https:\\\/\\\/dev.ccla.org\\\/fr\\\/#\\\/schema\\\/person\\\/8368a5ac21ca7b57c98675d10160cbb9\"},\"headline\":\"Pouvoirs d\u2019urgence et transparence\",\"datePublished\":\"2020-03-25T06:50:12+00:00\",\"dateModified\":\"2026-04-23T18:44:32+00:00\",\"mainEntityOfPage\":{\"@id\":\"https:\\\/\\\/dev.ccla.org\\\/fr\\\/libertes-fondamentales\\\/pouvoirs-durgence-et-transparence\\\/\"},\"wordCount\":1693,\"image\":{\"@id\":\"https:\\\/\\\/dev.ccla.org\\\/fr\\\/libertes-fondamentales\\\/pouvoirs-durgence-et-transparence\\\/#primaryimage\"},\"thumbnailUrl\":\"https:\\\/\\\/dev.ccla.org\\\/wp-content\\\/uploads\\\/2021\\\/06\\\/benoit-debaix-ReUoz0CwfGo-unsplash.jpg\",\"articleSection\":[\"COVID-19\",\"Droits d\u00e9mocratiques\",\"LIBERT\u00c9S FONDAMENTALES\"],\"inLanguage\":\"fr-CA\"},{\"@type\":\"WebPage\",\"@id\":\"https:\\\/\\\/dev.ccla.org\\\/fr\\\/libertes-fondamentales\\\/pouvoirs-durgence-et-transparence\\\/\",\"url\":\"https:\\\/\\\/dev.ccla.org\\\/fr\\\/libertes-fondamentales\\\/pouvoirs-durgence-et-transparence\\\/\",\"name\":\"Pouvoirs d\u2019urgence et transparence - CCLA\",\"isPartOf\":{\"@id\":\"https:\\\/\\\/dev.ccla.org\\\/fr\\\/#website\"},\"primaryImageOfPage\":{\"@id\":\"https:\\\/\\\/dev.ccla.org\\\/fr\\\/libertes-fondamentales\\\/pouvoirs-durgence-et-transparence\\\/#primaryimage\"},\"image\":{\"@id\":\"https:\\\/\\\/dev.ccla.org\\\/fr\\\/libertes-fondamentales\\\/pouvoirs-durgence-et-transparence\\\/#primaryimage\"},\"thumbnailUrl\":\"https:\\\/\\\/dev.ccla.org\\\/wp-content\\\/uploads\\\/2021\\\/06\\\/benoit-debaix-ReUoz0CwfGo-unsplash.jpg\",\"datePublished\":\"2020-03-25T06:50:12+00:00\",\"dateModified\":\"2026-04-23T18:44:32+00:00\",\"author\":{\"@id\":\"https:\\\/\\\/dev.ccla.org\\\/fr\\\/#\\\/schema\\\/person\\\/8368a5ac21ca7b57c98675d10160cbb9\"},\"breadcrumb\":{\"@id\":\"https:\\\/\\\/dev.ccla.org\\\/fr\\\/libertes-fondamentales\\\/pouvoirs-durgence-et-transparence\\\/#breadcrumb\"},\"inLanguage\":\"fr-CA\",\"potentialAction\":[{\"@type\":\"ReadAction\",\"target\":[\"https:\\\/\\\/dev.ccla.org\\\/fr\\\/libertes-fondamentales\\\/pouvoirs-durgence-et-transparence\\\/\"]}]},{\"@type\":\"ImageObject\",\"inLanguage\":\"fr-CA\",\"@id\":\"https:\\\/\\\/dev.ccla.org\\\/fr\\\/libertes-fondamentales\\\/pouvoirs-durgence-et-transparence\\\/#primaryimage\",\"url\":\"https:\\\/\\\/dev.ccla.org\\\/wp-content\\\/uploads\\\/2021\\\/06\\\/benoit-debaix-ReUoz0CwfGo-unsplash.jpg\",\"contentUrl\":\"https:\\\/\\\/dev.ccla.org\\\/wp-content\\\/uploads\\\/2021\\\/06\\\/benoit-debaix-ReUoz0CwfGo-unsplash.jpg\",\"width\":2000,\"height\":800},{\"@type\":\"BreadcrumbList\",\"@id\":\"https:\\\/\\\/dev.ccla.org\\\/fr\\\/libertes-fondamentales\\\/pouvoirs-durgence-et-transparence\\\/#breadcrumb\",\"itemListElement\":[{\"@type\":\"ListItem\",\"position\":1,\"name\":\"Home\",\"item\":\"https:\\\/\\\/dev.ccla.org\\\/fr\\\/accueil\\\/\"},{\"@type\":\"ListItem\",\"position\":2,\"name\":\"Non class\u00e9\",\"item\":\"https:\\\/\\\/dev.ccla.org\\\/fr\\\/category\\\/non-classe\\\/\"},{\"@type\":\"ListItem\",\"position\":3,\"name\":\"Pouvoirs d\u2019urgence et transparence\"}]},{\"@type\":\"WebSite\",\"@id\":\"https:\\\/\\\/dev.ccla.org\\\/fr\\\/#website\",\"url\":\"https:\\\/\\\/dev.ccla.org\\\/fr\\\/\",\"name\":\"CCLA\",\"description\":\"\",\"potentialAction\":[{\"@type\":\"SearchAction\",\"target\":{\"@type\":\"EntryPoint\",\"urlTemplate\":\"https:\\\/\\\/dev.ccla.org\\\/fr\\\/?s={search_term_string}\"},\"query-input\":{\"@type\":\"PropertyValueSpecification\",\"valueRequired\":true,\"valueName\":\"search_term_string\"}}],\"inLanguage\":\"fr-CA\"},{\"@type\":\"Person\",\"@id\":\"https:\\\/\\\/dev.ccla.org\\\/fr\\\/#\\\/schema\\\/person\\\/8368a5ac21ca7b57c98675d10160cbb9\",\"name\":\"Cara Zwibel\",\"image\":{\"@type\":\"ImageObject\",\"inLanguage\":\"fr-CA\",\"@id\":\"https:\\\/\\\/secure.gravatar.com\\\/avatar\\\/d5aef9280788360e1098586a07ea1a9593a84194d0949f874eb59c76a8ea1f1f?s=96&d=blank&r=g\",\"url\":\"https:\\\/\\\/secure.gravatar.com\\\/avatar\\\/d5aef9280788360e1098586a07ea1a9593a84194d0949f874eb59c76a8ea1f1f?s=96&d=blank&r=g\",\"contentUrl\":\"https:\\\/\\\/secure.gravatar.com\\\/avatar\\\/d5aef9280788360e1098586a07ea1a9593a84194d0949f874eb59c76a8ea1f1f?s=96&d=blank&r=g\",\"caption\":\"Cara Zwibel\"},\"url\":\"https:\\\/\\\/dev.ccla.org\\\/fr\\\/author\\\/cara\\\/\"}]}<\/script>\n<!-- \/ Yoast SEO plugin. -->","yoast_head_json":{"title":"Pouvoirs d\u2019urgence et transparence - CCLA","robots":{"index":"noindex","follow":"follow","max-snippet":"max-snippet:-1","max-image-preview":"max-image-preview:large","max-video-preview":"max-video-preview:-1"},"og_locale":"fr_CA","og_type":"article","og_title":"Pouvoirs d\u2019urgence et transparence - CCLA","og_description":"Pour les d\u00e9fenseurs des libert\u00e9s civiles, invoquer une l\u00e9gislation d\u2019urgence est g\u00e9n\u00e9ralement consid\u00e9r\u00e9 comme interdit. En tant qu\u2019organisme de surveillance des droits civiques pour les droits et libert\u00e9s civiles, l\u2019Association canadienne des libert\u00e9s civiles suit de pr\u00e8s les d\u00e9veloppements. Nous reconnaissons la n\u00e9cessit\u00e9 de mesures extraordinaires, mais nous voulons aussi veiller \u00e0 ce que nos gouvernements soient transparents et responsables.","og_url":"https:\/\/dev.ccla.org\/fr\/libertes-fondamentales\/pouvoirs-durgence-et-transparence\/","og_site_name":"CCLA","article_published_time":"2020-03-25T06:50:12+00:00","article_modified_time":"2026-04-23T18:44:32+00:00","og_image":[{"width":2000,"height":800,"url":"https:\/\/dev.ccla.org\/wp-content\/uploads\/2021\/06\/benoit-debaix-ReUoz0CwfGo-unsplash.jpg","type":"image\/jpeg"}],"author":"Cara Zwibel","twitter_card":"summary_large_image","twitter_misc":{"\u00c9crit par":"Cara Zwibel","Estimation du temps de lecture":"8 minutes"},"schema":{"@context":"https:\/\/schema.org","@graph":[{"@type":"Article","@id":"https:\/\/dev.ccla.org\/fr\/libertes-fondamentales\/pouvoirs-durgence-et-transparence\/#article","isPartOf":{"@id":"https:\/\/dev.ccla.org\/fr\/libertes-fondamentales\/pouvoirs-durgence-et-transparence\/"},"author":{"name":"Cara Zwibel","@id":"https:\/\/dev.ccla.org\/fr\/#\/schema\/person\/8368a5ac21ca7b57c98675d10160cbb9"},"headline":"Pouvoirs d\u2019urgence et transparence","datePublished":"2020-03-25T06:50:12+00:00","dateModified":"2026-04-23T18:44:32+00:00","mainEntityOfPage":{"@id":"https:\/\/dev.ccla.org\/fr\/libertes-fondamentales\/pouvoirs-durgence-et-transparence\/"},"wordCount":1693,"image":{"@id":"https:\/\/dev.ccla.org\/fr\/libertes-fondamentales\/pouvoirs-durgence-et-transparence\/#primaryimage"},"thumbnailUrl":"https:\/\/dev.ccla.org\/wp-content\/uploads\/2021\/06\/benoit-debaix-ReUoz0CwfGo-unsplash.jpg","articleSection":["COVID-19","Droits d\u00e9mocratiques","LIBERT\u00c9S FONDAMENTALES"],"inLanguage":"fr-CA"},{"@type":"WebPage","@id":"https:\/\/dev.ccla.org\/fr\/libertes-fondamentales\/pouvoirs-durgence-et-transparence\/","url":"https:\/\/dev.ccla.org\/fr\/libertes-fondamentales\/pouvoirs-durgence-et-transparence\/","name":"Pouvoirs d\u2019urgence et transparence - CCLA","isPartOf":{"@id":"https:\/\/dev.ccla.org\/fr\/#website"},"primaryImageOfPage":{"@id":"https:\/\/dev.ccla.org\/fr\/libertes-fondamentales\/pouvoirs-durgence-et-transparence\/#primaryimage"},"image":{"@id":"https:\/\/dev.ccla.org\/fr\/libertes-fondamentales\/pouvoirs-durgence-et-transparence\/#primaryimage"},"thumbnailUrl":"https:\/\/dev.ccla.org\/wp-content\/uploads\/2021\/06\/benoit-debaix-ReUoz0CwfGo-unsplash.jpg","datePublished":"2020-03-25T06:50:12+00:00","dateModified":"2026-04-23T18:44:32+00:00","author":{"@id":"https:\/\/dev.ccla.org\/fr\/#\/schema\/person\/8368a5ac21ca7b57c98675d10160cbb9"},"breadcrumb":{"@id":"https:\/\/dev.ccla.org\/fr\/libertes-fondamentales\/pouvoirs-durgence-et-transparence\/#breadcrumb"},"inLanguage":"fr-CA","potentialAction":[{"@type":"ReadAction","target":["https:\/\/dev.ccla.org\/fr\/libertes-fondamentales\/pouvoirs-durgence-et-transparence\/"]}]},{"@type":"ImageObject","inLanguage":"fr-CA","@id":"https:\/\/dev.ccla.org\/fr\/libertes-fondamentales\/pouvoirs-durgence-et-transparence\/#primaryimage","url":"https:\/\/dev.ccla.org\/wp-content\/uploads\/2021\/06\/benoit-debaix-ReUoz0CwfGo-unsplash.jpg","contentUrl":"https:\/\/dev.ccla.org\/wp-content\/uploads\/2021\/06\/benoit-debaix-ReUoz0CwfGo-unsplash.jpg","width":2000,"height":800},{"@type":"BreadcrumbList","@id":"https:\/\/dev.ccla.org\/fr\/libertes-fondamentales\/pouvoirs-durgence-et-transparence\/#breadcrumb","itemListElement":[{"@type":"ListItem","position":1,"name":"Home","item":"https:\/\/dev.ccla.org\/fr\/accueil\/"},{"@type":"ListItem","position":2,"name":"Non class\u00e9","item":"https:\/\/dev.ccla.org\/fr\/category\/non-classe\/"},{"@type":"ListItem","position":3,"name":"Pouvoirs d\u2019urgence et transparence"}]},{"@type":"WebSite","@id":"https:\/\/dev.ccla.org\/fr\/#website","url":"https:\/\/dev.ccla.org\/fr\/","name":"CCLA","description":"","potentialAction":[{"@type":"SearchAction","target":{"@type":"EntryPoint","urlTemplate":"https:\/\/dev.ccla.org\/fr\/?s={search_term_string}"},"query-input":{"@type":"PropertyValueSpecification","valueRequired":true,"valueName":"search_term_string"}}],"inLanguage":"fr-CA"},{"@type":"Person","@id":"https:\/\/dev.ccla.org\/fr\/#\/schema\/person\/8368a5ac21ca7b57c98675d10160cbb9","name":"Cara Zwibel","image":{"@type":"ImageObject","inLanguage":"fr-CA","@id":"https:\/\/secure.gravatar.com\/avatar\/d5aef9280788360e1098586a07ea1a9593a84194d0949f874eb59c76a8ea1f1f?s=96&d=blank&r=g","url":"https:\/\/secure.gravatar.com\/avatar\/d5aef9280788360e1098586a07ea1a9593a84194d0949f874eb59c76a8ea1f1f?s=96&d=blank&r=g","contentUrl":"https:\/\/secure.gravatar.com\/avatar\/d5aef9280788360e1098586a07ea1a9593a84194d0949f874eb59c76a8ea1f1f?s=96&d=blank&r=g","caption":"Cara Zwibel"},"url":"https:\/\/dev.ccla.org\/fr\/author\/cara\/"}]}},"_links":{"self":[{"href":"https:\/\/dev.ccla.org\/fr\/wp-json\/wp\/v2\/posts\/16862","targetHints":{"allow":["GET"]}}],"collection":[{"href":"https:\/\/dev.ccla.org\/fr\/wp-json\/wp\/v2\/posts"}],"about":[{"href":"https:\/\/dev.ccla.org\/fr\/wp-json\/wp\/v2\/types\/post"}],"author":[{"embeddable":true,"href":"https:\/\/dev.ccla.org\/fr\/wp-json\/wp\/v2\/users\/8"}],"replies":[{"embeddable":true,"href":"https:\/\/dev.ccla.org\/fr\/wp-json\/wp\/v2\/comments?post=16862"}],"version-history":[{"count":2,"href":"https:\/\/dev.ccla.org\/fr\/wp-json\/wp\/v2\/posts\/16862\/revisions"}],"predecessor-version":[{"id":16866,"href":"https:\/\/dev.ccla.org\/fr\/wp-json\/wp\/v2\/posts\/16862\/revisions\/16866"}],"wp:featuredmedia":[{"embeddable":true,"href":"https:\/\/dev.ccla.org\/fr\/wp-json\/wp\/v2\/media\/14234"}],"wp:attachment":[{"href":"https:\/\/dev.ccla.org\/fr\/wp-json\/wp\/v2\/media?parent=16862"}],"wp:term":[{"taxonomy":"category","embeddable":true,"href":"https:\/\/dev.ccla.org\/fr\/wp-json\/wp\/v2\/categories?post=16862"},{"taxonomy":"post_tag","embeddable":true,"href":"https:\/\/dev.ccla.org\/fr\/wp-json\/wp\/v2\/tags?post=16862"}],"curies":[{"name":"wp","href":"https:\/\/api.w.org\/{rel}","templated":true}]}}