{"id":16808,"date":"2019-04-18T01:11:32","date_gmt":"2019-04-18T05:11:32","guid":{"rendered":"https:\/\/dev.ccla.org\/non-classe\/le-canada-repond-a-la-demande-de-la-ccla-pour-la-remise-a-jour-du-projet-de-quai-de-toronto-au-bord-de-leau\/"},"modified":"2019-04-18T01:11:32","modified_gmt":"2019-04-18T05:11:32","slug":"le-canada-repond-a-la-demande-de-la-ccla-pour-la-remise-a-jour-du-projet-de-quai-de-toronto-au-bord-de-leau","status":"publish","type":"post","link":"https:\/\/dev.ccla.org\/fr\/vie-privee\/surveillance-et-technologie\/le-canada-repond-a-la-demande-de-la-ccla-pour-la-remise-a-jour-du-projet-de-quai-de-toronto-au-bord-de-leau\/","title":{"rendered":"Le Canada r\u00e9pond \u00e0 la demande de la CCLA pour la remise \u00e0 jour du projet de quai de Toronto au bord de l\u2019eau"},"content":{"rendered":"","protected":false},"excerpt":{"rendered":"<p>Le Canada r\u00e9pond \u00e0 la demande de la CCLA pour la remise \u00e0 jour du projet de quai de Toronto au bord de l\u2019eau<\/p>\n","protected":false},"author":4,"featured_media":12588,"comment_status":"closed","ping_status":"closed","sticky":false,"template":"","format":"link","meta":{"footnotes":""},"categories":[304,400,317,277,394],"tags":[],"class_list":{"0":"post-16808","1":"post","2":"type-post","3":"status-publish","4":"format-link","5":"has-post-thumbnail","7":"category-affaires-majeures-et-rapports","8":"category-la-ville-intelligente-de-toronto","9":"category-surveillance-et-technologie","10":"category-vie-privee","11":"category-villes-intelligentes","12":"post_format-post-format-link"},"yoast_head":"<!-- This site is optimized with the Yoast SEO plugin v27.4 - https:\/\/yoast.com\/product\/yoast-seo-wordpress\/ -->\n<title>Le Canada r\u00e9pond \u00e0 la demande de la CCLA pour la remise \u00e0 jour du projet de quai de Toronto au bord de l\u2019eau - CCLA<\/title>\n<meta name=\"robots\" content=\"noindex, follow, max-snippet:-1, max-image-preview:large, max-video-preview:-1\" \/>\n<meta property=\"og:locale\" content=\"fr_CA\" \/>\n<meta property=\"og:type\" content=\"article\" \/>\n<meta property=\"og:title\" content=\"Le Canada r\u00e9pond \u00e0 la demande de la CCLA pour la remise \u00e0 jour du projet de quai de Toronto au bord de l\u2019eau - CCLA\" \/>\n<meta property=\"og:description\" content=\"Le Canada r\u00e9pond \u00e0 la demande de la CCLA pour la remise \u00e0 jour du projet de quai de Toronto au bord de l\u2019eau\" \/>\n<meta property=\"og:url\" content=\"https:\/\/dev.ccla.org\/fr\/vie-privee\/surveillance-et-technologie\/le-canada-repond-a-la-demande-de-la-ccla-pour-la-remise-a-jour-du-projet-de-quai-de-toronto-au-bord-de-leau\/\" \/>\n<meta property=\"og:site_name\" content=\"CCLA\" \/>\n<meta property=\"article:published_time\" content=\"2019-04-18T05:11:32+00:00\" \/>\n<meta property=\"og:image\" content=\"https:\/\/dev.ccla.org\/wp-content\/uploads\/2021\/06\/newspaper-PWGHFCK.jpg\" \/>\n\t<meta property=\"og:image:width\" content=\"2000\" \/>\n\t<meta property=\"og:image:height\" content=\"800\" \/>\n\t<meta property=\"og:image:type\" content=\"image\/jpeg\" \/>\n<meta name=\"author\" content=\"CCLA\" \/>\n<meta name=\"twitter:card\" content=\"summary_large_image\" \/>\n<meta name=\"twitter:label1\" content=\"\u00c9crit par\" \/>\n\t<meta name=\"twitter:data1\" content=\"CCLA\" \/>\n<script type=\"application\/ld+json\" class=\"yoast-schema-graph\">{\"@context\":\"https:\\\/\\\/schema.org\",\"@graph\":[{\"@type\":\"Article\",\"@id\":\"https:\\\/\\\/dev.ccla.org\\\/fr\\\/vie-privee\\\/surveillance-et-technologie\\\/le-canada-repond-a-la-demande-de-la-ccla-pour-la-remise-a-jour-du-projet-de-quai-de-toronto-au-bord-de-leau\\\/#article\",\"isPartOf\":{\"@id\":\"https:\\\/\\\/dev.ccla.org\\\/fr\\\/vie-privee\\\/surveillance-et-technologie\\\/le-canada-repond-a-la-demande-de-la-ccla-pour-la-remise-a-jour-du-projet-de-quai-de-toronto-au-bord-de-leau\\\/\"},\"author\":{\"name\":\"CCLA\",\"@id\":\"https:\\\/\\\/dev.ccla.org\\\/fr\\\/#\\\/schema\\\/person\\\/e48728d4a52926205e807fd8c52bf3b0\"},\"headline\":\"Le Canada r\u00e9pond \u00e0 la demande de la CCLA pour la remise \u00e0 jour du projet de quai de Toronto au bord de l\u2019eau\",\"datePublished\":\"2019-04-18T05:11:32+00:00\",\"mainEntityOfPage\":{\"@id\":\"https:\\\/\\\/dev.ccla.org\\\/fr\\\/vie-privee\\\/surveillance-et-technologie\\\/le-canada-repond-a-la-demande-de-la-ccla-pour-la-remise-a-jour-du-projet-de-quai-de-toronto-au-bord-de-leau\\\/\"},\"wordCount\":24,\"image\":{\"@id\":\"https:\\\/\\\/dev.ccla.org\\\/fr\\\/vie-privee\\\/surveillance-et-technologie\\\/le-canada-repond-a-la-demande-de-la-ccla-pour-la-remise-a-jour-du-projet-de-quai-de-toronto-au-bord-de-leau\\\/#primaryimage\"},\"thumbnailUrl\":\"https:\\\/\\\/dev.ccla.org\\\/wp-content\\\/uploads\\\/2021\\\/06\\\/newspaper-PWGHFCK.jpg\",\"articleSection\":[\"AFFAIRES MAJEURES ET RAPPORTS\",\"La ville intelligente de Toronto\",\"Surveillance et technologie\",\"VIE PRIV\u00c9E\",\"Villes intelligentes\"],\"inLanguage\":\"fr-CA\"},{\"@type\":\"WebPage\",\"@id\":\"https:\\\/\\\/dev.ccla.org\\\/fr\\\/vie-privee\\\/surveillance-et-technologie\\\/le-canada-repond-a-la-demande-de-la-ccla-pour-la-remise-a-jour-du-projet-de-quai-de-toronto-au-bord-de-leau\\\/\",\"url\":\"https:\\\/\\\/dev.ccla.org\\\/fr\\\/vie-privee\\\/surveillance-et-technologie\\\/le-canada-repond-a-la-demande-de-la-ccla-pour-la-remise-a-jour-du-projet-de-quai-de-toronto-au-bord-de-leau\\\/\",\"name\":\"Le Canada r\u00e9pond \u00e0 la demande de la CCLA pour la remise \u00e0 jour du projet de quai de Toronto au bord de l\u2019eau - CCLA\",\"isPartOf\":{\"@id\":\"https:\\\/\\\/dev.ccla.org\\\/fr\\\/#website\"},\"primaryImageOfPage\":{\"@id\":\"https:\\\/\\\/dev.ccla.org\\\/fr\\\/vie-privee\\\/surveillance-et-technologie\\\/le-canada-repond-a-la-demande-de-la-ccla-pour-la-remise-a-jour-du-projet-de-quai-de-toronto-au-bord-de-leau\\\/#primaryimage\"},\"image\":{\"@id\":\"https:\\\/\\\/dev.ccla.org\\\/fr\\\/vie-privee\\\/surveillance-et-technologie\\\/le-canada-repond-a-la-demande-de-la-ccla-pour-la-remise-a-jour-du-projet-de-quai-de-toronto-au-bord-de-leau\\\/#primaryimage\"},\"thumbnailUrl\":\"https:\\\/\\\/dev.ccla.org\\\/wp-content\\\/uploads\\\/2021\\\/06\\\/newspaper-PWGHFCK.jpg\",\"datePublished\":\"2019-04-18T05:11:32+00:00\",\"author\":{\"@id\":\"https:\\\/\\\/dev.ccla.org\\\/fr\\\/#\\\/schema\\\/person\\\/e48728d4a52926205e807fd8c52bf3b0\"},\"breadcrumb\":{\"@id\":\"https:\\\/\\\/dev.ccla.org\\\/fr\\\/vie-privee\\\/surveillance-et-technologie\\\/le-canada-repond-a-la-demande-de-la-ccla-pour-la-remise-a-jour-du-projet-de-quai-de-toronto-au-bord-de-leau\\\/#breadcrumb\"},\"inLanguage\":\"fr-CA\",\"potentialAction\":[{\"@type\":\"ReadAction\",\"target\":[\"https:\\\/\\\/dev.ccla.org\\\/fr\\\/vie-privee\\\/surveillance-et-technologie\\\/le-canada-repond-a-la-demande-de-la-ccla-pour-la-remise-a-jour-du-projet-de-quai-de-toronto-au-bord-de-leau\\\/\"]}]},{\"@type\":\"ImageObject\",\"inLanguage\":\"fr-CA\",\"@id\":\"https:\\\/\\\/dev.ccla.org\\\/fr\\\/vie-privee\\\/surveillance-et-technologie\\\/le-canada-repond-a-la-demande-de-la-ccla-pour-la-remise-a-jour-du-projet-de-quai-de-toronto-au-bord-de-leau\\\/#primaryimage\",\"url\":\"https:\\\/\\\/dev.ccla.org\\\/wp-content\\\/uploads\\\/2021\\\/06\\\/newspaper-PWGHFCK.jpg\",\"contentUrl\":\"https:\\\/\\\/dev.ccla.org\\\/wp-content\\\/uploads\\\/2021\\\/06\\\/newspaper-PWGHFCK.jpg\",\"width\":2000,\"height\":800},{\"@type\":\"BreadcrumbList\",\"@id\":\"https:\\\/\\\/dev.ccla.org\\\/fr\\\/vie-privee\\\/surveillance-et-technologie\\\/le-canada-repond-a-la-demande-de-la-ccla-pour-la-remise-a-jour-du-projet-de-quai-de-toronto-au-bord-de-leau\\\/#breadcrumb\",\"itemListElement\":[{\"@type\":\"ListItem\",\"position\":1,\"name\":\"Home\",\"item\":\"https:\\\/\\\/dev.ccla.org\\\/fr\\\/accueil\\\/\"},{\"@type\":\"ListItem\",\"position\":2,\"name\":\"Non class\u00e9\",\"item\":\"https:\\\/\\\/dev.ccla.org\\\/fr\\\/category\\\/non-classe\\\/\"},{\"@type\":\"ListItem\",\"position\":3,\"name\":\"Le Canada r\u00e9pond \u00e0 la demande de la CCLA pour la remise \u00e0 jour du projet de quai de Toronto au bord de l\u2019eau\"}]},{\"@type\":\"WebSite\",\"@id\":\"https:\\\/\\\/dev.ccla.org\\\/fr\\\/#website\",\"url\":\"https:\\\/\\\/dev.ccla.org\\\/fr\\\/\",\"name\":\"CCLA\",\"description\":\"\",\"potentialAction\":[{\"@type\":\"SearchAction\",\"target\":{\"@type\":\"EntryPoint\",\"urlTemplate\":\"https:\\\/\\\/dev.ccla.org\\\/fr\\\/?s={search_term_string}\"},\"query-input\":{\"@type\":\"PropertyValueSpecification\",\"valueRequired\":true,\"valueName\":\"search_term_string\"}}],\"inLanguage\":\"fr-CA\"},{\"@type\":\"Person\",\"@id\":\"https:\\\/\\\/dev.ccla.org\\\/fr\\\/#\\\/schema\\\/person\\\/e48728d4a52926205e807fd8c52bf3b0\",\"name\":\"CCLA\",\"image\":{\"@type\":\"ImageObject\",\"inLanguage\":\"fr-CA\",\"@id\":\"https:\\\/\\\/secure.gravatar.com\\\/avatar\\\/03b13921772ba279da547407d7a85f0b4a10bdf8cc9a026f2ac4e10643eee315?s=96&d=blank&r=g\",\"url\":\"https:\\\/\\\/secure.gravatar.com\\\/avatar\\\/03b13921772ba279da547407d7a85f0b4a10bdf8cc9a026f2ac4e10643eee315?s=96&d=blank&r=g\",\"contentUrl\":\"https:\\\/\\\/secure.gravatar.com\\\/avatar\\\/03b13921772ba279da547407d7a85f0b4a10bdf8cc9a026f2ac4e10643eee315?s=96&d=blank&r=g\",\"caption\":\"CCLA\"},\"url\":\"https:\\\/\\\/dev.ccla.org\\\/fr\\\/author\\\/ccla\\\/\"}]}<\/script>\n<!-- \/ Yoast SEO plugin. -->","yoast_head_json":{"title":"Le Canada r\u00e9pond \u00e0 la demande de la CCLA pour la remise \u00e0 jour du projet de quai de Toronto au bord de l\u2019eau - CCLA","robots":{"index":"noindex","follow":"follow","max-snippet":"max-snippet:-1","max-image-preview":"max-image-preview:large","max-video-preview":"max-video-preview:-1"},"og_locale":"fr_CA","og_type":"article","og_title":"Le Canada r\u00e9pond \u00e0 la demande de la CCLA pour la remise \u00e0 jour du projet de quai de Toronto au bord de l\u2019eau - CCLA","og_description":"Le Canada r\u00e9pond \u00e0 la demande de la CCLA pour la remise \u00e0 jour du projet de quai de Toronto au bord de l\u2019eau","og_url":"https:\/\/dev.ccla.org\/fr\/vie-privee\/surveillance-et-technologie\/le-canada-repond-a-la-demande-de-la-ccla-pour-la-remise-a-jour-du-projet-de-quai-de-toronto-au-bord-de-leau\/","og_site_name":"CCLA","article_published_time":"2019-04-18T05:11:32+00:00","og_image":[{"width":2000,"height":800,"url":"https:\/\/dev.ccla.org\/wp-content\/uploads\/2021\/06\/newspaper-PWGHFCK.jpg","type":"image\/jpeg"}],"author":"CCLA","twitter_card":"summary_large_image","twitter_misc":{"\u00c9crit par":"CCLA"},"schema":{"@context":"https:\/\/schema.org","@graph":[{"@type":"Article","@id":"https:\/\/dev.ccla.org\/fr\/vie-privee\/surveillance-et-technologie\/le-canada-repond-a-la-demande-de-la-ccla-pour-la-remise-a-jour-du-projet-de-quai-de-toronto-au-bord-de-leau\/#article","isPartOf":{"@id":"https:\/\/dev.ccla.org\/fr\/vie-privee\/surveillance-et-technologie\/le-canada-repond-a-la-demande-de-la-ccla-pour-la-remise-a-jour-du-projet-de-quai-de-toronto-au-bord-de-leau\/"},"author":{"name":"CCLA","@id":"https:\/\/dev.ccla.org\/fr\/#\/schema\/person\/e48728d4a52926205e807fd8c52bf3b0"},"headline":"Le Canada r\u00e9pond \u00e0 la demande de la CCLA pour la remise \u00e0 jour du projet de quai de Toronto au bord de l\u2019eau","datePublished":"2019-04-18T05:11:32+00:00","mainEntityOfPage":{"@id":"https:\/\/dev.ccla.org\/fr\/vie-privee\/surveillance-et-technologie\/le-canada-repond-a-la-demande-de-la-ccla-pour-la-remise-a-jour-du-projet-de-quai-de-toronto-au-bord-de-leau\/"},"wordCount":24,"image":{"@id":"https:\/\/dev.ccla.org\/fr\/vie-privee\/surveillance-et-technologie\/le-canada-repond-a-la-demande-de-la-ccla-pour-la-remise-a-jour-du-projet-de-quai-de-toronto-au-bord-de-leau\/#primaryimage"},"thumbnailUrl":"https:\/\/dev.ccla.org\/wp-content\/uploads\/2021\/06\/newspaper-PWGHFCK.jpg","articleSection":["AFFAIRES MAJEURES ET RAPPORTS","La ville intelligente de Toronto","Surveillance et technologie","VIE PRIV\u00c9E","Villes intelligentes"],"inLanguage":"fr-CA"},{"@type":"WebPage","@id":"https:\/\/dev.ccla.org\/fr\/vie-privee\/surveillance-et-technologie\/le-canada-repond-a-la-demande-de-la-ccla-pour-la-remise-a-jour-du-projet-de-quai-de-toronto-au-bord-de-leau\/","url":"https:\/\/dev.ccla.org\/fr\/vie-privee\/surveillance-et-technologie\/le-canada-repond-a-la-demande-de-la-ccla-pour-la-remise-a-jour-du-projet-de-quai-de-toronto-au-bord-de-leau\/","name":"Le Canada r\u00e9pond \u00e0 la demande de la CCLA pour la remise \u00e0 jour du projet de quai de Toronto au bord de l\u2019eau - CCLA","isPartOf":{"@id":"https:\/\/dev.ccla.org\/fr\/#website"},"primaryImageOfPage":{"@id":"https:\/\/dev.ccla.org\/fr\/vie-privee\/surveillance-et-technologie\/le-canada-repond-a-la-demande-de-la-ccla-pour-la-remise-a-jour-du-projet-de-quai-de-toronto-au-bord-de-leau\/#primaryimage"},"image":{"@id":"https:\/\/dev.ccla.org\/fr\/vie-privee\/surveillance-et-technologie\/le-canada-repond-a-la-demande-de-la-ccla-pour-la-remise-a-jour-du-projet-de-quai-de-toronto-au-bord-de-leau\/#primaryimage"},"thumbnailUrl":"https:\/\/dev.ccla.org\/wp-content\/uploads\/2021\/06\/newspaper-PWGHFCK.jpg","datePublished":"2019-04-18T05:11:32+00:00","author":{"@id":"https:\/\/dev.ccla.org\/fr\/#\/schema\/person\/e48728d4a52926205e807fd8c52bf3b0"},"breadcrumb":{"@id":"https:\/\/dev.ccla.org\/fr\/vie-privee\/surveillance-et-technologie\/le-canada-repond-a-la-demande-de-la-ccla-pour-la-remise-a-jour-du-projet-de-quai-de-toronto-au-bord-de-leau\/#breadcrumb"},"inLanguage":"fr-CA","potentialAction":[{"@type":"ReadAction","target":["https:\/\/dev.ccla.org\/fr\/vie-privee\/surveillance-et-technologie\/le-canada-repond-a-la-demande-de-la-ccla-pour-la-remise-a-jour-du-projet-de-quai-de-toronto-au-bord-de-leau\/"]}]},{"@type":"ImageObject","inLanguage":"fr-CA","@id":"https:\/\/dev.ccla.org\/fr\/vie-privee\/surveillance-et-technologie\/le-canada-repond-a-la-demande-de-la-ccla-pour-la-remise-a-jour-du-projet-de-quai-de-toronto-au-bord-de-leau\/#primaryimage","url":"https:\/\/dev.ccla.org\/wp-content\/uploads\/2021\/06\/newspaper-PWGHFCK.jpg","contentUrl":"https:\/\/dev.ccla.org\/wp-content\/uploads\/2021\/06\/newspaper-PWGHFCK.jpg","width":2000,"height":800},{"@type":"BreadcrumbList","@id":"https:\/\/dev.ccla.org\/fr\/vie-privee\/surveillance-et-technologie\/le-canada-repond-a-la-demande-de-la-ccla-pour-la-remise-a-jour-du-projet-de-quai-de-toronto-au-bord-de-leau\/#breadcrumb","itemListElement":[{"@type":"ListItem","position":1,"name":"Home","item":"https:\/\/dev.ccla.org\/fr\/accueil\/"},{"@type":"ListItem","position":2,"name":"Non class\u00e9","item":"https:\/\/dev.ccla.org\/fr\/category\/non-classe\/"},{"@type":"ListItem","position":3,"name":"Le Canada r\u00e9pond \u00e0 la demande de la CCLA pour la remise \u00e0 jour du projet de quai de Toronto au bord de l\u2019eau"}]},{"@type":"WebSite","@id":"https:\/\/dev.ccla.org\/fr\/#website","url":"https:\/\/dev.ccla.org\/fr\/","name":"CCLA","description":"","potentialAction":[{"@type":"SearchAction","target":{"@type":"EntryPoint","urlTemplate":"https:\/\/dev.ccla.org\/fr\/?s={search_term_string}"},"query-input":{"@type":"PropertyValueSpecification","valueRequired":true,"valueName":"search_term_string"}}],"inLanguage":"fr-CA"},{"@type":"Person","@id":"https:\/\/dev.ccla.org\/fr\/#\/schema\/person\/e48728d4a52926205e807fd8c52bf3b0","name":"CCLA","image":{"@type":"ImageObject","inLanguage":"fr-CA","@id":"https:\/\/secure.gravatar.com\/avatar\/03b13921772ba279da547407d7a85f0b4a10bdf8cc9a026f2ac4e10643eee315?s=96&d=blank&r=g","url":"https:\/\/secure.gravatar.com\/avatar\/03b13921772ba279da547407d7a85f0b4a10bdf8cc9a026f2ac4e10643eee315?s=96&d=blank&r=g","contentUrl":"https:\/\/secure.gravatar.com\/avatar\/03b13921772ba279da547407d7a85f0b4a10bdf8cc9a026f2ac4e10643eee315?s=96&d=blank&r=g","caption":"CCLA"},"url":"https:\/\/dev.ccla.org\/fr\/author\/ccla\/"}]}},"_links":{"self":[{"href":"https:\/\/dev.ccla.org\/fr\/wp-json\/wp\/v2\/posts\/16808","targetHints":{"allow":["GET"]}}],"collection":[{"href":"https:\/\/dev.ccla.org\/fr\/wp-json\/wp\/v2\/posts"}],"about":[{"href":"https:\/\/dev.ccla.org\/fr\/wp-json\/wp\/v2\/types\/post"}],"author":[{"embeddable":true,"href":"https:\/\/dev.ccla.org\/fr\/wp-json\/wp\/v2\/users\/4"}],"replies":[{"embeddable":true,"href":"https:\/\/dev.ccla.org\/fr\/wp-json\/wp\/v2\/comments?post=16808"}],"version-history":[{"count":0,"href":"https:\/\/dev.ccla.org\/fr\/wp-json\/wp\/v2\/posts\/16808\/revisions"}],"wp:featuredmedia":[{"embeddable":true,"href":"https:\/\/dev.ccla.org\/fr\/wp-json\/wp\/v2\/media\/12588"}],"wp:attachment":[{"href":"https:\/\/dev.ccla.org\/fr\/wp-json\/wp\/v2\/media?parent=16808"}],"wp:term":[{"taxonomy":"category","embeddable":true,"href":"https:\/\/dev.ccla.org\/fr\/wp-json\/wp\/v2\/categories?post=16808"},{"taxonomy":"post_tag","embeddable":true,"href":"https:\/\/dev.ccla.org\/fr\/wp-json\/wp\/v2\/tags?post=16808"}],"curies":[{"name":"wp","href":"https:\/\/api.w.org\/{rel}","templated":true}]}}