{"id":16792,"date":"2019-04-11T08:31:20","date_gmt":"2019-04-11T12:31:20","guid":{"rendered":"https:\/\/dev.ccla.org\/non-classe\/lettre-au-premier-ministre-concernant-les-mesures-relatives-aux-refugies-dans-le-projet-de-loi-budgetaire\/"},"modified":"2019-04-11T08:31:20","modified_gmt":"2019-04-11T12:31:20","slug":"lettre-au-premier-ministre-concernant-les-mesures-relatives-aux-refugies-dans-le-projet-de-loi-budgetaire","status":"publish","type":"post","link":"https:\/\/dev.ccla.org\/fr\/egalite\/refugies-et-immigration\/lettre-au-premier-ministre-concernant-les-mesures-relatives-aux-refugies-dans-le-projet-de-loi-budgetaire\/","title":{"rendered":"Lettre au Premier ministre concernant les mesures relatives aux r\u00e9fugi\u00e9s dans le projet de loi budg\u00e9taire"},"content":{"rendered":"","protected":false},"excerpt":{"rendered":"<p>Nous sommes des organisations de d\u00e9fense des droits humains et de soutien aux r\u00e9fugi\u00e9s et nous nous opposons fermement \u00e0 l\u2019inclusion d\u2019une r\u00e9forme inattendue, substantielle et profond\u00e9ment pr\u00e9occupante affectant les droits humains des r\u00e9fugi\u00e9s dans la loi g\u00e9n\u00e9rale sur la mise en \u0153uvre du budget, le projet de loi C-97.  <\/p>\n","protected":false},"author":4,"featured_media":14661,"comment_status":"closed","ping_status":"closed","sticky":false,"template":"","format":"link","meta":{"footnotes":""},"categories":[266,305],"tags":[],"class_list":{"0":"post-16792","1":"post","2":"type-post","3":"status-publish","4":"format-link","5":"has-post-thumbnail","7":"category-egalite","8":"category-refugies-et-immigration","9":"post_format-post-format-link"},"yoast_head":"<!-- This site is optimized with the Yoast SEO plugin v27.4 - https:\/\/yoast.com\/product\/yoast-seo-wordpress\/ -->\n<title>Lettre au Premier ministre concernant les mesures relatives aux r\u00e9fugi\u00e9s dans le projet de loi budg\u00e9taire - CCLA<\/title>\n<meta name=\"robots\" content=\"noindex, follow, max-snippet:-1, max-image-preview:large, max-video-preview:-1\" \/>\n<meta property=\"og:locale\" content=\"fr_CA\" \/>\n<meta property=\"og:type\" content=\"article\" \/>\n<meta property=\"og:title\" content=\"Lettre au Premier ministre concernant les mesures relatives aux r\u00e9fugi\u00e9s dans le projet de loi budg\u00e9taire - CCLA\" \/>\n<meta property=\"og:description\" content=\"Nous sommes des organisations de d\u00e9fense des droits humains et de soutien aux r\u00e9fugi\u00e9s et nous nous opposons fermement \u00e0 l\u2019inclusion d\u2019une r\u00e9forme inattendue, substantielle et profond\u00e9ment pr\u00e9occupante affectant les droits humains des r\u00e9fugi\u00e9s dans la loi g\u00e9n\u00e9rale sur la mise en \u0153uvre du budget, le projet de loi C-97.\" \/>\n<meta property=\"og:url\" content=\"https:\/\/dev.ccla.org\/fr\/egalite\/refugies-et-immigration\/lettre-au-premier-ministre-concernant-les-mesures-relatives-aux-refugies-dans-le-projet-de-loi-budgetaire\/\" \/>\n<meta property=\"og:site_name\" content=\"CCLA\" \/>\n<meta property=\"article:published_time\" content=\"2019-04-11T12:31:20+00:00\" \/>\n<meta property=\"og:image\" content=\"https:\/\/dev.ccla.org\/wp-content\/uploads\/2021\/06\/man-with-canadian-flag-smil-49LUX2M.jpg\" \/>\n\t<meta property=\"og:image:width\" content=\"2000\" \/>\n\t<meta property=\"og:image:height\" content=\"800\" \/>\n\t<meta property=\"og:image:type\" content=\"image\/jpeg\" \/>\n<meta name=\"author\" content=\"CCLA\" \/>\n<meta name=\"twitter:card\" content=\"summary_large_image\" \/>\n<meta name=\"twitter:label1\" content=\"\u00c9crit par\" \/>\n\t<meta name=\"twitter:data1\" content=\"CCLA\" \/>\n<script type=\"application\/ld+json\" class=\"yoast-schema-graph\">{\"@context\":\"https:\\\/\\\/schema.org\",\"@graph\":[{\"@type\":\"Article\",\"@id\":\"https:\\\/\\\/dev.ccla.org\\\/fr\\\/egalite\\\/refugies-et-immigration\\\/lettre-au-premier-ministre-concernant-les-mesures-relatives-aux-refugies-dans-le-projet-de-loi-budgetaire\\\/#article\",\"isPartOf\":{\"@id\":\"https:\\\/\\\/dev.ccla.org\\\/fr\\\/egalite\\\/refugies-et-immigration\\\/lettre-au-premier-ministre-concernant-les-mesures-relatives-aux-refugies-dans-le-projet-de-loi-budgetaire\\\/\"},\"author\":{\"name\":\"CCLA\",\"@id\":\"https:\\\/\\\/dev.ccla.org\\\/fr\\\/#\\\/schema\\\/person\\\/e48728d4a52926205e807fd8c52bf3b0\"},\"headline\":\"Lettre au Premier ministre concernant les mesures relatives aux r\u00e9fugi\u00e9s dans le projet de loi budg\u00e9taire\",\"datePublished\":\"2019-04-11T12:31:20+00:00\",\"mainEntityOfPage\":{\"@id\":\"https:\\\/\\\/dev.ccla.org\\\/fr\\\/egalite\\\/refugies-et-immigration\\\/lettre-au-premier-ministre-concernant-les-mesures-relatives-aux-refugies-dans-le-projet-de-loi-budgetaire\\\/\"},\"wordCount\":19,\"image\":{\"@id\":\"https:\\\/\\\/dev.ccla.org\\\/fr\\\/egalite\\\/refugies-et-immigration\\\/lettre-au-premier-ministre-concernant-les-mesures-relatives-aux-refugies-dans-le-projet-de-loi-budgetaire\\\/#primaryimage\"},\"thumbnailUrl\":\"https:\\\/\\\/dev.ccla.org\\\/wp-content\\\/uploads\\\/2021\\\/06\\\/man-with-canadian-flag-smil-49LUX2M.jpg\",\"articleSection\":[\"\u00c9GALIT\u00c9\",\"R\u00e9fugi\u00e9s et immigration\"],\"inLanguage\":\"fr-CA\"},{\"@type\":\"WebPage\",\"@id\":\"https:\\\/\\\/dev.ccla.org\\\/fr\\\/egalite\\\/refugies-et-immigration\\\/lettre-au-premier-ministre-concernant-les-mesures-relatives-aux-refugies-dans-le-projet-de-loi-budgetaire\\\/\",\"url\":\"https:\\\/\\\/dev.ccla.org\\\/fr\\\/egalite\\\/refugies-et-immigration\\\/lettre-au-premier-ministre-concernant-les-mesures-relatives-aux-refugies-dans-le-projet-de-loi-budgetaire\\\/\",\"name\":\"Lettre au Premier ministre concernant les mesures relatives aux r\u00e9fugi\u00e9s dans le projet de loi budg\u00e9taire - CCLA\",\"isPartOf\":{\"@id\":\"https:\\\/\\\/dev.ccla.org\\\/fr\\\/#website\"},\"primaryImageOfPage\":{\"@id\":\"https:\\\/\\\/dev.ccla.org\\\/fr\\\/egalite\\\/refugies-et-immigration\\\/lettre-au-premier-ministre-concernant-les-mesures-relatives-aux-refugies-dans-le-projet-de-loi-budgetaire\\\/#primaryimage\"},\"image\":{\"@id\":\"https:\\\/\\\/dev.ccla.org\\\/fr\\\/egalite\\\/refugies-et-immigration\\\/lettre-au-premier-ministre-concernant-les-mesures-relatives-aux-refugies-dans-le-projet-de-loi-budgetaire\\\/#primaryimage\"},\"thumbnailUrl\":\"https:\\\/\\\/dev.ccla.org\\\/wp-content\\\/uploads\\\/2021\\\/06\\\/man-with-canadian-flag-smil-49LUX2M.jpg\",\"datePublished\":\"2019-04-11T12:31:20+00:00\",\"author\":{\"@id\":\"https:\\\/\\\/dev.ccla.org\\\/fr\\\/#\\\/schema\\\/person\\\/e48728d4a52926205e807fd8c52bf3b0\"},\"breadcrumb\":{\"@id\":\"https:\\\/\\\/dev.ccla.org\\\/fr\\\/egalite\\\/refugies-et-immigration\\\/lettre-au-premier-ministre-concernant-les-mesures-relatives-aux-refugies-dans-le-projet-de-loi-budgetaire\\\/#breadcrumb\"},\"inLanguage\":\"fr-CA\",\"potentialAction\":[{\"@type\":\"ReadAction\",\"target\":[\"https:\\\/\\\/dev.ccla.org\\\/fr\\\/egalite\\\/refugies-et-immigration\\\/lettre-au-premier-ministre-concernant-les-mesures-relatives-aux-refugies-dans-le-projet-de-loi-budgetaire\\\/\"]}]},{\"@type\":\"ImageObject\",\"inLanguage\":\"fr-CA\",\"@id\":\"https:\\\/\\\/dev.ccla.org\\\/fr\\\/egalite\\\/refugies-et-immigration\\\/lettre-au-premier-ministre-concernant-les-mesures-relatives-aux-refugies-dans-le-projet-de-loi-budgetaire\\\/#primaryimage\",\"url\":\"https:\\\/\\\/dev.ccla.org\\\/wp-content\\\/uploads\\\/2021\\\/06\\\/man-with-canadian-flag-smil-49LUX2M.jpg\",\"contentUrl\":\"https:\\\/\\\/dev.ccla.org\\\/wp-content\\\/uploads\\\/2021\\\/06\\\/man-with-canadian-flag-smil-49LUX2M.jpg\",\"width\":2000,\"height\":800},{\"@type\":\"BreadcrumbList\",\"@id\":\"https:\\\/\\\/dev.ccla.org\\\/fr\\\/egalite\\\/refugies-et-immigration\\\/lettre-au-premier-ministre-concernant-les-mesures-relatives-aux-refugies-dans-le-projet-de-loi-budgetaire\\\/#breadcrumb\",\"itemListElement\":[{\"@type\":\"ListItem\",\"position\":1,\"name\":\"Home\",\"item\":\"https:\\\/\\\/dev.ccla.org\\\/fr\\\/accueil\\\/\"},{\"@type\":\"ListItem\",\"position\":2,\"name\":\"Non class\u00e9\",\"item\":\"https:\\\/\\\/dev.ccla.org\\\/fr\\\/category\\\/non-classe\\\/\"},{\"@type\":\"ListItem\",\"position\":3,\"name\":\"Lettre au Premier ministre concernant les mesures relatives aux r\u00e9fugi\u00e9s dans le projet de loi budg\u00e9taire\"}]},{\"@type\":\"WebSite\",\"@id\":\"https:\\\/\\\/dev.ccla.org\\\/fr\\\/#website\",\"url\":\"https:\\\/\\\/dev.ccla.org\\\/fr\\\/\",\"name\":\"CCLA\",\"description\":\"\",\"potentialAction\":[{\"@type\":\"SearchAction\",\"target\":{\"@type\":\"EntryPoint\",\"urlTemplate\":\"https:\\\/\\\/dev.ccla.org\\\/fr\\\/?s={search_term_string}\"},\"query-input\":{\"@type\":\"PropertyValueSpecification\",\"valueRequired\":true,\"valueName\":\"search_term_string\"}}],\"inLanguage\":\"fr-CA\"},{\"@type\":\"Person\",\"@id\":\"https:\\\/\\\/dev.ccla.org\\\/fr\\\/#\\\/schema\\\/person\\\/e48728d4a52926205e807fd8c52bf3b0\",\"name\":\"CCLA\",\"image\":{\"@type\":\"ImageObject\",\"inLanguage\":\"fr-CA\",\"@id\":\"https:\\\/\\\/secure.gravatar.com\\\/avatar\\\/03b13921772ba279da547407d7a85f0b4a10bdf8cc9a026f2ac4e10643eee315?s=96&d=blank&r=g\",\"url\":\"https:\\\/\\\/secure.gravatar.com\\\/avatar\\\/03b13921772ba279da547407d7a85f0b4a10bdf8cc9a026f2ac4e10643eee315?s=96&d=blank&r=g\",\"contentUrl\":\"https:\\\/\\\/secure.gravatar.com\\\/avatar\\\/03b13921772ba279da547407d7a85f0b4a10bdf8cc9a026f2ac4e10643eee315?s=96&d=blank&r=g\",\"caption\":\"CCLA\"},\"url\":\"https:\\\/\\\/dev.ccla.org\\\/fr\\\/author\\\/ccla\\\/\"}]}<\/script>\n<!-- \/ Yoast SEO plugin. -->","yoast_head_json":{"title":"Lettre au Premier ministre concernant les mesures relatives aux r\u00e9fugi\u00e9s dans le projet de loi budg\u00e9taire - CCLA","robots":{"index":"noindex","follow":"follow","max-snippet":"max-snippet:-1","max-image-preview":"max-image-preview:large","max-video-preview":"max-video-preview:-1"},"og_locale":"fr_CA","og_type":"article","og_title":"Lettre au Premier ministre concernant les mesures relatives aux r\u00e9fugi\u00e9s dans le projet de loi budg\u00e9taire - CCLA","og_description":"Nous sommes des organisations de d\u00e9fense des droits humains et de soutien aux r\u00e9fugi\u00e9s et nous nous opposons fermement \u00e0 l\u2019inclusion d\u2019une r\u00e9forme inattendue, substantielle et profond\u00e9ment pr\u00e9occupante affectant les droits humains des r\u00e9fugi\u00e9s dans la loi g\u00e9n\u00e9rale sur la mise en \u0153uvre du budget, le projet de loi C-97.","og_url":"https:\/\/dev.ccla.org\/fr\/egalite\/refugies-et-immigration\/lettre-au-premier-ministre-concernant-les-mesures-relatives-aux-refugies-dans-le-projet-de-loi-budgetaire\/","og_site_name":"CCLA","article_published_time":"2019-04-11T12:31:20+00:00","og_image":[{"width":2000,"height":800,"url":"https:\/\/dev.ccla.org\/wp-content\/uploads\/2021\/06\/man-with-canadian-flag-smil-49LUX2M.jpg","type":"image\/jpeg"}],"author":"CCLA","twitter_card":"summary_large_image","twitter_misc":{"\u00c9crit par":"CCLA"},"schema":{"@context":"https:\/\/schema.org","@graph":[{"@type":"Article","@id":"https:\/\/dev.ccla.org\/fr\/egalite\/refugies-et-immigration\/lettre-au-premier-ministre-concernant-les-mesures-relatives-aux-refugies-dans-le-projet-de-loi-budgetaire\/#article","isPartOf":{"@id":"https:\/\/dev.ccla.org\/fr\/egalite\/refugies-et-immigration\/lettre-au-premier-ministre-concernant-les-mesures-relatives-aux-refugies-dans-le-projet-de-loi-budgetaire\/"},"author":{"name":"CCLA","@id":"https:\/\/dev.ccla.org\/fr\/#\/schema\/person\/e48728d4a52926205e807fd8c52bf3b0"},"headline":"Lettre au Premier ministre concernant les mesures relatives aux r\u00e9fugi\u00e9s dans le projet de loi budg\u00e9taire","datePublished":"2019-04-11T12:31:20+00:00","mainEntityOfPage":{"@id":"https:\/\/dev.ccla.org\/fr\/egalite\/refugies-et-immigration\/lettre-au-premier-ministre-concernant-les-mesures-relatives-aux-refugies-dans-le-projet-de-loi-budgetaire\/"},"wordCount":19,"image":{"@id":"https:\/\/dev.ccla.org\/fr\/egalite\/refugies-et-immigration\/lettre-au-premier-ministre-concernant-les-mesures-relatives-aux-refugies-dans-le-projet-de-loi-budgetaire\/#primaryimage"},"thumbnailUrl":"https:\/\/dev.ccla.org\/wp-content\/uploads\/2021\/06\/man-with-canadian-flag-smil-49LUX2M.jpg","articleSection":["\u00c9GALIT\u00c9","R\u00e9fugi\u00e9s et immigration"],"inLanguage":"fr-CA"},{"@type":"WebPage","@id":"https:\/\/dev.ccla.org\/fr\/egalite\/refugies-et-immigration\/lettre-au-premier-ministre-concernant-les-mesures-relatives-aux-refugies-dans-le-projet-de-loi-budgetaire\/","url":"https:\/\/dev.ccla.org\/fr\/egalite\/refugies-et-immigration\/lettre-au-premier-ministre-concernant-les-mesures-relatives-aux-refugies-dans-le-projet-de-loi-budgetaire\/","name":"Lettre au Premier ministre concernant les mesures relatives aux r\u00e9fugi\u00e9s dans le projet de loi budg\u00e9taire - CCLA","isPartOf":{"@id":"https:\/\/dev.ccla.org\/fr\/#website"},"primaryImageOfPage":{"@id":"https:\/\/dev.ccla.org\/fr\/egalite\/refugies-et-immigration\/lettre-au-premier-ministre-concernant-les-mesures-relatives-aux-refugies-dans-le-projet-de-loi-budgetaire\/#primaryimage"},"image":{"@id":"https:\/\/dev.ccla.org\/fr\/egalite\/refugies-et-immigration\/lettre-au-premier-ministre-concernant-les-mesures-relatives-aux-refugies-dans-le-projet-de-loi-budgetaire\/#primaryimage"},"thumbnailUrl":"https:\/\/dev.ccla.org\/wp-content\/uploads\/2021\/06\/man-with-canadian-flag-smil-49LUX2M.jpg","datePublished":"2019-04-11T12:31:20+00:00","author":{"@id":"https:\/\/dev.ccla.org\/fr\/#\/schema\/person\/e48728d4a52926205e807fd8c52bf3b0"},"breadcrumb":{"@id":"https:\/\/dev.ccla.org\/fr\/egalite\/refugies-et-immigration\/lettre-au-premier-ministre-concernant-les-mesures-relatives-aux-refugies-dans-le-projet-de-loi-budgetaire\/#breadcrumb"},"inLanguage":"fr-CA","potentialAction":[{"@type":"ReadAction","target":["https:\/\/dev.ccla.org\/fr\/egalite\/refugies-et-immigration\/lettre-au-premier-ministre-concernant-les-mesures-relatives-aux-refugies-dans-le-projet-de-loi-budgetaire\/"]}]},{"@type":"ImageObject","inLanguage":"fr-CA","@id":"https:\/\/dev.ccla.org\/fr\/egalite\/refugies-et-immigration\/lettre-au-premier-ministre-concernant-les-mesures-relatives-aux-refugies-dans-le-projet-de-loi-budgetaire\/#primaryimage","url":"https:\/\/dev.ccla.org\/wp-content\/uploads\/2021\/06\/man-with-canadian-flag-smil-49LUX2M.jpg","contentUrl":"https:\/\/dev.ccla.org\/wp-content\/uploads\/2021\/06\/man-with-canadian-flag-smil-49LUX2M.jpg","width":2000,"height":800},{"@type":"BreadcrumbList","@id":"https:\/\/dev.ccla.org\/fr\/egalite\/refugies-et-immigration\/lettre-au-premier-ministre-concernant-les-mesures-relatives-aux-refugies-dans-le-projet-de-loi-budgetaire\/#breadcrumb","itemListElement":[{"@type":"ListItem","position":1,"name":"Home","item":"https:\/\/dev.ccla.org\/fr\/accueil\/"},{"@type":"ListItem","position":2,"name":"Non class\u00e9","item":"https:\/\/dev.ccla.org\/fr\/category\/non-classe\/"},{"@type":"ListItem","position":3,"name":"Lettre au Premier ministre concernant les mesures relatives aux r\u00e9fugi\u00e9s dans le projet de loi budg\u00e9taire"}]},{"@type":"WebSite","@id":"https:\/\/dev.ccla.org\/fr\/#website","url":"https:\/\/dev.ccla.org\/fr\/","name":"CCLA","description":"","potentialAction":[{"@type":"SearchAction","target":{"@type":"EntryPoint","urlTemplate":"https:\/\/dev.ccla.org\/fr\/?s={search_term_string}"},"query-input":{"@type":"PropertyValueSpecification","valueRequired":true,"valueName":"search_term_string"}}],"inLanguage":"fr-CA"},{"@type":"Person","@id":"https:\/\/dev.ccla.org\/fr\/#\/schema\/person\/e48728d4a52926205e807fd8c52bf3b0","name":"CCLA","image":{"@type":"ImageObject","inLanguage":"fr-CA","@id":"https:\/\/secure.gravatar.com\/avatar\/03b13921772ba279da547407d7a85f0b4a10bdf8cc9a026f2ac4e10643eee315?s=96&d=blank&r=g","url":"https:\/\/secure.gravatar.com\/avatar\/03b13921772ba279da547407d7a85f0b4a10bdf8cc9a026f2ac4e10643eee315?s=96&d=blank&r=g","contentUrl":"https:\/\/secure.gravatar.com\/avatar\/03b13921772ba279da547407d7a85f0b4a10bdf8cc9a026f2ac4e10643eee315?s=96&d=blank&r=g","caption":"CCLA"},"url":"https:\/\/dev.ccla.org\/fr\/author\/ccla\/"}]}},"_links":{"self":[{"href":"https:\/\/dev.ccla.org\/fr\/wp-json\/wp\/v2\/posts\/16792","targetHints":{"allow":["GET"]}}],"collection":[{"href":"https:\/\/dev.ccla.org\/fr\/wp-json\/wp\/v2\/posts"}],"about":[{"href":"https:\/\/dev.ccla.org\/fr\/wp-json\/wp\/v2\/types\/post"}],"author":[{"embeddable":true,"href":"https:\/\/dev.ccla.org\/fr\/wp-json\/wp\/v2\/users\/4"}],"replies":[{"embeddable":true,"href":"https:\/\/dev.ccla.org\/fr\/wp-json\/wp\/v2\/comments?post=16792"}],"version-history":[{"count":0,"href":"https:\/\/dev.ccla.org\/fr\/wp-json\/wp\/v2\/posts\/16792\/revisions"}],"wp:featuredmedia":[{"embeddable":true,"href":"https:\/\/dev.ccla.org\/fr\/wp-json\/wp\/v2\/media\/14661"}],"wp:attachment":[{"href":"https:\/\/dev.ccla.org\/fr\/wp-json\/wp\/v2\/media?parent=16792"}],"wp:term":[{"taxonomy":"category","embeddable":true,"href":"https:\/\/dev.ccla.org\/fr\/wp-json\/wp\/v2\/categories?post=16792"},{"taxonomy":"post_tag","embeddable":true,"href":"https:\/\/dev.ccla.org\/fr\/wp-json\/wp\/v2\/tags?post=16792"}],"curies":[{"name":"wp","href":"https:\/\/api.w.org\/{rel}","templated":true}]}}