{"id":16633,"date":"2017-12-19T04:58:57","date_gmt":"2017-12-19T09:58:57","guid":{"rendered":"https:\/\/dev.ccla.org\/non-classe\/la-repression-de-la-liberte-dexpression-en-russie-menace-lanonymat-en-ligne\/"},"modified":"2026-04-23T14:43:05","modified_gmt":"2026-04-23T18:43:05","slug":"la-repression-de-la-liberte-dexpression-en-russie-menace-lanonymat-en-ligne","status":"publish","type":"post","link":"https:\/\/dev.ccla.org\/fr\/communiques-de-presse\/la-repression-de-la-liberte-dexpression-en-russie-menace-lanonymat-en-ligne\/","title":{"rendered":"La r\u00e9pression de la libert\u00e9 d\u2019expression en Russie menace l\u2019anonymat en ligne"},"content":{"rendered":"[vc_row type=\u00a0\u00bbin_container\u00a0\u00bb full_screen_row_position=\u00a0\u00bbmiddle\u00a0\u00bb column_margin=\u00a0\u00bbdefault\u00a0\u00bb column_direction=\u00a0\u00bbdefault\u00a0\u00bb column_direction_tablet=\u00a0\u00bbdefault\u00a0\u00bb column_direction_phone=\u00a0\u00bbdefault\u00a0\u00bb scene_position=\u00a0\u00bbcenter\u00a0\u00bb text_color=\u00a0\u00bbdark\u00a0\u00bb text_align=\u00a0\u00bbleft\u00a0\u00bb row_border_radius=\u00a0\u00bbnone\u00a0\u00bb row_border_radius_applies=\u00a0\u00bbbg\u00a0\u00bb overlay_strength=\u00a0\u00bb0.3&Prime; gradient_direction=\u00a0\u00bbleft_to_right\u00a0\u00bb shape_divider_position=\u00a0\u00bbbottom\u00a0\u00bb bg_image_animation=\u00a0\u00bbnone\u00a0\u00bb][vc_column column_padding=\u00a0\u00bbno-extra-padding\u00a0\u00bb column_padding_tablet=\u00a0\u00bbinherit\u00a0\u00bb column_padding_phone=\u00a0\u00bbinherit\u00a0\u00bb column_padding_position=\u00a0\u00bball\u00a0\u00bb column_element_spacing=\u00a0\u00bbdefault\u00a0\u00bb background_color_opacity=\u00a0\u00bb1&Prime; background_hover_color_opacity=\u00a0\u00bb1&Prime; column_shadow=\u00a0\u00bbnone\u00a0\u00bb column_border_radius=\u00a0\u00bbnone\u00a0\u00bb column_link_target=\u00a0\u00bb_self\u00a0\u00bb gradient_direction=\u00a0\u00bbleft_to_right\u00a0\u00bb overlay_strength=\u00a0\u00bb0.3&Prime; width=\u00a0\u00bb1\/1&Prime; tablet_width_inherit=\u00a0\u00bbdefault\u00a0\u00bb tablet_text_alignment=\u00a0\u00bbdefault\u00a0\u00bb phone_text_alignment=\u00a0\u00bbdefault\u00a0\u00bb bg_image_animation=\u00a0\u00bbnone\u00a0\u00bb border_type=\u00a0\u00bbsimple\u00a0\u00bb column_border_width=\u00a0\u00bbnone\u00a0\u00bb column_border_style=\u00a0\u00bbsolid\u00a0\u00bb][nectar_global_section id=\u00a0\u00bb1355&Prime;][\/vc_column][\/vc_row][vc_row type=\u00a0\u00bbfull_width_background\u00a0\u00bb full_screen_row_position=\u00a0\u00bbmiddle\u00a0\u00bb column_margin=\u00a0\u00bbdefault\u00a0\u00bb column_direction=\u00a0\u00bbdefault\u00a0\u00bb column_direction_tablet=\u00a0\u00bbdefault\u00a0\u00bb column_direction_phone=\u00a0\u00bbdefault\u00a0\u00bb scene_position=\u00a0\u00bbcenter\u00a0\u00bb top_padding=\u00a0\u00bb4%\u00a0\u00bb constrain_group_1=\u00a0\u00bbyes\u00a0\u00bb bottom_padding=\u00a0\u00bb4%\u00a0\u00bb text_color=\u00a0\u00bbdark\u00a0\u00bb text_align=\u00a0\u00bbleft\u00a0\u00bb row_border_radius=\u00a0\u00bbnone\u00a0\u00bb row_border_radius_applies=\u00a0\u00bbbg\u00a0\u00bb class=\u00a0\u00bbpost-links\u00a0\u00bb overlay_strength=\u00a0\u00bb0.3&Prime; gradient_direction=\u00a0\u00bbleft_to_right\u00a0\u00bb shape_divider_position=\u00a0\u00bbbottom\u00a0\u00bb bg_image_animation=\u00a0\u00bbnone\u00a0\u00bb shape_type=\u00a0\u00bb\u00a0\u00bb][vc_column column_padding=\u00a0\u00bbno-extra-padding\u00a0\u00bb column_padding_tablet=\u00a0\u00bbinherit\u00a0\u00bb column_padding_phone=\u00a0\u00bbinherit\u00a0\u00bb column_padding_position=\u00a0\u00bball\u00a0\u00bb column_element_spacing=\u00a0\u00bbdefault\u00a0\u00bb background_color_opacity=\u00a0\u00bb1&Prime; background_hover_color_opacity=\u00a0\u00bb1&Prime; column_shadow=\u00a0\u00bbnone\u00a0\u00bb column_border_radius=\u00a0\u00bbnone\u00a0\u00bb column_link_target=\u00a0\u00bb_self\u00a0\u00bb gradient_direction=\u00a0\u00bbleft_to_right\u00a0\u00bb overlay_strength=\u00a0\u00bb0.3&Prime; width=\u00a0\u00bb1\/1&Prime; tablet_width_inherit=\u00a0\u00bbdefault\u00a0\u00bb tablet_text_alignment=\u00a0\u00bbdefault\u00a0\u00bb phone_text_alignment=\u00a0\u00bbdefault\u00a0\u00bb bg_image_animation=\u00a0\u00bbnone\u00a0\u00bb border_type=\u00a0\u00bbsimple\u00a0\u00bb column_border_width=\u00a0\u00bbnone\u00a0\u00bb column_border_style=\u00a0\u00bbsolid\u00a0\u00bb][divider line_type=\u00a0\u00bbNo Line\u00a0\u00bb custom_height=\u00a0\u00bb30&Prime;][vc_column_text]\n<div class=\"entry-meta\">\n<p><strong><span class=\"posted-on\"><time class=\"entry-date published\" datetime=\"2017-12-19T17:36:20-05:00\">19 d\u00e9cembre 2017<\/time><\/span><\/strong><\/p>\n<\/div>\n<div class=\"shapely-content \">\n<p>19 d\u00e9cembre 2017 \u2013 La sanction par la Russie inflig\u00e9e \u00e0 l\u2019application de messagerie instantan\u00e9e Telegram Messenger LLP pour avoir refus\u00e9 de r\u00e9v\u00e9ler ses cl\u00e9s de d\u00e9chiffrement pourrait entra\u00eener une r\u00e9pression plus large des communications sur Internet, selon le groupe international russe de d\u00e9fense des droits humains Agora.<\/p>\n<p>Telegram est un service de messagerie instantan\u00e9e bas\u00e9 sur le cloud comptant plus de 120 millions d\u2019utilisateurs dans le monde.<\/p>\n<p>Le 12 d\u00e9cembre 2017, un tribunal de Moscou a confirm\u00e9 une d\u00e9cision imposant une amende de 800 000 roubles (13 592 USD) \u00e0 Telegram pour ne pas avoir respect\u00e9 une demande du Service f\u00e9d\u00e9ral de s\u00e9curit\u00e9 russe (FSB) visant \u00e0 divulguer des codes compromettant la vie priv\u00e9e des communications entre utilisateurs.<\/p>\n<p>\u00ab <em>C\u2019est maintenant une question cl\u00e9 de vie priv\u00e9e contre s\u00e9curit\u00e9 nationale. Le chiffrement est maintenant devenu la r\u00e9f\u00e9rence en mati\u00e8re de communications sur Internet \u00bb, <\/em>affirme Pavel Chikov, directeur ex\u00e9cutif d\u2019Agora, qui repr\u00e9sente Telegram devant les tribunaux.<\/p>\n<p>\u00ab <em>Apr\u00e8s Telegram, le FSB pourrait venir pour WhatsApp, Viber, iMessage, Signal, FaceTime, etc. Toutes les entreprises informatiques devront faire le choix : trahir la vie priv\u00e9e de leurs utilisateurs et remettre des informations sensibles aux autorit\u00e9s ou \u00eatre bloqu\u00e9es et expuls\u00e9es du pays. La Russie va cr\u00e9er un pr\u00e9c\u00e9dent aussi mena\u00e7ant, qui n\u00e9cessite une r\u00e9action appropri\u00e9e de la part de la communaut\u00e9 internationale<\/em> \u00bb, ajoute Chikov.<\/p>\n<p>Le 14 d\u00e9cembre 2017, Agora <a href=\"https:\/\/dev.ccla.org\/wp-content\/uploads\/2021\/06\/AGORA_Submission-EN.pdf\" target=\"_blank\" rel=\"noopener\">a envoy\u00e9 un appel urgent<\/a> sur cette question au nom de Telegram au Rapporteur sp\u00e9cial de l\u2019ONU sur la promotion et la protection du droit \u00e0 la libert\u00e9 d\u2019opinion et d\u2019expression.<\/p>\n<p>Le 19 d\u00e9cembre 2017, le <a href=\"http:\/\/www.inclo.net\/\" target=\"_blank\" rel=\"noopener\">R\u00e9seau international de l\u2019Organisation des libert\u00e9s civiles<\/a> (INCLO), dont Agora est membre, a \u00e9crit \u00e0 ce m\u00eame organisme de l\u2019ONU pour appuyer l\u2019appel d\u2019Agora \u00e0 exprimer sa solidarit\u00e9 avec l\u2019organisation bas\u00e9e en Russie, soulignant leur inqui\u00e9tude quant au fait qu\u2019une telle ing\u00e9rence excessive dans la libert\u00e9 d\u2019expression par les autorit\u00e9s russes repr\u00e9sente une menace s\u00e9rieuse pour l\u2019anonymat en ligne.<\/p>\n<p>Selon le rapport de l\u2019Agora \u00ab <a href=\"https:\/\/www.opendemocracy.net\/files\/Agora-Russiaundersurveillance2017.pdf\" target=\"_blank\" rel=\"noopener\">La Russie sous surveillance 2017 : comment l\u2019\u00c9tat russe met en place un syst\u00e8me de contr\u00f4le total sur ses citoyens<\/a> \u00bb, au cours des dix derni\u00e8res ann\u00e9es, les tribunaux russes ont accord\u00e9 plus de 98% des demandes d\u2019autorisation d\u2019\u00e9couter les appels t\u00e9l\u00e9phoniques ou d\u2019intercepter des informations provenant des canaux de communication.<\/p>\n<p>Le r\u00e9cent rapport d\u2019INCLO, \u00ab <a href=\"https:\/\/dev.ccla.org\/wp-content\/uploads\/2021\/06\/Surveillance-and-Democracy-INCLO-report.pdf\" target=\"_blank\" rel=\"noopener\">Surveillance and Democracy : Chilling Tales From Around the<\/a> World \u00bb, a d\u00e9montr\u00e9 une inqui\u00e9tude g\u00e9n\u00e9ralis\u00e9e que la collecte de renseignements pourrait nuire \u00e0 la d\u00e9mocratie elle-m\u00eame, affaiblissant les processus et institutions d\u00e9mocratiques dans des pays qui viennent tout juste de sortir de syst\u00e8mes plus autoritaires et de r\u00e9gimes de surveillance abusifs.<\/p>\n<p><strong>Pour plus d\u2019informations, veuillez contacter :<\/strong><br \/>\nPavel Chikov, directeur ex\u00e9cutif de l\u2019Agora<br \/>\n<strong>T\u00e9l\u00e9phone :<\/strong> +7 960 047 2796 (disponible sur Telegram, Whatsapp, Signal)<br \/>\n<strong>Courriel :<\/strong> agoraroga@gmail.com<\/p>\n<\/div>\n[\/vc_column_text][\/vc_column][\/vc_row][vc_row type=\u00a0\u00bbin_container\u00a0\u00bb full_screen_row_position=\u00a0\u00bbmiddle\u00a0\u00bb column_margin=\u00a0\u00bbdefault\u00a0\u00bb column_direction=\u00a0\u00bbdefault\u00a0\u00bb column_direction_tablet=\u00a0\u00bbdefault\u00a0\u00bb column_direction_phone=\u00a0\u00bbdefault\u00a0\u00bb scene_position=\u00a0\u00bbcenter\u00a0\u00bb text_color=\u00a0\u00bbdark\u00a0\u00bb text_align=\u00a0\u00bbleft\u00a0\u00bb row_border_radius=\u00a0\u00bbnone\u00a0\u00bb row_border_radius_applies=\u00a0\u00bbbg\u00a0\u00bb overlay_strength=\u00a0\u00bb0.3&Prime; gradient_direction=\u00a0\u00bbleft_to_right\u00a0\u00bb shape_divider_position=\u00a0\u00bbbottom\u00a0\u00bb bg_image_animation=\u00a0\u00bbnone\u00a0\u00bb][vc_column column_padding=\u00a0\u00bbno-extra-padding\u00a0\u00bb column_padding_tablet=\u00a0\u00bbinherit\u00a0\u00bb column_padding_phone=\u00a0\u00bbinherit\u00a0\u00bb column_padding_position=\u00a0\u00bball\u00a0\u00bb column_element_spacing=\u00a0\u00bbdefault\u00a0\u00bb background_color_opacity=\u00a0\u00bb1&Prime; background_hover_color_opacity=\u00a0\u00bb1&Prime; column_shadow=\u00a0\u00bbnone\u00a0\u00bb column_border_radius=\u00a0\u00bbnone\u00a0\u00bb column_link_target=\u00a0\u00bb_self\u00a0\u00bb gradient_direction=\u00a0\u00bbleft_to_right\u00a0\u00bb overlay_strength=\u00a0\u00bb0.3&Prime; width=\u00a0\u00bb1\/1&Prime; tablet_width_inherit=\u00a0\u00bbdefault\u00a0\u00bb tablet_text_alignment=\u00a0\u00bbdefault\u00a0\u00bb phone_text_alignment=\u00a0\u00bbdefault\u00a0\u00bb bg_image_animation=\u00a0\u00bbnone\u00a0\u00bb border_type=\u00a0\u00bbsimple\u00a0\u00bb column_border_width=\u00a0\u00bbnone\u00a0\u00bb column_border_style=\u00a0\u00bbsolid\u00a0\u00bb][nectar_global_section id=\u00a0\u00bb1461&Prime;][\/vc_column][\/vc_row]\n","protected":false},"excerpt":{"rendered":"<p>19 d\u00e9cembre 2017 \u2013 La sanction par la Russie inflig\u00e9e \u00e0 l\u2019application de messagerie instantan\u00e9e Telegram Messenger LLP pour avoir refus\u00e9 de r\u00e9v\u00e9ler ses cl\u00e9s de d\u00e9chiffrement pourrait entra\u00eener une r\u00e9pression plus large des communications sur Internet, selon le groupe international russe de d\u00e9fense des droits humains Agora.<\/p>\n","protected":false},"author":4,"featured_media":16635,"comment_status":"closed","ping_status":"closed","sticky":false,"template":"","format":"standard","meta":{"footnotes":""},"categories":[268],"tags":[],"class_list":{"0":"post-16633","1":"post","2":"type-post","3":"status-publish","4":"format-standard","5":"has-post-thumbnail","7":"category-communiques-de-presse"},"yoast_head":"<!-- This site is optimized with the Yoast SEO plugin v27.4 - https:\/\/yoast.com\/product\/yoast-seo-wordpress\/ -->\n<title>La r\u00e9pression de la libert\u00e9 d\u2019expression en Russie menace l\u2019anonymat en ligne - CCLA<\/title>\n<meta name=\"robots\" content=\"noindex, follow, max-snippet:-1, max-image-preview:large, max-video-preview:-1\" \/>\n<meta property=\"og:locale\" content=\"fr_CA\" \/>\n<meta property=\"og:type\" content=\"article\" \/>\n<meta property=\"og:title\" content=\"La r\u00e9pression de la libert\u00e9 d\u2019expression en Russie menace l\u2019anonymat en ligne - CCLA\" \/>\n<meta property=\"og:description\" content=\"19 d\u00e9cembre 2017 \u2013 La sanction par la Russie inflig\u00e9e \u00e0 l\u2019application de messagerie instantan\u00e9e Telegram Messenger LLP pour avoir refus\u00e9 de r\u00e9v\u00e9ler ses cl\u00e9s de d\u00e9chiffrement pourrait entra\u00eener une r\u00e9pression plus large des communications sur Internet, selon le groupe international russe de d\u00e9fense des droits humains Agora.\" \/>\n<meta property=\"og:url\" content=\"https:\/\/dev.ccla.org\/fr\/communiques-de-presse\/la-repression-de-la-liberte-dexpression-en-russie-menace-lanonymat-en-ligne\/\" \/>\n<meta property=\"og:site_name\" content=\"CCLA\" \/>\n<meta property=\"article:published_time\" content=\"2017-12-19T09:58:57+00:00\" \/>\n<meta property=\"article:modified_time\" content=\"2026-04-23T18:43:05+00:00\" \/>\n<meta property=\"og:image\" content=\"https:\/\/dev.ccla.org\/wp-content\/uploads\/2021\/06\/Autumn-is-here-Instagram-Post-1.jpg\" \/>\n\t<meta property=\"og:image:width\" content=\"559\" \/>\n\t<meta property=\"og:image:height\" content=\"574\" \/>\n\t<meta property=\"og:image:type\" content=\"image\/jpeg\" \/>\n<meta name=\"author\" content=\"CCLA\" \/>\n<meta name=\"twitter:card\" content=\"summary_large_image\" \/>\n<meta name=\"twitter:label1\" content=\"\u00c9crit par\" \/>\n\t<meta name=\"twitter:data1\" content=\"CCLA\" \/>\n\t<meta name=\"twitter:label2\" content=\"Estimation du temps de lecture\" \/>\n\t<meta name=\"twitter:data2\" content=\"5 minutes\" \/>\n<script type=\"application\/ld+json\" class=\"yoast-schema-graph\">{\"@context\":\"https:\\\/\\\/schema.org\",\"@graph\":[{\"@type\":\"Article\",\"@id\":\"https:\\\/\\\/dev.ccla.org\\\/fr\\\/communiques-de-presse\\\/la-repression-de-la-liberte-dexpression-en-russie-menace-lanonymat-en-ligne\\\/#article\",\"isPartOf\":{\"@id\":\"https:\\\/\\\/dev.ccla.org\\\/fr\\\/communiques-de-presse\\\/la-repression-de-la-liberte-dexpression-en-russie-menace-lanonymat-en-ligne\\\/\"},\"author\":{\"name\":\"CCLA\",\"@id\":\"https:\\\/\\\/dev.ccla.org\\\/fr\\\/#\\\/schema\\\/person\\\/e48728d4a52926205e807fd8c52bf3b0\"},\"headline\":\"La r\u00e9pression de la libert\u00e9 d\u2019expression en Russie menace l\u2019anonymat en ligne\",\"datePublished\":\"2017-12-19T09:58:57+00:00\",\"dateModified\":\"2026-04-23T18:43:05+00:00\",\"mainEntityOfPage\":{\"@id\":\"https:\\\/\\\/dev.ccla.org\\\/fr\\\/communiques-de-presse\\\/la-repression-de-la-liberte-dexpression-en-russie-menace-lanonymat-en-ligne\\\/\"},\"wordCount\":971,\"image\":{\"@id\":\"https:\\\/\\\/dev.ccla.org\\\/fr\\\/communiques-de-presse\\\/la-repression-de-la-liberte-dexpression-en-russie-menace-lanonymat-en-ligne\\\/#primaryimage\"},\"thumbnailUrl\":\"https:\\\/\\\/dev.ccla.org\\\/wp-content\\\/uploads\\\/2021\\\/06\\\/Autumn-is-here-Instagram-Post-1.jpg\",\"articleSection\":[\"COMMUNIQU\u00c9S DE PRESSE\"],\"inLanguage\":\"fr-CA\"},{\"@type\":\"WebPage\",\"@id\":\"https:\\\/\\\/dev.ccla.org\\\/fr\\\/communiques-de-presse\\\/la-repression-de-la-liberte-dexpression-en-russie-menace-lanonymat-en-ligne\\\/\",\"url\":\"https:\\\/\\\/dev.ccla.org\\\/fr\\\/communiques-de-presse\\\/la-repression-de-la-liberte-dexpression-en-russie-menace-lanonymat-en-ligne\\\/\",\"name\":\"La r\u00e9pression de la libert\u00e9 d\u2019expression en Russie menace l\u2019anonymat en ligne - CCLA\",\"isPartOf\":{\"@id\":\"https:\\\/\\\/dev.ccla.org\\\/fr\\\/#website\"},\"primaryImageOfPage\":{\"@id\":\"https:\\\/\\\/dev.ccla.org\\\/fr\\\/communiques-de-presse\\\/la-repression-de-la-liberte-dexpression-en-russie-menace-lanonymat-en-ligne\\\/#primaryimage\"},\"image\":{\"@id\":\"https:\\\/\\\/dev.ccla.org\\\/fr\\\/communiques-de-presse\\\/la-repression-de-la-liberte-dexpression-en-russie-menace-lanonymat-en-ligne\\\/#primaryimage\"},\"thumbnailUrl\":\"https:\\\/\\\/dev.ccla.org\\\/wp-content\\\/uploads\\\/2021\\\/06\\\/Autumn-is-here-Instagram-Post-1.jpg\",\"datePublished\":\"2017-12-19T09:58:57+00:00\",\"dateModified\":\"2026-04-23T18:43:05+00:00\",\"author\":{\"@id\":\"https:\\\/\\\/dev.ccla.org\\\/fr\\\/#\\\/schema\\\/person\\\/e48728d4a52926205e807fd8c52bf3b0\"},\"breadcrumb\":{\"@id\":\"https:\\\/\\\/dev.ccla.org\\\/fr\\\/communiques-de-presse\\\/la-repression-de-la-liberte-dexpression-en-russie-menace-lanonymat-en-ligne\\\/#breadcrumb\"},\"inLanguage\":\"fr-CA\",\"potentialAction\":[{\"@type\":\"ReadAction\",\"target\":[\"https:\\\/\\\/dev.ccla.org\\\/fr\\\/communiques-de-presse\\\/la-repression-de-la-liberte-dexpression-en-russie-menace-lanonymat-en-ligne\\\/\"]}]},{\"@type\":\"ImageObject\",\"inLanguage\":\"fr-CA\",\"@id\":\"https:\\\/\\\/dev.ccla.org\\\/fr\\\/communiques-de-presse\\\/la-repression-de-la-liberte-dexpression-en-russie-menace-lanonymat-en-ligne\\\/#primaryimage\",\"url\":\"https:\\\/\\\/dev.ccla.org\\\/wp-content\\\/uploads\\\/2021\\\/06\\\/Autumn-is-here-Instagram-Post-1.jpg\",\"contentUrl\":\"https:\\\/\\\/dev.ccla.org\\\/wp-content\\\/uploads\\\/2021\\\/06\\\/Autumn-is-here-Instagram-Post-1.jpg\",\"width\":559,\"height\":574},{\"@type\":\"BreadcrumbList\",\"@id\":\"https:\\\/\\\/dev.ccla.org\\\/fr\\\/communiques-de-presse\\\/la-repression-de-la-liberte-dexpression-en-russie-menace-lanonymat-en-ligne\\\/#breadcrumb\",\"itemListElement\":[{\"@type\":\"ListItem\",\"position\":1,\"name\":\"Home\",\"item\":\"https:\\\/\\\/dev.ccla.org\\\/fr\\\/accueil\\\/\"},{\"@type\":\"ListItem\",\"position\":2,\"name\":\"Non class\u00e9\",\"item\":\"https:\\\/\\\/dev.ccla.org\\\/fr\\\/category\\\/non-classe\\\/\"},{\"@type\":\"ListItem\",\"position\":3,\"name\":\"La r\u00e9pression de la libert\u00e9 d\u2019expression en Russie menace l\u2019anonymat en ligne\"}]},{\"@type\":\"WebSite\",\"@id\":\"https:\\\/\\\/dev.ccla.org\\\/fr\\\/#website\",\"url\":\"https:\\\/\\\/dev.ccla.org\\\/fr\\\/\",\"name\":\"CCLA\",\"description\":\"\",\"potentialAction\":[{\"@type\":\"SearchAction\",\"target\":{\"@type\":\"EntryPoint\",\"urlTemplate\":\"https:\\\/\\\/dev.ccla.org\\\/fr\\\/?s={search_term_string}\"},\"query-input\":{\"@type\":\"PropertyValueSpecification\",\"valueRequired\":true,\"valueName\":\"search_term_string\"}}],\"inLanguage\":\"fr-CA\"},{\"@type\":\"Person\",\"@id\":\"https:\\\/\\\/dev.ccla.org\\\/fr\\\/#\\\/schema\\\/person\\\/e48728d4a52926205e807fd8c52bf3b0\",\"name\":\"CCLA\",\"image\":{\"@type\":\"ImageObject\",\"inLanguage\":\"fr-CA\",\"@id\":\"https:\\\/\\\/secure.gravatar.com\\\/avatar\\\/03b13921772ba279da547407d7a85f0b4a10bdf8cc9a026f2ac4e10643eee315?s=96&d=blank&r=g\",\"url\":\"https:\\\/\\\/secure.gravatar.com\\\/avatar\\\/03b13921772ba279da547407d7a85f0b4a10bdf8cc9a026f2ac4e10643eee315?s=96&d=blank&r=g\",\"contentUrl\":\"https:\\\/\\\/secure.gravatar.com\\\/avatar\\\/03b13921772ba279da547407d7a85f0b4a10bdf8cc9a026f2ac4e10643eee315?s=96&d=blank&r=g\",\"caption\":\"CCLA\"},\"url\":\"https:\\\/\\\/dev.ccla.org\\\/fr\\\/author\\\/ccla\\\/\"}]}<\/script>\n<!-- \/ Yoast SEO plugin. -->","yoast_head_json":{"title":"La r\u00e9pression de la libert\u00e9 d\u2019expression en Russie menace l\u2019anonymat en ligne - CCLA","robots":{"index":"noindex","follow":"follow","max-snippet":"max-snippet:-1","max-image-preview":"max-image-preview:large","max-video-preview":"max-video-preview:-1"},"og_locale":"fr_CA","og_type":"article","og_title":"La r\u00e9pression de la libert\u00e9 d\u2019expression en Russie menace l\u2019anonymat en ligne - CCLA","og_description":"19 d\u00e9cembre 2017 \u2013 La sanction par la Russie inflig\u00e9e \u00e0 l\u2019application de messagerie instantan\u00e9e Telegram Messenger LLP pour avoir refus\u00e9 de r\u00e9v\u00e9ler ses cl\u00e9s de d\u00e9chiffrement pourrait entra\u00eener une r\u00e9pression plus large des communications sur Internet, selon le groupe international russe de d\u00e9fense des droits humains Agora.","og_url":"https:\/\/dev.ccla.org\/fr\/communiques-de-presse\/la-repression-de-la-liberte-dexpression-en-russie-menace-lanonymat-en-ligne\/","og_site_name":"CCLA","article_published_time":"2017-12-19T09:58:57+00:00","article_modified_time":"2026-04-23T18:43:05+00:00","og_image":[{"width":559,"height":574,"url":"https:\/\/dev.ccla.org\/wp-content\/uploads\/2021\/06\/Autumn-is-here-Instagram-Post-1.jpg","type":"image\/jpeg"}],"author":"CCLA","twitter_card":"summary_large_image","twitter_misc":{"\u00c9crit par":"CCLA","Estimation du temps de lecture":"5 minutes"},"schema":{"@context":"https:\/\/schema.org","@graph":[{"@type":"Article","@id":"https:\/\/dev.ccla.org\/fr\/communiques-de-presse\/la-repression-de-la-liberte-dexpression-en-russie-menace-lanonymat-en-ligne\/#article","isPartOf":{"@id":"https:\/\/dev.ccla.org\/fr\/communiques-de-presse\/la-repression-de-la-liberte-dexpression-en-russie-menace-lanonymat-en-ligne\/"},"author":{"name":"CCLA","@id":"https:\/\/dev.ccla.org\/fr\/#\/schema\/person\/e48728d4a52926205e807fd8c52bf3b0"},"headline":"La r\u00e9pression de la libert\u00e9 d\u2019expression en Russie menace l\u2019anonymat en ligne","datePublished":"2017-12-19T09:58:57+00:00","dateModified":"2026-04-23T18:43:05+00:00","mainEntityOfPage":{"@id":"https:\/\/dev.ccla.org\/fr\/communiques-de-presse\/la-repression-de-la-liberte-dexpression-en-russie-menace-lanonymat-en-ligne\/"},"wordCount":971,"image":{"@id":"https:\/\/dev.ccla.org\/fr\/communiques-de-presse\/la-repression-de-la-liberte-dexpression-en-russie-menace-lanonymat-en-ligne\/#primaryimage"},"thumbnailUrl":"https:\/\/dev.ccla.org\/wp-content\/uploads\/2021\/06\/Autumn-is-here-Instagram-Post-1.jpg","articleSection":["COMMUNIQU\u00c9S DE PRESSE"],"inLanguage":"fr-CA"},{"@type":"WebPage","@id":"https:\/\/dev.ccla.org\/fr\/communiques-de-presse\/la-repression-de-la-liberte-dexpression-en-russie-menace-lanonymat-en-ligne\/","url":"https:\/\/dev.ccla.org\/fr\/communiques-de-presse\/la-repression-de-la-liberte-dexpression-en-russie-menace-lanonymat-en-ligne\/","name":"La r\u00e9pression de la libert\u00e9 d\u2019expression en Russie menace l\u2019anonymat en ligne - CCLA","isPartOf":{"@id":"https:\/\/dev.ccla.org\/fr\/#website"},"primaryImageOfPage":{"@id":"https:\/\/dev.ccla.org\/fr\/communiques-de-presse\/la-repression-de-la-liberte-dexpression-en-russie-menace-lanonymat-en-ligne\/#primaryimage"},"image":{"@id":"https:\/\/dev.ccla.org\/fr\/communiques-de-presse\/la-repression-de-la-liberte-dexpression-en-russie-menace-lanonymat-en-ligne\/#primaryimage"},"thumbnailUrl":"https:\/\/dev.ccla.org\/wp-content\/uploads\/2021\/06\/Autumn-is-here-Instagram-Post-1.jpg","datePublished":"2017-12-19T09:58:57+00:00","dateModified":"2026-04-23T18:43:05+00:00","author":{"@id":"https:\/\/dev.ccla.org\/fr\/#\/schema\/person\/e48728d4a52926205e807fd8c52bf3b0"},"breadcrumb":{"@id":"https:\/\/dev.ccla.org\/fr\/communiques-de-presse\/la-repression-de-la-liberte-dexpression-en-russie-menace-lanonymat-en-ligne\/#breadcrumb"},"inLanguage":"fr-CA","potentialAction":[{"@type":"ReadAction","target":["https:\/\/dev.ccla.org\/fr\/communiques-de-presse\/la-repression-de-la-liberte-dexpression-en-russie-menace-lanonymat-en-ligne\/"]}]},{"@type":"ImageObject","inLanguage":"fr-CA","@id":"https:\/\/dev.ccla.org\/fr\/communiques-de-presse\/la-repression-de-la-liberte-dexpression-en-russie-menace-lanonymat-en-ligne\/#primaryimage","url":"https:\/\/dev.ccla.org\/wp-content\/uploads\/2021\/06\/Autumn-is-here-Instagram-Post-1.jpg","contentUrl":"https:\/\/dev.ccla.org\/wp-content\/uploads\/2021\/06\/Autumn-is-here-Instagram-Post-1.jpg","width":559,"height":574},{"@type":"BreadcrumbList","@id":"https:\/\/dev.ccla.org\/fr\/communiques-de-presse\/la-repression-de-la-liberte-dexpression-en-russie-menace-lanonymat-en-ligne\/#breadcrumb","itemListElement":[{"@type":"ListItem","position":1,"name":"Home","item":"https:\/\/dev.ccla.org\/fr\/accueil\/"},{"@type":"ListItem","position":2,"name":"Non class\u00e9","item":"https:\/\/dev.ccla.org\/fr\/category\/non-classe\/"},{"@type":"ListItem","position":3,"name":"La r\u00e9pression de la libert\u00e9 d\u2019expression en Russie menace l\u2019anonymat en ligne"}]},{"@type":"WebSite","@id":"https:\/\/dev.ccla.org\/fr\/#website","url":"https:\/\/dev.ccla.org\/fr\/","name":"CCLA","description":"","potentialAction":[{"@type":"SearchAction","target":{"@type":"EntryPoint","urlTemplate":"https:\/\/dev.ccla.org\/fr\/?s={search_term_string}"},"query-input":{"@type":"PropertyValueSpecification","valueRequired":true,"valueName":"search_term_string"}}],"inLanguage":"fr-CA"},{"@type":"Person","@id":"https:\/\/dev.ccla.org\/fr\/#\/schema\/person\/e48728d4a52926205e807fd8c52bf3b0","name":"CCLA","image":{"@type":"ImageObject","inLanguage":"fr-CA","@id":"https:\/\/secure.gravatar.com\/avatar\/03b13921772ba279da547407d7a85f0b4a10bdf8cc9a026f2ac4e10643eee315?s=96&d=blank&r=g","url":"https:\/\/secure.gravatar.com\/avatar\/03b13921772ba279da547407d7a85f0b4a10bdf8cc9a026f2ac4e10643eee315?s=96&d=blank&r=g","contentUrl":"https:\/\/secure.gravatar.com\/avatar\/03b13921772ba279da547407d7a85f0b4a10bdf8cc9a026f2ac4e10643eee315?s=96&d=blank&r=g","caption":"CCLA"},"url":"https:\/\/dev.ccla.org\/fr\/author\/ccla\/"}]}},"_links":{"self":[{"href":"https:\/\/dev.ccla.org\/fr\/wp-json\/wp\/v2\/posts\/16633","targetHints":{"allow":["GET"]}}],"collection":[{"href":"https:\/\/dev.ccla.org\/fr\/wp-json\/wp\/v2\/posts"}],"about":[{"href":"https:\/\/dev.ccla.org\/fr\/wp-json\/wp\/v2\/types\/post"}],"author":[{"embeddable":true,"href":"https:\/\/dev.ccla.org\/fr\/wp-json\/wp\/v2\/users\/4"}],"replies":[{"embeddable":true,"href":"https:\/\/dev.ccla.org\/fr\/wp-json\/wp\/v2\/comments?post=16633"}],"version-history":[{"count":1,"href":"https:\/\/dev.ccla.org\/fr\/wp-json\/wp\/v2\/posts\/16633\/revisions"}],"predecessor-version":[{"id":16641,"href":"https:\/\/dev.ccla.org\/fr\/wp-json\/wp\/v2\/posts\/16633\/revisions\/16641"}],"wp:featuredmedia":[{"embeddable":true,"href":"https:\/\/dev.ccla.org\/fr\/wp-json\/wp\/v2\/media\/16635"}],"wp:attachment":[{"href":"https:\/\/dev.ccla.org\/fr\/wp-json\/wp\/v2\/media?parent=16633"}],"wp:term":[{"taxonomy":"category","embeddable":true,"href":"https:\/\/dev.ccla.org\/fr\/wp-json\/wp\/v2\/categories?post=16633"},{"taxonomy":"post_tag","embeddable":true,"href":"https:\/\/dev.ccla.org\/fr\/wp-json\/wp\/v2\/tags?post=16633"}],"curies":[{"name":"wp","href":"https:\/\/api.w.org\/{rel}","templated":true}]}}