{"id":16576,"date":"2017-09-12T12:31:25","date_gmt":"2017-09-12T16:31:25","guid":{"rendered":"https:\/\/dev.ccla.org\/non-classe\/la-relation-entre-le-projet-de-loi-c-59-et-le-projet-de-loi-c-51\/"},"modified":"2026-04-23T14:42:49","modified_gmt":"2026-04-23T18:42:49","slug":"la-relation-entre-le-projet-de-loi-c-59-et-le-projet-de-loi-c-51","status":"publish","type":"post","link":"https:\/\/dev.ccla.org\/fr\/non-classe\/la-relation-entre-le-projet-de-loi-c-59-et-le-projet-de-loi-c-51\/","title":{"rendered":"La relation entre le projet de loi C-59 et le projet de loi C-51"},"content":{"rendered":"[vc_row type=\u00a0\u00bbin_container\u00a0\u00bb full_screen_row_position=\u00a0\u00bbmiddle\u00a0\u00bb column_margin=\u00a0\u00bbdefault\u00a0\u00bb column_direction=\u00a0\u00bbdefault\u00a0\u00bb column_direction_tablet=\u00a0\u00bbdefault\u00a0\u00bb column_direction_phone=\u00a0\u00bbdefault\u00a0\u00bb scene_position=\u00a0\u00bbcenter\u00a0\u00bb text_color=\u00a0\u00bbdark\u00a0\u00bb text_align=\u00a0\u00bbleft\u00a0\u00bb row_border_radius=\u00a0\u00bbnone\u00a0\u00bb row_border_radius_applies=\u00a0\u00bbbg\u00a0\u00bb overlay_strength=\u00a0\u00bb0.3&Prime; gradient_direction=\u00a0\u00bbleft_to_right\u00a0\u00bb shape_divider_position=\u00a0\u00bbbottom\u00a0\u00bb bg_image_animation=\u00a0\u00bbnone\u00a0\u00bb][vc_column column_padding=\u00a0\u00bbno-extra-padding\u00a0\u00bb column_padding_tablet=\u00a0\u00bbinherit\u00a0\u00bb column_padding_phone=\u00a0\u00bbinherit\u00a0\u00bb column_padding_position=\u00a0\u00bball\u00a0\u00bb column_element_spacing=\u00a0\u00bbdefault\u00a0\u00bb background_color_opacity=\u00a0\u00bb1&Prime; background_hover_color_opacity=\u00a0\u00bb1&Prime; column_shadow=\u00a0\u00bbnone\u00a0\u00bb column_border_radius=\u00a0\u00bbnone\u00a0\u00bb column_link_target=\u00a0\u00bb_self\u00a0\u00bb gradient_direction=\u00a0\u00bbleft_to_right\u00a0\u00bb overlay_strength=\u00a0\u00bb0.3&Prime; width=\u00a0\u00bb1\/1&Prime; tablet_width_inherit=\u00a0\u00bbdefault\u00a0\u00bb tablet_text_alignment=\u00a0\u00bbdefault\u00a0\u00bb phone_text_alignment=\u00a0\u00bbdefault\u00a0\u00bb bg_image_animation=\u00a0\u00bbnone\u00a0\u00bb border_type=\u00a0\u00bbsimple\u00a0\u00bb column_border_width=\u00a0\u00bbnone\u00a0\u00bb column_border_style=\u00a0\u00bbsolid\u00a0\u00bb][nectar_global_section id=\u00a0\u00bb1355&Prime;][\/vc_column][\/vc_row][vc_row type=\u00a0\u00bbfull_width_background\u00a0\u00bb full_screen_row_position=\u00a0\u00bbmiddle\u00a0\u00bb column_margin=\u00a0\u00bbdefault\u00a0\u00bb column_direction=\u00a0\u00bbdefault\u00a0\u00bb column_direction_tablet=\u00a0\u00bbdefault\u00a0\u00bb column_direction_phone=\u00a0\u00bbdefault\u00a0\u00bb scene_position=\u00a0\u00bbcenter\u00a0\u00bb top_padding=\u00a0\u00bb4%\u00a0\u00bb constrain_group_1=\u00a0\u00bbyes\u00a0\u00bb bottom_padding=\u00a0\u00bb4%\u00a0\u00bb text_color=\u00a0\u00bbdark\u00a0\u00bb text_align=\u00a0\u00bbleft\u00a0\u00bb row_border_radius=\u00a0\u00bbnone\u00a0\u00bb row_border_radius_applies=\u00a0\u00bbbg\u00a0\u00bb class=\u00a0\u00bbpost-links\u00a0\u00bb overlay_strength=\u00a0\u00bb0.3&Prime; gradient_direction=\u00a0\u00bbleft_to_right\u00a0\u00bb shape_divider_position=\u00a0\u00bbbottom\u00a0\u00bb bg_image_animation=\u00a0\u00bbnone\u00a0\u00bb shape_type=\u00a0\u00bb\u00a0\u00bb][vc_column column_padding=\u00a0\u00bbno-extra-padding\u00a0\u00bb column_padding_tablet=\u00a0\u00bbinherit\u00a0\u00bb column_padding_phone=\u00a0\u00bbinherit\u00a0\u00bb column_padding_position=\u00a0\u00bball\u00a0\u00bb column_element_spacing=\u00a0\u00bbdefault\u00a0\u00bb background_color_opacity=\u00a0\u00bb1&Prime; background_hover_color_opacity=\u00a0\u00bb1&Prime; column_shadow=\u00a0\u00bbnone\u00a0\u00bb column_border_radius=\u00a0\u00bbnone\u00a0\u00bb column_link_target=\u00a0\u00bb_self\u00a0\u00bb gradient_direction=\u00a0\u00bbleft_to_right\u00a0\u00bb overlay_strength=\u00a0\u00bb0.3&Prime; width=\u00a0\u00bb1\/1&Prime; tablet_width_inherit=\u00a0\u00bbdefault\u00a0\u00bb tablet_text_alignment=\u00a0\u00bbdefault\u00a0\u00bb phone_text_alignment=\u00a0\u00bbdefault\u00a0\u00bb bg_image_animation=\u00a0\u00bbnone\u00a0\u00bb border_type=\u00a0\u00bbsimple\u00a0\u00bb column_border_width=\u00a0\u00bbnone\u00a0\u00bb column_border_style=\u00a0\u00bbsolid\u00a0\u00bb][divider line_type=\u00a0\u00bbNo Line\u00a0\u00bb custom_height=\u00a0\u00bb30&Prime;][vc_column_text]\n<div class=\"entry-meta\">\n<p><strong><span class=\"posted-on\"><time class=\"entry-date published\" datetime=\"2017-09-12T15:43:33-04:00\">12 septembre 2017<\/time><\/span><\/strong><\/p>\n<\/div>\n<div class=\"shapely-content \">\n<p><span style=\"color: #1e5799;\"><b>LE C-59 EST UN NOUVEAU PROJET DE LOI SUR LA S\u00c9CURIT\u00c9 NATIONALE AU CANADA. IL \u00c9TAIT CENS\u00c9 R\u00c9GLER LES PROBL\u00c8MES CAUS\u00c9S PAR LE C-51, MAIS AU LIEU DE CELA, IL EN R\u00c9SOUT CERTAINS, EN IGNORE D\u2019AUTRES ET EN CR\u00c9E DE TOUT NOUVEAUX.   <\/b><\/span><\/p>\n<p>Le projet C-59 \u00e9tait cens\u00e9 corriger les changements inconstitutionnels introduits dans le projet de loi C-51, la tristement c\u00e9l\u00e8bre loi antiterroriste de l\u2019ancien gouvernement (la <i>Loi antiterroriste, 2015).<\/i> Alors que le gouvernement actuel promettait de r\u00e9gler les aspects \u00ab probl\u00e9matiques \u00bb du projet de loi C-51, le projet de loi C-59 est une r\u00e9invention beaucoup plus compl\u00e8te du paysage de la s\u00e9curit\u00e9 nationale au Canada. C\u2019est long, compliqu\u00e9, et il y a un m\u00e9lange de probl\u00e8mes : certains sont des am\u00e9liorations, d\u2019autres qui sont extr\u00eamement pr\u00e9occupants. <\/p>\n<p>Son pr\u00e9d\u00e9cesseur, le projet de loi C-51, \u00e9tait si probl\u00e9matique que la CCLA a contest\u00e9 <a href=\"\/?p=24366\" target=\"_blank\" rel=\"noopener\">devant la Cour constitutionnelle<\/a>, demandant que des dispositions violant injustement la <i>Charte des droits et libert\u00e9s<\/i> soient jug\u00e9es inconstitutionnelles. Le C-59 tente de r\u00e9gler certains, mais pas tous, des probl\u00e8mes que la CCLA a identifi\u00e9s dans notre contestation constitutionnelle. Cela am\u00e9liore la surveillance et la responsabilit\u00e9 de nos agences d\u2019espionnage, ce qui constituait une lacune importante dans le projet C-51. Mais cela cr\u00e9e aussi une s\u00e9rie de nouveaux pouvoirs pr\u00e9occupants pour nos agences de renseignement, et ne r\u00e9pond pas aux probl\u00e8mes \u00e0 long terme du droit canadien sur la s\u00e9curit\u00e9 nationale, comme s\u2019assurer qu\u2019un processus de d\u00e9fense de base soit accessible aux personnes impliqu\u00e9es dans des proc\u00e9dures de s\u00e9curit\u00e9 nationale. Revenez ici pour plus d\u2019analyses sur la relation entre C-51 et C-59 dans les prochaines semaines.    <\/p>\n<p><strong><a href=\"\/?p=27988\" target=\"_blank\" rel=\"noopener\">VISITEZ NOTRE PROJET DE LOI C-59 : FAITES-LE BIEN! PAGE D\u2019ACCUEIL DE LA CAMPAGNE <\/a><\/strong><\/p>\n<p><strong><a class=\"fasc-button fasc-size-large fasc-type-flat fasc-rounded-medium\" href=\"\/?page_id=37\" target=\"_blank\" rel=\"noopener\">Soutenez le C-59 de la CCLA : Faites-le bien! Campagne <\/a> <\/strong><\/p>\n<p>&nbsp;<\/p>\n<\/div>\n[\/vc_column_text][\/vc_column][\/vc_row][vc_row type=\u00a0\u00bbin_container\u00a0\u00bb full_screen_row_position=\u00a0\u00bbmiddle\u00a0\u00bb column_margin=\u00a0\u00bbdefault\u00a0\u00bb column_direction=\u00a0\u00bbdefault\u00a0\u00bb column_direction_tablet=\u00a0\u00bbdefault\u00a0\u00bb column_direction_phone=\u00a0\u00bbdefault\u00a0\u00bb scene_position=\u00a0\u00bbcenter\u00a0\u00bb text_color=\u00a0\u00bbdark\u00a0\u00bb text_align=\u00a0\u00bbleft\u00a0\u00bb row_border_radius=\u00a0\u00bbnone\u00a0\u00bb row_border_radius_applies=\u00a0\u00bbbg\u00a0\u00bb overlay_strength=\u00a0\u00bb0.3&Prime; gradient_direction=\u00a0\u00bbleft_to_right\u00a0\u00bb shape_divider_position=\u00a0\u00bbbottom\u00a0\u00bb bg_image_animation=\u00a0\u00bbnone\u00a0\u00bb][vc_column column_padding=\u00a0\u00bbno-extra-padding\u00a0\u00bb column_padding_tablet=\u00a0\u00bbinherit\u00a0\u00bb column_padding_phone=\u00a0\u00bbinherit\u00a0\u00bb column_padding_position=\u00a0\u00bball\u00a0\u00bb column_element_spacing=\u00a0\u00bbdefault\u00a0\u00bb background_color_opacity=\u00a0\u00bb1&Prime; background_hover_color_opacity=\u00a0\u00bb1&Prime; column_shadow=\u00a0\u00bbnone\u00a0\u00bb column_border_radius=\u00a0\u00bbnone\u00a0\u00bb column_link_target=\u00a0\u00bb_self\u00a0\u00bb gradient_direction=\u00a0\u00bbleft_to_right\u00a0\u00bb overlay_strength=\u00a0\u00bb0.3&Prime; width=\u00a0\u00bb1\/1&Prime; tablet_width_inherit=\u00a0\u00bbdefault\u00a0\u00bb tablet_text_alignment=\u00a0\u00bbdefault\u00a0\u00bb phone_text_alignment=\u00a0\u00bbdefault\u00a0\u00bb bg_image_animation=\u00a0\u00bbnone\u00a0\u00bb border_type=\u00a0\u00bbsimple\u00a0\u00bb column_border_width=\u00a0\u00bbnone\u00a0\u00bb column_border_style=\u00a0\u00bbsolid\u00a0\u00bb][nectar_global_section id=\u00a0\u00bb1461&Prime;][\/vc_column][\/vc_row]\n","protected":false},"excerpt":{"rendered":"<p>Le projet C-59 \u00e9tait cens\u00e9 corriger les changements inconstitutionnels introduits dans le projet de loi C-51, la tristement c\u00e9l\u00e8bre loi antiterroriste de l\u2019ancien gouvernement (la Loi antiterroriste, 2015). Alors que le gouvernement actuel promettait de r\u00e9gler les aspects \u00ab probl\u00e9matiques \u00bb du projet de loi C-51, le projet de loi C-59 est une r\u00e9invention beaucoup plus compl\u00e8te du paysage de la s\u00e9curit\u00e9 nationale au Canada.   <\/p>\n","protected":false},"author":4,"featured_media":16533,"comment_status":"closed","ping_status":"closed","sticky":false,"template":"","format":"standard","meta":{"footnotes":""},"categories":[254],"tags":[],"class_list":{"0":"post-16576","1":"post","2":"type-post","3":"status-publish","4":"format-standard","5":"has-post-thumbnail","7":"category-non-classe"},"yoast_head":"<!-- This site is optimized with the Yoast SEO plugin v27.4 - https:\/\/yoast.com\/product\/yoast-seo-wordpress\/ -->\n<title>La relation entre le projet de loi C-59 et le projet de loi C-51 - CCLA<\/title>\n<meta name=\"robots\" content=\"noindex, follow, max-snippet:-1, max-image-preview:large, max-video-preview:-1\" \/>\n<meta property=\"og:locale\" content=\"fr_CA\" \/>\n<meta property=\"og:type\" content=\"article\" \/>\n<meta property=\"og:title\" content=\"La relation entre le projet de loi C-59 et le projet de loi C-51 - CCLA\" \/>\n<meta property=\"og:description\" content=\"Le projet C-59 \u00e9tait cens\u00e9 corriger les changements inconstitutionnels introduits dans le projet de loi C-51, la tristement c\u00e9l\u00e8bre loi antiterroriste de l\u2019ancien gouvernement (la Loi antiterroriste, 2015). Alors que le gouvernement actuel promettait de r\u00e9gler les aspects \u00ab probl\u00e9matiques \u00bb du projet de loi C-51, le projet de loi C-59 est une r\u00e9invention beaucoup plus compl\u00e8te du paysage de la s\u00e9curit\u00e9 nationale au Canada.\" \/>\n<meta property=\"og:url\" content=\"https:\/\/dev.ccla.org\/fr\/non-classe\/la-relation-entre-le-projet-de-loi-c-59-et-le-projet-de-loi-c-51\/\" \/>\n<meta property=\"og:site_name\" content=\"CCLA\" \/>\n<meta property=\"article:published_time\" content=\"2017-09-12T16:31:25+00:00\" \/>\n<meta property=\"article:modified_time\" content=\"2026-04-23T18:42:49+00:00\" \/>\n<meta property=\"og:image\" content=\"https:\/\/dev.ccla.org\/wp-content\/uploads\/2021\/06\/shhh.jpg\" \/>\n\t<meta property=\"og:image:width\" content=\"884\" \/>\n\t<meta property=\"og:image:height\" content=\"368\" \/>\n\t<meta property=\"og:image:type\" content=\"image\/jpeg\" \/>\n<meta name=\"author\" content=\"CCLA\" \/>\n<meta name=\"twitter:card\" content=\"summary_large_image\" \/>\n<meta name=\"twitter:label1\" content=\"\u00c9crit par\" \/>\n\t<meta name=\"twitter:data1\" content=\"CCLA\" \/>\n\t<meta name=\"twitter:label2\" content=\"Estimation du temps de lecture\" \/>\n\t<meta name=\"twitter:data2\" content=\"4 minutes\" \/>\n<script type=\"application\/ld+json\" class=\"yoast-schema-graph\">{\"@context\":\"https:\\\/\\\/schema.org\",\"@graph\":[{\"@type\":\"Article\",\"@id\":\"https:\\\/\\\/dev.ccla.org\\\/fr\\\/non-classe\\\/la-relation-entre-le-projet-de-loi-c-59-et-le-projet-de-loi-c-51\\\/#article\",\"isPartOf\":{\"@id\":\"https:\\\/\\\/dev.ccla.org\\\/fr\\\/non-classe\\\/la-relation-entre-le-projet-de-loi-c-59-et-le-projet-de-loi-c-51\\\/\"},\"author\":{\"name\":\"CCLA\",\"@id\":\"https:\\\/\\\/dev.ccla.org\\\/fr\\\/#\\\/schema\\\/person\\\/e48728d4a52926205e807fd8c52bf3b0\"},\"headline\":\"La relation entre le projet de loi C-59 et le projet de loi C-51\",\"datePublished\":\"2017-09-12T16:31:25+00:00\",\"dateModified\":\"2026-04-23T18:42:49+00:00\",\"mainEntityOfPage\":{\"@id\":\"https:\\\/\\\/dev.ccla.org\\\/fr\\\/non-classe\\\/la-relation-entre-le-projet-de-loi-c-59-et-le-projet-de-loi-c-51\\\/\"},\"wordCount\":786,\"image\":{\"@id\":\"https:\\\/\\\/dev.ccla.org\\\/fr\\\/non-classe\\\/la-relation-entre-le-projet-de-loi-c-59-et-le-projet-de-loi-c-51\\\/#primaryimage\"},\"thumbnailUrl\":\"https:\\\/\\\/dev.ccla.org\\\/wp-content\\\/uploads\\\/2021\\\/06\\\/shhh.jpg\",\"inLanguage\":\"fr-CA\"},{\"@type\":\"WebPage\",\"@id\":\"https:\\\/\\\/dev.ccla.org\\\/fr\\\/non-classe\\\/la-relation-entre-le-projet-de-loi-c-59-et-le-projet-de-loi-c-51\\\/\",\"url\":\"https:\\\/\\\/dev.ccla.org\\\/fr\\\/non-classe\\\/la-relation-entre-le-projet-de-loi-c-59-et-le-projet-de-loi-c-51\\\/\",\"name\":\"La relation entre le projet de loi C-59 et le projet de loi C-51 - CCLA\",\"isPartOf\":{\"@id\":\"https:\\\/\\\/dev.ccla.org\\\/fr\\\/#website\"},\"primaryImageOfPage\":{\"@id\":\"https:\\\/\\\/dev.ccla.org\\\/fr\\\/non-classe\\\/la-relation-entre-le-projet-de-loi-c-59-et-le-projet-de-loi-c-51\\\/#primaryimage\"},\"image\":{\"@id\":\"https:\\\/\\\/dev.ccla.org\\\/fr\\\/non-classe\\\/la-relation-entre-le-projet-de-loi-c-59-et-le-projet-de-loi-c-51\\\/#primaryimage\"},\"thumbnailUrl\":\"https:\\\/\\\/dev.ccla.org\\\/wp-content\\\/uploads\\\/2021\\\/06\\\/shhh.jpg\",\"datePublished\":\"2017-09-12T16:31:25+00:00\",\"dateModified\":\"2026-04-23T18:42:49+00:00\",\"author\":{\"@id\":\"https:\\\/\\\/dev.ccla.org\\\/fr\\\/#\\\/schema\\\/person\\\/e48728d4a52926205e807fd8c52bf3b0\"},\"breadcrumb\":{\"@id\":\"https:\\\/\\\/dev.ccla.org\\\/fr\\\/non-classe\\\/la-relation-entre-le-projet-de-loi-c-59-et-le-projet-de-loi-c-51\\\/#breadcrumb\"},\"inLanguage\":\"fr-CA\",\"potentialAction\":[{\"@type\":\"ReadAction\",\"target\":[\"https:\\\/\\\/dev.ccla.org\\\/fr\\\/non-classe\\\/la-relation-entre-le-projet-de-loi-c-59-et-le-projet-de-loi-c-51\\\/\"]}]},{\"@type\":\"ImageObject\",\"inLanguage\":\"fr-CA\",\"@id\":\"https:\\\/\\\/dev.ccla.org\\\/fr\\\/non-classe\\\/la-relation-entre-le-projet-de-loi-c-59-et-le-projet-de-loi-c-51\\\/#primaryimage\",\"url\":\"https:\\\/\\\/dev.ccla.org\\\/wp-content\\\/uploads\\\/2021\\\/06\\\/shhh.jpg\",\"contentUrl\":\"https:\\\/\\\/dev.ccla.org\\\/wp-content\\\/uploads\\\/2021\\\/06\\\/shhh.jpg\",\"width\":884,\"height\":368},{\"@type\":\"BreadcrumbList\",\"@id\":\"https:\\\/\\\/dev.ccla.org\\\/fr\\\/non-classe\\\/la-relation-entre-le-projet-de-loi-c-59-et-le-projet-de-loi-c-51\\\/#breadcrumb\",\"itemListElement\":[{\"@type\":\"ListItem\",\"position\":1,\"name\":\"Home\",\"item\":\"https:\\\/\\\/dev.ccla.org\\\/fr\\\/accueil\\\/\"},{\"@type\":\"ListItem\",\"position\":2,\"name\":\"Non class\u00e9\",\"item\":\"https:\\\/\\\/dev.ccla.org\\\/fr\\\/category\\\/non-classe\\\/\"},{\"@type\":\"ListItem\",\"position\":3,\"name\":\"La relation entre le projet de loi C-59 et le projet de loi C-51\"}]},{\"@type\":\"WebSite\",\"@id\":\"https:\\\/\\\/dev.ccla.org\\\/fr\\\/#website\",\"url\":\"https:\\\/\\\/dev.ccla.org\\\/fr\\\/\",\"name\":\"CCLA\",\"description\":\"\",\"potentialAction\":[{\"@type\":\"SearchAction\",\"target\":{\"@type\":\"EntryPoint\",\"urlTemplate\":\"https:\\\/\\\/dev.ccla.org\\\/fr\\\/?s={search_term_string}\"},\"query-input\":{\"@type\":\"PropertyValueSpecification\",\"valueRequired\":true,\"valueName\":\"search_term_string\"}}],\"inLanguage\":\"fr-CA\"},{\"@type\":\"Person\",\"@id\":\"https:\\\/\\\/dev.ccla.org\\\/fr\\\/#\\\/schema\\\/person\\\/e48728d4a52926205e807fd8c52bf3b0\",\"name\":\"CCLA\",\"image\":{\"@type\":\"ImageObject\",\"inLanguage\":\"fr-CA\",\"@id\":\"https:\\\/\\\/secure.gravatar.com\\\/avatar\\\/03b13921772ba279da547407d7a85f0b4a10bdf8cc9a026f2ac4e10643eee315?s=96&d=blank&r=g\",\"url\":\"https:\\\/\\\/secure.gravatar.com\\\/avatar\\\/03b13921772ba279da547407d7a85f0b4a10bdf8cc9a026f2ac4e10643eee315?s=96&d=blank&r=g\",\"contentUrl\":\"https:\\\/\\\/secure.gravatar.com\\\/avatar\\\/03b13921772ba279da547407d7a85f0b4a10bdf8cc9a026f2ac4e10643eee315?s=96&d=blank&r=g\",\"caption\":\"CCLA\"},\"url\":\"https:\\\/\\\/dev.ccla.org\\\/fr\\\/author\\\/ccla\\\/\"}]}<\/script>\n<!-- \/ Yoast SEO plugin. -->","yoast_head_json":{"title":"La relation entre le projet de loi C-59 et le projet de loi C-51 - CCLA","robots":{"index":"noindex","follow":"follow","max-snippet":"max-snippet:-1","max-image-preview":"max-image-preview:large","max-video-preview":"max-video-preview:-1"},"og_locale":"fr_CA","og_type":"article","og_title":"La relation entre le projet de loi C-59 et le projet de loi C-51 - CCLA","og_description":"Le projet C-59 \u00e9tait cens\u00e9 corriger les changements inconstitutionnels introduits dans le projet de loi C-51, la tristement c\u00e9l\u00e8bre loi antiterroriste de l\u2019ancien gouvernement (la Loi antiterroriste, 2015). Alors que le gouvernement actuel promettait de r\u00e9gler les aspects \u00ab probl\u00e9matiques \u00bb du projet de loi C-51, le projet de loi C-59 est une r\u00e9invention beaucoup plus compl\u00e8te du paysage de la s\u00e9curit\u00e9 nationale au Canada.","og_url":"https:\/\/dev.ccla.org\/fr\/non-classe\/la-relation-entre-le-projet-de-loi-c-59-et-le-projet-de-loi-c-51\/","og_site_name":"CCLA","article_published_time":"2017-09-12T16:31:25+00:00","article_modified_time":"2026-04-23T18:42:49+00:00","og_image":[{"width":884,"height":368,"url":"https:\/\/dev.ccla.org\/wp-content\/uploads\/2021\/06\/shhh.jpg","type":"image\/jpeg"}],"author":"CCLA","twitter_card":"summary_large_image","twitter_misc":{"\u00c9crit par":"CCLA","Estimation du temps de lecture":"4 minutes"},"schema":{"@context":"https:\/\/schema.org","@graph":[{"@type":"Article","@id":"https:\/\/dev.ccla.org\/fr\/non-classe\/la-relation-entre-le-projet-de-loi-c-59-et-le-projet-de-loi-c-51\/#article","isPartOf":{"@id":"https:\/\/dev.ccla.org\/fr\/non-classe\/la-relation-entre-le-projet-de-loi-c-59-et-le-projet-de-loi-c-51\/"},"author":{"name":"CCLA","@id":"https:\/\/dev.ccla.org\/fr\/#\/schema\/person\/e48728d4a52926205e807fd8c52bf3b0"},"headline":"La relation entre le projet de loi C-59 et le projet de loi C-51","datePublished":"2017-09-12T16:31:25+00:00","dateModified":"2026-04-23T18:42:49+00:00","mainEntityOfPage":{"@id":"https:\/\/dev.ccla.org\/fr\/non-classe\/la-relation-entre-le-projet-de-loi-c-59-et-le-projet-de-loi-c-51\/"},"wordCount":786,"image":{"@id":"https:\/\/dev.ccla.org\/fr\/non-classe\/la-relation-entre-le-projet-de-loi-c-59-et-le-projet-de-loi-c-51\/#primaryimage"},"thumbnailUrl":"https:\/\/dev.ccla.org\/wp-content\/uploads\/2021\/06\/shhh.jpg","inLanguage":"fr-CA"},{"@type":"WebPage","@id":"https:\/\/dev.ccla.org\/fr\/non-classe\/la-relation-entre-le-projet-de-loi-c-59-et-le-projet-de-loi-c-51\/","url":"https:\/\/dev.ccla.org\/fr\/non-classe\/la-relation-entre-le-projet-de-loi-c-59-et-le-projet-de-loi-c-51\/","name":"La relation entre le projet de loi C-59 et le projet de loi C-51 - CCLA","isPartOf":{"@id":"https:\/\/dev.ccla.org\/fr\/#website"},"primaryImageOfPage":{"@id":"https:\/\/dev.ccla.org\/fr\/non-classe\/la-relation-entre-le-projet-de-loi-c-59-et-le-projet-de-loi-c-51\/#primaryimage"},"image":{"@id":"https:\/\/dev.ccla.org\/fr\/non-classe\/la-relation-entre-le-projet-de-loi-c-59-et-le-projet-de-loi-c-51\/#primaryimage"},"thumbnailUrl":"https:\/\/dev.ccla.org\/wp-content\/uploads\/2021\/06\/shhh.jpg","datePublished":"2017-09-12T16:31:25+00:00","dateModified":"2026-04-23T18:42:49+00:00","author":{"@id":"https:\/\/dev.ccla.org\/fr\/#\/schema\/person\/e48728d4a52926205e807fd8c52bf3b0"},"breadcrumb":{"@id":"https:\/\/dev.ccla.org\/fr\/non-classe\/la-relation-entre-le-projet-de-loi-c-59-et-le-projet-de-loi-c-51\/#breadcrumb"},"inLanguage":"fr-CA","potentialAction":[{"@type":"ReadAction","target":["https:\/\/dev.ccla.org\/fr\/non-classe\/la-relation-entre-le-projet-de-loi-c-59-et-le-projet-de-loi-c-51\/"]}]},{"@type":"ImageObject","inLanguage":"fr-CA","@id":"https:\/\/dev.ccla.org\/fr\/non-classe\/la-relation-entre-le-projet-de-loi-c-59-et-le-projet-de-loi-c-51\/#primaryimage","url":"https:\/\/dev.ccla.org\/wp-content\/uploads\/2021\/06\/shhh.jpg","contentUrl":"https:\/\/dev.ccla.org\/wp-content\/uploads\/2021\/06\/shhh.jpg","width":884,"height":368},{"@type":"BreadcrumbList","@id":"https:\/\/dev.ccla.org\/fr\/non-classe\/la-relation-entre-le-projet-de-loi-c-59-et-le-projet-de-loi-c-51\/#breadcrumb","itemListElement":[{"@type":"ListItem","position":1,"name":"Home","item":"https:\/\/dev.ccla.org\/fr\/accueil\/"},{"@type":"ListItem","position":2,"name":"Non class\u00e9","item":"https:\/\/dev.ccla.org\/fr\/category\/non-classe\/"},{"@type":"ListItem","position":3,"name":"La relation entre le projet de loi C-59 et le projet de loi C-51"}]},{"@type":"WebSite","@id":"https:\/\/dev.ccla.org\/fr\/#website","url":"https:\/\/dev.ccla.org\/fr\/","name":"CCLA","description":"","potentialAction":[{"@type":"SearchAction","target":{"@type":"EntryPoint","urlTemplate":"https:\/\/dev.ccla.org\/fr\/?s={search_term_string}"},"query-input":{"@type":"PropertyValueSpecification","valueRequired":true,"valueName":"search_term_string"}}],"inLanguage":"fr-CA"},{"@type":"Person","@id":"https:\/\/dev.ccla.org\/fr\/#\/schema\/person\/e48728d4a52926205e807fd8c52bf3b0","name":"CCLA","image":{"@type":"ImageObject","inLanguage":"fr-CA","@id":"https:\/\/secure.gravatar.com\/avatar\/03b13921772ba279da547407d7a85f0b4a10bdf8cc9a026f2ac4e10643eee315?s=96&d=blank&r=g","url":"https:\/\/secure.gravatar.com\/avatar\/03b13921772ba279da547407d7a85f0b4a10bdf8cc9a026f2ac4e10643eee315?s=96&d=blank&r=g","contentUrl":"https:\/\/secure.gravatar.com\/avatar\/03b13921772ba279da547407d7a85f0b4a10bdf8cc9a026f2ac4e10643eee315?s=96&d=blank&r=g","caption":"CCLA"},"url":"https:\/\/dev.ccla.org\/fr\/author\/ccla\/"}]}},"_links":{"self":[{"href":"https:\/\/dev.ccla.org\/fr\/wp-json\/wp\/v2\/posts\/16576","targetHints":{"allow":["GET"]}}],"collection":[{"href":"https:\/\/dev.ccla.org\/fr\/wp-json\/wp\/v2\/posts"}],"about":[{"href":"https:\/\/dev.ccla.org\/fr\/wp-json\/wp\/v2\/types\/post"}],"author":[{"embeddable":true,"href":"https:\/\/dev.ccla.org\/fr\/wp-json\/wp\/v2\/users\/4"}],"replies":[{"embeddable":true,"href":"https:\/\/dev.ccla.org\/fr\/wp-json\/wp\/v2\/comments?post=16576"}],"version-history":[{"count":10,"href":"https:\/\/dev.ccla.org\/fr\/wp-json\/wp\/v2\/posts\/16576\/revisions"}],"predecessor-version":[{"id":16613,"href":"https:\/\/dev.ccla.org\/fr\/wp-json\/wp\/v2\/posts\/16576\/revisions\/16613"}],"wp:featuredmedia":[{"embeddable":true,"href":"https:\/\/dev.ccla.org\/fr\/wp-json\/wp\/v2\/media\/16533"}],"wp:attachment":[{"href":"https:\/\/dev.ccla.org\/fr\/wp-json\/wp\/v2\/media?parent=16576"}],"wp:term":[{"taxonomy":"category","embeddable":true,"href":"https:\/\/dev.ccla.org\/fr\/wp-json\/wp\/v2\/categories?post=16576"},{"taxonomy":"post_tag","embeddable":true,"href":"https:\/\/dev.ccla.org\/fr\/wp-json\/wp\/v2\/tags?post=16576"}],"curies":[{"name":"wp","href":"https:\/\/api.w.org\/{rel}","templated":true}]}}