{"id":16558,"date":"2017-09-12T10:07:35","date_gmt":"2017-09-12T14:07:35","guid":{"rendered":"https:\/\/dev.ccla.org\/non-classe\/linfraction-de-discours-terroriste-et-le-projet-de-loi-c-59\/"},"modified":"2026-04-23T14:42:33","modified_gmt":"2026-04-23T18:42:33","slug":"linfraction-de-discours-terroriste-et-le-projet-de-loi-c-59","status":"publish","type":"post","link":"https:\/\/dev.ccla.org\/fr\/non-classe\/linfraction-de-discours-terroriste-et-le-projet-de-loi-c-59\/","title":{"rendered":"L\u2019infraction de discours terroriste et le projet de loi C-59"},"content":{"rendered":"[vc_row type=\u00a0\u00bbin_container\u00a0\u00bb full_screen_row_position=\u00a0\u00bbmiddle\u00a0\u00bb column_margin=\u00a0\u00bbdefault\u00a0\u00bb column_direction=\u00a0\u00bbdefault\u00a0\u00bb column_direction_tablet=\u00a0\u00bbdefault\u00a0\u00bb column_direction_phone=\u00a0\u00bbdefault\u00a0\u00bb scene_position=\u00a0\u00bbcenter\u00a0\u00bb text_color=\u00a0\u00bbdark\u00a0\u00bb text_align=\u00a0\u00bbleft\u00a0\u00bb row_border_radius=\u00a0\u00bbnone\u00a0\u00bb row_border_radius_applies=\u00a0\u00bbbg\u00a0\u00bb overlay_strength=\u00a0\u00bb0.3&Prime; gradient_direction=\u00a0\u00bbleft_to_right\u00a0\u00bb shape_divider_position=\u00a0\u00bbbottom\u00a0\u00bb bg_image_animation=\u00a0\u00bbnone\u00a0\u00bb][vc_column column_padding=\u00a0\u00bbno-extra-padding\u00a0\u00bb column_padding_tablet=\u00a0\u00bbinherit\u00a0\u00bb column_padding_phone=\u00a0\u00bbinherit\u00a0\u00bb column_padding_position=\u00a0\u00bball\u00a0\u00bb column_element_spacing=\u00a0\u00bbdefault\u00a0\u00bb background_color_opacity=\u00a0\u00bb1&Prime; background_hover_color_opacity=\u00a0\u00bb1&Prime; column_shadow=\u00a0\u00bbnone\u00a0\u00bb column_border_radius=\u00a0\u00bbnone\u00a0\u00bb column_link_target=\u00a0\u00bb_self\u00a0\u00bb gradient_direction=\u00a0\u00bbleft_to_right\u00a0\u00bb overlay_strength=\u00a0\u00bb0.3&Prime; width=\u00a0\u00bb1\/1&Prime; tablet_width_inherit=\u00a0\u00bbdefault\u00a0\u00bb tablet_text_alignment=\u00a0\u00bbdefault\u00a0\u00bb phone_text_alignment=\u00a0\u00bbdefault\u00a0\u00bb bg_image_animation=\u00a0\u00bbnone\u00a0\u00bb border_type=\u00a0\u00bbsimple\u00a0\u00bb column_border_width=\u00a0\u00bbnone\u00a0\u00bb column_border_style=\u00a0\u00bbsolid\u00a0\u00bb][nectar_global_section id=\u00a0\u00bb1355&Prime;][\/vc_column][\/vc_row][vc_row type=\u00a0\u00bbfull_width_background\u00a0\u00bb full_screen_row_position=\u00a0\u00bbmiddle\u00a0\u00bb column_margin=\u00a0\u00bbdefault\u00a0\u00bb column_direction=\u00a0\u00bbdefault\u00a0\u00bb column_direction_tablet=\u00a0\u00bbdefault\u00a0\u00bb column_direction_phone=\u00a0\u00bbdefault\u00a0\u00bb scene_position=\u00a0\u00bbcenter\u00a0\u00bb top_padding=\u00a0\u00bb4%\u00a0\u00bb constrain_group_1=\u00a0\u00bbyes\u00a0\u00bb bottom_padding=\u00a0\u00bb4%\u00a0\u00bb text_color=\u00a0\u00bbdark\u00a0\u00bb text_align=\u00a0\u00bbleft\u00a0\u00bb row_border_radius=\u00a0\u00bbnone\u00a0\u00bb row_border_radius_applies=\u00a0\u00bbbg\u00a0\u00bb class=\u00a0\u00bbpost-links\u00a0\u00bb overlay_strength=\u00a0\u00bb0.3&Prime; gradient_direction=\u00a0\u00bbleft_to_right\u00a0\u00bb shape_divider_position=\u00a0\u00bbbottom\u00a0\u00bb bg_image_animation=\u00a0\u00bbnone\u00a0\u00bb shape_type=\u00a0\u00bb\u00a0\u00bb][vc_column column_padding=\u00a0\u00bbno-extra-padding\u00a0\u00bb column_padding_tablet=\u00a0\u00bbinherit\u00a0\u00bb column_padding_phone=\u00a0\u00bbinherit\u00a0\u00bb column_padding_position=\u00a0\u00bball\u00a0\u00bb column_element_spacing=\u00a0\u00bbdefault\u00a0\u00bb background_color_opacity=\u00a0\u00bb1&Prime; background_hover_color_opacity=\u00a0\u00bb1&Prime; column_shadow=\u00a0\u00bbnone\u00a0\u00bb column_border_radius=\u00a0\u00bbnone\u00a0\u00bb column_link_target=\u00a0\u00bb_self\u00a0\u00bb gradient_direction=\u00a0\u00bbleft_to_right\u00a0\u00bb overlay_strength=\u00a0\u00bb0.3&Prime; width=\u00a0\u00bb1\/1&Prime; tablet_width_inherit=\u00a0\u00bbdefault\u00a0\u00bb tablet_text_alignment=\u00a0\u00bbdefault\u00a0\u00bb phone_text_alignment=\u00a0\u00bbdefault\u00a0\u00bb bg_image_animation=\u00a0\u00bbnone\u00a0\u00bb border_type=\u00a0\u00bbsimple\u00a0\u00bb column_border_width=\u00a0\u00bbnone\u00a0\u00bb column_border_style=\u00a0\u00bbsolid\u00a0\u00bb][divider line_type=\u00a0\u00bbNo Line\u00a0\u00bb custom_height=\u00a0\u00bb30&Prime;][vc_column_text]\n<div class=\"entry-meta\">\n<p><strong><span class=\"posted-on\"><time class=\"entry-date published\" datetime=\"2017-09-12T16:40:24-04:00\">12 septembre 2017<\/time><\/span><\/strong><\/p>\n<\/div>\n<div class=\"shapely-content \">\n<p>L\u2019une des dispositions les plus clairement inconstitutionnelles du projet C-51 \u00e9tait un amendement <i>au Code criminel <\/i>qui a cr\u00e9\u00e9 une nouvelle infraction de \u00ab pr\u00e9coniser ou promouvoir sciemment la commission d\u2019infractions terroristes en g\u00e9n\u00e9ral \u00bb ainsi qu\u2019une d\u00e9finition tout aussi large de la \u00ab propagande terroriste \u00bb. La nouvelle infraction, qui entra\u00eene une peine pouvant aller jusqu\u2019\u00e0 cinq ans de prison, n\u2019exige m\u00eame pas que l\u2019orateur ait l\u2019intention qu\u2019un acte terroriste r\u00e9sulte du discours en question. Elle exige seulement que le discours soit tenu avec imprudence quant \u00e0 savoir si une infraction terroriste pourrait en r\u00e9sulter (ce qui est une norme juridique tr\u00e8s basse). De plus, le terme \u00ab infractions terroristes en g\u00e9n\u00e9ral \u00bb n\u2019est d\u00e9fini nulle part dans le <i>Code criminel, ce qui <\/i>laisse cette expression ouverte \u00e0 de nombreuses interpr\u00e9tations.   <\/p>\n<p><a href=\"\/?p=26431\" target=\"_blank\" rel=\"noopener\">La CCLA estime<\/a> que ces dispositions <i>du Code criminel <\/i>constituent une limite injustifiable \u00e0 la garantie de libert\u00e9 d\u2019expression de <i>la Charte<\/i>. Cela s\u2019explique par le fait que le discours interdit \u2013 pouvant englober toutes les d\u00e9clarations priv\u00e9es ou publiques concernant \u00ab les infractions terroristes en g\u00e9n\u00e9ral \u00bb \u2013 est exceptionnellement large en port\u00e9e, et beaucoup trop vague pour \u00eatre une cat\u00e9gorie d\u00e9finissable. La CCLA craignait que cela cr\u00e9e un crit\u00e8re hautement subjectif que les tribunaux doivent appliquer pour d\u00e9terminer si le discours d\u2019une personne promouvait des infractions terroristes \u00ab en g\u00e9n\u00e9ral \u00bb \u2014 les journalistes, par exemple, craignaient que diffuser un extrait de film comme celui r\u00e9alis\u00e9 par le tireur de la Colline du Parlement en 2015 enfreint la loi. Il y avait aussi des inqui\u00e9tudes quant \u00e0 savoir si ces dispositions pourraient avoir un effet dissuasif sur les individus engag\u00e9s dans des tentatives de pr\u00e9vention et de lutte contre le terrorisme, comme les efforts communautaires de d\u00e9radicalisation.   <\/p>\n<p>Le C-59 supprime compl\u00e8tement l\u2019expression \u00ab infractions terroristes en g\u00e9n\u00e9ral \u00bb et remplace l\u2019infraction uniquement lorsqu\u2019une personne \u00ab conseille sp\u00e9cifiquement \u00e0 une autre personne de commettre une infraction terroriste \u00bb. Les infractions li\u00e9es au counseling existent ailleurs dans la loi \u2014 il existe une structure juridique plus claire et plus appropri\u00e9e qui les entoure, et ce changement limite le risque d\u2019incertitude, d\u2019ampleur excessive ou d\u2019effet dissuasif sur la libert\u00e9 d\u2019expression prot\u00e9g\u00e9e. Dans ce domaine pr\u00e9cis du C-59, les changements n\u00e9cessaires ont \u00e9t\u00e9 int\u00e9gr\u00e9s au nouveau projet de loi.<br \/>\n<strong><a href=\"\/?p=27988\" target=\"_blank\" rel=\"noopener\">VISITEZ NOTRE PROJET DE LOI C-59 : FAITES-LE BIEN! PAGE D\u2019ACCUEIL DE LA CAMPAGNE <\/a><\/strong><\/p>\n<p><strong><a class=\"fasc-button fasc-size-large fasc-type-flat fasc-rounded-medium\" href=\"\/?page_id=37\" target=\"_blank\" rel=\"noopener\">Soutenez le C-59 de la CCLA : Faites-le bien! Campagne <\/a> <\/strong><\/p>\n<\/div>\n[\/vc_column_text][\/vc_column][\/vc_row][vc_row type=\u00a0\u00bbin_container\u00a0\u00bb full_screen_row_position=\u00a0\u00bbmiddle\u00a0\u00bb column_margin=\u00a0\u00bbdefault\u00a0\u00bb column_direction=\u00a0\u00bbdefault\u00a0\u00bb column_direction_tablet=\u00a0\u00bbdefault\u00a0\u00bb column_direction_phone=\u00a0\u00bbdefault\u00a0\u00bb scene_position=\u00a0\u00bbcenter\u00a0\u00bb text_color=\u00a0\u00bbdark\u00a0\u00bb text_align=\u00a0\u00bbleft\u00a0\u00bb row_border_radius=\u00a0\u00bbnone\u00a0\u00bb row_border_radius_applies=\u00a0\u00bbbg\u00a0\u00bb overlay_strength=\u00a0\u00bb0.3&Prime; gradient_direction=\u00a0\u00bbleft_to_right\u00a0\u00bb shape_divider_position=\u00a0\u00bbbottom\u00a0\u00bb bg_image_animation=\u00a0\u00bbnone\u00a0\u00bb][vc_column column_padding=\u00a0\u00bbno-extra-padding\u00a0\u00bb column_padding_tablet=\u00a0\u00bbinherit\u00a0\u00bb column_padding_phone=\u00a0\u00bbinherit\u00a0\u00bb column_padding_position=\u00a0\u00bball\u00a0\u00bb column_element_spacing=\u00a0\u00bbdefault\u00a0\u00bb background_color_opacity=\u00a0\u00bb1&Prime; background_hover_color_opacity=\u00a0\u00bb1&Prime; column_shadow=\u00a0\u00bbnone\u00a0\u00bb column_border_radius=\u00a0\u00bbnone\u00a0\u00bb column_link_target=\u00a0\u00bb_self\u00a0\u00bb gradient_direction=\u00a0\u00bbleft_to_right\u00a0\u00bb overlay_strength=\u00a0\u00bb0.3&Prime; width=\u00a0\u00bb1\/1&Prime; tablet_width_inherit=\u00a0\u00bbdefault\u00a0\u00bb tablet_text_alignment=\u00a0\u00bbdefault\u00a0\u00bb phone_text_alignment=\u00a0\u00bbdefault\u00a0\u00bb bg_image_animation=\u00a0\u00bbnone\u00a0\u00bb border_type=\u00a0\u00bbsimple\u00a0\u00bb column_border_width=\u00a0\u00bbnone\u00a0\u00bb column_border_style=\u00a0\u00bbsolid\u00a0\u00bb][nectar_global_section id=\u00a0\u00bb1461&Prime;][\/vc_column][\/vc_row]\n","protected":false},"excerpt":{"rendered":"<p>L\u2019une des dispositions les plus clairement inconstitutionnelles du projet C-51 \u00e9tait un amendement au Code criminel qui cr\u00e9ait une nouvelle infraction de \u00ab pr\u00e9coniser ou promouvoir sciemment la commission d\u2019infractions terroristes en g\u00e9n\u00e9ral \u00bb ainsi qu\u2019une d\u00e9finition tout aussi large de la \u00ab propagande terroriste \u00bb.<\/p>\n","protected":false},"author":4,"featured_media":16533,"comment_status":"closed","ping_status":"closed","sticky":false,"template":"","format":"standard","meta":{"footnotes":""},"categories":[254],"tags":[],"class_list":{"0":"post-16558","1":"post","2":"type-post","3":"status-publish","4":"format-standard","5":"has-post-thumbnail","7":"category-non-classe"},"yoast_head":"<!-- This site is optimized with the Yoast SEO plugin v27.4 - https:\/\/yoast.com\/product\/yoast-seo-wordpress\/ -->\n<title>L\u2019infraction de discours terroriste et le projet de loi C-59 - CCLA<\/title>\n<meta name=\"robots\" content=\"noindex, follow, max-snippet:-1, max-image-preview:large, max-video-preview:-1\" \/>\n<meta property=\"og:locale\" content=\"fr_CA\" \/>\n<meta property=\"og:type\" content=\"article\" \/>\n<meta property=\"og:title\" content=\"L\u2019infraction de discours terroriste et le projet de loi C-59 - CCLA\" \/>\n<meta property=\"og:description\" content=\"L\u2019une des dispositions les plus clairement inconstitutionnelles du projet C-51 \u00e9tait un amendement au Code criminel qui cr\u00e9ait une nouvelle infraction de \u00ab pr\u00e9coniser ou promouvoir sciemment la commission d\u2019infractions terroristes en g\u00e9n\u00e9ral \u00bb ainsi qu\u2019une d\u00e9finition tout aussi large de la \u00ab propagande terroriste \u00bb.\" \/>\n<meta property=\"og:url\" content=\"https:\/\/dev.ccla.org\/fr\/non-classe\/linfraction-de-discours-terroriste-et-le-projet-de-loi-c-59\/\" \/>\n<meta property=\"og:site_name\" content=\"CCLA\" \/>\n<meta property=\"article:published_time\" content=\"2017-09-12T14:07:35+00:00\" \/>\n<meta property=\"article:modified_time\" content=\"2026-04-23T18:42:33+00:00\" \/>\n<meta property=\"og:image\" content=\"https:\/\/dev.ccla.org\/wp-content\/uploads\/2021\/06\/shhh.jpg\" \/>\n\t<meta property=\"og:image:width\" content=\"884\" \/>\n\t<meta property=\"og:image:height\" content=\"368\" \/>\n\t<meta property=\"og:image:type\" content=\"image\/jpeg\" \/>\n<meta name=\"author\" content=\"CCLA\" \/>\n<meta name=\"twitter:card\" content=\"summary_large_image\" \/>\n<meta name=\"twitter:label1\" content=\"\u00c9crit par\" \/>\n\t<meta name=\"twitter:data1\" content=\"CCLA\" \/>\n\t<meta name=\"twitter:label2\" content=\"Estimation du temps de lecture\" \/>\n\t<meta name=\"twitter:data2\" content=\"4 minutes\" \/>\n<script type=\"application\/ld+json\" class=\"yoast-schema-graph\">{\"@context\":\"https:\\\/\\\/schema.org\",\"@graph\":[{\"@type\":\"Article\",\"@id\":\"https:\\\/\\\/dev.ccla.org\\\/fr\\\/non-classe\\\/linfraction-de-discours-terroriste-et-le-projet-de-loi-c-59\\\/#article\",\"isPartOf\":{\"@id\":\"https:\\\/\\\/dev.ccla.org\\\/fr\\\/non-classe\\\/linfraction-de-discours-terroriste-et-le-projet-de-loi-c-59\\\/\"},\"author\":{\"name\":\"CCLA\",\"@id\":\"https:\\\/\\\/dev.ccla.org\\\/fr\\\/#\\\/schema\\\/person\\\/e48728d4a52926205e807fd8c52bf3b0\"},\"headline\":\"L\u2019infraction de discours terroriste et le projet de loi C-59\",\"datePublished\":\"2017-09-12T14:07:35+00:00\",\"dateModified\":\"2026-04-23T18:42:33+00:00\",\"mainEntityOfPage\":{\"@id\":\"https:\\\/\\\/dev.ccla.org\\\/fr\\\/non-classe\\\/linfraction-de-discours-terroriste-et-le-projet-de-loi-c-59\\\/\"},\"wordCount\":888,\"image\":{\"@id\":\"https:\\\/\\\/dev.ccla.org\\\/fr\\\/non-classe\\\/linfraction-de-discours-terroriste-et-le-projet-de-loi-c-59\\\/#primaryimage\"},\"thumbnailUrl\":\"https:\\\/\\\/dev.ccla.org\\\/wp-content\\\/uploads\\\/2021\\\/06\\\/shhh.jpg\",\"inLanguage\":\"fr-CA\"},{\"@type\":\"WebPage\",\"@id\":\"https:\\\/\\\/dev.ccla.org\\\/fr\\\/non-classe\\\/linfraction-de-discours-terroriste-et-le-projet-de-loi-c-59\\\/\",\"url\":\"https:\\\/\\\/dev.ccla.org\\\/fr\\\/non-classe\\\/linfraction-de-discours-terroriste-et-le-projet-de-loi-c-59\\\/\",\"name\":\"L\u2019infraction de discours terroriste et le projet de loi C-59 - CCLA\",\"isPartOf\":{\"@id\":\"https:\\\/\\\/dev.ccla.org\\\/fr\\\/#website\"},\"primaryImageOfPage\":{\"@id\":\"https:\\\/\\\/dev.ccla.org\\\/fr\\\/non-classe\\\/linfraction-de-discours-terroriste-et-le-projet-de-loi-c-59\\\/#primaryimage\"},\"image\":{\"@id\":\"https:\\\/\\\/dev.ccla.org\\\/fr\\\/non-classe\\\/linfraction-de-discours-terroriste-et-le-projet-de-loi-c-59\\\/#primaryimage\"},\"thumbnailUrl\":\"https:\\\/\\\/dev.ccla.org\\\/wp-content\\\/uploads\\\/2021\\\/06\\\/shhh.jpg\",\"datePublished\":\"2017-09-12T14:07:35+00:00\",\"dateModified\":\"2026-04-23T18:42:33+00:00\",\"author\":{\"@id\":\"https:\\\/\\\/dev.ccla.org\\\/fr\\\/#\\\/schema\\\/person\\\/e48728d4a52926205e807fd8c52bf3b0\"},\"breadcrumb\":{\"@id\":\"https:\\\/\\\/dev.ccla.org\\\/fr\\\/non-classe\\\/linfraction-de-discours-terroriste-et-le-projet-de-loi-c-59\\\/#breadcrumb\"},\"inLanguage\":\"fr-CA\",\"potentialAction\":[{\"@type\":\"ReadAction\",\"target\":[\"https:\\\/\\\/dev.ccla.org\\\/fr\\\/non-classe\\\/linfraction-de-discours-terroriste-et-le-projet-de-loi-c-59\\\/\"]}]},{\"@type\":\"ImageObject\",\"inLanguage\":\"fr-CA\",\"@id\":\"https:\\\/\\\/dev.ccla.org\\\/fr\\\/non-classe\\\/linfraction-de-discours-terroriste-et-le-projet-de-loi-c-59\\\/#primaryimage\",\"url\":\"https:\\\/\\\/dev.ccla.org\\\/wp-content\\\/uploads\\\/2021\\\/06\\\/shhh.jpg\",\"contentUrl\":\"https:\\\/\\\/dev.ccla.org\\\/wp-content\\\/uploads\\\/2021\\\/06\\\/shhh.jpg\",\"width\":884,\"height\":368},{\"@type\":\"BreadcrumbList\",\"@id\":\"https:\\\/\\\/dev.ccla.org\\\/fr\\\/non-classe\\\/linfraction-de-discours-terroriste-et-le-projet-de-loi-c-59\\\/#breadcrumb\",\"itemListElement\":[{\"@type\":\"ListItem\",\"position\":1,\"name\":\"Home\",\"item\":\"https:\\\/\\\/dev.ccla.org\\\/fr\\\/accueil\\\/\"},{\"@type\":\"ListItem\",\"position\":2,\"name\":\"Non class\u00e9\",\"item\":\"https:\\\/\\\/dev.ccla.org\\\/fr\\\/category\\\/non-classe\\\/\"},{\"@type\":\"ListItem\",\"position\":3,\"name\":\"L\u2019infraction de discours terroriste et le projet de loi C-59\"}]},{\"@type\":\"WebSite\",\"@id\":\"https:\\\/\\\/dev.ccla.org\\\/fr\\\/#website\",\"url\":\"https:\\\/\\\/dev.ccla.org\\\/fr\\\/\",\"name\":\"CCLA\",\"description\":\"\",\"potentialAction\":[{\"@type\":\"SearchAction\",\"target\":{\"@type\":\"EntryPoint\",\"urlTemplate\":\"https:\\\/\\\/dev.ccla.org\\\/fr\\\/?s={search_term_string}\"},\"query-input\":{\"@type\":\"PropertyValueSpecification\",\"valueRequired\":true,\"valueName\":\"search_term_string\"}}],\"inLanguage\":\"fr-CA\"},{\"@type\":\"Person\",\"@id\":\"https:\\\/\\\/dev.ccla.org\\\/fr\\\/#\\\/schema\\\/person\\\/e48728d4a52926205e807fd8c52bf3b0\",\"name\":\"CCLA\",\"image\":{\"@type\":\"ImageObject\",\"inLanguage\":\"fr-CA\",\"@id\":\"https:\\\/\\\/secure.gravatar.com\\\/avatar\\\/03b13921772ba279da547407d7a85f0b4a10bdf8cc9a026f2ac4e10643eee315?s=96&d=blank&r=g\",\"url\":\"https:\\\/\\\/secure.gravatar.com\\\/avatar\\\/03b13921772ba279da547407d7a85f0b4a10bdf8cc9a026f2ac4e10643eee315?s=96&d=blank&r=g\",\"contentUrl\":\"https:\\\/\\\/secure.gravatar.com\\\/avatar\\\/03b13921772ba279da547407d7a85f0b4a10bdf8cc9a026f2ac4e10643eee315?s=96&d=blank&r=g\",\"caption\":\"CCLA\"},\"url\":\"https:\\\/\\\/dev.ccla.org\\\/fr\\\/author\\\/ccla\\\/\"}]}<\/script>\n<!-- \/ Yoast SEO plugin. -->","yoast_head_json":{"title":"L\u2019infraction de discours terroriste et le projet de loi C-59 - CCLA","robots":{"index":"noindex","follow":"follow","max-snippet":"max-snippet:-1","max-image-preview":"max-image-preview:large","max-video-preview":"max-video-preview:-1"},"og_locale":"fr_CA","og_type":"article","og_title":"L\u2019infraction de discours terroriste et le projet de loi C-59 - CCLA","og_description":"L\u2019une des dispositions les plus clairement inconstitutionnelles du projet C-51 \u00e9tait un amendement au Code criminel qui cr\u00e9ait une nouvelle infraction de \u00ab pr\u00e9coniser ou promouvoir sciemment la commission d\u2019infractions terroristes en g\u00e9n\u00e9ral \u00bb ainsi qu\u2019une d\u00e9finition tout aussi large de la \u00ab propagande terroriste \u00bb.","og_url":"https:\/\/dev.ccla.org\/fr\/non-classe\/linfraction-de-discours-terroriste-et-le-projet-de-loi-c-59\/","og_site_name":"CCLA","article_published_time":"2017-09-12T14:07:35+00:00","article_modified_time":"2026-04-23T18:42:33+00:00","og_image":[{"width":884,"height":368,"url":"https:\/\/dev.ccla.org\/wp-content\/uploads\/2021\/06\/shhh.jpg","type":"image\/jpeg"}],"author":"CCLA","twitter_card":"summary_large_image","twitter_misc":{"\u00c9crit par":"CCLA","Estimation du temps de lecture":"4 minutes"},"schema":{"@context":"https:\/\/schema.org","@graph":[{"@type":"Article","@id":"https:\/\/dev.ccla.org\/fr\/non-classe\/linfraction-de-discours-terroriste-et-le-projet-de-loi-c-59\/#article","isPartOf":{"@id":"https:\/\/dev.ccla.org\/fr\/non-classe\/linfraction-de-discours-terroriste-et-le-projet-de-loi-c-59\/"},"author":{"name":"CCLA","@id":"https:\/\/dev.ccla.org\/fr\/#\/schema\/person\/e48728d4a52926205e807fd8c52bf3b0"},"headline":"L\u2019infraction de discours terroriste et le projet de loi C-59","datePublished":"2017-09-12T14:07:35+00:00","dateModified":"2026-04-23T18:42:33+00:00","mainEntityOfPage":{"@id":"https:\/\/dev.ccla.org\/fr\/non-classe\/linfraction-de-discours-terroriste-et-le-projet-de-loi-c-59\/"},"wordCount":888,"image":{"@id":"https:\/\/dev.ccla.org\/fr\/non-classe\/linfraction-de-discours-terroriste-et-le-projet-de-loi-c-59\/#primaryimage"},"thumbnailUrl":"https:\/\/dev.ccla.org\/wp-content\/uploads\/2021\/06\/shhh.jpg","inLanguage":"fr-CA"},{"@type":"WebPage","@id":"https:\/\/dev.ccla.org\/fr\/non-classe\/linfraction-de-discours-terroriste-et-le-projet-de-loi-c-59\/","url":"https:\/\/dev.ccla.org\/fr\/non-classe\/linfraction-de-discours-terroriste-et-le-projet-de-loi-c-59\/","name":"L\u2019infraction de discours terroriste et le projet de loi C-59 - CCLA","isPartOf":{"@id":"https:\/\/dev.ccla.org\/fr\/#website"},"primaryImageOfPage":{"@id":"https:\/\/dev.ccla.org\/fr\/non-classe\/linfraction-de-discours-terroriste-et-le-projet-de-loi-c-59\/#primaryimage"},"image":{"@id":"https:\/\/dev.ccla.org\/fr\/non-classe\/linfraction-de-discours-terroriste-et-le-projet-de-loi-c-59\/#primaryimage"},"thumbnailUrl":"https:\/\/dev.ccla.org\/wp-content\/uploads\/2021\/06\/shhh.jpg","datePublished":"2017-09-12T14:07:35+00:00","dateModified":"2026-04-23T18:42:33+00:00","author":{"@id":"https:\/\/dev.ccla.org\/fr\/#\/schema\/person\/e48728d4a52926205e807fd8c52bf3b0"},"breadcrumb":{"@id":"https:\/\/dev.ccla.org\/fr\/non-classe\/linfraction-de-discours-terroriste-et-le-projet-de-loi-c-59\/#breadcrumb"},"inLanguage":"fr-CA","potentialAction":[{"@type":"ReadAction","target":["https:\/\/dev.ccla.org\/fr\/non-classe\/linfraction-de-discours-terroriste-et-le-projet-de-loi-c-59\/"]}]},{"@type":"ImageObject","inLanguage":"fr-CA","@id":"https:\/\/dev.ccla.org\/fr\/non-classe\/linfraction-de-discours-terroriste-et-le-projet-de-loi-c-59\/#primaryimage","url":"https:\/\/dev.ccla.org\/wp-content\/uploads\/2021\/06\/shhh.jpg","contentUrl":"https:\/\/dev.ccla.org\/wp-content\/uploads\/2021\/06\/shhh.jpg","width":884,"height":368},{"@type":"BreadcrumbList","@id":"https:\/\/dev.ccla.org\/fr\/non-classe\/linfraction-de-discours-terroriste-et-le-projet-de-loi-c-59\/#breadcrumb","itemListElement":[{"@type":"ListItem","position":1,"name":"Home","item":"https:\/\/dev.ccla.org\/fr\/accueil\/"},{"@type":"ListItem","position":2,"name":"Non class\u00e9","item":"https:\/\/dev.ccla.org\/fr\/category\/non-classe\/"},{"@type":"ListItem","position":3,"name":"L\u2019infraction de discours terroriste et le projet de loi C-59"}]},{"@type":"WebSite","@id":"https:\/\/dev.ccla.org\/fr\/#website","url":"https:\/\/dev.ccla.org\/fr\/","name":"CCLA","description":"","potentialAction":[{"@type":"SearchAction","target":{"@type":"EntryPoint","urlTemplate":"https:\/\/dev.ccla.org\/fr\/?s={search_term_string}"},"query-input":{"@type":"PropertyValueSpecification","valueRequired":true,"valueName":"search_term_string"}}],"inLanguage":"fr-CA"},{"@type":"Person","@id":"https:\/\/dev.ccla.org\/fr\/#\/schema\/person\/e48728d4a52926205e807fd8c52bf3b0","name":"CCLA","image":{"@type":"ImageObject","inLanguage":"fr-CA","@id":"https:\/\/secure.gravatar.com\/avatar\/03b13921772ba279da547407d7a85f0b4a10bdf8cc9a026f2ac4e10643eee315?s=96&d=blank&r=g","url":"https:\/\/secure.gravatar.com\/avatar\/03b13921772ba279da547407d7a85f0b4a10bdf8cc9a026f2ac4e10643eee315?s=96&d=blank&r=g","contentUrl":"https:\/\/secure.gravatar.com\/avatar\/03b13921772ba279da547407d7a85f0b4a10bdf8cc9a026f2ac4e10643eee315?s=96&d=blank&r=g","caption":"CCLA"},"url":"https:\/\/dev.ccla.org\/fr\/author\/ccla\/"}]}},"_links":{"self":[{"href":"https:\/\/dev.ccla.org\/fr\/wp-json\/wp\/v2\/posts\/16558","targetHints":{"allow":["GET"]}}],"collection":[{"href":"https:\/\/dev.ccla.org\/fr\/wp-json\/wp\/v2\/posts"}],"about":[{"href":"https:\/\/dev.ccla.org\/fr\/wp-json\/wp\/v2\/types\/post"}],"author":[{"embeddable":true,"href":"https:\/\/dev.ccla.org\/fr\/wp-json\/wp\/v2\/users\/4"}],"replies":[{"embeddable":true,"href":"https:\/\/dev.ccla.org\/fr\/wp-json\/wp\/v2\/comments?post=16558"}],"version-history":[{"count":1,"href":"https:\/\/dev.ccla.org\/fr\/wp-json\/wp\/v2\/posts\/16558\/revisions"}],"predecessor-version":[{"id":16565,"href":"https:\/\/dev.ccla.org\/fr\/wp-json\/wp\/v2\/posts\/16558\/revisions\/16565"}],"wp:featuredmedia":[{"embeddable":true,"href":"https:\/\/dev.ccla.org\/fr\/wp-json\/wp\/v2\/media\/16533"}],"wp:attachment":[{"href":"https:\/\/dev.ccla.org\/fr\/wp-json\/wp\/v2\/media?parent=16558"}],"wp:term":[{"taxonomy":"category","embeddable":true,"href":"https:\/\/dev.ccla.org\/fr\/wp-json\/wp\/v2\/categories?post=16558"},{"taxonomy":"post_tag","embeddable":true,"href":"https:\/\/dev.ccla.org\/fr\/wp-json\/wp\/v2\/tags?post=16558"}],"curies":[{"name":"wp","href":"https:\/\/api.w.org\/{rel}","templated":true}]}}