{"id":16549,"date":"2017-09-12T10:35:00","date_gmt":"2017-09-12T14:35:00","guid":{"rendered":"https:\/\/dev.ccla.org\/non-classe\/partage-dinformation-et-divulgation-dans-le-projet-de-loi-c-59\/"},"modified":"2026-04-23T14:42:32","modified_gmt":"2026-04-23T18:42:32","slug":"partage-dinformation-et-divulgation-dans-le-projet-de-loi-c-59","status":"publish","type":"post","link":"https:\/\/dev.ccla.org\/fr\/non-classe\/partage-dinformation-et-divulgation-dans-le-projet-de-loi-c-59\/","title":{"rendered":"Partage d\u2019information et divulgation dans le projet de loi C-59"},"content":{"rendered":"[vc_row type=\u00a0\u00bbin_container\u00a0\u00bb full_screen_row_position=\u00a0\u00bbmiddle\u00a0\u00bb column_margin=\u00a0\u00bbdefault\u00a0\u00bb column_direction=\u00a0\u00bbdefault\u00a0\u00bb column_direction_tablet=\u00a0\u00bbdefault\u00a0\u00bb column_direction_phone=\u00a0\u00bbdefault\u00a0\u00bb scene_position=\u00a0\u00bbcenter\u00a0\u00bb text_color=\u00a0\u00bbdark\u00a0\u00bb text_align=\u00a0\u00bbleft\u00a0\u00bb row_border_radius=\u00a0\u00bbnone\u00a0\u00bb row_border_radius_applies=\u00a0\u00bbbg\u00a0\u00bb overlay_strength=\u00a0\u00bb0.3&Prime; gradient_direction=\u00a0\u00bbleft_to_right\u00a0\u00bb shape_divider_position=\u00a0\u00bbbottom\u00a0\u00bb bg_image_animation=\u00a0\u00bbnone\u00a0\u00bb][vc_column column_padding=\u00a0\u00bbno-extra-padding\u00a0\u00bb column_padding_tablet=\u00a0\u00bbinherit\u00a0\u00bb column_padding_phone=\u00a0\u00bbinherit\u00a0\u00bb column_padding_position=\u00a0\u00bball\u00a0\u00bb column_element_spacing=\u00a0\u00bbdefault\u00a0\u00bb background_color_opacity=\u00a0\u00bb1&Prime; background_hover_color_opacity=\u00a0\u00bb1&Prime; column_shadow=\u00a0\u00bbnone\u00a0\u00bb column_border_radius=\u00a0\u00bbnone\u00a0\u00bb column_link_target=\u00a0\u00bb_self\u00a0\u00bb gradient_direction=\u00a0\u00bbleft_to_right\u00a0\u00bb overlay_strength=\u00a0\u00bb0.3&Prime; width=\u00a0\u00bb1\/1&Prime; tablet_width_inherit=\u00a0\u00bbdefault\u00a0\u00bb tablet_text_alignment=\u00a0\u00bbdefault\u00a0\u00bb phone_text_alignment=\u00a0\u00bbdefault\u00a0\u00bb bg_image_animation=\u00a0\u00bbnone\u00a0\u00bb border_type=\u00a0\u00bbsimple\u00a0\u00bb column_border_width=\u00a0\u00bbnone\u00a0\u00bb column_border_style=\u00a0\u00bbsolid\u00a0\u00bb][nectar_global_section id=\u00a0\u00bb1355&Prime;][\/vc_column][\/vc_row][vc_row type=\u00a0\u00bbfull_width_background\u00a0\u00bb full_screen_row_position=\u00a0\u00bbmiddle\u00a0\u00bb column_margin=\u00a0\u00bbdefault\u00a0\u00bb column_direction=\u00a0\u00bbdefault\u00a0\u00bb column_direction_tablet=\u00a0\u00bbdefault\u00a0\u00bb column_direction_phone=\u00a0\u00bbdefault\u00a0\u00bb scene_position=\u00a0\u00bbcenter\u00a0\u00bb top_padding=\u00a0\u00bb4%\u00a0\u00bb constrain_group_1=\u00a0\u00bbyes\u00a0\u00bb bottom_padding=\u00a0\u00bb4%\u00a0\u00bb text_color=\u00a0\u00bbdark\u00a0\u00bb text_align=\u00a0\u00bbleft\u00a0\u00bb row_border_radius=\u00a0\u00bbnone\u00a0\u00bb row_border_radius_applies=\u00a0\u00bbbg\u00a0\u00bb class=\u00a0\u00bbpost-links\u00a0\u00bb overlay_strength=\u00a0\u00bb0.3&Prime; gradient_direction=\u00a0\u00bbleft_to_right\u00a0\u00bb shape_divider_position=\u00a0\u00bbbottom\u00a0\u00bb bg_image_animation=\u00a0\u00bbnone\u00a0\u00bb shape_type=\u00a0\u00bb\u00a0\u00bb][vc_column column_padding=\u00a0\u00bbno-extra-padding\u00a0\u00bb column_padding_tablet=\u00a0\u00bbinherit\u00a0\u00bb column_padding_phone=\u00a0\u00bbinherit\u00a0\u00bb column_padding_position=\u00a0\u00bball\u00a0\u00bb column_element_spacing=\u00a0\u00bbdefault\u00a0\u00bb background_color_opacity=\u00a0\u00bb1&Prime; background_hover_color_opacity=\u00a0\u00bb1&Prime; column_shadow=\u00a0\u00bbnone\u00a0\u00bb column_border_radius=\u00a0\u00bbnone\u00a0\u00bb column_link_target=\u00a0\u00bb_self\u00a0\u00bb gradient_direction=\u00a0\u00bbleft_to_right\u00a0\u00bb overlay_strength=\u00a0\u00bb0.3&Prime; width=\u00a0\u00bb1\/1&Prime; tablet_width_inherit=\u00a0\u00bbdefault\u00a0\u00bb tablet_text_alignment=\u00a0\u00bbdefault\u00a0\u00bb phone_text_alignment=\u00a0\u00bbdefault\u00a0\u00bb bg_image_animation=\u00a0\u00bbnone\u00a0\u00bb border_type=\u00a0\u00bbsimple\u00a0\u00bb column_border_width=\u00a0\u00bbnone\u00a0\u00bb column_border_style=\u00a0\u00bbsolid\u00a0\u00bb][divider line_type=\u00a0\u00bbNo Line\u00a0\u00bb custom_height=\u00a0\u00bb30&Prime;][vc_column_text]\n<div class=\"entry-meta\">\n<p><strong><span class=\"posted-on\"><time class=\"entry-date published\" datetime=\"2017-09-12T16:30:54-04:00\">12 septembre 2017<\/time><\/span><\/strong><\/p>\n<\/div>\n<div class=\"shapely-content \">\n<p>Le partage d\u2019informations contraint pour des raisons de s\u00e9curit\u00e9 nationale entre les agences gouvernementales et les minist\u00e8res a toujours eu lieu, et il a toujours \u00e9t\u00e9 n\u00e9cessaire de s\u2019assurer que les bonnes personnes disposent des bonnes informations \u2014 mais cela ne devrait se faire que lorsque c\u2019est n\u00e9cessaire, et devrait toujours se faire avec des protections et des garanties appropri\u00e9es en mati\u00e8re de vie priv\u00e9e. Les individus sont oblig\u00e9s de fournir \u00e0 leur gouvernement des quantit\u00e9s importantes de donn\u00e9es en tant que sous-produit g\u00e9n\u00e9ral de la vie quotidienne, et ne devraient pas avoir \u00e0 le faire par crainte que ces informations ne soient ensuite utilis\u00e9es contre eux par leur gouvernement. Le projet de loi C-59 fait un petit pas vers la limitation du partage excessif et largement irresponsable permis par le projet de loi C-51, mais doit aller plus loin pour s\u2019assurer que tout partage soit \u00e9quitable, proportionn\u00e9 et accorde une attention particuli\u00e8re \u00e0 la vie priv\u00e9e.  <\/p>\n<p>Lorsque le projet de loi C-51 a introduit la nouvelle <i>Loi sur le partage de l\u2019information sur la s\u00e9curit\u00e9 du Canada<\/i>, il a consid\u00e9rablement \u00e9largi les conditions dans lesquelles 111 minist\u00e8res et agences gouvernementales pouvaient divulguer de l\u2019information \u00e0 17 organismes diff\u00e9rents ayant des fonctions de s\u00e9curit\u00e9 nationale (<a href=\"\/?p=26571\" target=\"_blank\" rel=\"noopener\">voir ici<\/a> pour plus d\u2019informations sur ces changements). La CCLA s\u2019est oppos\u00e9e \u00e0 la port\u00e9e du partage (et \u00e0 la d\u00e9finition excessivement large de la \u00ab s\u00e9curit\u00e9 \u00bb qui guidait cette port\u00e9e); le manque de garanties, y compris les protections de la vie priv\u00e9e, et le manque de surveillance dans cette loi. Nous avons aussi inclus bon nombre de ces probl\u00e8mes dans notre contestation constitutionnelle.  <\/p>\n<p>Le projet de loi C-59 transforme le concept de partage d\u2019information en divulgation d\u2019information \u2014 une distinction visant \u00e0 souligner qu\u2019aucune nouvelle information n\u2019est recueillie par le gouvernement, mais que des informations pr\u00e9c\u00e9demment d\u00e9tenues sont divulgu\u00e9es \u00e0 des fins de s\u00e9curit\u00e9. Les nouvelles r\u00e9formes visent \u00e0 offrir une certaine protection de la vie priv\u00e9e en limitant la divulgation d\u2019informations personnelles aux cas \u00ab raisonnablement n\u00e9cessaires \u00bb pour des raisons de s\u00e9curit\u00e9. Il tente aussi de fournir une d\u00e9finition plus contenue et raisonnable de la \u00ab s\u00e9curit\u00e9 \u00bb et d\u2019ajouter une certaine surveillance que la CCLA a soulign\u00e9 comme absente dans le projet de loi C-51. Cependant, les r\u00e9formes ne font pas assez pour limiter la quantit\u00e9 d\u2019informations qui peuvent \u00eatre achemin\u00e9es aux agences de s\u00e9curit\u00e9, ce qui ne devrait se produire qu\u2019exceptionnellement. De plus, les amendements propos\u00e9s \u00e0 ce qui constitue des \u00ab activit\u00e9s qui compromettent la s\u00e9curit\u00e9 du Canada \u00bb (le \u00ab d\u00e9clencheur \u00bb du partage d\u2019informations en premier lieu) ne r\u00e9pondent en rien \u00e0 la conviction de la CCLA que cette disposition demeure trop large.    <\/p>\n<p>Tout aussi probl\u00e9matique, l\u2019exemption durement acquise pour le plaidoyer, la protestation, la dissidence ou l\u2019expression artistique est \u00e9dulcor\u00e9e par l\u2019ajout de l\u2019expression \u00ab sauf si elle est men\u00e9e en conjonction avec une activit\u00e9 qui mine la s\u00e9curit\u00e9 du Canada \u00bb. Puisque l\u2019une des activit\u00e9s potentielles de saper la s\u00e9curit\u00e9 implique une ing\u00e9rence dans les infrastructures, les manifestants anti-pipelines sont-ils toujours soumis \u00e0 la divulgation d\u2019informations? Un site web documentant les violations des droits humains commises par un alli\u00e9 canadien affecterait-il la s\u00e9curit\u00e9 d\u2019un autre \u00c9tat, justifiant donc le partage d\u2019informations sur le cr\u00e9ateur du site avec un gouvernement \u00e9tranger? Tel que formul\u00e9 actuellement le C-59, ces exemples sont des exemples de protestation et de plaidoyer qui pourraient relever de la d\u00e9finition large d\u2019une activit\u00e9 \u00ab qui mine la s\u00e9curit\u00e9 du Canada \u00bb. En d\u2019autres termes, la <i>Loi sur la divulgation de la s\u00e9curit\u00e9 du Canada <\/i>(SCIDA) demeure trop large et continue de menacer une participation d\u00e9mocratique significative et vitale.    <\/p>\n<p>Que nous appelions cela partage ou divulgation, il reste encore du travail \u00e0 faire pour garantir un r\u00e9gime qui favorise la s\u00e9curit\u00e9 tout en prot\u00e9geant les droits.<\/p>\n<p><strong><a href=\"\/?p=27988\" target=\"_blank\" rel=\"noopener\">VISITEZ NOTRE PROJET DE LOI C-59 : FAITES-LE BIEN! PAGE D\u2019ACCUEIL DE LA CAMPAGNE <\/a><\/strong><\/p>\n<p><strong><a class=\"fasc-button fasc-size-large fasc-type-flat fasc-rounded-medium\" href=\"\/?page_id=37\" target=\"_blank\" rel=\"noopener\">Soutenez le C-59 de la CCLA : Faites-le bien! Campagne <\/a> <\/strong><\/p>\n<\/div>\n[\/vc_column_text][\/vc_column][\/vc_row][vc_row type=\u00a0\u00bbin_container\u00a0\u00bb full_screen_row_position=\u00a0\u00bbmiddle\u00a0\u00bb column_margin=\u00a0\u00bbdefault\u00a0\u00bb column_direction=\u00a0\u00bbdefault\u00a0\u00bb column_direction_tablet=\u00a0\u00bbdefault\u00a0\u00bb column_direction_phone=\u00a0\u00bbdefault\u00a0\u00bb scene_position=\u00a0\u00bbcenter\u00a0\u00bb text_color=\u00a0\u00bbdark\u00a0\u00bb text_align=\u00a0\u00bbleft\u00a0\u00bb row_border_radius=\u00a0\u00bbnone\u00a0\u00bb row_border_radius_applies=\u00a0\u00bbbg\u00a0\u00bb overlay_strength=\u00a0\u00bb0.3&Prime; gradient_direction=\u00a0\u00bbleft_to_right\u00a0\u00bb shape_divider_position=\u00a0\u00bbbottom\u00a0\u00bb bg_image_animation=\u00a0\u00bbnone\u00a0\u00bb][vc_column column_padding=\u00a0\u00bbno-extra-padding\u00a0\u00bb column_padding_tablet=\u00a0\u00bbinherit\u00a0\u00bb column_padding_phone=\u00a0\u00bbinherit\u00a0\u00bb column_padding_position=\u00a0\u00bball\u00a0\u00bb column_element_spacing=\u00a0\u00bbdefault\u00a0\u00bb background_color_opacity=\u00a0\u00bb1&Prime; background_hover_color_opacity=\u00a0\u00bb1&Prime; column_shadow=\u00a0\u00bbnone\u00a0\u00bb column_border_radius=\u00a0\u00bbnone\u00a0\u00bb column_link_target=\u00a0\u00bb_self\u00a0\u00bb gradient_direction=\u00a0\u00bbleft_to_right\u00a0\u00bb overlay_strength=\u00a0\u00bb0.3&Prime; width=\u00a0\u00bb1\/1&Prime; tablet_width_inherit=\u00a0\u00bbdefault\u00a0\u00bb tablet_text_alignment=\u00a0\u00bbdefault\u00a0\u00bb phone_text_alignment=\u00a0\u00bbdefault\u00a0\u00bb bg_image_animation=\u00a0\u00bbnone\u00a0\u00bb border_type=\u00a0\u00bbsimple\u00a0\u00bb column_border_width=\u00a0\u00bbnone\u00a0\u00bb column_border_style=\u00a0\u00bbsolid\u00a0\u00bb][nectar_global_section id=\u00a0\u00bb1461&Prime;][\/vc_column][\/vc_row]\n","protected":false},"excerpt":{"rendered":"<p>Le partage d\u2019informations contraint pour des raisons de s\u00e9curit\u00e9 nationale entre les agences gouvernementales et les minist\u00e8res a toujours eu lieu, et il a toujours \u00e9t\u00e9 n\u00e9cessaire de s\u2019assurer que les bonnes personnes disposent des bonnes informations \u2014 mais cela ne devrait se faire que lorsque c\u2019est n\u00e9cessaire, et devrait toujours se faire avec des protections et des garanties appropri\u00e9es en mati\u00e8re de vie priv\u00e9e.<\/p>\n","protected":false},"author":4,"featured_media":16551,"comment_status":"closed","ping_status":"closed","sticky":false,"template":"","format":"standard","meta":{"footnotes":""},"categories":[254],"tags":[],"class_list":{"0":"post-16549","1":"post","2":"type-post","3":"status-publish","4":"format-standard","5":"has-post-thumbnail","7":"category-non-classe"},"yoast_head":"<!-- This site is optimized with the Yoast SEO plugin v27.4 - https:\/\/yoast.com\/product\/yoast-seo-wordpress\/ -->\n<title>Partage d\u2019information et divulgation dans le projet de loi C-59 - CCLA<\/title>\n<meta name=\"robots\" content=\"noindex, follow, max-snippet:-1, max-image-preview:large, max-video-preview:-1\" \/>\n<meta property=\"og:locale\" content=\"fr_CA\" \/>\n<meta property=\"og:type\" content=\"article\" \/>\n<meta property=\"og:title\" content=\"Partage d\u2019information et divulgation dans le projet de loi C-59 - CCLA\" \/>\n<meta property=\"og:description\" content=\"Le partage d\u2019informations contraint pour des raisons de s\u00e9curit\u00e9 nationale entre les agences gouvernementales et les minist\u00e8res a toujours eu lieu, et il a toujours \u00e9t\u00e9 n\u00e9cessaire de s\u2019assurer que les bonnes personnes disposent des bonnes informations \u2014 mais cela ne devrait se faire que lorsque c\u2019est n\u00e9cessaire, et devrait toujours se faire avec des protections et des garanties appropri\u00e9es en mati\u00e8re de vie priv\u00e9e.\" \/>\n<meta property=\"og:url\" content=\"https:\/\/dev.ccla.org\/fr\/non-classe\/partage-dinformation-et-divulgation-dans-le-projet-de-loi-c-59\/\" \/>\n<meta property=\"og:site_name\" content=\"CCLA\" \/>\n<meta property=\"article:published_time\" content=\"2017-09-12T14:35:00+00:00\" \/>\n<meta property=\"article:modified_time\" content=\"2026-04-23T18:42:32+00:00\" \/>\n<meta property=\"og:image\" content=\"https:\/\/dev.ccla.org\/wp-content\/uploads\/2021\/06\/Internet.jpg\" \/>\n\t<meta property=\"og:image:width\" content=\"884\" \/>\n\t<meta property=\"og:image:height\" content=\"368\" \/>\n\t<meta property=\"og:image:type\" content=\"image\/jpeg\" \/>\n<meta name=\"author\" content=\"CCLA\" \/>\n<meta name=\"twitter:card\" content=\"summary_large_image\" \/>\n<meta name=\"twitter:label1\" content=\"\u00c9crit par\" \/>\n\t<meta name=\"twitter:data1\" content=\"CCLA\" \/>\n\t<meta name=\"twitter:label2\" content=\"Estimation du temps de lecture\" \/>\n\t<meta name=\"twitter:data2\" content=\"6 minutes\" \/>\n<script type=\"application\/ld+json\" class=\"yoast-schema-graph\">{\"@context\":\"https:\\\/\\\/schema.org\",\"@graph\":[{\"@type\":\"Article\",\"@id\":\"https:\\\/\\\/dev.ccla.org\\\/fr\\\/non-classe\\\/partage-dinformation-et-divulgation-dans-le-projet-de-loi-c-59\\\/#article\",\"isPartOf\":{\"@id\":\"https:\\\/\\\/dev.ccla.org\\\/fr\\\/non-classe\\\/partage-dinformation-et-divulgation-dans-le-projet-de-loi-c-59\\\/\"},\"author\":{\"name\":\"CCLA\",\"@id\":\"https:\\\/\\\/dev.ccla.org\\\/fr\\\/#\\\/schema\\\/person\\\/e48728d4a52926205e807fd8c52bf3b0\"},\"headline\":\"Partage d\u2019information et divulgation dans le projet de loi C-59\",\"datePublished\":\"2017-09-12T14:35:00+00:00\",\"dateModified\":\"2026-04-23T18:42:32+00:00\",\"mainEntityOfPage\":{\"@id\":\"https:\\\/\\\/dev.ccla.org\\\/fr\\\/non-classe\\\/partage-dinformation-et-divulgation-dans-le-projet-de-loi-c-59\\\/\"},\"wordCount\":1164,\"image\":{\"@id\":\"https:\\\/\\\/dev.ccla.org\\\/fr\\\/non-classe\\\/partage-dinformation-et-divulgation-dans-le-projet-de-loi-c-59\\\/#primaryimage\"},\"thumbnailUrl\":\"https:\\\/\\\/dev.ccla.org\\\/wp-content\\\/uploads\\\/2021\\\/06\\\/Internet.jpg\",\"inLanguage\":\"fr-CA\"},{\"@type\":\"WebPage\",\"@id\":\"https:\\\/\\\/dev.ccla.org\\\/fr\\\/non-classe\\\/partage-dinformation-et-divulgation-dans-le-projet-de-loi-c-59\\\/\",\"url\":\"https:\\\/\\\/dev.ccla.org\\\/fr\\\/non-classe\\\/partage-dinformation-et-divulgation-dans-le-projet-de-loi-c-59\\\/\",\"name\":\"Partage d\u2019information et divulgation dans le projet de loi C-59 - CCLA\",\"isPartOf\":{\"@id\":\"https:\\\/\\\/dev.ccla.org\\\/fr\\\/#website\"},\"primaryImageOfPage\":{\"@id\":\"https:\\\/\\\/dev.ccla.org\\\/fr\\\/non-classe\\\/partage-dinformation-et-divulgation-dans-le-projet-de-loi-c-59\\\/#primaryimage\"},\"image\":{\"@id\":\"https:\\\/\\\/dev.ccla.org\\\/fr\\\/non-classe\\\/partage-dinformation-et-divulgation-dans-le-projet-de-loi-c-59\\\/#primaryimage\"},\"thumbnailUrl\":\"https:\\\/\\\/dev.ccla.org\\\/wp-content\\\/uploads\\\/2021\\\/06\\\/Internet.jpg\",\"datePublished\":\"2017-09-12T14:35:00+00:00\",\"dateModified\":\"2026-04-23T18:42:32+00:00\",\"author\":{\"@id\":\"https:\\\/\\\/dev.ccla.org\\\/fr\\\/#\\\/schema\\\/person\\\/e48728d4a52926205e807fd8c52bf3b0\"},\"breadcrumb\":{\"@id\":\"https:\\\/\\\/dev.ccla.org\\\/fr\\\/non-classe\\\/partage-dinformation-et-divulgation-dans-le-projet-de-loi-c-59\\\/#breadcrumb\"},\"inLanguage\":\"fr-CA\",\"potentialAction\":[{\"@type\":\"ReadAction\",\"target\":[\"https:\\\/\\\/dev.ccla.org\\\/fr\\\/non-classe\\\/partage-dinformation-et-divulgation-dans-le-projet-de-loi-c-59\\\/\"]}]},{\"@type\":\"ImageObject\",\"inLanguage\":\"fr-CA\",\"@id\":\"https:\\\/\\\/dev.ccla.org\\\/fr\\\/non-classe\\\/partage-dinformation-et-divulgation-dans-le-projet-de-loi-c-59\\\/#primaryimage\",\"url\":\"https:\\\/\\\/dev.ccla.org\\\/wp-content\\\/uploads\\\/2021\\\/06\\\/Internet.jpg\",\"contentUrl\":\"https:\\\/\\\/dev.ccla.org\\\/wp-content\\\/uploads\\\/2021\\\/06\\\/Internet.jpg\",\"width\":884,\"height\":368},{\"@type\":\"BreadcrumbList\",\"@id\":\"https:\\\/\\\/dev.ccla.org\\\/fr\\\/non-classe\\\/partage-dinformation-et-divulgation-dans-le-projet-de-loi-c-59\\\/#breadcrumb\",\"itemListElement\":[{\"@type\":\"ListItem\",\"position\":1,\"name\":\"Home\",\"item\":\"https:\\\/\\\/dev.ccla.org\\\/fr\\\/accueil\\\/\"},{\"@type\":\"ListItem\",\"position\":2,\"name\":\"Non class\u00e9\",\"item\":\"https:\\\/\\\/dev.ccla.org\\\/fr\\\/category\\\/non-classe\\\/\"},{\"@type\":\"ListItem\",\"position\":3,\"name\":\"Partage d\u2019information et divulgation dans le projet de loi C-59\"}]},{\"@type\":\"WebSite\",\"@id\":\"https:\\\/\\\/dev.ccla.org\\\/fr\\\/#website\",\"url\":\"https:\\\/\\\/dev.ccla.org\\\/fr\\\/\",\"name\":\"CCLA\",\"description\":\"\",\"potentialAction\":[{\"@type\":\"SearchAction\",\"target\":{\"@type\":\"EntryPoint\",\"urlTemplate\":\"https:\\\/\\\/dev.ccla.org\\\/fr\\\/?s={search_term_string}\"},\"query-input\":{\"@type\":\"PropertyValueSpecification\",\"valueRequired\":true,\"valueName\":\"search_term_string\"}}],\"inLanguage\":\"fr-CA\"},{\"@type\":\"Person\",\"@id\":\"https:\\\/\\\/dev.ccla.org\\\/fr\\\/#\\\/schema\\\/person\\\/e48728d4a52926205e807fd8c52bf3b0\",\"name\":\"CCLA\",\"image\":{\"@type\":\"ImageObject\",\"inLanguage\":\"fr-CA\",\"@id\":\"https:\\\/\\\/secure.gravatar.com\\\/avatar\\\/03b13921772ba279da547407d7a85f0b4a10bdf8cc9a026f2ac4e10643eee315?s=96&d=blank&r=g\",\"url\":\"https:\\\/\\\/secure.gravatar.com\\\/avatar\\\/03b13921772ba279da547407d7a85f0b4a10bdf8cc9a026f2ac4e10643eee315?s=96&d=blank&r=g\",\"contentUrl\":\"https:\\\/\\\/secure.gravatar.com\\\/avatar\\\/03b13921772ba279da547407d7a85f0b4a10bdf8cc9a026f2ac4e10643eee315?s=96&d=blank&r=g\",\"caption\":\"CCLA\"},\"url\":\"https:\\\/\\\/dev.ccla.org\\\/fr\\\/author\\\/ccla\\\/\"}]}<\/script>\n<!-- \/ Yoast SEO plugin. -->","yoast_head_json":{"title":"Partage d\u2019information et divulgation dans le projet de loi C-59 - CCLA","robots":{"index":"noindex","follow":"follow","max-snippet":"max-snippet:-1","max-image-preview":"max-image-preview:large","max-video-preview":"max-video-preview:-1"},"og_locale":"fr_CA","og_type":"article","og_title":"Partage d\u2019information et divulgation dans le projet de loi C-59 - CCLA","og_description":"Le partage d\u2019informations contraint pour des raisons de s\u00e9curit\u00e9 nationale entre les agences gouvernementales et les minist\u00e8res a toujours eu lieu, et il a toujours \u00e9t\u00e9 n\u00e9cessaire de s\u2019assurer que les bonnes personnes disposent des bonnes informations \u2014 mais cela ne devrait se faire que lorsque c\u2019est n\u00e9cessaire, et devrait toujours se faire avec des protections et des garanties appropri\u00e9es en mati\u00e8re de vie priv\u00e9e.","og_url":"https:\/\/dev.ccla.org\/fr\/non-classe\/partage-dinformation-et-divulgation-dans-le-projet-de-loi-c-59\/","og_site_name":"CCLA","article_published_time":"2017-09-12T14:35:00+00:00","article_modified_time":"2026-04-23T18:42:32+00:00","og_image":[{"width":884,"height":368,"url":"https:\/\/dev.ccla.org\/wp-content\/uploads\/2021\/06\/Internet.jpg","type":"image\/jpeg"}],"author":"CCLA","twitter_card":"summary_large_image","twitter_misc":{"\u00c9crit par":"CCLA","Estimation du temps de lecture":"6 minutes"},"schema":{"@context":"https:\/\/schema.org","@graph":[{"@type":"Article","@id":"https:\/\/dev.ccla.org\/fr\/non-classe\/partage-dinformation-et-divulgation-dans-le-projet-de-loi-c-59\/#article","isPartOf":{"@id":"https:\/\/dev.ccla.org\/fr\/non-classe\/partage-dinformation-et-divulgation-dans-le-projet-de-loi-c-59\/"},"author":{"name":"CCLA","@id":"https:\/\/dev.ccla.org\/fr\/#\/schema\/person\/e48728d4a52926205e807fd8c52bf3b0"},"headline":"Partage d\u2019information et divulgation dans le projet de loi C-59","datePublished":"2017-09-12T14:35:00+00:00","dateModified":"2026-04-23T18:42:32+00:00","mainEntityOfPage":{"@id":"https:\/\/dev.ccla.org\/fr\/non-classe\/partage-dinformation-et-divulgation-dans-le-projet-de-loi-c-59\/"},"wordCount":1164,"image":{"@id":"https:\/\/dev.ccla.org\/fr\/non-classe\/partage-dinformation-et-divulgation-dans-le-projet-de-loi-c-59\/#primaryimage"},"thumbnailUrl":"https:\/\/dev.ccla.org\/wp-content\/uploads\/2021\/06\/Internet.jpg","inLanguage":"fr-CA"},{"@type":"WebPage","@id":"https:\/\/dev.ccla.org\/fr\/non-classe\/partage-dinformation-et-divulgation-dans-le-projet-de-loi-c-59\/","url":"https:\/\/dev.ccla.org\/fr\/non-classe\/partage-dinformation-et-divulgation-dans-le-projet-de-loi-c-59\/","name":"Partage d\u2019information et divulgation dans le projet de loi C-59 - CCLA","isPartOf":{"@id":"https:\/\/dev.ccla.org\/fr\/#website"},"primaryImageOfPage":{"@id":"https:\/\/dev.ccla.org\/fr\/non-classe\/partage-dinformation-et-divulgation-dans-le-projet-de-loi-c-59\/#primaryimage"},"image":{"@id":"https:\/\/dev.ccla.org\/fr\/non-classe\/partage-dinformation-et-divulgation-dans-le-projet-de-loi-c-59\/#primaryimage"},"thumbnailUrl":"https:\/\/dev.ccla.org\/wp-content\/uploads\/2021\/06\/Internet.jpg","datePublished":"2017-09-12T14:35:00+00:00","dateModified":"2026-04-23T18:42:32+00:00","author":{"@id":"https:\/\/dev.ccla.org\/fr\/#\/schema\/person\/e48728d4a52926205e807fd8c52bf3b0"},"breadcrumb":{"@id":"https:\/\/dev.ccla.org\/fr\/non-classe\/partage-dinformation-et-divulgation-dans-le-projet-de-loi-c-59\/#breadcrumb"},"inLanguage":"fr-CA","potentialAction":[{"@type":"ReadAction","target":["https:\/\/dev.ccla.org\/fr\/non-classe\/partage-dinformation-et-divulgation-dans-le-projet-de-loi-c-59\/"]}]},{"@type":"ImageObject","inLanguage":"fr-CA","@id":"https:\/\/dev.ccla.org\/fr\/non-classe\/partage-dinformation-et-divulgation-dans-le-projet-de-loi-c-59\/#primaryimage","url":"https:\/\/dev.ccla.org\/wp-content\/uploads\/2021\/06\/Internet.jpg","contentUrl":"https:\/\/dev.ccla.org\/wp-content\/uploads\/2021\/06\/Internet.jpg","width":884,"height":368},{"@type":"BreadcrumbList","@id":"https:\/\/dev.ccla.org\/fr\/non-classe\/partage-dinformation-et-divulgation-dans-le-projet-de-loi-c-59\/#breadcrumb","itemListElement":[{"@type":"ListItem","position":1,"name":"Home","item":"https:\/\/dev.ccla.org\/fr\/accueil\/"},{"@type":"ListItem","position":2,"name":"Non class\u00e9","item":"https:\/\/dev.ccla.org\/fr\/category\/non-classe\/"},{"@type":"ListItem","position":3,"name":"Partage d\u2019information et divulgation dans le projet de loi C-59"}]},{"@type":"WebSite","@id":"https:\/\/dev.ccla.org\/fr\/#website","url":"https:\/\/dev.ccla.org\/fr\/","name":"CCLA","description":"","potentialAction":[{"@type":"SearchAction","target":{"@type":"EntryPoint","urlTemplate":"https:\/\/dev.ccla.org\/fr\/?s={search_term_string}"},"query-input":{"@type":"PropertyValueSpecification","valueRequired":true,"valueName":"search_term_string"}}],"inLanguage":"fr-CA"},{"@type":"Person","@id":"https:\/\/dev.ccla.org\/fr\/#\/schema\/person\/e48728d4a52926205e807fd8c52bf3b0","name":"CCLA","image":{"@type":"ImageObject","inLanguage":"fr-CA","@id":"https:\/\/secure.gravatar.com\/avatar\/03b13921772ba279da547407d7a85f0b4a10bdf8cc9a026f2ac4e10643eee315?s=96&d=blank&r=g","url":"https:\/\/secure.gravatar.com\/avatar\/03b13921772ba279da547407d7a85f0b4a10bdf8cc9a026f2ac4e10643eee315?s=96&d=blank&r=g","contentUrl":"https:\/\/secure.gravatar.com\/avatar\/03b13921772ba279da547407d7a85f0b4a10bdf8cc9a026f2ac4e10643eee315?s=96&d=blank&r=g","caption":"CCLA"},"url":"https:\/\/dev.ccla.org\/fr\/author\/ccla\/"}]}},"_links":{"self":[{"href":"https:\/\/dev.ccla.org\/fr\/wp-json\/wp\/v2\/posts\/16549","targetHints":{"allow":["GET"]}}],"collection":[{"href":"https:\/\/dev.ccla.org\/fr\/wp-json\/wp\/v2\/posts"}],"about":[{"href":"https:\/\/dev.ccla.org\/fr\/wp-json\/wp\/v2\/types\/post"}],"author":[{"embeddable":true,"href":"https:\/\/dev.ccla.org\/fr\/wp-json\/wp\/v2\/users\/4"}],"replies":[{"embeddable":true,"href":"https:\/\/dev.ccla.org\/fr\/wp-json\/wp\/v2\/comments?post=16549"}],"version-history":[{"count":1,"href":"https:\/\/dev.ccla.org\/fr\/wp-json\/wp\/v2\/posts\/16549\/revisions"}],"predecessor-version":[{"id":16557,"href":"https:\/\/dev.ccla.org\/fr\/wp-json\/wp\/v2\/posts\/16549\/revisions\/16557"}],"wp:featuredmedia":[{"embeddable":true,"href":"https:\/\/dev.ccla.org\/fr\/wp-json\/wp\/v2\/media\/16551"}],"wp:attachment":[{"href":"https:\/\/dev.ccla.org\/fr\/wp-json\/wp\/v2\/media?parent=16549"}],"wp:term":[{"taxonomy":"category","embeddable":true,"href":"https:\/\/dev.ccla.org\/fr\/wp-json\/wp\/v2\/categories?post=16549"},{"taxonomy":"post_tag","embeddable":true,"href":"https:\/\/dev.ccla.org\/fr\/wp-json\/wp\/v2\/tags?post=16549"}],"curies":[{"name":"wp","href":"https:\/\/api.w.org\/{rel}","templated":true}]}}