{"id":16436,"date":"2016-10-11T17:35:43","date_gmt":"2016-10-11T21:35:43","guid":{"rendered":"https:\/\/dev.ccla.org\/non-classe\/surveillance-et-democratie-recits-glacants-du-monde-entier\/"},"modified":"2016-10-11T17:35:43","modified_gmt":"2016-10-11T21:35:43","slug":"surveillance-et-democratie-recits-glacants-du-monde-entier","status":"publish","type":"post","link":"https:\/\/dev.ccla.org\/fr\/informez-vous\/inclo\/surveillance-et-democratie-recits-glacants-du-monde-entier\/","title":{"rendered":"Surveillance et d\u00e9mocratie : r\u00e9cits gla\u00e7ants du monde entier"},"content":{"rendered":"","protected":false},"excerpt":{"rendered":"<p>Ce rapport offre une vue d\u2019ensemble sur certaines des fa\u00e7ons dont la surveillance, et la surveillance \u00e9lectronique num\u00e9rique en particulier, impactent la vie des citoyens et des r\u00e9sidents dans dix pays d\u2019Afrique, des Am\u00e9riques, d\u2019Asie, d\u2019Europe et du Moyen-Orient.  <\/p>\n","protected":false},"author":14,"featured_media":16437,"comment_status":"closed","ping_status":"closed","sticky":false,"template":"","format":"link","meta":{"footnotes":""},"categories":[336],"tags":[],"class_list":{"0":"post-16436","1":"post","2":"type-post","3":"status-publish","4":"format-link","5":"has-post-thumbnail","7":"category-inclo","8":"post_format-post-format-link"},"yoast_head":"<!-- This site is optimized with the Yoast SEO plugin v27.4 - https:\/\/yoast.com\/product\/yoast-seo-wordpress\/ -->\n<title>Surveillance et d\u00e9mocratie : r\u00e9cits gla\u00e7ants du monde entier - CCLA<\/title>\n<meta name=\"robots\" content=\"noindex, follow, max-snippet:-1, max-image-preview:large, max-video-preview:-1\" \/>\n<meta property=\"og:locale\" content=\"fr_CA\" \/>\n<meta property=\"og:type\" content=\"article\" \/>\n<meta property=\"og:title\" content=\"Surveillance et d\u00e9mocratie : r\u00e9cits gla\u00e7ants du monde entier - CCLA\" \/>\n<meta property=\"og:description\" content=\"Ce rapport offre une vue d\u2019ensemble sur certaines des fa\u00e7ons dont la surveillance, et la surveillance \u00e9lectronique num\u00e9rique en particulier, impactent la vie des citoyens et des r\u00e9sidents dans dix pays d\u2019Afrique, des Am\u00e9riques, d\u2019Asie, d\u2019Europe et du Moyen-Orient.\" \/>\n<meta property=\"og:url\" content=\"https:\/\/dev.ccla.org\/fr\/informez-vous\/inclo\/surveillance-et-democratie-recits-glacants-du-monde-entier\/\" \/>\n<meta property=\"og:site_name\" content=\"CCLA\" \/>\n<meta property=\"article:published_time\" content=\"2016-10-11T21:35:43+00:00\" \/>\n<meta property=\"og:image\" content=\"https:\/\/dev.ccla.org\/wp-content\/uploads\/2021\/08\/surveillance-and-democracy.jpg\" \/>\n\t<meta property=\"og:image:width\" content=\"2000\" \/>\n\t<meta property=\"og:image:height\" content=\"800\" \/>\n\t<meta property=\"og:image:type\" content=\"image\/jpeg\" \/>\n<meta name=\"author\" content=\"Guest Author\" \/>\n<meta name=\"twitter:card\" content=\"summary_large_image\" \/>\n<meta name=\"twitter:label1\" content=\"\u00c9crit par\" \/>\n\t<meta name=\"twitter:data1\" content=\"Guest Author\" \/>\n<script type=\"application\/ld+json\" class=\"yoast-schema-graph\">{\"@context\":\"https:\\\/\\\/schema.org\",\"@graph\":[{\"@type\":\"Article\",\"@id\":\"https:\\\/\\\/dev.ccla.org\\\/fr\\\/informez-vous\\\/inclo\\\/surveillance-et-democratie-recits-glacants-du-monde-entier\\\/#article\",\"isPartOf\":{\"@id\":\"https:\\\/\\\/dev.ccla.org\\\/fr\\\/informez-vous\\\/inclo\\\/surveillance-et-democratie-recits-glacants-du-monde-entier\\\/\"},\"author\":{\"name\":\"Guest Author\",\"@id\":\"https:\\\/\\\/dev.ccla.org\\\/fr\\\/#\\\/schema\\\/person\\\/d3275a5ece5eb32465424bbde4daee41\"},\"headline\":\"Surveillance et d\u00e9mocratie : r\u00e9cits gla\u00e7ants du monde entier\",\"datePublished\":\"2016-10-11T21:35:43+00:00\",\"mainEntityOfPage\":{\"@id\":\"https:\\\/\\\/dev.ccla.org\\\/fr\\\/informez-vous\\\/inclo\\\/surveillance-et-democratie-recits-glacants-du-monde-entier\\\/\"},\"wordCount\":11,\"image\":{\"@id\":\"https:\\\/\\\/dev.ccla.org\\\/fr\\\/informez-vous\\\/inclo\\\/surveillance-et-democratie-recits-glacants-du-monde-entier\\\/#primaryimage\"},\"thumbnailUrl\":\"https:\\\/\\\/dev.ccla.org\\\/wp-content\\\/uploads\\\/2021\\\/08\\\/surveillance-and-democracy.jpg\",\"articleSection\":[\"INCLO\"],\"inLanguage\":\"fr-CA\"},{\"@type\":\"WebPage\",\"@id\":\"https:\\\/\\\/dev.ccla.org\\\/fr\\\/informez-vous\\\/inclo\\\/surveillance-et-democratie-recits-glacants-du-monde-entier\\\/\",\"url\":\"https:\\\/\\\/dev.ccla.org\\\/fr\\\/informez-vous\\\/inclo\\\/surveillance-et-democratie-recits-glacants-du-monde-entier\\\/\",\"name\":\"Surveillance et d\u00e9mocratie : r\u00e9cits gla\u00e7ants du monde entier - CCLA\",\"isPartOf\":{\"@id\":\"https:\\\/\\\/dev.ccla.org\\\/fr\\\/#website\"},\"primaryImageOfPage\":{\"@id\":\"https:\\\/\\\/dev.ccla.org\\\/fr\\\/informez-vous\\\/inclo\\\/surveillance-et-democratie-recits-glacants-du-monde-entier\\\/#primaryimage\"},\"image\":{\"@id\":\"https:\\\/\\\/dev.ccla.org\\\/fr\\\/informez-vous\\\/inclo\\\/surveillance-et-democratie-recits-glacants-du-monde-entier\\\/#primaryimage\"},\"thumbnailUrl\":\"https:\\\/\\\/dev.ccla.org\\\/wp-content\\\/uploads\\\/2021\\\/08\\\/surveillance-and-democracy.jpg\",\"datePublished\":\"2016-10-11T21:35:43+00:00\",\"author\":{\"@id\":\"https:\\\/\\\/dev.ccla.org\\\/fr\\\/#\\\/schema\\\/person\\\/d3275a5ece5eb32465424bbde4daee41\"},\"breadcrumb\":{\"@id\":\"https:\\\/\\\/dev.ccla.org\\\/fr\\\/informez-vous\\\/inclo\\\/surveillance-et-democratie-recits-glacants-du-monde-entier\\\/#breadcrumb\"},\"inLanguage\":\"fr-CA\",\"potentialAction\":[{\"@type\":\"ReadAction\",\"target\":[\"https:\\\/\\\/dev.ccla.org\\\/fr\\\/informez-vous\\\/inclo\\\/surveillance-et-democratie-recits-glacants-du-monde-entier\\\/\"]}]},{\"@type\":\"ImageObject\",\"inLanguage\":\"fr-CA\",\"@id\":\"https:\\\/\\\/dev.ccla.org\\\/fr\\\/informez-vous\\\/inclo\\\/surveillance-et-democratie-recits-glacants-du-monde-entier\\\/#primaryimage\",\"url\":\"https:\\\/\\\/dev.ccla.org\\\/wp-content\\\/uploads\\\/2021\\\/08\\\/surveillance-and-democracy.jpg\",\"contentUrl\":\"https:\\\/\\\/dev.ccla.org\\\/wp-content\\\/uploads\\\/2021\\\/08\\\/surveillance-and-democracy.jpg\",\"width\":2000,\"height\":800},{\"@type\":\"BreadcrumbList\",\"@id\":\"https:\\\/\\\/dev.ccla.org\\\/fr\\\/informez-vous\\\/inclo\\\/surveillance-et-democratie-recits-glacants-du-monde-entier\\\/#breadcrumb\",\"itemListElement\":[{\"@type\":\"ListItem\",\"position\":1,\"name\":\"Home\",\"item\":\"https:\\\/\\\/dev.ccla.org\\\/fr\\\/accueil\\\/\"},{\"@type\":\"ListItem\",\"position\":2,\"name\":\"Non class\u00e9\",\"item\":\"https:\\\/\\\/dev.ccla.org\\\/fr\\\/category\\\/non-classe\\\/\"},{\"@type\":\"ListItem\",\"position\":3,\"name\":\"Surveillance et d\u00e9mocratie : r\u00e9cits gla\u00e7ants du monde entier\"}]},{\"@type\":\"WebSite\",\"@id\":\"https:\\\/\\\/dev.ccla.org\\\/fr\\\/#website\",\"url\":\"https:\\\/\\\/dev.ccla.org\\\/fr\\\/\",\"name\":\"CCLA\",\"description\":\"\",\"potentialAction\":[{\"@type\":\"SearchAction\",\"target\":{\"@type\":\"EntryPoint\",\"urlTemplate\":\"https:\\\/\\\/dev.ccla.org\\\/fr\\\/?s={search_term_string}\"},\"query-input\":{\"@type\":\"PropertyValueSpecification\",\"valueRequired\":true,\"valueName\":\"search_term_string\"}}],\"inLanguage\":\"fr-CA\"},{\"@type\":\"Person\",\"@id\":\"https:\\\/\\\/dev.ccla.org\\\/fr\\\/#\\\/schema\\\/person\\\/d3275a5ece5eb32465424bbde4daee41\",\"name\":\"Guest Author\",\"image\":{\"@type\":\"ImageObject\",\"inLanguage\":\"fr-CA\",\"@id\":\"https:\\\/\\\/secure.gravatar.com\\\/avatar\\\/b93f74bbad285b8a05223362625bef519ea64919467ad29bf056a5267af7d9eb?s=96&d=blank&r=g\",\"url\":\"https:\\\/\\\/secure.gravatar.com\\\/avatar\\\/b93f74bbad285b8a05223362625bef519ea64919467ad29bf056a5267af7d9eb?s=96&d=blank&r=g\",\"contentUrl\":\"https:\\\/\\\/secure.gravatar.com\\\/avatar\\\/b93f74bbad285b8a05223362625bef519ea64919467ad29bf056a5267af7d9eb?s=96&d=blank&r=g\",\"caption\":\"Guest Author\"},\"url\":\"https:\\\/\\\/dev.ccla.org\\\/fr\\\/author\\\/guest\\\/\"}]}<\/script>\n<!-- \/ Yoast SEO plugin. -->","yoast_head_json":{"title":"Surveillance et d\u00e9mocratie : r\u00e9cits gla\u00e7ants du monde entier - CCLA","robots":{"index":"noindex","follow":"follow","max-snippet":"max-snippet:-1","max-image-preview":"max-image-preview:large","max-video-preview":"max-video-preview:-1"},"og_locale":"fr_CA","og_type":"article","og_title":"Surveillance et d\u00e9mocratie : r\u00e9cits gla\u00e7ants du monde entier - CCLA","og_description":"Ce rapport offre une vue d\u2019ensemble sur certaines des fa\u00e7ons dont la surveillance, et la surveillance \u00e9lectronique num\u00e9rique en particulier, impactent la vie des citoyens et des r\u00e9sidents dans dix pays d\u2019Afrique, des Am\u00e9riques, d\u2019Asie, d\u2019Europe et du Moyen-Orient.","og_url":"https:\/\/dev.ccla.org\/fr\/informez-vous\/inclo\/surveillance-et-democratie-recits-glacants-du-monde-entier\/","og_site_name":"CCLA","article_published_time":"2016-10-11T21:35:43+00:00","og_image":[{"width":2000,"height":800,"url":"https:\/\/dev.ccla.org\/wp-content\/uploads\/2021\/08\/surveillance-and-democracy.jpg","type":"image\/jpeg"}],"author":"Guest Author","twitter_card":"summary_large_image","twitter_misc":{"\u00c9crit par":"Guest Author"},"schema":{"@context":"https:\/\/schema.org","@graph":[{"@type":"Article","@id":"https:\/\/dev.ccla.org\/fr\/informez-vous\/inclo\/surveillance-et-democratie-recits-glacants-du-monde-entier\/#article","isPartOf":{"@id":"https:\/\/dev.ccla.org\/fr\/informez-vous\/inclo\/surveillance-et-democratie-recits-glacants-du-monde-entier\/"},"author":{"name":"Guest Author","@id":"https:\/\/dev.ccla.org\/fr\/#\/schema\/person\/d3275a5ece5eb32465424bbde4daee41"},"headline":"Surveillance et d\u00e9mocratie : r\u00e9cits gla\u00e7ants du monde entier","datePublished":"2016-10-11T21:35:43+00:00","mainEntityOfPage":{"@id":"https:\/\/dev.ccla.org\/fr\/informez-vous\/inclo\/surveillance-et-democratie-recits-glacants-du-monde-entier\/"},"wordCount":11,"image":{"@id":"https:\/\/dev.ccla.org\/fr\/informez-vous\/inclo\/surveillance-et-democratie-recits-glacants-du-monde-entier\/#primaryimage"},"thumbnailUrl":"https:\/\/dev.ccla.org\/wp-content\/uploads\/2021\/08\/surveillance-and-democracy.jpg","articleSection":["INCLO"],"inLanguage":"fr-CA"},{"@type":"WebPage","@id":"https:\/\/dev.ccla.org\/fr\/informez-vous\/inclo\/surveillance-et-democratie-recits-glacants-du-monde-entier\/","url":"https:\/\/dev.ccla.org\/fr\/informez-vous\/inclo\/surveillance-et-democratie-recits-glacants-du-monde-entier\/","name":"Surveillance et d\u00e9mocratie : r\u00e9cits gla\u00e7ants du monde entier - CCLA","isPartOf":{"@id":"https:\/\/dev.ccla.org\/fr\/#website"},"primaryImageOfPage":{"@id":"https:\/\/dev.ccla.org\/fr\/informez-vous\/inclo\/surveillance-et-democratie-recits-glacants-du-monde-entier\/#primaryimage"},"image":{"@id":"https:\/\/dev.ccla.org\/fr\/informez-vous\/inclo\/surveillance-et-democratie-recits-glacants-du-monde-entier\/#primaryimage"},"thumbnailUrl":"https:\/\/dev.ccla.org\/wp-content\/uploads\/2021\/08\/surveillance-and-democracy.jpg","datePublished":"2016-10-11T21:35:43+00:00","author":{"@id":"https:\/\/dev.ccla.org\/fr\/#\/schema\/person\/d3275a5ece5eb32465424bbde4daee41"},"breadcrumb":{"@id":"https:\/\/dev.ccla.org\/fr\/informez-vous\/inclo\/surveillance-et-democratie-recits-glacants-du-monde-entier\/#breadcrumb"},"inLanguage":"fr-CA","potentialAction":[{"@type":"ReadAction","target":["https:\/\/dev.ccla.org\/fr\/informez-vous\/inclo\/surveillance-et-democratie-recits-glacants-du-monde-entier\/"]}]},{"@type":"ImageObject","inLanguage":"fr-CA","@id":"https:\/\/dev.ccla.org\/fr\/informez-vous\/inclo\/surveillance-et-democratie-recits-glacants-du-monde-entier\/#primaryimage","url":"https:\/\/dev.ccla.org\/wp-content\/uploads\/2021\/08\/surveillance-and-democracy.jpg","contentUrl":"https:\/\/dev.ccla.org\/wp-content\/uploads\/2021\/08\/surveillance-and-democracy.jpg","width":2000,"height":800},{"@type":"BreadcrumbList","@id":"https:\/\/dev.ccla.org\/fr\/informez-vous\/inclo\/surveillance-et-democratie-recits-glacants-du-monde-entier\/#breadcrumb","itemListElement":[{"@type":"ListItem","position":1,"name":"Home","item":"https:\/\/dev.ccla.org\/fr\/accueil\/"},{"@type":"ListItem","position":2,"name":"Non class\u00e9","item":"https:\/\/dev.ccla.org\/fr\/category\/non-classe\/"},{"@type":"ListItem","position":3,"name":"Surveillance et d\u00e9mocratie : r\u00e9cits gla\u00e7ants du monde entier"}]},{"@type":"WebSite","@id":"https:\/\/dev.ccla.org\/fr\/#website","url":"https:\/\/dev.ccla.org\/fr\/","name":"CCLA","description":"","potentialAction":[{"@type":"SearchAction","target":{"@type":"EntryPoint","urlTemplate":"https:\/\/dev.ccla.org\/fr\/?s={search_term_string}"},"query-input":{"@type":"PropertyValueSpecification","valueRequired":true,"valueName":"search_term_string"}}],"inLanguage":"fr-CA"},{"@type":"Person","@id":"https:\/\/dev.ccla.org\/fr\/#\/schema\/person\/d3275a5ece5eb32465424bbde4daee41","name":"Guest Author","image":{"@type":"ImageObject","inLanguage":"fr-CA","@id":"https:\/\/secure.gravatar.com\/avatar\/b93f74bbad285b8a05223362625bef519ea64919467ad29bf056a5267af7d9eb?s=96&d=blank&r=g","url":"https:\/\/secure.gravatar.com\/avatar\/b93f74bbad285b8a05223362625bef519ea64919467ad29bf056a5267af7d9eb?s=96&d=blank&r=g","contentUrl":"https:\/\/secure.gravatar.com\/avatar\/b93f74bbad285b8a05223362625bef519ea64919467ad29bf056a5267af7d9eb?s=96&d=blank&r=g","caption":"Guest Author"},"url":"https:\/\/dev.ccla.org\/fr\/author\/guest\/"}]}},"_links":{"self":[{"href":"https:\/\/dev.ccla.org\/fr\/wp-json\/wp\/v2\/posts\/16436","targetHints":{"allow":["GET"]}}],"collection":[{"href":"https:\/\/dev.ccla.org\/fr\/wp-json\/wp\/v2\/posts"}],"about":[{"href":"https:\/\/dev.ccla.org\/fr\/wp-json\/wp\/v2\/types\/post"}],"author":[{"embeddable":true,"href":"https:\/\/dev.ccla.org\/fr\/wp-json\/wp\/v2\/users\/14"}],"replies":[{"embeddable":true,"href":"https:\/\/dev.ccla.org\/fr\/wp-json\/wp\/v2\/comments?post=16436"}],"version-history":[{"count":0,"href":"https:\/\/dev.ccla.org\/fr\/wp-json\/wp\/v2\/posts\/16436\/revisions"}],"wp:featuredmedia":[{"embeddable":true,"href":"https:\/\/dev.ccla.org\/fr\/wp-json\/wp\/v2\/media\/16437"}],"wp:attachment":[{"href":"https:\/\/dev.ccla.org\/fr\/wp-json\/wp\/v2\/media?parent=16436"}],"wp:term":[{"taxonomy":"category","embeddable":true,"href":"https:\/\/dev.ccla.org\/fr\/wp-json\/wp\/v2\/categories?post=16436"},{"taxonomy":"post_tag","embeddable":true,"href":"https:\/\/dev.ccla.org\/fr\/wp-json\/wp\/v2\/tags?post=16436"}],"curies":[{"name":"wp","href":"https:\/\/api.w.org\/{rel}","templated":true}]}}