{"id":16435,"date":"2017-01-30T15:40:24","date_gmt":"2017-01-30T20:40:24","guid":{"rendered":"https:\/\/dev.ccla.org\/non-classe\/lettre-ouverte-sur-les-directives-ministerielles-sur-la-torture\/"},"modified":"2026-04-23T14:41:27","modified_gmt":"2026-04-23T18:41:27","slug":"lettre-ouverte-sur-les-directives-ministerielles-sur-la-torture","status":"publish","type":"post","link":"https:\/\/dev.ccla.org\/fr\/non-classe\/lettre-ouverte-sur-les-directives-ministerielles-sur-la-torture\/","title":{"rendered":"Lettre Ouverte Sur Les Directives Minist\u00e9rielles Sur La Torture"},"content":{"rendered":"[vc_row type=\u00a0\u00bbin_container\u00a0\u00bb full_screen_row_position=\u00a0\u00bbmiddle\u00a0\u00bb column_margin=\u00a0\u00bbdefault\u00a0\u00bb column_direction=\u00a0\u00bbdefault\u00a0\u00bb column_direction_tablet=\u00a0\u00bbdefault\u00a0\u00bb column_direction_phone=\u00a0\u00bbdefault\u00a0\u00bb scene_position=\u00a0\u00bbcenter\u00a0\u00bb text_color=\u00a0\u00bbdark\u00a0\u00bb text_align=\u00a0\u00bbleft\u00a0\u00bb row_border_radius=\u00a0\u00bbnone\u00a0\u00bb row_border_radius_applies=\u00a0\u00bbbg\u00a0\u00bb overlay_strength=\u00a0\u00bb0.3&Prime; gradient_direction=\u00a0\u00bbleft_to_right\u00a0\u00bb shape_divider_position=\u00a0\u00bbbottom\u00a0\u00bb bg_image_animation=\u00a0\u00bbnone\u00a0\u00bb][vc_column column_padding=\u00a0\u00bbno-extra-padding\u00a0\u00bb column_padding_tablet=\u00a0\u00bbinherit\u00a0\u00bb column_padding_phone=\u00a0\u00bbinherit\u00a0\u00bb column_padding_position=\u00a0\u00bball\u00a0\u00bb column_element_spacing=\u00a0\u00bbdefault\u00a0\u00bb background_color_opacity=\u00a0\u00bb1&Prime; background_hover_color_opacity=\u00a0\u00bb1&Prime; column_shadow=\u00a0\u00bbnone\u00a0\u00bb column_border_radius=\u00a0\u00bbnone\u00a0\u00bb column_link_target=\u00a0\u00bb_self\u00a0\u00bb gradient_direction=\u00a0\u00bbleft_to_right\u00a0\u00bb overlay_strength=\u00a0\u00bb0.3&Prime; width=\u00a0\u00bb1\/1&Prime; tablet_width_inherit=\u00a0\u00bbdefault\u00a0\u00bb tablet_text_alignment=\u00a0\u00bbdefault\u00a0\u00bb phone_text_alignment=\u00a0\u00bbdefault\u00a0\u00bb bg_image_animation=\u00a0\u00bbnone\u00a0\u00bb border_type=\u00a0\u00bbsimple\u00a0\u00bb column_border_width=\u00a0\u00bbnone\u00a0\u00bb column_border_style=\u00a0\u00bbsolid\u00a0\u00bb][nectar_global_section id=\u00a0\u00bb1355&Prime;][\/vc_column][\/vc_row][vc_row type=\u00a0\u00bbfull_width_background\u00a0\u00bb full_screen_row_position=\u00a0\u00bbmiddle\u00a0\u00bb column_margin=\u00a0\u00bbdefault\u00a0\u00bb column_direction=\u00a0\u00bbdefault\u00a0\u00bb column_direction_tablet=\u00a0\u00bbdefault\u00a0\u00bb column_direction_phone=\u00a0\u00bbdefault\u00a0\u00bb scene_position=\u00a0\u00bbcenter\u00a0\u00bb top_padding=\u00a0\u00bb4%\u00a0\u00bb constrain_group_1=\u00a0\u00bbyes\u00a0\u00bb bottom_padding=\u00a0\u00bb4%\u00a0\u00bb text_color=\u00a0\u00bbdark\u00a0\u00bb text_align=\u00a0\u00bbleft\u00a0\u00bb row_border_radius=\u00a0\u00bbnone\u00a0\u00bb row_border_radius_applies=\u00a0\u00bbbg\u00a0\u00bb class=\u00a0\u00bbpost-links\u00a0\u00bb overlay_strength=\u00a0\u00bb0.3&Prime; gradient_direction=\u00a0\u00bbleft_to_right\u00a0\u00bb shape_divider_position=\u00a0\u00bbbottom\u00a0\u00bb bg_image_animation=\u00a0\u00bbnone\u00a0\u00bb shape_type=\u00a0\u00bb\u00a0\u00bb][vc_column column_padding=\u00a0\u00bbno-extra-padding\u00a0\u00bb column_padding_tablet=\u00a0\u00bbinherit\u00a0\u00bb column_padding_phone=\u00a0\u00bbinherit\u00a0\u00bb column_padding_position=\u00a0\u00bball\u00a0\u00bb column_element_spacing=\u00a0\u00bbdefault\u00a0\u00bb background_color_opacity=\u00a0\u00bb1&Prime; background_hover_color_opacity=\u00a0\u00bb1&Prime; column_shadow=\u00a0\u00bbnone\u00a0\u00bb column_border_radius=\u00a0\u00bbnone\u00a0\u00bb column_link_target=\u00a0\u00bb_self\u00a0\u00bb gradient_direction=\u00a0\u00bbleft_to_right\u00a0\u00bb overlay_strength=\u00a0\u00bb0.3&Prime; width=\u00a0\u00bb1\/1&Prime; tablet_width_inherit=\u00a0\u00bbdefault\u00a0\u00bb tablet_text_alignment=\u00a0\u00bbdefault\u00a0\u00bb phone_text_alignment=\u00a0\u00bbdefault\u00a0\u00bb bg_image_animation=\u00a0\u00bbnone\u00a0\u00bb border_type=\u00a0\u00bbsimple\u00a0\u00bb column_border_width=\u00a0\u00bbnone\u00a0\u00bb column_border_style=\u00a0\u00bbsolid\u00a0\u00bb][divider line_type=\u00a0\u00bbNo Line\u00a0\u00bb custom_height=\u00a0\u00bb30&Prime;][vc_column_text]\n<div class=\"entry-meta\">\n<p><span class=\"posted-on\"><time class=\"entry-date published updated\" datetime=\"2017-01-30T11:25:19-05:00\">30 janvier 2017<\/time><\/span><\/p>\n<\/div>\n<div class=\"shapely-content \">\n<p>L\u2019honorable Ralph Goodale<br \/>\n, Ministre de la s\u00e9curit\u00e9 publique<br \/>\n, 269 Avenue Laurier ouest<br \/>\n, Ottawa, Ontario K1A 0P8<\/p>\n<p>&nbsp;<\/p>\n<p>le 31 janvier 2017<\/p>\n<p>&nbsp;<\/p>\n<p>Monsieur le Ministre,<\/p>\n<p>Nous croyons qu\u2019il est urgent de revoir les Directives minist\u00e9rielles \u00e9mises par le gouvernement pr\u00e9c\u00e9dent concernant la torture, et ceci afin de les rendre conformes au droit international qui interdit la torture de mani\u00e8re absolue.<\/p>\n<p>Ce faisant, le gouvernement du Canada enverrait d\u00e8s maintenant un message clair \u00e0 la communaut\u00e9 internationale, \u00e0 savoir qu\u2019en aucune circonstance, le Canada n\u2019utilisera des renseignements provenant de pays \u00e9trangers qui auraient pu \u00eatre obtenus sous la torture ou ne partagera des renseignements susceptibles de mener \u00e0 la torture.<\/p>\n<p>Comme vous le savez, en 2011, le gouvernement a \u00e9mis des Directives minist\u00e9rielles qui permettent aux agences de s\u00e9curit\u00e9 canadiennes, dans des circonstances exceptionnelles, de recevoir et d\u2019utiliser des renseignements obtenus sous la torture par un pays \u00e9tranger. Ces m\u00eames directives \u00e9non\u00e7aient dans quelles circonstances les agences canadiennes pouvaient partager des renseignements avec des pays connus pour leurs violations des droits humains, m\u00eame lorsque ceci m\u00e8nerait \u00e0 la torture. <\/p>\n<p>Il y a un an, vous vous \u00eates engag\u00e9 \u00e0 revoir ces directives. Nous esp\u00e9rons vivement que, apr\u00e8s mure r\u00e9flexion, vous allez faire les r\u00e9visions n\u00e9cessaires pour respecter l\u2019engagement que le Canada a pris au niveau international de s\u2019opposer \u00e0 la torture, en toutes circonstances, sans exception. Ceci serait en droite ligne avec les mesures prises r\u00e9cemment par le gouvernement pour ratifier le protocole optionnel de la Convention contre la torture des Nations Unies afin de combattre et d\u2019\u00e9liminer la torture.  <\/p>\n<p>Il y a dix ans, la Commission d\u2019enqu\u00eate dans l\u2019affaire Maher Arar a clairement d\u00e9montr\u00e9 que le partage bilat\u00e9ral inconsid\u00e9r\u00e9 de renseignements peut mener \u2013 et m\u00e8ne effectivement \u2013 \u00e0 la torture. Le commissaire Dennis O\u2019Connor a notamment recommand\u00e9 que les agences canadiennes ne partagent jamais de renseignements si cela est susceptible de mener \u00e0 la torture. Les Directives minist\u00e9rielles vont explicitement \u00e0 l\u2019encontre de cette recommandation. Le rapport de la Commission Iacobucci qui a examin\u00e9 les cas d\u2019Abdullah Almalki, d\u2019Ahmad Abou-Elmaati et de Muayyed Nureddin a \u00e9galement fait ressortir le danger de partager des renseignements sans tenir compte des risques de torture.   <\/p>\n<p>Au-del\u00e0 de ces constats et recommandations au niveau national, nous tenons \u00e0 attirer \u00e9galement votre attention sur le fait que le Comit\u00e9 contre la torture \u2013 l\u2019instance des Nations Unies responsible de s\u2019assurer que les \u00c9tats respectent leur obligation de mettre fin \u00e0 la torture \u2013 a \u00e9galement fait part de ses pr\u00e9occupations. Lors de l\u2019examen du Canada en 2012, le Comit\u00e9 a demand\u00e9 au Canada de modifier les Directives minist\u00e9rielles pour les rendre conformes \u00e0 ses obligations internationales. <\/p>\n<p>Les gestes pos\u00e9s par le Canada sont d\u2019autant plus urgents dans le contexte international actuel. Cette semaine, le <em>New York Times <\/em>rapportait que l\u2019administration des \u00c9tats-Unis envisage de revoir l\u2019utilisation des prisons secr\u00e8tes de la CIA. Le m\u00eame jour, le Pr\u00e9sident Donald Trump a dit au r\u00e9seau ABC qu\u2019il est ouvert \u00e0 un retour \u00e0 la torture lors d\u2019interrogatoires, d\u00e9clarant que \u00ab la torture, \u00e7a fonctionne \u00bb. Ces deux r\u00e9v\u00e9lations soul\u00e8vent de graves inqui\u00e9tudes \u00e0 l\u2019effet que le partage de renseignements entre nos deux pays ait \u00e0 nouveau comme toile de fond la torture.   <\/p>\n<p>Ainsi, nous vous convions \u00e0 modifier les Directives minist\u00e9rielles en accord avec le droit international et \u00e0 adopter une l\u00e9gislation pour interdire clairement le partage de renseignements pouvant avoir \u00e9t\u00e9 obtenus sous la torture ou pouvant mener \u00e0 la torture. La population de Canada s\u2019attend \u00e0 une position claire de la part du gouvernement sur cette question. <\/p>\n<p>Cordialement,<\/p>\n<table class=\" table table-hover\">\n<tbody>\n<tr>\n<td width=\"295\">Amnestie internationale Canada<\/p>\n<p>British Columbia Civil Liberties Association<\/p>\n<p>Association Canadienne des libert\u00e9s civiles<\/p>\n<p>Association canadienne des avocats musulmans<\/td>\n<td width=\"295\">Coalition pour la surveillance internationale des libert\u00e9s civiles<\/p>\n<p>Ligue des droits et libert\u00e9s<\/p>\n<p>Conseil national des musulmans canadiens<\/p>\n<p>Open Media<\/td>\n<\/tr>\n<\/tbody>\n<\/table>\n<p><a href=\"\/?p=26871\" target=\"_blank\" rel=\"noopener\">Version anglaise ici<\/a>.<\/p>\n<\/div>\n[\/vc_column_text][\/vc_column][\/vc_row][vc_row type=\u00a0\u00bbin_container\u00a0\u00bb full_screen_row_position=\u00a0\u00bbmiddle\u00a0\u00bb column_margin=\u00a0\u00bbdefault\u00a0\u00bb column_direction=\u00a0\u00bbdefault\u00a0\u00bb column_direction_tablet=\u00a0\u00bbdefault\u00a0\u00bb column_direction_phone=\u00a0\u00bbdefault\u00a0\u00bb scene_position=\u00a0\u00bbcenter\u00a0\u00bb text_color=\u00a0\u00bbdark\u00a0\u00bb text_align=\u00a0\u00bbleft\u00a0\u00bb row_border_radius=\u00a0\u00bbnone\u00a0\u00bb row_border_radius_applies=\u00a0\u00bbbg\u00a0\u00bb overlay_strength=\u00a0\u00bb0.3&Prime; gradient_direction=\u00a0\u00bbleft_to_right\u00a0\u00bb shape_divider_position=\u00a0\u00bbbottom\u00a0\u00bb bg_image_animation=\u00a0\u00bbnone\u00a0\u00bb][vc_column column_padding=\u00a0\u00bbno-extra-padding\u00a0\u00bb column_padding_tablet=\u00a0\u00bbinherit\u00a0\u00bb column_padding_phone=\u00a0\u00bbinherit\u00a0\u00bb column_padding_position=\u00a0\u00bball\u00a0\u00bb column_element_spacing=\u00a0\u00bbdefault\u00a0\u00bb background_color_opacity=\u00a0\u00bb1&Prime; background_hover_color_opacity=\u00a0\u00bb1&Prime; column_shadow=\u00a0\u00bbnone\u00a0\u00bb column_border_radius=\u00a0\u00bbnone\u00a0\u00bb column_link_target=\u00a0\u00bb_self\u00a0\u00bb gradient_direction=\u00a0\u00bbleft_to_right\u00a0\u00bb overlay_strength=\u00a0\u00bb0.3&Prime; width=\u00a0\u00bb1\/1&Prime; tablet_width_inherit=\u00a0\u00bbdefault\u00a0\u00bb tablet_text_alignment=\u00a0\u00bbdefault\u00a0\u00bb phone_text_alignment=\u00a0\u00bbdefault\u00a0\u00bb bg_image_animation=\u00a0\u00bbnone\u00a0\u00bb border_type=\u00a0\u00bbsimple\u00a0\u00bb column_border_width=\u00a0\u00bbnone\u00a0\u00bb column_border_style=\u00a0\u00bbsolid\u00a0\u00bb][nectar_global_section id=\u00a0\u00bb1461&Prime;][\/vc_column][\/vc_row]\n","protected":false},"excerpt":{"rendered":"<p>L\u2019Association canadienne des libert\u00e9s civiles (CCLA) contestera l\u2019injonction exceptionnellement large du gouvernement de la Nouvelle-\u00c9cosse limitant les manifestations dans la province.<\/p>\n","protected":false},"author":4,"featured_media":13727,"comment_status":"closed","ping_status":"closed","sticky":false,"template":"","format":"standard","meta":{"footnotes":""},"categories":[254],"tags":[],"class_list":{"0":"post-16435","1":"post","2":"type-post","3":"status-publish","4":"format-standard","5":"has-post-thumbnail","7":"category-non-classe"},"yoast_head":"<!-- This site is optimized with the Yoast SEO plugin v27.4 - https:\/\/yoast.com\/product\/yoast-seo-wordpress\/ -->\n<title>Lettre Ouverte Sur Les Directives Minist\u00e9rielles Sur La Torture - CCLA<\/title>\n<meta name=\"robots\" content=\"noindex, follow, max-snippet:-1, max-image-preview:large, max-video-preview:-1\" \/>\n<meta property=\"og:locale\" content=\"fr_CA\" \/>\n<meta property=\"og:type\" content=\"article\" \/>\n<meta property=\"og:title\" content=\"Lettre Ouverte Sur Les Directives Minist\u00e9rielles Sur La Torture - CCLA\" \/>\n<meta property=\"og:description\" content=\"L\u2019Association canadienne des libert\u00e9s civiles (CCLA) contestera l\u2019injonction exceptionnellement large du gouvernement de la Nouvelle-\u00c9cosse limitant les manifestations dans la province.\" \/>\n<meta property=\"og:url\" content=\"https:\/\/dev.ccla.org\/fr\/non-classe\/lettre-ouverte-sur-les-directives-ministerielles-sur-la-torture\/\" \/>\n<meta property=\"og:site_name\" content=\"CCLA\" \/>\n<meta property=\"article:published_time\" content=\"2017-01-30T20:40:24+00:00\" \/>\n<meta property=\"article:modified_time\" content=\"2026-04-23T18:41:27+00:00\" \/>\n<meta property=\"og:image\" content=\"https:\/\/dev.ccla.org\/wp-content\/uploads\/2021\/06\/CCCL_general_crowd_2000x800.jpg\" \/>\n\t<meta property=\"og:image:width\" content=\"2000\" \/>\n\t<meta property=\"og:image:height\" content=\"800\" \/>\n\t<meta property=\"og:image:type\" content=\"image\/jpeg\" \/>\n<meta name=\"author\" content=\"CCLA\" \/>\n<meta name=\"twitter:card\" content=\"summary_large_image\" \/>\n<meta name=\"twitter:label1\" content=\"\u00c9crit par\" \/>\n\t<meta name=\"twitter:data1\" content=\"CCLA\" \/>\n\t<meta name=\"twitter:label2\" content=\"Estimation du temps de lecture\" \/>\n\t<meta name=\"twitter:data2\" content=\"6 minutes\" \/>\n<script type=\"application\/ld+json\" class=\"yoast-schema-graph\">{\"@context\":\"https:\\\/\\\/schema.org\",\"@graph\":[{\"@type\":\"Article\",\"@id\":\"https:\\\/\\\/dev.ccla.org\\\/fr\\\/non-classe\\\/lettre-ouverte-sur-les-directives-ministerielles-sur-la-torture\\\/#article\",\"isPartOf\":{\"@id\":\"https:\\\/\\\/dev.ccla.org\\\/fr\\\/non-classe\\\/lettre-ouverte-sur-les-directives-ministerielles-sur-la-torture\\\/\"},\"author\":{\"name\":\"CCLA\",\"@id\":\"https:\\\/\\\/dev.ccla.org\\\/fr\\\/#\\\/schema\\\/person\\\/e48728d4a52926205e807fd8c52bf3b0\"},\"headline\":\"Lettre Ouverte Sur Les Directives Minist\u00e9rielles Sur La Torture\",\"datePublished\":\"2017-01-30T20:40:24+00:00\",\"dateModified\":\"2026-04-23T18:41:27+00:00\",\"mainEntityOfPage\":{\"@id\":\"https:\\\/\\\/dev.ccla.org\\\/fr\\\/non-classe\\\/lettre-ouverte-sur-les-directives-ministerielles-sur-la-torture\\\/\"},\"wordCount\":1118,\"image\":{\"@id\":\"https:\\\/\\\/dev.ccla.org\\\/fr\\\/non-classe\\\/lettre-ouverte-sur-les-directives-ministerielles-sur-la-torture\\\/#primaryimage\"},\"thumbnailUrl\":\"https:\\\/\\\/dev.ccla.org\\\/wp-content\\\/uploads\\\/2021\\\/06\\\/CCCL_general_crowd_2000x800.jpg\",\"inLanguage\":\"fr-CA\"},{\"@type\":\"WebPage\",\"@id\":\"https:\\\/\\\/dev.ccla.org\\\/fr\\\/non-classe\\\/lettre-ouverte-sur-les-directives-ministerielles-sur-la-torture\\\/\",\"url\":\"https:\\\/\\\/dev.ccla.org\\\/fr\\\/non-classe\\\/lettre-ouverte-sur-les-directives-ministerielles-sur-la-torture\\\/\",\"name\":\"Lettre Ouverte Sur Les Directives Minist\u00e9rielles Sur La Torture - CCLA\",\"isPartOf\":{\"@id\":\"https:\\\/\\\/dev.ccla.org\\\/fr\\\/#website\"},\"primaryImageOfPage\":{\"@id\":\"https:\\\/\\\/dev.ccla.org\\\/fr\\\/non-classe\\\/lettre-ouverte-sur-les-directives-ministerielles-sur-la-torture\\\/#primaryimage\"},\"image\":{\"@id\":\"https:\\\/\\\/dev.ccla.org\\\/fr\\\/non-classe\\\/lettre-ouverte-sur-les-directives-ministerielles-sur-la-torture\\\/#primaryimage\"},\"thumbnailUrl\":\"https:\\\/\\\/dev.ccla.org\\\/wp-content\\\/uploads\\\/2021\\\/06\\\/CCCL_general_crowd_2000x800.jpg\",\"datePublished\":\"2017-01-30T20:40:24+00:00\",\"dateModified\":\"2026-04-23T18:41:27+00:00\",\"author\":{\"@id\":\"https:\\\/\\\/dev.ccla.org\\\/fr\\\/#\\\/schema\\\/person\\\/e48728d4a52926205e807fd8c52bf3b0\"},\"breadcrumb\":{\"@id\":\"https:\\\/\\\/dev.ccla.org\\\/fr\\\/non-classe\\\/lettre-ouverte-sur-les-directives-ministerielles-sur-la-torture\\\/#breadcrumb\"},\"inLanguage\":\"fr-CA\",\"potentialAction\":[{\"@type\":\"ReadAction\",\"target\":[\"https:\\\/\\\/dev.ccla.org\\\/fr\\\/non-classe\\\/lettre-ouverte-sur-les-directives-ministerielles-sur-la-torture\\\/\"]}]},{\"@type\":\"ImageObject\",\"inLanguage\":\"fr-CA\",\"@id\":\"https:\\\/\\\/dev.ccla.org\\\/fr\\\/non-classe\\\/lettre-ouverte-sur-les-directives-ministerielles-sur-la-torture\\\/#primaryimage\",\"url\":\"https:\\\/\\\/dev.ccla.org\\\/wp-content\\\/uploads\\\/2021\\\/06\\\/CCCL_general_crowd_2000x800.jpg\",\"contentUrl\":\"https:\\\/\\\/dev.ccla.org\\\/wp-content\\\/uploads\\\/2021\\\/06\\\/CCCL_general_crowd_2000x800.jpg\",\"width\":2000,\"height\":800},{\"@type\":\"BreadcrumbList\",\"@id\":\"https:\\\/\\\/dev.ccla.org\\\/fr\\\/non-classe\\\/lettre-ouverte-sur-les-directives-ministerielles-sur-la-torture\\\/#breadcrumb\",\"itemListElement\":[{\"@type\":\"ListItem\",\"position\":1,\"name\":\"Home\",\"item\":\"https:\\\/\\\/dev.ccla.org\\\/fr\\\/accueil\\\/\"},{\"@type\":\"ListItem\",\"position\":2,\"name\":\"Non class\u00e9\",\"item\":\"https:\\\/\\\/dev.ccla.org\\\/fr\\\/category\\\/non-classe\\\/\"},{\"@type\":\"ListItem\",\"position\":3,\"name\":\"Lettre Ouverte Sur Les Directives Minist\u00e9rielles Sur La Torture\"}]},{\"@type\":\"WebSite\",\"@id\":\"https:\\\/\\\/dev.ccla.org\\\/fr\\\/#website\",\"url\":\"https:\\\/\\\/dev.ccla.org\\\/fr\\\/\",\"name\":\"CCLA\",\"description\":\"\",\"potentialAction\":[{\"@type\":\"SearchAction\",\"target\":{\"@type\":\"EntryPoint\",\"urlTemplate\":\"https:\\\/\\\/dev.ccla.org\\\/fr\\\/?s={search_term_string}\"},\"query-input\":{\"@type\":\"PropertyValueSpecification\",\"valueRequired\":true,\"valueName\":\"search_term_string\"}}],\"inLanguage\":\"fr-CA\"},{\"@type\":\"Person\",\"@id\":\"https:\\\/\\\/dev.ccla.org\\\/fr\\\/#\\\/schema\\\/person\\\/e48728d4a52926205e807fd8c52bf3b0\",\"name\":\"CCLA\",\"image\":{\"@type\":\"ImageObject\",\"inLanguage\":\"fr-CA\",\"@id\":\"https:\\\/\\\/secure.gravatar.com\\\/avatar\\\/03b13921772ba279da547407d7a85f0b4a10bdf8cc9a026f2ac4e10643eee315?s=96&d=blank&r=g\",\"url\":\"https:\\\/\\\/secure.gravatar.com\\\/avatar\\\/03b13921772ba279da547407d7a85f0b4a10bdf8cc9a026f2ac4e10643eee315?s=96&d=blank&r=g\",\"contentUrl\":\"https:\\\/\\\/secure.gravatar.com\\\/avatar\\\/03b13921772ba279da547407d7a85f0b4a10bdf8cc9a026f2ac4e10643eee315?s=96&d=blank&r=g\",\"caption\":\"CCLA\"},\"url\":\"https:\\\/\\\/dev.ccla.org\\\/fr\\\/author\\\/ccla\\\/\"}]}<\/script>\n<!-- \/ Yoast SEO plugin. -->","yoast_head_json":{"title":"Lettre Ouverte Sur Les Directives Minist\u00e9rielles Sur La Torture - CCLA","robots":{"index":"noindex","follow":"follow","max-snippet":"max-snippet:-1","max-image-preview":"max-image-preview:large","max-video-preview":"max-video-preview:-1"},"og_locale":"fr_CA","og_type":"article","og_title":"Lettre Ouverte Sur Les Directives Minist\u00e9rielles Sur La Torture - CCLA","og_description":"L\u2019Association canadienne des libert\u00e9s civiles (CCLA) contestera l\u2019injonction exceptionnellement large du gouvernement de la Nouvelle-\u00c9cosse limitant les manifestations dans la province.","og_url":"https:\/\/dev.ccla.org\/fr\/non-classe\/lettre-ouverte-sur-les-directives-ministerielles-sur-la-torture\/","og_site_name":"CCLA","article_published_time":"2017-01-30T20:40:24+00:00","article_modified_time":"2026-04-23T18:41:27+00:00","og_image":[{"width":2000,"height":800,"url":"https:\/\/dev.ccla.org\/wp-content\/uploads\/2021\/06\/CCCL_general_crowd_2000x800.jpg","type":"image\/jpeg"}],"author":"CCLA","twitter_card":"summary_large_image","twitter_misc":{"\u00c9crit par":"CCLA","Estimation du temps de lecture":"6 minutes"},"schema":{"@context":"https:\/\/schema.org","@graph":[{"@type":"Article","@id":"https:\/\/dev.ccla.org\/fr\/non-classe\/lettre-ouverte-sur-les-directives-ministerielles-sur-la-torture\/#article","isPartOf":{"@id":"https:\/\/dev.ccla.org\/fr\/non-classe\/lettre-ouverte-sur-les-directives-ministerielles-sur-la-torture\/"},"author":{"name":"CCLA","@id":"https:\/\/dev.ccla.org\/fr\/#\/schema\/person\/e48728d4a52926205e807fd8c52bf3b0"},"headline":"Lettre Ouverte Sur Les Directives Minist\u00e9rielles Sur La Torture","datePublished":"2017-01-30T20:40:24+00:00","dateModified":"2026-04-23T18:41:27+00:00","mainEntityOfPage":{"@id":"https:\/\/dev.ccla.org\/fr\/non-classe\/lettre-ouverte-sur-les-directives-ministerielles-sur-la-torture\/"},"wordCount":1118,"image":{"@id":"https:\/\/dev.ccla.org\/fr\/non-classe\/lettre-ouverte-sur-les-directives-ministerielles-sur-la-torture\/#primaryimage"},"thumbnailUrl":"https:\/\/dev.ccla.org\/wp-content\/uploads\/2021\/06\/CCCL_general_crowd_2000x800.jpg","inLanguage":"fr-CA"},{"@type":"WebPage","@id":"https:\/\/dev.ccla.org\/fr\/non-classe\/lettre-ouverte-sur-les-directives-ministerielles-sur-la-torture\/","url":"https:\/\/dev.ccla.org\/fr\/non-classe\/lettre-ouverte-sur-les-directives-ministerielles-sur-la-torture\/","name":"Lettre Ouverte Sur Les Directives Minist\u00e9rielles Sur La Torture - CCLA","isPartOf":{"@id":"https:\/\/dev.ccla.org\/fr\/#website"},"primaryImageOfPage":{"@id":"https:\/\/dev.ccla.org\/fr\/non-classe\/lettre-ouverte-sur-les-directives-ministerielles-sur-la-torture\/#primaryimage"},"image":{"@id":"https:\/\/dev.ccla.org\/fr\/non-classe\/lettre-ouverte-sur-les-directives-ministerielles-sur-la-torture\/#primaryimage"},"thumbnailUrl":"https:\/\/dev.ccla.org\/wp-content\/uploads\/2021\/06\/CCCL_general_crowd_2000x800.jpg","datePublished":"2017-01-30T20:40:24+00:00","dateModified":"2026-04-23T18:41:27+00:00","author":{"@id":"https:\/\/dev.ccla.org\/fr\/#\/schema\/person\/e48728d4a52926205e807fd8c52bf3b0"},"breadcrumb":{"@id":"https:\/\/dev.ccla.org\/fr\/non-classe\/lettre-ouverte-sur-les-directives-ministerielles-sur-la-torture\/#breadcrumb"},"inLanguage":"fr-CA","potentialAction":[{"@type":"ReadAction","target":["https:\/\/dev.ccla.org\/fr\/non-classe\/lettre-ouverte-sur-les-directives-ministerielles-sur-la-torture\/"]}]},{"@type":"ImageObject","inLanguage":"fr-CA","@id":"https:\/\/dev.ccla.org\/fr\/non-classe\/lettre-ouverte-sur-les-directives-ministerielles-sur-la-torture\/#primaryimage","url":"https:\/\/dev.ccla.org\/wp-content\/uploads\/2021\/06\/CCCL_general_crowd_2000x800.jpg","contentUrl":"https:\/\/dev.ccla.org\/wp-content\/uploads\/2021\/06\/CCCL_general_crowd_2000x800.jpg","width":2000,"height":800},{"@type":"BreadcrumbList","@id":"https:\/\/dev.ccla.org\/fr\/non-classe\/lettre-ouverte-sur-les-directives-ministerielles-sur-la-torture\/#breadcrumb","itemListElement":[{"@type":"ListItem","position":1,"name":"Home","item":"https:\/\/dev.ccla.org\/fr\/accueil\/"},{"@type":"ListItem","position":2,"name":"Non class\u00e9","item":"https:\/\/dev.ccla.org\/fr\/category\/non-classe\/"},{"@type":"ListItem","position":3,"name":"Lettre Ouverte Sur Les Directives Minist\u00e9rielles Sur La Torture"}]},{"@type":"WebSite","@id":"https:\/\/dev.ccla.org\/fr\/#website","url":"https:\/\/dev.ccla.org\/fr\/","name":"CCLA","description":"","potentialAction":[{"@type":"SearchAction","target":{"@type":"EntryPoint","urlTemplate":"https:\/\/dev.ccla.org\/fr\/?s={search_term_string}"},"query-input":{"@type":"PropertyValueSpecification","valueRequired":true,"valueName":"search_term_string"}}],"inLanguage":"fr-CA"},{"@type":"Person","@id":"https:\/\/dev.ccla.org\/fr\/#\/schema\/person\/e48728d4a52926205e807fd8c52bf3b0","name":"CCLA","image":{"@type":"ImageObject","inLanguage":"fr-CA","@id":"https:\/\/secure.gravatar.com\/avatar\/03b13921772ba279da547407d7a85f0b4a10bdf8cc9a026f2ac4e10643eee315?s=96&d=blank&r=g","url":"https:\/\/secure.gravatar.com\/avatar\/03b13921772ba279da547407d7a85f0b4a10bdf8cc9a026f2ac4e10643eee315?s=96&d=blank&r=g","contentUrl":"https:\/\/secure.gravatar.com\/avatar\/03b13921772ba279da547407d7a85f0b4a10bdf8cc9a026f2ac4e10643eee315?s=96&d=blank&r=g","caption":"CCLA"},"url":"https:\/\/dev.ccla.org\/fr\/author\/ccla\/"}]}},"_links":{"self":[{"href":"https:\/\/dev.ccla.org\/fr\/wp-json\/wp\/v2\/posts\/16435","targetHints":{"allow":["GET"]}}],"collection":[{"href":"https:\/\/dev.ccla.org\/fr\/wp-json\/wp\/v2\/posts"}],"about":[{"href":"https:\/\/dev.ccla.org\/fr\/wp-json\/wp\/v2\/types\/post"}],"author":[{"embeddable":true,"href":"https:\/\/dev.ccla.org\/fr\/wp-json\/wp\/v2\/users\/4"}],"replies":[{"embeddable":true,"href":"https:\/\/dev.ccla.org\/fr\/wp-json\/wp\/v2\/comments?post=16435"}],"version-history":[{"count":1,"href":"https:\/\/dev.ccla.org\/fr\/wp-json\/wp\/v2\/posts\/16435\/revisions"}],"predecessor-version":[{"id":16440,"href":"https:\/\/dev.ccla.org\/fr\/wp-json\/wp\/v2\/posts\/16435\/revisions\/16440"}],"wp:featuredmedia":[{"embeddable":true,"href":"https:\/\/dev.ccla.org\/fr\/wp-json\/wp\/v2\/media\/13727"}],"wp:attachment":[{"href":"https:\/\/dev.ccla.org\/fr\/wp-json\/wp\/v2\/media?parent=16435"}],"wp:term":[{"taxonomy":"category","embeddable":true,"href":"https:\/\/dev.ccla.org\/fr\/wp-json\/wp\/v2\/categories?post=16435"},{"taxonomy":"post_tag","embeddable":true,"href":"https:\/\/dev.ccla.org\/fr\/wp-json\/wp\/v2\/tags?post=16435"}],"curies":[{"name":"wp","href":"https:\/\/api.w.org\/{rel}","templated":true}]}}