{"id":16377,"date":"2016-05-19T12:50:11","date_gmt":"2016-05-19T16:50:11","guid":{"rendered":"https:\/\/dev.ccla.org\/non-classe\/canada-et-lonu-liens-et-ressources-utiles\/"},"modified":"2026-04-23T14:41:04","modified_gmt":"2026-04-23T18:41:04","slug":"canada-et-lonu-liens-et-ressources-utiles","status":"publish","type":"post","link":"https:\/\/dev.ccla.org\/fr\/non-classe\/canada-et-lonu-liens-et-ressources-utiles\/","title":{"rendered":"Canada et l\u2019ONU : liens et ressources utiles"},"content":{"rendered":"[vc_row type=\u00a0\u00bbin_container\u00a0\u00bb full_screen_row_position=\u00a0\u00bbmiddle\u00a0\u00bb column_margin=\u00a0\u00bbdefault\u00a0\u00bb column_direction=\u00a0\u00bbdefault\u00a0\u00bb column_direction_tablet=\u00a0\u00bbdefault\u00a0\u00bb column_direction_phone=\u00a0\u00bbdefault\u00a0\u00bb scene_position=\u00a0\u00bbcenter\u00a0\u00bb text_color=\u00a0\u00bbdark\u00a0\u00bb text_align=\u00a0\u00bbleft\u00a0\u00bb row_border_radius=\u00a0\u00bbnone\u00a0\u00bb row_border_radius_applies=\u00a0\u00bbbg\u00a0\u00bb overlay_strength=\u00a0\u00bb0.3&Prime; gradient_direction=\u00a0\u00bbleft_to_right\u00a0\u00bb shape_divider_position=\u00a0\u00bbbottom\u00a0\u00bb bg_image_animation=\u00a0\u00bbnone\u00a0\u00bb][vc_column column_padding=\u00a0\u00bbno-extra-padding\u00a0\u00bb column_padding_tablet=\u00a0\u00bbinherit\u00a0\u00bb column_padding_phone=\u00a0\u00bbinherit\u00a0\u00bb column_padding_position=\u00a0\u00bball\u00a0\u00bb column_element_spacing=\u00a0\u00bbdefault\u00a0\u00bb background_color_opacity=\u00a0\u00bb1&Prime; background_hover_color_opacity=\u00a0\u00bb1&Prime; column_shadow=\u00a0\u00bbnone\u00a0\u00bb column_border_radius=\u00a0\u00bbnone\u00a0\u00bb column_link_target=\u00a0\u00bb_self\u00a0\u00bb gradient_direction=\u00a0\u00bbleft_to_right\u00a0\u00bb overlay_strength=\u00a0\u00bb0.3&Prime; width=\u00a0\u00bb1\/1&Prime; tablet_width_inherit=\u00a0\u00bbdefault\u00a0\u00bb tablet_text_alignment=\u00a0\u00bbdefault\u00a0\u00bb phone_text_alignment=\u00a0\u00bbdefault\u00a0\u00bb bg_image_animation=\u00a0\u00bbnone\u00a0\u00bb border_type=\u00a0\u00bbsimple\u00a0\u00bb column_border_width=\u00a0\u00bbnone\u00a0\u00bb column_border_style=\u00a0\u00bbsolid\u00a0\u00bb][nectar_global_section id=\u00a0\u00bb1355&Prime;][\/vc_column][\/vc_row][vc_row type=\u00a0\u00bbfull_width_background\u00a0\u00bb full_screen_row_position=\u00a0\u00bbmiddle\u00a0\u00bb column_margin=\u00a0\u00bbdefault\u00a0\u00bb column_direction=\u00a0\u00bbdefault\u00a0\u00bb column_direction_tablet=\u00a0\u00bbdefault\u00a0\u00bb column_direction_phone=\u00a0\u00bbdefault\u00a0\u00bb scene_position=\u00a0\u00bbcenter\u00a0\u00bb top_padding=\u00a0\u00bb4%\u00a0\u00bb constrain_group_1=\u00a0\u00bbyes\u00a0\u00bb bottom_padding=\u00a0\u00bb4%\u00a0\u00bb text_color=\u00a0\u00bbdark\u00a0\u00bb text_align=\u00a0\u00bbleft\u00a0\u00bb row_border_radius=\u00a0\u00bbnone\u00a0\u00bb row_border_radius_applies=\u00a0\u00bbbg\u00a0\u00bb class=\u00a0\u00bbpost-links\u00a0\u00bb overlay_strength=\u00a0\u00bb0.3&Prime; gradient_direction=\u00a0\u00bbleft_to_right\u00a0\u00bb shape_divider_position=\u00a0\u00bbbottom\u00a0\u00bb bg_image_animation=\u00a0\u00bbnone\u00a0\u00bb shape_type=\u00a0\u00bb\u00a0\u00bb][vc_column column_padding=\u00a0\u00bbno-extra-padding\u00a0\u00bb column_padding_tablet=\u00a0\u00bbinherit\u00a0\u00bb column_padding_phone=\u00a0\u00bbinherit\u00a0\u00bb column_padding_position=\u00a0\u00bball\u00a0\u00bb column_element_spacing=\u00a0\u00bbdefault\u00a0\u00bb background_color_opacity=\u00a0\u00bb1&Prime; background_hover_color_opacity=\u00a0\u00bb1&Prime; column_shadow=\u00a0\u00bbnone\u00a0\u00bb column_border_radius=\u00a0\u00bbnone\u00a0\u00bb column_link_target=\u00a0\u00bb_self\u00a0\u00bb gradient_direction=\u00a0\u00bbleft_to_right\u00a0\u00bb overlay_strength=\u00a0\u00bb0.3&Prime; width=\u00a0\u00bb1\/1&Prime; tablet_width_inherit=\u00a0\u00bbdefault\u00a0\u00bb tablet_text_alignment=\u00a0\u00bbdefault\u00a0\u00bb phone_text_alignment=\u00a0\u00bbdefault\u00a0\u00bb bg_image_animation=\u00a0\u00bbnone\u00a0\u00bb border_type=\u00a0\u00bbsimple\u00a0\u00bb column_border_width=\u00a0\u00bbnone\u00a0\u00bb column_border_style=\u00a0\u00bbsolid\u00a0\u00bb][divider line_type=\u00a0\u00bbNo Line\u00a0\u00bb custom_height=\u00a0\u00bb30&Prime;][vc_column_text]\n<div class=\"entry-meta\">\n<p><span class=\"posted-on\"><time class=\"entry-date published updated\" datetime=\"2016-05-19T14:52:08-04:00\">19 mai 2016<\/time><\/span><\/p>\n<\/div>\n<div class=\"shapely-content \">\n<p>Consultez notre collection grandissante de liens et de ressources utiles sur le Canada et les Nations Unies, incluant nos missions internationales, nos ressources gouvernementales, nos publications et rapports. N\u2019oubliez pas de visiter notre site principal ou de consulter nos autres articles Talk Rights sur le Canada et l\u2019ONU pour en savoir plus sur l\u2019engagement de la CCLA avec l\u2019ONU. Y a-t-il quelque chose qui devrait figurer sur cette liste, mais qui ne l\u2019est pas? Contribuez sur talkrights [at] ccla [dot] org.   <\/p>\n<p>&nbsp;<\/p>\n<h3><strong><span style=\"color: #1e5799;\">MISSIONS PERMANENTES<\/span><\/strong><\/h3>\n<p><a href=\"http:\/\/www.canadainternational.gc.ca\/prmny-mponu\/index.aspx?lang=eng\" target=\"_blank\" rel=\"noopener\">La Mission permanente du Canada aupr\u00e8s des Nations Unies \u00e0 New York  <\/a><\/p>\n<p><a href=\"http:\/\/www.international.gc.ca\/genev\/index.aspx?lang=en\" target=\"_blank\" rel=\"noopener\">La Mission permanente du Canada aupr\u00e8s du Bureau des Nations Unies \u00e0 Gen\u00e8ve<\/a><\/p>\n<p><a href=\"http:\/\/www.canadainternational.gc.ca\/unesco\/index.aspx?lang=eng\" target=\"_blank\" rel=\"noopener\">La D\u00e9l\u00e9gation permanente du Canada aupr\u00e8s de l\u2019UNESCO \u00e0 Paris<\/a><\/p>\n<p><a href=\"http:\/\/www.canadainternational.gc.ca\/prmny-mponu\/canada_un-canada_onu\/dip_missions-mission_dip\/vienna-vienne.aspx?lang=eng\" target=\"_blank\" rel=\"noopener\">La Mission permanente du Canada aupr\u00e8s des organisations internationales \u00e0 Vienne<\/a><\/p>\n<p><a href=\"http:\/\/www.canadainternational.gc.ca\/prmny-mponu\/canada_un-canada_onu\/dip_missions-mission_dip\/nairobi.aspx?lang=eng\" target=\"_blank\" rel=\"noopener\">La Mission permanente du Canada aupr\u00e8s du Bureau des Nations Unies \u00e0 Nairobi<\/a><\/p>\n<p><a href=\"http:\/\/www.canadainternational.gc.ca\/prmny-mponu\/canada_un-canada_onu\/dip_missions-mission_dip\/Rome.aspx?lang=eng\" target=\"_blank\" rel=\"noopener\">La Mission permanente du Canada aupr\u00e8s de la FAO \u00e0 Rome<\/a><\/p>\n<p><a href=\"http:\/\/www.canadainternational.gc.ca\/prmny-mponu\/canada_un-canada_onu\/dip_missions-mission_dip\/montreal.aspx?lang=eng\" target=\"_blank\" rel=\"noopener\">La Mission permanente du Canada aupr\u00e8s de l\u2019OACI \u00e0 Montr\u00e9al<\/a><\/p>\n<h3><strong><span style=\"color: #1e5799;\">POLITIQUE<\/span><\/strong><\/h3>\n<p>Droits de la personne<\/p>\n<p><a href=\"http:\/\/www.international.gc.ca\/rights-droits\/policy-politique.aspx?lang=eng\" target=\"_blank\" rel=\"noopener\">La politique internationale des droits de la personne du Canada<\/a><\/p>\n<ul>\n<li>Document de contexte sur la politique canadienne des droits de la personne, y compris les trait\u00e9s sur les droits de la personne que le Canada a ratifi\u00e9s.<\/li>\n<\/ul>\n<p><a href=\"http:\/\/www.pch.gc.ca\/eng\/1357245167982\/1357245269004\" target=\"_blank\" rel=\"noopener\">Comment le Canada travaille avec les Nations Unies<\/a><\/p>\n<ul>\n<li>Pr\u00e9sente la mani\u00e8re dont le Canada ratifie les trait\u00e9s internationaux sur les droits de la personne en raison de la division des pouvoirs entre les gouvernements f\u00e9d\u00e9ral et provincial.<\/li>\n<\/ul>\n<h5>  DROITS DES ENFANTS<\/h5>\n<p><a href=\"http:\/\/www.international.gc.ca\/rights-droits\/kids-enfants\/index.aspx?lang=eng\" target=\"_blank\" rel=\"noopener\">Droits de la personne des enfants<\/a><\/p>\n<ul>\n<li>Explique pourquoi les droits des enfants sont une pr\u00e9occupation centrale dans la politique \u00e9trang\u00e8re du Canada.<\/li>\n<\/ul>\n<p><a href=\"http:\/\/www.international.gc.ca\/rights-droits\/child_soldiers-enfants_soldats.aspx?lang=eng\" target=\"_blank\" rel=\"noopener\">Enfants et conflits arm\u00e9s<\/a><\/p>\n<ul>\n<li>Offre un aper\u00e7u g\u00e9n\u00e9ral de la fa\u00e7on dont les conflits arm\u00e9s menacent la vie des enfants. Examine \u00e9galement le r\u00f4le historique du Canada dans la protection des enfants en situation de conflit arm\u00e9 et son engagement continu envers cette question. <\/li>\n<\/ul>\n<p><a href=\"http:\/\/www.international.gc.ca\/rights-droits\/kids-enfants\/labour-travail.aspx?lang=eng\" target=\"_blank\" rel=\"noopener\">Travail des enfants<\/a><\/p>\n<ul>\n<li>Discute de la question du travail des enfants et de l\u2019engagement continu du Canada envers cette question. \u00c9num\u00e8re les conventions de l\u2019ONU ratifi\u00e9es par le Canada et d\u2019autres fa\u00e7ons dont il a contribu\u00e9 \u00e0 mettre fin au travail des enfants. <\/li>\n<\/ul>\n<p><a href=\"http:\/\/www.international.gc.ca\/rights-droits\/kids-enfants\/exploitation.aspx?lang=eng\" target=\"_blank\" rel=\"noopener\">Exploitation sexuelle des enfants<\/a><\/p>\n<ul>\n<li>Explique l\u2019engagement du Canada \u00e0 mettre fin \u00e0 l\u2019exploitation sexuelle des enfants et les documents qu\u2019il a ratifi\u00e9s et auxquels il a contribu\u00e9 dans ce but.<\/li>\n<\/ul>\n<p><a href=\"http:\/\/www.international.gc.ca\/development-developpement\/priorities-priorites\/secure_futures_children-avenir_sur_enfants.aspx?lang=eng\" target=\"_blank\" rel=\"noopener\">Un avenir s\u00fbr et prot\u00e9g\u00e9 pour les enfants et les jeunes<\/a><\/p>\n<ul>\n<li>Identifie l\u2019avenir s\u00e9curitaire des enfants comme un d\u00e9fi et une priorit\u00e9 majeure pour le d\u00e9veloppement du Canada et explique l\u2019approche du Canada face \u00e0 cette question. Il fournit \u00e9galement de l\u2019information sur les r\u00e9sultats positifs r\u00e9sultant des activit\u00e9s de protection de l\u2019enfance, et fournit des liens vers les rapports pertinents de l\u2019UNICEF et les projets de d\u00e9veloppement canadiens. <\/li>\n<\/ul>\n<p><a href=\"http:\/\/www.international.gc.ca\/rights-droits\/childmarriage-mariageenfants\/overview-apercu.aspx?lang=eng\" target=\"_blank\" rel=\"noopener\">Aider \u00e0 mettre fin aux mariages d\u2019enfants, pr\u00e9coces et forc\u00e9s<\/a><\/p>\n<ul>\n<li>D\u00e9taille le r\u00f4le du Canada dans l\u2019attention sur cette question aux Nations Unies en d\u00e9veloppant des r\u00e9solutions et des initiatives pour sensibiliser. D\u00e9montre \u00e9galement la programmation canadienne \u00e0 cet \u00e9gard <\/li>\n<\/ul>\n<h5>\u00c9GALIT\u00c9 DES GENRES<\/h5>\n<p><em> <\/em><a href=\"http:\/\/www.international.gc.ca\/development-developpement\/priorities-priorites\/ge-es\/index.aspx?lang=eng\" target=\"_blank\" rel=\"noopener\">\u00c9galit\u00e9 des genres<\/a><\/p>\n<ul>\n<li>Souligne la priorit\u00e9 de la politique \u00e9trang\u00e8re canadienne en mati\u00e8re d\u2019\u00e9galit\u00e9 des genres et le travail du Canada aux Nations Unies pour renforcer les engagements envers cette question importante<\/li>\n<\/ul>\n<p><a href=\"http:\/\/www.international.gc.ca\/rights-droits\/women-femmes\/equality-egalite.aspx?lang=eng\" target=\"_blank\" rel=\"noopener\">L\u2019engagement du Canada envers l\u2019\u00e9galit\u00e9 des genres et l\u2019avancement des droits des femmes \u00e0 l\u2019\u00e9chelle internationale<\/a><\/p>\n<ul>\n<li>Explique l\u2019importance de l\u2019\u00e9galit\u00e9 des genres dans la politique \u00e9trang\u00e8re canadienne et souligne le r\u00f4le du Canada aux Nations Unies pour faire de l\u2019\u00e9galit\u00e9 des genres une priorit\u00e9. Il souligne \u00e9galement son importance en caract\u00e9risant l\u2019\u00e9galit\u00e9 des genres \u00e0 la fois comme une priorit\u00e9 en politique \u00e9trang\u00e8re et comme une priorit\u00e9 de d\u00e9veloppement. <\/li>\n<\/ul>\n<p><a href=\"http:\/\/www.swc-cfc.gc.ca\/initiatives\/uncsw-ccfnu\/index-eng.html\" target=\"_blank\" rel=\"noopener\">Statut des femmes au Canada<\/a><\/p>\n<ul>\n<li>Discute du r\u00f4le que joue la condition f\u00e9minine au Canada dans la pr\u00e9paration des r\u00e9unions annuelles de la Commission des Nations Unies sur la condition des femmes. Comprend des rapports et des informations sur les sessions remontant \u00e0 2012, et fournit des liens utiles pour plus d\u2019informations. <\/li>\n<\/ul>\n<p><a href=\"http:\/\/www.international.gc.ca\/rights-droits\/women-femmes\/violence.aspx?lang=eng\" target=\"_blank\" rel=\"noopener\">\u00c9limination de la violence envers les femmes<\/a><\/p>\n<ul>\n<li>Met l\u2019accent sur la priorit\u00e9 de la politique \u00e9trang\u00e8re du Canada visant \u00e0 r\u00e9duire la violence envers les femmes et explique comment le travail du Canada aux Nations Unies a contribu\u00e9 \u00e0 cet objectif.<\/li>\n<\/ul>\n<h5>AFFAIRES AUTOCHTONES<\/h5>\n<p><a href=\"http:\/\/www.international.gc.ca\/indig-autoch\/rights-droits.aspx?lang=en\" target=\"_blank\" rel=\"noopener\">Am\u00e9liorer le respect des droits des peuples autochtones<\/a><\/p>\n<ul>\n<li>Un bref aper\u00e7u de l\u2019engagement du Canada dans les droits des Autochtones aupr\u00e8s des Nations Unies et d\u2019autres organisations.<\/li>\n<\/ul>\n<h5>PAIX &amp; S\u00c9CURIT\u00c9<\/h5>\n<p><a href=\"http:\/\/www.canadainternational.gc.ca\/prmny-mponu\/canada_un-canada_onu\/positions-orientations\/peace-paix\/peace-operations-paix.aspx?lang=eng\" target=\"_blank\" rel=\"noopener\">Op\u00e9rations de maintien de la paix et de consolidation de la paix<\/a><\/p>\n<ul>\n<li>Met l\u2019accent sur le r\u00f4le du Canada dans le maintien de la paix et ses relations avec les op\u00e9rations de paix de l\u2019ONU.<\/li>\n<\/ul>\n<h5>CHANGEMENTS CLIMATIQUES<\/h5>\n<p><a href=\"http:\/\/climatechange.gc.ca\/default.asp?lang=En&amp;n=D6B3FF2B-1#X-201211211334221\" target=\"_blank\" rel=\"noopener\">Convention-cadre des Nations Unies sur les changements climatiques (CCNUCC)<\/a><\/p>\n<ul>\n<li>D\u00e9taille le r\u00f4le du Canada au sein de la CCNUCC et fournit des liens vers des rapports sur les changements climatiques.<\/li>\n<\/ul>\n<h4><\/h4>\n<h3><strong><span style=\"color: #1e5799;\">PUBLICATIONS &amp; RAPPORTS<\/span><\/strong><\/h3>\n<p>Droits de la personne en g\u00e9n\u00e9ral<\/p>\n<p><a href=\"https:\/\/documents-dds-ny.un.org\/doc\/UNDOC\/GEN\/G09\/152\/99\/PDF\/G0915299.pdf?OpenElement\" target=\"_blank\" rel=\"noopener\">Rapport du Groupe de travail sur l\u2019examen p\u00e9riodique universel<\/a> (2013)<\/p>\n<ul>\n<li>Examen de l\u2019ONU sur le bilan canadien en mati\u00e8re de droits de la personne. Comprend des recommandations sur l\u2019am\u00e9lioration des droits de la personne provenant d\u2019autres \u00c9tats membres, ainsi qu\u2019une \u00e9valuation du respect des droits de la personne par le Canada dans le cadre de divers instruments tels que la Charte des Nations Unies et la D\u00e9claration universelle des droits de l\u2019homme. <\/li>\n<\/ul>\n<p><strong> <\/strong><a href=\"http:\/\/lib.ohchr.org\/HRBodies\/UPR\/Documents\/Session4\/CA\/A_HRC_WG6_4_CAN_1_E.pdf\" target=\"_blank\" rel=\"noopener\">Revue p\u00e9riodique universelle du Canada \u2013 Rapport national<\/a> (2013)<\/p>\n<ul>\n<li>Rapport soumis par le gouvernement canadien sur les mesures prises par le Canada pour am\u00e9liorer son bilan en mati\u00e8re de droits de la personne et remplir ses obligations en mati\u00e8re de droits de la personne.<\/li>\n<\/ul>\n<p><a href=\"https:\/\/dev.ccla.org\/wp-content\/uploads\/2021\/06\/G13106651.pdf\" target=\"_blank\" rel=\"noopener\">Compilation pr\u00e9par\u00e9e par le Bureau du Haut-Commissariat aux droits de l\u2019homme <\/a>(2013)<\/p>\n<ul>\n<li>Un r\u00e9sum\u00e9 compilant des informations tir\u00e9es de divers rapports de proc\u00e9dures sp\u00e9ciales et d\u2019organismes de trait\u00e9s sur le bilan canadien en mati\u00e8re de droits de la personne.<\/li>\n<\/ul>\n<p><a href=\"http:\/\/docstore.ohchr.org\/SelfServices\/FilesHandler.ashx?enc=6QkG1d%2fPPRiCAqhKb7yhskswUHe1nBHTSwwEsgdxQHJWkYZjIUDFTA%2fqrtth9m%2fjDiefrZIBF03corNAQ%2fcKmvb%2ffS6R%2fGuzU7gON2EpblHIIs%2bfikxXelM40DS4M1aB\" target=\"_blank\" rel=\"noopener\">Examen des rapports soumis par les \u00c9tats parties en vertu de l\u2019article 40 du Pacte \u2013 Canada<\/a><\/p>\n<ul>\n<li>Rapport sur le succ\u00e8s du Canada dans la mise en \u0153uvre du Pacte international relatif aux droits civils et politiques. Met l\u2019accent sur les mesures \u00e0 l\u2019\u00e9chelle nationale et provinciale adopt\u00e9es pour mettre en \u0153uvre le Covenant. <\/li>\n<\/ul>\n<p><a href=\"http:\/\/www.refworld.org\/docid\/5645a16f4.html\" target=\"_blank\" rel=\"noopener\">Observations finales sur le sixi\u00e8me rapport p\u00e9riodique du Canada<\/a> (2015)<\/p>\n<ul>\n<li>Le Comit\u00e9 des droits de la personne \u00e9value l\u2019engagement du Canada \u00e0 mettre en \u0153uvre le Pacte international relatif aux droits civils et politiques, et formule des recommandations pour l\u2019am\u00e9liorer.<\/li>\n<\/ul>\n<h5>DROITS DES ENFANTS<\/h5>\n<p><a href=\"http:\/\/rightsofchildren.ca\/resources\/childrens-rights-monitoring\/\" target=\"_blank\" rel=\"noopener\">Rapport alternatif de la Coalition canadienne pour les droits des enfants au Canada<\/a><\/p>\n<ul>\n<li>Fournit un lien de t\u00e9l\u00e9chargement vers un rapport pr\u00e9par\u00e9 pour examen lors de la troisi\u00e8me r\u00e9vision du Canada par le Comit\u00e9 des droits de l\u2019enfant des Nations Unies. Fournit \u00e9galement des liens vers d\u2019autres rapports sur les enfants en situation de handicap, le droit \u00e0 l\u2019\u00e9ducation et d\u2019autres droits des enfants <\/li>\n<\/ul>\n<p><a href=\"http:\/\/provincialadvocate.on.ca\/documents\/en\/concluding_observations_in_youth_friendly_language_EN.pdf\" target=\"_blank\" rel=\"noopener\">Recommandations pour le Canada du Comit\u00e9 des droits de l\u2019enfant des Nations Unies<\/a><\/p>\n<ul>\n<li>R\u00e9sum\u00e9 des recommandations visant \u00e0 garantir que tous les enfants de moins de 18 ans au Canada puissent b\u00e9n\u00e9ficier des droits \u00e9num\u00e9r\u00e9s dans la Convention relative aux droits de l\u2019enfant<\/li>\n<\/ul>\n<h5>\u00c9GALIT\u00c9 DES GENRES<\/h5>\n<p><a href=\"http:\/\/www2.unwomen.org\/~\/media\/headquarters\/attachments\/sections\/csw\/59\/national_reviews\/canada_review_beijing20.ashx?v=1&amp;d=20140917T100718\" target=\"_blank\" rel=\"noopener\">Revue nationale du Canada sur la mise en \u0153uvre de la D\u00e9claration de Beijing et de la Plateforme d\u2019action<\/a> (2014)<\/p>\n<ul>\n<li>Un rapport soumis aux Nations Unies qui met l\u2019accent sur les succ\u00e8s et les \u00e9checs du Canada dans la mise en \u0153uvre de la D\u00e9claration de Beijing et de la Plateforme d\u2019action. La D\u00e9claration de Beijing a \u00e9t\u00e9 \u00e9tablie pour am\u00e9liorer l\u2019\u00e9galit\u00e9 des femmes dans le monde. <\/li>\n<\/ul>\n<p><a href=\"http:\/\/www3.weforum.org\/docs\/GGGR2015\/CAN.pdf\" target=\"_blank\" rel=\"noopener\">Profil du Canada sur l\u2019\u00e9cart mondial entre les sexes<\/a><\/p>\n<ul>\n<li>Contient des statistiques sur le classement canadien de la parit\u00e9 entre les sexes.<\/li>\n<\/ul>\n<p><a href=\"http:\/\/www3.weforum.org\/docs\/GGGR2015\/The%20Global%20Gender%20Gap%20Index%202015.pdf\" target=\"_blank\" rel=\"noopener\">L\u2019Indice mondial de l\u2019\u00e9cart entre les sexes 2015<\/a><\/p>\n<ul>\n<li>Bien qu\u2019il s\u2019agisse d\u2019un rapport g\u00e9n\u00e9ral et comparatif sur l\u2019\u00e9cart entre les sexes \u00e0 l\u2019\u00e9chelle mondiale, il existe des statistiques utiles et des comparaisons entre le Canada et d\u2019autres pays<\/li>\n<\/ul>\n<h5>DROITS AUTOCHTONES<\/h5>\n<p><a href=\"http:\/\/unsr.jamesanaya.org\/country-reports\/the-situation-of-indigenous-peoples-in-canada\" target=\"_blank\" rel=\"noopener\">La situation des peuples autochtones au Canada<\/a> (2014)<\/p>\n<ul>\n<li>Un rapport du Rapporteur sp\u00e9cial sur les droits des peuples autochtones concernant les droits humains des peuples autochtones au Canada. Examine les principales pr\u00e9occupations en mati\u00e8re de droits de la personne dans ce domaine et les recommandations sur la fa\u00e7on dont le Canada peut am\u00e9liorer son bilan. <\/li>\n<\/ul>\n<p><a href=\"http:\/\/www.ohchr.org\/Documents\/Issues\/IPeoples\/EMRIP\/FollowupStudyAccessToJustice\/CanadianHumanRightsCommission.pdf\" target=\"_blank\" rel=\"noopener\">Acc\u00e8s \u00e0 la justice pour les enfants autochtones<\/a><\/p>\n<ul>\n<li>Un rapport soumis par la Commission canadienne des droits de la personne au Bureau du Haut-Commissariat des Nations Unies aux droits de la personne. Ce rapport explique le contexte social des enfants autochtones au Canada et les obstacles auxquels ils font face \u00e0 l\u2019acc\u00e8s \u00e0 la justice. <\/li>\n<\/ul>\n<p><a href=\"http:\/\/www.ohchr.org\/Documents\/Issues\/IPeoples\/EMRIP\/FollowupStudyAccessToJustice\/NativeWomensAssociationofCanada.pdf\" target=\"_blank\" rel=\"noopener\">Soumission sp\u00e9ciale au M\u00e9canisme d\u2019experts sur les droits des peuples autochtones (EMRIP) \u00e0 l\u2019acc\u00e8s \u00e0 la justice pour les femmes autochtones au Canada<\/a> (2014)<\/p>\n<ul>\n<li>L\u2019Association des femmes autochtones du Canada a soumis ce rapport en mettant l\u2019accent sur les d\u00e9fis actuels auxquels font face les femmes autochtones en mati\u00e8re d\u2019acc\u00e8s \u00e0 la justice.<\/li>\n<\/ul>\n<p><a href=\"http:\/\/www.ohchr.org\/Documents\/Issues\/IPeoples\/EMRIP\/StudyLanguages\/Nunavut.pdf\" target=\"_blank\" rel=\"noopener\">Observations du gouvernement du Nunavut sur le r\u00f4le des langues et de la culture dans la promotion et la protection des droits et de l\u2019identit\u00e9 des Inuits<\/a><\/p>\n<ul>\n<li>En r\u00e9ponse \u00e0 une \u00e9tude men\u00e9e par le Bureau du Haut-Commissariat aux droits de l\u2019homme sur l\u2019\u00e9tude des langues et cultures autochtones, le gouvernement du Nunavut a pr\u00e9par\u00e9 ce rapport afin de partager son point de vue sur le r\u00f4le que jouent la langue et la culture dans la promotion et la protection de l\u2019identit\u00e9 et des droits des peuples autochtones.<\/li>\n<\/ul>\n<h5>CHANGEMENTS CLIMATIQUES<\/h5>\n<p><a href=\"http:\/\/environmentaldefence.ca\/cop21\" target=\"_blank\" rel=\"noopener\">Le r\u00f4le du Canada \u00e0 la COP21<\/a><\/p>\n<ul>\n<li>Ce rapport expose le r\u00f4le que le Canada peut jouer au sommet de Paris sur le climat (<sup>21e<\/sup> Conf\u00e9rence des Parties \u00e0 Paris (COP21), 30 novembre \u2013 11 d\u00e9cembre 2015) et explique certains enjeux qui seront examin\u00e9s.<\/li>\n<\/ul>\n<p><a href=\"https:\/\/ec.gc.ca\/cc\/0BA54AAB-6E8E-4D48-B42C-DCBB09B27D10\/6458_EC_ID1180-MainBook_high_min%20FINAL-s.pdf\" target=\"_blank\" rel=\"noopener\">Le sixi\u00e8me rapport national du Canada sur les changements climatiques 2014<\/a><\/p>\n<ul>\n<li>Le but de ce rapport est de respecter les engagements du Canada en vertu de la Convention-cadre des Nations Unies sur les changements climatiques. Il couvre la situation nationale du Canada en lien avec les changements climatiques, fournit un inventaire de gaz \u00e0 effet de serre et extrapole sur les politiques climatiques, entre autres. <\/li>\n<\/ul>\n<p><a href=\"http:\/\/www.sustainablecanadadialogues.ca\/files\/PDF_DOCS\/SDC_EN_30marchlr.pdf\" target=\"_blank\" rel=\"noopener\">Agir face aux changements climatiques : Solutions de chercheurs canadiens<\/a><\/p>\n<p>Un rapport r\u00e9dig\u00e9 par des chercheurs canadiens de partout au pays, identifiant les actions politiques \u00e0 adopter pour respecter les objectifs des Nations Unies en mati\u00e8re de politiques climatiques plus ambitieuses. Explique le r\u00f4le de chaque niveau de gouvernement, ainsi que la fa\u00e7on dont le Canada peut faire la transition vers une soci\u00e9t\u00e9 \u00e0 faible \u00e9mission de carbone. <\/p>\n<\/div>\n[\/vc_column_text][\/vc_column][\/vc_row][vc_row type=\u00a0\u00bbin_container\u00a0\u00bb full_screen_row_position=\u00a0\u00bbmiddle\u00a0\u00bb column_margin=\u00a0\u00bbdefault\u00a0\u00bb column_direction=\u00a0\u00bbdefault\u00a0\u00bb column_direction_tablet=\u00a0\u00bbdefault\u00a0\u00bb column_direction_phone=\u00a0\u00bbdefault\u00a0\u00bb scene_position=\u00a0\u00bbcenter\u00a0\u00bb text_color=\u00a0\u00bbdark\u00a0\u00bb text_align=\u00a0\u00bbleft\u00a0\u00bb row_border_radius=\u00a0\u00bbnone\u00a0\u00bb row_border_radius_applies=\u00a0\u00bbbg\u00a0\u00bb overlay_strength=\u00a0\u00bb0.3&Prime; gradient_direction=\u00a0\u00bbleft_to_right\u00a0\u00bb shape_divider_position=\u00a0\u00bbbottom\u00a0\u00bb bg_image_animation=\u00a0\u00bbnone\u00a0\u00bb][vc_column column_padding=\u00a0\u00bbno-extra-padding\u00a0\u00bb column_padding_tablet=\u00a0\u00bbinherit\u00a0\u00bb column_padding_phone=\u00a0\u00bbinherit\u00a0\u00bb column_padding_position=\u00a0\u00bball\u00a0\u00bb column_element_spacing=\u00a0\u00bbdefault\u00a0\u00bb background_color_opacity=\u00a0\u00bb1&Prime; background_hover_color_opacity=\u00a0\u00bb1&Prime; column_shadow=\u00a0\u00bbnone\u00a0\u00bb column_border_radius=\u00a0\u00bbnone\u00a0\u00bb column_link_target=\u00a0\u00bb_self\u00a0\u00bb gradient_direction=\u00a0\u00bbleft_to_right\u00a0\u00bb overlay_strength=\u00a0\u00bb0.3&Prime; width=\u00a0\u00bb1\/1&Prime; tablet_width_inherit=\u00a0\u00bbdefault\u00a0\u00bb tablet_text_alignment=\u00a0\u00bbdefault\u00a0\u00bb phone_text_alignment=\u00a0\u00bbdefault\u00a0\u00bb bg_image_animation=\u00a0\u00bbnone\u00a0\u00bb border_type=\u00a0\u00bbsimple\u00a0\u00bb column_border_width=\u00a0\u00bbnone\u00a0\u00bb column_border_style=\u00a0\u00bbsolid\u00a0\u00bb][nectar_global_section id=\u00a0\u00bb1461&Prime;][\/vc_column][\/vc_row]\n","protected":false},"excerpt":{"rendered":"<p>L\u2019Association canadienne des libert\u00e9s civiles (CCLA) contestera l\u2019injonction exceptionnellement large du gouvernement de la Nouvelle-\u00c9cosse limitant les manifestations dans la province.<\/p>\n","protected":false},"author":11,"featured_media":13727,"comment_status":"closed","ping_status":"closed","sticky":false,"template":"","format":"standard","meta":{"footnotes":""},"categories":[254],"tags":[],"class_list":{"0":"post-16377","1":"post","2":"type-post","3":"status-publish","4":"format-standard","5":"has-post-thumbnail","7":"category-non-classe"},"yoast_head":"<!-- This site is optimized with the Yoast SEO plugin v27.4 - https:\/\/yoast.com\/product\/yoast-seo-wordpress\/ -->\n<title>Canada et l\u2019ONU : liens et ressources utiles - CCLA<\/title>\n<meta name=\"robots\" content=\"noindex, follow, max-snippet:-1, max-image-preview:large, max-video-preview:-1\" \/>\n<meta property=\"og:locale\" content=\"fr_CA\" \/>\n<meta property=\"og:type\" content=\"article\" \/>\n<meta property=\"og:title\" content=\"Canada et l\u2019ONU : liens et ressources utiles - CCLA\" \/>\n<meta property=\"og:description\" content=\"L\u2019Association canadienne des libert\u00e9s civiles (CCLA) contestera l\u2019injonction exceptionnellement large du gouvernement de la Nouvelle-\u00c9cosse limitant les manifestations dans la province.\" \/>\n<meta property=\"og:url\" content=\"https:\/\/dev.ccla.org\/fr\/non-classe\/canada-et-lonu-liens-et-ressources-utiles\/\" \/>\n<meta property=\"og:site_name\" content=\"CCLA\" \/>\n<meta property=\"article:published_time\" content=\"2016-05-19T16:50:11+00:00\" \/>\n<meta property=\"article:modified_time\" content=\"2026-04-23T18:41:04+00:00\" \/>\n<meta property=\"og:image\" content=\"https:\/\/dev.ccla.org\/wp-content\/uploads\/2021\/06\/CCCL_general_crowd_2000x800.jpg\" \/>\n\t<meta property=\"og:image:width\" content=\"2000\" \/>\n\t<meta property=\"og:image:height\" content=\"800\" \/>\n\t<meta property=\"og:image:type\" content=\"image\/jpeg\" \/>\n<meta name=\"author\" content=\"Brenda McPhail\" \/>\n<meta name=\"twitter:card\" content=\"summary_large_image\" \/>\n<meta name=\"twitter:creator\" content=\"@Brenda\" \/>\n<meta name=\"twitter:label1\" content=\"\u00c9crit par\" \/>\n\t<meta name=\"twitter:data1\" content=\"Brenda McPhail\" \/>\n\t<meta name=\"twitter:label2\" content=\"Estimation du temps de lecture\" \/>\n\t<meta name=\"twitter:data2\" content=\"12 minutes\" \/>\n<script type=\"application\/ld+json\" class=\"yoast-schema-graph\">{\"@context\":\"https:\\\/\\\/schema.org\",\"@graph\":[{\"@type\":\"Article\",\"@id\":\"https:\\\/\\\/dev.ccla.org\\\/fr\\\/non-classe\\\/canada-et-lonu-liens-et-ressources-utiles\\\/#article\",\"isPartOf\":{\"@id\":\"https:\\\/\\\/dev.ccla.org\\\/fr\\\/non-classe\\\/canada-et-lonu-liens-et-ressources-utiles\\\/\"},\"author\":{\"name\":\"Brenda McPhail\",\"@id\":\"https:\\\/\\\/dev.ccla.org\\\/fr\\\/#\\\/schema\\\/person\\\/df01c0bd709d7a6c260f3b5f332d9d69\"},\"headline\":\"Canada et l\u2019ONU : liens et ressources utiles\",\"datePublished\":\"2016-05-19T16:50:11+00:00\",\"dateModified\":\"2026-04-23T18:41:04+00:00\",\"mainEntityOfPage\":{\"@id\":\"https:\\\/\\\/dev.ccla.org\\\/fr\\\/non-classe\\\/canada-et-lonu-liens-et-ressources-utiles\\\/\"},\"wordCount\":2328,\"image\":{\"@id\":\"https:\\\/\\\/dev.ccla.org\\\/fr\\\/non-classe\\\/canada-et-lonu-liens-et-ressources-utiles\\\/#primaryimage\"},\"thumbnailUrl\":\"https:\\\/\\\/dev.ccla.org\\\/wp-content\\\/uploads\\\/2021\\\/06\\\/CCCL_general_crowd_2000x800.jpg\",\"inLanguage\":\"fr-CA\"},{\"@type\":\"WebPage\",\"@id\":\"https:\\\/\\\/dev.ccla.org\\\/fr\\\/non-classe\\\/canada-et-lonu-liens-et-ressources-utiles\\\/\",\"url\":\"https:\\\/\\\/dev.ccla.org\\\/fr\\\/non-classe\\\/canada-et-lonu-liens-et-ressources-utiles\\\/\",\"name\":\"Canada et l\u2019ONU : liens et ressources utiles - CCLA\",\"isPartOf\":{\"@id\":\"https:\\\/\\\/dev.ccla.org\\\/fr\\\/#website\"},\"primaryImageOfPage\":{\"@id\":\"https:\\\/\\\/dev.ccla.org\\\/fr\\\/non-classe\\\/canada-et-lonu-liens-et-ressources-utiles\\\/#primaryimage\"},\"image\":{\"@id\":\"https:\\\/\\\/dev.ccla.org\\\/fr\\\/non-classe\\\/canada-et-lonu-liens-et-ressources-utiles\\\/#primaryimage\"},\"thumbnailUrl\":\"https:\\\/\\\/dev.ccla.org\\\/wp-content\\\/uploads\\\/2021\\\/06\\\/CCCL_general_crowd_2000x800.jpg\",\"datePublished\":\"2016-05-19T16:50:11+00:00\",\"dateModified\":\"2026-04-23T18:41:04+00:00\",\"author\":{\"@id\":\"https:\\\/\\\/dev.ccla.org\\\/fr\\\/#\\\/schema\\\/person\\\/df01c0bd709d7a6c260f3b5f332d9d69\"},\"breadcrumb\":{\"@id\":\"https:\\\/\\\/dev.ccla.org\\\/fr\\\/non-classe\\\/canada-et-lonu-liens-et-ressources-utiles\\\/#breadcrumb\"},\"inLanguage\":\"fr-CA\",\"potentialAction\":[{\"@type\":\"ReadAction\",\"target\":[\"https:\\\/\\\/dev.ccla.org\\\/fr\\\/non-classe\\\/canada-et-lonu-liens-et-ressources-utiles\\\/\"]}]},{\"@type\":\"ImageObject\",\"inLanguage\":\"fr-CA\",\"@id\":\"https:\\\/\\\/dev.ccla.org\\\/fr\\\/non-classe\\\/canada-et-lonu-liens-et-ressources-utiles\\\/#primaryimage\",\"url\":\"https:\\\/\\\/dev.ccla.org\\\/wp-content\\\/uploads\\\/2021\\\/06\\\/CCCL_general_crowd_2000x800.jpg\",\"contentUrl\":\"https:\\\/\\\/dev.ccla.org\\\/wp-content\\\/uploads\\\/2021\\\/06\\\/CCCL_general_crowd_2000x800.jpg\",\"width\":2000,\"height\":800},{\"@type\":\"BreadcrumbList\",\"@id\":\"https:\\\/\\\/dev.ccla.org\\\/fr\\\/non-classe\\\/canada-et-lonu-liens-et-ressources-utiles\\\/#breadcrumb\",\"itemListElement\":[{\"@type\":\"ListItem\",\"position\":1,\"name\":\"Home\",\"item\":\"https:\\\/\\\/dev.ccla.org\\\/fr\\\/accueil\\\/\"},{\"@type\":\"ListItem\",\"position\":2,\"name\":\"Non class\u00e9\",\"item\":\"https:\\\/\\\/dev.ccla.org\\\/fr\\\/category\\\/non-classe\\\/\"},{\"@type\":\"ListItem\",\"position\":3,\"name\":\"Canada et l\u2019ONU : liens et ressources utiles\"}]},{\"@type\":\"WebSite\",\"@id\":\"https:\\\/\\\/dev.ccla.org\\\/fr\\\/#website\",\"url\":\"https:\\\/\\\/dev.ccla.org\\\/fr\\\/\",\"name\":\"CCLA\",\"description\":\"\",\"potentialAction\":[{\"@type\":\"SearchAction\",\"target\":{\"@type\":\"EntryPoint\",\"urlTemplate\":\"https:\\\/\\\/dev.ccla.org\\\/fr\\\/?s={search_term_string}\"},\"query-input\":{\"@type\":\"PropertyValueSpecification\",\"valueRequired\":true,\"valueName\":\"search_term_string\"}}],\"inLanguage\":\"fr-CA\"},{\"@type\":\"Person\",\"@id\":\"https:\\\/\\\/dev.ccla.org\\\/fr\\\/#\\\/schema\\\/person\\\/df01c0bd709d7a6c260f3b5f332d9d69\",\"name\":\"Brenda McPhail\",\"image\":{\"@type\":\"ImageObject\",\"inLanguage\":\"fr-CA\",\"@id\":\"https:\\\/\\\/secure.gravatar.com\\\/avatar\\\/b18ffdbbca7e655d025c1ef4c7efccf0fe47586afe268b76b82493c5b4a3d54f?s=96&d=blank&r=g\",\"url\":\"https:\\\/\\\/secure.gravatar.com\\\/avatar\\\/b18ffdbbca7e655d025c1ef4c7efccf0fe47586afe268b76b82493c5b4a3d54f?s=96&d=blank&r=g\",\"contentUrl\":\"https:\\\/\\\/secure.gravatar.com\\\/avatar\\\/b18ffdbbca7e655d025c1ef4c7efccf0fe47586afe268b76b82493c5b4a3d54f?s=96&d=blank&r=g\",\"caption\":\"Brenda McPhail\"},\"sameAs\":[\"https:\\\/\\\/x.com\\\/Brenda\"],\"url\":\"https:\\\/\\\/dev.ccla.org\\\/fr\\\/author\\\/brenda\\\/\"}]}<\/script>\n<!-- \/ Yoast SEO plugin. -->","yoast_head_json":{"title":"Canada et l\u2019ONU : liens et ressources utiles - CCLA","robots":{"index":"noindex","follow":"follow","max-snippet":"max-snippet:-1","max-image-preview":"max-image-preview:large","max-video-preview":"max-video-preview:-1"},"og_locale":"fr_CA","og_type":"article","og_title":"Canada et l\u2019ONU : liens et ressources utiles - CCLA","og_description":"L\u2019Association canadienne des libert\u00e9s civiles (CCLA) contestera l\u2019injonction exceptionnellement large du gouvernement de la Nouvelle-\u00c9cosse limitant les manifestations dans la province.","og_url":"https:\/\/dev.ccla.org\/fr\/non-classe\/canada-et-lonu-liens-et-ressources-utiles\/","og_site_name":"CCLA","article_published_time":"2016-05-19T16:50:11+00:00","article_modified_time":"2026-04-23T18:41:04+00:00","og_image":[{"width":2000,"height":800,"url":"https:\/\/dev.ccla.org\/wp-content\/uploads\/2021\/06\/CCCL_general_crowd_2000x800.jpg","type":"image\/jpeg"}],"author":"Brenda McPhail","twitter_card":"summary_large_image","twitter_creator":"@Brenda","twitter_misc":{"\u00c9crit par":"Brenda McPhail","Estimation du temps de lecture":"12 minutes"},"schema":{"@context":"https:\/\/schema.org","@graph":[{"@type":"Article","@id":"https:\/\/dev.ccla.org\/fr\/non-classe\/canada-et-lonu-liens-et-ressources-utiles\/#article","isPartOf":{"@id":"https:\/\/dev.ccla.org\/fr\/non-classe\/canada-et-lonu-liens-et-ressources-utiles\/"},"author":{"name":"Brenda McPhail","@id":"https:\/\/dev.ccla.org\/fr\/#\/schema\/person\/df01c0bd709d7a6c260f3b5f332d9d69"},"headline":"Canada et l\u2019ONU : liens et ressources utiles","datePublished":"2016-05-19T16:50:11+00:00","dateModified":"2026-04-23T18:41:04+00:00","mainEntityOfPage":{"@id":"https:\/\/dev.ccla.org\/fr\/non-classe\/canada-et-lonu-liens-et-ressources-utiles\/"},"wordCount":2328,"image":{"@id":"https:\/\/dev.ccla.org\/fr\/non-classe\/canada-et-lonu-liens-et-ressources-utiles\/#primaryimage"},"thumbnailUrl":"https:\/\/dev.ccla.org\/wp-content\/uploads\/2021\/06\/CCCL_general_crowd_2000x800.jpg","inLanguage":"fr-CA"},{"@type":"WebPage","@id":"https:\/\/dev.ccla.org\/fr\/non-classe\/canada-et-lonu-liens-et-ressources-utiles\/","url":"https:\/\/dev.ccla.org\/fr\/non-classe\/canada-et-lonu-liens-et-ressources-utiles\/","name":"Canada et l\u2019ONU : liens et ressources utiles - CCLA","isPartOf":{"@id":"https:\/\/dev.ccla.org\/fr\/#website"},"primaryImageOfPage":{"@id":"https:\/\/dev.ccla.org\/fr\/non-classe\/canada-et-lonu-liens-et-ressources-utiles\/#primaryimage"},"image":{"@id":"https:\/\/dev.ccla.org\/fr\/non-classe\/canada-et-lonu-liens-et-ressources-utiles\/#primaryimage"},"thumbnailUrl":"https:\/\/dev.ccla.org\/wp-content\/uploads\/2021\/06\/CCCL_general_crowd_2000x800.jpg","datePublished":"2016-05-19T16:50:11+00:00","dateModified":"2026-04-23T18:41:04+00:00","author":{"@id":"https:\/\/dev.ccla.org\/fr\/#\/schema\/person\/df01c0bd709d7a6c260f3b5f332d9d69"},"breadcrumb":{"@id":"https:\/\/dev.ccla.org\/fr\/non-classe\/canada-et-lonu-liens-et-ressources-utiles\/#breadcrumb"},"inLanguage":"fr-CA","potentialAction":[{"@type":"ReadAction","target":["https:\/\/dev.ccla.org\/fr\/non-classe\/canada-et-lonu-liens-et-ressources-utiles\/"]}]},{"@type":"ImageObject","inLanguage":"fr-CA","@id":"https:\/\/dev.ccla.org\/fr\/non-classe\/canada-et-lonu-liens-et-ressources-utiles\/#primaryimage","url":"https:\/\/dev.ccla.org\/wp-content\/uploads\/2021\/06\/CCCL_general_crowd_2000x800.jpg","contentUrl":"https:\/\/dev.ccla.org\/wp-content\/uploads\/2021\/06\/CCCL_general_crowd_2000x800.jpg","width":2000,"height":800},{"@type":"BreadcrumbList","@id":"https:\/\/dev.ccla.org\/fr\/non-classe\/canada-et-lonu-liens-et-ressources-utiles\/#breadcrumb","itemListElement":[{"@type":"ListItem","position":1,"name":"Home","item":"https:\/\/dev.ccla.org\/fr\/accueil\/"},{"@type":"ListItem","position":2,"name":"Non class\u00e9","item":"https:\/\/dev.ccla.org\/fr\/category\/non-classe\/"},{"@type":"ListItem","position":3,"name":"Canada et l\u2019ONU : liens et ressources utiles"}]},{"@type":"WebSite","@id":"https:\/\/dev.ccla.org\/fr\/#website","url":"https:\/\/dev.ccla.org\/fr\/","name":"CCLA","description":"","potentialAction":[{"@type":"SearchAction","target":{"@type":"EntryPoint","urlTemplate":"https:\/\/dev.ccla.org\/fr\/?s={search_term_string}"},"query-input":{"@type":"PropertyValueSpecification","valueRequired":true,"valueName":"search_term_string"}}],"inLanguage":"fr-CA"},{"@type":"Person","@id":"https:\/\/dev.ccla.org\/fr\/#\/schema\/person\/df01c0bd709d7a6c260f3b5f332d9d69","name":"Brenda McPhail","image":{"@type":"ImageObject","inLanguage":"fr-CA","@id":"https:\/\/secure.gravatar.com\/avatar\/b18ffdbbca7e655d025c1ef4c7efccf0fe47586afe268b76b82493c5b4a3d54f?s=96&d=blank&r=g","url":"https:\/\/secure.gravatar.com\/avatar\/b18ffdbbca7e655d025c1ef4c7efccf0fe47586afe268b76b82493c5b4a3d54f?s=96&d=blank&r=g","contentUrl":"https:\/\/secure.gravatar.com\/avatar\/b18ffdbbca7e655d025c1ef4c7efccf0fe47586afe268b76b82493c5b4a3d54f?s=96&d=blank&r=g","caption":"Brenda McPhail"},"sameAs":["https:\/\/x.com\/Brenda"],"url":"https:\/\/dev.ccla.org\/fr\/author\/brenda\/"}]}},"_links":{"self":[{"href":"https:\/\/dev.ccla.org\/fr\/wp-json\/wp\/v2\/posts\/16377","targetHints":{"allow":["GET"]}}],"collection":[{"href":"https:\/\/dev.ccla.org\/fr\/wp-json\/wp\/v2\/posts"}],"about":[{"href":"https:\/\/dev.ccla.org\/fr\/wp-json\/wp\/v2\/types\/post"}],"author":[{"embeddable":true,"href":"https:\/\/dev.ccla.org\/fr\/wp-json\/wp\/v2\/users\/11"}],"replies":[{"embeddable":true,"href":"https:\/\/dev.ccla.org\/fr\/wp-json\/wp\/v2\/comments?post=16377"}],"version-history":[{"count":1,"href":"https:\/\/dev.ccla.org\/fr\/wp-json\/wp\/v2\/posts\/16377\/revisions"}],"predecessor-version":[{"id":16382,"href":"https:\/\/dev.ccla.org\/fr\/wp-json\/wp\/v2\/posts\/16377\/revisions\/16382"}],"wp:featuredmedia":[{"embeddable":true,"href":"https:\/\/dev.ccla.org\/fr\/wp-json\/wp\/v2\/media\/13727"}],"wp:attachment":[{"href":"https:\/\/dev.ccla.org\/fr\/wp-json\/wp\/v2\/media?parent=16377"}],"wp:term":[{"taxonomy":"category","embeddable":true,"href":"https:\/\/dev.ccla.org\/fr\/wp-json\/wp\/v2\/categories?post=16377"},{"taxonomy":"post_tag","embeddable":true,"href":"https:\/\/dev.ccla.org\/fr\/wp-json\/wp\/v2\/tags?post=16377"}],"curies":[{"name":"wp","href":"https:\/\/api.w.org\/{rel}","templated":true}]}}