{"id":16349,"date":"2016-04-25T22:18:14","date_gmt":"2016-04-26T02:18:14","guid":{"rendered":"https:\/\/dev.ccla.org\/non-classe\/poste-de-stagiaire-en-droit-2017-2018\/"},"modified":"2026-04-23T14:40:18","modified_gmt":"2026-04-23T18:40:18","slug":"poste-de-stagiaire-en-droit-2017-2018","status":"publish","type":"post","link":"https:\/\/dev.ccla.org\/fr\/non-classe\/poste-de-stagiaire-en-droit-2017-2018\/","title":{"rendered":"Poste de stagiaire en droit 2017-2018"},"content":{"rendered":"[vc_row type=\u00a0\u00bbin_container\u00a0\u00bb full_screen_row_position=\u00a0\u00bbmiddle\u00a0\u00bb column_margin=\u00a0\u00bbdefault\u00a0\u00bb column_direction=\u00a0\u00bbdefault\u00a0\u00bb column_direction_tablet=\u00a0\u00bbdefault\u00a0\u00bb column_direction_phone=\u00a0\u00bbdefault\u00a0\u00bb scene_position=\u00a0\u00bbcenter\u00a0\u00bb text_color=\u00a0\u00bbdark\u00a0\u00bb text_align=\u00a0\u00bbleft\u00a0\u00bb row_border_radius=\u00a0\u00bbnone\u00a0\u00bb row_border_radius_applies=\u00a0\u00bbbg\u00a0\u00bb overlay_strength=\u00a0\u00bb0.3&Prime; gradient_direction=\u00a0\u00bbleft_to_right\u00a0\u00bb shape_divider_position=\u00a0\u00bbbottom\u00a0\u00bb bg_image_animation=\u00a0\u00bbnone\u00a0\u00bb][vc_column column_padding=\u00a0\u00bbno-extra-padding\u00a0\u00bb column_padding_tablet=\u00a0\u00bbinherit\u00a0\u00bb column_padding_phone=\u00a0\u00bbinherit\u00a0\u00bb column_padding_position=\u00a0\u00bball\u00a0\u00bb column_element_spacing=\u00a0\u00bbdefault\u00a0\u00bb background_color_opacity=\u00a0\u00bb1&Prime; background_hover_color_opacity=\u00a0\u00bb1&Prime; column_shadow=\u00a0\u00bbnone\u00a0\u00bb column_border_radius=\u00a0\u00bbnone\u00a0\u00bb column_link_target=\u00a0\u00bb_self\u00a0\u00bb gradient_direction=\u00a0\u00bbleft_to_right\u00a0\u00bb overlay_strength=\u00a0\u00bb0.3&Prime; width=\u00a0\u00bb1\/1&Prime; tablet_width_inherit=\u00a0\u00bbdefault\u00a0\u00bb tablet_text_alignment=\u00a0\u00bbdefault\u00a0\u00bb phone_text_alignment=\u00a0\u00bbdefault\u00a0\u00bb bg_image_animation=\u00a0\u00bbnone\u00a0\u00bb border_type=\u00a0\u00bbsimple\u00a0\u00bb column_border_width=\u00a0\u00bbnone\u00a0\u00bb column_border_style=\u00a0\u00bbsolid\u00a0\u00bb][nectar_global_section id=\u00a0\u00bb1355&Prime;][\/vc_column][\/vc_row][vc_row type=\u00a0\u00bbfull_width_background\u00a0\u00bb full_screen_row_position=\u00a0\u00bbmiddle\u00a0\u00bb column_margin=\u00a0\u00bbdefault\u00a0\u00bb column_direction=\u00a0\u00bbdefault\u00a0\u00bb column_direction_tablet=\u00a0\u00bbdefault\u00a0\u00bb column_direction_phone=\u00a0\u00bbdefault\u00a0\u00bb scene_position=\u00a0\u00bbcenter\u00a0\u00bb top_padding=\u00a0\u00bb4%\u00a0\u00bb constrain_group_1=\u00a0\u00bbyes\u00a0\u00bb bottom_padding=\u00a0\u00bb4%\u00a0\u00bb text_color=\u00a0\u00bbdark\u00a0\u00bb text_align=\u00a0\u00bbleft\u00a0\u00bb row_border_radius=\u00a0\u00bbnone\u00a0\u00bb row_border_radius_applies=\u00a0\u00bbbg\u00a0\u00bb class=\u00a0\u00bbpost-links\u00a0\u00bb overlay_strength=\u00a0\u00bb0.3&Prime; gradient_direction=\u00a0\u00bbleft_to_right\u00a0\u00bb shape_divider_position=\u00a0\u00bbbottom\u00a0\u00bb bg_image_animation=\u00a0\u00bbnone\u00a0\u00bb shape_type=\u00a0\u00bb\u00a0\u00bb][vc_column column_padding=\u00a0\u00bbno-extra-padding\u00a0\u00bb column_padding_tablet=\u00a0\u00bbinherit\u00a0\u00bb column_padding_phone=\u00a0\u00bbinherit\u00a0\u00bb column_padding_position=\u00a0\u00bball\u00a0\u00bb column_element_spacing=\u00a0\u00bbdefault\u00a0\u00bb background_color_opacity=\u00a0\u00bb1&Prime; background_hover_color_opacity=\u00a0\u00bb1&Prime; column_shadow=\u00a0\u00bbnone\u00a0\u00bb column_border_radius=\u00a0\u00bbnone\u00a0\u00bb column_link_target=\u00a0\u00bb_self\u00a0\u00bb gradient_direction=\u00a0\u00bbleft_to_right\u00a0\u00bb overlay_strength=\u00a0\u00bb0.3&Prime; width=\u00a0\u00bb1\/1&Prime; tablet_width_inherit=\u00a0\u00bbdefault\u00a0\u00bb tablet_text_alignment=\u00a0\u00bbdefault\u00a0\u00bb phone_text_alignment=\u00a0\u00bbdefault\u00a0\u00bb bg_image_animation=\u00a0\u00bbnone\u00a0\u00bb border_type=\u00a0\u00bbsimple\u00a0\u00bb column_border_width=\u00a0\u00bbnone\u00a0\u00bb column_border_style=\u00a0\u00bbsolid\u00a0\u00bb][divider line_type=\u00a0\u00bbNo Line\u00a0\u00bb custom_height=\u00a0\u00bb30&Prime;][vc_column_text]\n<div class=\"entry-meta\">\n<p><span class=\"posted-on\"><time class=\"entry-date published updated\" datetime=\"2016-04-25T13:09:26-04:00\">25 avril 2016<\/time><\/span><\/p>\n<\/div>\n<div class=\"shapely-content \">\n<p><strong>Nom et adresse de l\u2019organisation :<\/strong> Association canadienne des libert\u00e9s civiles (ACLC), Toronto<\/p>\n<p><strong>Pour l\u2019ann\u00e9e :<\/strong> 2017-2018<\/p>\n<p><strong>Date limite pour soumettre une candidature :<\/strong> Vendredi 1 juillet 2016 \u00e0 17h00 HNE<\/p>\n<p><strong><br \/>\nDescription de l\u2019organisation et champs de pratique :<\/strong><\/p>\n<p>L\u2019Association canadienne des libert\u00e9s civiles lutte en faveur des libert\u00e9s civiles, des droits de la personne, et des droits d\u00e9mocratiques de toutes les personnes \u00e0 travers le Canada. Constitu\u00e9e en 1964, l\u2019ACLC est un organisme ind\u00e9pendant, national, et non-gouvernemental, travaillant devant les tribunaux, devant les comit\u00e9s l\u00e9gislatifs, dans les \u00e9coles, et dans les rues, afin de prot\u00e9ger les droits et libert\u00e9s ch\u00e9ris par les Canadiens et ench\u00e2ss\u00e9s dans notre Constitution. <\/p>\n<p>Les principaux objectifs de l\u2019ACLC comprennent la promotion et la protection juridique de la libert\u00e9 et de la dignit\u00e9 individuelles contre l\u2019invasion d\u00e9raisonnable par l\u2019autorit\u00e9 publique, ainsi que la protection de l\u2019\u00e9quit\u00e9 proc\u00e9durale. Les champs de pratique incluent le droit constitutionnel, p\u00e9nal et administratif, la protection de la vie priv\u00e9e, et le respect des droits de la personne. Notre travail s\u2019organise autour de plusieurs axes th\u00e9matiques, incluant :  <\/p>\n<ul>\n<li>Les droits \u00e0 l\u2019\u00e9galit\u00e9,<\/li>\n<li>Les libert\u00e9s fondamentales (libert\u00e9s de religion, d\u2019expression, de r\u00e9union pacifique et d\u2019association),<\/li>\n<li>La responsabilit\u00e9 de l\u2019\u00c9tat (incluant la responsabilit\u00e9 de la police, la surveillance et la protection de la vie priv\u00e9e, et la responsabilit\u00e9 dans le domaine de l\u2019antiterrorisme, y compris l\u2019examen et le contr\u00f4le des agences de s\u00e9curit\u00e9 nationale),<\/li>\n<li>La r\u00e9forme de la justice p\u00e9nale, et<\/li>\n<li>Les droits \u00e0 l\u2019application r\u00e9guli\u00e8re de la loi.<\/li>\n<\/ul>\n<p><strong><br \/>\nDescription des responsabilit\u00e9s :<\/strong><\/p>\n<p>Le stagiaire aura la responsabilit\u00e9 d\u2019entreprendre des recherches juridiques et acad\u00e9miques sur diverses questions li\u00e9es \u00e0 la d\u00e9fense des libert\u00e9s civiles. La recherche sera juridique, mais mettra \u00e9galement l\u2019accent sur les enjeux d\u2019actualit\u00e9, les politiques gouvernementales, et les sciences sociales. Le stagiaire fera des recherches sur des questions l\u00e9gislatives pour informer le travail de r\u00e9forme du droit, ainsi que sur des affaires potentielles, et r\u00e9digera des notes de service sur les projets susmentionn\u00e9s. Le stagiaire aidera \u00e0 l\u2019\u00e9laboration de politiques et de strat\u00e9gies de l\u2019organisation, \u00e0 la r\u00e9daction de positions de principe, et \u00e0 l\u2019\u00e9laboration de documents et de m\u00e9moires pour les commissions parlementaires et autres organismes gouvernementaux, tout sous la direction et la supervision du personnel juridique de l\u2019organisation. En g\u00e9n\u00e9ral, l\u2019ACLC travaille avec des avocats externes pour la plupart de nos litiges. Ainsi, le stagiaire pourra assister \u00e0 des audiences \u00e0 titre d\u2019observateur, mais n\u2019aura pas l\u2019opportunit\u00e9 de comparaitre au nom de l\u2019ACLC.     <\/p>\n<p>Le stagiaire dirigera la r\u00e9ponse de l\u2019ACLC aux enqu\u00eates provenant du public, traitant les demandes d\u2019individus qui sollicitent l\u2019aide de l\u2019ACLC, et supervisera les b\u00e9n\u00e9voles qui participent \u00e0 ces activit\u00e9s. Finalement, le stagiaire sera activement impliqu\u00e9 dans le programme d\u2019\u00e9ducation de l\u2019ACLC en participant \u00e0 des ateliers de libert\u00e9s civiles pour \u00e9tudiants au secondaire. <\/p>\n<p><strong><br \/>\nQualifications :<\/strong><\/p>\n<p>Les candidats doivent \u00eatre fiables, bien organis\u00e9s et motiv\u00e9s, avec un int\u00e9r\u00eat manifeste pour les libert\u00e9s civiles, les droits de la personne et les politiques publiques. De fortes comp\u00e9tences en recherche et en r\u00e9daction sont essentielles. L\u2019exp\u00e9rience professionnelle ou de b\u00e9n\u00e9volat aupr\u00e8s d\u2019autres ONG ou organismes communautaires est un atout. Bien que la principale langue de travail soit l\u2019anglais, le bilinguisme et la capacit\u00e9 \u00e0 \u00e9crire en fran\u00e7ais sont \u00e9galement des atouts. L\u2019ACLC est une organisation qui soutient l\u2019\u00e9galit\u00e9 des chances et la diversit\u00e9 et l\u2019inclusion dans ses pratiques d\u2019embauche.    <\/p>\n<p><strong><br \/>\nR\u00e9mun\u00e9ration : <\/strong>Salaire (51 000 $) + avantages + frais d\u2019admission au Barreau<\/p>\n<p><strong><br \/>\nLa demande doit inclure les \u00e9l\u00e9ments suivants :<\/strong><\/p>\n<ul>\n<li>Curriculum vitae<\/li>\n<li>Lettre de motivation<\/li>\n<li>Relev\u00e9 de notes du premier cycle (photocopie du relev\u00e9 officiel)<\/li>\n<li>Relev\u00e9 de notes en droit (photocopie du relev\u00e9 officiel)<\/li>\n<li>Lettre(s) de r\u00e9f\u00e9rence (au moins une lettre, au maximum deux)<\/li>\n<\/ul>\n<p>Les candidats invit\u00e9s \u00e0 passer une entrevue pourraient \u00eatre demand\u00e9s d\u2019apporter un court exemple de r\u00e9daction juridique. Cependant, les exemples de r\u00e9daction soumis avec les demandes ne seront pas examin\u00e9s. <\/p>\n<p><strong><br \/>\nVeuillez envoyer vos demandes d\u00fbment remplies \u00e0 :<\/strong><\/p>\n<p>Cara Zwibel<br \/>\nDemandes de stage<br \/>\nAssociation canadienne des libert\u00e9s civiles<br \/>\n90, avenue Eglinton E, bureau 900<br \/>\nToronto ON M4P 2Y3<\/p>\n<p>Courriel : articling@ccla.org (ligne d\u2019objet : \u00ab Demande de stage 2017-2018 \u00bb)<br \/>\n T\u00e9l\u00e9copieur : 416-861-1291<\/p>\n<p>Les demandes seront accept\u00e9es par t\u00e9l\u00e9copieur, par courrier ou (de pr\u00e9f\u00e9rence) par courriel.<\/p>\n<p><strong><br \/>\nBien que nous remerciions tous les candidats, en raison du volume important de demandes re\u00e7ues, seules les personnes s\u00e9lectionn\u00e9es pour une entrevue seront contact\u00e9es. Si vous avez des questions concernant le processus de demande, contactez Cara Zwibel \u00e0 czwibel@ccla.org. <\/strong><\/p>\n<p><strong>Les appels concernant les entrevues commenceront le vendredi 15 juillet 2016 (8h00 HNE). Les entrevues seront tenues \u00e0 partir de la semaine du 8 ao\u00fbt 2016. Les offres ne seront pas transmises avant le 11 ao\u00fbt 2016 \u00e0 8h00 HNE.  <\/strong><\/p>\n<p>Veuillez noter que les demandes peuvent \u00eatre partag\u00e9es avec Pro Bono Students Canada, qui administre ces bourses pour la Fondation du droit de l\u2019Ontario, \u00e0 des fins d\u2019analyse statistique et de r\u00e9troaction. Les candidats peuvent \u00eatre contact\u00e9s pour peaufiner la compr\u00e9hension de la port\u00e9e du programme et aider \u00e0 identifier des zones qui pourraient \u00eatre am\u00e9lior\u00e9es. <\/p>\n<p>Cette position a \u00e9t\u00e9 mise \u00e0 disposition par la Fondation du droit de l\u2019Ontario, programme de stages d\u2019int\u00e9r\u00eat public.<\/p>\n<\/div>\n[\/vc_column_text][\/vc_column][\/vc_row][vc_row type=\u00a0\u00bbin_container\u00a0\u00bb full_screen_row_position=\u00a0\u00bbmiddle\u00a0\u00bb column_margin=\u00a0\u00bbdefault\u00a0\u00bb column_direction=\u00a0\u00bbdefault\u00a0\u00bb column_direction_tablet=\u00a0\u00bbdefault\u00a0\u00bb column_direction_phone=\u00a0\u00bbdefault\u00a0\u00bb scene_position=\u00a0\u00bbcenter\u00a0\u00bb text_color=\u00a0\u00bbdark\u00a0\u00bb text_align=\u00a0\u00bbleft\u00a0\u00bb row_border_radius=\u00a0\u00bbnone\u00a0\u00bb row_border_radius_applies=\u00a0\u00bbbg\u00a0\u00bb overlay_strength=\u00a0\u00bb0.3&Prime; gradient_direction=\u00a0\u00bbleft_to_right\u00a0\u00bb shape_divider_position=\u00a0\u00bbbottom\u00a0\u00bb bg_image_animation=\u00a0\u00bbnone\u00a0\u00bb][vc_column column_padding=\u00a0\u00bbno-extra-padding\u00a0\u00bb column_padding_tablet=\u00a0\u00bbinherit\u00a0\u00bb column_padding_phone=\u00a0\u00bbinherit\u00a0\u00bb column_padding_position=\u00a0\u00bball\u00a0\u00bb column_element_spacing=\u00a0\u00bbdefault\u00a0\u00bb background_color_opacity=\u00a0\u00bb1&Prime; background_hover_color_opacity=\u00a0\u00bb1&Prime; column_shadow=\u00a0\u00bbnone\u00a0\u00bb column_border_radius=\u00a0\u00bbnone\u00a0\u00bb column_link_target=\u00a0\u00bb_self\u00a0\u00bb gradient_direction=\u00a0\u00bbleft_to_right\u00a0\u00bb overlay_strength=\u00a0\u00bb0.3&Prime; width=\u00a0\u00bb1\/1&Prime; tablet_width_inherit=\u00a0\u00bbdefault\u00a0\u00bb tablet_text_alignment=\u00a0\u00bbdefault\u00a0\u00bb phone_text_alignment=\u00a0\u00bbdefault\u00a0\u00bb bg_image_animation=\u00a0\u00bbnone\u00a0\u00bb border_type=\u00a0\u00bbsimple\u00a0\u00bb column_border_width=\u00a0\u00bbnone\u00a0\u00bb column_border_style=\u00a0\u00bbsolid\u00a0\u00bb][nectar_global_section id=\u00a0\u00bb1461&Prime;][\/vc_column][\/vc_row]\n","protected":false},"excerpt":{"rendered":"<p>L\u2019Association canadienne des libert\u00e9s civiles (CCLA) contestera l\u2019injonction exceptionnellement large du gouvernement de la Nouvelle-\u00c9cosse limitant les manifestations dans la province.<\/p>\n","protected":false},"author":4,"featured_media":13727,"comment_status":"closed","ping_status":"closed","sticky":false,"template":"","format":"standard","meta":{"footnotes":""},"categories":[254],"tags":[],"class_list":{"0":"post-16349","1":"post","2":"type-post","3":"status-publish","4":"format-standard","5":"has-post-thumbnail","7":"category-non-classe"},"yoast_head":"<!-- This site is optimized with the Yoast SEO plugin v27.4 - https:\/\/yoast.com\/product\/yoast-seo-wordpress\/ -->\n<title>Poste de stagiaire en droit 2017-2018 - CCLA<\/title>\n<meta name=\"robots\" content=\"noindex, follow, max-snippet:-1, max-image-preview:large, max-video-preview:-1\" \/>\n<meta property=\"og:locale\" content=\"fr_CA\" \/>\n<meta property=\"og:type\" content=\"article\" \/>\n<meta property=\"og:title\" content=\"Poste de stagiaire en droit 2017-2018 - CCLA\" \/>\n<meta property=\"og:description\" content=\"L\u2019Association canadienne des libert\u00e9s civiles (CCLA) contestera l\u2019injonction exceptionnellement large du gouvernement de la Nouvelle-\u00c9cosse limitant les manifestations dans la province.\" \/>\n<meta property=\"og:url\" content=\"https:\/\/dev.ccla.org\/fr\/non-classe\/poste-de-stagiaire-en-droit-2017-2018\/\" \/>\n<meta property=\"og:site_name\" content=\"CCLA\" \/>\n<meta property=\"article:published_time\" content=\"2016-04-26T02:18:14+00:00\" \/>\n<meta property=\"article:modified_time\" content=\"2026-04-23T18:40:18+00:00\" \/>\n<meta property=\"og:image\" content=\"https:\/\/dev.ccla.org\/wp-content\/uploads\/2021\/06\/CCCL_general_crowd_2000x800.jpg\" \/>\n\t<meta property=\"og:image:width\" content=\"2000\" \/>\n\t<meta property=\"og:image:height\" content=\"800\" \/>\n\t<meta property=\"og:image:type\" content=\"image\/jpeg\" \/>\n<meta name=\"author\" content=\"CCLA\" \/>\n<meta name=\"twitter:card\" content=\"summary_large_image\" \/>\n<meta name=\"twitter:label1\" content=\"\u00c9crit par\" \/>\n\t<meta name=\"twitter:data1\" content=\"CCLA\" \/>\n\t<meta name=\"twitter:label2\" content=\"Estimation du temps de lecture\" \/>\n\t<meta name=\"twitter:data2\" content=\"7 minutes\" \/>\n<script type=\"application\/ld+json\" class=\"yoast-schema-graph\">{\"@context\":\"https:\\\/\\\/schema.org\",\"@graph\":[{\"@type\":\"Article\",\"@id\":\"https:\\\/\\\/dev.ccla.org\\\/fr\\\/non-classe\\\/poste-de-stagiaire-en-droit-2017-2018\\\/#article\",\"isPartOf\":{\"@id\":\"https:\\\/\\\/dev.ccla.org\\\/fr\\\/non-classe\\\/poste-de-stagiaire-en-droit-2017-2018\\\/\"},\"author\":{\"name\":\"CCLA\",\"@id\":\"https:\\\/\\\/dev.ccla.org\\\/fr\\\/#\\\/schema\\\/person\\\/e48728d4a52926205e807fd8c52bf3b0\"},\"headline\":\"Poste de stagiaire en droit 2017-2018\",\"datePublished\":\"2016-04-26T02:18:14+00:00\",\"dateModified\":\"2026-04-23T18:40:18+00:00\",\"mainEntityOfPage\":{\"@id\":\"https:\\\/\\\/dev.ccla.org\\\/fr\\\/non-classe\\\/poste-de-stagiaire-en-droit-2017-2018\\\/\"},\"wordCount\":1390,\"image\":{\"@id\":\"https:\\\/\\\/dev.ccla.org\\\/fr\\\/non-classe\\\/poste-de-stagiaire-en-droit-2017-2018\\\/#primaryimage\"},\"thumbnailUrl\":\"https:\\\/\\\/dev.ccla.org\\\/wp-content\\\/uploads\\\/2021\\\/06\\\/CCCL_general_crowd_2000x800.jpg\",\"inLanguage\":\"fr-CA\"},{\"@type\":\"WebPage\",\"@id\":\"https:\\\/\\\/dev.ccla.org\\\/fr\\\/non-classe\\\/poste-de-stagiaire-en-droit-2017-2018\\\/\",\"url\":\"https:\\\/\\\/dev.ccla.org\\\/fr\\\/non-classe\\\/poste-de-stagiaire-en-droit-2017-2018\\\/\",\"name\":\"Poste de stagiaire en droit 2017-2018 - CCLA\",\"isPartOf\":{\"@id\":\"https:\\\/\\\/dev.ccla.org\\\/fr\\\/#website\"},\"primaryImageOfPage\":{\"@id\":\"https:\\\/\\\/dev.ccla.org\\\/fr\\\/non-classe\\\/poste-de-stagiaire-en-droit-2017-2018\\\/#primaryimage\"},\"image\":{\"@id\":\"https:\\\/\\\/dev.ccla.org\\\/fr\\\/non-classe\\\/poste-de-stagiaire-en-droit-2017-2018\\\/#primaryimage\"},\"thumbnailUrl\":\"https:\\\/\\\/dev.ccla.org\\\/wp-content\\\/uploads\\\/2021\\\/06\\\/CCCL_general_crowd_2000x800.jpg\",\"datePublished\":\"2016-04-26T02:18:14+00:00\",\"dateModified\":\"2026-04-23T18:40:18+00:00\",\"author\":{\"@id\":\"https:\\\/\\\/dev.ccla.org\\\/fr\\\/#\\\/schema\\\/person\\\/e48728d4a52926205e807fd8c52bf3b0\"},\"breadcrumb\":{\"@id\":\"https:\\\/\\\/dev.ccla.org\\\/fr\\\/non-classe\\\/poste-de-stagiaire-en-droit-2017-2018\\\/#breadcrumb\"},\"inLanguage\":\"fr-CA\",\"potentialAction\":[{\"@type\":\"ReadAction\",\"target\":[\"https:\\\/\\\/dev.ccla.org\\\/fr\\\/non-classe\\\/poste-de-stagiaire-en-droit-2017-2018\\\/\"]}]},{\"@type\":\"ImageObject\",\"inLanguage\":\"fr-CA\",\"@id\":\"https:\\\/\\\/dev.ccla.org\\\/fr\\\/non-classe\\\/poste-de-stagiaire-en-droit-2017-2018\\\/#primaryimage\",\"url\":\"https:\\\/\\\/dev.ccla.org\\\/wp-content\\\/uploads\\\/2021\\\/06\\\/CCCL_general_crowd_2000x800.jpg\",\"contentUrl\":\"https:\\\/\\\/dev.ccla.org\\\/wp-content\\\/uploads\\\/2021\\\/06\\\/CCCL_general_crowd_2000x800.jpg\",\"width\":2000,\"height\":800},{\"@type\":\"BreadcrumbList\",\"@id\":\"https:\\\/\\\/dev.ccla.org\\\/fr\\\/non-classe\\\/poste-de-stagiaire-en-droit-2017-2018\\\/#breadcrumb\",\"itemListElement\":[{\"@type\":\"ListItem\",\"position\":1,\"name\":\"Home\",\"item\":\"https:\\\/\\\/dev.ccla.org\\\/fr\\\/accueil\\\/\"},{\"@type\":\"ListItem\",\"position\":2,\"name\":\"Non class\u00e9\",\"item\":\"https:\\\/\\\/dev.ccla.org\\\/fr\\\/category\\\/non-classe\\\/\"},{\"@type\":\"ListItem\",\"position\":3,\"name\":\"Poste de stagiaire en droit 2017-2018\"}]},{\"@type\":\"WebSite\",\"@id\":\"https:\\\/\\\/dev.ccla.org\\\/fr\\\/#website\",\"url\":\"https:\\\/\\\/dev.ccla.org\\\/fr\\\/\",\"name\":\"CCLA\",\"description\":\"\",\"potentialAction\":[{\"@type\":\"SearchAction\",\"target\":{\"@type\":\"EntryPoint\",\"urlTemplate\":\"https:\\\/\\\/dev.ccla.org\\\/fr\\\/?s={search_term_string}\"},\"query-input\":{\"@type\":\"PropertyValueSpecification\",\"valueRequired\":true,\"valueName\":\"search_term_string\"}}],\"inLanguage\":\"fr-CA\"},{\"@type\":\"Person\",\"@id\":\"https:\\\/\\\/dev.ccla.org\\\/fr\\\/#\\\/schema\\\/person\\\/e48728d4a52926205e807fd8c52bf3b0\",\"name\":\"CCLA\",\"image\":{\"@type\":\"ImageObject\",\"inLanguage\":\"fr-CA\",\"@id\":\"https:\\\/\\\/secure.gravatar.com\\\/avatar\\\/03b13921772ba279da547407d7a85f0b4a10bdf8cc9a026f2ac4e10643eee315?s=96&d=blank&r=g\",\"url\":\"https:\\\/\\\/secure.gravatar.com\\\/avatar\\\/03b13921772ba279da547407d7a85f0b4a10bdf8cc9a026f2ac4e10643eee315?s=96&d=blank&r=g\",\"contentUrl\":\"https:\\\/\\\/secure.gravatar.com\\\/avatar\\\/03b13921772ba279da547407d7a85f0b4a10bdf8cc9a026f2ac4e10643eee315?s=96&d=blank&r=g\",\"caption\":\"CCLA\"},\"url\":\"https:\\\/\\\/dev.ccla.org\\\/fr\\\/author\\\/ccla\\\/\"}]}<\/script>\n<!-- \/ Yoast SEO plugin. -->","yoast_head_json":{"title":"Poste de stagiaire en droit 2017-2018 - CCLA","robots":{"index":"noindex","follow":"follow","max-snippet":"max-snippet:-1","max-image-preview":"max-image-preview:large","max-video-preview":"max-video-preview:-1"},"og_locale":"fr_CA","og_type":"article","og_title":"Poste de stagiaire en droit 2017-2018 - CCLA","og_description":"L\u2019Association canadienne des libert\u00e9s civiles (CCLA) contestera l\u2019injonction exceptionnellement large du gouvernement de la Nouvelle-\u00c9cosse limitant les manifestations dans la province.","og_url":"https:\/\/dev.ccla.org\/fr\/non-classe\/poste-de-stagiaire-en-droit-2017-2018\/","og_site_name":"CCLA","article_published_time":"2016-04-26T02:18:14+00:00","article_modified_time":"2026-04-23T18:40:18+00:00","og_image":[{"width":2000,"height":800,"url":"https:\/\/dev.ccla.org\/wp-content\/uploads\/2021\/06\/CCCL_general_crowd_2000x800.jpg","type":"image\/jpeg"}],"author":"CCLA","twitter_card":"summary_large_image","twitter_misc":{"\u00c9crit par":"CCLA","Estimation du temps de lecture":"7 minutes"},"schema":{"@context":"https:\/\/schema.org","@graph":[{"@type":"Article","@id":"https:\/\/dev.ccla.org\/fr\/non-classe\/poste-de-stagiaire-en-droit-2017-2018\/#article","isPartOf":{"@id":"https:\/\/dev.ccla.org\/fr\/non-classe\/poste-de-stagiaire-en-droit-2017-2018\/"},"author":{"name":"CCLA","@id":"https:\/\/dev.ccla.org\/fr\/#\/schema\/person\/e48728d4a52926205e807fd8c52bf3b0"},"headline":"Poste de stagiaire en droit 2017-2018","datePublished":"2016-04-26T02:18:14+00:00","dateModified":"2026-04-23T18:40:18+00:00","mainEntityOfPage":{"@id":"https:\/\/dev.ccla.org\/fr\/non-classe\/poste-de-stagiaire-en-droit-2017-2018\/"},"wordCount":1390,"image":{"@id":"https:\/\/dev.ccla.org\/fr\/non-classe\/poste-de-stagiaire-en-droit-2017-2018\/#primaryimage"},"thumbnailUrl":"https:\/\/dev.ccla.org\/wp-content\/uploads\/2021\/06\/CCCL_general_crowd_2000x800.jpg","inLanguage":"fr-CA"},{"@type":"WebPage","@id":"https:\/\/dev.ccla.org\/fr\/non-classe\/poste-de-stagiaire-en-droit-2017-2018\/","url":"https:\/\/dev.ccla.org\/fr\/non-classe\/poste-de-stagiaire-en-droit-2017-2018\/","name":"Poste de stagiaire en droit 2017-2018 - CCLA","isPartOf":{"@id":"https:\/\/dev.ccla.org\/fr\/#website"},"primaryImageOfPage":{"@id":"https:\/\/dev.ccla.org\/fr\/non-classe\/poste-de-stagiaire-en-droit-2017-2018\/#primaryimage"},"image":{"@id":"https:\/\/dev.ccla.org\/fr\/non-classe\/poste-de-stagiaire-en-droit-2017-2018\/#primaryimage"},"thumbnailUrl":"https:\/\/dev.ccla.org\/wp-content\/uploads\/2021\/06\/CCCL_general_crowd_2000x800.jpg","datePublished":"2016-04-26T02:18:14+00:00","dateModified":"2026-04-23T18:40:18+00:00","author":{"@id":"https:\/\/dev.ccla.org\/fr\/#\/schema\/person\/e48728d4a52926205e807fd8c52bf3b0"},"breadcrumb":{"@id":"https:\/\/dev.ccla.org\/fr\/non-classe\/poste-de-stagiaire-en-droit-2017-2018\/#breadcrumb"},"inLanguage":"fr-CA","potentialAction":[{"@type":"ReadAction","target":["https:\/\/dev.ccla.org\/fr\/non-classe\/poste-de-stagiaire-en-droit-2017-2018\/"]}]},{"@type":"ImageObject","inLanguage":"fr-CA","@id":"https:\/\/dev.ccla.org\/fr\/non-classe\/poste-de-stagiaire-en-droit-2017-2018\/#primaryimage","url":"https:\/\/dev.ccla.org\/wp-content\/uploads\/2021\/06\/CCCL_general_crowd_2000x800.jpg","contentUrl":"https:\/\/dev.ccla.org\/wp-content\/uploads\/2021\/06\/CCCL_general_crowd_2000x800.jpg","width":2000,"height":800},{"@type":"BreadcrumbList","@id":"https:\/\/dev.ccla.org\/fr\/non-classe\/poste-de-stagiaire-en-droit-2017-2018\/#breadcrumb","itemListElement":[{"@type":"ListItem","position":1,"name":"Home","item":"https:\/\/dev.ccla.org\/fr\/accueil\/"},{"@type":"ListItem","position":2,"name":"Non class\u00e9","item":"https:\/\/dev.ccla.org\/fr\/category\/non-classe\/"},{"@type":"ListItem","position":3,"name":"Poste de stagiaire en droit 2017-2018"}]},{"@type":"WebSite","@id":"https:\/\/dev.ccla.org\/fr\/#website","url":"https:\/\/dev.ccla.org\/fr\/","name":"CCLA","description":"","potentialAction":[{"@type":"SearchAction","target":{"@type":"EntryPoint","urlTemplate":"https:\/\/dev.ccla.org\/fr\/?s={search_term_string}"},"query-input":{"@type":"PropertyValueSpecification","valueRequired":true,"valueName":"search_term_string"}}],"inLanguage":"fr-CA"},{"@type":"Person","@id":"https:\/\/dev.ccla.org\/fr\/#\/schema\/person\/e48728d4a52926205e807fd8c52bf3b0","name":"CCLA","image":{"@type":"ImageObject","inLanguage":"fr-CA","@id":"https:\/\/secure.gravatar.com\/avatar\/03b13921772ba279da547407d7a85f0b4a10bdf8cc9a026f2ac4e10643eee315?s=96&d=blank&r=g","url":"https:\/\/secure.gravatar.com\/avatar\/03b13921772ba279da547407d7a85f0b4a10bdf8cc9a026f2ac4e10643eee315?s=96&d=blank&r=g","contentUrl":"https:\/\/secure.gravatar.com\/avatar\/03b13921772ba279da547407d7a85f0b4a10bdf8cc9a026f2ac4e10643eee315?s=96&d=blank&r=g","caption":"CCLA"},"url":"https:\/\/dev.ccla.org\/fr\/author\/ccla\/"}]}},"_links":{"self":[{"href":"https:\/\/dev.ccla.org\/fr\/wp-json\/wp\/v2\/posts\/16349","targetHints":{"allow":["GET"]}}],"collection":[{"href":"https:\/\/dev.ccla.org\/fr\/wp-json\/wp\/v2\/posts"}],"about":[{"href":"https:\/\/dev.ccla.org\/fr\/wp-json\/wp\/v2\/types\/post"}],"author":[{"embeddable":true,"href":"https:\/\/dev.ccla.org\/fr\/wp-json\/wp\/v2\/users\/4"}],"replies":[{"embeddable":true,"href":"https:\/\/dev.ccla.org\/fr\/wp-json\/wp\/v2\/comments?post=16349"}],"version-history":[{"count":1,"href":"https:\/\/dev.ccla.org\/fr\/wp-json\/wp\/v2\/posts\/16349\/revisions"}],"predecessor-version":[{"id":16353,"href":"https:\/\/dev.ccla.org\/fr\/wp-json\/wp\/v2\/posts\/16349\/revisions\/16353"}],"wp:featuredmedia":[{"embeddable":true,"href":"https:\/\/dev.ccla.org\/fr\/wp-json\/wp\/v2\/media\/13727"}],"wp:attachment":[{"href":"https:\/\/dev.ccla.org\/fr\/wp-json\/wp\/v2\/media?parent=16349"}],"wp:term":[{"taxonomy":"category","embeddable":true,"href":"https:\/\/dev.ccla.org\/fr\/wp-json\/wp\/v2\/categories?post=16349"},{"taxonomy":"post_tag","embeddable":true,"href":"https:\/\/dev.ccla.org\/fr\/wp-json\/wp\/v2\/tags?post=16349"}],"curies":[{"name":"wp","href":"https:\/\/api.w.org\/{rel}","templated":true}]}}