{"id":16344,"date":"2016-03-02T22:29:54","date_gmt":"2016-03-03T03:29:54","guid":{"rendered":"https:\/\/dev.ccla.org\/non-classe\/laffaire-schmidt-demontre-des-normes-de-protection-des-droits-plus-elevees-necessaires-dans\/"},"modified":"2026-04-23T14:40:17","modified_gmt":"2026-04-23T18:40:17","slug":"laffaire-schmidt-demontre-des-normes-de-protection-des-droits-plus-elevees-necessaires-dans","status":"publish","type":"post","link":"https:\/\/dev.ccla.org\/fr\/libertes-fondamentales\/laffaire-schmidt-demontre-des-normes-de-protection-des-droits-plus-elevees-necessaires-dans\/","title":{"rendered":"L\u2019affaire Schmidt d\u00e9montre des normes de protection des droits plus \u00e9lev\u00e9es n\u00e9cessaires dans&#8230;"},"content":{"rendered":"[vc_row type=\u00a0\u00bbin_container\u00a0\u00bb full_screen_row_position=\u00a0\u00bbmiddle\u00a0\u00bb column_margin=\u00a0\u00bbdefault\u00a0\u00bb column_direction=\u00a0\u00bbdefault\u00a0\u00bb column_direction_tablet=\u00a0\u00bbdefault\u00a0\u00bb column_direction_phone=\u00a0\u00bbdefault\u00a0\u00bb scene_position=\u00a0\u00bbcenter\u00a0\u00bb text_color=\u00a0\u00bbdark\u00a0\u00bb text_align=\u00a0\u00bbleft\u00a0\u00bb row_border_radius=\u00a0\u00bbnone\u00a0\u00bb row_border_radius_applies=\u00a0\u00bbbg\u00a0\u00bb overlay_strength=\u00a0\u00bb0.3&Prime; gradient_direction=\u00a0\u00bbleft_to_right\u00a0\u00bb shape_divider_position=\u00a0\u00bbbottom\u00a0\u00bb bg_image_animation=\u00a0\u00bbnone\u00a0\u00bb][vc_column column_padding=\u00a0\u00bbno-extra-padding\u00a0\u00bb column_padding_tablet=\u00a0\u00bbinherit\u00a0\u00bb column_padding_phone=\u00a0\u00bbinherit\u00a0\u00bb column_padding_position=\u00a0\u00bball\u00a0\u00bb column_element_spacing=\u00a0\u00bbdefault\u00a0\u00bb background_color_opacity=\u00a0\u00bb1&Prime; background_hover_color_opacity=\u00a0\u00bb1&Prime; column_shadow=\u00a0\u00bbnone\u00a0\u00bb column_border_radius=\u00a0\u00bbnone\u00a0\u00bb column_link_target=\u00a0\u00bb_self\u00a0\u00bb gradient_direction=\u00a0\u00bbleft_to_right\u00a0\u00bb overlay_strength=\u00a0\u00bb0.3&Prime; width=\u00a0\u00bb1\/1&Prime; tablet_width_inherit=\u00a0\u00bbdefault\u00a0\u00bb tablet_text_alignment=\u00a0\u00bbdefault\u00a0\u00bb phone_text_alignment=\u00a0\u00bbdefault\u00a0\u00bb bg_image_animation=\u00a0\u00bbnone\u00a0\u00bb border_type=\u00a0\u00bbsimple\u00a0\u00bb column_border_width=\u00a0\u00bbnone\u00a0\u00bb column_border_style=\u00a0\u00bbsolid\u00a0\u00bb][nectar_global_section id=\u00a0\u00bb1355&Prime;][\/vc_column][\/vc_row][vc_row type=\u00a0\u00bbfull_width_background\u00a0\u00bb full_screen_row_position=\u00a0\u00bbmiddle\u00a0\u00bb column_margin=\u00a0\u00bbdefault\u00a0\u00bb column_direction=\u00a0\u00bbdefault\u00a0\u00bb column_direction_tablet=\u00a0\u00bbdefault\u00a0\u00bb column_direction_phone=\u00a0\u00bbdefault\u00a0\u00bb scene_position=\u00a0\u00bbcenter\u00a0\u00bb top_padding=\u00a0\u00bb4%\u00a0\u00bb constrain_group_1=\u00a0\u00bbyes\u00a0\u00bb bottom_padding=\u00a0\u00bb4%\u00a0\u00bb text_color=\u00a0\u00bbdark\u00a0\u00bb text_align=\u00a0\u00bbleft\u00a0\u00bb row_border_radius=\u00a0\u00bbnone\u00a0\u00bb row_border_radius_applies=\u00a0\u00bbbg\u00a0\u00bb class=\u00a0\u00bbpost-links\u00a0\u00bb overlay_strength=\u00a0\u00bb0.3&Prime; gradient_direction=\u00a0\u00bbleft_to_right\u00a0\u00bb shape_divider_position=\u00a0\u00bbbottom\u00a0\u00bb bg_image_animation=\u00a0\u00bbnone\u00a0\u00bb shape_type=\u00a0\u00bb\u00a0\u00bb][vc_column column_padding=\u00a0\u00bbno-extra-padding\u00a0\u00bb column_padding_tablet=\u00a0\u00bbinherit\u00a0\u00bb column_padding_phone=\u00a0\u00bbinherit\u00a0\u00bb column_padding_position=\u00a0\u00bball\u00a0\u00bb column_element_spacing=\u00a0\u00bbdefault\u00a0\u00bb background_color_opacity=\u00a0\u00bb1&Prime; background_hover_color_opacity=\u00a0\u00bb1&Prime; column_shadow=\u00a0\u00bbnone\u00a0\u00bb column_border_radius=\u00a0\u00bbnone\u00a0\u00bb column_link_target=\u00a0\u00bb_self\u00a0\u00bb gradient_direction=\u00a0\u00bbleft_to_right\u00a0\u00bb overlay_strength=\u00a0\u00bb0.3&Prime; width=\u00a0\u00bb1\/1&Prime; tablet_width_inherit=\u00a0\u00bbdefault\u00a0\u00bb tablet_text_alignment=\u00a0\u00bbdefault\u00a0\u00bb phone_text_alignment=\u00a0\u00bbdefault\u00a0\u00bb bg_image_animation=\u00a0\u00bbnone\u00a0\u00bb border_type=\u00a0\u00bbsimple\u00a0\u00bb column_border_width=\u00a0\u00bbnone\u00a0\u00bb column_border_style=\u00a0\u00bbsolid\u00a0\u00bb][divider line_type=\u00a0\u00bbNo Line\u00a0\u00bb custom_height=\u00a0\u00bb30&Prime;][vc_column_text]\n<div class=\"entry-meta\">\n<p><span class=\"posted-on\"><time class=\"entry-date published\" datetime=\"2016-03-02T16:13:02-05:00\">2 mars 2016<\/time><\/span><\/p>\n<\/div>\n<div class=\"shapely-content \">\n<p class=\"p1\"><span class=\"s1\">La CCLA est d\u00e9\u00e7ue de la d\u00e9cision d\u2019aujourd\u2019hui de la Cour f\u00e9d\u00e9rale du Canada dans <em>l\u2019affaire Schmidt c. Procureur g\u00e9n\u00e9ral du Canada<\/em>. La d\u00e9cision <\/span><span class=\"s2\">a confirm\u00e9 que le ministre de la Justice n\u2019a qu\u2019\u00e0 faire rapport au Parlement concernant les incoh\u00e9rences entre un projet de loi propos\u00e9 et la Charte des droits et libert\u00e9s que lorsqu\u2019il n\u2019existe <\/span><span class=\"s3\">aucun argument cr\u00e9dible<\/span><span class=\"s2\"> en faveur de la r\u00e9ussite du test de la Charte. Comme nous l\u2019avons soutenu, cette norme est tout simplement beaucoup trop basse, car aucun rapport de ce type n\u2019a jamais \u00e9t\u00e9 pr\u00e9sent\u00e9 au Parlement. <\/span> <\/p>\n<p class=\"p3\"><span class=\"s2\">Cependant, nous reconnaissons que la Cour a \u00e9t\u00e9 limit\u00e9e dans les preuves devant elle. Elle ne s\u2019est pench\u00e9e que sur les lois qui d\u00e9finissent l\u2019obligation du ministre et, en raison du secret professionnel avocat-client, elle n\u2019a pas pu examiner comment cette norme a \u00e9t\u00e9 appliqu\u00e9e \u2014 m\u00eame si nous savons que des lois au statut constitutionnel tr\u00e8s discutable ont \u00e9t\u00e9 introduites et adopt\u00e9es ces derni\u00e8res ann\u00e9es.   <\/span><\/p>\n<p class=\"p3\"><span class=\"s2\">Bien que la d\u00e9cision de la Cour n\u2019oblige pas la ministre de la Justice \u00e0 changer la fa\u00e7on dont elle interpr\u00e8te son obligation de rapporter les incoh\u00e9rences de la Charte au Parlement, il y a des d\u00e9clarations dans la d\u00e9cision qui reconnaissent les difficult\u00e9s li\u00e9es \u00e0 la norme existante. En particulier, la Cour d\u00e9clare : \u00ab Il ne fait aucun doute que le m\u00e9canisme de signalement est faible, mais je ne peux pas y interpr\u00e9ter plus que ce que pr\u00e9voit la l\u00e9gislation. \u00bb <\/span><\/p>\n<p class=\"p3\"><span class=\"s2\">La d\u00e9cision de la Cour souligne la n\u00e9cessit\u00e9 d\u2019une r\u00e9forme si nous voulons que les parlementaires puissent \u00e9valuer v\u00e9ritablement et de mani\u00e8re significative les implications constitutionnelles des lois qu\u2019ils adoptent, et si nous voulons que le Parlement puisse tenir le gouvernement responsable des lois qu\u2019il adopte. Comme l\u2019a not\u00e9 la Cour : \u00ab Un changement l\u00e9gislatif est n\u00e9cessaire si nous jugeons n\u00e9cessaire de r\u00e9former le syst\u00e8me actuel&#8230; S\u2019il y a une volont\u00e9 politique de modifier l\u2019\u00e9quilibre que le Canada a choisi d\u2019atteindre, c\u2019est aux processus politiques et l\u00e9gislatifs appropri\u00e9s d\u2019y parvenir. \u00bb   <\/span><\/p>\n<p class=\"p4\"><span class=\"s2\">C\u2019est pourquoi la CCLA a lanc\u00e9 la <strong><a href=\"\/?page_id=25330\" target=\"_blank\" rel=\"noopener\">campagne #CharterFirst<\/a><\/strong>. Dans le cadre de la campagne, la CCLA explore des options et consulte des experts pour \u00e9laborer des recommandations pour le ministre de la Justice. L\u2019objectif est de s\u2019assurer que le Parlement, et les Canadiens, re\u00e7oivent r\u00e9guli\u00e8rement des informations sur le degr\u00e9 de conformit\u00e9 des projets de loi propos\u00e9s \u00e0 la Charte et que le gouvernement soit tenu responsable des questions relatives \u00e0 la Charte. Des centaines de Canadiens se sont d\u00e9j\u00e0 engag\u00e9s \u00e0 soutenir la campagne, et vous pouvez vous joindre \u00e0 nous aussi!     <\/span><\/p>\n<p class=\"p3\"><span class=\"s2\">L\u2019affaire a \u00e9t\u00e9 port\u00e9e par Edgar Schmidt, un ancien avocat du minist\u00e8re de la Justice, qui affirme que de s\u00e9rieuses pr\u00e9occupations concernant la conformit\u00e9 \u00e0 la Charte ont \u00e9t\u00e9 syst\u00e9matiquement ignor\u00e9es par ses anciens sup\u00e9rieurs, y compris le ministre de la Justice. La CCLA est intervenue dans l\u2019affaire pour soutenir que le gouvernement a la responsabilit\u00e9 de s\u2019assurer que les lois propos\u00e9es respectent la Charte et que le ministre a l\u2019obligation de signaler au Parlement et, par cons\u00e9quent, aux Canadiens des pr\u00e9occupations s\u00e9rieuses concernant la constitutionnalit\u00e9.   <\/span><\/p>\n<p class=\"p2\"><strong><span class=\"s2\">&gt;&gt; <a href=\"\/?page_id=25330\" target=\"_blank\" rel=\"noopener\">Joignez-vous \u00e0 la campagne Charter First de la CCLA<\/a><\/span><\/strong><\/p>\n<p class=\"p5\"><strong><span class=\"s2\">&gt;&gt; <a href=\"http:\/\/cas-cdc-www02.cas-satj.gc.ca\/rss\/T-2225-12_20160302_JR_E_O_OTT_20160302095445_NSI_2016_FC_269.pdf\" target=\"_blank\" rel=\"noopener\">Jugement de la Cour f\u00e9d\u00e9rale dans l\u2019affaire Schmidt c. Procureur g\u00e9n\u00e9ral du Canada<\/a><\/span><\/strong><\/p>\n<p class=\"p2\"><strong><span class=\"s2\">&gt;&gt; <a href=\"https:\/\/dev.ccla.org\/wp-content\/uploads\/2021\/06\/2015-09-01-Factum-Schmidt.pdf\" target=\"_blank\" rel=\"noopener\">Lisez le fait soumis par la CCLA sur cette affaire<\/a><\/span><\/strong><\/p>\n<\/div>\n[\/vc_column_text][\/vc_column][\/vc_row][vc_row type=\u00a0\u00bbin_container\u00a0\u00bb full_screen_row_position=\u00a0\u00bbmiddle\u00a0\u00bb column_margin=\u00a0\u00bbdefault\u00a0\u00bb column_direction=\u00a0\u00bbdefault\u00a0\u00bb column_direction_tablet=\u00a0\u00bbdefault\u00a0\u00bb column_direction_phone=\u00a0\u00bbdefault\u00a0\u00bb scene_position=\u00a0\u00bbcenter\u00a0\u00bb text_color=\u00a0\u00bbdark\u00a0\u00bb text_align=\u00a0\u00bbleft\u00a0\u00bb row_border_radius=\u00a0\u00bbnone\u00a0\u00bb row_border_radius_applies=\u00a0\u00bbbg\u00a0\u00bb overlay_strength=\u00a0\u00bb0.3&Prime; gradient_direction=\u00a0\u00bbleft_to_right\u00a0\u00bb shape_divider_position=\u00a0\u00bbbottom\u00a0\u00bb bg_image_animation=\u00a0\u00bbnone\u00a0\u00bb][vc_column column_padding=\u00a0\u00bbno-extra-padding\u00a0\u00bb column_padding_tablet=\u00a0\u00bbinherit\u00a0\u00bb column_padding_phone=\u00a0\u00bbinherit\u00a0\u00bb column_padding_position=\u00a0\u00bball\u00a0\u00bb column_element_spacing=\u00a0\u00bbdefault\u00a0\u00bb background_color_opacity=\u00a0\u00bb1&Prime; background_hover_color_opacity=\u00a0\u00bb1&Prime; column_shadow=\u00a0\u00bbnone\u00a0\u00bb column_border_radius=\u00a0\u00bbnone\u00a0\u00bb column_link_target=\u00a0\u00bb_self\u00a0\u00bb gradient_direction=\u00a0\u00bbleft_to_right\u00a0\u00bb overlay_strength=\u00a0\u00bb0.3&Prime; width=\u00a0\u00bb1\/1&Prime; tablet_width_inherit=\u00a0\u00bbdefault\u00a0\u00bb tablet_text_alignment=\u00a0\u00bbdefault\u00a0\u00bb phone_text_alignment=\u00a0\u00bbdefault\u00a0\u00bb bg_image_animation=\u00a0\u00bbnone\u00a0\u00bb border_type=\u00a0\u00bbsimple\u00a0\u00bb column_border_width=\u00a0\u00bbnone\u00a0\u00bb column_border_style=\u00a0\u00bbsolid\u00a0\u00bb][nectar_global_section id=\u00a0\u00bb1461&Prime;][\/vc_column][\/vc_row]\n","protected":false},"excerpt":{"rendered":"<p>L\u2019Association canadienne des libert\u00e9s civiles (CCLA) contestera l\u2019injonction exceptionnellement large du gouvernement de la Nouvelle-\u00c9cosse limitant les manifestations dans la province.<\/p>\n","protected":false},"author":4,"featured_media":13727,"comment_status":"closed","ping_status":"closed","sticky":false,"template":"","format":"standard","meta":{"footnotes":""},"categories":[273],"tags":[],"class_list":{"0":"post-16344","1":"post","2":"type-post","3":"status-publish","4":"format-standard","5":"has-post-thumbnail","7":"category-libertes-fondamentales"},"yoast_head":"<!-- This site is optimized with the Yoast SEO plugin v27.4 - https:\/\/yoast.com\/product\/yoast-seo-wordpress\/ -->\n<title>L\u2019affaire Schmidt d\u00e9montre des normes de protection des droits plus \u00e9lev\u00e9es n\u00e9cessaires dans... - CCLA<\/title>\n<meta name=\"robots\" content=\"noindex, follow, max-snippet:-1, max-image-preview:large, max-video-preview:-1\" \/>\n<meta property=\"og:locale\" content=\"fr_CA\" \/>\n<meta property=\"og:type\" content=\"article\" \/>\n<meta property=\"og:title\" content=\"L\u2019affaire Schmidt d\u00e9montre des normes de protection des droits plus \u00e9lev\u00e9es n\u00e9cessaires dans... - CCLA\" \/>\n<meta property=\"og:description\" content=\"L\u2019Association canadienne des libert\u00e9s civiles (CCLA) contestera l\u2019injonction exceptionnellement large du gouvernement de la Nouvelle-\u00c9cosse limitant les manifestations dans la province.\" \/>\n<meta property=\"og:url\" content=\"https:\/\/dev.ccla.org\/fr\/libertes-fondamentales\/laffaire-schmidt-demontre-des-normes-de-protection-des-droits-plus-elevees-necessaires-dans\/\" \/>\n<meta property=\"og:site_name\" content=\"CCLA\" \/>\n<meta property=\"article:published_time\" content=\"2016-03-03T03:29:54+00:00\" \/>\n<meta property=\"article:modified_time\" content=\"2026-04-23T18:40:17+00:00\" \/>\n<meta property=\"og:image\" content=\"https:\/\/dev.ccla.org\/wp-content\/uploads\/2021\/06\/CCCL_general_crowd_2000x800.jpg\" \/>\n\t<meta property=\"og:image:width\" content=\"2000\" \/>\n\t<meta property=\"og:image:height\" content=\"800\" \/>\n\t<meta property=\"og:image:type\" content=\"image\/jpeg\" \/>\n<meta name=\"author\" content=\"CCLA\" \/>\n<meta name=\"twitter:card\" content=\"summary_large_image\" \/>\n<meta name=\"twitter:label1\" content=\"\u00c9crit par\" \/>\n\t<meta name=\"twitter:data1\" content=\"CCLA\" \/>\n\t<meta name=\"twitter:label2\" content=\"Estimation du temps de lecture\" \/>\n\t<meta name=\"twitter:data2\" content=\"5 minutes\" \/>\n<script type=\"application\/ld+json\" class=\"yoast-schema-graph\">{\"@context\":\"https:\\\/\\\/schema.org\",\"@graph\":[{\"@type\":\"Article\",\"@id\":\"https:\\\/\\\/dev.ccla.org\\\/fr\\\/libertes-fondamentales\\\/laffaire-schmidt-demontre-des-normes-de-protection-des-droits-plus-elevees-necessaires-dans\\\/#article\",\"isPartOf\":{\"@id\":\"https:\\\/\\\/dev.ccla.org\\\/fr\\\/libertes-fondamentales\\\/laffaire-schmidt-demontre-des-normes-de-protection-des-droits-plus-elevees-necessaires-dans\\\/\"},\"author\":{\"name\":\"CCLA\",\"@id\":\"https:\\\/\\\/dev.ccla.org\\\/fr\\\/#\\\/schema\\\/person\\\/e48728d4a52926205e807fd8c52bf3b0\"},\"headline\":\"L\u2019affaire Schmidt d\u00e9montre des normes de protection des droits plus \u00e9lev\u00e9es n\u00e9cessaires dans&#8230;\",\"datePublished\":\"2016-03-03T03:29:54+00:00\",\"dateModified\":\"2026-04-23T18:40:17+00:00\",\"mainEntityOfPage\":{\"@id\":\"https:\\\/\\\/dev.ccla.org\\\/fr\\\/libertes-fondamentales\\\/laffaire-schmidt-demontre-des-normes-de-protection-des-droits-plus-elevees-necessaires-dans\\\/\"},\"wordCount\":1090,\"image\":{\"@id\":\"https:\\\/\\\/dev.ccla.org\\\/fr\\\/libertes-fondamentales\\\/laffaire-schmidt-demontre-des-normes-de-protection-des-droits-plus-elevees-necessaires-dans\\\/#primaryimage\"},\"thumbnailUrl\":\"https:\\\/\\\/dev.ccla.org\\\/wp-content\\\/uploads\\\/2021\\\/06\\\/CCCL_general_crowd_2000x800.jpg\",\"articleSection\":[\"LIBERT\u00c9S FONDAMENTALES\"],\"inLanguage\":\"fr-CA\"},{\"@type\":\"WebPage\",\"@id\":\"https:\\\/\\\/dev.ccla.org\\\/fr\\\/libertes-fondamentales\\\/laffaire-schmidt-demontre-des-normes-de-protection-des-droits-plus-elevees-necessaires-dans\\\/\",\"url\":\"https:\\\/\\\/dev.ccla.org\\\/fr\\\/libertes-fondamentales\\\/laffaire-schmidt-demontre-des-normes-de-protection-des-droits-plus-elevees-necessaires-dans\\\/\",\"name\":\"L\u2019affaire Schmidt d\u00e9montre des normes de protection des droits plus \u00e9lev\u00e9es n\u00e9cessaires dans... - CCLA\",\"isPartOf\":{\"@id\":\"https:\\\/\\\/dev.ccla.org\\\/fr\\\/#website\"},\"primaryImageOfPage\":{\"@id\":\"https:\\\/\\\/dev.ccla.org\\\/fr\\\/libertes-fondamentales\\\/laffaire-schmidt-demontre-des-normes-de-protection-des-droits-plus-elevees-necessaires-dans\\\/#primaryimage\"},\"image\":{\"@id\":\"https:\\\/\\\/dev.ccla.org\\\/fr\\\/libertes-fondamentales\\\/laffaire-schmidt-demontre-des-normes-de-protection-des-droits-plus-elevees-necessaires-dans\\\/#primaryimage\"},\"thumbnailUrl\":\"https:\\\/\\\/dev.ccla.org\\\/wp-content\\\/uploads\\\/2021\\\/06\\\/CCCL_general_crowd_2000x800.jpg\",\"datePublished\":\"2016-03-03T03:29:54+00:00\",\"dateModified\":\"2026-04-23T18:40:17+00:00\",\"author\":{\"@id\":\"https:\\\/\\\/dev.ccla.org\\\/fr\\\/#\\\/schema\\\/person\\\/e48728d4a52926205e807fd8c52bf3b0\"},\"breadcrumb\":{\"@id\":\"https:\\\/\\\/dev.ccla.org\\\/fr\\\/libertes-fondamentales\\\/laffaire-schmidt-demontre-des-normes-de-protection-des-droits-plus-elevees-necessaires-dans\\\/#breadcrumb\"},\"inLanguage\":\"fr-CA\",\"potentialAction\":[{\"@type\":\"ReadAction\",\"target\":[\"https:\\\/\\\/dev.ccla.org\\\/fr\\\/libertes-fondamentales\\\/laffaire-schmidt-demontre-des-normes-de-protection-des-droits-plus-elevees-necessaires-dans\\\/\"]}]},{\"@type\":\"ImageObject\",\"inLanguage\":\"fr-CA\",\"@id\":\"https:\\\/\\\/dev.ccla.org\\\/fr\\\/libertes-fondamentales\\\/laffaire-schmidt-demontre-des-normes-de-protection-des-droits-plus-elevees-necessaires-dans\\\/#primaryimage\",\"url\":\"https:\\\/\\\/dev.ccla.org\\\/wp-content\\\/uploads\\\/2021\\\/06\\\/CCCL_general_crowd_2000x800.jpg\",\"contentUrl\":\"https:\\\/\\\/dev.ccla.org\\\/wp-content\\\/uploads\\\/2021\\\/06\\\/CCCL_general_crowd_2000x800.jpg\",\"width\":2000,\"height\":800},{\"@type\":\"BreadcrumbList\",\"@id\":\"https:\\\/\\\/dev.ccla.org\\\/fr\\\/libertes-fondamentales\\\/laffaire-schmidt-demontre-des-normes-de-protection-des-droits-plus-elevees-necessaires-dans\\\/#breadcrumb\",\"itemListElement\":[{\"@type\":\"ListItem\",\"position\":1,\"name\":\"Home\",\"item\":\"https:\\\/\\\/dev.ccla.org\\\/fr\\\/accueil\\\/\"},{\"@type\":\"ListItem\",\"position\":2,\"name\":\"Non class\u00e9\",\"item\":\"https:\\\/\\\/dev.ccla.org\\\/fr\\\/category\\\/non-classe\\\/\"},{\"@type\":\"ListItem\",\"position\":3,\"name\":\"L\u2019affaire Schmidt d\u00e9montre des normes de protection des droits plus \u00e9lev\u00e9es n\u00e9cessaires dans&#8230;\"}]},{\"@type\":\"WebSite\",\"@id\":\"https:\\\/\\\/dev.ccla.org\\\/fr\\\/#website\",\"url\":\"https:\\\/\\\/dev.ccla.org\\\/fr\\\/\",\"name\":\"CCLA\",\"description\":\"\",\"potentialAction\":[{\"@type\":\"SearchAction\",\"target\":{\"@type\":\"EntryPoint\",\"urlTemplate\":\"https:\\\/\\\/dev.ccla.org\\\/fr\\\/?s={search_term_string}\"},\"query-input\":{\"@type\":\"PropertyValueSpecification\",\"valueRequired\":true,\"valueName\":\"search_term_string\"}}],\"inLanguage\":\"fr-CA\"},{\"@type\":\"Person\",\"@id\":\"https:\\\/\\\/dev.ccla.org\\\/fr\\\/#\\\/schema\\\/person\\\/e48728d4a52926205e807fd8c52bf3b0\",\"name\":\"CCLA\",\"image\":{\"@type\":\"ImageObject\",\"inLanguage\":\"fr-CA\",\"@id\":\"https:\\\/\\\/secure.gravatar.com\\\/avatar\\\/03b13921772ba279da547407d7a85f0b4a10bdf8cc9a026f2ac4e10643eee315?s=96&d=blank&r=g\",\"url\":\"https:\\\/\\\/secure.gravatar.com\\\/avatar\\\/03b13921772ba279da547407d7a85f0b4a10bdf8cc9a026f2ac4e10643eee315?s=96&d=blank&r=g\",\"contentUrl\":\"https:\\\/\\\/secure.gravatar.com\\\/avatar\\\/03b13921772ba279da547407d7a85f0b4a10bdf8cc9a026f2ac4e10643eee315?s=96&d=blank&r=g\",\"caption\":\"CCLA\"},\"url\":\"https:\\\/\\\/dev.ccla.org\\\/fr\\\/author\\\/ccla\\\/\"}]}<\/script>\n<!-- \/ Yoast SEO plugin. -->","yoast_head_json":{"title":"L\u2019affaire Schmidt d\u00e9montre des normes de protection des droits plus \u00e9lev\u00e9es n\u00e9cessaires dans... - CCLA","robots":{"index":"noindex","follow":"follow","max-snippet":"max-snippet:-1","max-image-preview":"max-image-preview:large","max-video-preview":"max-video-preview:-1"},"og_locale":"fr_CA","og_type":"article","og_title":"L\u2019affaire Schmidt d\u00e9montre des normes de protection des droits plus \u00e9lev\u00e9es n\u00e9cessaires dans... - CCLA","og_description":"L\u2019Association canadienne des libert\u00e9s civiles (CCLA) contestera l\u2019injonction exceptionnellement large du gouvernement de la Nouvelle-\u00c9cosse limitant les manifestations dans la province.","og_url":"https:\/\/dev.ccla.org\/fr\/libertes-fondamentales\/laffaire-schmidt-demontre-des-normes-de-protection-des-droits-plus-elevees-necessaires-dans\/","og_site_name":"CCLA","article_published_time":"2016-03-03T03:29:54+00:00","article_modified_time":"2026-04-23T18:40:17+00:00","og_image":[{"width":2000,"height":800,"url":"https:\/\/dev.ccla.org\/wp-content\/uploads\/2021\/06\/CCCL_general_crowd_2000x800.jpg","type":"image\/jpeg"}],"author":"CCLA","twitter_card":"summary_large_image","twitter_misc":{"\u00c9crit par":"CCLA","Estimation du temps de lecture":"5 minutes"},"schema":{"@context":"https:\/\/schema.org","@graph":[{"@type":"Article","@id":"https:\/\/dev.ccla.org\/fr\/libertes-fondamentales\/laffaire-schmidt-demontre-des-normes-de-protection-des-droits-plus-elevees-necessaires-dans\/#article","isPartOf":{"@id":"https:\/\/dev.ccla.org\/fr\/libertes-fondamentales\/laffaire-schmidt-demontre-des-normes-de-protection-des-droits-plus-elevees-necessaires-dans\/"},"author":{"name":"CCLA","@id":"https:\/\/dev.ccla.org\/fr\/#\/schema\/person\/e48728d4a52926205e807fd8c52bf3b0"},"headline":"L\u2019affaire Schmidt d\u00e9montre des normes de protection des droits plus \u00e9lev\u00e9es n\u00e9cessaires dans&#8230;","datePublished":"2016-03-03T03:29:54+00:00","dateModified":"2026-04-23T18:40:17+00:00","mainEntityOfPage":{"@id":"https:\/\/dev.ccla.org\/fr\/libertes-fondamentales\/laffaire-schmidt-demontre-des-normes-de-protection-des-droits-plus-elevees-necessaires-dans\/"},"wordCount":1090,"image":{"@id":"https:\/\/dev.ccla.org\/fr\/libertes-fondamentales\/laffaire-schmidt-demontre-des-normes-de-protection-des-droits-plus-elevees-necessaires-dans\/#primaryimage"},"thumbnailUrl":"https:\/\/dev.ccla.org\/wp-content\/uploads\/2021\/06\/CCCL_general_crowd_2000x800.jpg","articleSection":["LIBERT\u00c9S FONDAMENTALES"],"inLanguage":"fr-CA"},{"@type":"WebPage","@id":"https:\/\/dev.ccla.org\/fr\/libertes-fondamentales\/laffaire-schmidt-demontre-des-normes-de-protection-des-droits-plus-elevees-necessaires-dans\/","url":"https:\/\/dev.ccla.org\/fr\/libertes-fondamentales\/laffaire-schmidt-demontre-des-normes-de-protection-des-droits-plus-elevees-necessaires-dans\/","name":"L\u2019affaire Schmidt d\u00e9montre des normes de protection des droits plus \u00e9lev\u00e9es n\u00e9cessaires dans... - CCLA","isPartOf":{"@id":"https:\/\/dev.ccla.org\/fr\/#website"},"primaryImageOfPage":{"@id":"https:\/\/dev.ccla.org\/fr\/libertes-fondamentales\/laffaire-schmidt-demontre-des-normes-de-protection-des-droits-plus-elevees-necessaires-dans\/#primaryimage"},"image":{"@id":"https:\/\/dev.ccla.org\/fr\/libertes-fondamentales\/laffaire-schmidt-demontre-des-normes-de-protection-des-droits-plus-elevees-necessaires-dans\/#primaryimage"},"thumbnailUrl":"https:\/\/dev.ccla.org\/wp-content\/uploads\/2021\/06\/CCCL_general_crowd_2000x800.jpg","datePublished":"2016-03-03T03:29:54+00:00","dateModified":"2026-04-23T18:40:17+00:00","author":{"@id":"https:\/\/dev.ccla.org\/fr\/#\/schema\/person\/e48728d4a52926205e807fd8c52bf3b0"},"breadcrumb":{"@id":"https:\/\/dev.ccla.org\/fr\/libertes-fondamentales\/laffaire-schmidt-demontre-des-normes-de-protection-des-droits-plus-elevees-necessaires-dans\/#breadcrumb"},"inLanguage":"fr-CA","potentialAction":[{"@type":"ReadAction","target":["https:\/\/dev.ccla.org\/fr\/libertes-fondamentales\/laffaire-schmidt-demontre-des-normes-de-protection-des-droits-plus-elevees-necessaires-dans\/"]}]},{"@type":"ImageObject","inLanguage":"fr-CA","@id":"https:\/\/dev.ccla.org\/fr\/libertes-fondamentales\/laffaire-schmidt-demontre-des-normes-de-protection-des-droits-plus-elevees-necessaires-dans\/#primaryimage","url":"https:\/\/dev.ccla.org\/wp-content\/uploads\/2021\/06\/CCCL_general_crowd_2000x800.jpg","contentUrl":"https:\/\/dev.ccla.org\/wp-content\/uploads\/2021\/06\/CCCL_general_crowd_2000x800.jpg","width":2000,"height":800},{"@type":"BreadcrumbList","@id":"https:\/\/dev.ccla.org\/fr\/libertes-fondamentales\/laffaire-schmidt-demontre-des-normes-de-protection-des-droits-plus-elevees-necessaires-dans\/#breadcrumb","itemListElement":[{"@type":"ListItem","position":1,"name":"Home","item":"https:\/\/dev.ccla.org\/fr\/accueil\/"},{"@type":"ListItem","position":2,"name":"Non class\u00e9","item":"https:\/\/dev.ccla.org\/fr\/category\/non-classe\/"},{"@type":"ListItem","position":3,"name":"L\u2019affaire Schmidt d\u00e9montre des normes de protection des droits plus \u00e9lev\u00e9es n\u00e9cessaires dans&#8230;"}]},{"@type":"WebSite","@id":"https:\/\/dev.ccla.org\/fr\/#website","url":"https:\/\/dev.ccla.org\/fr\/","name":"CCLA","description":"","potentialAction":[{"@type":"SearchAction","target":{"@type":"EntryPoint","urlTemplate":"https:\/\/dev.ccla.org\/fr\/?s={search_term_string}"},"query-input":{"@type":"PropertyValueSpecification","valueRequired":true,"valueName":"search_term_string"}}],"inLanguage":"fr-CA"},{"@type":"Person","@id":"https:\/\/dev.ccla.org\/fr\/#\/schema\/person\/e48728d4a52926205e807fd8c52bf3b0","name":"CCLA","image":{"@type":"ImageObject","inLanguage":"fr-CA","@id":"https:\/\/secure.gravatar.com\/avatar\/03b13921772ba279da547407d7a85f0b4a10bdf8cc9a026f2ac4e10643eee315?s=96&d=blank&r=g","url":"https:\/\/secure.gravatar.com\/avatar\/03b13921772ba279da547407d7a85f0b4a10bdf8cc9a026f2ac4e10643eee315?s=96&d=blank&r=g","contentUrl":"https:\/\/secure.gravatar.com\/avatar\/03b13921772ba279da547407d7a85f0b4a10bdf8cc9a026f2ac4e10643eee315?s=96&d=blank&r=g","caption":"CCLA"},"url":"https:\/\/dev.ccla.org\/fr\/author\/ccla\/"}]}},"_links":{"self":[{"href":"https:\/\/dev.ccla.org\/fr\/wp-json\/wp\/v2\/posts\/16344","targetHints":{"allow":["GET"]}}],"collection":[{"href":"https:\/\/dev.ccla.org\/fr\/wp-json\/wp\/v2\/posts"}],"about":[{"href":"https:\/\/dev.ccla.org\/fr\/wp-json\/wp\/v2\/types\/post"}],"author":[{"embeddable":true,"href":"https:\/\/dev.ccla.org\/fr\/wp-json\/wp\/v2\/users\/4"}],"replies":[{"embeddable":true,"href":"https:\/\/dev.ccla.org\/fr\/wp-json\/wp\/v2\/comments?post=16344"}],"version-history":[{"count":1,"href":"https:\/\/dev.ccla.org\/fr\/wp-json\/wp\/v2\/posts\/16344\/revisions"}],"predecessor-version":[{"id":16348,"href":"https:\/\/dev.ccla.org\/fr\/wp-json\/wp\/v2\/posts\/16344\/revisions\/16348"}],"wp:featuredmedia":[{"embeddable":true,"href":"https:\/\/dev.ccla.org\/fr\/wp-json\/wp\/v2\/media\/13727"}],"wp:attachment":[{"href":"https:\/\/dev.ccla.org\/fr\/wp-json\/wp\/v2\/media?parent=16344"}],"wp:term":[{"taxonomy":"category","embeddable":true,"href":"https:\/\/dev.ccla.org\/fr\/wp-json\/wp\/v2\/categories?post=16344"},{"taxonomy":"post_tag","embeddable":true,"href":"https:\/\/dev.ccla.org\/fr\/wp-json\/wp\/v2\/tags?post=16344"}],"curies":[{"name":"wp","href":"https:\/\/api.w.org\/{rel}","templated":true}]}}