{"id":16295,"date":"2015-06-29T00:54:47","date_gmt":"2015-06-29T04:54:47","guid":{"rendered":"https:\/\/dev.ccla.org\/non-classe\/la-loi-c-51-est-adoptee-mais-de-serieuses-preoccupations-en-matiere-de-droits-humains-persistent\/"},"modified":"2026-04-23T14:39:32","modified_gmt":"2026-04-23T18:39:32","slug":"la-loi-c-51-est-adoptee-mais-de-serieuses-preoccupations-en-matiere-de-droits-humains-persistent","status":"publish","type":"post","link":"https:\/\/dev.ccla.org\/fr\/communiques-de-presse\/la-loi-c-51-est-adoptee-mais-de-serieuses-preoccupations-en-matiere-de-droits-humains-persistent\/","title":{"rendered":"La Loi C-51 Est Adopt\u00e9e Mais De S\u00e9rieuses Pr\u00e9occupations En Mati\u00e8re De Droits Humains Persistent"},"content":{"rendered":"[vc_row type=\u00a0\u00bbin_container\u00a0\u00bb full_screen_row_position=\u00a0\u00bbmiddle\u00a0\u00bb column_margin=\u00a0\u00bbdefault\u00a0\u00bb column_direction=\u00a0\u00bbdefault\u00a0\u00bb column_direction_tablet=\u00a0\u00bbdefault\u00a0\u00bb column_direction_phone=\u00a0\u00bbdefault\u00a0\u00bb scene_position=\u00a0\u00bbcenter\u00a0\u00bb text_color=\u00a0\u00bbdark\u00a0\u00bb text_align=\u00a0\u00bbleft\u00a0\u00bb row_border_radius=\u00a0\u00bbnone\u00a0\u00bb row_border_radius_applies=\u00a0\u00bbbg\u00a0\u00bb overlay_strength=\u00a0\u00bb0.3&Prime; gradient_direction=\u00a0\u00bbleft_to_right\u00a0\u00bb shape_divider_position=\u00a0\u00bbbottom\u00a0\u00bb bg_image_animation=\u00a0\u00bbnone\u00a0\u00bb][vc_column column_padding=\u00a0\u00bbno-extra-padding\u00a0\u00bb column_padding_tablet=\u00a0\u00bbinherit\u00a0\u00bb column_padding_phone=\u00a0\u00bbinherit\u00a0\u00bb column_padding_position=\u00a0\u00bball\u00a0\u00bb column_element_spacing=\u00a0\u00bbdefault\u00a0\u00bb background_color_opacity=\u00a0\u00bb1&Prime; background_hover_color_opacity=\u00a0\u00bb1&Prime; column_shadow=\u00a0\u00bbnone\u00a0\u00bb column_border_radius=\u00a0\u00bbnone\u00a0\u00bb column_link_target=\u00a0\u00bb_self\u00a0\u00bb gradient_direction=\u00a0\u00bbleft_to_right\u00a0\u00bb overlay_strength=\u00a0\u00bb0.3&Prime; width=\u00a0\u00bb1\/1&Prime; tablet_width_inherit=\u00a0\u00bbdefault\u00a0\u00bb tablet_text_alignment=\u00a0\u00bbdefault\u00a0\u00bb phone_text_alignment=\u00a0\u00bbdefault\u00a0\u00bb bg_image_animation=\u00a0\u00bbnone\u00a0\u00bb border_type=\u00a0\u00bbsimple\u00a0\u00bb column_border_width=\u00a0\u00bbnone\u00a0\u00bb column_border_style=\u00a0\u00bbsolid\u00a0\u00bb][nectar_global_section id=\u00a0\u00bb1355&Prime;][\/vc_column][\/vc_row][vc_row type=\u00a0\u00bbfull_width_background\u00a0\u00bb full_screen_row_position=\u00a0\u00bbmiddle\u00a0\u00bb column_margin=\u00a0\u00bbdefault\u00a0\u00bb column_direction=\u00a0\u00bbdefault\u00a0\u00bb column_direction_tablet=\u00a0\u00bbdefault\u00a0\u00bb column_direction_phone=\u00a0\u00bbdefault\u00a0\u00bb scene_position=\u00a0\u00bbcenter\u00a0\u00bb top_padding=\u00a0\u00bb4%\u00a0\u00bb constrain_group_1=\u00a0\u00bbyes\u00a0\u00bb bottom_padding=\u00a0\u00bb4%\u00a0\u00bb text_color=\u00a0\u00bbdark\u00a0\u00bb text_align=\u00a0\u00bbleft\u00a0\u00bb row_border_radius=\u00a0\u00bbnone\u00a0\u00bb row_border_radius_applies=\u00a0\u00bbbg\u00a0\u00bb class=\u00a0\u00bbpost-links\u00a0\u00bb overlay_strength=\u00a0\u00bb0.3&Prime; gradient_direction=\u00a0\u00bbleft_to_right\u00a0\u00bb shape_divider_position=\u00a0\u00bbbottom\u00a0\u00bb bg_image_animation=\u00a0\u00bbnone\u00a0\u00bb shape_type=\u00a0\u00bb\u00a0\u00bb][vc_column column_padding=\u00a0\u00bbno-extra-padding\u00a0\u00bb column_padding_tablet=\u00a0\u00bbinherit\u00a0\u00bb column_padding_phone=\u00a0\u00bbinherit\u00a0\u00bb column_padding_position=\u00a0\u00bball\u00a0\u00bb column_element_spacing=\u00a0\u00bbdefault\u00a0\u00bb background_color_opacity=\u00a0\u00bb1&Prime; background_hover_color_opacity=\u00a0\u00bb1&Prime; column_shadow=\u00a0\u00bbnone\u00a0\u00bb column_border_radius=\u00a0\u00bbnone\u00a0\u00bb column_link_target=\u00a0\u00bb_self\u00a0\u00bb gradient_direction=\u00a0\u00bbleft_to_right\u00a0\u00bb overlay_strength=\u00a0\u00bb0.3&Prime; width=\u00a0\u00bb1\/1&Prime; tablet_width_inherit=\u00a0\u00bbdefault\u00a0\u00bb tablet_text_alignment=\u00a0\u00bbdefault\u00a0\u00bb phone_text_alignment=\u00a0\u00bbdefault\u00a0\u00bb bg_image_animation=\u00a0\u00bbnone\u00a0\u00bb border_type=\u00a0\u00bbsimple\u00a0\u00bb column_border_width=\u00a0\u00bbnone\u00a0\u00bb column_border_style=\u00a0\u00bbsolid\u00a0\u00bb][divider line_type=\u00a0\u00bbNo Line\u00a0\u00bb custom_height=\u00a0\u00bb30&Prime;][vc_column_text]\n<div class=\"entry-meta\">\n<p><strong>Le 29 juin, 2015<\/strong><\/p>\n<\/div>\n<div class=\"shapely-content \">\n<p><strong>Pour diffusion imm\u00e9diate<\/strong><\/p>\n<h3><span style=\"color: #1e5799;\"><strong>Des organisations canadiennes de doits humains&nbsp;: La loi C-51 est adopt\u00e9e mais de s\u00e9rieuses pr\u00e9occupations en mati\u00e8re de droits humains persistent  <\/strong><\/span><\/h3>\n<p>Depuis le d\u00e9p\u00f4t du Projet de loi C-51 au Parlement en janvier dernier, les principales organisations de droits humains au Canada n\u2019ont cess\u00e9 de r\u00e9clamer son retrait. Amnistie Internationale, la British Columbia Civil Liberties Association, l\u2019Association canadienne des libert\u00e9s civiles, la Canadian Muslim Lawyers Association, la Coalition pour la surveillance internationale des libert\u00e9s civiles, la Ligue des Droits et Libert\u00e9s et le Conseil national des Musulmans canadiens ont affirm\u00e9 que les lacunes dans le C-51 en mati\u00e8re de droits humais sont tellement nombreuses et s\u00e9rieuses que le Projet de loi doit \u00eatre retir\u00e9 dans son ensemble. Nous estimons plut\u00f4t que toute r\u00e9forme des lois gouvernant la s\u00e9curit\u00e9 nationale doit, en premier lieu, \u00eatre justifi\u00e9e de mani\u00e8re convaincante, puis par la suite mise en \u0153uvre dans le plus grand respect de la Charte des droits et libert\u00e9s et des obligations internationales du Canada sur le plan des droits de la personne.  <\/p>\n<p>\u00c0 notre grande d\u00e9ception, C-51 a \u00e9t\u00e9 r\u00e9cemment adopt\u00e9 et fait maintenant partie des lois. Mais la bataille n\u2019est pas encore termin\u00e9e. L\u2019enjeu est trop important. Au cours des derniers mois, et au fur et \u00e0 mesure que les Canadiens et Canadiennes prenaient connaissance du contenu de C-51 et des menaces qu\u2019il pose envers les droits et les libert\u00e9s fondamentales, nous avons not\u00e9 une augmentation des pr\u00e9occupations et de l\u2019opposition du public envers C-51.   <\/p>\n<p>Maintenant qu\u2019elle est adopt\u00e9e et si nous voulons que la Loi Anti-terroriste 2015 soit abrog\u00e9e, il est essentiel que les Canadiens et Canadiennes continuent au cours des prochains mois \u00e0 avoir des conversations sur la s\u00e9curit\u00e9, les droits humains et les libert\u00e9s fondamentales \u2014- des conversations avec ceux et celles qui tenteront de se faire \u00e9lire au cours de l\u2019\u00e9lection f\u00e9d\u00e9rale de l\u2019automne. Jusqu\u2019\u00e0 date, nous croyons que le gouvernement n\u2019a jamais d\u00e9montr\u00e9 la n\u00e9cessit\u00e9 de C-51 au-del\u00e0 de l\u2019assertion qu\u2019il a \u00ab besoin \u00bb de pouvoirs additionnels pour prot\u00e9ger la s\u00e9curit\u00e9 publique. Mais il n\u2019a pas expliqu\u00e9 pourquoi l\u2019agence de renseignement du Canada a besoin de pouvoirs exceptionnels d\u2019interruption. Il n\u2019a pr\u00e9sent\u00e9 aucun argument cr\u00e9dible pour justifier un r\u00e9gime aussi vaste, opaque et irresponsable de partage d\u2019information, comme cette loi le stipule, au sein de l\u2019ensemble la fonction publique. Et, il n\u2019a fourni aucune preuve que les listes d\u2019interdiction de vol, avec un droit d\u2019appel sans \u00e9quit\u00e9 de proc\u00e9dure, am\u00e9lioreraient la s\u00e9curit\u00e9 a\u00e9rienne et celle du public.    <\/p>\n<p>Au cours des audiences parlementaires entourant C-51, pas un seul t\u00e9moin n\u2019a offert d\u2019exemple concret pour d\u00e9montrer comment les mesures draconiennes contenues dans le Projet de loi pourraient accro\u00eetre la s\u00e9curit\u00e9 publique. Des experts l\u00e9gaux ont t\u00e9moign\u00e9 comment certaines dispositions de C-51 pourraient au contraire nuire \u00e0 la strat\u00e9gie et aux activit\u00e9s anti-terroristes. Par exemple, la nouvelle disposition qui criminalise le fait de \u00ab pr\u00e9coniser \u00bb ou \u00ab fomenter \u00bb une activit\u00e9 terroriste \u00ab en g\u00e9n\u00e9ral \u00bb pourrait entraver la d\u00e9tection de menaces potentielles lorsque l\u2019expression se r\u00e9fugie dans la clandestinit\u00e9. Cette m\u00eame disposition pourrait aussi refroidir les efforts de la communaut\u00e9 visant \u00e0 d\u00e9-radicaliser des points de vue extr\u00e9mistes. De telles pr\u00e9occupations n\u2019ont jamais \u00e9t\u00e9 prises en compte.    <\/p>\n<p>Alors que les agences de s\u00e9curit\u00e9 nationale du Canada se voient octroy\u00e9es plus de pouvoirs et plus d\u2019envergure, aucun effort n\u2019a \u00e9t\u00e9 fait pour instaurer un m\u00e9canisme d\u2019imputabilit\u00e9 vigoureux et ind\u00e9pendant, en d\u00e9pit des appels urgents r\u00e9clamant une telle r\u00e9forme. Ainsi, le Canada est \u00e9tonnamment le seul pays parmi ses proches alli\u00e9s en mati\u00e8re de partage de renseignements, qui faillit \u00e0 la t\u00e2che d\u2019assurer une surveillance parlementaire des op\u00e9rations de s\u00e9curit\u00e9 nationale. Et le Projet de loi C-51 ne fait qu\u2019aggraver les probl\u00e8mes d\u2019imputabilit\u00e9 en rendant la t\u00e2che encore plus difficile pour les individus d\u00e9sireux de d\u00e9montrer la responsabilit\u00e9 des fonctionnaires et des agents gouvernementaux dans des cas de violation des droits.  <\/p>\n<p>Avec autant de questions sans r\u00e9ponse et de lacunes \u00e9videntes \u00e0 l\u2019\u00e9gard des droits humains, nous encourageons vivement les Canadiens et Canadiennes de partout au pays \u00e0 profiter de l\u2019\u00e9t\u00e9 pour poursuivre le d\u00e9bat et apprendre d\u2019avantage au sujet de C-51. Nous les encourageons aussi \u00e0 dire sans \u00e9quivoque aux candidats qui solliciteraient leurs votes au cours de l\u2019\u00e9lection cet automne qu\u2019ils s\u2019attendent de leur part rien de moins qu\u2019un engagement ferme et prioritaire pour l\u2019abrogation de C-51. Le d\u00e9bat est loin d\u2019\u00eatre termin\u00e9.  <\/p>\n<p><strong><a href=\"https:\/\/dev.ccla.org\/wp-content\/uploads\/2021\/06\/CCLA-Senate-Committee-20-04-15-1.pdf\" target=\"_blank\" rel=\"noopener\">&gt;&gt;  Pour en conna\u00eetre d\u2019avantage au sujet de la Loi Anti-terroriste 2015.<\/a><\/strong><\/p>\n<p>\u2013 30 \u2013<\/p>\n<p>&nbsp;<\/p>\n<p>Amnistie internationale Canada, section anglophone : John Tackaberry, 613-744-7667, poste 236<br \/>\nAmnistie internationale Canada, section francophone : Anne Sainte-Marie, 514-766-9766, poste 230<br \/>\nBritish Columbia Civil Liberties Association : Carmen Cheung, avocate-conseil, 604-630-9758<br \/>\nAssociation canadienne des libert\u00e9s civiles : Jonah Kanter : 416-363-0321 poste 225<br \/>\nAssociation des avocats musulmans canadiens : Faisal Mirza, 905-897-5600<br \/>\nCoalition pour la surveillance internationale des libert\u00e9s civiles : Monia Mazigh, coordonnatrice nationale, 613-241-5298<br \/>\nLigue des droits et libert\u00e9s : Lysiane Roch, 514-715-7727<br \/>\nConseil national des musulmans canadiens : Ihsaan Gardee, directeur ex\u00e9cutif, 613-254-9704<\/p>\n<\/div>\n[\/vc_column_text][\/vc_column][\/vc_row][vc_row type=\u00a0\u00bbin_container\u00a0\u00bb full_screen_row_position=\u00a0\u00bbmiddle\u00a0\u00bb column_margin=\u00a0\u00bbdefault\u00a0\u00bb column_direction=\u00a0\u00bbdefault\u00a0\u00bb column_direction_tablet=\u00a0\u00bbdefault\u00a0\u00bb column_direction_phone=\u00a0\u00bbdefault\u00a0\u00bb scene_position=\u00a0\u00bbcenter\u00a0\u00bb text_color=\u00a0\u00bbdark\u00a0\u00bb text_align=\u00a0\u00bbleft\u00a0\u00bb row_border_radius=\u00a0\u00bbnone\u00a0\u00bb row_border_radius_applies=\u00a0\u00bbbg\u00a0\u00bb overlay_strength=\u00a0\u00bb0.3&Prime; gradient_direction=\u00a0\u00bbleft_to_right\u00a0\u00bb shape_divider_position=\u00a0\u00bbbottom\u00a0\u00bb bg_image_animation=\u00a0\u00bbnone\u00a0\u00bb][vc_column column_padding=\u00a0\u00bbno-extra-padding\u00a0\u00bb column_padding_tablet=\u00a0\u00bbinherit\u00a0\u00bb column_padding_phone=\u00a0\u00bbinherit\u00a0\u00bb column_padding_position=\u00a0\u00bball\u00a0\u00bb column_element_spacing=\u00a0\u00bbdefault\u00a0\u00bb background_color_opacity=\u00a0\u00bb1&Prime; background_hover_color_opacity=\u00a0\u00bb1&Prime; column_shadow=\u00a0\u00bbnone\u00a0\u00bb column_border_radius=\u00a0\u00bbnone\u00a0\u00bb column_link_target=\u00a0\u00bb_self\u00a0\u00bb gradient_direction=\u00a0\u00bbleft_to_right\u00a0\u00bb overlay_strength=\u00a0\u00bb0.3&Prime; width=\u00a0\u00bb1\/1&Prime; tablet_width_inherit=\u00a0\u00bbdefault\u00a0\u00bb tablet_text_alignment=\u00a0\u00bbdefault\u00a0\u00bb phone_text_alignment=\u00a0\u00bbdefault\u00a0\u00bb bg_image_animation=\u00a0\u00bbnone\u00a0\u00bb border_type=\u00a0\u00bbsimple\u00a0\u00bb column_border_width=\u00a0\u00bbnone\u00a0\u00bb column_border_style=\u00a0\u00bbsolid\u00a0\u00bb][nectar_global_section id=\u00a0\u00bb1461&Prime;][\/vc_column][\/vc_row]\n","protected":false},"excerpt":{"rendered":"<p>Depuis le d\u00e9p\u00f4t du Projet de loi C-51 au Parlement en janvier dernier, les principales organisations de droits humains au Canada n\u2019ont cess\u00e9 de r\u00e9clamer son retrait. Amnistie Internationale, la British Columbia Civil Liberties Association, l\u2019Association canadienne des libert\u00e9s civiles, la Canadian Muslim Lawyers Association, la Coalition pour la surveillance internationale des libert\u00e9s civiles, la Ligue des Droits et Libert\u00e9s et le Conseil national des Musulmans canadiens ont affirm\u00e9 que les lacunes dans le C-51 en mati\u00e8re de droits humais sont tellement nombreuses et s\u00e9rieuses que le Projet de loi doit \u00eatre retir\u00e9 dans son ensemble. <\/p>\n","protected":false},"author":4,"featured_media":16296,"comment_status":"closed","ping_status":"closed","sticky":false,"template":"","format":"standard","meta":{"footnotes":""},"categories":[268],"tags":[],"class_list":{"0":"post-16295","1":"post","2":"type-post","3":"status-publish","4":"format-standard","5":"has-post-thumbnail","7":"category-communiques-de-presse"},"yoast_head":"<!-- This site is optimized with the Yoast SEO plugin v27.4 - https:\/\/yoast.com\/product\/yoast-seo-wordpress\/ -->\n<title>La Loi C-51 Est Adopt\u00e9e Mais De S\u00e9rieuses Pr\u00e9occupations En Mati\u00e8re De Droits Humains Persistent - CCLA<\/title>\n<meta name=\"robots\" content=\"noindex, follow, max-snippet:-1, max-image-preview:large, max-video-preview:-1\" \/>\n<meta property=\"og:locale\" content=\"fr_CA\" \/>\n<meta property=\"og:type\" content=\"article\" \/>\n<meta property=\"og:title\" content=\"La Loi C-51 Est Adopt\u00e9e Mais De S\u00e9rieuses Pr\u00e9occupations En Mati\u00e8re De Droits Humains Persistent - CCLA\" \/>\n<meta property=\"og:description\" content=\"Depuis le d\u00e9p\u00f4t du Projet de loi C-51 au Parlement en janvier dernier, les principales organisations de droits humains au Canada n\u2019ont cess\u00e9 de r\u00e9clamer son retrait. Amnistie Internationale, la British Columbia Civil Liberties Association, l\u2019Association canadienne des libert\u00e9s civiles, la Canadian Muslim Lawyers Association, la Coalition pour la surveillance internationale des libert\u00e9s civiles, la Ligue des Droits et Libert\u00e9s et le Conseil national des Musulmans canadiens ont affirm\u00e9 que les lacunes dans le C-51 en mati\u00e8re de droits humais sont tellement nombreuses et s\u00e9rieuses que le Projet de loi doit \u00eatre retir\u00e9 dans son ensemble.\" \/>\n<meta property=\"og:url\" content=\"https:\/\/dev.ccla.org\/fr\/communiques-de-presse\/la-loi-c-51-est-adoptee-mais-de-serieuses-preoccupations-en-matiere-de-droits-humains-persistent\/\" \/>\n<meta property=\"og:site_name\" content=\"CCLA\" \/>\n<meta property=\"article:published_time\" content=\"2015-06-29T04:54:47+00:00\" \/>\n<meta property=\"article:modified_time\" content=\"2026-04-23T18:39:32+00:00\" \/>\n<meta property=\"og:image\" content=\"https:\/\/dev.ccla.org\/wp-content\/uploads\/2021\/06\/C51_coalition.png\" \/>\n\t<meta property=\"og:image:width\" content=\"900\" \/>\n\t<meta property=\"og:image:height\" content=\"299\" \/>\n\t<meta property=\"og:image:type\" content=\"image\/png\" \/>\n<meta name=\"author\" content=\"CCLA\" \/>\n<meta name=\"twitter:card\" content=\"summary_large_image\" \/>\n<meta name=\"twitter:label1\" content=\"\u00c9crit par\" \/>\n\t<meta name=\"twitter:data1\" content=\"CCLA\" \/>\n\t<meta name=\"twitter:label2\" content=\"Estimation du temps de lecture\" \/>\n\t<meta name=\"twitter:data2\" content=\"7 minutes\" \/>\n<script type=\"application\/ld+json\" class=\"yoast-schema-graph\">{\"@context\":\"https:\\\/\\\/schema.org\",\"@graph\":[{\"@type\":\"Article\",\"@id\":\"https:\\\/\\\/dev.ccla.org\\\/fr\\\/communiques-de-presse\\\/la-loi-c-51-est-adoptee-mais-de-serieuses-preoccupations-en-matiere-de-droits-humains-persistent\\\/#article\",\"isPartOf\":{\"@id\":\"https:\\\/\\\/dev.ccla.org\\\/fr\\\/communiques-de-presse\\\/la-loi-c-51-est-adoptee-mais-de-serieuses-preoccupations-en-matiere-de-droits-humains-persistent\\\/\"},\"author\":{\"name\":\"CCLA\",\"@id\":\"https:\\\/\\\/dev.ccla.org\\\/fr\\\/#\\\/schema\\\/person\\\/e48728d4a52926205e807fd8c52bf3b0\"},\"headline\":\"La Loi C-51 Est Adopt\u00e9e Mais De S\u00e9rieuses Pr\u00e9occupations En Mati\u00e8re De Droits Humains Persistent\",\"datePublished\":\"2015-06-29T04:54:47+00:00\",\"dateModified\":\"2026-04-23T18:39:32+00:00\",\"mainEntityOfPage\":{\"@id\":\"https:\\\/\\\/dev.ccla.org\\\/fr\\\/communiques-de-presse\\\/la-loi-c-51-est-adoptee-mais-de-serieuses-preoccupations-en-matiere-de-droits-humains-persistent\\\/\"},\"wordCount\":1392,\"image\":{\"@id\":\"https:\\\/\\\/dev.ccla.org\\\/fr\\\/communiques-de-presse\\\/la-loi-c-51-est-adoptee-mais-de-serieuses-preoccupations-en-matiere-de-droits-humains-persistent\\\/#primaryimage\"},\"thumbnailUrl\":\"https:\\\/\\\/dev.ccla.org\\\/wp-content\\\/uploads\\\/2021\\\/06\\\/C51_coalition.png\",\"articleSection\":[\"COMMUNIQU\u00c9S DE PRESSE\"],\"inLanguage\":\"fr-CA\"},{\"@type\":\"WebPage\",\"@id\":\"https:\\\/\\\/dev.ccla.org\\\/fr\\\/communiques-de-presse\\\/la-loi-c-51-est-adoptee-mais-de-serieuses-preoccupations-en-matiere-de-droits-humains-persistent\\\/\",\"url\":\"https:\\\/\\\/dev.ccla.org\\\/fr\\\/communiques-de-presse\\\/la-loi-c-51-est-adoptee-mais-de-serieuses-preoccupations-en-matiere-de-droits-humains-persistent\\\/\",\"name\":\"La Loi C-51 Est Adopt\u00e9e Mais De S\u00e9rieuses Pr\u00e9occupations En Mati\u00e8re De Droits Humains Persistent - CCLA\",\"isPartOf\":{\"@id\":\"https:\\\/\\\/dev.ccla.org\\\/fr\\\/#website\"},\"primaryImageOfPage\":{\"@id\":\"https:\\\/\\\/dev.ccla.org\\\/fr\\\/communiques-de-presse\\\/la-loi-c-51-est-adoptee-mais-de-serieuses-preoccupations-en-matiere-de-droits-humains-persistent\\\/#primaryimage\"},\"image\":{\"@id\":\"https:\\\/\\\/dev.ccla.org\\\/fr\\\/communiques-de-presse\\\/la-loi-c-51-est-adoptee-mais-de-serieuses-preoccupations-en-matiere-de-droits-humains-persistent\\\/#primaryimage\"},\"thumbnailUrl\":\"https:\\\/\\\/dev.ccla.org\\\/wp-content\\\/uploads\\\/2021\\\/06\\\/C51_coalition.png\",\"datePublished\":\"2015-06-29T04:54:47+00:00\",\"dateModified\":\"2026-04-23T18:39:32+00:00\",\"author\":{\"@id\":\"https:\\\/\\\/dev.ccla.org\\\/fr\\\/#\\\/schema\\\/person\\\/e48728d4a52926205e807fd8c52bf3b0\"},\"breadcrumb\":{\"@id\":\"https:\\\/\\\/dev.ccla.org\\\/fr\\\/communiques-de-presse\\\/la-loi-c-51-est-adoptee-mais-de-serieuses-preoccupations-en-matiere-de-droits-humains-persistent\\\/#breadcrumb\"},\"inLanguage\":\"fr-CA\",\"potentialAction\":[{\"@type\":\"ReadAction\",\"target\":[\"https:\\\/\\\/dev.ccla.org\\\/fr\\\/communiques-de-presse\\\/la-loi-c-51-est-adoptee-mais-de-serieuses-preoccupations-en-matiere-de-droits-humains-persistent\\\/\"]}]},{\"@type\":\"ImageObject\",\"inLanguage\":\"fr-CA\",\"@id\":\"https:\\\/\\\/dev.ccla.org\\\/fr\\\/communiques-de-presse\\\/la-loi-c-51-est-adoptee-mais-de-serieuses-preoccupations-en-matiere-de-droits-humains-persistent\\\/#primaryimage\",\"url\":\"https:\\\/\\\/dev.ccla.org\\\/wp-content\\\/uploads\\\/2021\\\/06\\\/C51_coalition.png\",\"contentUrl\":\"https:\\\/\\\/dev.ccla.org\\\/wp-content\\\/uploads\\\/2021\\\/06\\\/C51_coalition.png\",\"width\":900,\"height\":299},{\"@type\":\"BreadcrumbList\",\"@id\":\"https:\\\/\\\/dev.ccla.org\\\/fr\\\/communiques-de-presse\\\/la-loi-c-51-est-adoptee-mais-de-serieuses-preoccupations-en-matiere-de-droits-humains-persistent\\\/#breadcrumb\",\"itemListElement\":[{\"@type\":\"ListItem\",\"position\":1,\"name\":\"Home\",\"item\":\"https:\\\/\\\/dev.ccla.org\\\/fr\\\/accueil\\\/\"},{\"@type\":\"ListItem\",\"position\":2,\"name\":\"Non class\u00e9\",\"item\":\"https:\\\/\\\/dev.ccla.org\\\/fr\\\/category\\\/non-classe\\\/\"},{\"@type\":\"ListItem\",\"position\":3,\"name\":\"La Loi C-51 Est Adopt\u00e9e Mais De S\u00e9rieuses Pr\u00e9occupations En Mati\u00e8re De Droits Humains Persistent\"}]},{\"@type\":\"WebSite\",\"@id\":\"https:\\\/\\\/dev.ccla.org\\\/fr\\\/#website\",\"url\":\"https:\\\/\\\/dev.ccla.org\\\/fr\\\/\",\"name\":\"CCLA\",\"description\":\"\",\"potentialAction\":[{\"@type\":\"SearchAction\",\"target\":{\"@type\":\"EntryPoint\",\"urlTemplate\":\"https:\\\/\\\/dev.ccla.org\\\/fr\\\/?s={search_term_string}\"},\"query-input\":{\"@type\":\"PropertyValueSpecification\",\"valueRequired\":true,\"valueName\":\"search_term_string\"}}],\"inLanguage\":\"fr-CA\"},{\"@type\":\"Person\",\"@id\":\"https:\\\/\\\/dev.ccla.org\\\/fr\\\/#\\\/schema\\\/person\\\/e48728d4a52926205e807fd8c52bf3b0\",\"name\":\"CCLA\",\"image\":{\"@type\":\"ImageObject\",\"inLanguage\":\"fr-CA\",\"@id\":\"https:\\\/\\\/secure.gravatar.com\\\/avatar\\\/03b13921772ba279da547407d7a85f0b4a10bdf8cc9a026f2ac4e10643eee315?s=96&d=blank&r=g\",\"url\":\"https:\\\/\\\/secure.gravatar.com\\\/avatar\\\/03b13921772ba279da547407d7a85f0b4a10bdf8cc9a026f2ac4e10643eee315?s=96&d=blank&r=g\",\"contentUrl\":\"https:\\\/\\\/secure.gravatar.com\\\/avatar\\\/03b13921772ba279da547407d7a85f0b4a10bdf8cc9a026f2ac4e10643eee315?s=96&d=blank&r=g\",\"caption\":\"CCLA\"},\"url\":\"https:\\\/\\\/dev.ccla.org\\\/fr\\\/author\\\/ccla\\\/\"}]}<\/script>\n<!-- \/ Yoast SEO plugin. -->","yoast_head_json":{"title":"La Loi C-51 Est Adopt\u00e9e Mais De S\u00e9rieuses Pr\u00e9occupations En Mati\u00e8re De Droits Humains Persistent - CCLA","robots":{"index":"noindex","follow":"follow","max-snippet":"max-snippet:-1","max-image-preview":"max-image-preview:large","max-video-preview":"max-video-preview:-1"},"og_locale":"fr_CA","og_type":"article","og_title":"La Loi C-51 Est Adopt\u00e9e Mais De S\u00e9rieuses Pr\u00e9occupations En Mati\u00e8re De Droits Humains Persistent - CCLA","og_description":"Depuis le d\u00e9p\u00f4t du Projet de loi C-51 au Parlement en janvier dernier, les principales organisations de droits humains au Canada n\u2019ont cess\u00e9 de r\u00e9clamer son retrait. Amnistie Internationale, la British Columbia Civil Liberties Association, l\u2019Association canadienne des libert\u00e9s civiles, la Canadian Muslim Lawyers Association, la Coalition pour la surveillance internationale des libert\u00e9s civiles, la Ligue des Droits et Libert\u00e9s et le Conseil national des Musulmans canadiens ont affirm\u00e9 que les lacunes dans le C-51 en mati\u00e8re de droits humais sont tellement nombreuses et s\u00e9rieuses que le Projet de loi doit \u00eatre retir\u00e9 dans son ensemble.","og_url":"https:\/\/dev.ccla.org\/fr\/communiques-de-presse\/la-loi-c-51-est-adoptee-mais-de-serieuses-preoccupations-en-matiere-de-droits-humains-persistent\/","og_site_name":"CCLA","article_published_time":"2015-06-29T04:54:47+00:00","article_modified_time":"2026-04-23T18:39:32+00:00","og_image":[{"width":900,"height":299,"url":"https:\/\/dev.ccla.org\/wp-content\/uploads\/2021\/06\/C51_coalition.png","type":"image\/png"}],"author":"CCLA","twitter_card":"summary_large_image","twitter_misc":{"\u00c9crit par":"CCLA","Estimation du temps de lecture":"7 minutes"},"schema":{"@context":"https:\/\/schema.org","@graph":[{"@type":"Article","@id":"https:\/\/dev.ccla.org\/fr\/communiques-de-presse\/la-loi-c-51-est-adoptee-mais-de-serieuses-preoccupations-en-matiere-de-droits-humains-persistent\/#article","isPartOf":{"@id":"https:\/\/dev.ccla.org\/fr\/communiques-de-presse\/la-loi-c-51-est-adoptee-mais-de-serieuses-preoccupations-en-matiere-de-droits-humains-persistent\/"},"author":{"name":"CCLA","@id":"https:\/\/dev.ccla.org\/fr\/#\/schema\/person\/e48728d4a52926205e807fd8c52bf3b0"},"headline":"La Loi C-51 Est Adopt\u00e9e Mais De S\u00e9rieuses Pr\u00e9occupations En Mati\u00e8re De Droits Humains Persistent","datePublished":"2015-06-29T04:54:47+00:00","dateModified":"2026-04-23T18:39:32+00:00","mainEntityOfPage":{"@id":"https:\/\/dev.ccla.org\/fr\/communiques-de-presse\/la-loi-c-51-est-adoptee-mais-de-serieuses-preoccupations-en-matiere-de-droits-humains-persistent\/"},"wordCount":1392,"image":{"@id":"https:\/\/dev.ccla.org\/fr\/communiques-de-presse\/la-loi-c-51-est-adoptee-mais-de-serieuses-preoccupations-en-matiere-de-droits-humains-persistent\/#primaryimage"},"thumbnailUrl":"https:\/\/dev.ccla.org\/wp-content\/uploads\/2021\/06\/C51_coalition.png","articleSection":["COMMUNIQU\u00c9S DE PRESSE"],"inLanguage":"fr-CA"},{"@type":"WebPage","@id":"https:\/\/dev.ccla.org\/fr\/communiques-de-presse\/la-loi-c-51-est-adoptee-mais-de-serieuses-preoccupations-en-matiere-de-droits-humains-persistent\/","url":"https:\/\/dev.ccla.org\/fr\/communiques-de-presse\/la-loi-c-51-est-adoptee-mais-de-serieuses-preoccupations-en-matiere-de-droits-humains-persistent\/","name":"La Loi C-51 Est Adopt\u00e9e Mais De S\u00e9rieuses Pr\u00e9occupations En Mati\u00e8re De Droits Humains Persistent - CCLA","isPartOf":{"@id":"https:\/\/dev.ccla.org\/fr\/#website"},"primaryImageOfPage":{"@id":"https:\/\/dev.ccla.org\/fr\/communiques-de-presse\/la-loi-c-51-est-adoptee-mais-de-serieuses-preoccupations-en-matiere-de-droits-humains-persistent\/#primaryimage"},"image":{"@id":"https:\/\/dev.ccla.org\/fr\/communiques-de-presse\/la-loi-c-51-est-adoptee-mais-de-serieuses-preoccupations-en-matiere-de-droits-humains-persistent\/#primaryimage"},"thumbnailUrl":"https:\/\/dev.ccla.org\/wp-content\/uploads\/2021\/06\/C51_coalition.png","datePublished":"2015-06-29T04:54:47+00:00","dateModified":"2026-04-23T18:39:32+00:00","author":{"@id":"https:\/\/dev.ccla.org\/fr\/#\/schema\/person\/e48728d4a52926205e807fd8c52bf3b0"},"breadcrumb":{"@id":"https:\/\/dev.ccla.org\/fr\/communiques-de-presse\/la-loi-c-51-est-adoptee-mais-de-serieuses-preoccupations-en-matiere-de-droits-humains-persistent\/#breadcrumb"},"inLanguage":"fr-CA","potentialAction":[{"@type":"ReadAction","target":["https:\/\/dev.ccla.org\/fr\/communiques-de-presse\/la-loi-c-51-est-adoptee-mais-de-serieuses-preoccupations-en-matiere-de-droits-humains-persistent\/"]}]},{"@type":"ImageObject","inLanguage":"fr-CA","@id":"https:\/\/dev.ccla.org\/fr\/communiques-de-presse\/la-loi-c-51-est-adoptee-mais-de-serieuses-preoccupations-en-matiere-de-droits-humains-persistent\/#primaryimage","url":"https:\/\/dev.ccla.org\/wp-content\/uploads\/2021\/06\/C51_coalition.png","contentUrl":"https:\/\/dev.ccla.org\/wp-content\/uploads\/2021\/06\/C51_coalition.png","width":900,"height":299},{"@type":"BreadcrumbList","@id":"https:\/\/dev.ccla.org\/fr\/communiques-de-presse\/la-loi-c-51-est-adoptee-mais-de-serieuses-preoccupations-en-matiere-de-droits-humains-persistent\/#breadcrumb","itemListElement":[{"@type":"ListItem","position":1,"name":"Home","item":"https:\/\/dev.ccla.org\/fr\/accueil\/"},{"@type":"ListItem","position":2,"name":"Non class\u00e9","item":"https:\/\/dev.ccla.org\/fr\/category\/non-classe\/"},{"@type":"ListItem","position":3,"name":"La Loi C-51 Est Adopt\u00e9e Mais De S\u00e9rieuses Pr\u00e9occupations En Mati\u00e8re De Droits Humains Persistent"}]},{"@type":"WebSite","@id":"https:\/\/dev.ccla.org\/fr\/#website","url":"https:\/\/dev.ccla.org\/fr\/","name":"CCLA","description":"","potentialAction":[{"@type":"SearchAction","target":{"@type":"EntryPoint","urlTemplate":"https:\/\/dev.ccla.org\/fr\/?s={search_term_string}"},"query-input":{"@type":"PropertyValueSpecification","valueRequired":true,"valueName":"search_term_string"}}],"inLanguage":"fr-CA"},{"@type":"Person","@id":"https:\/\/dev.ccla.org\/fr\/#\/schema\/person\/e48728d4a52926205e807fd8c52bf3b0","name":"CCLA","image":{"@type":"ImageObject","inLanguage":"fr-CA","@id":"https:\/\/secure.gravatar.com\/avatar\/03b13921772ba279da547407d7a85f0b4a10bdf8cc9a026f2ac4e10643eee315?s=96&d=blank&r=g","url":"https:\/\/secure.gravatar.com\/avatar\/03b13921772ba279da547407d7a85f0b4a10bdf8cc9a026f2ac4e10643eee315?s=96&d=blank&r=g","contentUrl":"https:\/\/secure.gravatar.com\/avatar\/03b13921772ba279da547407d7a85f0b4a10bdf8cc9a026f2ac4e10643eee315?s=96&d=blank&r=g","caption":"CCLA"},"url":"https:\/\/dev.ccla.org\/fr\/author\/ccla\/"}]}},"_links":{"self":[{"href":"https:\/\/dev.ccla.org\/fr\/wp-json\/wp\/v2\/posts\/16295","targetHints":{"allow":["GET"]}}],"collection":[{"href":"https:\/\/dev.ccla.org\/fr\/wp-json\/wp\/v2\/posts"}],"about":[{"href":"https:\/\/dev.ccla.org\/fr\/wp-json\/wp\/v2\/types\/post"}],"author":[{"embeddable":true,"href":"https:\/\/dev.ccla.org\/fr\/wp-json\/wp\/v2\/users\/4"}],"replies":[{"embeddable":true,"href":"https:\/\/dev.ccla.org\/fr\/wp-json\/wp\/v2\/comments?post=16295"}],"version-history":[{"count":1,"href":"https:\/\/dev.ccla.org\/fr\/wp-json\/wp\/v2\/posts\/16295\/revisions"}],"predecessor-version":[{"id":16301,"href":"https:\/\/dev.ccla.org\/fr\/wp-json\/wp\/v2\/posts\/16295\/revisions\/16301"}],"wp:featuredmedia":[{"embeddable":true,"href":"https:\/\/dev.ccla.org\/fr\/wp-json\/wp\/v2\/media\/16296"}],"wp:attachment":[{"href":"https:\/\/dev.ccla.org\/fr\/wp-json\/wp\/v2\/media?parent=16295"}],"wp:term":[{"taxonomy":"category","embeddable":true,"href":"https:\/\/dev.ccla.org\/fr\/wp-json\/wp\/v2\/categories?post=16295"},{"taxonomy":"post_tag","embeddable":true,"href":"https:\/\/dev.ccla.org\/fr\/wp-json\/wp\/v2\/tags?post=16295"}],"curies":[{"name":"wp","href":"https:\/\/api.w.org\/{rel}","templated":true}]}}