{"id":16282,"date":"2015-09-30T00:38:07","date_gmt":"2015-09-30T04:38:07","guid":{"rendered":"https:\/\/dev.ccla.org\/non-classe\/une-affaire-devant-la-cour-federale-conteste-le-respect-par-le-gouvernement-de-la-charte-des-droits-et-libertes\/"},"modified":"2026-04-23T14:39:32","modified_gmt":"2026-04-23T18:39:32","slug":"une-affaire-devant-la-cour-federale-conteste-le-respect-par-le-gouvernement-de-la-charte-des-droits-et-libertes","status":"publish","type":"post","link":"https:\/\/dev.ccla.org\/fr\/communiques-de-presse\/une-affaire-devant-la-cour-federale-conteste-le-respect-par-le-gouvernement-de-la-charte-des-droits-et-libertes\/","title":{"rendered":"Une affaire devant la Cour f\u00e9d\u00e9rale conteste le respect par le gouvernement de la Charte des droits et libert\u00e9s"},"content":{"rendered":"[vc_row type=\u00a0\u00bbin_container\u00a0\u00bb full_screen_row_position=\u00a0\u00bbmiddle\u00a0\u00bb column_margin=\u00a0\u00bbdefault\u00a0\u00bb column_direction=\u00a0\u00bbdefault\u00a0\u00bb column_direction_tablet=\u00a0\u00bbdefault\u00a0\u00bb column_direction_phone=\u00a0\u00bbdefault\u00a0\u00bb scene_position=\u00a0\u00bbcenter\u00a0\u00bb text_color=\u00a0\u00bbdark\u00a0\u00bb text_align=\u00a0\u00bbleft\u00a0\u00bb row_border_radius=\u00a0\u00bbnone\u00a0\u00bb row_border_radius_applies=\u00a0\u00bbbg\u00a0\u00bb overlay_strength=\u00a0\u00bb0.3&Prime; gradient_direction=\u00a0\u00bbleft_to_right\u00a0\u00bb shape_divider_position=\u00a0\u00bbbottom\u00a0\u00bb bg_image_animation=\u00a0\u00bbnone\u00a0\u00bb][vc_column column_padding=\u00a0\u00bbno-extra-padding\u00a0\u00bb column_padding_tablet=\u00a0\u00bbinherit\u00a0\u00bb column_padding_phone=\u00a0\u00bbinherit\u00a0\u00bb column_padding_position=\u00a0\u00bball\u00a0\u00bb column_element_spacing=\u00a0\u00bbdefault\u00a0\u00bb background_color_opacity=\u00a0\u00bb1&Prime; background_hover_color_opacity=\u00a0\u00bb1&Prime; column_shadow=\u00a0\u00bbnone\u00a0\u00bb column_border_radius=\u00a0\u00bbnone\u00a0\u00bb column_link_target=\u00a0\u00bb_self\u00a0\u00bb gradient_direction=\u00a0\u00bbleft_to_right\u00a0\u00bb overlay_strength=\u00a0\u00bb0.3&Prime; width=\u00a0\u00bb1\/1&Prime; tablet_width_inherit=\u00a0\u00bbdefault\u00a0\u00bb tablet_text_alignment=\u00a0\u00bbdefault\u00a0\u00bb phone_text_alignment=\u00a0\u00bbdefault\u00a0\u00bb bg_image_animation=\u00a0\u00bbnone\u00a0\u00bb border_type=\u00a0\u00bbsimple\u00a0\u00bb column_border_width=\u00a0\u00bbnone\u00a0\u00bb column_border_style=\u00a0\u00bbsolid\u00a0\u00bb][nectar_global_section id=\u00a0\u00bb1355&Prime;][\/vc_column][\/vc_row][vc_row type=\u00a0\u00bbfull_width_background\u00a0\u00bb full_screen_row_position=\u00a0\u00bbmiddle\u00a0\u00bb column_margin=\u00a0\u00bbdefault\u00a0\u00bb column_direction=\u00a0\u00bbdefault\u00a0\u00bb column_direction_tablet=\u00a0\u00bbdefault\u00a0\u00bb column_direction_phone=\u00a0\u00bbdefault\u00a0\u00bb scene_position=\u00a0\u00bbcenter\u00a0\u00bb top_padding=\u00a0\u00bb4%\u00a0\u00bb constrain_group_1=\u00a0\u00bbyes\u00a0\u00bb bottom_padding=\u00a0\u00bb4%\u00a0\u00bb text_color=\u00a0\u00bbdark\u00a0\u00bb text_align=\u00a0\u00bbleft\u00a0\u00bb row_border_radius=\u00a0\u00bbnone\u00a0\u00bb row_border_radius_applies=\u00a0\u00bbbg\u00a0\u00bb class=\u00a0\u00bbpost-links\u00a0\u00bb overlay_strength=\u00a0\u00bb0.3&Prime; gradient_direction=\u00a0\u00bbleft_to_right\u00a0\u00bb shape_divider_position=\u00a0\u00bbbottom\u00a0\u00bb bg_image_animation=\u00a0\u00bbnone\u00a0\u00bb shape_type=\u00a0\u00bb\u00a0\u00bb][vc_column column_padding=\u00a0\u00bbno-extra-padding\u00a0\u00bb column_padding_tablet=\u00a0\u00bbinherit\u00a0\u00bb column_padding_phone=\u00a0\u00bbinherit\u00a0\u00bb column_padding_position=\u00a0\u00bball\u00a0\u00bb column_element_spacing=\u00a0\u00bbdefault\u00a0\u00bb background_color_opacity=\u00a0\u00bb1&Prime; background_hover_color_opacity=\u00a0\u00bb1&Prime; column_shadow=\u00a0\u00bbnone\u00a0\u00bb column_border_radius=\u00a0\u00bbnone\u00a0\u00bb column_link_target=\u00a0\u00bb_self\u00a0\u00bb gradient_direction=\u00a0\u00bbleft_to_right\u00a0\u00bb overlay_strength=\u00a0\u00bb0.3&Prime; width=\u00a0\u00bb1\/1&Prime; tablet_width_inherit=\u00a0\u00bbdefault\u00a0\u00bb tablet_text_alignment=\u00a0\u00bbdefault\u00a0\u00bb phone_text_alignment=\u00a0\u00bbdefault\u00a0\u00bb bg_image_animation=\u00a0\u00bbnone\u00a0\u00bb border_type=\u00a0\u00bbsimple\u00a0\u00bb column_border_width=\u00a0\u00bbnone\u00a0\u00bb column_border_style=\u00a0\u00bbsolid\u00a0\u00bb][divider line_type=\u00a0\u00bbNo Line\u00a0\u00bb custom_height=\u00a0\u00bb30&Prime;][vc_column_text]\n<div class=\"entry-meta\">\n<p><strong><span class=\"posted-on\"><time class=\"entry-date published\" datetime=\"2015-09-30T12:26:08-04:00\">30 septembre 2015<\/time><\/span><\/strong><\/p>\n<\/div>\n<div class=\"shapely-content \">\n<p><strong>POUR DIFFUSION IMM\u00c9DIATE<\/strong><\/p>\n<h4><span style=\"color: #1e5799;\"><strong>LA CCLA APPELLE LES CANDIDATS AUX \u00c9LECTIONS F\u00c9D\u00c9RALES \u00c0 RECONNA\u00ceTRE LEUR DEVOIR DE RESPECTER LA CHARTE ET \u00c0 PROMETTRE D\u2019ASSURER LA REDDITION DE COMPTES DANS L\u2019\u00c9LABORATION DES LOIS<\/strong><\/span><\/h4>\n<p>Ottawa, ON \u2013 La semaine derni\u00e8re, l\u2019Association canadienne des libert\u00e9s civiles (CCLA) est intervenue dans l\u2019affaire de la Cour f\u00e9d\u00e9rale de  <em>Schmidt c. Procureur g\u00e9n\u00e9ral du Canada, soutenant que (1) le gouvernement a la responsabilit\u00e9 de s\u2019assurer que ses lois propos\u00e9es <em>respectent la Charte des droits et libert\u00e9s;<\/em> et (2) le ministre de la Justice a l\u2019obligation de signaler au Parlement des pr\u00e9occupations s\u00e9rieuses concernant la conformit\u00e9 \u2014 et, par cons\u00e9quent, aux Canadiens. \u00c0 la lumi\u00e8re de cette affaire, et du fait que le Canada est un pays engag\u00e9 envers la supr\u00e9matie constitutionnelle, la CCLA appelle les candidats aux \u00e9lections f\u00e9d\u00e9rales \u00e0 reconna\u00eetre leur devoir de respecter la <em>Charte<\/em> et \u00e0 promettre d\u2019assurer la reddition de comptes dans l\u2019\u00e9laboration des lois. <\/em><\/p>\n<p>L\u2019affaire a \u00e9t\u00e9 port\u00e9e par Edgar Schmidt, un ancien avocat du minist\u00e8re de la Justice, qui affirme que de s\u00e9rieuses pr\u00e9occupations concernant la conformit\u00e9 \u00e0 <em>la Charte<\/em> ont \u00e9t\u00e9 syst\u00e9matiquement ignor\u00e9es par ses anciens sup\u00e9rieurs, y compris le ministre, et ont \u00e9t\u00e9 retenues au Parlement et au public.<\/p>\n<p>En r\u00e9ponse, le gouvernement a soutenu que les rapports ne sont n\u00e9cessaires que lorsqu\u2019il n\u2019existe aucun <em>argument cr\u00e9dible <\/em>pouvant appuyer une loi propos\u00e9e. Cette interpr\u00e9tation vague a fait qu\u2019aucun rapport exprimant des pr\u00e9occupations concernant le non-respect de <em>la Charte<\/em> n\u2019a jamais \u00e9t\u00e9 pr\u00e9sent\u00e9 au Parlement, malgr\u00e9 l\u2019adoption de lois douteuses, y compris plusieurs ces derni\u00e8res ann\u00e9es, qui ont presque imm\u00e9diatement \u00e9t\u00e9 contest\u00e9es devant les tribunaux, notamment : la <em>Loi antiterroriste de 2015 <\/em>(projet de loi C-51); la <em>Loi sur les \u00e9lections \u00e9quitables<\/em>; la<em> Loi sur la s\u00e9curit\u00e9 des rues et des communaut\u00e9s;<\/em> et la <em>Loi sur la protection du syst\u00e8me d\u2019immigration du Canada.<\/em> <\/p>\n<p><strong>Sukanya Pillay, directrice g\u00e9n\u00e9rale et conseill\u00e8re juridique g\u00e9n\u00e9rale de la CCLA, a d\u00e9clar\u00e9 : \u00ab Bien que les tribunaux puissent \u00e9valuer la constitution des lois, les gouvernements ont aussi l\u2019obligation de respecter la <em>Charte<\/em> et d\u2019\u00eatre transparents avec le Parlement \u2014 et les Canadiens \u2014 tout au long du processus l\u00e9gislatif. Si les parlementaires ne re\u00e7oivent pas les informations cl\u00e9s pour \u00e9valuer correctement les projets de loi, des lois inconstitutionnelles peuvent \u00eatre adopt\u00e9es. De plus, si le gouvernement ne remplit pas son devoir de respecter la <em>Charte<\/em>, les droits des Canadiens seront mis en p\u00e9ril et leurs imp\u00f4ts gaspill\u00e9s dans de longues batailles judiciaires aux r\u00e9sultats pr\u00e9visibles. \u00bb  <\/strong><\/p>\n<p>C\u2019est pourquoi la CCLA, dans le cadre de sa <a href=\"\/?page_id=24455\" target=\"_blank\" rel=\"noopener\">campagne Droits de vote 2015<\/a>, appelle les dirigeants des partis f\u00e9d\u00e9raux \u00e0 :<\/p>\n<ol>\n<li>Reconna\u00eetre que le gouvernement du Canada et les parlementaires sont tenus de veiller \u00e0 ce que les lois ou amendements d\u00e9pos\u00e9s au Parlement soient conformes \u00e0 la <em>Charte des droits et libert\u00e9s<\/em>;<\/li>\n<li>S\u2019engager \u00e0 faire preuve de transparence et de reddition de comptes tout au long du processus l\u00e9gislatif afin que le Parlement re\u00e7oive des informations cl\u00e9s sur les questions li\u00e9es au respect <em>de la Charte<\/em> ;<\/li>\n<li>Engagez-vous \u00e0 introduire de nouvelles lois qui codifient ces points en loi.<\/li>\n<\/ol>\n<p>Au cours des trois derni\u00e8res semaines de la campagne \u00e9lectorale, la CCLA continuera de sensibiliser le public canadien \u00e0 ces enjeux.<\/p>\n<p><strong>&gt;&gt; <a href=\"https:\/\/dev.ccla.org\/wp-content\/uploads\/2021\/06\/2015-09-01-Factum-Schmidt-1.pdf\" target=\"_blank\" rel=\"noopener\">Lisez le fait de la CCLA sur l\u2019affaire Schmidt<\/a><\/strong><\/p>\n<\/div>\n[\/vc_column_text][\/vc_column][\/vc_row][vc_row type=\u00a0\u00bbin_container\u00a0\u00bb full_screen_row_position=\u00a0\u00bbmiddle\u00a0\u00bb column_margin=\u00a0\u00bbdefault\u00a0\u00bb column_direction=\u00a0\u00bbdefault\u00a0\u00bb column_direction_tablet=\u00a0\u00bbdefault\u00a0\u00bb column_direction_phone=\u00a0\u00bbdefault\u00a0\u00bb scene_position=\u00a0\u00bbcenter\u00a0\u00bb text_color=\u00a0\u00bbdark\u00a0\u00bb text_align=\u00a0\u00bbleft\u00a0\u00bb row_border_radius=\u00a0\u00bbnone\u00a0\u00bb row_border_radius_applies=\u00a0\u00bbbg\u00a0\u00bb overlay_strength=\u00a0\u00bb0.3&Prime; gradient_direction=\u00a0\u00bbleft_to_right\u00a0\u00bb shape_divider_position=\u00a0\u00bbbottom\u00a0\u00bb bg_image_animation=\u00a0\u00bbnone\u00a0\u00bb][vc_column column_padding=\u00a0\u00bbno-extra-padding\u00a0\u00bb column_padding_tablet=\u00a0\u00bbinherit\u00a0\u00bb column_padding_phone=\u00a0\u00bbinherit\u00a0\u00bb column_padding_position=\u00a0\u00bball\u00a0\u00bb column_element_spacing=\u00a0\u00bbdefault\u00a0\u00bb background_color_opacity=\u00a0\u00bb1&Prime; background_hover_color_opacity=\u00a0\u00bb1&Prime; column_shadow=\u00a0\u00bbnone\u00a0\u00bb column_border_radius=\u00a0\u00bbnone\u00a0\u00bb column_link_target=\u00a0\u00bb_self\u00a0\u00bb gradient_direction=\u00a0\u00bbleft_to_right\u00a0\u00bb overlay_strength=\u00a0\u00bb0.3&Prime; width=\u00a0\u00bb1\/1&Prime; tablet_width_inherit=\u00a0\u00bbdefault\u00a0\u00bb tablet_text_alignment=\u00a0\u00bbdefault\u00a0\u00bb phone_text_alignment=\u00a0\u00bbdefault\u00a0\u00bb bg_image_animation=\u00a0\u00bbnone\u00a0\u00bb border_type=\u00a0\u00bbsimple\u00a0\u00bb column_border_width=\u00a0\u00bbnone\u00a0\u00bb column_border_style=\u00a0\u00bbsolid\u00a0\u00bb][nectar_global_section id=\u00a0\u00bb1461&Prime;][\/vc_column][\/vc_row]\n","protected":false},"excerpt":{"rendered":"<p>Ottawa, ON \u2013 La semaine derni\u00e8re, l\u2019Association canadienne des libert\u00e9s civiles (CCLA) est intervenue dans l\u2019affaire de la Cour f\u00e9d\u00e9rale Schmidt c. Procureur g\u00e9n\u00e9ral du Canada, soutenant que (1) le gouvernement a la responsabilit\u00e9 de s\u2019assurer que ses projets de loi respectent la Charte des droits et libert\u00e9s; et (2) le ministre de la Justice a l\u2019obligation de signaler au Parlement des pr\u00e9occupations s\u00e9rieuses concernant la conformit\u00e9 \u2014 et, par cons\u00e9quent, aux Canadiens. \u00c0 la lumi\u00e8re de cette affaire, et du fait que le Canada est un pays engag\u00e9 envers la supr\u00e9matie constitutionnelle, la CCLA appelle les candidats aux \u00e9lections f\u00e9d\u00e9rales \u00e0 reconna\u00eetre leur devoir de respecter la Charte et \u00e0 promettre d\u2019assurer la reddition de comptes dans l\u2019\u00e9laboration des lois. <\/p>\n","protected":false},"author":4,"featured_media":16284,"comment_status":"closed","ping_status":"closed","sticky":false,"template":"","format":"standard","meta":{"footnotes":""},"categories":[268,273],"tags":[],"class_list":{"0":"post-16282","1":"post","2":"type-post","3":"status-publish","4":"format-standard","5":"has-post-thumbnail","7":"category-communiques-de-presse","8":"category-libertes-fondamentales"},"yoast_head":"<!-- This site is optimized with the Yoast SEO plugin v27.4 - https:\/\/yoast.com\/product\/yoast-seo-wordpress\/ -->\n<title>Une affaire devant la Cour f\u00e9d\u00e9rale conteste le respect par le gouvernement de la Charte des droits et libert\u00e9s - CCLA<\/title>\n<meta name=\"robots\" content=\"noindex, follow, max-snippet:-1, max-image-preview:large, max-video-preview:-1\" \/>\n<meta property=\"og:locale\" content=\"fr_CA\" \/>\n<meta property=\"og:type\" content=\"article\" \/>\n<meta property=\"og:title\" content=\"Une affaire devant la Cour f\u00e9d\u00e9rale conteste le respect par le gouvernement de la Charte des droits et libert\u00e9s - CCLA\" \/>\n<meta property=\"og:description\" content=\"Ottawa, ON \u2013 La semaine derni\u00e8re, l\u2019Association canadienne des libert\u00e9s civiles (CCLA) est intervenue dans l\u2019affaire de la Cour f\u00e9d\u00e9rale Schmidt c. Procureur g\u00e9n\u00e9ral du Canada, soutenant que (1) le gouvernement a la responsabilit\u00e9 de s\u2019assurer que ses projets de loi respectent la Charte des droits et libert\u00e9s; et (2) le ministre de la Justice a l\u2019obligation de signaler au Parlement des pr\u00e9occupations s\u00e9rieuses concernant la conformit\u00e9 \u2014 et, par cons\u00e9quent, aux Canadiens. \u00c0 la lumi\u00e8re de cette affaire, et du fait que le Canada est un pays engag\u00e9 envers la supr\u00e9matie constitutionnelle, la CCLA appelle les candidats aux \u00e9lections f\u00e9d\u00e9rales \u00e0 reconna\u00eetre leur devoir de respecter la Charte et \u00e0 promettre d\u2019assurer la reddition de comptes dans l\u2019\u00e9laboration des lois.\" \/>\n<meta property=\"og:url\" content=\"https:\/\/dev.ccla.org\/fr\/communiques-de-presse\/une-affaire-devant-la-cour-federale-conteste-le-respect-par-le-gouvernement-de-la-charte-des-droits-et-libertes\/\" \/>\n<meta property=\"og:site_name\" content=\"CCLA\" \/>\n<meta property=\"article:published_time\" content=\"2015-09-30T04:38:07+00:00\" \/>\n<meta property=\"article:modified_time\" content=\"2026-04-23T18:39:32+00:00\" \/>\n<meta property=\"og:image\" content=\"https:\/\/dev.ccla.org\/wp-content\/uploads\/2021\/06\/Charter-of-rights-and-freedoms.jpg\" \/>\n\t<meta property=\"og:image:width\" content=\"900\" \/>\n\t<meta property=\"og:image:height\" content=\"745\" \/>\n\t<meta property=\"og:image:type\" content=\"image\/jpeg\" \/>\n<meta name=\"author\" content=\"CCLA\" \/>\n<meta name=\"twitter:card\" content=\"summary_large_image\" \/>\n<meta name=\"twitter:label1\" content=\"\u00c9crit par\" \/>\n\t<meta name=\"twitter:data1\" content=\"CCLA\" \/>\n\t<meta name=\"twitter:label2\" content=\"Estimation du temps de lecture\" \/>\n\t<meta name=\"twitter:data2\" content=\"5 minutes\" \/>\n<script type=\"application\/ld+json\" class=\"yoast-schema-graph\">{\"@context\":\"https:\\\/\\\/schema.org\",\"@graph\":[{\"@type\":\"Article\",\"@id\":\"https:\\\/\\\/dev.ccla.org\\\/fr\\\/communiques-de-presse\\\/une-affaire-devant-la-cour-federale-conteste-le-respect-par-le-gouvernement-de-la-charte-des-droits-et-libertes\\\/#article\",\"isPartOf\":{\"@id\":\"https:\\\/\\\/dev.ccla.org\\\/fr\\\/communiques-de-presse\\\/une-affaire-devant-la-cour-federale-conteste-le-respect-par-le-gouvernement-de-la-charte-des-droits-et-libertes\\\/\"},\"author\":{\"name\":\"CCLA\",\"@id\":\"https:\\\/\\\/dev.ccla.org\\\/fr\\\/#\\\/schema\\\/person\\\/e48728d4a52926205e807fd8c52bf3b0\"},\"headline\":\"Une affaire devant la Cour f\u00e9d\u00e9rale conteste le respect par le gouvernement de la Charte des droits et libert\u00e9s\",\"datePublished\":\"2015-09-30T04:38:07+00:00\",\"dateModified\":\"2026-04-23T18:39:32+00:00\",\"mainEntityOfPage\":{\"@id\":\"https:\\\/\\\/dev.ccla.org\\\/fr\\\/communiques-de-presse\\\/une-affaire-devant-la-cour-federale-conteste-le-respect-par-le-gouvernement-de-la-charte-des-droits-et-libertes\\\/\"},\"wordCount\":1066,\"image\":{\"@id\":\"https:\\\/\\\/dev.ccla.org\\\/fr\\\/communiques-de-presse\\\/une-affaire-devant-la-cour-federale-conteste-le-respect-par-le-gouvernement-de-la-charte-des-droits-et-libertes\\\/#primaryimage\"},\"thumbnailUrl\":\"https:\\\/\\\/dev.ccla.org\\\/wp-content\\\/uploads\\\/2021\\\/06\\\/Charter-of-rights-and-freedoms.jpg\",\"articleSection\":[\"COMMUNIQU\u00c9S DE PRESSE\",\"LIBERT\u00c9S FONDAMENTALES\"],\"inLanguage\":\"fr-CA\"},{\"@type\":\"WebPage\",\"@id\":\"https:\\\/\\\/dev.ccla.org\\\/fr\\\/communiques-de-presse\\\/une-affaire-devant-la-cour-federale-conteste-le-respect-par-le-gouvernement-de-la-charte-des-droits-et-libertes\\\/\",\"url\":\"https:\\\/\\\/dev.ccla.org\\\/fr\\\/communiques-de-presse\\\/une-affaire-devant-la-cour-federale-conteste-le-respect-par-le-gouvernement-de-la-charte-des-droits-et-libertes\\\/\",\"name\":\"Une affaire devant la Cour f\u00e9d\u00e9rale conteste le respect par le gouvernement de la Charte des droits et libert\u00e9s - CCLA\",\"isPartOf\":{\"@id\":\"https:\\\/\\\/dev.ccla.org\\\/fr\\\/#website\"},\"primaryImageOfPage\":{\"@id\":\"https:\\\/\\\/dev.ccla.org\\\/fr\\\/communiques-de-presse\\\/une-affaire-devant-la-cour-federale-conteste-le-respect-par-le-gouvernement-de-la-charte-des-droits-et-libertes\\\/#primaryimage\"},\"image\":{\"@id\":\"https:\\\/\\\/dev.ccla.org\\\/fr\\\/communiques-de-presse\\\/une-affaire-devant-la-cour-federale-conteste-le-respect-par-le-gouvernement-de-la-charte-des-droits-et-libertes\\\/#primaryimage\"},\"thumbnailUrl\":\"https:\\\/\\\/dev.ccla.org\\\/wp-content\\\/uploads\\\/2021\\\/06\\\/Charter-of-rights-and-freedoms.jpg\",\"datePublished\":\"2015-09-30T04:38:07+00:00\",\"dateModified\":\"2026-04-23T18:39:32+00:00\",\"author\":{\"@id\":\"https:\\\/\\\/dev.ccla.org\\\/fr\\\/#\\\/schema\\\/person\\\/e48728d4a52926205e807fd8c52bf3b0\"},\"breadcrumb\":{\"@id\":\"https:\\\/\\\/dev.ccla.org\\\/fr\\\/communiques-de-presse\\\/une-affaire-devant-la-cour-federale-conteste-le-respect-par-le-gouvernement-de-la-charte-des-droits-et-libertes\\\/#breadcrumb\"},\"inLanguage\":\"fr-CA\",\"potentialAction\":[{\"@type\":\"ReadAction\",\"target\":[\"https:\\\/\\\/dev.ccla.org\\\/fr\\\/communiques-de-presse\\\/une-affaire-devant-la-cour-federale-conteste-le-respect-par-le-gouvernement-de-la-charte-des-droits-et-libertes\\\/\"]}]},{\"@type\":\"ImageObject\",\"inLanguage\":\"fr-CA\",\"@id\":\"https:\\\/\\\/dev.ccla.org\\\/fr\\\/communiques-de-presse\\\/une-affaire-devant-la-cour-federale-conteste-le-respect-par-le-gouvernement-de-la-charte-des-droits-et-libertes\\\/#primaryimage\",\"url\":\"https:\\\/\\\/dev.ccla.org\\\/wp-content\\\/uploads\\\/2021\\\/06\\\/Charter-of-rights-and-freedoms.jpg\",\"contentUrl\":\"https:\\\/\\\/dev.ccla.org\\\/wp-content\\\/uploads\\\/2021\\\/06\\\/Charter-of-rights-and-freedoms.jpg\",\"width\":900,\"height\":745},{\"@type\":\"BreadcrumbList\",\"@id\":\"https:\\\/\\\/dev.ccla.org\\\/fr\\\/communiques-de-presse\\\/une-affaire-devant-la-cour-federale-conteste-le-respect-par-le-gouvernement-de-la-charte-des-droits-et-libertes\\\/#breadcrumb\",\"itemListElement\":[{\"@type\":\"ListItem\",\"position\":1,\"name\":\"Home\",\"item\":\"https:\\\/\\\/dev.ccla.org\\\/fr\\\/accueil\\\/\"},{\"@type\":\"ListItem\",\"position\":2,\"name\":\"Non class\u00e9\",\"item\":\"https:\\\/\\\/dev.ccla.org\\\/fr\\\/category\\\/non-classe\\\/\"},{\"@type\":\"ListItem\",\"position\":3,\"name\":\"Une affaire devant la Cour f\u00e9d\u00e9rale conteste le respect par le gouvernement de la Charte des droits et libert\u00e9s\"}]},{\"@type\":\"WebSite\",\"@id\":\"https:\\\/\\\/dev.ccla.org\\\/fr\\\/#website\",\"url\":\"https:\\\/\\\/dev.ccla.org\\\/fr\\\/\",\"name\":\"CCLA\",\"description\":\"\",\"potentialAction\":[{\"@type\":\"SearchAction\",\"target\":{\"@type\":\"EntryPoint\",\"urlTemplate\":\"https:\\\/\\\/dev.ccla.org\\\/fr\\\/?s={search_term_string}\"},\"query-input\":{\"@type\":\"PropertyValueSpecification\",\"valueRequired\":true,\"valueName\":\"search_term_string\"}}],\"inLanguage\":\"fr-CA\"},{\"@type\":\"Person\",\"@id\":\"https:\\\/\\\/dev.ccla.org\\\/fr\\\/#\\\/schema\\\/person\\\/e48728d4a52926205e807fd8c52bf3b0\",\"name\":\"CCLA\",\"image\":{\"@type\":\"ImageObject\",\"inLanguage\":\"fr-CA\",\"@id\":\"https:\\\/\\\/secure.gravatar.com\\\/avatar\\\/03b13921772ba279da547407d7a85f0b4a10bdf8cc9a026f2ac4e10643eee315?s=96&d=blank&r=g\",\"url\":\"https:\\\/\\\/secure.gravatar.com\\\/avatar\\\/03b13921772ba279da547407d7a85f0b4a10bdf8cc9a026f2ac4e10643eee315?s=96&d=blank&r=g\",\"contentUrl\":\"https:\\\/\\\/secure.gravatar.com\\\/avatar\\\/03b13921772ba279da547407d7a85f0b4a10bdf8cc9a026f2ac4e10643eee315?s=96&d=blank&r=g\",\"caption\":\"CCLA\"},\"url\":\"https:\\\/\\\/dev.ccla.org\\\/fr\\\/author\\\/ccla\\\/\"}]}<\/script>\n<!-- \/ Yoast SEO plugin. -->","yoast_head_json":{"title":"Une affaire devant la Cour f\u00e9d\u00e9rale conteste le respect par le gouvernement de la Charte des droits et libert\u00e9s - CCLA","robots":{"index":"noindex","follow":"follow","max-snippet":"max-snippet:-1","max-image-preview":"max-image-preview:large","max-video-preview":"max-video-preview:-1"},"og_locale":"fr_CA","og_type":"article","og_title":"Une affaire devant la Cour f\u00e9d\u00e9rale conteste le respect par le gouvernement de la Charte des droits et libert\u00e9s - CCLA","og_description":"Ottawa, ON \u2013 La semaine derni\u00e8re, l\u2019Association canadienne des libert\u00e9s civiles (CCLA) est intervenue dans l\u2019affaire de la Cour f\u00e9d\u00e9rale Schmidt c. Procureur g\u00e9n\u00e9ral du Canada, soutenant que (1) le gouvernement a la responsabilit\u00e9 de s\u2019assurer que ses projets de loi respectent la Charte des droits et libert\u00e9s; et (2) le ministre de la Justice a l\u2019obligation de signaler au Parlement des pr\u00e9occupations s\u00e9rieuses concernant la conformit\u00e9 \u2014 et, par cons\u00e9quent, aux Canadiens. \u00c0 la lumi\u00e8re de cette affaire, et du fait que le Canada est un pays engag\u00e9 envers la supr\u00e9matie constitutionnelle, la CCLA appelle les candidats aux \u00e9lections f\u00e9d\u00e9rales \u00e0 reconna\u00eetre leur devoir de respecter la Charte et \u00e0 promettre d\u2019assurer la reddition de comptes dans l\u2019\u00e9laboration des lois.","og_url":"https:\/\/dev.ccla.org\/fr\/communiques-de-presse\/une-affaire-devant-la-cour-federale-conteste-le-respect-par-le-gouvernement-de-la-charte-des-droits-et-libertes\/","og_site_name":"CCLA","article_published_time":"2015-09-30T04:38:07+00:00","article_modified_time":"2026-04-23T18:39:32+00:00","og_image":[{"width":900,"height":745,"url":"https:\/\/dev.ccla.org\/wp-content\/uploads\/2021\/06\/Charter-of-rights-and-freedoms.jpg","type":"image\/jpeg"}],"author":"CCLA","twitter_card":"summary_large_image","twitter_misc":{"\u00c9crit par":"CCLA","Estimation du temps de lecture":"5 minutes"},"schema":{"@context":"https:\/\/schema.org","@graph":[{"@type":"Article","@id":"https:\/\/dev.ccla.org\/fr\/communiques-de-presse\/une-affaire-devant-la-cour-federale-conteste-le-respect-par-le-gouvernement-de-la-charte-des-droits-et-libertes\/#article","isPartOf":{"@id":"https:\/\/dev.ccla.org\/fr\/communiques-de-presse\/une-affaire-devant-la-cour-federale-conteste-le-respect-par-le-gouvernement-de-la-charte-des-droits-et-libertes\/"},"author":{"name":"CCLA","@id":"https:\/\/dev.ccla.org\/fr\/#\/schema\/person\/e48728d4a52926205e807fd8c52bf3b0"},"headline":"Une affaire devant la Cour f\u00e9d\u00e9rale conteste le respect par le gouvernement de la Charte des droits et libert\u00e9s","datePublished":"2015-09-30T04:38:07+00:00","dateModified":"2026-04-23T18:39:32+00:00","mainEntityOfPage":{"@id":"https:\/\/dev.ccla.org\/fr\/communiques-de-presse\/une-affaire-devant-la-cour-federale-conteste-le-respect-par-le-gouvernement-de-la-charte-des-droits-et-libertes\/"},"wordCount":1066,"image":{"@id":"https:\/\/dev.ccla.org\/fr\/communiques-de-presse\/une-affaire-devant-la-cour-federale-conteste-le-respect-par-le-gouvernement-de-la-charte-des-droits-et-libertes\/#primaryimage"},"thumbnailUrl":"https:\/\/dev.ccla.org\/wp-content\/uploads\/2021\/06\/Charter-of-rights-and-freedoms.jpg","articleSection":["COMMUNIQU\u00c9S DE PRESSE","LIBERT\u00c9S FONDAMENTALES"],"inLanguage":"fr-CA"},{"@type":"WebPage","@id":"https:\/\/dev.ccla.org\/fr\/communiques-de-presse\/une-affaire-devant-la-cour-federale-conteste-le-respect-par-le-gouvernement-de-la-charte-des-droits-et-libertes\/","url":"https:\/\/dev.ccla.org\/fr\/communiques-de-presse\/une-affaire-devant-la-cour-federale-conteste-le-respect-par-le-gouvernement-de-la-charte-des-droits-et-libertes\/","name":"Une affaire devant la Cour f\u00e9d\u00e9rale conteste le respect par le gouvernement de la Charte des droits et libert\u00e9s - CCLA","isPartOf":{"@id":"https:\/\/dev.ccla.org\/fr\/#website"},"primaryImageOfPage":{"@id":"https:\/\/dev.ccla.org\/fr\/communiques-de-presse\/une-affaire-devant-la-cour-federale-conteste-le-respect-par-le-gouvernement-de-la-charte-des-droits-et-libertes\/#primaryimage"},"image":{"@id":"https:\/\/dev.ccla.org\/fr\/communiques-de-presse\/une-affaire-devant-la-cour-federale-conteste-le-respect-par-le-gouvernement-de-la-charte-des-droits-et-libertes\/#primaryimage"},"thumbnailUrl":"https:\/\/dev.ccla.org\/wp-content\/uploads\/2021\/06\/Charter-of-rights-and-freedoms.jpg","datePublished":"2015-09-30T04:38:07+00:00","dateModified":"2026-04-23T18:39:32+00:00","author":{"@id":"https:\/\/dev.ccla.org\/fr\/#\/schema\/person\/e48728d4a52926205e807fd8c52bf3b0"},"breadcrumb":{"@id":"https:\/\/dev.ccla.org\/fr\/communiques-de-presse\/une-affaire-devant-la-cour-federale-conteste-le-respect-par-le-gouvernement-de-la-charte-des-droits-et-libertes\/#breadcrumb"},"inLanguage":"fr-CA","potentialAction":[{"@type":"ReadAction","target":["https:\/\/dev.ccla.org\/fr\/communiques-de-presse\/une-affaire-devant-la-cour-federale-conteste-le-respect-par-le-gouvernement-de-la-charte-des-droits-et-libertes\/"]}]},{"@type":"ImageObject","inLanguage":"fr-CA","@id":"https:\/\/dev.ccla.org\/fr\/communiques-de-presse\/une-affaire-devant-la-cour-federale-conteste-le-respect-par-le-gouvernement-de-la-charte-des-droits-et-libertes\/#primaryimage","url":"https:\/\/dev.ccla.org\/wp-content\/uploads\/2021\/06\/Charter-of-rights-and-freedoms.jpg","contentUrl":"https:\/\/dev.ccla.org\/wp-content\/uploads\/2021\/06\/Charter-of-rights-and-freedoms.jpg","width":900,"height":745},{"@type":"BreadcrumbList","@id":"https:\/\/dev.ccla.org\/fr\/communiques-de-presse\/une-affaire-devant-la-cour-federale-conteste-le-respect-par-le-gouvernement-de-la-charte-des-droits-et-libertes\/#breadcrumb","itemListElement":[{"@type":"ListItem","position":1,"name":"Home","item":"https:\/\/dev.ccla.org\/fr\/accueil\/"},{"@type":"ListItem","position":2,"name":"Non class\u00e9","item":"https:\/\/dev.ccla.org\/fr\/category\/non-classe\/"},{"@type":"ListItem","position":3,"name":"Une affaire devant la Cour f\u00e9d\u00e9rale conteste le respect par le gouvernement de la Charte des droits et libert\u00e9s"}]},{"@type":"WebSite","@id":"https:\/\/dev.ccla.org\/fr\/#website","url":"https:\/\/dev.ccla.org\/fr\/","name":"CCLA","description":"","potentialAction":[{"@type":"SearchAction","target":{"@type":"EntryPoint","urlTemplate":"https:\/\/dev.ccla.org\/fr\/?s={search_term_string}"},"query-input":{"@type":"PropertyValueSpecification","valueRequired":true,"valueName":"search_term_string"}}],"inLanguage":"fr-CA"},{"@type":"Person","@id":"https:\/\/dev.ccla.org\/fr\/#\/schema\/person\/e48728d4a52926205e807fd8c52bf3b0","name":"CCLA","image":{"@type":"ImageObject","inLanguage":"fr-CA","@id":"https:\/\/secure.gravatar.com\/avatar\/03b13921772ba279da547407d7a85f0b4a10bdf8cc9a026f2ac4e10643eee315?s=96&d=blank&r=g","url":"https:\/\/secure.gravatar.com\/avatar\/03b13921772ba279da547407d7a85f0b4a10bdf8cc9a026f2ac4e10643eee315?s=96&d=blank&r=g","contentUrl":"https:\/\/secure.gravatar.com\/avatar\/03b13921772ba279da547407d7a85f0b4a10bdf8cc9a026f2ac4e10643eee315?s=96&d=blank&r=g","caption":"CCLA"},"url":"https:\/\/dev.ccla.org\/fr\/author\/ccla\/"}]}},"_links":{"self":[{"href":"https:\/\/dev.ccla.org\/fr\/wp-json\/wp\/v2\/posts\/16282","targetHints":{"allow":["GET"]}}],"collection":[{"href":"https:\/\/dev.ccla.org\/fr\/wp-json\/wp\/v2\/posts"}],"about":[{"href":"https:\/\/dev.ccla.org\/fr\/wp-json\/wp\/v2\/types\/post"}],"author":[{"embeddable":true,"href":"https:\/\/dev.ccla.org\/fr\/wp-json\/wp\/v2\/users\/4"}],"replies":[{"embeddable":true,"href":"https:\/\/dev.ccla.org\/fr\/wp-json\/wp\/v2\/comments?post=16282"}],"version-history":[{"count":1,"href":"https:\/\/dev.ccla.org\/fr\/wp-json\/wp\/v2\/posts\/16282\/revisions"}],"predecessor-version":[{"id":16290,"href":"https:\/\/dev.ccla.org\/fr\/wp-json\/wp\/v2\/posts\/16282\/revisions\/16290"}],"wp:featuredmedia":[{"embeddable":true,"href":"https:\/\/dev.ccla.org\/fr\/wp-json\/wp\/v2\/media\/16284"}],"wp:attachment":[{"href":"https:\/\/dev.ccla.org\/fr\/wp-json\/wp\/v2\/media?parent=16282"}],"wp:term":[{"taxonomy":"category","embeddable":true,"href":"https:\/\/dev.ccla.org\/fr\/wp-json\/wp\/v2\/categories?post=16282"},{"taxonomy":"post_tag","embeddable":true,"href":"https:\/\/dev.ccla.org\/fr\/wp-json\/wp\/v2\/tags?post=16282"}],"curies":[{"name":"wp","href":"https:\/\/api.w.org\/{rel}","templated":true}]}}