{"id":16206,"date":"2021-05-03T17:17:23","date_gmt":"2021-05-03T21:17:23","guid":{"rendered":"https:\/\/dev.ccla.org\/non-classe\/manifester-pendant-une-pandemie-reponses-des-etats-pendant-la-covid-19\/"},"modified":"2021-05-03T17:17:23","modified_gmt":"2021-05-03T21:17:23","slug":"manifester-pendant-une-pandemie-reponses-des-etats-pendant-la-covid-19","status":"publish","type":"post","link":"https:\/\/dev.ccla.org\/fr\/informez-vous\/inclo\/manifester-pendant-une-pandemie-reponses-des-etats-pendant-la-covid-19\/","title":{"rendered":"Manifester pendant une pand\u00e9mie : r\u00e9ponses des \u00c9tats pendant la COVID-19"},"content":{"rendered":"","protected":false},"excerpt":{"rendered":"<p>Un document th\u00e9matique de l\u2019INCLO qui documente et analyse les manifestations et les r\u00e9ponses des \u00c9tats affectant le droit de protester, ainsi que met en lumi\u00e8re le travail des membres de l\u2019INCLO dans 14 pays au c\u0153ur de la pand\u00e9mie mondiale de 2020.<\/p>\n","protected":false},"author":14,"featured_media":16208,"comment_status":"closed","ping_status":"closed","sticky":false,"template":"","format":"link","meta":{"footnotes":""},"categories":[336],"tags":[],"class_list":{"0":"post-16206","1":"post","2":"type-post","3":"status-publish","4":"format-link","5":"has-post-thumbnail","7":"category-inclo","8":"post_format-post-format-link"},"yoast_head":"<!-- This site is optimized with the Yoast SEO plugin v27.4 - https:\/\/yoast.com\/product\/yoast-seo-wordpress\/ -->\n<title>Manifester pendant une pand\u00e9mie : r\u00e9ponses des \u00c9tats pendant la COVID-19 - CCLA<\/title>\n<meta name=\"robots\" content=\"noindex, follow, max-snippet:-1, max-image-preview:large, max-video-preview:-1\" \/>\n<meta property=\"og:locale\" content=\"fr_CA\" \/>\n<meta property=\"og:type\" content=\"article\" \/>\n<meta property=\"og:title\" content=\"Manifester pendant une pand\u00e9mie : r\u00e9ponses des \u00c9tats pendant la COVID-19 - CCLA\" \/>\n<meta property=\"og:description\" content=\"Un document th\u00e9matique de l\u2019INCLO qui documente et analyse les manifestations et les r\u00e9ponses des \u00c9tats affectant le droit de protester, ainsi que met en lumi\u00e8re le travail des membres de l\u2019INCLO dans 14 pays au c\u0153ur de la pand\u00e9mie mondiale de 2020.\" \/>\n<meta property=\"og:url\" content=\"https:\/\/dev.ccla.org\/fr\/informez-vous\/inclo\/manifester-pendant-une-pandemie-reponses-des-etats-pendant-la-covid-19\/\" \/>\n<meta property=\"og:site_name\" content=\"CCLA\" \/>\n<meta property=\"article:published_time\" content=\"2021-05-03T21:17:23+00:00\" \/>\n<meta property=\"og:image\" content=\"https:\/\/dev.ccla.org\/wp-content\/uploads\/2021\/09\/Protest-and-State-Response-INCLO.jpg\" \/>\n\t<meta property=\"og:image:width\" content=\"2000\" \/>\n\t<meta property=\"og:image:height\" content=\"800\" \/>\n\t<meta property=\"og:image:type\" content=\"image\/jpeg\" \/>\n<meta name=\"author\" content=\"Guest Author\" \/>\n<meta name=\"twitter:card\" content=\"summary_large_image\" \/>\n<meta name=\"twitter:label1\" content=\"\u00c9crit par\" \/>\n\t<meta name=\"twitter:data1\" content=\"Guest Author\" \/>\n<script type=\"application\/ld+json\" class=\"yoast-schema-graph\">{\"@context\":\"https:\\\/\\\/schema.org\",\"@graph\":[{\"@type\":\"Article\",\"@id\":\"https:\\\/\\\/dev.ccla.org\\\/fr\\\/informez-vous\\\/inclo\\\/manifester-pendant-une-pandemie-reponses-des-etats-pendant-la-covid-19\\\/#article\",\"isPartOf\":{\"@id\":\"https:\\\/\\\/dev.ccla.org\\\/fr\\\/informez-vous\\\/inclo\\\/manifester-pendant-une-pandemie-reponses-des-etats-pendant-la-covid-19\\\/\"},\"author\":{\"name\":\"Guest Author\",\"@id\":\"https:\\\/\\\/dev.ccla.org\\\/fr\\\/#\\\/schema\\\/person\\\/d3275a5ece5eb32465424bbde4daee41\"},\"headline\":\"Manifester pendant une pand\u00e9mie : r\u00e9ponses des \u00c9tats pendant la COVID-19\",\"datePublished\":\"2021-05-03T21:17:23+00:00\",\"mainEntityOfPage\":{\"@id\":\"https:\\\/\\\/dev.ccla.org\\\/fr\\\/informez-vous\\\/inclo\\\/manifester-pendant-une-pandemie-reponses-des-etats-pendant-la-covid-19\\\/\"},\"wordCount\":12,\"image\":{\"@id\":\"https:\\\/\\\/dev.ccla.org\\\/fr\\\/informez-vous\\\/inclo\\\/manifester-pendant-une-pandemie-reponses-des-etats-pendant-la-covid-19\\\/#primaryimage\"},\"thumbnailUrl\":\"https:\\\/\\\/dev.ccla.org\\\/wp-content\\\/uploads\\\/2021\\\/09\\\/Protest-and-State-Response-INCLO.jpg\",\"articleSection\":[\"INCLO\"],\"inLanguage\":\"fr-CA\"},{\"@type\":\"WebPage\",\"@id\":\"https:\\\/\\\/dev.ccla.org\\\/fr\\\/informez-vous\\\/inclo\\\/manifester-pendant-une-pandemie-reponses-des-etats-pendant-la-covid-19\\\/\",\"url\":\"https:\\\/\\\/dev.ccla.org\\\/fr\\\/informez-vous\\\/inclo\\\/manifester-pendant-une-pandemie-reponses-des-etats-pendant-la-covid-19\\\/\",\"name\":\"Manifester pendant une pand\u00e9mie : r\u00e9ponses des \u00c9tats pendant la COVID-19 - CCLA\",\"isPartOf\":{\"@id\":\"https:\\\/\\\/dev.ccla.org\\\/fr\\\/#website\"},\"primaryImageOfPage\":{\"@id\":\"https:\\\/\\\/dev.ccla.org\\\/fr\\\/informez-vous\\\/inclo\\\/manifester-pendant-une-pandemie-reponses-des-etats-pendant-la-covid-19\\\/#primaryimage\"},\"image\":{\"@id\":\"https:\\\/\\\/dev.ccla.org\\\/fr\\\/informez-vous\\\/inclo\\\/manifester-pendant-une-pandemie-reponses-des-etats-pendant-la-covid-19\\\/#primaryimage\"},\"thumbnailUrl\":\"https:\\\/\\\/dev.ccla.org\\\/wp-content\\\/uploads\\\/2021\\\/09\\\/Protest-and-State-Response-INCLO.jpg\",\"datePublished\":\"2021-05-03T21:17:23+00:00\",\"author\":{\"@id\":\"https:\\\/\\\/dev.ccla.org\\\/fr\\\/#\\\/schema\\\/person\\\/d3275a5ece5eb32465424bbde4daee41\"},\"breadcrumb\":{\"@id\":\"https:\\\/\\\/dev.ccla.org\\\/fr\\\/informez-vous\\\/inclo\\\/manifester-pendant-une-pandemie-reponses-des-etats-pendant-la-covid-19\\\/#breadcrumb\"},\"inLanguage\":\"fr-CA\",\"potentialAction\":[{\"@type\":\"ReadAction\",\"target\":[\"https:\\\/\\\/dev.ccla.org\\\/fr\\\/informez-vous\\\/inclo\\\/manifester-pendant-une-pandemie-reponses-des-etats-pendant-la-covid-19\\\/\"]}]},{\"@type\":\"ImageObject\",\"inLanguage\":\"fr-CA\",\"@id\":\"https:\\\/\\\/dev.ccla.org\\\/fr\\\/informez-vous\\\/inclo\\\/manifester-pendant-une-pandemie-reponses-des-etats-pendant-la-covid-19\\\/#primaryimage\",\"url\":\"https:\\\/\\\/dev.ccla.org\\\/wp-content\\\/uploads\\\/2021\\\/09\\\/Protest-and-State-Response-INCLO.jpg\",\"contentUrl\":\"https:\\\/\\\/dev.ccla.org\\\/wp-content\\\/uploads\\\/2021\\\/09\\\/Protest-and-State-Response-INCLO.jpg\",\"width\":2000,\"height\":800},{\"@type\":\"BreadcrumbList\",\"@id\":\"https:\\\/\\\/dev.ccla.org\\\/fr\\\/informez-vous\\\/inclo\\\/manifester-pendant-une-pandemie-reponses-des-etats-pendant-la-covid-19\\\/#breadcrumb\",\"itemListElement\":[{\"@type\":\"ListItem\",\"position\":1,\"name\":\"Home\",\"item\":\"https:\\\/\\\/dev.ccla.org\\\/fr\\\/accueil\\\/\"},{\"@type\":\"ListItem\",\"position\":2,\"name\":\"INFORMEZ-VOUS\",\"item\":\"https:\\\/\\\/dev.ccla.org\\\/fr\\\/category\\\/informez-vous\\\/\"},{\"@type\":\"ListItem\",\"position\":3,\"name\":\"INCLO\",\"item\":\"https:\\\/\\\/dev.ccla.org\\\/fr\\\/category\\\/informez-vous\\\/inclo\\\/\"},{\"@type\":\"ListItem\",\"position\":4,\"name\":\"Manifester pendant une pand\u00e9mie : r\u00e9ponses des \u00c9tats pendant la COVID-19\"}]},{\"@type\":\"WebSite\",\"@id\":\"https:\\\/\\\/dev.ccla.org\\\/fr\\\/#website\",\"url\":\"https:\\\/\\\/dev.ccla.org\\\/fr\\\/\",\"name\":\"CCLA\",\"description\":\"\",\"potentialAction\":[{\"@type\":\"SearchAction\",\"target\":{\"@type\":\"EntryPoint\",\"urlTemplate\":\"https:\\\/\\\/dev.ccla.org\\\/fr\\\/?s={search_term_string}\"},\"query-input\":{\"@type\":\"PropertyValueSpecification\",\"valueRequired\":true,\"valueName\":\"search_term_string\"}}],\"inLanguage\":\"fr-CA\"},{\"@type\":\"Person\",\"@id\":\"https:\\\/\\\/dev.ccla.org\\\/fr\\\/#\\\/schema\\\/person\\\/d3275a5ece5eb32465424bbde4daee41\",\"name\":\"Guest Author\",\"image\":{\"@type\":\"ImageObject\",\"inLanguage\":\"fr-CA\",\"@id\":\"https:\\\/\\\/secure.gravatar.com\\\/avatar\\\/b93f74bbad285b8a05223362625bef519ea64919467ad29bf056a5267af7d9eb?s=96&d=blank&r=g\",\"url\":\"https:\\\/\\\/secure.gravatar.com\\\/avatar\\\/b93f74bbad285b8a05223362625bef519ea64919467ad29bf056a5267af7d9eb?s=96&d=blank&r=g\",\"contentUrl\":\"https:\\\/\\\/secure.gravatar.com\\\/avatar\\\/b93f74bbad285b8a05223362625bef519ea64919467ad29bf056a5267af7d9eb?s=96&d=blank&r=g\",\"caption\":\"Guest Author\"},\"url\":\"https:\\\/\\\/dev.ccla.org\\\/fr\\\/author\\\/guest\\\/\"}]}<\/script>\n<!-- \/ Yoast SEO plugin. -->","yoast_head_json":{"title":"Manifester pendant une pand\u00e9mie : r\u00e9ponses des \u00c9tats pendant la COVID-19 - CCLA","robots":{"index":"noindex","follow":"follow","max-snippet":"max-snippet:-1","max-image-preview":"max-image-preview:large","max-video-preview":"max-video-preview:-1"},"og_locale":"fr_CA","og_type":"article","og_title":"Manifester pendant une pand\u00e9mie : r\u00e9ponses des \u00c9tats pendant la COVID-19 - CCLA","og_description":"Un document th\u00e9matique de l\u2019INCLO qui documente et analyse les manifestations et les r\u00e9ponses des \u00c9tats affectant le droit de protester, ainsi que met en lumi\u00e8re le travail des membres de l\u2019INCLO dans 14 pays au c\u0153ur de la pand\u00e9mie mondiale de 2020.","og_url":"https:\/\/dev.ccla.org\/fr\/informez-vous\/inclo\/manifester-pendant-une-pandemie-reponses-des-etats-pendant-la-covid-19\/","og_site_name":"CCLA","article_published_time":"2021-05-03T21:17:23+00:00","og_image":[{"width":2000,"height":800,"url":"https:\/\/dev.ccla.org\/wp-content\/uploads\/2021\/09\/Protest-and-State-Response-INCLO.jpg","type":"image\/jpeg"}],"author":"Guest Author","twitter_card":"summary_large_image","twitter_misc":{"\u00c9crit par":"Guest Author"},"schema":{"@context":"https:\/\/schema.org","@graph":[{"@type":"Article","@id":"https:\/\/dev.ccla.org\/fr\/informez-vous\/inclo\/manifester-pendant-une-pandemie-reponses-des-etats-pendant-la-covid-19\/#article","isPartOf":{"@id":"https:\/\/dev.ccla.org\/fr\/informez-vous\/inclo\/manifester-pendant-une-pandemie-reponses-des-etats-pendant-la-covid-19\/"},"author":{"name":"Guest Author","@id":"https:\/\/dev.ccla.org\/fr\/#\/schema\/person\/d3275a5ece5eb32465424bbde4daee41"},"headline":"Manifester pendant une pand\u00e9mie : r\u00e9ponses des \u00c9tats pendant la COVID-19","datePublished":"2021-05-03T21:17:23+00:00","mainEntityOfPage":{"@id":"https:\/\/dev.ccla.org\/fr\/informez-vous\/inclo\/manifester-pendant-une-pandemie-reponses-des-etats-pendant-la-covid-19\/"},"wordCount":12,"image":{"@id":"https:\/\/dev.ccla.org\/fr\/informez-vous\/inclo\/manifester-pendant-une-pandemie-reponses-des-etats-pendant-la-covid-19\/#primaryimage"},"thumbnailUrl":"https:\/\/dev.ccla.org\/wp-content\/uploads\/2021\/09\/Protest-and-State-Response-INCLO.jpg","articleSection":["INCLO"],"inLanguage":"fr-CA"},{"@type":"WebPage","@id":"https:\/\/dev.ccla.org\/fr\/informez-vous\/inclo\/manifester-pendant-une-pandemie-reponses-des-etats-pendant-la-covid-19\/","url":"https:\/\/dev.ccla.org\/fr\/informez-vous\/inclo\/manifester-pendant-une-pandemie-reponses-des-etats-pendant-la-covid-19\/","name":"Manifester pendant une pand\u00e9mie : r\u00e9ponses des \u00c9tats pendant la COVID-19 - CCLA","isPartOf":{"@id":"https:\/\/dev.ccla.org\/fr\/#website"},"primaryImageOfPage":{"@id":"https:\/\/dev.ccla.org\/fr\/informez-vous\/inclo\/manifester-pendant-une-pandemie-reponses-des-etats-pendant-la-covid-19\/#primaryimage"},"image":{"@id":"https:\/\/dev.ccla.org\/fr\/informez-vous\/inclo\/manifester-pendant-une-pandemie-reponses-des-etats-pendant-la-covid-19\/#primaryimage"},"thumbnailUrl":"https:\/\/dev.ccla.org\/wp-content\/uploads\/2021\/09\/Protest-and-State-Response-INCLO.jpg","datePublished":"2021-05-03T21:17:23+00:00","author":{"@id":"https:\/\/dev.ccla.org\/fr\/#\/schema\/person\/d3275a5ece5eb32465424bbde4daee41"},"breadcrumb":{"@id":"https:\/\/dev.ccla.org\/fr\/informez-vous\/inclo\/manifester-pendant-une-pandemie-reponses-des-etats-pendant-la-covid-19\/#breadcrumb"},"inLanguage":"fr-CA","potentialAction":[{"@type":"ReadAction","target":["https:\/\/dev.ccla.org\/fr\/informez-vous\/inclo\/manifester-pendant-une-pandemie-reponses-des-etats-pendant-la-covid-19\/"]}]},{"@type":"ImageObject","inLanguage":"fr-CA","@id":"https:\/\/dev.ccla.org\/fr\/informez-vous\/inclo\/manifester-pendant-une-pandemie-reponses-des-etats-pendant-la-covid-19\/#primaryimage","url":"https:\/\/dev.ccla.org\/wp-content\/uploads\/2021\/09\/Protest-and-State-Response-INCLO.jpg","contentUrl":"https:\/\/dev.ccla.org\/wp-content\/uploads\/2021\/09\/Protest-and-State-Response-INCLO.jpg","width":2000,"height":800},{"@type":"BreadcrumbList","@id":"https:\/\/dev.ccla.org\/fr\/informez-vous\/inclo\/manifester-pendant-une-pandemie-reponses-des-etats-pendant-la-covid-19\/#breadcrumb","itemListElement":[{"@type":"ListItem","position":1,"name":"Home","item":"https:\/\/dev.ccla.org\/fr\/accueil\/"},{"@type":"ListItem","position":2,"name":"INFORMEZ-VOUS","item":"https:\/\/dev.ccla.org\/fr\/category\/informez-vous\/"},{"@type":"ListItem","position":3,"name":"INCLO","item":"https:\/\/dev.ccla.org\/fr\/category\/informez-vous\/inclo\/"},{"@type":"ListItem","position":4,"name":"Manifester pendant une pand\u00e9mie : r\u00e9ponses des \u00c9tats pendant la COVID-19"}]},{"@type":"WebSite","@id":"https:\/\/dev.ccla.org\/fr\/#website","url":"https:\/\/dev.ccla.org\/fr\/","name":"CCLA","description":"","potentialAction":[{"@type":"SearchAction","target":{"@type":"EntryPoint","urlTemplate":"https:\/\/dev.ccla.org\/fr\/?s={search_term_string}"},"query-input":{"@type":"PropertyValueSpecification","valueRequired":true,"valueName":"search_term_string"}}],"inLanguage":"fr-CA"},{"@type":"Person","@id":"https:\/\/dev.ccla.org\/fr\/#\/schema\/person\/d3275a5ece5eb32465424bbde4daee41","name":"Guest Author","image":{"@type":"ImageObject","inLanguage":"fr-CA","@id":"https:\/\/secure.gravatar.com\/avatar\/b93f74bbad285b8a05223362625bef519ea64919467ad29bf056a5267af7d9eb?s=96&d=blank&r=g","url":"https:\/\/secure.gravatar.com\/avatar\/b93f74bbad285b8a05223362625bef519ea64919467ad29bf056a5267af7d9eb?s=96&d=blank&r=g","contentUrl":"https:\/\/secure.gravatar.com\/avatar\/b93f74bbad285b8a05223362625bef519ea64919467ad29bf056a5267af7d9eb?s=96&d=blank&r=g","caption":"Guest Author"},"url":"https:\/\/dev.ccla.org\/fr\/author\/guest\/"}]}},"_links":{"self":[{"href":"https:\/\/dev.ccla.org\/fr\/wp-json\/wp\/v2\/posts\/16206","targetHints":{"allow":["GET"]}}],"collection":[{"href":"https:\/\/dev.ccla.org\/fr\/wp-json\/wp\/v2\/posts"}],"about":[{"href":"https:\/\/dev.ccla.org\/fr\/wp-json\/wp\/v2\/types\/post"}],"author":[{"embeddable":true,"href":"https:\/\/dev.ccla.org\/fr\/wp-json\/wp\/v2\/users\/14"}],"replies":[{"embeddable":true,"href":"https:\/\/dev.ccla.org\/fr\/wp-json\/wp\/v2\/comments?post=16206"}],"version-history":[{"count":0,"href":"https:\/\/dev.ccla.org\/fr\/wp-json\/wp\/v2\/posts\/16206\/revisions"}],"wp:featuredmedia":[{"embeddable":true,"href":"https:\/\/dev.ccla.org\/fr\/wp-json\/wp\/v2\/media\/16208"}],"wp:attachment":[{"href":"https:\/\/dev.ccla.org\/fr\/wp-json\/wp\/v2\/media?parent=16206"}],"wp:term":[{"taxonomy":"category","embeddable":true,"href":"https:\/\/dev.ccla.org\/fr\/wp-json\/wp\/v2\/categories?post=16206"},{"taxonomy":"post_tag","embeddable":true,"href":"https:\/\/dev.ccla.org\/fr\/wp-json\/wp\/v2\/tags?post=16206"}],"curies":[{"name":"wp","href":"https:\/\/api.w.org\/{rel}","templated":true}]}}