{"id":16142,"date":"2021-03-11T04:39:03","date_gmt":"2021-03-11T09:39:03","guid":{"rendered":"https:\/\/dev.ccla.org\/non-classe\/problemes-persistants-lies-aux-restrictions-de-voyage\/"},"modified":"2026-04-23T14:38:33","modified_gmt":"2026-04-23T18:38:33","slug":"problemes-persistants-lies-aux-restrictions-de-voyage","status":"publish","type":"post","link":"https:\/\/dev.ccla.org\/fr\/libertes-fondamentales\/problemes-persistants-lies-aux-restrictions-de-voyage\/","title":{"rendered":"Probl\u00e8mes persistants li\u00e9s aux restrictions de voyage"},"content":{"rendered":"[vc_row type=\u00a0\u00bbin_container\u00a0\u00bb full_screen_row_position=\u00a0\u00bbmiddle\u00a0\u00bb column_margin=\u00a0\u00bbdefault\u00a0\u00bb column_direction=\u00a0\u00bbdefault\u00a0\u00bb column_direction_tablet=\u00a0\u00bbdefault\u00a0\u00bb column_direction_phone=\u00a0\u00bbdefault\u00a0\u00bb scene_position=\u00a0\u00bbcenter\u00a0\u00bb text_color=\u00a0\u00bbdark\u00a0\u00bb text_align=\u00a0\u00bbleft\u00a0\u00bb row_border_radius=\u00a0\u00bbnone\u00a0\u00bb row_border_radius_applies=\u00a0\u00bbbg\u00a0\u00bb overlay_strength=\u00a0\u00bb0.3&Prime; gradient_direction=\u00a0\u00bbleft_to_right\u00a0\u00bb shape_divider_position=\u00a0\u00bbbottom\u00a0\u00bb bg_image_animation=\u00a0\u00bbnone\u00a0\u00bb][vc_column column_padding=\u00a0\u00bbno-extra-padding\u00a0\u00bb column_padding_tablet=\u00a0\u00bbinherit\u00a0\u00bb column_padding_phone=\u00a0\u00bbinherit\u00a0\u00bb column_padding_position=\u00a0\u00bball\u00a0\u00bb column_element_spacing=\u00a0\u00bbdefault\u00a0\u00bb background_color_opacity=\u00a0\u00bb1&Prime; background_hover_color_opacity=\u00a0\u00bb1&Prime; column_shadow=\u00a0\u00bbnone\u00a0\u00bb column_border_radius=\u00a0\u00bbnone\u00a0\u00bb column_link_target=\u00a0\u00bb_self\u00a0\u00bb gradient_direction=\u00a0\u00bbleft_to_right\u00a0\u00bb overlay_strength=\u00a0\u00bb0.3&Prime; width=\u00a0\u00bb1\/1&Prime; tablet_width_inherit=\u00a0\u00bbdefault\u00a0\u00bb tablet_text_alignment=\u00a0\u00bbdefault\u00a0\u00bb phone_text_alignment=\u00a0\u00bbdefault\u00a0\u00bb bg_image_animation=\u00a0\u00bbnone\u00a0\u00bb border_type=\u00a0\u00bbsimple\u00a0\u00bb column_border_width=\u00a0\u00bbnone\u00a0\u00bb column_border_style=\u00a0\u00bbsolid\u00a0\u00bb][nectar_global_section id=\u00a0\u00bb1355&Prime;][\/vc_column][\/vc_row][vc_row type=\u00a0\u00bbfull_width_background\u00a0\u00bb full_screen_row_position=\u00a0\u00bbmiddle\u00a0\u00bb column_margin=\u00a0\u00bbdefault\u00a0\u00bb column_direction=\u00a0\u00bbdefault\u00a0\u00bb column_direction_tablet=\u00a0\u00bbdefault\u00a0\u00bb column_direction_phone=\u00a0\u00bbdefault\u00a0\u00bb scene_position=\u00a0\u00bbcenter\u00a0\u00bb top_padding=\u00a0\u00bb4%\u00a0\u00bb constrain_group_1=\u00a0\u00bbyes\u00a0\u00bb bottom_padding=\u00a0\u00bb4%\u00a0\u00bb text_color=\u00a0\u00bbdark\u00a0\u00bb text_align=\u00a0\u00bbleft\u00a0\u00bb row_border_radius=\u00a0\u00bbnone\u00a0\u00bb row_border_radius_applies=\u00a0\u00bbbg\u00a0\u00bb class=\u00a0\u00bbpost-links\u00a0\u00bb overlay_strength=\u00a0\u00bb0.3&Prime; gradient_direction=\u00a0\u00bbleft_to_right\u00a0\u00bb shape_divider_position=\u00a0\u00bbbottom\u00a0\u00bb bg_image_animation=\u00a0\u00bbnone\u00a0\u00bb shape_type=\u00a0\u00bb\u00a0\u00bb][vc_column column_padding=\u00a0\u00bbno-extra-padding\u00a0\u00bb column_padding_tablet=\u00a0\u00bbinherit\u00a0\u00bb column_padding_phone=\u00a0\u00bbinherit\u00a0\u00bb column_padding_position=\u00a0\u00bball\u00a0\u00bb column_element_spacing=\u00a0\u00bbdefault\u00a0\u00bb background_color_opacity=\u00a0\u00bb1&Prime; background_hover_color_opacity=\u00a0\u00bb1&Prime; column_shadow=\u00a0\u00bbnone\u00a0\u00bb column_border_radius=\u00a0\u00bbnone\u00a0\u00bb column_link_target=\u00a0\u00bb_self\u00a0\u00bb gradient_direction=\u00a0\u00bbleft_to_right\u00a0\u00bb overlay_strength=\u00a0\u00bb0.3&Prime; width=\u00a0\u00bb1\/1&Prime; tablet_width_inherit=\u00a0\u00bbdefault\u00a0\u00bb tablet_text_alignment=\u00a0\u00bbdefault\u00a0\u00bb phone_text_alignment=\u00a0\u00bbdefault\u00a0\u00bb bg_image_animation=\u00a0\u00bbnone\u00a0\u00bb border_type=\u00a0\u00bbsimple\u00a0\u00bb column_border_width=\u00a0\u00bbnone\u00a0\u00bb column_border_style=\u00a0\u00bbsolid\u00a0\u00bb][divider line_type=\u00a0\u00bbNo Line\u00a0\u00bb custom_height=\u00a0\u00bb30&Prime;][vc_column_text]11 mars 2021<\/p>\n<p>Dans une lettre dat\u00e9e du 10 mars, nous avons envoy\u00e9 une autre lettre au gouvernement f\u00e9d\u00e9ral concernant nos pr\u00e9occupations persistantes concernant les restrictions de voyage et les r\u00e8gles mises en \u0153uvre par le d\u00e9cret 2021-0075 du 22 f\u00e9vrier 2021.<\/p>\n<p><strong><a href=\"https:\/\/dev.ccla.org\/wp-content\/uploads\/2021\/06\/2021-03-10-Letter-re-Travel-Ongoing-Concerns.pdf\" target=\"_blank\" rel=\"noopener\">Lisez la lettre compl\u00e8te ici.<\/a><\/strong>[\/vc_column_text][\/vc_column][\/vc_row][vc_row type=\u00a0\u00bbin_container\u00a0\u00bb full_screen_row_position=\u00a0\u00bbmiddle\u00a0\u00bb column_margin=\u00a0\u00bbdefault\u00a0\u00bb column_direction=\u00a0\u00bbdefault\u00a0\u00bb column_direction_tablet=\u00a0\u00bbdefault\u00a0\u00bb column_direction_phone=\u00a0\u00bbdefault\u00a0\u00bb scene_position=\u00a0\u00bbcenter\u00a0\u00bb text_color=\u00a0\u00bbdark\u00a0\u00bb text_align=\u00a0\u00bbleft\u00a0\u00bb row_border_radius=\u00a0\u00bbnone\u00a0\u00bb row_border_radius_applies=\u00a0\u00bbbg\u00a0\u00bb overlay_strength=\u00a0\u00bb0.3&Prime; gradient_direction=\u00a0\u00bbleft_to_right\u00a0\u00bb shape_divider_position=\u00a0\u00bbbottom\u00a0\u00bb bg_image_animation=\u00a0\u00bbnone\u00a0\u00bb][vc_column column_padding=\u00a0\u00bbno-extra-padding\u00a0\u00bb column_padding_tablet=\u00a0\u00bbinherit\u00a0\u00bb column_padding_phone=\u00a0\u00bbinherit\u00a0\u00bb column_padding_position=\u00a0\u00bball\u00a0\u00bb column_element_spacing=\u00a0\u00bbdefault\u00a0\u00bb background_color_opacity=\u00a0\u00bb1&Prime; background_hover_color_opacity=\u00a0\u00bb1&Prime; column_shadow=\u00a0\u00bbnone\u00a0\u00bb column_border_radius=\u00a0\u00bbnone\u00a0\u00bb column_link_target=\u00a0\u00bb_self\u00a0\u00bb gradient_direction=\u00a0\u00bbleft_to_right\u00a0\u00bb overlay_strength=\u00a0\u00bb0.3&Prime; width=\u00a0\u00bb1\/1&Prime; tablet_width_inherit=\u00a0\u00bbdefault\u00a0\u00bb tablet_text_alignment=\u00a0\u00bbdefault\u00a0\u00bb phone_text_alignment=\u00a0\u00bbdefault\u00a0\u00bb bg_image_animation=\u00a0\u00bbnone\u00a0\u00bb border_type=\u00a0\u00bbsimple\u00a0\u00bb column_border_width=\u00a0\u00bbnone\u00a0\u00bb column_border_style=\u00a0\u00bbsolid\u00a0\u00bb][nectar_global_section id=\u00a0\u00bb1461&Prime;][\/vc_column][\/vc_row]\n","protected":false},"excerpt":{"rendered":"<p>Dans une lettre dat\u00e9e du 10 mars, nous avons envoy\u00e9 une autre lettre au gouvernement f\u00e9d\u00e9ral concernant nos pr\u00e9occupations persistantes concernant les restrictions et r\u00e8gles de voyage mises en place par le d\u00e9cret 2021-0075 du 22 f\u00e9vrier 2021.  <\/p>\n","protected":false},"author":4,"featured_media":14988,"comment_status":"closed","ping_status":"closed","sticky":false,"template":"","format":"standard","meta":{"footnotes":""},"categories":[273,320],"tags":[],"class_list":{"0":"post-16142","1":"post","2":"type-post","3":"status-publish","4":"format-standard","5":"has-post-thumbnail","7":"category-libertes-fondamentales","8":"category-mobilite"},"yoast_head":"<!-- This site is optimized with the Yoast SEO plugin v27.4 - https:\/\/yoast.com\/product\/yoast-seo-wordpress\/ -->\n<title>Probl\u00e8mes persistants li\u00e9s aux restrictions de voyage - CCLA<\/title>\n<meta name=\"robots\" content=\"noindex, follow, max-snippet:-1, max-image-preview:large, max-video-preview:-1\" \/>\n<meta property=\"og:locale\" content=\"fr_CA\" \/>\n<meta property=\"og:type\" content=\"article\" \/>\n<meta property=\"og:title\" content=\"Probl\u00e8mes persistants li\u00e9s aux restrictions de voyage - CCLA\" \/>\n<meta property=\"og:description\" content=\"Dans une lettre dat\u00e9e du 10 mars, nous avons envoy\u00e9 une autre lettre au gouvernement f\u00e9d\u00e9ral concernant nos pr\u00e9occupations persistantes concernant les restrictions et r\u00e8gles de voyage mises en place par le d\u00e9cret 2021-0075 du 22 f\u00e9vrier 2021.\" \/>\n<meta property=\"og:url\" content=\"https:\/\/dev.ccla.org\/fr\/libertes-fondamentales\/problemes-persistants-lies-aux-restrictions-de-voyage\/\" \/>\n<meta property=\"og:site_name\" content=\"CCLA\" \/>\n<meta property=\"article:published_time\" content=\"2021-03-11T09:39:03+00:00\" \/>\n<meta property=\"article:modified_time\" content=\"2026-04-23T18:38:33+00:00\" \/>\n<meta property=\"og:image\" content=\"https:\/\/dev.ccla.org\/wp-content\/uploads\/2021\/05\/map-of-canada-blue.jpg\" \/>\n\t<meta property=\"og:image:width\" content=\"860\" \/>\n\t<meta property=\"og:image:height\" content=\"639\" \/>\n\t<meta property=\"og:image:type\" content=\"image\/jpeg\" \/>\n<meta name=\"author\" content=\"CCLA\" \/>\n<meta name=\"twitter:card\" content=\"summary_large_image\" \/>\n<meta name=\"twitter:label1\" content=\"\u00c9crit par\" \/>\n\t<meta name=\"twitter:data1\" content=\"CCLA\" \/>\n\t<meta name=\"twitter:label2\" content=\"Estimation du temps de lecture\" \/>\n\t<meta name=\"twitter:data2\" content=\"2 minutes\" \/>\n<script type=\"application\/ld+json\" class=\"yoast-schema-graph\">{\"@context\":\"https:\\\/\\\/schema.org\",\"@graph\":[{\"@type\":\"Article\",\"@id\":\"https:\\\/\\\/dev.ccla.org\\\/fr\\\/libertes-fondamentales\\\/problemes-persistants-lies-aux-restrictions-de-voyage\\\/#article\",\"isPartOf\":{\"@id\":\"https:\\\/\\\/dev.ccla.org\\\/fr\\\/libertes-fondamentales\\\/problemes-persistants-lies-aux-restrictions-de-voyage\\\/\"},\"author\":{\"name\":\"CCLA\",\"@id\":\"https:\\\/\\\/dev.ccla.org\\\/fr\\\/#\\\/schema\\\/person\\\/e48728d4a52926205e807fd8c52bf3b0\"},\"headline\":\"Probl\u00e8mes persistants li\u00e9s aux restrictions de voyage\",\"datePublished\":\"2021-03-11T09:39:03+00:00\",\"dateModified\":\"2026-04-23T18:38:33+00:00\",\"mainEntityOfPage\":{\"@id\":\"https:\\\/\\\/dev.ccla.org\\\/fr\\\/libertes-fondamentales\\\/problemes-persistants-lies-aux-restrictions-de-voyage\\\/\"},\"wordCount\":497,\"image\":{\"@id\":\"https:\\\/\\\/dev.ccla.org\\\/fr\\\/libertes-fondamentales\\\/problemes-persistants-lies-aux-restrictions-de-voyage\\\/#primaryimage\"},\"thumbnailUrl\":\"https:\\\/\\\/dev.ccla.org\\\/wp-content\\\/uploads\\\/2021\\\/05\\\/map-of-canada-blue.jpg\",\"articleSection\":[\"LIBERT\u00c9S FONDAMENTALES\",\"Mobilit\u00e9\"],\"inLanguage\":\"fr-CA\"},{\"@type\":\"WebPage\",\"@id\":\"https:\\\/\\\/dev.ccla.org\\\/fr\\\/libertes-fondamentales\\\/problemes-persistants-lies-aux-restrictions-de-voyage\\\/\",\"url\":\"https:\\\/\\\/dev.ccla.org\\\/fr\\\/libertes-fondamentales\\\/problemes-persistants-lies-aux-restrictions-de-voyage\\\/\",\"name\":\"Probl\u00e8mes persistants li\u00e9s aux restrictions de voyage - CCLA\",\"isPartOf\":{\"@id\":\"https:\\\/\\\/dev.ccla.org\\\/fr\\\/#website\"},\"primaryImageOfPage\":{\"@id\":\"https:\\\/\\\/dev.ccla.org\\\/fr\\\/libertes-fondamentales\\\/problemes-persistants-lies-aux-restrictions-de-voyage\\\/#primaryimage\"},\"image\":{\"@id\":\"https:\\\/\\\/dev.ccla.org\\\/fr\\\/libertes-fondamentales\\\/problemes-persistants-lies-aux-restrictions-de-voyage\\\/#primaryimage\"},\"thumbnailUrl\":\"https:\\\/\\\/dev.ccla.org\\\/wp-content\\\/uploads\\\/2021\\\/05\\\/map-of-canada-blue.jpg\",\"datePublished\":\"2021-03-11T09:39:03+00:00\",\"dateModified\":\"2026-04-23T18:38:33+00:00\",\"author\":{\"@id\":\"https:\\\/\\\/dev.ccla.org\\\/fr\\\/#\\\/schema\\\/person\\\/e48728d4a52926205e807fd8c52bf3b0\"},\"breadcrumb\":{\"@id\":\"https:\\\/\\\/dev.ccla.org\\\/fr\\\/libertes-fondamentales\\\/problemes-persistants-lies-aux-restrictions-de-voyage\\\/#breadcrumb\"},\"inLanguage\":\"fr-CA\",\"potentialAction\":[{\"@type\":\"ReadAction\",\"target\":[\"https:\\\/\\\/dev.ccla.org\\\/fr\\\/libertes-fondamentales\\\/problemes-persistants-lies-aux-restrictions-de-voyage\\\/\"]}]},{\"@type\":\"ImageObject\",\"inLanguage\":\"fr-CA\",\"@id\":\"https:\\\/\\\/dev.ccla.org\\\/fr\\\/libertes-fondamentales\\\/problemes-persistants-lies-aux-restrictions-de-voyage\\\/#primaryimage\",\"url\":\"https:\\\/\\\/dev.ccla.org\\\/wp-content\\\/uploads\\\/2021\\\/05\\\/map-of-canada-blue.jpg\",\"contentUrl\":\"https:\\\/\\\/dev.ccla.org\\\/wp-content\\\/uploads\\\/2021\\\/05\\\/map-of-canada-blue.jpg\",\"width\":860,\"height\":639},{\"@type\":\"BreadcrumbList\",\"@id\":\"https:\\\/\\\/dev.ccla.org\\\/fr\\\/libertes-fondamentales\\\/problemes-persistants-lies-aux-restrictions-de-voyage\\\/#breadcrumb\",\"itemListElement\":[{\"@type\":\"ListItem\",\"position\":1,\"name\":\"Home\",\"item\":\"https:\\\/\\\/dev.ccla.org\\\/fr\\\/accueil\\\/\"},{\"@type\":\"ListItem\",\"position\":2,\"name\":\"Non class\u00e9\",\"item\":\"https:\\\/\\\/dev.ccla.org\\\/fr\\\/category\\\/non-classe\\\/\"},{\"@type\":\"ListItem\",\"position\":3,\"name\":\"Probl\u00e8mes persistants li\u00e9s aux restrictions de voyage\"}]},{\"@type\":\"WebSite\",\"@id\":\"https:\\\/\\\/dev.ccla.org\\\/fr\\\/#website\",\"url\":\"https:\\\/\\\/dev.ccla.org\\\/fr\\\/\",\"name\":\"CCLA\",\"description\":\"\",\"potentialAction\":[{\"@type\":\"SearchAction\",\"target\":{\"@type\":\"EntryPoint\",\"urlTemplate\":\"https:\\\/\\\/dev.ccla.org\\\/fr\\\/?s={search_term_string}\"},\"query-input\":{\"@type\":\"PropertyValueSpecification\",\"valueRequired\":true,\"valueName\":\"search_term_string\"}}],\"inLanguage\":\"fr-CA\"},{\"@type\":\"Person\",\"@id\":\"https:\\\/\\\/dev.ccla.org\\\/fr\\\/#\\\/schema\\\/person\\\/e48728d4a52926205e807fd8c52bf3b0\",\"name\":\"CCLA\",\"image\":{\"@type\":\"ImageObject\",\"inLanguage\":\"fr-CA\",\"@id\":\"https:\\\/\\\/secure.gravatar.com\\\/avatar\\\/03b13921772ba279da547407d7a85f0b4a10bdf8cc9a026f2ac4e10643eee315?s=96&d=blank&r=g\",\"url\":\"https:\\\/\\\/secure.gravatar.com\\\/avatar\\\/03b13921772ba279da547407d7a85f0b4a10bdf8cc9a026f2ac4e10643eee315?s=96&d=blank&r=g\",\"contentUrl\":\"https:\\\/\\\/secure.gravatar.com\\\/avatar\\\/03b13921772ba279da547407d7a85f0b4a10bdf8cc9a026f2ac4e10643eee315?s=96&d=blank&r=g\",\"caption\":\"CCLA\"},\"url\":\"https:\\\/\\\/dev.ccla.org\\\/fr\\\/author\\\/ccla\\\/\"}]}<\/script>\n<!-- \/ Yoast SEO plugin. -->","yoast_head_json":{"title":"Probl\u00e8mes persistants li\u00e9s aux restrictions de voyage - CCLA","robots":{"index":"noindex","follow":"follow","max-snippet":"max-snippet:-1","max-image-preview":"max-image-preview:large","max-video-preview":"max-video-preview:-1"},"og_locale":"fr_CA","og_type":"article","og_title":"Probl\u00e8mes persistants li\u00e9s aux restrictions de voyage - CCLA","og_description":"Dans une lettre dat\u00e9e du 10 mars, nous avons envoy\u00e9 une autre lettre au gouvernement f\u00e9d\u00e9ral concernant nos pr\u00e9occupations persistantes concernant les restrictions et r\u00e8gles de voyage mises en place par le d\u00e9cret 2021-0075 du 22 f\u00e9vrier 2021.","og_url":"https:\/\/dev.ccla.org\/fr\/libertes-fondamentales\/problemes-persistants-lies-aux-restrictions-de-voyage\/","og_site_name":"CCLA","article_published_time":"2021-03-11T09:39:03+00:00","article_modified_time":"2026-04-23T18:38:33+00:00","og_image":[{"width":860,"height":639,"url":"https:\/\/dev.ccla.org\/wp-content\/uploads\/2021\/05\/map-of-canada-blue.jpg","type":"image\/jpeg"}],"author":"CCLA","twitter_card":"summary_large_image","twitter_misc":{"\u00c9crit par":"CCLA","Estimation du temps de lecture":"2 minutes"},"schema":{"@context":"https:\/\/schema.org","@graph":[{"@type":"Article","@id":"https:\/\/dev.ccla.org\/fr\/libertes-fondamentales\/problemes-persistants-lies-aux-restrictions-de-voyage\/#article","isPartOf":{"@id":"https:\/\/dev.ccla.org\/fr\/libertes-fondamentales\/problemes-persistants-lies-aux-restrictions-de-voyage\/"},"author":{"name":"CCLA","@id":"https:\/\/dev.ccla.org\/fr\/#\/schema\/person\/e48728d4a52926205e807fd8c52bf3b0"},"headline":"Probl\u00e8mes persistants li\u00e9s aux restrictions de voyage","datePublished":"2021-03-11T09:39:03+00:00","dateModified":"2026-04-23T18:38:33+00:00","mainEntityOfPage":{"@id":"https:\/\/dev.ccla.org\/fr\/libertes-fondamentales\/problemes-persistants-lies-aux-restrictions-de-voyage\/"},"wordCount":497,"image":{"@id":"https:\/\/dev.ccla.org\/fr\/libertes-fondamentales\/problemes-persistants-lies-aux-restrictions-de-voyage\/#primaryimage"},"thumbnailUrl":"https:\/\/dev.ccla.org\/wp-content\/uploads\/2021\/05\/map-of-canada-blue.jpg","articleSection":["LIBERT\u00c9S FONDAMENTALES","Mobilit\u00e9"],"inLanguage":"fr-CA"},{"@type":"WebPage","@id":"https:\/\/dev.ccla.org\/fr\/libertes-fondamentales\/problemes-persistants-lies-aux-restrictions-de-voyage\/","url":"https:\/\/dev.ccla.org\/fr\/libertes-fondamentales\/problemes-persistants-lies-aux-restrictions-de-voyage\/","name":"Probl\u00e8mes persistants li\u00e9s aux restrictions de voyage - CCLA","isPartOf":{"@id":"https:\/\/dev.ccla.org\/fr\/#website"},"primaryImageOfPage":{"@id":"https:\/\/dev.ccla.org\/fr\/libertes-fondamentales\/problemes-persistants-lies-aux-restrictions-de-voyage\/#primaryimage"},"image":{"@id":"https:\/\/dev.ccla.org\/fr\/libertes-fondamentales\/problemes-persistants-lies-aux-restrictions-de-voyage\/#primaryimage"},"thumbnailUrl":"https:\/\/dev.ccla.org\/wp-content\/uploads\/2021\/05\/map-of-canada-blue.jpg","datePublished":"2021-03-11T09:39:03+00:00","dateModified":"2026-04-23T18:38:33+00:00","author":{"@id":"https:\/\/dev.ccla.org\/fr\/#\/schema\/person\/e48728d4a52926205e807fd8c52bf3b0"},"breadcrumb":{"@id":"https:\/\/dev.ccla.org\/fr\/libertes-fondamentales\/problemes-persistants-lies-aux-restrictions-de-voyage\/#breadcrumb"},"inLanguage":"fr-CA","potentialAction":[{"@type":"ReadAction","target":["https:\/\/dev.ccla.org\/fr\/libertes-fondamentales\/problemes-persistants-lies-aux-restrictions-de-voyage\/"]}]},{"@type":"ImageObject","inLanguage":"fr-CA","@id":"https:\/\/dev.ccla.org\/fr\/libertes-fondamentales\/problemes-persistants-lies-aux-restrictions-de-voyage\/#primaryimage","url":"https:\/\/dev.ccla.org\/wp-content\/uploads\/2021\/05\/map-of-canada-blue.jpg","contentUrl":"https:\/\/dev.ccla.org\/wp-content\/uploads\/2021\/05\/map-of-canada-blue.jpg","width":860,"height":639},{"@type":"BreadcrumbList","@id":"https:\/\/dev.ccla.org\/fr\/libertes-fondamentales\/problemes-persistants-lies-aux-restrictions-de-voyage\/#breadcrumb","itemListElement":[{"@type":"ListItem","position":1,"name":"Home","item":"https:\/\/dev.ccla.org\/fr\/accueil\/"},{"@type":"ListItem","position":2,"name":"Non class\u00e9","item":"https:\/\/dev.ccla.org\/fr\/category\/non-classe\/"},{"@type":"ListItem","position":3,"name":"Probl\u00e8mes persistants li\u00e9s aux restrictions de voyage"}]},{"@type":"WebSite","@id":"https:\/\/dev.ccla.org\/fr\/#website","url":"https:\/\/dev.ccla.org\/fr\/","name":"CCLA","description":"","potentialAction":[{"@type":"SearchAction","target":{"@type":"EntryPoint","urlTemplate":"https:\/\/dev.ccla.org\/fr\/?s={search_term_string}"},"query-input":{"@type":"PropertyValueSpecification","valueRequired":true,"valueName":"search_term_string"}}],"inLanguage":"fr-CA"},{"@type":"Person","@id":"https:\/\/dev.ccla.org\/fr\/#\/schema\/person\/e48728d4a52926205e807fd8c52bf3b0","name":"CCLA","image":{"@type":"ImageObject","inLanguage":"fr-CA","@id":"https:\/\/secure.gravatar.com\/avatar\/03b13921772ba279da547407d7a85f0b4a10bdf8cc9a026f2ac4e10643eee315?s=96&d=blank&r=g","url":"https:\/\/secure.gravatar.com\/avatar\/03b13921772ba279da547407d7a85f0b4a10bdf8cc9a026f2ac4e10643eee315?s=96&d=blank&r=g","contentUrl":"https:\/\/secure.gravatar.com\/avatar\/03b13921772ba279da547407d7a85f0b4a10bdf8cc9a026f2ac4e10643eee315?s=96&d=blank&r=g","caption":"CCLA"},"url":"https:\/\/dev.ccla.org\/fr\/author\/ccla\/"}]}},"_links":{"self":[{"href":"https:\/\/dev.ccla.org\/fr\/wp-json\/wp\/v2\/posts\/16142","targetHints":{"allow":["GET"]}}],"collection":[{"href":"https:\/\/dev.ccla.org\/fr\/wp-json\/wp\/v2\/posts"}],"about":[{"href":"https:\/\/dev.ccla.org\/fr\/wp-json\/wp\/v2\/types\/post"}],"author":[{"embeddable":true,"href":"https:\/\/dev.ccla.org\/fr\/wp-json\/wp\/v2\/users\/4"}],"replies":[{"embeddable":true,"href":"https:\/\/dev.ccla.org\/fr\/wp-json\/wp\/v2\/comments?post=16142"}],"version-history":[{"count":1,"href":"https:\/\/dev.ccla.org\/fr\/wp-json\/wp\/v2\/posts\/16142\/revisions"}],"predecessor-version":[{"id":16149,"href":"https:\/\/dev.ccla.org\/fr\/wp-json\/wp\/v2\/posts\/16142\/revisions\/16149"}],"wp:featuredmedia":[{"embeddable":true,"href":"https:\/\/dev.ccla.org\/fr\/wp-json\/wp\/v2\/media\/14988"}],"wp:attachment":[{"href":"https:\/\/dev.ccla.org\/fr\/wp-json\/wp\/v2\/media?parent=16142"}],"wp:term":[{"taxonomy":"category","embeddable":true,"href":"https:\/\/dev.ccla.org\/fr\/wp-json\/wp\/v2\/categories?post=16142"},{"taxonomy":"post_tag","embeddable":true,"href":"https:\/\/dev.ccla.org\/fr\/wp-json\/wp\/v2\/tags?post=16142"}],"curies":[{"name":"wp","href":"https:\/\/api.w.org\/{rel}","templated":true}]}}