{"id":16085,"date":"2021-01-22T17:50:26","date_gmt":"2021-01-22T22:50:26","guid":{"rendered":"https:\/\/dev.ccla.org\/non-classe\/en-focus-histoires-technologiques-de-reconnaissance-faciale-et-droits-prejudices-du-monde-entier\/"},"modified":"2021-01-22T17:50:26","modified_gmt":"2021-01-22T22:50:26","slug":"en-focus-histoires-technologiques-de-reconnaissance-faciale-et-droits-prejudices-du-monde-entier","status":"publish","type":"post","link":"https:\/\/dev.ccla.org\/fr\/informez-vous\/inclo\/en-focus-histoires-technologiques-de-reconnaissance-faciale-et-droits-prejudices-du-monde-entier\/","title":{"rendered":"En Focus : Histoires technologiques de reconnaissance faciale et droits, pr\u00e9judices du monde entier"},"content":{"rendered":"","protected":false},"excerpt":{"rendered":"<p>Un nouveau reportage de l\u2019INCLO sur les histoires de FRT du monde entier souligne le risque de cr\u00e9er des soci\u00e9t\u00e9s o\u00f9 les gens sont observ\u00e9s et identifi\u00e9s lorsqu\u2019ils assistent \u00e0 une manifestation, participent \u00e0 des \u00e9v\u00e9nements religieux, consultent un m\u00e9decin ou vaquent simplement \u00e0 leurs occupations quotidiennes.<\/p>\n","protected":false},"author":14,"featured_media":16087,"comment_status":"closed","ping_status":"closed","sticky":false,"template":"","format":"link","meta":{"footnotes":""},"categories":[336],"tags":[],"class_list":{"0":"post-16085","1":"post","2":"type-post","3":"status-publish","4":"format-link","5":"has-post-thumbnail","7":"category-inclo","8":"post_format-post-format-link"},"yoast_head":"<!-- This site is optimized with the Yoast SEO plugin v27.4 - https:\/\/yoast.com\/product\/yoast-seo-wordpress\/ -->\n<title>En Focus : Histoires technologiques de reconnaissance faciale et droits, pr\u00e9judices du monde entier - CCLA<\/title>\n<meta name=\"robots\" content=\"noindex, follow, max-snippet:-1, max-image-preview:large, max-video-preview:-1\" \/>\n<meta property=\"og:locale\" content=\"fr_CA\" \/>\n<meta property=\"og:type\" content=\"article\" \/>\n<meta property=\"og:title\" content=\"En Focus : Histoires technologiques de reconnaissance faciale et droits, pr\u00e9judices du monde entier - CCLA\" \/>\n<meta property=\"og:description\" content=\"Un nouveau reportage de l\u2019INCLO sur les histoires de FRT du monde entier souligne le risque de cr\u00e9er des soci\u00e9t\u00e9s o\u00f9 les gens sont observ\u00e9s et identifi\u00e9s lorsqu\u2019ils assistent \u00e0 une manifestation, participent \u00e0 des \u00e9v\u00e9nements religieux, consultent un m\u00e9decin ou vaquent simplement \u00e0 leurs occupations quotidiennes.\" \/>\n<meta property=\"og:url\" content=\"https:\/\/dev.ccla.org\/fr\/informez-vous\/inclo\/en-focus-histoires-technologiques-de-reconnaissance-faciale-et-droits-prejudices-du-monde-entier\/\" \/>\n<meta property=\"og:site_name\" content=\"CCLA\" \/>\n<meta property=\"article:published_time\" content=\"2021-01-22T22:50:26+00:00\" \/>\n<meta property=\"og:image\" content=\"https:\/\/dev.ccla.org\/wp-content\/uploads\/2021\/08\/in-focus-facial-recognition-tech-stories.jpg\" \/>\n\t<meta property=\"og:image:width\" content=\"2000\" \/>\n\t<meta property=\"og:image:height\" content=\"800\" \/>\n\t<meta property=\"og:image:type\" content=\"image\/jpeg\" \/>\n<meta name=\"author\" content=\"Guest Author\" \/>\n<meta name=\"twitter:card\" content=\"summary_large_image\" \/>\n<meta name=\"twitter:label1\" content=\"\u00c9crit par\" \/>\n\t<meta name=\"twitter:data1\" content=\"Guest Author\" \/>\n<script type=\"application\/ld+json\" class=\"yoast-schema-graph\">{\"@context\":\"https:\\\/\\\/schema.org\",\"@graph\":[{\"@type\":\"Article\",\"@id\":\"https:\\\/\\\/dev.ccla.org\\\/fr\\\/informez-vous\\\/inclo\\\/en-focus-histoires-technologiques-de-reconnaissance-faciale-et-droits-prejudices-du-monde-entier\\\/#article\",\"isPartOf\":{\"@id\":\"https:\\\/\\\/dev.ccla.org\\\/fr\\\/informez-vous\\\/inclo\\\/en-focus-histoires-technologiques-de-reconnaissance-faciale-et-droits-prejudices-du-monde-entier\\\/\"},\"author\":{\"name\":\"Guest Author\",\"@id\":\"https:\\\/\\\/dev.ccla.org\\\/fr\\\/#\\\/schema\\\/person\\\/d3275a5ece5eb32465424bbde4daee41\"},\"headline\":\"En Focus : Histoires technologiques de reconnaissance faciale et droits, pr\u00e9judices du monde entier\",\"datePublished\":\"2021-01-22T22:50:26+00:00\",\"mainEntityOfPage\":{\"@id\":\"https:\\\/\\\/dev.ccla.org\\\/fr\\\/informez-vous\\\/inclo\\\/en-focus-histoires-technologiques-de-reconnaissance-faciale-et-droits-prejudices-du-monde-entier\\\/\"},\"wordCount\":14,\"image\":{\"@id\":\"https:\\\/\\\/dev.ccla.org\\\/fr\\\/informez-vous\\\/inclo\\\/en-focus-histoires-technologiques-de-reconnaissance-faciale-et-droits-prejudices-du-monde-entier\\\/#primaryimage\"},\"thumbnailUrl\":\"https:\\\/\\\/dev.ccla.org\\\/wp-content\\\/uploads\\\/2021\\\/08\\\/in-focus-facial-recognition-tech-stories.jpg\",\"articleSection\":[\"INCLO\"],\"inLanguage\":\"fr-CA\"},{\"@type\":\"WebPage\",\"@id\":\"https:\\\/\\\/dev.ccla.org\\\/fr\\\/informez-vous\\\/inclo\\\/en-focus-histoires-technologiques-de-reconnaissance-faciale-et-droits-prejudices-du-monde-entier\\\/\",\"url\":\"https:\\\/\\\/dev.ccla.org\\\/fr\\\/informez-vous\\\/inclo\\\/en-focus-histoires-technologiques-de-reconnaissance-faciale-et-droits-prejudices-du-monde-entier\\\/\",\"name\":\"En Focus : Histoires technologiques de reconnaissance faciale et droits, pr\u00e9judices du monde entier - CCLA\",\"isPartOf\":{\"@id\":\"https:\\\/\\\/dev.ccla.org\\\/fr\\\/#website\"},\"primaryImageOfPage\":{\"@id\":\"https:\\\/\\\/dev.ccla.org\\\/fr\\\/informez-vous\\\/inclo\\\/en-focus-histoires-technologiques-de-reconnaissance-faciale-et-droits-prejudices-du-monde-entier\\\/#primaryimage\"},\"image\":{\"@id\":\"https:\\\/\\\/dev.ccla.org\\\/fr\\\/informez-vous\\\/inclo\\\/en-focus-histoires-technologiques-de-reconnaissance-faciale-et-droits-prejudices-du-monde-entier\\\/#primaryimage\"},\"thumbnailUrl\":\"https:\\\/\\\/dev.ccla.org\\\/wp-content\\\/uploads\\\/2021\\\/08\\\/in-focus-facial-recognition-tech-stories.jpg\",\"datePublished\":\"2021-01-22T22:50:26+00:00\",\"author\":{\"@id\":\"https:\\\/\\\/dev.ccla.org\\\/fr\\\/#\\\/schema\\\/person\\\/d3275a5ece5eb32465424bbde4daee41\"},\"breadcrumb\":{\"@id\":\"https:\\\/\\\/dev.ccla.org\\\/fr\\\/informez-vous\\\/inclo\\\/en-focus-histoires-technologiques-de-reconnaissance-faciale-et-droits-prejudices-du-monde-entier\\\/#breadcrumb\"},\"inLanguage\":\"fr-CA\",\"potentialAction\":[{\"@type\":\"ReadAction\",\"target\":[\"https:\\\/\\\/dev.ccla.org\\\/fr\\\/informez-vous\\\/inclo\\\/en-focus-histoires-technologiques-de-reconnaissance-faciale-et-droits-prejudices-du-monde-entier\\\/\"]}]},{\"@type\":\"ImageObject\",\"inLanguage\":\"fr-CA\",\"@id\":\"https:\\\/\\\/dev.ccla.org\\\/fr\\\/informez-vous\\\/inclo\\\/en-focus-histoires-technologiques-de-reconnaissance-faciale-et-droits-prejudices-du-monde-entier\\\/#primaryimage\",\"url\":\"https:\\\/\\\/dev.ccla.org\\\/wp-content\\\/uploads\\\/2021\\\/08\\\/in-focus-facial-recognition-tech-stories.jpg\",\"contentUrl\":\"https:\\\/\\\/dev.ccla.org\\\/wp-content\\\/uploads\\\/2021\\\/08\\\/in-focus-facial-recognition-tech-stories.jpg\",\"width\":2000,\"height\":800},{\"@type\":\"BreadcrumbList\",\"@id\":\"https:\\\/\\\/dev.ccla.org\\\/fr\\\/informez-vous\\\/inclo\\\/en-focus-histoires-technologiques-de-reconnaissance-faciale-et-droits-prejudices-du-monde-entier\\\/#breadcrumb\",\"itemListElement\":[{\"@type\":\"ListItem\",\"position\":1,\"name\":\"Home\",\"item\":\"https:\\\/\\\/dev.ccla.org\\\/fr\\\/accueil\\\/\"},{\"@type\":\"ListItem\",\"position\":2,\"name\":\"Non class\u00e9\",\"item\":\"https:\\\/\\\/dev.ccla.org\\\/fr\\\/category\\\/non-classe\\\/\"},{\"@type\":\"ListItem\",\"position\":3,\"name\":\"En Focus : Histoires technologiques de reconnaissance faciale et droits, pr\u00e9judices du monde entier\"}]},{\"@type\":\"WebSite\",\"@id\":\"https:\\\/\\\/dev.ccla.org\\\/fr\\\/#website\",\"url\":\"https:\\\/\\\/dev.ccla.org\\\/fr\\\/\",\"name\":\"CCLA\",\"description\":\"\",\"potentialAction\":[{\"@type\":\"SearchAction\",\"target\":{\"@type\":\"EntryPoint\",\"urlTemplate\":\"https:\\\/\\\/dev.ccla.org\\\/fr\\\/?s={search_term_string}\"},\"query-input\":{\"@type\":\"PropertyValueSpecification\",\"valueRequired\":true,\"valueName\":\"search_term_string\"}}],\"inLanguage\":\"fr-CA\"},{\"@type\":\"Person\",\"@id\":\"https:\\\/\\\/dev.ccla.org\\\/fr\\\/#\\\/schema\\\/person\\\/d3275a5ece5eb32465424bbde4daee41\",\"name\":\"Guest Author\",\"image\":{\"@type\":\"ImageObject\",\"inLanguage\":\"fr-CA\",\"@id\":\"https:\\\/\\\/secure.gravatar.com\\\/avatar\\\/b93f74bbad285b8a05223362625bef519ea64919467ad29bf056a5267af7d9eb?s=96&d=blank&r=g\",\"url\":\"https:\\\/\\\/secure.gravatar.com\\\/avatar\\\/b93f74bbad285b8a05223362625bef519ea64919467ad29bf056a5267af7d9eb?s=96&d=blank&r=g\",\"contentUrl\":\"https:\\\/\\\/secure.gravatar.com\\\/avatar\\\/b93f74bbad285b8a05223362625bef519ea64919467ad29bf056a5267af7d9eb?s=96&d=blank&r=g\",\"caption\":\"Guest Author\"},\"url\":\"https:\\\/\\\/dev.ccla.org\\\/fr\\\/author\\\/guest\\\/\"}]}<\/script>\n<!-- \/ Yoast SEO plugin. -->","yoast_head_json":{"title":"En Focus : Histoires technologiques de reconnaissance faciale et droits, pr\u00e9judices du monde entier - CCLA","robots":{"index":"noindex","follow":"follow","max-snippet":"max-snippet:-1","max-image-preview":"max-image-preview:large","max-video-preview":"max-video-preview:-1"},"og_locale":"fr_CA","og_type":"article","og_title":"En Focus : Histoires technologiques de reconnaissance faciale et droits, pr\u00e9judices du monde entier - CCLA","og_description":"Un nouveau reportage de l\u2019INCLO sur les histoires de FRT du monde entier souligne le risque de cr\u00e9er des soci\u00e9t\u00e9s o\u00f9 les gens sont observ\u00e9s et identifi\u00e9s lorsqu\u2019ils assistent \u00e0 une manifestation, participent \u00e0 des \u00e9v\u00e9nements religieux, consultent un m\u00e9decin ou vaquent simplement \u00e0 leurs occupations quotidiennes.","og_url":"https:\/\/dev.ccla.org\/fr\/informez-vous\/inclo\/en-focus-histoires-technologiques-de-reconnaissance-faciale-et-droits-prejudices-du-monde-entier\/","og_site_name":"CCLA","article_published_time":"2021-01-22T22:50:26+00:00","og_image":[{"width":2000,"height":800,"url":"https:\/\/dev.ccla.org\/wp-content\/uploads\/2021\/08\/in-focus-facial-recognition-tech-stories.jpg","type":"image\/jpeg"}],"author":"Guest Author","twitter_card":"summary_large_image","twitter_misc":{"\u00c9crit par":"Guest Author"},"schema":{"@context":"https:\/\/schema.org","@graph":[{"@type":"Article","@id":"https:\/\/dev.ccla.org\/fr\/informez-vous\/inclo\/en-focus-histoires-technologiques-de-reconnaissance-faciale-et-droits-prejudices-du-monde-entier\/#article","isPartOf":{"@id":"https:\/\/dev.ccla.org\/fr\/informez-vous\/inclo\/en-focus-histoires-technologiques-de-reconnaissance-faciale-et-droits-prejudices-du-monde-entier\/"},"author":{"name":"Guest Author","@id":"https:\/\/dev.ccla.org\/fr\/#\/schema\/person\/d3275a5ece5eb32465424bbde4daee41"},"headline":"En Focus : Histoires technologiques de reconnaissance faciale et droits, pr\u00e9judices du monde entier","datePublished":"2021-01-22T22:50:26+00:00","mainEntityOfPage":{"@id":"https:\/\/dev.ccla.org\/fr\/informez-vous\/inclo\/en-focus-histoires-technologiques-de-reconnaissance-faciale-et-droits-prejudices-du-monde-entier\/"},"wordCount":14,"image":{"@id":"https:\/\/dev.ccla.org\/fr\/informez-vous\/inclo\/en-focus-histoires-technologiques-de-reconnaissance-faciale-et-droits-prejudices-du-monde-entier\/#primaryimage"},"thumbnailUrl":"https:\/\/dev.ccla.org\/wp-content\/uploads\/2021\/08\/in-focus-facial-recognition-tech-stories.jpg","articleSection":["INCLO"],"inLanguage":"fr-CA"},{"@type":"WebPage","@id":"https:\/\/dev.ccla.org\/fr\/informez-vous\/inclo\/en-focus-histoires-technologiques-de-reconnaissance-faciale-et-droits-prejudices-du-monde-entier\/","url":"https:\/\/dev.ccla.org\/fr\/informez-vous\/inclo\/en-focus-histoires-technologiques-de-reconnaissance-faciale-et-droits-prejudices-du-monde-entier\/","name":"En Focus : Histoires technologiques de reconnaissance faciale et droits, pr\u00e9judices du monde entier - CCLA","isPartOf":{"@id":"https:\/\/dev.ccla.org\/fr\/#website"},"primaryImageOfPage":{"@id":"https:\/\/dev.ccla.org\/fr\/informez-vous\/inclo\/en-focus-histoires-technologiques-de-reconnaissance-faciale-et-droits-prejudices-du-monde-entier\/#primaryimage"},"image":{"@id":"https:\/\/dev.ccla.org\/fr\/informez-vous\/inclo\/en-focus-histoires-technologiques-de-reconnaissance-faciale-et-droits-prejudices-du-monde-entier\/#primaryimage"},"thumbnailUrl":"https:\/\/dev.ccla.org\/wp-content\/uploads\/2021\/08\/in-focus-facial-recognition-tech-stories.jpg","datePublished":"2021-01-22T22:50:26+00:00","author":{"@id":"https:\/\/dev.ccla.org\/fr\/#\/schema\/person\/d3275a5ece5eb32465424bbde4daee41"},"breadcrumb":{"@id":"https:\/\/dev.ccla.org\/fr\/informez-vous\/inclo\/en-focus-histoires-technologiques-de-reconnaissance-faciale-et-droits-prejudices-du-monde-entier\/#breadcrumb"},"inLanguage":"fr-CA","potentialAction":[{"@type":"ReadAction","target":["https:\/\/dev.ccla.org\/fr\/informez-vous\/inclo\/en-focus-histoires-technologiques-de-reconnaissance-faciale-et-droits-prejudices-du-monde-entier\/"]}]},{"@type":"ImageObject","inLanguage":"fr-CA","@id":"https:\/\/dev.ccla.org\/fr\/informez-vous\/inclo\/en-focus-histoires-technologiques-de-reconnaissance-faciale-et-droits-prejudices-du-monde-entier\/#primaryimage","url":"https:\/\/dev.ccla.org\/wp-content\/uploads\/2021\/08\/in-focus-facial-recognition-tech-stories.jpg","contentUrl":"https:\/\/dev.ccla.org\/wp-content\/uploads\/2021\/08\/in-focus-facial-recognition-tech-stories.jpg","width":2000,"height":800},{"@type":"BreadcrumbList","@id":"https:\/\/dev.ccla.org\/fr\/informez-vous\/inclo\/en-focus-histoires-technologiques-de-reconnaissance-faciale-et-droits-prejudices-du-monde-entier\/#breadcrumb","itemListElement":[{"@type":"ListItem","position":1,"name":"Home","item":"https:\/\/dev.ccla.org\/fr\/accueil\/"},{"@type":"ListItem","position":2,"name":"Non class\u00e9","item":"https:\/\/dev.ccla.org\/fr\/category\/non-classe\/"},{"@type":"ListItem","position":3,"name":"En Focus : Histoires technologiques de reconnaissance faciale et droits, pr\u00e9judices du monde entier"}]},{"@type":"WebSite","@id":"https:\/\/dev.ccla.org\/fr\/#website","url":"https:\/\/dev.ccla.org\/fr\/","name":"CCLA","description":"","potentialAction":[{"@type":"SearchAction","target":{"@type":"EntryPoint","urlTemplate":"https:\/\/dev.ccla.org\/fr\/?s={search_term_string}"},"query-input":{"@type":"PropertyValueSpecification","valueRequired":true,"valueName":"search_term_string"}}],"inLanguage":"fr-CA"},{"@type":"Person","@id":"https:\/\/dev.ccla.org\/fr\/#\/schema\/person\/d3275a5ece5eb32465424bbde4daee41","name":"Guest Author","image":{"@type":"ImageObject","inLanguage":"fr-CA","@id":"https:\/\/secure.gravatar.com\/avatar\/b93f74bbad285b8a05223362625bef519ea64919467ad29bf056a5267af7d9eb?s=96&d=blank&r=g","url":"https:\/\/secure.gravatar.com\/avatar\/b93f74bbad285b8a05223362625bef519ea64919467ad29bf056a5267af7d9eb?s=96&d=blank&r=g","contentUrl":"https:\/\/secure.gravatar.com\/avatar\/b93f74bbad285b8a05223362625bef519ea64919467ad29bf056a5267af7d9eb?s=96&d=blank&r=g","caption":"Guest Author"},"url":"https:\/\/dev.ccla.org\/fr\/author\/guest\/"}]}},"_links":{"self":[{"href":"https:\/\/dev.ccla.org\/fr\/wp-json\/wp\/v2\/posts\/16085","targetHints":{"allow":["GET"]}}],"collection":[{"href":"https:\/\/dev.ccla.org\/fr\/wp-json\/wp\/v2\/posts"}],"about":[{"href":"https:\/\/dev.ccla.org\/fr\/wp-json\/wp\/v2\/types\/post"}],"author":[{"embeddable":true,"href":"https:\/\/dev.ccla.org\/fr\/wp-json\/wp\/v2\/users\/14"}],"replies":[{"embeddable":true,"href":"https:\/\/dev.ccla.org\/fr\/wp-json\/wp\/v2\/comments?post=16085"}],"version-history":[{"count":0,"href":"https:\/\/dev.ccla.org\/fr\/wp-json\/wp\/v2\/posts\/16085\/revisions"}],"wp:featuredmedia":[{"embeddable":true,"href":"https:\/\/dev.ccla.org\/fr\/wp-json\/wp\/v2\/media\/16087"}],"wp:attachment":[{"href":"https:\/\/dev.ccla.org\/fr\/wp-json\/wp\/v2\/media?parent=16085"}],"wp:term":[{"taxonomy":"category","embeddable":true,"href":"https:\/\/dev.ccla.org\/fr\/wp-json\/wp\/v2\/categories?post=16085"},{"taxonomy":"post_tag","embeddable":true,"href":"https:\/\/dev.ccla.org\/fr\/wp-json\/wp\/v2\/tags?post=16085"}],"curies":[{"name":"wp","href":"https:\/\/api.w.org\/{rel}","templated":true}]}}