{"id":16036,"date":"2021-01-01T15:06:55","date_gmt":"2021-01-01T20:06:55","guid":{"rendered":"https:\/\/dev.ccla.org\/non-classe\/en-focus-histoires-et-droits-de-la-reconnaissance-faciale-mefaits-du-monde-entier-inclo\/"},"modified":"2021-01-01T15:06:55","modified_gmt":"2021-01-01T20:06:55","slug":"en-focus-histoires-et-droits-de-la-reconnaissance-faciale-mefaits-du-monde-entier-inclo","status":"publish","type":"post","link":"https:\/\/dev.ccla.org\/fr\/vie-privee\/surveillance-et-technologie\/surveillance-faciale\/en-focus-histoires-et-droits-de-la-reconnaissance-faciale-mefaits-du-monde-entier-inclo\/","title":{"rendered":"En Focus : Histoires et droits de la reconnaissance faciale M\u00e9faits du monde entier, (INCLO)"},"content":{"rendered":"","protected":false},"excerpt":{"rendered":"<p>Histoires technologiques de reconnaissance faciale et droits Dommages du monde entier, publi\u00e9 par le R\u00e9seau international des organisations pour les libert\u00e9s civiles (INCLO)<\/p>\n","protected":false},"author":14,"featured_media":16037,"comment_status":"closed","ping_status":"closed","sticky":false,"template":"","format":"link","meta":{"footnotes":""},"categories":[317,318,277],"tags":[],"class_list":{"0":"post-16036","1":"post","2":"type-post","3":"status-publish","4":"format-link","5":"has-post-thumbnail","7":"category-surveillance-et-technologie","8":"category-surveillance-faciale","9":"category-vie-privee","10":"post_format-post-format-link"},"yoast_head":"<!-- This site is optimized with the Yoast SEO plugin v27.4 - https:\/\/yoast.com\/product\/yoast-seo-wordpress\/ -->\n<title>En Focus : Histoires et droits de la reconnaissance faciale M\u00e9faits du monde entier, (INCLO) - CCLA<\/title>\n<meta name=\"robots\" content=\"noindex, follow, max-snippet:-1, max-image-preview:large, max-video-preview:-1\" \/>\n<meta property=\"og:locale\" content=\"fr_CA\" \/>\n<meta property=\"og:type\" content=\"article\" \/>\n<meta property=\"og:title\" content=\"En Focus : Histoires et droits de la reconnaissance faciale M\u00e9faits du monde entier, (INCLO) - CCLA\" \/>\n<meta property=\"og:description\" content=\"Histoires technologiques de reconnaissance faciale et droits Dommages du monde entier, publi\u00e9 par le R\u00e9seau international des organisations pour les libert\u00e9s civiles (INCLO)\" \/>\n<meta property=\"og:url\" content=\"https:\/\/dev.ccla.org\/fr\/vie-privee\/surveillance-et-technologie\/surveillance-faciale\/en-focus-histoires-et-droits-de-la-reconnaissance-faciale-mefaits-du-monde-entier-inclo\/\" \/>\n<meta property=\"og:site_name\" content=\"CCLA\" \/>\n<meta property=\"article:published_time\" content=\"2021-01-01T20:06:55+00:00\" \/>\n<meta property=\"og:image\" content=\"https:\/\/dev.ccla.org\/wp-content\/uploads\/2021\/07\/INCLO_InFocus_FacialRecognition_report.png\" \/>\n\t<meta property=\"og:image:width\" content=\"590\" \/>\n\t<meta property=\"og:image:height\" content=\"838\" \/>\n\t<meta property=\"og:image:type\" content=\"image\/png\" \/>\n<meta name=\"author\" content=\"Guest Author\" \/>\n<meta name=\"twitter:card\" content=\"summary_large_image\" \/>\n<meta name=\"twitter:label1\" content=\"\u00c9crit par\" \/>\n\t<meta name=\"twitter:data1\" content=\"Guest Author\" \/>\n<script type=\"application\/ld+json\" class=\"yoast-schema-graph\">{\"@context\":\"https:\\\/\\\/schema.org\",\"@graph\":[{\"@type\":\"Article\",\"@id\":\"https:\\\/\\\/dev.ccla.org\\\/fr\\\/vie-privee\\\/surveillance-et-technologie\\\/surveillance-faciale\\\/en-focus-histoires-et-droits-de-la-reconnaissance-faciale-mefaits-du-monde-entier-inclo\\\/#article\",\"isPartOf\":{\"@id\":\"https:\\\/\\\/dev.ccla.org\\\/fr\\\/vie-privee\\\/surveillance-et-technologie\\\/surveillance-faciale\\\/en-focus-histoires-et-droits-de-la-reconnaissance-faciale-mefaits-du-monde-entier-inclo\\\/\"},\"author\":{\"name\":\"Guest Author\",\"@id\":\"https:\\\/\\\/dev.ccla.org\\\/fr\\\/#\\\/schema\\\/person\\\/d3275a5ece5eb32465424bbde4daee41\"},\"headline\":\"En Focus : Histoires et droits de la reconnaissance faciale M\u00e9faits du monde entier, (INCLO)\",\"datePublished\":\"2021-01-01T20:06:55+00:00\",\"mainEntityOfPage\":{\"@id\":\"https:\\\/\\\/dev.ccla.org\\\/fr\\\/vie-privee\\\/surveillance-et-technologie\\\/surveillance-faciale\\\/en-focus-histoires-et-droits-de-la-reconnaissance-faciale-mefaits-du-monde-entier-inclo\\\/\"},\"wordCount\":15,\"image\":{\"@id\":\"https:\\\/\\\/dev.ccla.org\\\/fr\\\/vie-privee\\\/surveillance-et-technologie\\\/surveillance-faciale\\\/en-focus-histoires-et-droits-de-la-reconnaissance-faciale-mefaits-du-monde-entier-inclo\\\/#primaryimage\"},\"thumbnailUrl\":\"https:\\\/\\\/dev.ccla.org\\\/wp-content\\\/uploads\\\/2021\\\/07\\\/INCLO_InFocus_FacialRecognition_report.png\",\"articleSection\":[\"Surveillance et technologie\",\"Surveillance faciale\",\"VIE PRIV\u00c9E\"],\"inLanguage\":\"fr-CA\"},{\"@type\":\"WebPage\",\"@id\":\"https:\\\/\\\/dev.ccla.org\\\/fr\\\/vie-privee\\\/surveillance-et-technologie\\\/surveillance-faciale\\\/en-focus-histoires-et-droits-de-la-reconnaissance-faciale-mefaits-du-monde-entier-inclo\\\/\",\"url\":\"https:\\\/\\\/dev.ccla.org\\\/fr\\\/vie-privee\\\/surveillance-et-technologie\\\/surveillance-faciale\\\/en-focus-histoires-et-droits-de-la-reconnaissance-faciale-mefaits-du-monde-entier-inclo\\\/\",\"name\":\"En Focus : Histoires et droits de la reconnaissance faciale M\u00e9faits du monde entier, (INCLO) - CCLA\",\"isPartOf\":{\"@id\":\"https:\\\/\\\/dev.ccla.org\\\/fr\\\/#website\"},\"primaryImageOfPage\":{\"@id\":\"https:\\\/\\\/dev.ccla.org\\\/fr\\\/vie-privee\\\/surveillance-et-technologie\\\/surveillance-faciale\\\/en-focus-histoires-et-droits-de-la-reconnaissance-faciale-mefaits-du-monde-entier-inclo\\\/#primaryimage\"},\"image\":{\"@id\":\"https:\\\/\\\/dev.ccla.org\\\/fr\\\/vie-privee\\\/surveillance-et-technologie\\\/surveillance-faciale\\\/en-focus-histoires-et-droits-de-la-reconnaissance-faciale-mefaits-du-monde-entier-inclo\\\/#primaryimage\"},\"thumbnailUrl\":\"https:\\\/\\\/dev.ccla.org\\\/wp-content\\\/uploads\\\/2021\\\/07\\\/INCLO_InFocus_FacialRecognition_report.png\",\"datePublished\":\"2021-01-01T20:06:55+00:00\",\"author\":{\"@id\":\"https:\\\/\\\/dev.ccla.org\\\/fr\\\/#\\\/schema\\\/person\\\/d3275a5ece5eb32465424bbde4daee41\"},\"breadcrumb\":{\"@id\":\"https:\\\/\\\/dev.ccla.org\\\/fr\\\/vie-privee\\\/surveillance-et-technologie\\\/surveillance-faciale\\\/en-focus-histoires-et-droits-de-la-reconnaissance-faciale-mefaits-du-monde-entier-inclo\\\/#breadcrumb\"},\"inLanguage\":\"fr-CA\",\"potentialAction\":[{\"@type\":\"ReadAction\",\"target\":[\"https:\\\/\\\/dev.ccla.org\\\/fr\\\/vie-privee\\\/surveillance-et-technologie\\\/surveillance-faciale\\\/en-focus-histoires-et-droits-de-la-reconnaissance-faciale-mefaits-du-monde-entier-inclo\\\/\"]}]},{\"@type\":\"ImageObject\",\"inLanguage\":\"fr-CA\",\"@id\":\"https:\\\/\\\/dev.ccla.org\\\/fr\\\/vie-privee\\\/surveillance-et-technologie\\\/surveillance-faciale\\\/en-focus-histoires-et-droits-de-la-reconnaissance-faciale-mefaits-du-monde-entier-inclo\\\/#primaryimage\",\"url\":\"https:\\\/\\\/dev.ccla.org\\\/wp-content\\\/uploads\\\/2021\\\/07\\\/INCLO_InFocus_FacialRecognition_report.png\",\"contentUrl\":\"https:\\\/\\\/dev.ccla.org\\\/wp-content\\\/uploads\\\/2021\\\/07\\\/INCLO_InFocus_FacialRecognition_report.png\",\"width\":590,\"height\":838,\"caption\":\"Rapport INCLO InFocus sur la reconnaissance faciale\"},{\"@type\":\"BreadcrumbList\",\"@id\":\"https:\\\/\\\/dev.ccla.org\\\/fr\\\/vie-privee\\\/surveillance-et-technologie\\\/surveillance-faciale\\\/en-focus-histoires-et-droits-de-la-reconnaissance-faciale-mefaits-du-monde-entier-inclo\\\/#breadcrumb\",\"itemListElement\":[{\"@type\":\"ListItem\",\"position\":1,\"name\":\"Home\",\"item\":\"https:\\\/\\\/dev.ccla.org\\\/fr\\\/accueil\\\/\"},{\"@type\":\"ListItem\",\"position\":2,\"name\":\"Non class\u00e9\",\"item\":\"https:\\\/\\\/dev.ccla.org\\\/fr\\\/category\\\/non-classe\\\/\"},{\"@type\":\"ListItem\",\"position\":3,\"name\":\"En Focus : Histoires et droits de la reconnaissance faciale M\u00e9faits du monde entier, (INCLO)\"}]},{\"@type\":\"WebSite\",\"@id\":\"https:\\\/\\\/dev.ccla.org\\\/fr\\\/#website\",\"url\":\"https:\\\/\\\/dev.ccla.org\\\/fr\\\/\",\"name\":\"CCLA\",\"description\":\"\",\"potentialAction\":[{\"@type\":\"SearchAction\",\"target\":{\"@type\":\"EntryPoint\",\"urlTemplate\":\"https:\\\/\\\/dev.ccla.org\\\/fr\\\/?s={search_term_string}\"},\"query-input\":{\"@type\":\"PropertyValueSpecification\",\"valueRequired\":true,\"valueName\":\"search_term_string\"}}],\"inLanguage\":\"fr-CA\"},{\"@type\":\"Person\",\"@id\":\"https:\\\/\\\/dev.ccla.org\\\/fr\\\/#\\\/schema\\\/person\\\/d3275a5ece5eb32465424bbde4daee41\",\"name\":\"Guest Author\",\"image\":{\"@type\":\"ImageObject\",\"inLanguage\":\"fr-CA\",\"@id\":\"https:\\\/\\\/secure.gravatar.com\\\/avatar\\\/b93f74bbad285b8a05223362625bef519ea64919467ad29bf056a5267af7d9eb?s=96&d=blank&r=g\",\"url\":\"https:\\\/\\\/secure.gravatar.com\\\/avatar\\\/b93f74bbad285b8a05223362625bef519ea64919467ad29bf056a5267af7d9eb?s=96&d=blank&r=g\",\"contentUrl\":\"https:\\\/\\\/secure.gravatar.com\\\/avatar\\\/b93f74bbad285b8a05223362625bef519ea64919467ad29bf056a5267af7d9eb?s=96&d=blank&r=g\",\"caption\":\"Guest Author\"},\"url\":\"https:\\\/\\\/dev.ccla.org\\\/fr\\\/author\\\/guest\\\/\"}]}<\/script>\n<!-- \/ Yoast SEO plugin. -->","yoast_head_json":{"title":"En Focus : Histoires et droits de la reconnaissance faciale M\u00e9faits du monde entier, (INCLO) - CCLA","robots":{"index":"noindex","follow":"follow","max-snippet":"max-snippet:-1","max-image-preview":"max-image-preview:large","max-video-preview":"max-video-preview:-1"},"og_locale":"fr_CA","og_type":"article","og_title":"En Focus : Histoires et droits de la reconnaissance faciale M\u00e9faits du monde entier, (INCLO) - CCLA","og_description":"Histoires technologiques de reconnaissance faciale et droits Dommages du monde entier, publi\u00e9 par le R\u00e9seau international des organisations pour les libert\u00e9s civiles (INCLO)","og_url":"https:\/\/dev.ccla.org\/fr\/vie-privee\/surveillance-et-technologie\/surveillance-faciale\/en-focus-histoires-et-droits-de-la-reconnaissance-faciale-mefaits-du-monde-entier-inclo\/","og_site_name":"CCLA","article_published_time":"2021-01-01T20:06:55+00:00","og_image":[{"width":590,"height":838,"url":"https:\/\/dev.ccla.org\/wp-content\/uploads\/2021\/07\/INCLO_InFocus_FacialRecognition_report.png","type":"image\/png"}],"author":"Guest Author","twitter_card":"summary_large_image","twitter_misc":{"\u00c9crit par":"Guest Author"},"schema":{"@context":"https:\/\/schema.org","@graph":[{"@type":"Article","@id":"https:\/\/dev.ccla.org\/fr\/vie-privee\/surveillance-et-technologie\/surveillance-faciale\/en-focus-histoires-et-droits-de-la-reconnaissance-faciale-mefaits-du-monde-entier-inclo\/#article","isPartOf":{"@id":"https:\/\/dev.ccla.org\/fr\/vie-privee\/surveillance-et-technologie\/surveillance-faciale\/en-focus-histoires-et-droits-de-la-reconnaissance-faciale-mefaits-du-monde-entier-inclo\/"},"author":{"name":"Guest Author","@id":"https:\/\/dev.ccla.org\/fr\/#\/schema\/person\/d3275a5ece5eb32465424bbde4daee41"},"headline":"En Focus : Histoires et droits de la reconnaissance faciale M\u00e9faits du monde entier, (INCLO)","datePublished":"2021-01-01T20:06:55+00:00","mainEntityOfPage":{"@id":"https:\/\/dev.ccla.org\/fr\/vie-privee\/surveillance-et-technologie\/surveillance-faciale\/en-focus-histoires-et-droits-de-la-reconnaissance-faciale-mefaits-du-monde-entier-inclo\/"},"wordCount":15,"image":{"@id":"https:\/\/dev.ccla.org\/fr\/vie-privee\/surveillance-et-technologie\/surveillance-faciale\/en-focus-histoires-et-droits-de-la-reconnaissance-faciale-mefaits-du-monde-entier-inclo\/#primaryimage"},"thumbnailUrl":"https:\/\/dev.ccla.org\/wp-content\/uploads\/2021\/07\/INCLO_InFocus_FacialRecognition_report.png","articleSection":["Surveillance et technologie","Surveillance faciale","VIE PRIV\u00c9E"],"inLanguage":"fr-CA"},{"@type":"WebPage","@id":"https:\/\/dev.ccla.org\/fr\/vie-privee\/surveillance-et-technologie\/surveillance-faciale\/en-focus-histoires-et-droits-de-la-reconnaissance-faciale-mefaits-du-monde-entier-inclo\/","url":"https:\/\/dev.ccla.org\/fr\/vie-privee\/surveillance-et-technologie\/surveillance-faciale\/en-focus-histoires-et-droits-de-la-reconnaissance-faciale-mefaits-du-monde-entier-inclo\/","name":"En Focus : Histoires et droits de la reconnaissance faciale M\u00e9faits du monde entier, (INCLO) - CCLA","isPartOf":{"@id":"https:\/\/dev.ccla.org\/fr\/#website"},"primaryImageOfPage":{"@id":"https:\/\/dev.ccla.org\/fr\/vie-privee\/surveillance-et-technologie\/surveillance-faciale\/en-focus-histoires-et-droits-de-la-reconnaissance-faciale-mefaits-du-monde-entier-inclo\/#primaryimage"},"image":{"@id":"https:\/\/dev.ccla.org\/fr\/vie-privee\/surveillance-et-technologie\/surveillance-faciale\/en-focus-histoires-et-droits-de-la-reconnaissance-faciale-mefaits-du-monde-entier-inclo\/#primaryimage"},"thumbnailUrl":"https:\/\/dev.ccla.org\/wp-content\/uploads\/2021\/07\/INCLO_InFocus_FacialRecognition_report.png","datePublished":"2021-01-01T20:06:55+00:00","author":{"@id":"https:\/\/dev.ccla.org\/fr\/#\/schema\/person\/d3275a5ece5eb32465424bbde4daee41"},"breadcrumb":{"@id":"https:\/\/dev.ccla.org\/fr\/vie-privee\/surveillance-et-technologie\/surveillance-faciale\/en-focus-histoires-et-droits-de-la-reconnaissance-faciale-mefaits-du-monde-entier-inclo\/#breadcrumb"},"inLanguage":"fr-CA","potentialAction":[{"@type":"ReadAction","target":["https:\/\/dev.ccla.org\/fr\/vie-privee\/surveillance-et-technologie\/surveillance-faciale\/en-focus-histoires-et-droits-de-la-reconnaissance-faciale-mefaits-du-monde-entier-inclo\/"]}]},{"@type":"ImageObject","inLanguage":"fr-CA","@id":"https:\/\/dev.ccla.org\/fr\/vie-privee\/surveillance-et-technologie\/surveillance-faciale\/en-focus-histoires-et-droits-de-la-reconnaissance-faciale-mefaits-du-monde-entier-inclo\/#primaryimage","url":"https:\/\/dev.ccla.org\/wp-content\/uploads\/2021\/07\/INCLO_InFocus_FacialRecognition_report.png","contentUrl":"https:\/\/dev.ccla.org\/wp-content\/uploads\/2021\/07\/INCLO_InFocus_FacialRecognition_report.png","width":590,"height":838,"caption":"Rapport INCLO InFocus sur la reconnaissance faciale"},{"@type":"BreadcrumbList","@id":"https:\/\/dev.ccla.org\/fr\/vie-privee\/surveillance-et-technologie\/surveillance-faciale\/en-focus-histoires-et-droits-de-la-reconnaissance-faciale-mefaits-du-monde-entier-inclo\/#breadcrumb","itemListElement":[{"@type":"ListItem","position":1,"name":"Home","item":"https:\/\/dev.ccla.org\/fr\/accueil\/"},{"@type":"ListItem","position":2,"name":"Non class\u00e9","item":"https:\/\/dev.ccla.org\/fr\/category\/non-classe\/"},{"@type":"ListItem","position":3,"name":"En Focus : Histoires et droits de la reconnaissance faciale M\u00e9faits du monde entier, (INCLO)"}]},{"@type":"WebSite","@id":"https:\/\/dev.ccla.org\/fr\/#website","url":"https:\/\/dev.ccla.org\/fr\/","name":"CCLA","description":"","potentialAction":[{"@type":"SearchAction","target":{"@type":"EntryPoint","urlTemplate":"https:\/\/dev.ccla.org\/fr\/?s={search_term_string}"},"query-input":{"@type":"PropertyValueSpecification","valueRequired":true,"valueName":"search_term_string"}}],"inLanguage":"fr-CA"},{"@type":"Person","@id":"https:\/\/dev.ccla.org\/fr\/#\/schema\/person\/d3275a5ece5eb32465424bbde4daee41","name":"Guest Author","image":{"@type":"ImageObject","inLanguage":"fr-CA","@id":"https:\/\/secure.gravatar.com\/avatar\/b93f74bbad285b8a05223362625bef519ea64919467ad29bf056a5267af7d9eb?s=96&d=blank&r=g","url":"https:\/\/secure.gravatar.com\/avatar\/b93f74bbad285b8a05223362625bef519ea64919467ad29bf056a5267af7d9eb?s=96&d=blank&r=g","contentUrl":"https:\/\/secure.gravatar.com\/avatar\/b93f74bbad285b8a05223362625bef519ea64919467ad29bf056a5267af7d9eb?s=96&d=blank&r=g","caption":"Guest Author"},"url":"https:\/\/dev.ccla.org\/fr\/author\/guest\/"}]}},"_links":{"self":[{"href":"https:\/\/dev.ccla.org\/fr\/wp-json\/wp\/v2\/posts\/16036","targetHints":{"allow":["GET"]}}],"collection":[{"href":"https:\/\/dev.ccla.org\/fr\/wp-json\/wp\/v2\/posts"}],"about":[{"href":"https:\/\/dev.ccla.org\/fr\/wp-json\/wp\/v2\/types\/post"}],"author":[{"embeddable":true,"href":"https:\/\/dev.ccla.org\/fr\/wp-json\/wp\/v2\/users\/14"}],"replies":[{"embeddable":true,"href":"https:\/\/dev.ccla.org\/fr\/wp-json\/wp\/v2\/comments?post=16036"}],"version-history":[{"count":0,"href":"https:\/\/dev.ccla.org\/fr\/wp-json\/wp\/v2\/posts\/16036\/revisions"}],"wp:featuredmedia":[{"embeddable":true,"href":"https:\/\/dev.ccla.org\/fr\/wp-json\/wp\/v2\/media\/16037"}],"wp:attachment":[{"href":"https:\/\/dev.ccla.org\/fr\/wp-json\/wp\/v2\/media?parent=16036"}],"wp:term":[{"taxonomy":"category","embeddable":true,"href":"https:\/\/dev.ccla.org\/fr\/wp-json\/wp\/v2\/categories?post=16036"},{"taxonomy":"post_tag","embeddable":true,"href":"https:\/\/dev.ccla.org\/fr\/wp-json\/wp\/v2\/tags?post=16036"}],"curies":[{"name":"wp","href":"https:\/\/api.w.org\/{rel}","templated":true}]}}