{"id":15990,"date":"2020-12-10T02:37:52","date_gmt":"2020-12-10T07:37:52","guid":{"rendered":"https:\/\/dev.ccla.org\/non-classe\/lois-sur-la-vaccination-obligatoire-quelles-lois\/"},"modified":"2026-04-23T14:37:59","modified_gmt":"2026-04-23T18:37:59","slug":"lois-sur-la-vaccination-obligatoire-quelles-lois","status":"publish","type":"post","link":"https:\/\/dev.ccla.org\/fr\/libertes-fondamentales\/lois-sur-la-vaccination-obligatoire-quelles-lois\/","title":{"rendered":"Lois sur la vaccination obligatoire : quelles lois?"},"content":{"rendered":"[vc_row type=\u00a0\u00bbin_container\u00a0\u00bb full_screen_row_position=\u00a0\u00bbmiddle\u00a0\u00bb column_margin=\u00a0\u00bbdefault\u00a0\u00bb column_direction=\u00a0\u00bbdefault\u00a0\u00bb column_direction_tablet=\u00a0\u00bbdefault\u00a0\u00bb column_direction_phone=\u00a0\u00bbdefault\u00a0\u00bb scene_position=\u00a0\u00bbcenter\u00a0\u00bb text_color=\u00a0\u00bbdark\u00a0\u00bb text_align=\u00a0\u00bbleft\u00a0\u00bb row_border_radius=\u00a0\u00bbnone\u00a0\u00bb row_border_radius_applies=\u00a0\u00bbbg\u00a0\u00bb overlay_strength=\u00a0\u00bb0.3&Prime; gradient_direction=\u00a0\u00bbleft_to_right\u00a0\u00bb shape_divider_position=\u00a0\u00bbbottom\u00a0\u00bb bg_image_animation=\u00a0\u00bbnone\u00a0\u00bb][vc_column column_padding=\u00a0\u00bbno-extra-padding\u00a0\u00bb column_padding_tablet=\u00a0\u00bbinherit\u00a0\u00bb column_padding_phone=\u00a0\u00bbinherit\u00a0\u00bb column_padding_position=\u00a0\u00bball\u00a0\u00bb column_element_spacing=\u00a0\u00bbdefault\u00a0\u00bb background_color_opacity=\u00a0\u00bb1&Prime; background_hover_color_opacity=\u00a0\u00bb1&Prime; column_shadow=\u00a0\u00bbnone\u00a0\u00bb column_border_radius=\u00a0\u00bbnone\u00a0\u00bb column_link_target=\u00a0\u00bb_self\u00a0\u00bb gradient_direction=\u00a0\u00bbleft_to_right\u00a0\u00bb overlay_strength=\u00a0\u00bb0.3&Prime; width=\u00a0\u00bb1\/1&Prime; tablet_width_inherit=\u00a0\u00bbdefault\u00a0\u00bb tablet_text_alignment=\u00a0\u00bbdefault\u00a0\u00bb phone_text_alignment=\u00a0\u00bbdefault\u00a0\u00bb bg_image_animation=\u00a0\u00bbnone\u00a0\u00bb border_type=\u00a0\u00bbsimple\u00a0\u00bb column_border_width=\u00a0\u00bbnone\u00a0\u00bb column_border_style=\u00a0\u00bbsolid\u00a0\u00bb][nectar_global_section id=\u00a0\u00bb1355&Prime;][\/vc_column][\/vc_row][vc_row type=\u00a0\u00bbfull_width_background\u00a0\u00bb full_screen_row_position=\u00a0\u00bbmiddle\u00a0\u00bb column_margin=\u00a0\u00bbdefault\u00a0\u00bb column_direction=\u00a0\u00bbdefault\u00a0\u00bb column_direction_tablet=\u00a0\u00bbdefault\u00a0\u00bb column_direction_phone=\u00a0\u00bbdefault\u00a0\u00bb scene_position=\u00a0\u00bbcenter\u00a0\u00bb top_padding=\u00a0\u00bb4%\u00a0\u00bb constrain_group_1=\u00a0\u00bbyes\u00a0\u00bb bottom_padding=\u00a0\u00bb4%\u00a0\u00bb text_color=\u00a0\u00bbdark\u00a0\u00bb text_align=\u00a0\u00bbleft\u00a0\u00bb row_border_radius=\u00a0\u00bbnone\u00a0\u00bb row_border_radius_applies=\u00a0\u00bbbg\u00a0\u00bb class=\u00a0\u00bbpost-links\u00a0\u00bb overlay_strength=\u00a0\u00bb0.3&Prime; gradient_direction=\u00a0\u00bbleft_to_right\u00a0\u00bb shape_divider_position=\u00a0\u00bbbottom\u00a0\u00bb bg_image_animation=\u00a0\u00bbnone\u00a0\u00bb shape_type=\u00a0\u00bb\u00a0\u00bb][vc_column column_padding=\u00a0\u00bbno-extra-padding\u00a0\u00bb column_padding_tablet=\u00a0\u00bbinherit\u00a0\u00bb column_padding_phone=\u00a0\u00bbinherit\u00a0\u00bb column_padding_position=\u00a0\u00bball\u00a0\u00bb column_element_spacing=\u00a0\u00bbdefault\u00a0\u00bb background_color_opacity=\u00a0\u00bb1&Prime; background_hover_color_opacity=\u00a0\u00bb1&Prime; column_shadow=\u00a0\u00bbnone\u00a0\u00bb column_border_radius=\u00a0\u00bbnone\u00a0\u00bb column_link_target=\u00a0\u00bb_self\u00a0\u00bb gradient_direction=\u00a0\u00bbleft_to_right\u00a0\u00bb overlay_strength=\u00a0\u00bb0.3&Prime; width=\u00a0\u00bb1\/1&Prime; tablet_width_inherit=\u00a0\u00bbdefault\u00a0\u00bb tablet_text_alignment=\u00a0\u00bbdefault\u00a0\u00bb phone_text_alignment=\u00a0\u00bbdefault\u00a0\u00bb bg_image_animation=\u00a0\u00bbnone\u00a0\u00bb border_type=\u00a0\u00bbsimple\u00a0\u00bb column_border_width=\u00a0\u00bbnone\u00a0\u00bb column_border_style=\u00a0\u00bbsolid\u00a0\u00bb][divider line_type=\u00a0\u00bbNo Line\u00a0\u00bb custom_height=\u00a0\u00bb30&Prime;][vc_column_text]<strong>10 d\u00e9cembre 2020<\/strong><\/p>\n<p><span data-contrast=\"auto\">La Charte des droits aurait quelque chose \u00e0 dire sur une <\/span><span data-contrast=\"auto\">loi imposant la vaccination<\/span><span data-contrast=\"auto\">, si une telle loi \u00e9tait n\u00e9e apr\u00e8s le rapatriement de notre constitution en 1982. Ce n\u2019est pas le cas. Il existe des lois exigeant que les \u00e9l\u00e8ves des \u00e9coles publiques soient vaccin\u00e9s, avec des exceptions pour des raisons m\u00e9dicales et religieuses ou de conscience. Cependant, ce n\u2019est pas la m\u00eame chose que d\u2019imposer l\u2019inoculation.<\/span><span data-contrast=\"auto\"> Il n\u2019exige pas non plus que les enfants portent <\/span><span data-contrast=\"auto\">un document contenant leurs informations priv\u00e9es de sant\u00e9 pour acc\u00e9der \u00e0 leur classe. <\/span> <span data-ccp-props=\"{\"201341983\":0,\"335559739\":160,\"335559740\":259}\"> <\/span><\/p>\n<p><span data-contrast=\"auto\">Au moment o\u00f9 j\u2019\u00e9cris ces lignes, aucune loi n\u2019a \u00e9t\u00e9 propos\u00e9e par aucun gouvernement f\u00e9d\u00e9ral, provincial ou territorial imposant l\u2019inoculation. Donc pas de loi, mais un int\u00e9r\u00eat massif pour une loi imaginaire. \u00c0 la CCLA, nous recevons beaucoup d\u2019invitations \u00e0 sp\u00e9culer sur une loi sur la vaccination obligatoire qui ne viendra probablement jamais. Nous prenons les droits humains au s\u00e9rieux, donc \u00e9vitons g\u00e9n\u00e9ralement les hypoth\u00e8ses, et il y a suffisamment de violations r\u00e9elles des libert\u00e9s civiles pour nous occuper.     <\/span><span data-ccp-props=\"{\"201341983\":0,\"335559739\":160,\"335559740\":259}\"> <\/span><\/p>\n<p><span data-contrast=\"auto\">L\u2019int\u00e9r\u00eat public massif est compr\u00e9hensible aujourd\u2019hui. Mais ceux qui occupent des postes de pouvoir et d\u2019autorit\u00e9   <\/span><span data-contrast=\"auto\">Il aurait<\/span><span data-contrast=\"auto\"> raison de r\u00e9sister \u00e0 la tentation de sp\u00e9culer. <\/span><span data-contrast=\"auto\">L\u2019\u00c9tat<\/span><span data-contrast=\"auto\"> de droit souffre de cette confusion. Sp\u00e9culer sur une loi improbable s\u00e8me la peur<\/span><span data-contrast=\"auto\">. \u00c7a rend  <\/span><span data-contrast=\"auto\">excellente radio parl\u00e9e, mais qui ne fait pas avancer la v\u00e9rit\u00e9 sur les vaccins, le droit constitutionnel et le Canada. Cela n\u2019a pas emp\u00each\u00e9 les responsables \u00e9lus et de la sant\u00e9 publique de s\u2019exprimer \u00e0 voix haute sur les risques li\u00e9s au refus de la vaccination. Cependant, ils le font \u00e0 partir du podium, non pas en tant que ministres du Cabinet avec des pouvoirs r\u00e9glementaires, ni en tant que l\u00e9gislateurs. Cela nuit aussi \u00e0 l\u2019\u00e9tat de droit, car les Canadiens sont \u00e0 gauche     <\/span><span data-contrast=\"auto\">Vous vous demandez <\/span><span data-contrast=\"auto\">si nous sommes une nation de lois ou de tribunes? (Notre Constitution dit que le Canada est le premier). <\/span> <span data-ccp-props=\"{\"201341983\":0,\"335559739\":160,\"335559740\":259}\"> <\/span><\/p>\n<p><span data-contrast=\"auto\">La derni\u00e8re r\u00e9v\u00e9lation d\u00e9pourvue d\u2019aucune autorit\u00e9 l\u00e9gale vient de <\/span><a href=\"https:\/\/globalnews.ca\/news\/7506576\/not-receiving-coronavirus-vaccine-possible-restrictions\/\" target=\"_blank\" rel=\"noopener\"><span data-contrast=\"none\">la ministre de la Sant\u00e9 de l\u2019Ontario, Christine Elliott, qui affirme que les vaccins seront volontaires, mais qu\u2019il pourrait y avoir des restrictions sur les d\u00e9placements ou d\u2019autres activit\u00e9s<\/span><\/a><span data-contrast=\"auto\"> qui pourraient survenir en raison de la non-vaccination. <\/span><a href=\"https:\/\/www.iheartradio.ca\/newstalk-1010\/news\/covid-19-vaccine-won-t-be-mandatory-in-ontario-but-like-others-required-for-access-1.14085919\" target=\"_blank\" rel=\"noopener\"><span data-contrast=\"none\">Le m\u00e9decin-chef de la sant\u00e9 de l\u2019Ontario a dit quelque chose de similaire la semaine derni\u00e8re.<\/span><\/a><span data-contrast=\"auto\"> <\/span> <span data-contrast=\"auto\"> C\u2019est <\/span><span data-contrast=\"auto\">une sp\u00e9culation erron\u00e9e sur les libert\u00e9s que la vaccination pourrait vous offrir, et sur ce qu\u2019on pourrait vous refuser si vous refusez la vaccination.<\/span><span data-contrast=\"auto\"> Vraiment, moins on en dit au pupitre, mieux c\u2019est. Laissez la loi parler. <\/span> <span data-ccp-props=\"{\"201341983\":0,\"335559739\":160,\"335559740\":259}\"> <\/span><\/p>\n<p><span data-contrast=\"auto\">Tout ce discours n\u2019est pas seulement pr\u00e9matur\u00e9 \u2013 il banalise et minimise une question importante de droits \u00e0 un moment o\u00f9 nos libert\u00e9s sont d\u00e9j\u00e0 r\u00e9prim\u00e9es de fa\u00e7ons auparavant inimaginables. Pour l\u2019instant, ce que nous ignorons sur le vaccin pourrait remplir un annuaire t\u00e9l\u00e9phonique<\/span><span data-contrast=\"auto\">. <\/span><span data-contrast=\"auto\">Nous ne savons pas combien de personnes prendront un vaccin volontairement et nous ne savons pas combien d\u2019entre nous doivent le faire pour atteindre l\u2019immunit\u00e9 collective. Nous ne savons pas combien de temps cela sera efficace, comment cela fonctionnera pr\u00e9cis\u00e9ment, ni combien notre pays ou province recevra. <\/span> <span data-ccp-props=\"{\"201341983\":0,\"335559739\":160,\"335559740\":259}\"> <\/span><\/p>\n<p><span data-contrast=\"auto\">Il y a de bonnes raisons de r\u00e9sister \u00e0 l\u2019envie de distribuer <\/span><span data-contrast=\"auto\">des passeports quasi-immunit\u00e9s<\/span><span data-contrast=\"auto\">. <\/span><span data-contrast=\"auto\"> Pour commencer, nous ne savons pas si l\u2019inoculation engendre l\u2019immunisation. <\/span><span data-contrast=\"auto\">M\u00eame si l\u2019on <\/span><span data-contrast=\"auto\">part de l\u2019hypoth\u00e8se massive <\/span><span data-contrast=\"auto\">que toute personne souhaitant \u00eatre vaccin\u00e9e peut <\/span><span data-contrast=\"auto\">l\u2019\u00eatre, il y aura aussi des exceptions pour lesquelles un vaccin particulier pourrait aller \u00e0 l\u2019encontre des recommandations m\u00e9dicales canoniques. Ces exceptions ne devraient pas \u00eatre maudites pour leur handicap.<\/span><span data-ccp-props=\"{\"201341983\":0,\"335559739\":160,\"335559740\":259}\"> <\/span><\/p>\n<p><span data-contrast=\"auto\">La stigmatisation initiale du VIH\/SIDA \u00e9tait une \u00e9tude de cas tragique de honte et de discrimination publiques. <\/span><span data-contrast=\"auto\">Nous avons d\u00e9j\u00e0 constat\u00e9 la stigmatisation destructrice qui s\u2019est install\u00e9e chez les personnes test\u00e9es positives \u00e0 la COVID. Ceux qui ont remis en question certaines mesures de sant\u00e9 publique \u2013 et ceux qui, pour diverses raisons, ne peuvent pas se conformer \u2013 font aussi face \u00e0 de vives critiques et \u00e0 la marginalisation. La petite minorit\u00e9 de personnes qui ne peuvent pas porter de masque, par exemple, a non seulement \u00e9t\u00e9 priv\u00e9e de services, mais aussi vilipend\u00e9e et diabolis\u00e9e. \u00c0 Terre-Neuve, une province qui a ferm\u00e9 ses \u00ab fronti\u00e8res \u00bb aux autres Canadiens, <\/span><a href=\"https:\/\/www.cbc.ca\/news\/canada\/newfoundland-labrador\/price-of-shame-1.5827087\" target=\"_blank\" rel=\"noopener\"><span data-contrast=\"none\">les locaux qui travaillent hors province sont honteux et menac\u00e9s sur les r\u00e9seaux sociaux<\/span><\/a><span data-contrast=\"auto\"> \u00e0 leur retour chez eux; certains sugg\u00e8rent qu\u2019ils ne devraient pas \u00eatre autoris\u00e9s \u00e0 retourner aupr\u00e8s de leur famille ou que leurs familles devraient \u00eatre isol\u00e9es avec eux. <\/span> <span data-ccp-props=\"{\"201341983\":0,\"335559739\":160,\"335559740\":259}\"> <\/span><\/p>\n<p><span data-contrast=\"auto\">La pand\u00e9mie a mis en lumi\u00e8re les nantis et les d\u00e9munis dans  <\/span><span data-contrast=\"auto\">aussi<\/span><span data-contrast=\"auto\">  De plusieurs fa\u00e7ons.  <\/span><span data-contrast=\"auto\">Ceux qui sont les plus \u00e0<\/span><span data-contrast=\"auto\">\u2013<\/span><span data-contrast=\"auto\">Risque  <\/span><span data-contrast=\"auto\">fin<\/span><span data-contrast=\"auto\">  en haut  <\/span><span data-contrast=\"auto\">ceux qui seront les plus susceptibles de faire face \u00e0 de r\u00e9els d\u00e9fis pour mettre en \u0153uvre la  <\/span><span data-contrast=\"auto\">Recommand\u00e9  <\/span><span data-contrast=\"auto\">Mesures de sant\u00e9 publique.<\/span><span data-contrast=\"auto\">  Les personnes historiquement marginalis\u00e9es ont aussi tendance \u00e0 subir les cons\u00e9quences des commandements institutionnels ou simplement de l\u2019intimidation par les puissants.  <\/span><span data-contrast=\"auto\">On devrait chercher  <\/span><span data-contrast=\"auto\">Ni l\u2019un ni l&rsquo;  <\/span><span data-contrast=\"auto\">pour de nouvelles fa\u00e7ons de diviser  <\/span><span data-contrast=\"auto\">Nous<\/span><span data-contrast=\"auto\">,  <\/span><span data-contrast=\"auto\">Ni une augmentation de la peur non plus. On pourrait plut\u00f4t <\/span><span data-contrast=\"auto\"> <\/span><span data-contrast=\"auto\">Approfondissez la meilleure fa\u00e7on d\u2019atteindre <\/span><span data-contrast=\"auto\">les objectifs de sant\u00e9 publique tout en respectant la libert\u00e9 et le choix personnels.<\/span><span data-ccp-props=\"{\"201341983\":0,\"335559739\":160,\"335559740\":259}\"> <\/span><\/p>\n<p><em><span data-contrast=\"auto\">Michael Bryant et Cara Zwibel sont des avocats travaillant \u00e0 l\u2019Association canadienne des libert\u00e9s civiles<\/span><\/em>[\/vc_column_text][\/vc_column][\/vc_row][vc_row type=\u00a0\u00bbin_container\u00a0\u00bb full_screen_row_position=\u00a0\u00bbmiddle\u00a0\u00bb column_margin=\u00a0\u00bbdefault\u00a0\u00bb column_direction=\u00a0\u00bbdefault\u00a0\u00bb column_direction_tablet=\u00a0\u00bbdefault\u00a0\u00bb column_direction_phone=\u00a0\u00bbdefault\u00a0\u00bb scene_position=\u00a0\u00bbcenter\u00a0\u00bb text_color=\u00a0\u00bbdark\u00a0\u00bb text_align=\u00a0\u00bbleft\u00a0\u00bb row_border_radius=\u00a0\u00bbnone\u00a0\u00bb row_border_radius_applies=\u00a0\u00bbbg\u00a0\u00bb overlay_strength=\u00a0\u00bb0.3&Prime; gradient_direction=\u00a0\u00bbleft_to_right\u00a0\u00bb shape_divider_position=\u00a0\u00bbbottom\u00a0\u00bb bg_image_animation=\u00a0\u00bbnone\u00a0\u00bb][vc_column column_padding=\u00a0\u00bbno-extra-padding\u00a0\u00bb column_padding_tablet=\u00a0\u00bbinherit\u00a0\u00bb column_padding_phone=\u00a0\u00bbinherit\u00a0\u00bb column_padding_position=\u00a0\u00bball\u00a0\u00bb column_element_spacing=\u00a0\u00bbdefault\u00a0\u00bb background_color_opacity=\u00a0\u00bb1&Prime; background_hover_color_opacity=\u00a0\u00bb1&Prime; column_shadow=\u00a0\u00bbnone\u00a0\u00bb column_border_radius=\u00a0\u00bbnone\u00a0\u00bb column_link_target=\u00a0\u00bb_self\u00a0\u00bb gradient_direction=\u00a0\u00bbleft_to_right\u00a0\u00bb overlay_strength=\u00a0\u00bb0.3&Prime; width=\u00a0\u00bb1\/1&Prime; tablet_width_inherit=\u00a0\u00bbdefault\u00a0\u00bb tablet_text_alignment=\u00a0\u00bbdefault\u00a0\u00bb phone_text_alignment=\u00a0\u00bbdefault\u00a0\u00bb bg_image_animation=\u00a0\u00bbnone\u00a0\u00bb border_type=\u00a0\u00bbsimple\u00a0\u00bb column_border_width=\u00a0\u00bbnone\u00a0\u00bb column_border_style=\u00a0\u00bbsolid\u00a0\u00bb][nectar_global_section id=\u00a0\u00bb1461&Prime;][\/vc_column][\/vc_row]\n","protected":false},"excerpt":{"rendered":"<p>La Charte des droits aurait quelque chose \u00e0 dire sur une loi imposant la vaccination, si une telle loi \u00e9tait n\u00e9e apr\u00e8s le rapatriement de notre constitution en 1982. Ce n\u2019est pas le cas. Il existe des lois exigeant que les \u00e9l\u00e8ves des \u00e9coles publiques soient vaccin\u00e9s, avec des exceptions pour des raisons m\u00e9dicales et religieuses ou de conscience.  <\/p>\n","protected":false},"author":4,"featured_media":14674,"comment_status":"closed","ping_status":"closed","sticky":false,"template":"","format":"standard","meta":{"footnotes":""},"categories":[382,273],"tags":[],"class_list":{"0":"post-15990","1":"post","2":"type-post","3":"status-publish","4":"format-standard","5":"has-post-thumbnail","7":"category-covid-19","8":"category-libertes-fondamentales"},"yoast_head":"<!-- This site is optimized with the Yoast SEO plugin v27.4 - https:\/\/yoast.com\/product\/yoast-seo-wordpress\/ -->\n<title>Lois sur la vaccination obligatoire : quelles lois? - CCLA<\/title>\n<meta name=\"robots\" content=\"noindex, follow, max-snippet:-1, max-image-preview:large, max-video-preview:-1\" \/>\n<meta property=\"og:locale\" content=\"fr_CA\" \/>\n<meta property=\"og:type\" content=\"article\" \/>\n<meta property=\"og:title\" content=\"Lois sur la vaccination obligatoire : quelles lois? - CCLA\" \/>\n<meta property=\"og:description\" content=\"La Charte des droits aurait quelque chose \u00e0 dire sur une loi imposant la vaccination, si une telle loi \u00e9tait n\u00e9e apr\u00e8s le rapatriement de notre constitution en 1982. Ce n\u2019est pas le cas. Il existe des lois exigeant que les \u00e9l\u00e8ves des \u00e9coles publiques soient vaccin\u00e9s, avec des exceptions pour des raisons m\u00e9dicales et religieuses ou de conscience.\" \/>\n<meta property=\"og:url\" content=\"https:\/\/dev.ccla.org\/fr\/libertes-fondamentales\/lois-sur-la-vaccination-obligatoire-quelles-lois\/\" \/>\n<meta property=\"og:site_name\" content=\"CCLA\" \/>\n<meta property=\"article:published_time\" content=\"2020-12-10T07:37:52+00:00\" \/>\n<meta property=\"article:modified_time\" content=\"2026-04-23T18:37:59+00:00\" \/>\n<meta property=\"og:image\" content=\"https:\/\/dev.ccla.org\/wp-content\/uploads\/2021\/06\/covid-19-vaccination-on-MMLPT2S.jpg\" \/>\n\t<meta property=\"og:image:width\" content=\"2000\" \/>\n\t<meta property=\"og:image:height\" content=\"800\" \/>\n\t<meta property=\"og:image:type\" content=\"image\/jpeg\" \/>\n<meta name=\"author\" content=\"CCLA\" \/>\n<meta name=\"twitter:card\" content=\"summary_large_image\" \/>\n<meta name=\"twitter:label1\" content=\"\u00c9crit par\" \/>\n\t<meta name=\"twitter:data1\" content=\"CCLA\" \/>\n\t<meta name=\"twitter:label2\" content=\"Estimation du temps de lecture\" \/>\n\t<meta name=\"twitter:data2\" content=\"7 minutes\" \/>\n<script type=\"application\/ld+json\" class=\"yoast-schema-graph\">{\"@context\":\"https:\\\/\\\/schema.org\",\"@graph\":[{\"@type\":\"Article\",\"@id\":\"https:\\\/\\\/dev.ccla.org\\\/fr\\\/libertes-fondamentales\\\/lois-sur-la-vaccination-obligatoire-quelles-lois\\\/#article\",\"isPartOf\":{\"@id\":\"https:\\\/\\\/dev.ccla.org\\\/fr\\\/libertes-fondamentales\\\/lois-sur-la-vaccination-obligatoire-quelles-lois\\\/\"},\"author\":{\"name\":\"CCLA\",\"@id\":\"https:\\\/\\\/dev.ccla.org\\\/fr\\\/#\\\/schema\\\/person\\\/e48728d4a52926205e807fd8c52bf3b0\"},\"headline\":\"Lois sur la vaccination obligatoire : quelles lois?\",\"datePublished\":\"2020-12-10T07:37:52+00:00\",\"dateModified\":\"2026-04-23T18:37:59+00:00\",\"mainEntityOfPage\":{\"@id\":\"https:\\\/\\\/dev.ccla.org\\\/fr\\\/libertes-fondamentales\\\/lois-sur-la-vaccination-obligatoire-quelles-lois\\\/\"},\"wordCount\":1407,\"image\":{\"@id\":\"https:\\\/\\\/dev.ccla.org\\\/fr\\\/libertes-fondamentales\\\/lois-sur-la-vaccination-obligatoire-quelles-lois\\\/#primaryimage\"},\"thumbnailUrl\":\"https:\\\/\\\/dev.ccla.org\\\/wp-content\\\/uploads\\\/2021\\\/06\\\/covid-19-vaccination-on-MMLPT2S.jpg\",\"articleSection\":[\"COVID-19\",\"LIBERT\u00c9S FONDAMENTALES\"],\"inLanguage\":\"fr-CA\"},{\"@type\":\"WebPage\",\"@id\":\"https:\\\/\\\/dev.ccla.org\\\/fr\\\/libertes-fondamentales\\\/lois-sur-la-vaccination-obligatoire-quelles-lois\\\/\",\"url\":\"https:\\\/\\\/dev.ccla.org\\\/fr\\\/libertes-fondamentales\\\/lois-sur-la-vaccination-obligatoire-quelles-lois\\\/\",\"name\":\"Lois sur la vaccination obligatoire : quelles lois? - CCLA\",\"isPartOf\":{\"@id\":\"https:\\\/\\\/dev.ccla.org\\\/fr\\\/#website\"},\"primaryImageOfPage\":{\"@id\":\"https:\\\/\\\/dev.ccla.org\\\/fr\\\/libertes-fondamentales\\\/lois-sur-la-vaccination-obligatoire-quelles-lois\\\/#primaryimage\"},\"image\":{\"@id\":\"https:\\\/\\\/dev.ccla.org\\\/fr\\\/libertes-fondamentales\\\/lois-sur-la-vaccination-obligatoire-quelles-lois\\\/#primaryimage\"},\"thumbnailUrl\":\"https:\\\/\\\/dev.ccla.org\\\/wp-content\\\/uploads\\\/2021\\\/06\\\/covid-19-vaccination-on-MMLPT2S.jpg\",\"datePublished\":\"2020-12-10T07:37:52+00:00\",\"dateModified\":\"2026-04-23T18:37:59+00:00\",\"author\":{\"@id\":\"https:\\\/\\\/dev.ccla.org\\\/fr\\\/#\\\/schema\\\/person\\\/e48728d4a52926205e807fd8c52bf3b0\"},\"breadcrumb\":{\"@id\":\"https:\\\/\\\/dev.ccla.org\\\/fr\\\/libertes-fondamentales\\\/lois-sur-la-vaccination-obligatoire-quelles-lois\\\/#breadcrumb\"},\"inLanguage\":\"fr-CA\",\"potentialAction\":[{\"@type\":\"ReadAction\",\"target\":[\"https:\\\/\\\/dev.ccla.org\\\/fr\\\/libertes-fondamentales\\\/lois-sur-la-vaccination-obligatoire-quelles-lois\\\/\"]}]},{\"@type\":\"ImageObject\",\"inLanguage\":\"fr-CA\",\"@id\":\"https:\\\/\\\/dev.ccla.org\\\/fr\\\/libertes-fondamentales\\\/lois-sur-la-vaccination-obligatoire-quelles-lois\\\/#primaryimage\",\"url\":\"https:\\\/\\\/dev.ccla.org\\\/wp-content\\\/uploads\\\/2021\\\/06\\\/covid-19-vaccination-on-MMLPT2S.jpg\",\"contentUrl\":\"https:\\\/\\\/dev.ccla.org\\\/wp-content\\\/uploads\\\/2021\\\/06\\\/covid-19-vaccination-on-MMLPT2S.jpg\",\"width\":2000,\"height\":800},{\"@type\":\"BreadcrumbList\",\"@id\":\"https:\\\/\\\/dev.ccla.org\\\/fr\\\/libertes-fondamentales\\\/lois-sur-la-vaccination-obligatoire-quelles-lois\\\/#breadcrumb\",\"itemListElement\":[{\"@type\":\"ListItem\",\"position\":1,\"name\":\"Home\",\"item\":\"https:\\\/\\\/dev.ccla.org\\\/fr\\\/accueil\\\/\"},{\"@type\":\"ListItem\",\"position\":2,\"name\":\"Non class\u00e9\",\"item\":\"https:\\\/\\\/dev.ccla.org\\\/fr\\\/category\\\/non-classe\\\/\"},{\"@type\":\"ListItem\",\"position\":3,\"name\":\"Lois sur la vaccination obligatoire : quelles lois?\"}]},{\"@type\":\"WebSite\",\"@id\":\"https:\\\/\\\/dev.ccla.org\\\/fr\\\/#website\",\"url\":\"https:\\\/\\\/dev.ccla.org\\\/fr\\\/\",\"name\":\"CCLA\",\"description\":\"\",\"potentialAction\":[{\"@type\":\"SearchAction\",\"target\":{\"@type\":\"EntryPoint\",\"urlTemplate\":\"https:\\\/\\\/dev.ccla.org\\\/fr\\\/?s={search_term_string}\"},\"query-input\":{\"@type\":\"PropertyValueSpecification\",\"valueRequired\":true,\"valueName\":\"search_term_string\"}}],\"inLanguage\":\"fr-CA\"},{\"@type\":\"Person\",\"@id\":\"https:\\\/\\\/dev.ccla.org\\\/fr\\\/#\\\/schema\\\/person\\\/e48728d4a52926205e807fd8c52bf3b0\",\"name\":\"CCLA\",\"image\":{\"@type\":\"ImageObject\",\"inLanguage\":\"fr-CA\",\"@id\":\"https:\\\/\\\/secure.gravatar.com\\\/avatar\\\/03b13921772ba279da547407d7a85f0b4a10bdf8cc9a026f2ac4e10643eee315?s=96&d=blank&r=g\",\"url\":\"https:\\\/\\\/secure.gravatar.com\\\/avatar\\\/03b13921772ba279da547407d7a85f0b4a10bdf8cc9a026f2ac4e10643eee315?s=96&d=blank&r=g\",\"contentUrl\":\"https:\\\/\\\/secure.gravatar.com\\\/avatar\\\/03b13921772ba279da547407d7a85f0b4a10bdf8cc9a026f2ac4e10643eee315?s=96&d=blank&r=g\",\"caption\":\"CCLA\"},\"url\":\"https:\\\/\\\/dev.ccla.org\\\/fr\\\/author\\\/ccla\\\/\"}]}<\/script>\n<!-- \/ Yoast SEO plugin. -->","yoast_head_json":{"title":"Lois sur la vaccination obligatoire : quelles lois? - CCLA","robots":{"index":"noindex","follow":"follow","max-snippet":"max-snippet:-1","max-image-preview":"max-image-preview:large","max-video-preview":"max-video-preview:-1"},"og_locale":"fr_CA","og_type":"article","og_title":"Lois sur la vaccination obligatoire : quelles lois? - CCLA","og_description":"La Charte des droits aurait quelque chose \u00e0 dire sur une loi imposant la vaccination, si une telle loi \u00e9tait n\u00e9e apr\u00e8s le rapatriement de notre constitution en 1982. Ce n\u2019est pas le cas. Il existe des lois exigeant que les \u00e9l\u00e8ves des \u00e9coles publiques soient vaccin\u00e9s, avec des exceptions pour des raisons m\u00e9dicales et religieuses ou de conscience.","og_url":"https:\/\/dev.ccla.org\/fr\/libertes-fondamentales\/lois-sur-la-vaccination-obligatoire-quelles-lois\/","og_site_name":"CCLA","article_published_time":"2020-12-10T07:37:52+00:00","article_modified_time":"2026-04-23T18:37:59+00:00","og_image":[{"width":2000,"height":800,"url":"https:\/\/dev.ccla.org\/wp-content\/uploads\/2021\/06\/covid-19-vaccination-on-MMLPT2S.jpg","type":"image\/jpeg"}],"author":"CCLA","twitter_card":"summary_large_image","twitter_misc":{"\u00c9crit par":"CCLA","Estimation du temps de lecture":"7 minutes"},"schema":{"@context":"https:\/\/schema.org","@graph":[{"@type":"Article","@id":"https:\/\/dev.ccla.org\/fr\/libertes-fondamentales\/lois-sur-la-vaccination-obligatoire-quelles-lois\/#article","isPartOf":{"@id":"https:\/\/dev.ccla.org\/fr\/libertes-fondamentales\/lois-sur-la-vaccination-obligatoire-quelles-lois\/"},"author":{"name":"CCLA","@id":"https:\/\/dev.ccla.org\/fr\/#\/schema\/person\/e48728d4a52926205e807fd8c52bf3b0"},"headline":"Lois sur la vaccination obligatoire : quelles lois?","datePublished":"2020-12-10T07:37:52+00:00","dateModified":"2026-04-23T18:37:59+00:00","mainEntityOfPage":{"@id":"https:\/\/dev.ccla.org\/fr\/libertes-fondamentales\/lois-sur-la-vaccination-obligatoire-quelles-lois\/"},"wordCount":1407,"image":{"@id":"https:\/\/dev.ccla.org\/fr\/libertes-fondamentales\/lois-sur-la-vaccination-obligatoire-quelles-lois\/#primaryimage"},"thumbnailUrl":"https:\/\/dev.ccla.org\/wp-content\/uploads\/2021\/06\/covid-19-vaccination-on-MMLPT2S.jpg","articleSection":["COVID-19","LIBERT\u00c9S FONDAMENTALES"],"inLanguage":"fr-CA"},{"@type":"WebPage","@id":"https:\/\/dev.ccla.org\/fr\/libertes-fondamentales\/lois-sur-la-vaccination-obligatoire-quelles-lois\/","url":"https:\/\/dev.ccla.org\/fr\/libertes-fondamentales\/lois-sur-la-vaccination-obligatoire-quelles-lois\/","name":"Lois sur la vaccination obligatoire : quelles lois? - CCLA","isPartOf":{"@id":"https:\/\/dev.ccla.org\/fr\/#website"},"primaryImageOfPage":{"@id":"https:\/\/dev.ccla.org\/fr\/libertes-fondamentales\/lois-sur-la-vaccination-obligatoire-quelles-lois\/#primaryimage"},"image":{"@id":"https:\/\/dev.ccla.org\/fr\/libertes-fondamentales\/lois-sur-la-vaccination-obligatoire-quelles-lois\/#primaryimage"},"thumbnailUrl":"https:\/\/dev.ccla.org\/wp-content\/uploads\/2021\/06\/covid-19-vaccination-on-MMLPT2S.jpg","datePublished":"2020-12-10T07:37:52+00:00","dateModified":"2026-04-23T18:37:59+00:00","author":{"@id":"https:\/\/dev.ccla.org\/fr\/#\/schema\/person\/e48728d4a52926205e807fd8c52bf3b0"},"breadcrumb":{"@id":"https:\/\/dev.ccla.org\/fr\/libertes-fondamentales\/lois-sur-la-vaccination-obligatoire-quelles-lois\/#breadcrumb"},"inLanguage":"fr-CA","potentialAction":[{"@type":"ReadAction","target":["https:\/\/dev.ccla.org\/fr\/libertes-fondamentales\/lois-sur-la-vaccination-obligatoire-quelles-lois\/"]}]},{"@type":"ImageObject","inLanguage":"fr-CA","@id":"https:\/\/dev.ccla.org\/fr\/libertes-fondamentales\/lois-sur-la-vaccination-obligatoire-quelles-lois\/#primaryimage","url":"https:\/\/dev.ccla.org\/wp-content\/uploads\/2021\/06\/covid-19-vaccination-on-MMLPT2S.jpg","contentUrl":"https:\/\/dev.ccla.org\/wp-content\/uploads\/2021\/06\/covid-19-vaccination-on-MMLPT2S.jpg","width":2000,"height":800},{"@type":"BreadcrumbList","@id":"https:\/\/dev.ccla.org\/fr\/libertes-fondamentales\/lois-sur-la-vaccination-obligatoire-quelles-lois\/#breadcrumb","itemListElement":[{"@type":"ListItem","position":1,"name":"Home","item":"https:\/\/dev.ccla.org\/fr\/accueil\/"},{"@type":"ListItem","position":2,"name":"Non class\u00e9","item":"https:\/\/dev.ccla.org\/fr\/category\/non-classe\/"},{"@type":"ListItem","position":3,"name":"Lois sur la vaccination obligatoire : quelles lois?"}]},{"@type":"WebSite","@id":"https:\/\/dev.ccla.org\/fr\/#website","url":"https:\/\/dev.ccla.org\/fr\/","name":"CCLA","description":"","potentialAction":[{"@type":"SearchAction","target":{"@type":"EntryPoint","urlTemplate":"https:\/\/dev.ccla.org\/fr\/?s={search_term_string}"},"query-input":{"@type":"PropertyValueSpecification","valueRequired":true,"valueName":"search_term_string"}}],"inLanguage":"fr-CA"},{"@type":"Person","@id":"https:\/\/dev.ccla.org\/fr\/#\/schema\/person\/e48728d4a52926205e807fd8c52bf3b0","name":"CCLA","image":{"@type":"ImageObject","inLanguage":"fr-CA","@id":"https:\/\/secure.gravatar.com\/avatar\/03b13921772ba279da547407d7a85f0b4a10bdf8cc9a026f2ac4e10643eee315?s=96&d=blank&r=g","url":"https:\/\/secure.gravatar.com\/avatar\/03b13921772ba279da547407d7a85f0b4a10bdf8cc9a026f2ac4e10643eee315?s=96&d=blank&r=g","contentUrl":"https:\/\/secure.gravatar.com\/avatar\/03b13921772ba279da547407d7a85f0b4a10bdf8cc9a026f2ac4e10643eee315?s=96&d=blank&r=g","caption":"CCLA"},"url":"https:\/\/dev.ccla.org\/fr\/author\/ccla\/"}]}},"_links":{"self":[{"href":"https:\/\/dev.ccla.org\/fr\/wp-json\/wp\/v2\/posts\/15990","targetHints":{"allow":["GET"]}}],"collection":[{"href":"https:\/\/dev.ccla.org\/fr\/wp-json\/wp\/v2\/posts"}],"about":[{"href":"https:\/\/dev.ccla.org\/fr\/wp-json\/wp\/v2\/types\/post"}],"author":[{"embeddable":true,"href":"https:\/\/dev.ccla.org\/fr\/wp-json\/wp\/v2\/users\/4"}],"replies":[{"embeddable":true,"href":"https:\/\/dev.ccla.org\/fr\/wp-json\/wp\/v2\/comments?post=15990"}],"version-history":[{"count":1,"href":"https:\/\/dev.ccla.org\/fr\/wp-json\/wp\/v2\/posts\/15990\/revisions"}],"predecessor-version":[{"id":15995,"href":"https:\/\/dev.ccla.org\/fr\/wp-json\/wp\/v2\/posts\/15990\/revisions\/15995"}],"wp:featuredmedia":[{"embeddable":true,"href":"https:\/\/dev.ccla.org\/fr\/wp-json\/wp\/v2\/media\/14674"}],"wp:attachment":[{"href":"https:\/\/dev.ccla.org\/fr\/wp-json\/wp\/v2\/media?parent=15990"}],"wp:term":[{"taxonomy":"category","embeddable":true,"href":"https:\/\/dev.ccla.org\/fr\/wp-json\/wp\/v2\/categories?post=15990"},{"taxonomy":"post_tag","embeddable":true,"href":"https:\/\/dev.ccla.org\/fr\/wp-json\/wp\/v2\/tags?post=15990"}],"curies":[{"name":"wp","href":"https:\/\/api.w.org\/{rel}","templated":true}]}}