{"id":15943,"date":"2020-11-17T09:54:08","date_gmt":"2020-11-17T14:54:08","guid":{"rendered":"https:\/\/dev.ccla.org\/non-classe\/avons-nous-obtenu-la-loi-sur-la-vie-privee-dont-nous-avons-besoin\/"},"modified":"2026-04-23T14:37:49","modified_gmt":"2026-04-23T18:37:49","slug":"avons-nous-obtenu-la-loi-sur-la-vie-privee-dont-nous-avons-besoin","status":"publish","type":"post","link":"https:\/\/dev.ccla.org\/fr\/vie-privee\/reforme-des-lois-sur-la-vie-privee\/avons-nous-obtenu-la-loi-sur-la-vie-privee-dont-nous-avons-besoin\/","title":{"rendered":"Avons-nous obtenu la loi sur la vie priv\u00e9e dont nous avons besoin?"},"content":{"rendered":"[vc_row type=\u00a0\u00bbin_container\u00a0\u00bb full_screen_row_position=\u00a0\u00bbmiddle\u00a0\u00bb column_margin=\u00a0\u00bbdefault\u00a0\u00bb column_direction=\u00a0\u00bbdefault\u00a0\u00bb column_direction_tablet=\u00a0\u00bbdefault\u00a0\u00bb column_direction_phone=\u00a0\u00bbdefault\u00a0\u00bb scene_position=\u00a0\u00bbcenter\u00a0\u00bb text_color=\u00a0\u00bbdark\u00a0\u00bb text_align=\u00a0\u00bbleft\u00a0\u00bb row_border_radius=\u00a0\u00bbnone\u00a0\u00bb row_border_radius_applies=\u00a0\u00bbbg\u00a0\u00bb overlay_strength=\u00a0\u00bb0.3&Prime; gradient_direction=\u00a0\u00bbleft_to_right\u00a0\u00bb shape_divider_position=\u00a0\u00bbbottom\u00a0\u00bb bg_image_animation=\u00a0\u00bbnone\u00a0\u00bb][vc_column column_padding=\u00a0\u00bbno-extra-padding\u00a0\u00bb column_padding_tablet=\u00a0\u00bbinherit\u00a0\u00bb column_padding_phone=\u00a0\u00bbinherit\u00a0\u00bb column_padding_position=\u00a0\u00bball\u00a0\u00bb column_element_spacing=\u00a0\u00bbdefault\u00a0\u00bb background_color_opacity=\u00a0\u00bb1&Prime; background_hover_color_opacity=\u00a0\u00bb1&Prime; column_shadow=\u00a0\u00bbnone\u00a0\u00bb column_border_radius=\u00a0\u00bbnone\u00a0\u00bb column_link_target=\u00a0\u00bb_self\u00a0\u00bb gradient_direction=\u00a0\u00bbleft_to_right\u00a0\u00bb overlay_strength=\u00a0\u00bb0.3&Prime; width=\u00a0\u00bb1\/1&Prime; tablet_width_inherit=\u00a0\u00bbdefault\u00a0\u00bb tablet_text_alignment=\u00a0\u00bbdefault\u00a0\u00bb phone_text_alignment=\u00a0\u00bbdefault\u00a0\u00bb bg_image_animation=\u00a0\u00bbnone\u00a0\u00bb border_type=\u00a0\u00bbsimple\u00a0\u00bb column_border_width=\u00a0\u00bbnone\u00a0\u00bb column_border_style=\u00a0\u00bbsolid\u00a0\u00bb][nectar_global_section id=\u00a0\u00bb1355&Prime;][\/vc_column][\/vc_row][vc_row type=\u00a0\u00bbfull_width_background\u00a0\u00bb full_screen_row_position=\u00a0\u00bbmiddle\u00a0\u00bb column_margin=\u00a0\u00bbdefault\u00a0\u00bb column_direction=\u00a0\u00bbdefault\u00a0\u00bb column_direction_tablet=\u00a0\u00bbdefault\u00a0\u00bb column_direction_phone=\u00a0\u00bbdefault\u00a0\u00bb scene_position=\u00a0\u00bbcenter\u00a0\u00bb top_padding=\u00a0\u00bb4%\u00a0\u00bb constrain_group_1=\u00a0\u00bbyes\u00a0\u00bb bottom_padding=\u00a0\u00bb4%\u00a0\u00bb text_color=\u00a0\u00bbdark\u00a0\u00bb text_align=\u00a0\u00bbleft\u00a0\u00bb row_border_radius=\u00a0\u00bbnone\u00a0\u00bb row_border_radius_applies=\u00a0\u00bbbg\u00a0\u00bb class=\u00a0\u00bbpost-links\u00a0\u00bb overlay_strength=\u00a0\u00bb0.3&Prime; gradient_direction=\u00a0\u00bbleft_to_right\u00a0\u00bb shape_divider_position=\u00a0\u00bbbottom\u00a0\u00bb bg_image_animation=\u00a0\u00bbnone\u00a0\u00bb shape_type=\u00a0\u00bb\u00a0\u00bb][vc_column column_padding=\u00a0\u00bbno-extra-padding\u00a0\u00bb column_padding_tablet=\u00a0\u00bbinherit\u00a0\u00bb column_padding_phone=\u00a0\u00bbinherit\u00a0\u00bb column_padding_position=\u00a0\u00bball\u00a0\u00bb column_element_spacing=\u00a0\u00bbdefault\u00a0\u00bb background_color_opacity=\u00a0\u00bb1&Prime; background_hover_color_opacity=\u00a0\u00bb1&Prime; column_shadow=\u00a0\u00bbnone\u00a0\u00bb column_border_radius=\u00a0\u00bbnone\u00a0\u00bb column_link_target=\u00a0\u00bb_self\u00a0\u00bb gradient_direction=\u00a0\u00bbleft_to_right\u00a0\u00bb overlay_strength=\u00a0\u00bb0.3&Prime; width=\u00a0\u00bb1\/1&Prime; tablet_width_inherit=\u00a0\u00bbdefault\u00a0\u00bb tablet_text_alignment=\u00a0\u00bbdefault\u00a0\u00bb phone_text_alignment=\u00a0\u00bbdefault\u00a0\u00bb bg_image_animation=\u00a0\u00bbnone\u00a0\u00bb border_type=\u00a0\u00bbsimple\u00a0\u00bb column_border_width=\u00a0\u00bbnone\u00a0\u00bb column_border_style=\u00a0\u00bbsolid\u00a0\u00bb][divider line_type=\u00a0\u00bbNo Line\u00a0\u00bb custom_height=\u00a0\u00bb30&Prime;][vc_column_text]Le Canada a une nouvelle l\u00e9gislation sur la vie priv\u00e9e sur la table, et c\u2019est un buffet, mais le temps dira si les plats sur la table se r\u00e9uniront pour faire un festin.<\/p>\n<p>Le projet de loi C-11, \u00e0 119 pages, r\u00e9formera de fa\u00e7on significative le paysage de la vie priv\u00e9e. La <em>Loi sur la mise en \u0153uvre de la Charte num\u00e9rique de 2020<\/em> cr\u00e9e une <em>nouvelle Loi sur la protection de la vie priv\u00e9e des consommateurs<\/em> (CPPA) ainsi qu\u2019un nouveau Tribunal de protection des renseignements personnels et des donn\u00e9es qui sera l\u2019organisme charg\u00e9 d\u2019administrer les sanctions et d\u2019examiner les ordonnances \u00e9mises par le commissaire f\u00e9d\u00e9ral \u00e0 la protection de la vie priv\u00e9e (qui aura de tels pouvoirs pour la premi\u00e8re fois). <\/p>\n<p>Il faudra un certain temps pour approfondir cela et voir si certaines des recommandations formul\u00e9es par la CCLA et d\u2019autres groupes engag\u00e9s en faveur de la vie priv\u00e9e au cours d\u2019une d\u00e9cennie ou plus de consultations ont \u00e9t\u00e9 int\u00e9gr\u00e9es de mani\u00e8re significative dans la l\u00e9gislation. Comme en t\u00e9moigne son titre, la Charte num\u00e9rique, <a href=\"https:\/\/www.canada.ca\/en\/innovation-science-economic-development\/news\/2019\/05\/minister-bains-announces-canadas-digital-charter.html\" target=\"_blank\" rel=\"noopener\">introduite pour la premi\u00e8re fois en mai 2019<\/a>, ax\u00e9e sur le contr\u00f4le, le consentement, la concurrence, l\u2019application et la responsabilit\u00e9, a clairement orient\u00e9 l\u2019approche adopt\u00e9e par rapport \u00e0 cette l\u00e9gislation. Mais ne vous laissez pas tromper par le mot \u00ab Charte \u00bb, cette loi ne reconna\u00eet pas sp\u00e9cifiquement la vie priv\u00e9e comme un droit humain fondamental, ce qui est d\u00e9cevant.  <\/p>\n<p>Mais un rapide coup d\u2019envoi r\u00e9v\u00e8le les nouveaux points forts suivants, certains qui semblent positifs, d\u2019autres n\u00e9cessitant un examen plus approfondi :<\/p>\n<ul>\n<li>Les dispositions de transparence algorithmique donnent aux gens le droit de savoir quand les pr\u00e9dictions ou d\u00e9cisions ont \u00e9t\u00e9 prises \u00e0 leur sujet gr\u00e2ce \u00e0 l\u2019IA<\/li>\n<li>Les dispositions relatives \u00e0 la portabilit\u00e9 des donn\u00e9es signifient que les gens peuvent transf\u00e9rer leurs informations d\u2019une organisation \u00e0 une autre<\/li>\n<li>Les dispositions sur les donn\u00e9es d\u00e9sidentifi\u00e9es permettent le partage entre entreprises et gouvernements dans certaines circonstances \u00ab socialement b\u00e9n\u00e9fiques \u00bb<\/li>\n<li>Le consentement ne sera pas requis lorsque les gens devraient raisonnablement s\u2019attendre \u00e0 ce que leurs informations soient utilis\u00e9es \u00e0 des fins commerciales<\/li>\n<li>MAIS les dispositions sur le consentement doivent \u00eatre en langage clair, compr\u00e9hensibles plut\u00f4t qu\u2019opaques, et lorsque le consentement est retir\u00e9, les gens peuvent demander que leurs informations soient supprim\u00e9es<\/li>\n<li>D\u2019importants changements dans l\u2019application, avec des pouvoirs d\u2019ordonnance pour l\u2019OPC, et de lourdes sanctions financi\u00e8res en cas de non-respect pouvant aller jusqu\u2019\u00e0 5% des revenus mondiaux ou 25 millions de dollars pour des infractions graves<\/li>\n<li>Un nouveau droit d\u2019action priv\u00e9, permettant aux particuliers de poursuivre en justice dans les cas o\u00f9 une violation de la vie priv\u00e9e est confirm\u00e9e par le nouveau Tribunal.<\/li>\n<\/ul>\n<p>Le projet de loi semble tenter de cr\u00e9er une nouvelle base pour un environnement d\u2019information fiable et digne de confiance pour les populations \u00e0 travers le Canada. Que cette base soit solide ou manquante, certains \u00e9l\u00e9ments de base \u00e9mergeront au cours des prochaines heures et jours alors que nous analyserons en profondeur ce qu\u2019elle r\u00e9v\u00e8le. Mais la r\u00e9forme de la vie priv\u00e9e au Canada a vraiment commenc\u00e9, apr\u00e8s des ann\u00e9es d\u2019attente, et il reste du travail \u00e0 faire pour s\u2019assurer qu\u2019\u00e0 la fin du processus, nous obtenions une loi qui respecte les droits \u00e0 la vie priv\u00e9e et offre des protections significatives \u00e0 toutes les personnes dans notre vie m\u00e9diatis\u00e9e num\u00e9riquement.[\/vc_column_text][\/vc_column][\/vc_row][vc_row type=\u00a0\u00bbin_container\u00a0\u00bb full_screen_row_position=\u00a0\u00bbmiddle\u00a0\u00bb column_margin=\u00a0\u00bbdefault\u00a0\u00bb column_direction=\u00a0\u00bbdefault\u00a0\u00bb column_direction_tablet=\u00a0\u00bbdefault\u00a0\u00bb column_direction_phone=\u00a0\u00bbdefault\u00a0\u00bb scene_position=\u00a0\u00bbcenter\u00a0\u00bb text_color=\u00a0\u00bbdark\u00a0\u00bb text_align=\u00a0\u00bbleft\u00a0\u00bb row_border_radius=\u00a0\u00bbnone\u00a0\u00bb row_border_radius_applies=\u00a0\u00bbbg\u00a0\u00bb overlay_strength=\u00a0\u00bb0.3&Prime; gradient_direction=\u00a0\u00bbleft_to_right\u00a0\u00bb shape_divider_position=\u00a0\u00bbbottom\u00a0\u00bb bg_image_animation=\u00a0\u00bbnone\u00a0\u00bb][vc_column column_padding=\u00a0\u00bbno-extra-padding\u00a0\u00bb column_padding_tablet=\u00a0\u00bbinherit\u00a0\u00bb column_padding_phone=\u00a0\u00bbinherit\u00a0\u00bb column_padding_position=\u00a0\u00bball\u00a0\u00bb column_element_spacing=\u00a0\u00bbdefault\u00a0\u00bb background_color_opacity=\u00a0\u00bb1&Prime; background_hover_color_opacity=\u00a0\u00bb1&Prime; column_shadow=\u00a0\u00bbnone\u00a0\u00bb column_border_radius=\u00a0\u00bbnone\u00a0\u00bb column_link_target=\u00a0\u00bb_self\u00a0\u00bb gradient_direction=\u00a0\u00bbleft_to_right\u00a0\u00bb overlay_strength=\u00a0\u00bb0.3&Prime; width=\u00a0\u00bb1\/1&Prime; tablet_width_inherit=\u00a0\u00bbdefault\u00a0\u00bb tablet_text_alignment=\u00a0\u00bbdefault\u00a0\u00bb phone_text_alignment=\u00a0\u00bbdefault\u00a0\u00bb bg_image_animation=\u00a0\u00bbnone\u00a0\u00bb border_type=\u00a0\u00bbsimple\u00a0\u00bb column_border_width=\u00a0\u00bbnone\u00a0\u00bb column_border_style=\u00a0\u00bbsolid\u00a0\u00bb][nectar_global_section id=\u00a0\u00bb1461&Prime;][\/vc_column][\/vc_row]\n","protected":false},"excerpt":{"rendered":"<p>Le Canada a une nouvelle l\u00e9gislation sur la vie priv\u00e9e sur la table, et c\u2019est un buffet, mais le temps dira si les plats sur la table se r\u00e9uniront pour faire un festin<\/p>\n","protected":false},"author":11,"featured_media":15614,"comment_status":"closed","ping_status":"closed","sticky":false,"template":"","format":"standard","meta":{"footnotes":""},"categories":[381,278,277],"tags":[],"class_list":{"0":"post-15943","1":"post","2":"type-post","3":"status-publish","4":"format-standard","5":"has-post-thumbnail","7":"category-ccpa-projet-de-loi-c-11","8":"category-reforme-des-lois-sur-la-vie-privee","9":"category-vie-privee"},"yoast_head":"<!-- This site is optimized with the Yoast SEO plugin v27.4 - https:\/\/yoast.com\/product\/yoast-seo-wordpress\/ -->\n<title>Avons-nous obtenu la loi sur la vie priv\u00e9e dont nous avons besoin? - CCLA<\/title>\n<meta name=\"robots\" content=\"noindex, follow, max-snippet:-1, max-image-preview:large, max-video-preview:-1\" \/>\n<meta property=\"og:locale\" content=\"fr_CA\" \/>\n<meta property=\"og:type\" content=\"article\" \/>\n<meta property=\"og:title\" content=\"Avons-nous obtenu la loi sur la vie priv\u00e9e dont nous avons besoin? - CCLA\" \/>\n<meta property=\"og:description\" content=\"Le Canada a une nouvelle l\u00e9gislation sur la vie priv\u00e9e sur la table, et c\u2019est un buffet, mais le temps dira si les plats sur la table se r\u00e9uniront pour faire un festin\" \/>\n<meta property=\"og:url\" content=\"https:\/\/dev.ccla.org\/fr\/vie-privee\/reforme-des-lois-sur-la-vie-privee\/avons-nous-obtenu-la-loi-sur-la-vie-privee-dont-nous-avons-besoin\/\" \/>\n<meta property=\"og:site_name\" content=\"CCLA\" \/>\n<meta property=\"article:published_time\" content=\"2020-11-17T14:54:08+00:00\" \/>\n<meta property=\"article:modified_time\" content=\"2026-04-23T18:37:49+00:00\" \/>\n<meta property=\"og:image\" content=\"https:\/\/dev.ccla.org\/wp-content\/uploads\/2021\/06\/symmetric-security-cameras-XA4ZSBU.jpg\" \/>\n\t<meta property=\"og:image:width\" content=\"2000\" \/>\n\t<meta property=\"og:image:height\" content=\"800\" \/>\n\t<meta property=\"og:image:type\" content=\"image\/jpeg\" \/>\n<meta name=\"author\" content=\"Brenda McPhail\" \/>\n<meta name=\"twitter:card\" content=\"summary_large_image\" \/>\n<meta name=\"twitter:creator\" content=\"@Brenda\" \/>\n<meta name=\"twitter:label1\" content=\"\u00c9crit par\" \/>\n\t<meta name=\"twitter:data1\" content=\"Brenda McPhail\" \/>\n\t<meta name=\"twitter:label2\" content=\"Estimation du temps de lecture\" \/>\n\t<meta name=\"twitter:data2\" content=\"5 minutes\" \/>\n<script type=\"application\/ld+json\" class=\"yoast-schema-graph\">{\"@context\":\"https:\\\/\\\/schema.org\",\"@graph\":[{\"@type\":\"Article\",\"@id\":\"https:\\\/\\\/dev.ccla.org\\\/fr\\\/vie-privee\\\/reforme-des-lois-sur-la-vie-privee\\\/avons-nous-obtenu-la-loi-sur-la-vie-privee-dont-nous-avons-besoin\\\/#article\",\"isPartOf\":{\"@id\":\"https:\\\/\\\/dev.ccla.org\\\/fr\\\/vie-privee\\\/reforme-des-lois-sur-la-vie-privee\\\/avons-nous-obtenu-la-loi-sur-la-vie-privee-dont-nous-avons-besoin\\\/\"},\"author\":{\"name\":\"Brenda McPhail\",\"@id\":\"https:\\\/\\\/dev.ccla.org\\\/fr\\\/#\\\/schema\\\/person\\\/df01c0bd709d7a6c260f3b5f332d9d69\"},\"headline\":\"Avons-nous obtenu la loi sur la vie priv\u00e9e dont nous avons besoin?\",\"datePublished\":\"2020-11-17T14:54:08+00:00\",\"dateModified\":\"2026-04-23T18:37:49+00:00\",\"mainEntityOfPage\":{\"@id\":\"https:\\\/\\\/dev.ccla.org\\\/fr\\\/vie-privee\\\/reforme-des-lois-sur-la-vie-privee\\\/avons-nous-obtenu-la-loi-sur-la-vie-privee-dont-nous-avons-besoin\\\/\"},\"wordCount\":1067,\"image\":{\"@id\":\"https:\\\/\\\/dev.ccla.org\\\/fr\\\/vie-privee\\\/reforme-des-lois-sur-la-vie-privee\\\/avons-nous-obtenu-la-loi-sur-la-vie-privee-dont-nous-avons-besoin\\\/#primaryimage\"},\"thumbnailUrl\":\"https:\\\/\\\/dev.ccla.org\\\/wp-content\\\/uploads\\\/2021\\\/06\\\/symmetric-security-cameras-XA4ZSBU.jpg\",\"articleSection\":[\"CCPA (projet de loi C-11)\",\"R\u00e9forme des lois sur la vie priv\u00e9e\",\"VIE PRIV\u00c9E\"],\"inLanguage\":\"fr-CA\"},{\"@type\":\"WebPage\",\"@id\":\"https:\\\/\\\/dev.ccla.org\\\/fr\\\/vie-privee\\\/reforme-des-lois-sur-la-vie-privee\\\/avons-nous-obtenu-la-loi-sur-la-vie-privee-dont-nous-avons-besoin\\\/\",\"url\":\"https:\\\/\\\/dev.ccla.org\\\/fr\\\/vie-privee\\\/reforme-des-lois-sur-la-vie-privee\\\/avons-nous-obtenu-la-loi-sur-la-vie-privee-dont-nous-avons-besoin\\\/\",\"name\":\"Avons-nous obtenu la loi sur la vie priv\u00e9e dont nous avons besoin? - CCLA\",\"isPartOf\":{\"@id\":\"https:\\\/\\\/dev.ccla.org\\\/fr\\\/#website\"},\"primaryImageOfPage\":{\"@id\":\"https:\\\/\\\/dev.ccla.org\\\/fr\\\/vie-privee\\\/reforme-des-lois-sur-la-vie-privee\\\/avons-nous-obtenu-la-loi-sur-la-vie-privee-dont-nous-avons-besoin\\\/#primaryimage\"},\"image\":{\"@id\":\"https:\\\/\\\/dev.ccla.org\\\/fr\\\/vie-privee\\\/reforme-des-lois-sur-la-vie-privee\\\/avons-nous-obtenu-la-loi-sur-la-vie-privee-dont-nous-avons-besoin\\\/#primaryimage\"},\"thumbnailUrl\":\"https:\\\/\\\/dev.ccla.org\\\/wp-content\\\/uploads\\\/2021\\\/06\\\/symmetric-security-cameras-XA4ZSBU.jpg\",\"datePublished\":\"2020-11-17T14:54:08+00:00\",\"dateModified\":\"2026-04-23T18:37:49+00:00\",\"author\":{\"@id\":\"https:\\\/\\\/dev.ccla.org\\\/fr\\\/#\\\/schema\\\/person\\\/df01c0bd709d7a6c260f3b5f332d9d69\"},\"breadcrumb\":{\"@id\":\"https:\\\/\\\/dev.ccla.org\\\/fr\\\/vie-privee\\\/reforme-des-lois-sur-la-vie-privee\\\/avons-nous-obtenu-la-loi-sur-la-vie-privee-dont-nous-avons-besoin\\\/#breadcrumb\"},\"inLanguage\":\"fr-CA\",\"potentialAction\":[{\"@type\":\"ReadAction\",\"target\":[\"https:\\\/\\\/dev.ccla.org\\\/fr\\\/vie-privee\\\/reforme-des-lois-sur-la-vie-privee\\\/avons-nous-obtenu-la-loi-sur-la-vie-privee-dont-nous-avons-besoin\\\/\"]}]},{\"@type\":\"ImageObject\",\"inLanguage\":\"fr-CA\",\"@id\":\"https:\\\/\\\/dev.ccla.org\\\/fr\\\/vie-privee\\\/reforme-des-lois-sur-la-vie-privee\\\/avons-nous-obtenu-la-loi-sur-la-vie-privee-dont-nous-avons-besoin\\\/#primaryimage\",\"url\":\"https:\\\/\\\/dev.ccla.org\\\/wp-content\\\/uploads\\\/2021\\\/06\\\/symmetric-security-cameras-XA4ZSBU.jpg\",\"contentUrl\":\"https:\\\/\\\/dev.ccla.org\\\/wp-content\\\/uploads\\\/2021\\\/06\\\/symmetric-security-cameras-XA4ZSBU.jpg\",\"width\":2000,\"height\":800},{\"@type\":\"BreadcrumbList\",\"@id\":\"https:\\\/\\\/dev.ccla.org\\\/fr\\\/vie-privee\\\/reforme-des-lois-sur-la-vie-privee\\\/avons-nous-obtenu-la-loi-sur-la-vie-privee-dont-nous-avons-besoin\\\/#breadcrumb\",\"itemListElement\":[{\"@type\":\"ListItem\",\"position\":1,\"name\":\"Home\",\"item\":\"https:\\\/\\\/dev.ccla.org\\\/fr\\\/accueil\\\/\"},{\"@type\":\"ListItem\",\"position\":2,\"name\":\"Non class\u00e9\",\"item\":\"https:\\\/\\\/dev.ccla.org\\\/fr\\\/category\\\/non-classe\\\/\"},{\"@type\":\"ListItem\",\"position\":3,\"name\":\"Avons-nous obtenu la loi sur la vie priv\u00e9e dont nous avons besoin?\"}]},{\"@type\":\"WebSite\",\"@id\":\"https:\\\/\\\/dev.ccla.org\\\/fr\\\/#website\",\"url\":\"https:\\\/\\\/dev.ccla.org\\\/fr\\\/\",\"name\":\"CCLA\",\"description\":\"\",\"potentialAction\":[{\"@type\":\"SearchAction\",\"target\":{\"@type\":\"EntryPoint\",\"urlTemplate\":\"https:\\\/\\\/dev.ccla.org\\\/fr\\\/?s={search_term_string}\"},\"query-input\":{\"@type\":\"PropertyValueSpecification\",\"valueRequired\":true,\"valueName\":\"search_term_string\"}}],\"inLanguage\":\"fr-CA\"},{\"@type\":\"Person\",\"@id\":\"https:\\\/\\\/dev.ccla.org\\\/fr\\\/#\\\/schema\\\/person\\\/df01c0bd709d7a6c260f3b5f332d9d69\",\"name\":\"Brenda McPhail\",\"image\":{\"@type\":\"ImageObject\",\"inLanguage\":\"fr-CA\",\"@id\":\"https:\\\/\\\/secure.gravatar.com\\\/avatar\\\/b18ffdbbca7e655d025c1ef4c7efccf0fe47586afe268b76b82493c5b4a3d54f?s=96&d=blank&r=g\",\"url\":\"https:\\\/\\\/secure.gravatar.com\\\/avatar\\\/b18ffdbbca7e655d025c1ef4c7efccf0fe47586afe268b76b82493c5b4a3d54f?s=96&d=blank&r=g\",\"contentUrl\":\"https:\\\/\\\/secure.gravatar.com\\\/avatar\\\/b18ffdbbca7e655d025c1ef4c7efccf0fe47586afe268b76b82493c5b4a3d54f?s=96&d=blank&r=g\",\"caption\":\"Brenda McPhail\"},\"sameAs\":[\"https:\\\/\\\/x.com\\\/Brenda\"],\"url\":\"https:\\\/\\\/dev.ccla.org\\\/fr\\\/author\\\/brenda\\\/\"}]}<\/script>\n<!-- \/ Yoast SEO plugin. -->","yoast_head_json":{"title":"Avons-nous obtenu la loi sur la vie priv\u00e9e dont nous avons besoin? - CCLA","robots":{"index":"noindex","follow":"follow","max-snippet":"max-snippet:-1","max-image-preview":"max-image-preview:large","max-video-preview":"max-video-preview:-1"},"og_locale":"fr_CA","og_type":"article","og_title":"Avons-nous obtenu la loi sur la vie priv\u00e9e dont nous avons besoin? - CCLA","og_description":"Le Canada a une nouvelle l\u00e9gislation sur la vie priv\u00e9e sur la table, et c\u2019est un buffet, mais le temps dira si les plats sur la table se r\u00e9uniront pour faire un festin","og_url":"https:\/\/dev.ccla.org\/fr\/vie-privee\/reforme-des-lois-sur-la-vie-privee\/avons-nous-obtenu-la-loi-sur-la-vie-privee-dont-nous-avons-besoin\/","og_site_name":"CCLA","article_published_time":"2020-11-17T14:54:08+00:00","article_modified_time":"2026-04-23T18:37:49+00:00","og_image":[{"width":2000,"height":800,"url":"https:\/\/dev.ccla.org\/wp-content\/uploads\/2021\/06\/symmetric-security-cameras-XA4ZSBU.jpg","type":"image\/jpeg"}],"author":"Brenda McPhail","twitter_card":"summary_large_image","twitter_creator":"@Brenda","twitter_misc":{"\u00c9crit par":"Brenda McPhail","Estimation du temps de lecture":"5 minutes"},"schema":{"@context":"https:\/\/schema.org","@graph":[{"@type":"Article","@id":"https:\/\/dev.ccla.org\/fr\/vie-privee\/reforme-des-lois-sur-la-vie-privee\/avons-nous-obtenu-la-loi-sur-la-vie-privee-dont-nous-avons-besoin\/#article","isPartOf":{"@id":"https:\/\/dev.ccla.org\/fr\/vie-privee\/reforme-des-lois-sur-la-vie-privee\/avons-nous-obtenu-la-loi-sur-la-vie-privee-dont-nous-avons-besoin\/"},"author":{"name":"Brenda McPhail","@id":"https:\/\/dev.ccla.org\/fr\/#\/schema\/person\/df01c0bd709d7a6c260f3b5f332d9d69"},"headline":"Avons-nous obtenu la loi sur la vie priv\u00e9e dont nous avons besoin?","datePublished":"2020-11-17T14:54:08+00:00","dateModified":"2026-04-23T18:37:49+00:00","mainEntityOfPage":{"@id":"https:\/\/dev.ccla.org\/fr\/vie-privee\/reforme-des-lois-sur-la-vie-privee\/avons-nous-obtenu-la-loi-sur-la-vie-privee-dont-nous-avons-besoin\/"},"wordCount":1067,"image":{"@id":"https:\/\/dev.ccla.org\/fr\/vie-privee\/reforme-des-lois-sur-la-vie-privee\/avons-nous-obtenu-la-loi-sur-la-vie-privee-dont-nous-avons-besoin\/#primaryimage"},"thumbnailUrl":"https:\/\/dev.ccla.org\/wp-content\/uploads\/2021\/06\/symmetric-security-cameras-XA4ZSBU.jpg","articleSection":["CCPA (projet de loi C-11)","R\u00e9forme des lois sur la vie priv\u00e9e","VIE PRIV\u00c9E"],"inLanguage":"fr-CA"},{"@type":"WebPage","@id":"https:\/\/dev.ccla.org\/fr\/vie-privee\/reforme-des-lois-sur-la-vie-privee\/avons-nous-obtenu-la-loi-sur-la-vie-privee-dont-nous-avons-besoin\/","url":"https:\/\/dev.ccla.org\/fr\/vie-privee\/reforme-des-lois-sur-la-vie-privee\/avons-nous-obtenu-la-loi-sur-la-vie-privee-dont-nous-avons-besoin\/","name":"Avons-nous obtenu la loi sur la vie priv\u00e9e dont nous avons besoin? - CCLA","isPartOf":{"@id":"https:\/\/dev.ccla.org\/fr\/#website"},"primaryImageOfPage":{"@id":"https:\/\/dev.ccla.org\/fr\/vie-privee\/reforme-des-lois-sur-la-vie-privee\/avons-nous-obtenu-la-loi-sur-la-vie-privee-dont-nous-avons-besoin\/#primaryimage"},"image":{"@id":"https:\/\/dev.ccla.org\/fr\/vie-privee\/reforme-des-lois-sur-la-vie-privee\/avons-nous-obtenu-la-loi-sur-la-vie-privee-dont-nous-avons-besoin\/#primaryimage"},"thumbnailUrl":"https:\/\/dev.ccla.org\/wp-content\/uploads\/2021\/06\/symmetric-security-cameras-XA4ZSBU.jpg","datePublished":"2020-11-17T14:54:08+00:00","dateModified":"2026-04-23T18:37:49+00:00","author":{"@id":"https:\/\/dev.ccla.org\/fr\/#\/schema\/person\/df01c0bd709d7a6c260f3b5f332d9d69"},"breadcrumb":{"@id":"https:\/\/dev.ccla.org\/fr\/vie-privee\/reforme-des-lois-sur-la-vie-privee\/avons-nous-obtenu-la-loi-sur-la-vie-privee-dont-nous-avons-besoin\/#breadcrumb"},"inLanguage":"fr-CA","potentialAction":[{"@type":"ReadAction","target":["https:\/\/dev.ccla.org\/fr\/vie-privee\/reforme-des-lois-sur-la-vie-privee\/avons-nous-obtenu-la-loi-sur-la-vie-privee-dont-nous-avons-besoin\/"]}]},{"@type":"ImageObject","inLanguage":"fr-CA","@id":"https:\/\/dev.ccla.org\/fr\/vie-privee\/reforme-des-lois-sur-la-vie-privee\/avons-nous-obtenu-la-loi-sur-la-vie-privee-dont-nous-avons-besoin\/#primaryimage","url":"https:\/\/dev.ccla.org\/wp-content\/uploads\/2021\/06\/symmetric-security-cameras-XA4ZSBU.jpg","contentUrl":"https:\/\/dev.ccla.org\/wp-content\/uploads\/2021\/06\/symmetric-security-cameras-XA4ZSBU.jpg","width":2000,"height":800},{"@type":"BreadcrumbList","@id":"https:\/\/dev.ccla.org\/fr\/vie-privee\/reforme-des-lois-sur-la-vie-privee\/avons-nous-obtenu-la-loi-sur-la-vie-privee-dont-nous-avons-besoin\/#breadcrumb","itemListElement":[{"@type":"ListItem","position":1,"name":"Home","item":"https:\/\/dev.ccla.org\/fr\/accueil\/"},{"@type":"ListItem","position":2,"name":"Non class\u00e9","item":"https:\/\/dev.ccla.org\/fr\/category\/non-classe\/"},{"@type":"ListItem","position":3,"name":"Avons-nous obtenu la loi sur la vie priv\u00e9e dont nous avons besoin?"}]},{"@type":"WebSite","@id":"https:\/\/dev.ccla.org\/fr\/#website","url":"https:\/\/dev.ccla.org\/fr\/","name":"CCLA","description":"","potentialAction":[{"@type":"SearchAction","target":{"@type":"EntryPoint","urlTemplate":"https:\/\/dev.ccla.org\/fr\/?s={search_term_string}"},"query-input":{"@type":"PropertyValueSpecification","valueRequired":true,"valueName":"search_term_string"}}],"inLanguage":"fr-CA"},{"@type":"Person","@id":"https:\/\/dev.ccla.org\/fr\/#\/schema\/person\/df01c0bd709d7a6c260f3b5f332d9d69","name":"Brenda McPhail","image":{"@type":"ImageObject","inLanguage":"fr-CA","@id":"https:\/\/secure.gravatar.com\/avatar\/b18ffdbbca7e655d025c1ef4c7efccf0fe47586afe268b76b82493c5b4a3d54f?s=96&d=blank&r=g","url":"https:\/\/secure.gravatar.com\/avatar\/b18ffdbbca7e655d025c1ef4c7efccf0fe47586afe268b76b82493c5b4a3d54f?s=96&d=blank&r=g","contentUrl":"https:\/\/secure.gravatar.com\/avatar\/b18ffdbbca7e655d025c1ef4c7efccf0fe47586afe268b76b82493c5b4a3d54f?s=96&d=blank&r=g","caption":"Brenda McPhail"},"sameAs":["https:\/\/x.com\/Brenda"],"url":"https:\/\/dev.ccla.org\/fr\/author\/brenda\/"}]}},"_links":{"self":[{"href":"https:\/\/dev.ccla.org\/fr\/wp-json\/wp\/v2\/posts\/15943","targetHints":{"allow":["GET"]}}],"collection":[{"href":"https:\/\/dev.ccla.org\/fr\/wp-json\/wp\/v2\/posts"}],"about":[{"href":"https:\/\/dev.ccla.org\/fr\/wp-json\/wp\/v2\/types\/post"}],"author":[{"embeddable":true,"href":"https:\/\/dev.ccla.org\/fr\/wp-json\/wp\/v2\/users\/11"}],"replies":[{"embeddable":true,"href":"https:\/\/dev.ccla.org\/fr\/wp-json\/wp\/v2\/comments?post=15943"}],"version-history":[{"count":10,"href":"https:\/\/dev.ccla.org\/fr\/wp-json\/wp\/v2\/posts\/15943\/revisions"}],"predecessor-version":[{"id":15982,"href":"https:\/\/dev.ccla.org\/fr\/wp-json\/wp\/v2\/posts\/15943\/revisions\/15982"}],"wp:featuredmedia":[{"embeddable":true,"href":"https:\/\/dev.ccla.org\/fr\/wp-json\/wp\/v2\/media\/15614"}],"wp:attachment":[{"href":"https:\/\/dev.ccla.org\/fr\/wp-json\/wp\/v2\/media?parent=15943"}],"wp:term":[{"taxonomy":"category","embeddable":true,"href":"https:\/\/dev.ccla.org\/fr\/wp-json\/wp\/v2\/categories?post=15943"},{"taxonomy":"post_tag","embeddable":true,"href":"https:\/\/dev.ccla.org\/fr\/wp-json\/wp\/v2\/tags?post=15943"}],"curies":[{"name":"wp","href":"https:\/\/api.w.org\/{rel}","templated":true}]}}