{"id":15735,"date":"2018-12-19T16:30:54","date_gmt":"2018-12-19T21:30:54","guid":{"rendered":"https:\/\/dev.ccla.org\/non-classe\/les-canadiens-se-soucient-de-la-vie-privee-les-politiciens-doivent-montrer-quils-se-soucient-de-nous\/"},"modified":"2026-04-23T14:36:53","modified_gmt":"2026-04-23T18:36:53","slug":"les-canadiens-se-soucient-de-la-vie-privee-les-politiciens-doivent-montrer-quils-se-soucient-de-nous","status":"publish","type":"post","link":"https:\/\/dev.ccla.org\/fr\/vie-privee\/reforme-des-lois-sur-la-vie-privee\/les-canadiens-se-soucient-de-la-vie-privee-les-politiciens-doivent-montrer-quils-se-soucient-de-nous\/","title":{"rendered":"Les Canadiens se soucient de la vie priv\u00e9e, les politiciens doivent montrer qu\u2019ils se soucient de nous"},"content":{"rendered":"[vc_row type=\u00a0\u00bbin_container\u00a0\u00bb full_screen_row_position=\u00a0\u00bbmiddle\u00a0\u00bb column_margin=\u00a0\u00bbdefault\u00a0\u00bb column_direction=\u00a0\u00bbdefault\u00a0\u00bb column_direction_tablet=\u00a0\u00bbdefault\u00a0\u00bb column_direction_phone=\u00a0\u00bbdefault\u00a0\u00bb scene_position=\u00a0\u00bbcenter\u00a0\u00bb text_color=\u00a0\u00bbdark\u00a0\u00bb text_align=\u00a0\u00bbleft\u00a0\u00bb row_border_radius=\u00a0\u00bbnone\u00a0\u00bb row_border_radius_applies=\u00a0\u00bbbg\u00a0\u00bb overlay_strength=\u00a0\u00bb0.3&Prime; gradient_direction=\u00a0\u00bbleft_to_right\u00a0\u00bb shape_divider_position=\u00a0\u00bbbottom\u00a0\u00bb bg_image_animation=\u00a0\u00bbnone\u00a0\u00bb][vc_column column_padding=\u00a0\u00bbno-extra-padding\u00a0\u00bb column_padding_tablet=\u00a0\u00bbinherit\u00a0\u00bb column_padding_phone=\u00a0\u00bbinherit\u00a0\u00bb column_padding_position=\u00a0\u00bball\u00a0\u00bb column_element_spacing=\u00a0\u00bbdefault\u00a0\u00bb background_color_opacity=\u00a0\u00bb1&Prime; background_hover_color_opacity=\u00a0\u00bb1&Prime; column_shadow=\u00a0\u00bbnone\u00a0\u00bb column_border_radius=\u00a0\u00bbnone\u00a0\u00bb column_link_target=\u00a0\u00bb_self\u00a0\u00bb gradient_direction=\u00a0\u00bbleft_to_right\u00a0\u00bb overlay_strength=\u00a0\u00bb0.3&Prime; width=\u00a0\u00bb1\/1&Prime; tablet_width_inherit=\u00a0\u00bbdefault\u00a0\u00bb tablet_text_alignment=\u00a0\u00bbdefault\u00a0\u00bb phone_text_alignment=\u00a0\u00bbdefault\u00a0\u00bb bg_image_animation=\u00a0\u00bbnone\u00a0\u00bb border_type=\u00a0\u00bbsimple\u00a0\u00bb column_border_width=\u00a0\u00bbnone\u00a0\u00bb column_border_style=\u00a0\u00bbsolid\u00a0\u00bb][nectar_global_section id=\u00a0\u00bb1355&Prime;][\/vc_column][\/vc_row][vc_row type=\u00a0\u00bbfull_width_background\u00a0\u00bb full_screen_row_position=\u00a0\u00bbmiddle\u00a0\u00bb column_margin=\u00a0\u00bbdefault\u00a0\u00bb column_direction=\u00a0\u00bbdefault\u00a0\u00bb column_direction_tablet=\u00a0\u00bbdefault\u00a0\u00bb column_direction_phone=\u00a0\u00bbdefault\u00a0\u00bb scene_position=\u00a0\u00bbcenter\u00a0\u00bb top_padding=\u00a0\u00bb4%\u00a0\u00bb constrain_group_1=\u00a0\u00bbyes\u00a0\u00bb bottom_padding=\u00a0\u00bb4%\u00a0\u00bb text_color=\u00a0\u00bbdark\u00a0\u00bb text_align=\u00a0\u00bbleft\u00a0\u00bb row_border_radius=\u00a0\u00bbnone\u00a0\u00bb row_border_radius_applies=\u00a0\u00bbbg\u00a0\u00bb class=\u00a0\u00bbpost-links\u00a0\u00bb overlay_strength=\u00a0\u00bb0.3&Prime; gradient_direction=\u00a0\u00bbleft_to_right\u00a0\u00bb shape_divider_position=\u00a0\u00bbbottom\u00a0\u00bb bg_image_animation=\u00a0\u00bbnone\u00a0\u00bb shape_type=\u00a0\u00bb\u00a0\u00bb][vc_column column_padding=\u00a0\u00bbno-extra-padding\u00a0\u00bb column_padding_tablet=\u00a0\u00bbinherit\u00a0\u00bb column_padding_phone=\u00a0\u00bbinherit\u00a0\u00bb column_padding_position=\u00a0\u00bball\u00a0\u00bb column_element_spacing=\u00a0\u00bbdefault\u00a0\u00bb background_color_opacity=\u00a0\u00bb1&Prime; background_hover_color_opacity=\u00a0\u00bb1&Prime; column_shadow=\u00a0\u00bbnone\u00a0\u00bb column_border_radius=\u00a0\u00bbnone\u00a0\u00bb column_link_target=\u00a0\u00bb_self\u00a0\u00bb gradient_direction=\u00a0\u00bbleft_to_right\u00a0\u00bb overlay_strength=\u00a0\u00bb0.3&Prime; width=\u00a0\u00bb1\/1&Prime; tablet_width_inherit=\u00a0\u00bbdefault\u00a0\u00bb tablet_text_alignment=\u00a0\u00bbdefault\u00a0\u00bb phone_text_alignment=\u00a0\u00bbdefault\u00a0\u00bb bg_image_animation=\u00a0\u00bbnone\u00a0\u00bb border_type=\u00a0\u00bbsimple\u00a0\u00bb column_border_width=\u00a0\u00bbnone\u00a0\u00bb column_border_style=\u00a0\u00bbsolid\u00a0\u00bb][vc_column_text]73% des Canadiens s\u2019inqui\u00e8tent ou s\u2019inqui\u00e8tent un peu de la fa\u00e7on dont les partis politiques utilisent les informations personnelles, selon un sondage Nanos publi\u00e9 <a href=\"https:\/\/www.theglobeandmail.com\/politics\/article-canadians-concerned-about-how-facebook-political-parties-protect\/\" target=\"_blank\" rel=\"noopener\">aujourd\u2019hui par le Globe and Mail<\/a>.<\/p>\n<p>Alors, pourquoi les partis politiques ne sont-ils pas couverts par la loi sur la vie priv\u00e9e au Canada?<\/p>\n<p>Ce n\u2019est certainement pas parce que les parties ne collectent pas ou n\u2019utilisent pas de donn\u00e9es personnelles. Chaque parti dispose d\u2019une base de donn\u00e9es d\u2019\u00e9lecteurs pour suivre les partisans, les donateurs, les r\u00e9sultats des coups frapp\u00e9s aux portes \u2014 en d\u2019autres mots, l\u2019information n\u00e9cessaire pour mener des campagnes. Certaines parties offrent des applications \u00e0 leurs d\u00e9voilants pour leur permettre d\u2019entrer des donn\u00e9es \u00e0 la vol\u00e9e. Chaque partie s\u2019appuie sur l\u2019analyse de donn\u00e9es pour aider \u00e0 \u00e9laborer la strat\u00e9gie. Et presque in\u00e9vitablement, chaque partie partage l\u2019information avec des fournisseurs de services tiers contract\u00e9s pour traiter des dons ou organiser des sondages.    <\/p>\n<p>Ce n\u2019est pas non plus parce qu\u2019il y a un d\u00e9saccord g\u00e9n\u00e9ralis\u00e9 sur la question de savoir si l\u2019information sur nos opinions politiques est sensible et m\u00e9rite d\u2019\u00eatre prot\u00e9g\u00e9e. La croyance politique est un motif interdit de discrimination en vertu de la <em><a href=\"https:\/\/laws-lois.justice.gc.ca\/eng\/acts\/h-6\/\" target=\"_blank\" rel=\"noopener\">Loi canadienne sur les droits de la personne<\/a><\/em> et d\u2019autres lois similaires \u00e0 l\u2019\u00e9chelle internationale. Dans l\u2019Union europ\u00e9enne, le R\u00e8glement g\u00e9n\u00e9ral sur la protection des donn\u00e9es, qui influence le paysage de la vie priv\u00e9e \u00e0 travers le monde, inclut aussi explicitement les opinions politiques comme une cat\u00e9gorie de donn\u00e9es \u00ab sp\u00e9ciale \u00bb, c\u2019est-\u00e0-dire sensible. Ce qui soul\u00e8ve un autre point : le fait que le Canada n\u2019inclue pas les partis politiques dans la loi sur la vie priv\u00e9e ne s\u2019explique pas par le fait que personne d\u2019autre ne le fait, puisque le Royaume-Uni, une grande partie de l\u2019UE et la Nouvelle-Z\u00e9lande ont tous des lois concernant les organisations politiques.   <\/p>\n<p>Il est tout aussi difficile de soutenir que les partis devraient \u00eatre exclus des lois sur la vie priv\u00e9e parce que cela nuirait au processus d\u00e9mocratique. Nous avons l\u2019exemple parfait en Colombie-Britannique, la seule province qui a inclus les partis politiques dans sa l\u00e9gislation sur la vie priv\u00e9e depuis 2004. Les partis l\u00e0-bas continuent de recueillir des informations, d\u2019engager les \u00e9lecteurs et de mener des campagnes efficaces dans ce qui est sans doute l\u2019une des provinces les plus politiquement passionnantes du pays.  <\/p>\n<p>Et ce n\u2019est absolument pas parce que les experts pensent que c\u2019est une mauvaise id\u00e9e. Lors de sa r\u00e9cente \u00e9tude sur les vuln\u00e9rabilit\u00e9s en mati\u00e8re de vie priv\u00e9e dans le processus \u00e9lectoral d\u00e9mocratique canadien, le <a href=\"http:\/\/www.ourcommons.ca\/DocumentViewer\/en\/42-1\/ETHI\/report-17\/\" target=\"_blank\" rel=\"noopener\">Comit\u00e9 parlementaire sur l\u2019acc\u00e8s \u00e0 l\u2019information, la vie priv\u00e9e et l\u2019\u00e9thique<\/a> a \u00e9cout\u00e9 une longue liste de t\u00e9moins et a conclu que les partis politiques devraient vraiment \u00eatre couverts par une loi. <\/p>\n<p>Tous les commissaires provinciaux \u00e0 l\u2019information et \u00e0 la vie priv\u00e9e au Canada, ainsi que le commissaire f\u00e9d\u00e9ral \u00e0 la protection de la vie priv\u00e9e, sont d\u2019accord. Dans une <a href=\"https:\/\/www.priv.gc.ca\/en\/about-the-opc\/what-we-do\/provincial-and-territorial-collaboration\/joint-resolutions-with-provinces-and-territories\/res_180913\/\" target=\"_blank\" rel=\"noopener\">r\u00e9solution conjointe publi\u00e9e le 17 septembre<\/a>, ils ont demand\u00e9 aux gouvernements d\u2019adopter des lois pour r\u00e9gir l\u2019utilisation des informations personnelles par les partis politiques, pour assurer une surveillance de ces usages, et pour permettre aux citoyens d\u2019acc\u00e9der \u00e0 leurs propres informations d\u00e9tenues par les partis. <\/p>\n<p>En d\u2019autres termes, ils ont demand\u00e9 que les partis politiques soient tenus de respecter les m\u00eames principes et r\u00e8gles de vie priv\u00e9e que les gouvernements et entreprises qui recueillent nos informations doivent suivre.<\/p>\n<p>Alors, pourquoi les partis politiques ne sont-ils pas inclus dans la loi sur la vie priv\u00e9e au Canada? La r\u00e9ponse la plus simple semble \u00eatre : parce qu\u2019ils ne veulent pas l\u2019\u00eatre. Il n\u2019y a tout simplement pas la volont\u00e9 politique d\u2019y parvenir, comme le montre tristement clairement l\u2019effort de r\u00e9forme \u00e9lectorale du gouvernement actuel, <a href=\"https:\/\/www.parl.ca\/LegisInfo\/BillDetails.aspx?billId=9808070&amp;Language=E\" target=\"_blank\" rel=\"noopener\">le projet de loi 76<\/a> .  <\/p>\n<p>Les entreprises du secteur priv\u00e9 ne peuvent pas utiliser vos renseignements personnels sans consentement. Les partis le peuvent. Les gouvernements \u00e9lus sont limit\u00e9s dans leur capacit\u00e9 \u00e0 recueillir de l\u2019information aupr\u00e8s de nous pour une raison et \u00e0 les utiliser pour une autre. Les partis politiques ne le sont pas.   <\/p>\n<p>Pourquoi est-ce important? Nous vivons \u00e0 une \u00e9poque o\u00f9 nous voulons utiliser les donn\u00e9es comme une baguette magique, quelque chose que nous pouvons pointer et \u2013 pouf \u2013 la fa\u00e7on d\u2019influencer une personne ou un groupe de personnes est r\u00e9v\u00e9l\u00e9e. \u00c9videmment, nous devrions nous demander si c\u2019est vraiment ainsi que \u00e7a fonctionne, mais simplement la perception que cela signifie que chaque parti politique veut obtenir autant d\u2019informations que possible sur nous. Il est clair qu\u2019ils cherchent tous de nouvelles fa\u00e7ons passionnantes d\u2019apprendre \u00e0 nous conna\u00eetre, de nous cibler et de pr\u00e9dire notre comportement, de prendre une longueur d\u2019avance sur leurs concurrents. Donc, c\u2019est un probl\u00e8me qu\u2019il n\u2019y ait aucune loi r\u00e9gissant jusqu\u2019o\u00f9 ils peuvent aller.    <\/p>\n<p>Pour \u00eatre juste, tous les grands partis ont leurs propres politiques de confidentialit\u00e9. Certaines polices ne sont pas mauvaises. Mais ce sont des r\u00e8gles que les partis imposent et appliquent eux-m\u00eames. Tout est une question de confiance dans un climat o\u00f9 il y a beaucoup de motivation \u00e0 repousser les limites, et o\u00f9 la confiance du public dans l\u2019int\u00e9grit\u00e9 de nos processus politiques est fragile.   <\/p>\n<p>Bien qu\u2019il n\u2019y ait aucune raison fond\u00e9e pour que la loi sur la vie priv\u00e9e ne s\u2019applique pas aux partis politiques de la m\u00eame mani\u00e8re qu\u2019elle le fait \u00e0 pratiquement tous les autres collecteurs de donn\u00e9es du secteur public et priv\u00e9, une mise en \u0153uvre \u00e9quitable serait essentielle. Une telle l\u00e9gislation ne peut pas \u00eatre r\u00e9dig\u00e9e de mani\u00e8re \u00e0 handicaper un parti d\u2019opposition, ou \u00e0 rendre la conformit\u00e9 disproportionn\u00e9ment difficile pour les partis moins dot\u00e9s de ressources. Toute l\u00e9gislation propos\u00e9e doit \u00eatre soigneusement r\u00e9fl\u00e9chie, fond\u00e9e sur des principes et \u00e9quitable : aucun jeu politique ne peut \u00eatre permis au nom de la protection de la vie priv\u00e9e.  <\/p>\n<p>C\u2019est vraiment tr\u00e8s simple. Les partis politiques qui demandent nos votes \u2014 et nos num\u00e9ros de carte de cr\u00e9dit \u2014 devraient \u00eatre l\u00e9galement responsables de respecter nos droits \u00e0 la vie priv\u00e9e. [\/vc_column_text][\/vc_column][\/vc_row][vc_row type=\u00a0\u00bbin_container\u00a0\u00bb full_screen_row_position=\u00a0\u00bbmiddle\u00a0\u00bb column_margin=\u00a0\u00bbdefault\u00a0\u00bb column_direction=\u00a0\u00bbdefault\u00a0\u00bb column_direction_tablet=\u00a0\u00bbdefault\u00a0\u00bb column_direction_phone=\u00a0\u00bbdefault\u00a0\u00bb scene_position=\u00a0\u00bbcenter\u00a0\u00bb text_color=\u00a0\u00bbdark\u00a0\u00bb text_align=\u00a0\u00bbleft\u00a0\u00bb row_border_radius=\u00a0\u00bbnone\u00a0\u00bb row_border_radius_applies=\u00a0\u00bbbg\u00a0\u00bb overlay_strength=\u00a0\u00bb0.3&Prime; gradient_direction=\u00a0\u00bbleft_to_right\u00a0\u00bb shape_divider_position=\u00a0\u00bbbottom\u00a0\u00bb bg_image_animation=\u00a0\u00bbnone\u00a0\u00bb][vc_column column_padding=\u00a0\u00bbno-extra-padding\u00a0\u00bb column_padding_tablet=\u00a0\u00bbinherit\u00a0\u00bb column_padding_phone=\u00a0\u00bbinherit\u00a0\u00bb column_padding_position=\u00a0\u00bball\u00a0\u00bb column_element_spacing=\u00a0\u00bbdefault\u00a0\u00bb background_color_opacity=\u00a0\u00bb1&Prime; background_hover_color_opacity=\u00a0\u00bb1&Prime; column_shadow=\u00a0\u00bbnone\u00a0\u00bb column_border_radius=\u00a0\u00bbnone\u00a0\u00bb column_link_target=\u00a0\u00bb_self\u00a0\u00bb gradient_direction=\u00a0\u00bbleft_to_right\u00a0\u00bb overlay_strength=\u00a0\u00bb0.3&Prime; width=\u00a0\u00bb1\/1&Prime; tablet_width_inherit=\u00a0\u00bbdefault\u00a0\u00bb tablet_text_alignment=\u00a0\u00bbdefault\u00a0\u00bb phone_text_alignment=\u00a0\u00bbdefault\u00a0\u00bb bg_image_animation=\u00a0\u00bbnone\u00a0\u00bb border_type=\u00a0\u00bbsimple\u00a0\u00bb column_border_width=\u00a0\u00bbnone\u00a0\u00bb column_border_style=\u00a0\u00bbsolid\u00a0\u00bb][nectar_global_section id=\u00a0\u00bb1461&Prime;][\/vc_column][\/vc_row]\n","protected":false},"excerpt":{"rendered":"<p>73% des Canadiens s\u2019inqui\u00e8tent ou s\u2019inqui\u00e8tent un peu de la fa\u00e7on dont les partis politiques utilisent les informations personnelles, selon un sondage Nanos publi\u00e9 aujourd\u2019hui par le Globe and Mail.<\/p>\n","protected":false},"author":11,"featured_media":15642,"comment_status":"closed","ping_status":"closed","sticky":false,"template":"","format":"standard","meta":{"footnotes":""},"categories":[278,277],"tags":[],"class_list":{"0":"post-15735","1":"post","2":"type-post","3":"status-publish","4":"format-standard","5":"has-post-thumbnail","7":"category-reforme-des-lois-sur-la-vie-privee","8":"category-vie-privee"},"yoast_head":"<!-- This site is optimized with the Yoast SEO plugin v27.4 - https:\/\/yoast.com\/product\/yoast-seo-wordpress\/ -->\n<title>Les Canadiens se soucient de la vie priv\u00e9e, les politiciens doivent montrer qu\u2019ils se soucient de nous - CCLA<\/title>\n<meta name=\"robots\" content=\"noindex, follow, max-snippet:-1, max-image-preview:large, max-video-preview:-1\" \/>\n<meta property=\"og:locale\" content=\"fr_CA\" \/>\n<meta property=\"og:type\" content=\"article\" \/>\n<meta property=\"og:title\" content=\"Les Canadiens se soucient de la vie priv\u00e9e, les politiciens doivent montrer qu\u2019ils se soucient de nous - CCLA\" \/>\n<meta property=\"og:description\" content=\"73% des Canadiens s\u2019inqui\u00e8tent ou s\u2019inqui\u00e8tent un peu de la fa\u00e7on dont les partis politiques utilisent les informations personnelles, selon un sondage Nanos publi\u00e9 aujourd\u2019hui par le Globe and Mail.\" \/>\n<meta property=\"og:url\" content=\"https:\/\/dev.ccla.org\/fr\/vie-privee\/reforme-des-lois-sur-la-vie-privee\/les-canadiens-se-soucient-de-la-vie-privee-les-politiciens-doivent-montrer-quils-se-soucient-de-nous\/\" \/>\n<meta property=\"og:site_name\" content=\"CCLA\" \/>\n<meta property=\"article:published_time\" content=\"2018-12-19T21:30:54+00:00\" \/>\n<meta property=\"article:modified_time\" content=\"2026-04-23T18:36:53+00:00\" \/>\n<meta property=\"og:image\" content=\"https:\/\/dev.ccla.org\/wp-content\/uploads\/2021\/05\/Privacy_750x900.jpg\" \/>\n\t<meta property=\"og:image:width\" content=\"750\" \/>\n\t<meta property=\"og:image:height\" content=\"900\" \/>\n\t<meta property=\"og:image:type\" content=\"image\/jpeg\" \/>\n<meta name=\"author\" content=\"Brenda McPhail\" \/>\n<meta name=\"twitter:card\" content=\"summary_large_image\" \/>\n<meta name=\"twitter:creator\" content=\"@Brenda\" \/>\n<meta name=\"twitter:label1\" content=\"\u00c9crit par\" \/>\n\t<meta name=\"twitter:data1\" content=\"Brenda McPhail\" \/>\n\t<meta name=\"twitter:label2\" content=\"Estimation du temps de lecture\" \/>\n\t<meta name=\"twitter:data2\" content=\"8 minutes\" \/>\n<script type=\"application\/ld+json\" class=\"yoast-schema-graph\">{\"@context\":\"https:\\\/\\\/schema.org\",\"@graph\":[{\"@type\":\"Article\",\"@id\":\"https:\\\/\\\/dev.ccla.org\\\/fr\\\/vie-privee\\\/reforme-des-lois-sur-la-vie-privee\\\/les-canadiens-se-soucient-de-la-vie-privee-les-politiciens-doivent-montrer-quils-se-soucient-de-nous\\\/#article\",\"isPartOf\":{\"@id\":\"https:\\\/\\\/dev.ccla.org\\\/fr\\\/vie-privee\\\/reforme-des-lois-sur-la-vie-privee\\\/les-canadiens-se-soucient-de-la-vie-privee-les-politiciens-doivent-montrer-quils-se-soucient-de-nous\\\/\"},\"author\":{\"name\":\"Brenda McPhail\",\"@id\":\"https:\\\/\\\/dev.ccla.org\\\/fr\\\/#\\\/schema\\\/person\\\/df01c0bd709d7a6c260f3b5f332d9d69\"},\"headline\":\"Les Canadiens se soucient de la vie priv\u00e9e, les politiciens doivent montrer qu\u2019ils se soucient de nous\",\"datePublished\":\"2018-12-19T21:30:54+00:00\",\"dateModified\":\"2026-04-23T18:36:53+00:00\",\"mainEntityOfPage\":{\"@id\":\"https:\\\/\\\/dev.ccla.org\\\/fr\\\/vie-privee\\\/reforme-des-lois-sur-la-vie-privee\\\/les-canadiens-se-soucient-de-la-vie-privee-les-politiciens-doivent-montrer-quils-se-soucient-de-nous\\\/\"},\"wordCount\":1565,\"image\":{\"@id\":\"https:\\\/\\\/dev.ccla.org\\\/fr\\\/vie-privee\\\/reforme-des-lois-sur-la-vie-privee\\\/les-canadiens-se-soucient-de-la-vie-privee-les-politiciens-doivent-montrer-quils-se-soucient-de-nous\\\/#primaryimage\"},\"thumbnailUrl\":\"https:\\\/\\\/dev.ccla.org\\\/wp-content\\\/uploads\\\/2021\\\/05\\\/Privacy_750x900.jpg\",\"articleSection\":[\"R\u00e9forme des lois sur la vie priv\u00e9e\",\"VIE PRIV\u00c9E\"],\"inLanguage\":\"fr-CA\"},{\"@type\":\"WebPage\",\"@id\":\"https:\\\/\\\/dev.ccla.org\\\/fr\\\/vie-privee\\\/reforme-des-lois-sur-la-vie-privee\\\/les-canadiens-se-soucient-de-la-vie-privee-les-politiciens-doivent-montrer-quils-se-soucient-de-nous\\\/\",\"url\":\"https:\\\/\\\/dev.ccla.org\\\/fr\\\/vie-privee\\\/reforme-des-lois-sur-la-vie-privee\\\/les-canadiens-se-soucient-de-la-vie-privee-les-politiciens-doivent-montrer-quils-se-soucient-de-nous\\\/\",\"name\":\"Les Canadiens se soucient de la vie priv\u00e9e, les politiciens doivent montrer qu\u2019ils se soucient de nous - CCLA\",\"isPartOf\":{\"@id\":\"https:\\\/\\\/dev.ccla.org\\\/fr\\\/#website\"},\"primaryImageOfPage\":{\"@id\":\"https:\\\/\\\/dev.ccla.org\\\/fr\\\/vie-privee\\\/reforme-des-lois-sur-la-vie-privee\\\/les-canadiens-se-soucient-de-la-vie-privee-les-politiciens-doivent-montrer-quils-se-soucient-de-nous\\\/#primaryimage\"},\"image\":{\"@id\":\"https:\\\/\\\/dev.ccla.org\\\/fr\\\/vie-privee\\\/reforme-des-lois-sur-la-vie-privee\\\/les-canadiens-se-soucient-de-la-vie-privee-les-politiciens-doivent-montrer-quils-se-soucient-de-nous\\\/#primaryimage\"},\"thumbnailUrl\":\"https:\\\/\\\/dev.ccla.org\\\/wp-content\\\/uploads\\\/2021\\\/05\\\/Privacy_750x900.jpg\",\"datePublished\":\"2018-12-19T21:30:54+00:00\",\"dateModified\":\"2026-04-23T18:36:53+00:00\",\"author\":{\"@id\":\"https:\\\/\\\/dev.ccla.org\\\/fr\\\/#\\\/schema\\\/person\\\/df01c0bd709d7a6c260f3b5f332d9d69\"},\"breadcrumb\":{\"@id\":\"https:\\\/\\\/dev.ccla.org\\\/fr\\\/vie-privee\\\/reforme-des-lois-sur-la-vie-privee\\\/les-canadiens-se-soucient-de-la-vie-privee-les-politiciens-doivent-montrer-quils-se-soucient-de-nous\\\/#breadcrumb\"},\"inLanguage\":\"fr-CA\",\"potentialAction\":[{\"@type\":\"ReadAction\",\"target\":[\"https:\\\/\\\/dev.ccla.org\\\/fr\\\/vie-privee\\\/reforme-des-lois-sur-la-vie-privee\\\/les-canadiens-se-soucient-de-la-vie-privee-les-politiciens-doivent-montrer-quils-se-soucient-de-nous\\\/\"]}]},{\"@type\":\"ImageObject\",\"inLanguage\":\"fr-CA\",\"@id\":\"https:\\\/\\\/dev.ccla.org\\\/fr\\\/vie-privee\\\/reforme-des-lois-sur-la-vie-privee\\\/les-canadiens-se-soucient-de-la-vie-privee-les-politiciens-doivent-montrer-quils-se-soucient-de-nous\\\/#primaryimage\",\"url\":\"https:\\\/\\\/dev.ccla.org\\\/wp-content\\\/uploads\\\/2021\\\/05\\\/Privacy_750x900.jpg\",\"contentUrl\":\"https:\\\/\\\/dev.ccla.org\\\/wp-content\\\/uploads\\\/2021\\\/05\\\/Privacy_750x900.jpg\",\"width\":750,\"height\":900},{\"@type\":\"BreadcrumbList\",\"@id\":\"https:\\\/\\\/dev.ccla.org\\\/fr\\\/vie-privee\\\/reforme-des-lois-sur-la-vie-privee\\\/les-canadiens-se-soucient-de-la-vie-privee-les-politiciens-doivent-montrer-quils-se-soucient-de-nous\\\/#breadcrumb\",\"itemListElement\":[{\"@type\":\"ListItem\",\"position\":1,\"name\":\"Home\",\"item\":\"https:\\\/\\\/dev.ccla.org\\\/fr\\\/accueil\\\/\"},{\"@type\":\"ListItem\",\"position\":2,\"name\":\"Non class\u00e9\",\"item\":\"https:\\\/\\\/dev.ccla.org\\\/fr\\\/category\\\/non-classe\\\/\"},{\"@type\":\"ListItem\",\"position\":3,\"name\":\"Les Canadiens se soucient de la vie priv\u00e9e, les politiciens doivent montrer qu\u2019ils se soucient de nous\"}]},{\"@type\":\"WebSite\",\"@id\":\"https:\\\/\\\/dev.ccla.org\\\/fr\\\/#website\",\"url\":\"https:\\\/\\\/dev.ccla.org\\\/fr\\\/\",\"name\":\"CCLA\",\"description\":\"\",\"potentialAction\":[{\"@type\":\"SearchAction\",\"target\":{\"@type\":\"EntryPoint\",\"urlTemplate\":\"https:\\\/\\\/dev.ccla.org\\\/fr\\\/?s={search_term_string}\"},\"query-input\":{\"@type\":\"PropertyValueSpecification\",\"valueRequired\":true,\"valueName\":\"search_term_string\"}}],\"inLanguage\":\"fr-CA\"},{\"@type\":\"Person\",\"@id\":\"https:\\\/\\\/dev.ccla.org\\\/fr\\\/#\\\/schema\\\/person\\\/df01c0bd709d7a6c260f3b5f332d9d69\",\"name\":\"Brenda McPhail\",\"image\":{\"@type\":\"ImageObject\",\"inLanguage\":\"fr-CA\",\"@id\":\"https:\\\/\\\/secure.gravatar.com\\\/avatar\\\/b18ffdbbca7e655d025c1ef4c7efccf0fe47586afe268b76b82493c5b4a3d54f?s=96&d=blank&r=g\",\"url\":\"https:\\\/\\\/secure.gravatar.com\\\/avatar\\\/b18ffdbbca7e655d025c1ef4c7efccf0fe47586afe268b76b82493c5b4a3d54f?s=96&d=blank&r=g\",\"contentUrl\":\"https:\\\/\\\/secure.gravatar.com\\\/avatar\\\/b18ffdbbca7e655d025c1ef4c7efccf0fe47586afe268b76b82493c5b4a3d54f?s=96&d=blank&r=g\",\"caption\":\"Brenda McPhail\"},\"sameAs\":[\"https:\\\/\\\/x.com\\\/Brenda\"],\"url\":\"https:\\\/\\\/dev.ccla.org\\\/fr\\\/author\\\/brenda\\\/\"}]}<\/script>\n<!-- \/ Yoast SEO plugin. -->","yoast_head_json":{"title":"Les Canadiens se soucient de la vie priv\u00e9e, les politiciens doivent montrer qu\u2019ils se soucient de nous - CCLA","robots":{"index":"noindex","follow":"follow","max-snippet":"max-snippet:-1","max-image-preview":"max-image-preview:large","max-video-preview":"max-video-preview:-1"},"og_locale":"fr_CA","og_type":"article","og_title":"Les Canadiens se soucient de la vie priv\u00e9e, les politiciens doivent montrer qu\u2019ils se soucient de nous - CCLA","og_description":"73% des Canadiens s\u2019inqui\u00e8tent ou s\u2019inqui\u00e8tent un peu de la fa\u00e7on dont les partis politiques utilisent les informations personnelles, selon un sondage Nanos publi\u00e9 aujourd\u2019hui par le Globe and Mail.","og_url":"https:\/\/dev.ccla.org\/fr\/vie-privee\/reforme-des-lois-sur-la-vie-privee\/les-canadiens-se-soucient-de-la-vie-privee-les-politiciens-doivent-montrer-quils-se-soucient-de-nous\/","og_site_name":"CCLA","article_published_time":"2018-12-19T21:30:54+00:00","article_modified_time":"2026-04-23T18:36:53+00:00","og_image":[{"width":750,"height":900,"url":"https:\/\/dev.ccla.org\/wp-content\/uploads\/2021\/05\/Privacy_750x900.jpg","type":"image\/jpeg"}],"author":"Brenda McPhail","twitter_card":"summary_large_image","twitter_creator":"@Brenda","twitter_misc":{"\u00c9crit par":"Brenda McPhail","Estimation du temps de lecture":"8 minutes"},"schema":{"@context":"https:\/\/schema.org","@graph":[{"@type":"Article","@id":"https:\/\/dev.ccla.org\/fr\/vie-privee\/reforme-des-lois-sur-la-vie-privee\/les-canadiens-se-soucient-de-la-vie-privee-les-politiciens-doivent-montrer-quils-se-soucient-de-nous\/#article","isPartOf":{"@id":"https:\/\/dev.ccla.org\/fr\/vie-privee\/reforme-des-lois-sur-la-vie-privee\/les-canadiens-se-soucient-de-la-vie-privee-les-politiciens-doivent-montrer-quils-se-soucient-de-nous\/"},"author":{"name":"Brenda McPhail","@id":"https:\/\/dev.ccla.org\/fr\/#\/schema\/person\/df01c0bd709d7a6c260f3b5f332d9d69"},"headline":"Les Canadiens se soucient de la vie priv\u00e9e, les politiciens doivent montrer qu\u2019ils se soucient de nous","datePublished":"2018-12-19T21:30:54+00:00","dateModified":"2026-04-23T18:36:53+00:00","mainEntityOfPage":{"@id":"https:\/\/dev.ccla.org\/fr\/vie-privee\/reforme-des-lois-sur-la-vie-privee\/les-canadiens-se-soucient-de-la-vie-privee-les-politiciens-doivent-montrer-quils-se-soucient-de-nous\/"},"wordCount":1565,"image":{"@id":"https:\/\/dev.ccla.org\/fr\/vie-privee\/reforme-des-lois-sur-la-vie-privee\/les-canadiens-se-soucient-de-la-vie-privee-les-politiciens-doivent-montrer-quils-se-soucient-de-nous\/#primaryimage"},"thumbnailUrl":"https:\/\/dev.ccla.org\/wp-content\/uploads\/2021\/05\/Privacy_750x900.jpg","articleSection":["R\u00e9forme des lois sur la vie priv\u00e9e","VIE PRIV\u00c9E"],"inLanguage":"fr-CA"},{"@type":"WebPage","@id":"https:\/\/dev.ccla.org\/fr\/vie-privee\/reforme-des-lois-sur-la-vie-privee\/les-canadiens-se-soucient-de-la-vie-privee-les-politiciens-doivent-montrer-quils-se-soucient-de-nous\/","url":"https:\/\/dev.ccla.org\/fr\/vie-privee\/reforme-des-lois-sur-la-vie-privee\/les-canadiens-se-soucient-de-la-vie-privee-les-politiciens-doivent-montrer-quils-se-soucient-de-nous\/","name":"Les Canadiens se soucient de la vie priv\u00e9e, les politiciens doivent montrer qu\u2019ils se soucient de nous - CCLA","isPartOf":{"@id":"https:\/\/dev.ccla.org\/fr\/#website"},"primaryImageOfPage":{"@id":"https:\/\/dev.ccla.org\/fr\/vie-privee\/reforme-des-lois-sur-la-vie-privee\/les-canadiens-se-soucient-de-la-vie-privee-les-politiciens-doivent-montrer-quils-se-soucient-de-nous\/#primaryimage"},"image":{"@id":"https:\/\/dev.ccla.org\/fr\/vie-privee\/reforme-des-lois-sur-la-vie-privee\/les-canadiens-se-soucient-de-la-vie-privee-les-politiciens-doivent-montrer-quils-se-soucient-de-nous\/#primaryimage"},"thumbnailUrl":"https:\/\/dev.ccla.org\/wp-content\/uploads\/2021\/05\/Privacy_750x900.jpg","datePublished":"2018-12-19T21:30:54+00:00","dateModified":"2026-04-23T18:36:53+00:00","author":{"@id":"https:\/\/dev.ccla.org\/fr\/#\/schema\/person\/df01c0bd709d7a6c260f3b5f332d9d69"},"breadcrumb":{"@id":"https:\/\/dev.ccla.org\/fr\/vie-privee\/reforme-des-lois-sur-la-vie-privee\/les-canadiens-se-soucient-de-la-vie-privee-les-politiciens-doivent-montrer-quils-se-soucient-de-nous\/#breadcrumb"},"inLanguage":"fr-CA","potentialAction":[{"@type":"ReadAction","target":["https:\/\/dev.ccla.org\/fr\/vie-privee\/reforme-des-lois-sur-la-vie-privee\/les-canadiens-se-soucient-de-la-vie-privee-les-politiciens-doivent-montrer-quils-se-soucient-de-nous\/"]}]},{"@type":"ImageObject","inLanguage":"fr-CA","@id":"https:\/\/dev.ccla.org\/fr\/vie-privee\/reforme-des-lois-sur-la-vie-privee\/les-canadiens-se-soucient-de-la-vie-privee-les-politiciens-doivent-montrer-quils-se-soucient-de-nous\/#primaryimage","url":"https:\/\/dev.ccla.org\/wp-content\/uploads\/2021\/05\/Privacy_750x900.jpg","contentUrl":"https:\/\/dev.ccla.org\/wp-content\/uploads\/2021\/05\/Privacy_750x900.jpg","width":750,"height":900},{"@type":"BreadcrumbList","@id":"https:\/\/dev.ccla.org\/fr\/vie-privee\/reforme-des-lois-sur-la-vie-privee\/les-canadiens-se-soucient-de-la-vie-privee-les-politiciens-doivent-montrer-quils-se-soucient-de-nous\/#breadcrumb","itemListElement":[{"@type":"ListItem","position":1,"name":"Home","item":"https:\/\/dev.ccla.org\/fr\/accueil\/"},{"@type":"ListItem","position":2,"name":"Non class\u00e9","item":"https:\/\/dev.ccla.org\/fr\/category\/non-classe\/"},{"@type":"ListItem","position":3,"name":"Les Canadiens se soucient de la vie priv\u00e9e, les politiciens doivent montrer qu\u2019ils se soucient de nous"}]},{"@type":"WebSite","@id":"https:\/\/dev.ccla.org\/fr\/#website","url":"https:\/\/dev.ccla.org\/fr\/","name":"CCLA","description":"","potentialAction":[{"@type":"SearchAction","target":{"@type":"EntryPoint","urlTemplate":"https:\/\/dev.ccla.org\/fr\/?s={search_term_string}"},"query-input":{"@type":"PropertyValueSpecification","valueRequired":true,"valueName":"search_term_string"}}],"inLanguage":"fr-CA"},{"@type":"Person","@id":"https:\/\/dev.ccla.org\/fr\/#\/schema\/person\/df01c0bd709d7a6c260f3b5f332d9d69","name":"Brenda McPhail","image":{"@type":"ImageObject","inLanguage":"fr-CA","@id":"https:\/\/secure.gravatar.com\/avatar\/b18ffdbbca7e655d025c1ef4c7efccf0fe47586afe268b76b82493c5b4a3d54f?s=96&d=blank&r=g","url":"https:\/\/secure.gravatar.com\/avatar\/b18ffdbbca7e655d025c1ef4c7efccf0fe47586afe268b76b82493c5b4a3d54f?s=96&d=blank&r=g","contentUrl":"https:\/\/secure.gravatar.com\/avatar\/b18ffdbbca7e655d025c1ef4c7efccf0fe47586afe268b76b82493c5b4a3d54f?s=96&d=blank&r=g","caption":"Brenda McPhail"},"sameAs":["https:\/\/x.com\/Brenda"],"url":"https:\/\/dev.ccla.org\/fr\/author\/brenda\/"}]}},"_links":{"self":[{"href":"https:\/\/dev.ccla.org\/fr\/wp-json\/wp\/v2\/posts\/15735","targetHints":{"allow":["GET"]}}],"collection":[{"href":"https:\/\/dev.ccla.org\/fr\/wp-json\/wp\/v2\/posts"}],"about":[{"href":"https:\/\/dev.ccla.org\/fr\/wp-json\/wp\/v2\/types\/post"}],"author":[{"embeddable":true,"href":"https:\/\/dev.ccla.org\/fr\/wp-json\/wp\/v2\/users\/11"}],"replies":[{"embeddable":true,"href":"https:\/\/dev.ccla.org\/fr\/wp-json\/wp\/v2\/comments?post=15735"}],"version-history":[{"count":1,"href":"https:\/\/dev.ccla.org\/fr\/wp-json\/wp\/v2\/posts\/15735\/revisions"}],"predecessor-version":[{"id":15741,"href":"https:\/\/dev.ccla.org\/fr\/wp-json\/wp\/v2\/posts\/15735\/revisions\/15741"}],"wp:featuredmedia":[{"embeddable":true,"href":"https:\/\/dev.ccla.org\/fr\/wp-json\/wp\/v2\/media\/15642"}],"wp:attachment":[{"href":"https:\/\/dev.ccla.org\/fr\/wp-json\/wp\/v2\/media?parent=15735"}],"wp:term":[{"taxonomy":"category","embeddable":true,"href":"https:\/\/dev.ccla.org\/fr\/wp-json\/wp\/v2\/categories?post=15735"},{"taxonomy":"post_tag","embeddable":true,"href":"https:\/\/dev.ccla.org\/fr\/wp-json\/wp\/v2\/tags?post=15735"}],"curies":[{"name":"wp","href":"https:\/\/api.w.org\/{rel}","templated":true}]}}