{"id":15576,"date":"2018-07-11T10:47:58","date_gmt":"2018-07-11T14:47:58","guid":{"rendered":"https:\/\/dev.ccla.org\/non-classe\/balado-of-counsel-micheal-j-bryant-sur-la-situation-des-egaux\/"},"modified":"2026-04-23T14:36:23","modified_gmt":"2026-04-23T18:36:23","slug":"balado-of-counsel-micheal-j-bryant-sur-la-situation-des-egaux","status":"publish","type":"post","link":"https:\/\/dev.ccla.org\/fr\/non-classe\/balado-of-counsel-micheal-j-bryant-sur-la-situation-des-egaux\/","title":{"rendered":"Balado Of Counsel : Micheal J. Bryant sur la situation des \u00e9gaux"},"content":{"rendered":"[vc_row type=\u00a0\u00bbin_container\u00a0\u00bb full_screen_row_position=\u00a0\u00bbmiddle\u00a0\u00bb column_margin=\u00a0\u00bbdefault\u00a0\u00bb column_direction=\u00a0\u00bbdefault\u00a0\u00bb column_direction_tablet=\u00a0\u00bbdefault\u00a0\u00bb column_direction_phone=\u00a0\u00bbdefault\u00a0\u00bb scene_position=\u00a0\u00bbcenter\u00a0\u00bb text_color=\u00a0\u00bbdark\u00a0\u00bb text_align=\u00a0\u00bbleft\u00a0\u00bb row_border_radius=\u00a0\u00bbnone\u00a0\u00bb row_border_radius_applies=\u00a0\u00bbbg\u00a0\u00bb overlay_strength=\u00a0\u00bb0.3&Prime; gradient_direction=\u00a0\u00bbleft_to_right\u00a0\u00bb shape_divider_position=\u00a0\u00bbbottom\u00a0\u00bb bg_image_animation=\u00a0\u00bbnone\u00a0\u00bb][vc_column column_padding=\u00a0\u00bbno-extra-padding\u00a0\u00bb column_padding_tablet=\u00a0\u00bbinherit\u00a0\u00bb column_padding_phone=\u00a0\u00bbinherit\u00a0\u00bb column_padding_position=\u00a0\u00bball\u00a0\u00bb column_element_spacing=\u00a0\u00bbdefault\u00a0\u00bb background_color_opacity=\u00a0\u00bb1&Prime; background_hover_color_opacity=\u00a0\u00bb1&Prime; column_shadow=\u00a0\u00bbnone\u00a0\u00bb column_border_radius=\u00a0\u00bbnone\u00a0\u00bb column_link_target=\u00a0\u00bb_self\u00a0\u00bb gradient_direction=\u00a0\u00bbleft_to_right\u00a0\u00bb overlay_strength=\u00a0\u00bb0.3&Prime; width=\u00a0\u00bb1\/1&Prime; tablet_width_inherit=\u00a0\u00bbdefault\u00a0\u00bb tablet_text_alignment=\u00a0\u00bbdefault\u00a0\u00bb phone_text_alignment=\u00a0\u00bbdefault\u00a0\u00bb bg_image_animation=\u00a0\u00bbnone\u00a0\u00bb border_type=\u00a0\u00bbsimple\u00a0\u00bb column_border_width=\u00a0\u00bbnone\u00a0\u00bb column_border_style=\u00a0\u00bbsolid\u00a0\u00bb][nectar_global_section id=\u00a0\u00bb1355&Prime;][\/vc_column][\/vc_row][vc_row type=\u00a0\u00bbfull_width_background\u00a0\u00bb full_screen_row_position=\u00a0\u00bbmiddle\u00a0\u00bb column_margin=\u00a0\u00bbdefault\u00a0\u00bb column_direction=\u00a0\u00bbdefault\u00a0\u00bb column_direction_tablet=\u00a0\u00bbdefault\u00a0\u00bb column_direction_phone=\u00a0\u00bbdefault\u00a0\u00bb scene_position=\u00a0\u00bbcenter\u00a0\u00bb top_padding=\u00a0\u00bb4%\u00a0\u00bb constrain_group_1=\u00a0\u00bbyes\u00a0\u00bb bottom_padding=\u00a0\u00bb4%\u00a0\u00bb text_color=\u00a0\u00bbdark\u00a0\u00bb text_align=\u00a0\u00bbleft\u00a0\u00bb row_border_radius=\u00a0\u00bbnone\u00a0\u00bb row_border_radius_applies=\u00a0\u00bbbg\u00a0\u00bb class=\u00a0\u00bbpost-links\u00a0\u00bb overlay_strength=\u00a0\u00bb0.3&Prime; gradient_direction=\u00a0\u00bbleft_to_right\u00a0\u00bb shape_divider_position=\u00a0\u00bbbottom\u00a0\u00bb bg_image_animation=\u00a0\u00bbnone\u00a0\u00bb shape_type=\u00a0\u00bb\u00a0\u00bb][vc_column column_padding=\u00a0\u00bbno-extra-padding\u00a0\u00bb column_padding_tablet=\u00a0\u00bbinherit\u00a0\u00bb column_padding_phone=\u00a0\u00bbinherit\u00a0\u00bb column_padding_position=\u00a0\u00bball\u00a0\u00bb column_element_spacing=\u00a0\u00bbdefault\u00a0\u00bb background_color_opacity=\u00a0\u00bb1&Prime; background_hover_color_opacity=\u00a0\u00bb1&Prime; column_shadow=\u00a0\u00bbnone\u00a0\u00bb column_border_radius=\u00a0\u00bbnone\u00a0\u00bb column_link_target=\u00a0\u00bb_self\u00a0\u00bb gradient_direction=\u00a0\u00bbleft_to_right\u00a0\u00bb overlay_strength=\u00a0\u00bb0.3&Prime; width=\u00a0\u00bb1\/1&Prime; tablet_width_inherit=\u00a0\u00bbdefault\u00a0\u00bb tablet_text_alignment=\u00a0\u00bbdefault\u00a0\u00bb phone_text_alignment=\u00a0\u00bbdefault\u00a0\u00bb bg_image_animation=\u00a0\u00bbnone\u00a0\u00bb border_type=\u00a0\u00bbsimple\u00a0\u00bb column_border_width=\u00a0\u00bbnone\u00a0\u00bb column_border_style=\u00a0\u00bbsolid\u00a0\u00bb][vc_column_text]**<em>Ce qui suit provient <a href=\"https:\/\/robichaudlaw.ca\/\" target=\"_blank\" rel=\"noopener\">de l\u2019article du site Web de Robichaud sur le litige de d\u00e9fense<\/a> <a href=\"https:\/\/robichaudlaw.ca\/podcast\/michael-bryant-the-circumstance-of-equals\/\" target=\"_blank\" rel=\"noopener\"><\/a>criminelle :<\/em><\/p>\n<p>L\u2019invit\u00e9 de cet \u00e9pisode est l\u2019ancien procureur g\u00e9n\u00e9ral de l\u2019Ontario, Micheal Bryant.<\/p>\n<p>L\u2019histoire personnelle de Michael en droit couvre tout le spectre du syst\u00e8me judiciaire. Apr\u00e8s avoir \u00e9t\u00e9 auxiliaire juridique \u00e0 la Cour supr\u00eame du Canada avec l\u2019ancienne juge en chef Beverly McLachlin, et obtenu un LL.M. comme boursier Fulbright \u00e0 Harvard, Michael s\u2019est int\u00e9gr\u00e9 sans effort \u00e0 l\u2019\u00e9lite de Bay St. De l\u00e0, il s\u2019est tourn\u00e9 vers la politique o\u00f9 il est devenu la plus jeune personne jamais nomm\u00e9e procureur g\u00e9n\u00e9ral.   <\/p>\n<p>Son mandat comme principal avocat de la province a \u00e9t\u00e9 rempli de productivit\u00e9, d\u2019enthousiasme, de changements l\u00e9gislatifs et de controverses. Personne n\u2019aurait jamais imagin\u00e9 que tout cela s\u2019arr\u00eaterait aussi brusquement en 2009 lorsque <a href=\"https:\/\/www.amazon.ca\/28-Seconds-Story-Addiction-Tragedy\/dp\/0670066443\/ref=sr_1_1?ie=UTF8&amp;qid=1531276013&amp;sr=8-1&amp;keywords=28+seconds\" target=\"_blank\" rel=\"noopener\">Michael a \u00e9t\u00e9 accus\u00e9<\/a> de conduite dangereuse causant la mort et de n\u00e9gligence criminelle causant la mort. Bien que cela ait pu marquer la fin de la carri\u00e8re juridique de quelqu\u2019un d\u2019autre, pour Michael, ce fut le d\u00e9but d\u2019une toute autre direction. Apr\u00e8s une enqu\u00eate approfondie et une d\u00e9fense redoutable, ses accusations furent retir\u00e9es \u00e0 la demande de la Couronne. Michael a ensuite pass\u00e9 les ann\u00e9es suivantes \u00e0 r\u00e9ajuster ses objectifs et ses motivations en droit.    <\/p>\n<p>En 2015, Michael est pass\u00e9 \u00e0 la pratique priv\u00e9e o\u00f9 il a pass\u00e9 beaucoup de temps \u00e0 repr\u00e9senter des accus\u00e9s indigents aupr\u00e8s du syst\u00e8me d\u2019aide juridique de l\u2019Ontario devant les tribunaux de la caution et sur des certificats individuels. En appliquant ses propres exp\u00e9riences au sein du syst\u00e8me et la fa\u00e7on dont les accus\u00e9s sont trait\u00e9s par les tribunaux, il a fait de lui une voix v\u00e9ritablement unique et puissante au sein du barreau de la d\u00e9fense. En 2018, Michael a canalis\u00e9 sa passion vers des enjeux plus larges touchant tous les Canadiens en devenant directeur ex\u00e9cutif de <a href=\"https:\/\/dev.ccla.org\/fr\/a-propos-de-nous\/lequipe\/\" target=\"_blank\" rel=\"noopener\">l\u2019Association canadienne des libert\u00e9s civiles<\/a> , o\u00f9 il d\u00e9fend maintenant les droits constitutionnels des Canadiens.  <\/p>\n<p>Joignez-vous \u00e0 nous pour d\u00e9couvrir ce parcours incroyable et les le\u00e7ons que Michael en a tir\u00e9es.<\/p>\n<p><a href=\"https:\/\/episodes.castos.com\/robichaudlaw\/Michael-Bryant-Int-V3.mp3\" target=\"_blank\" rel=\"noopener\"><strong>\u00c9coutez le balado ici<\/strong><\/a>.[\/vc_column_text][\/vc_column][\/vc_row][vc_row type=\u00a0\u00bbin_container\u00a0\u00bb full_screen_row_position=\u00a0\u00bbmiddle\u00a0\u00bb column_margin=\u00a0\u00bbdefault\u00a0\u00bb column_direction=\u00a0\u00bbdefault\u00a0\u00bb column_direction_tablet=\u00a0\u00bbdefault\u00a0\u00bb column_direction_phone=\u00a0\u00bbdefault\u00a0\u00bb scene_position=\u00a0\u00bbcenter\u00a0\u00bb text_color=\u00a0\u00bbdark\u00a0\u00bb text_align=\u00a0\u00bbleft\u00a0\u00bb row_border_radius=\u00a0\u00bbnone\u00a0\u00bb row_border_radius_applies=\u00a0\u00bbbg\u00a0\u00bb overlay_strength=\u00a0\u00bb0.3&Prime; gradient_direction=\u00a0\u00bbleft_to_right\u00a0\u00bb shape_divider_position=\u00a0\u00bbbottom\u00a0\u00bb bg_image_animation=\u00a0\u00bbnone\u00a0\u00bb][vc_column column_padding=\u00a0\u00bbno-extra-padding\u00a0\u00bb column_padding_tablet=\u00a0\u00bbinherit\u00a0\u00bb column_padding_phone=\u00a0\u00bbinherit\u00a0\u00bb column_padding_position=\u00a0\u00bball\u00a0\u00bb column_element_spacing=\u00a0\u00bbdefault\u00a0\u00bb background_color_opacity=\u00a0\u00bb1&Prime; background_hover_color_opacity=\u00a0\u00bb1&Prime; column_shadow=\u00a0\u00bbnone\u00a0\u00bb column_border_radius=\u00a0\u00bbnone\u00a0\u00bb column_link_target=\u00a0\u00bb_self\u00a0\u00bb gradient_direction=\u00a0\u00bbleft_to_right\u00a0\u00bb overlay_strength=\u00a0\u00bb0.3&Prime; width=\u00a0\u00bb1\/1&Prime; tablet_width_inherit=\u00a0\u00bbdefault\u00a0\u00bb tablet_text_alignment=\u00a0\u00bbdefault\u00a0\u00bb phone_text_alignment=\u00a0\u00bbdefault\u00a0\u00bb bg_image_animation=\u00a0\u00bbnone\u00a0\u00bb border_type=\u00a0\u00bbsimple\u00a0\u00bb column_border_width=\u00a0\u00bbnone\u00a0\u00bb column_border_style=\u00a0\u00bbsolid\u00a0\u00bb][nectar_global_section id=\u00a0\u00bb1461&Prime;][\/vc_column][\/vc_row]\n","protected":false},"excerpt":{"rendered":"<p>L\u2019invit\u00e9 de cet \u00e9pisode est l\u2019ancien procureur g\u00e9n\u00e9ral de l\u2019Ontario, Micheal Bryant.<\/p>\n","protected":false},"author":4,"featured_media":13727,"comment_status":"closed","ping_status":"closed","sticky":false,"template":"","format":"standard","meta":{"footnotes":""},"categories":[254],"tags":[],"class_list":{"0":"post-15576","1":"post","2":"type-post","3":"status-publish","4":"format-standard","5":"has-post-thumbnail","7":"category-non-classe"},"yoast_head":"<!-- This site is optimized with the Yoast SEO plugin v27.4 - https:\/\/yoast.com\/product\/yoast-seo-wordpress\/ -->\n<title>Balado Of Counsel : Micheal J. Bryant sur la situation des \u00e9gaux - CCLA<\/title>\n<meta name=\"robots\" content=\"noindex, follow, max-snippet:-1, max-image-preview:large, max-video-preview:-1\" \/>\n<meta property=\"og:locale\" content=\"fr_CA\" \/>\n<meta property=\"og:type\" content=\"article\" \/>\n<meta property=\"og:title\" content=\"Balado Of Counsel : Micheal J. Bryant sur la situation des \u00e9gaux - CCLA\" \/>\n<meta property=\"og:description\" content=\"L\u2019invit\u00e9 de cet \u00e9pisode est l\u2019ancien procureur g\u00e9n\u00e9ral de l\u2019Ontario, Micheal Bryant.\" \/>\n<meta property=\"og:url\" content=\"https:\/\/dev.ccla.org\/fr\/non-classe\/balado-of-counsel-micheal-j-bryant-sur-la-situation-des-egaux\/\" \/>\n<meta property=\"og:site_name\" content=\"CCLA\" \/>\n<meta property=\"article:published_time\" content=\"2018-07-11T14:47:58+00:00\" \/>\n<meta property=\"article:modified_time\" content=\"2026-04-23T18:36:23+00:00\" \/>\n<meta property=\"og:image\" content=\"https:\/\/dev.ccla.org\/wp-content\/uploads\/2021\/06\/CCCL_general_crowd_2000x800.jpg\" \/>\n\t<meta property=\"og:image:width\" content=\"2000\" \/>\n\t<meta property=\"og:image:height\" content=\"800\" \/>\n\t<meta property=\"og:image:type\" content=\"image\/jpeg\" \/>\n<meta name=\"author\" content=\"CCLA\" \/>\n<meta name=\"twitter:card\" content=\"summary_large_image\" \/>\n<meta name=\"twitter:label1\" content=\"\u00c9crit par\" \/>\n\t<meta name=\"twitter:data1\" content=\"CCLA\" \/>\n\t<meta name=\"twitter:label2\" content=\"Estimation du temps de lecture\" \/>\n\t<meta name=\"twitter:data2\" content=\"4 minutes\" \/>\n<script type=\"application\/ld+json\" class=\"yoast-schema-graph\">{\"@context\":\"https:\\\/\\\/schema.org\",\"@graph\":[{\"@type\":\"Article\",\"@id\":\"https:\\\/\\\/dev.ccla.org\\\/fr\\\/non-classe\\\/balado-of-counsel-micheal-j-bryant-sur-la-situation-des-egaux\\\/#article\",\"isPartOf\":{\"@id\":\"https:\\\/\\\/dev.ccla.org\\\/fr\\\/non-classe\\\/balado-of-counsel-micheal-j-bryant-sur-la-situation-des-egaux\\\/\"},\"author\":{\"name\":\"CCLA\",\"@id\":\"https:\\\/\\\/dev.ccla.org\\\/fr\\\/#\\\/schema\\\/person\\\/e48728d4a52926205e807fd8c52bf3b0\"},\"headline\":\"Balado Of Counsel : Micheal J. Bryant sur la situation des \u00e9gaux\",\"datePublished\":\"2018-07-11T14:47:58+00:00\",\"dateModified\":\"2026-04-23T18:36:23+00:00\",\"mainEntityOfPage\":{\"@id\":\"https:\\\/\\\/dev.ccla.org\\\/fr\\\/non-classe\\\/balado-of-counsel-micheal-j-bryant-sur-la-situation-des-egaux\\\/\"},\"wordCount\":829,\"image\":{\"@id\":\"https:\\\/\\\/dev.ccla.org\\\/fr\\\/non-classe\\\/balado-of-counsel-micheal-j-bryant-sur-la-situation-des-egaux\\\/#primaryimage\"},\"thumbnailUrl\":\"https:\\\/\\\/dev.ccla.org\\\/wp-content\\\/uploads\\\/2021\\\/06\\\/CCCL_general_crowd_2000x800.jpg\",\"inLanguage\":\"fr-CA\"},{\"@type\":\"WebPage\",\"@id\":\"https:\\\/\\\/dev.ccla.org\\\/fr\\\/non-classe\\\/balado-of-counsel-micheal-j-bryant-sur-la-situation-des-egaux\\\/\",\"url\":\"https:\\\/\\\/dev.ccla.org\\\/fr\\\/non-classe\\\/balado-of-counsel-micheal-j-bryant-sur-la-situation-des-egaux\\\/\",\"name\":\"Balado Of Counsel : Micheal J. Bryant sur la situation des \u00e9gaux - CCLA\",\"isPartOf\":{\"@id\":\"https:\\\/\\\/dev.ccla.org\\\/fr\\\/#website\"},\"primaryImageOfPage\":{\"@id\":\"https:\\\/\\\/dev.ccla.org\\\/fr\\\/non-classe\\\/balado-of-counsel-micheal-j-bryant-sur-la-situation-des-egaux\\\/#primaryimage\"},\"image\":{\"@id\":\"https:\\\/\\\/dev.ccla.org\\\/fr\\\/non-classe\\\/balado-of-counsel-micheal-j-bryant-sur-la-situation-des-egaux\\\/#primaryimage\"},\"thumbnailUrl\":\"https:\\\/\\\/dev.ccla.org\\\/wp-content\\\/uploads\\\/2021\\\/06\\\/CCCL_general_crowd_2000x800.jpg\",\"datePublished\":\"2018-07-11T14:47:58+00:00\",\"dateModified\":\"2026-04-23T18:36:23+00:00\",\"author\":{\"@id\":\"https:\\\/\\\/dev.ccla.org\\\/fr\\\/#\\\/schema\\\/person\\\/e48728d4a52926205e807fd8c52bf3b0\"},\"breadcrumb\":{\"@id\":\"https:\\\/\\\/dev.ccla.org\\\/fr\\\/non-classe\\\/balado-of-counsel-micheal-j-bryant-sur-la-situation-des-egaux\\\/#breadcrumb\"},\"inLanguage\":\"fr-CA\",\"potentialAction\":[{\"@type\":\"ReadAction\",\"target\":[\"https:\\\/\\\/dev.ccla.org\\\/fr\\\/non-classe\\\/balado-of-counsel-micheal-j-bryant-sur-la-situation-des-egaux\\\/\"]}]},{\"@type\":\"ImageObject\",\"inLanguage\":\"fr-CA\",\"@id\":\"https:\\\/\\\/dev.ccla.org\\\/fr\\\/non-classe\\\/balado-of-counsel-micheal-j-bryant-sur-la-situation-des-egaux\\\/#primaryimage\",\"url\":\"https:\\\/\\\/dev.ccla.org\\\/wp-content\\\/uploads\\\/2021\\\/06\\\/CCCL_general_crowd_2000x800.jpg\",\"contentUrl\":\"https:\\\/\\\/dev.ccla.org\\\/wp-content\\\/uploads\\\/2021\\\/06\\\/CCCL_general_crowd_2000x800.jpg\",\"width\":2000,\"height\":800},{\"@type\":\"BreadcrumbList\",\"@id\":\"https:\\\/\\\/dev.ccla.org\\\/fr\\\/non-classe\\\/balado-of-counsel-micheal-j-bryant-sur-la-situation-des-egaux\\\/#breadcrumb\",\"itemListElement\":[{\"@type\":\"ListItem\",\"position\":1,\"name\":\"Home\",\"item\":\"https:\\\/\\\/dev.ccla.org\\\/fr\\\/accueil\\\/\"},{\"@type\":\"ListItem\",\"position\":2,\"name\":\"Non class\u00e9\",\"item\":\"https:\\\/\\\/dev.ccla.org\\\/fr\\\/category\\\/non-classe\\\/\"},{\"@type\":\"ListItem\",\"position\":3,\"name\":\"Balado Of Counsel : Micheal J. Bryant sur la situation des \u00e9gaux\"}]},{\"@type\":\"WebSite\",\"@id\":\"https:\\\/\\\/dev.ccla.org\\\/fr\\\/#website\",\"url\":\"https:\\\/\\\/dev.ccla.org\\\/fr\\\/\",\"name\":\"CCLA\",\"description\":\"\",\"potentialAction\":[{\"@type\":\"SearchAction\",\"target\":{\"@type\":\"EntryPoint\",\"urlTemplate\":\"https:\\\/\\\/dev.ccla.org\\\/fr\\\/?s={search_term_string}\"},\"query-input\":{\"@type\":\"PropertyValueSpecification\",\"valueRequired\":true,\"valueName\":\"search_term_string\"}}],\"inLanguage\":\"fr-CA\"},{\"@type\":\"Person\",\"@id\":\"https:\\\/\\\/dev.ccla.org\\\/fr\\\/#\\\/schema\\\/person\\\/e48728d4a52926205e807fd8c52bf3b0\",\"name\":\"CCLA\",\"image\":{\"@type\":\"ImageObject\",\"inLanguage\":\"fr-CA\",\"@id\":\"https:\\\/\\\/secure.gravatar.com\\\/avatar\\\/03b13921772ba279da547407d7a85f0b4a10bdf8cc9a026f2ac4e10643eee315?s=96&d=blank&r=g\",\"url\":\"https:\\\/\\\/secure.gravatar.com\\\/avatar\\\/03b13921772ba279da547407d7a85f0b4a10bdf8cc9a026f2ac4e10643eee315?s=96&d=blank&r=g\",\"contentUrl\":\"https:\\\/\\\/secure.gravatar.com\\\/avatar\\\/03b13921772ba279da547407d7a85f0b4a10bdf8cc9a026f2ac4e10643eee315?s=96&d=blank&r=g\",\"caption\":\"CCLA\"},\"url\":\"https:\\\/\\\/dev.ccla.org\\\/fr\\\/author\\\/ccla\\\/\"}]}<\/script>\n<!-- \/ Yoast SEO plugin. -->","yoast_head_json":{"title":"Balado Of Counsel : Micheal J. Bryant sur la situation des \u00e9gaux - CCLA","robots":{"index":"noindex","follow":"follow","max-snippet":"max-snippet:-1","max-image-preview":"max-image-preview:large","max-video-preview":"max-video-preview:-1"},"og_locale":"fr_CA","og_type":"article","og_title":"Balado Of Counsel : Micheal J. Bryant sur la situation des \u00e9gaux - CCLA","og_description":"L\u2019invit\u00e9 de cet \u00e9pisode est l\u2019ancien procureur g\u00e9n\u00e9ral de l\u2019Ontario, Micheal Bryant.","og_url":"https:\/\/dev.ccla.org\/fr\/non-classe\/balado-of-counsel-micheal-j-bryant-sur-la-situation-des-egaux\/","og_site_name":"CCLA","article_published_time":"2018-07-11T14:47:58+00:00","article_modified_time":"2026-04-23T18:36:23+00:00","og_image":[{"width":2000,"height":800,"url":"https:\/\/dev.ccla.org\/wp-content\/uploads\/2021\/06\/CCCL_general_crowd_2000x800.jpg","type":"image\/jpeg"}],"author":"CCLA","twitter_card":"summary_large_image","twitter_misc":{"\u00c9crit par":"CCLA","Estimation du temps de lecture":"4 minutes"},"schema":{"@context":"https:\/\/schema.org","@graph":[{"@type":"Article","@id":"https:\/\/dev.ccla.org\/fr\/non-classe\/balado-of-counsel-micheal-j-bryant-sur-la-situation-des-egaux\/#article","isPartOf":{"@id":"https:\/\/dev.ccla.org\/fr\/non-classe\/balado-of-counsel-micheal-j-bryant-sur-la-situation-des-egaux\/"},"author":{"name":"CCLA","@id":"https:\/\/dev.ccla.org\/fr\/#\/schema\/person\/e48728d4a52926205e807fd8c52bf3b0"},"headline":"Balado Of Counsel : Micheal J. Bryant sur la situation des \u00e9gaux","datePublished":"2018-07-11T14:47:58+00:00","dateModified":"2026-04-23T18:36:23+00:00","mainEntityOfPage":{"@id":"https:\/\/dev.ccla.org\/fr\/non-classe\/balado-of-counsel-micheal-j-bryant-sur-la-situation-des-egaux\/"},"wordCount":829,"image":{"@id":"https:\/\/dev.ccla.org\/fr\/non-classe\/balado-of-counsel-micheal-j-bryant-sur-la-situation-des-egaux\/#primaryimage"},"thumbnailUrl":"https:\/\/dev.ccla.org\/wp-content\/uploads\/2021\/06\/CCCL_general_crowd_2000x800.jpg","inLanguage":"fr-CA"},{"@type":"WebPage","@id":"https:\/\/dev.ccla.org\/fr\/non-classe\/balado-of-counsel-micheal-j-bryant-sur-la-situation-des-egaux\/","url":"https:\/\/dev.ccla.org\/fr\/non-classe\/balado-of-counsel-micheal-j-bryant-sur-la-situation-des-egaux\/","name":"Balado Of Counsel : Micheal J. Bryant sur la situation des \u00e9gaux - CCLA","isPartOf":{"@id":"https:\/\/dev.ccla.org\/fr\/#website"},"primaryImageOfPage":{"@id":"https:\/\/dev.ccla.org\/fr\/non-classe\/balado-of-counsel-micheal-j-bryant-sur-la-situation-des-egaux\/#primaryimage"},"image":{"@id":"https:\/\/dev.ccla.org\/fr\/non-classe\/balado-of-counsel-micheal-j-bryant-sur-la-situation-des-egaux\/#primaryimage"},"thumbnailUrl":"https:\/\/dev.ccla.org\/wp-content\/uploads\/2021\/06\/CCCL_general_crowd_2000x800.jpg","datePublished":"2018-07-11T14:47:58+00:00","dateModified":"2026-04-23T18:36:23+00:00","author":{"@id":"https:\/\/dev.ccla.org\/fr\/#\/schema\/person\/e48728d4a52926205e807fd8c52bf3b0"},"breadcrumb":{"@id":"https:\/\/dev.ccla.org\/fr\/non-classe\/balado-of-counsel-micheal-j-bryant-sur-la-situation-des-egaux\/#breadcrumb"},"inLanguage":"fr-CA","potentialAction":[{"@type":"ReadAction","target":["https:\/\/dev.ccla.org\/fr\/non-classe\/balado-of-counsel-micheal-j-bryant-sur-la-situation-des-egaux\/"]}]},{"@type":"ImageObject","inLanguage":"fr-CA","@id":"https:\/\/dev.ccla.org\/fr\/non-classe\/balado-of-counsel-micheal-j-bryant-sur-la-situation-des-egaux\/#primaryimage","url":"https:\/\/dev.ccla.org\/wp-content\/uploads\/2021\/06\/CCCL_general_crowd_2000x800.jpg","contentUrl":"https:\/\/dev.ccla.org\/wp-content\/uploads\/2021\/06\/CCCL_general_crowd_2000x800.jpg","width":2000,"height":800},{"@type":"BreadcrumbList","@id":"https:\/\/dev.ccla.org\/fr\/non-classe\/balado-of-counsel-micheal-j-bryant-sur-la-situation-des-egaux\/#breadcrumb","itemListElement":[{"@type":"ListItem","position":1,"name":"Home","item":"https:\/\/dev.ccla.org\/fr\/accueil\/"},{"@type":"ListItem","position":2,"name":"Non class\u00e9","item":"https:\/\/dev.ccla.org\/fr\/category\/non-classe\/"},{"@type":"ListItem","position":3,"name":"Balado Of Counsel : Micheal J. Bryant sur la situation des \u00e9gaux"}]},{"@type":"WebSite","@id":"https:\/\/dev.ccla.org\/fr\/#website","url":"https:\/\/dev.ccla.org\/fr\/","name":"CCLA","description":"","potentialAction":[{"@type":"SearchAction","target":{"@type":"EntryPoint","urlTemplate":"https:\/\/dev.ccla.org\/fr\/?s={search_term_string}"},"query-input":{"@type":"PropertyValueSpecification","valueRequired":true,"valueName":"search_term_string"}}],"inLanguage":"fr-CA"},{"@type":"Person","@id":"https:\/\/dev.ccla.org\/fr\/#\/schema\/person\/e48728d4a52926205e807fd8c52bf3b0","name":"CCLA","image":{"@type":"ImageObject","inLanguage":"fr-CA","@id":"https:\/\/secure.gravatar.com\/avatar\/03b13921772ba279da547407d7a85f0b4a10bdf8cc9a026f2ac4e10643eee315?s=96&d=blank&r=g","url":"https:\/\/secure.gravatar.com\/avatar\/03b13921772ba279da547407d7a85f0b4a10bdf8cc9a026f2ac4e10643eee315?s=96&d=blank&r=g","contentUrl":"https:\/\/secure.gravatar.com\/avatar\/03b13921772ba279da547407d7a85f0b4a10bdf8cc9a026f2ac4e10643eee315?s=96&d=blank&r=g","caption":"CCLA"},"url":"https:\/\/dev.ccla.org\/fr\/author\/ccla\/"}]}},"_links":{"self":[{"href":"https:\/\/dev.ccla.org\/fr\/wp-json\/wp\/v2\/posts\/15576","targetHints":{"allow":["GET"]}}],"collection":[{"href":"https:\/\/dev.ccla.org\/fr\/wp-json\/wp\/v2\/posts"}],"about":[{"href":"https:\/\/dev.ccla.org\/fr\/wp-json\/wp\/v2\/types\/post"}],"author":[{"embeddable":true,"href":"https:\/\/dev.ccla.org\/fr\/wp-json\/wp\/v2\/users\/4"}],"replies":[{"embeddable":true,"href":"https:\/\/dev.ccla.org\/fr\/wp-json\/wp\/v2\/comments?post=15576"}],"version-history":[{"count":1,"href":"https:\/\/dev.ccla.org\/fr\/wp-json\/wp\/v2\/posts\/15576\/revisions"}],"predecessor-version":[{"id":15582,"href":"https:\/\/dev.ccla.org\/fr\/wp-json\/wp\/v2\/posts\/15576\/revisions\/15582"}],"wp:featuredmedia":[{"embeddable":true,"href":"https:\/\/dev.ccla.org\/fr\/wp-json\/wp\/v2\/media\/13727"}],"wp:attachment":[{"href":"https:\/\/dev.ccla.org\/fr\/wp-json\/wp\/v2\/media?parent=15576"}],"wp:term":[{"taxonomy":"category","embeddable":true,"href":"https:\/\/dev.ccla.org\/fr\/wp-json\/wp\/v2\/categories?post=15576"},{"taxonomy":"post_tag","embeddable":true,"href":"https:\/\/dev.ccla.org\/fr\/wp-json\/wp\/v2\/tags?post=15576"}],"curies":[{"name":"wp","href":"https:\/\/api.w.org\/{rel}","templated":true}]}}