{"id":15474,"date":"2018-04-17T20:59:22","date_gmt":"2018-04-18T00:59:22","guid":{"rendered":"https:\/\/dev.ccla.org\/non-classe\/enfermer-les-pauvres-parce-quils-sont-pauvres-ccla-a\/"},"modified":"2026-04-23T14:36:05","modified_gmt":"2026-04-23T18:36:05","slug":"enfermer-les-pauvres-parce-quils-sont-pauvres-ccla-a","status":"publish","type":"post","link":"https:\/\/dev.ccla.org\/fr\/non-classe\/enfermer-les-pauvres-parce-quils-sont-pauvres-ccla-a\/","title":{"rendered":"Enfermer les pauvres parce qu\u2019ils sont pauvres : CCLA \u00e0&#8230;"},"content":{"rendered":"[vc_row type=\u00a0\u00bbin_container\u00a0\u00bb full_screen_row_position=\u00a0\u00bbmiddle\u00a0\u00bb column_margin=\u00a0\u00bbdefault\u00a0\u00bb column_direction=\u00a0\u00bbdefault\u00a0\u00bb column_direction_tablet=\u00a0\u00bbdefault\u00a0\u00bb column_direction_phone=\u00a0\u00bbdefault\u00a0\u00bb scene_position=\u00a0\u00bbcenter\u00a0\u00bb text_color=\u00a0\u00bbdark\u00a0\u00bb text_align=\u00a0\u00bbleft\u00a0\u00bb row_border_radius=\u00a0\u00bbnone\u00a0\u00bb row_border_radius_applies=\u00a0\u00bbbg\u00a0\u00bb overlay_strength=\u00a0\u00bb0.3&Prime; gradient_direction=\u00a0\u00bbleft_to_right\u00a0\u00bb shape_divider_position=\u00a0\u00bbbottom\u00a0\u00bb bg_image_animation=\u00a0\u00bbnone\u00a0\u00bb][vc_column column_padding=\u00a0\u00bbno-extra-padding\u00a0\u00bb column_padding_tablet=\u00a0\u00bbinherit\u00a0\u00bb column_padding_phone=\u00a0\u00bbinherit\u00a0\u00bb column_padding_position=\u00a0\u00bball\u00a0\u00bb column_element_spacing=\u00a0\u00bbdefault\u00a0\u00bb background_color_opacity=\u00a0\u00bb1&Prime; background_hover_color_opacity=\u00a0\u00bb1&Prime; column_shadow=\u00a0\u00bbnone\u00a0\u00bb column_border_radius=\u00a0\u00bbnone\u00a0\u00bb column_link_target=\u00a0\u00bb_self\u00a0\u00bb gradient_direction=\u00a0\u00bbleft_to_right\u00a0\u00bb overlay_strength=\u00a0\u00bb0.3&Prime; width=\u00a0\u00bb1\/1&Prime; tablet_width_inherit=\u00a0\u00bbdefault\u00a0\u00bb tablet_text_alignment=\u00a0\u00bbdefault\u00a0\u00bb phone_text_alignment=\u00a0\u00bbdefault\u00a0\u00bb bg_image_animation=\u00a0\u00bbnone\u00a0\u00bb border_type=\u00a0\u00bbsimple\u00a0\u00bb column_border_width=\u00a0\u00bbnone\u00a0\u00bb column_border_style=\u00a0\u00bbsolid\u00a0\u00bb][nectar_global_section id=\u00a0\u00bb1355&Prime;][\/vc_column][\/vc_row][vc_row type=\u00a0\u00bbfull_width_background\u00a0\u00bb full_screen_row_position=\u00a0\u00bbmiddle\u00a0\u00bb column_margin=\u00a0\u00bbdefault\u00a0\u00bb column_direction=\u00a0\u00bbdefault\u00a0\u00bb column_direction_tablet=\u00a0\u00bbdefault\u00a0\u00bb column_direction_phone=\u00a0\u00bbdefault\u00a0\u00bb scene_position=\u00a0\u00bbcenter\u00a0\u00bb top_padding=\u00a0\u00bb4%\u00a0\u00bb constrain_group_1=\u00a0\u00bbyes\u00a0\u00bb bottom_padding=\u00a0\u00bb4%\u00a0\u00bb text_color=\u00a0\u00bbdark\u00a0\u00bb text_align=\u00a0\u00bbleft\u00a0\u00bb row_border_radius=\u00a0\u00bbnone\u00a0\u00bb row_border_radius_applies=\u00a0\u00bbbg\u00a0\u00bb class=\u00a0\u00bbpost-links\u00a0\u00bb overlay_strength=\u00a0\u00bb0.3&Prime; gradient_direction=\u00a0\u00bbleft_to_right\u00a0\u00bb shape_divider_position=\u00a0\u00bbbottom\u00a0\u00bb bg_image_animation=\u00a0\u00bbnone\u00a0\u00bb shape_type=\u00a0\u00bb\u00a0\u00bb][vc_column column_padding=\u00a0\u00bbno-extra-padding\u00a0\u00bb column_padding_tablet=\u00a0\u00bbinherit\u00a0\u00bb column_padding_phone=\u00a0\u00bbinherit\u00a0\u00bb column_padding_position=\u00a0\u00bball\u00a0\u00bb column_element_spacing=\u00a0\u00bbdefault\u00a0\u00bb background_color_opacity=\u00a0\u00bb1&Prime; background_hover_color_opacity=\u00a0\u00bb1&Prime; column_shadow=\u00a0\u00bbnone\u00a0\u00bb column_border_radius=\u00a0\u00bbnone\u00a0\u00bb column_link_target=\u00a0\u00bb_self\u00a0\u00bb gradient_direction=\u00a0\u00bbleft_to_right\u00a0\u00bb overlay_strength=\u00a0\u00bb0.3&Prime; width=\u00a0\u00bb1\/1&Prime; tablet_width_inherit=\u00a0\u00bbdefault\u00a0\u00bb tablet_text_alignment=\u00a0\u00bbdefault\u00a0\u00bb phone_text_alignment=\u00a0\u00bbdefault\u00a0\u00bb bg_image_animation=\u00a0\u00bbnone\u00a0\u00bb border_type=\u00a0\u00bbsimple\u00a0\u00bb column_border_width=\u00a0\u00bbnone\u00a0\u00bb column_border_style=\u00a0\u00bbsolid\u00a0\u00bb][divider line_type=\u00a0\u00bbNo Line\u00a0\u00bb custom_height=\u00a0\u00bb30&Prime;][vc_column_text]\n<div class=\"entry-meta\">\n<p><span class=\"posted-on\"><time class=\"entry-date published\" datetime=\"2018-04-17T09:14:22-04:00\">17 avril 2018<\/time><\/span><\/p>\n<\/div>\n<div class=\"shapely-content \">\n<p>Cette semaine, l\u2019Association canadienne des libert\u00e9s civiles sera pr\u00e9sente \u00e0 la Cour supr\u00eame du Canada pour plaider qu\u2019une surtaxe obligatoire pour les victimes, impos\u00e9e \u00e0 tous les \u00ab contrevenants \u00bb, est une punition cruelle et inhabituelle qui devrait \u00eatre annul\u00e9e par la Cour.<\/p>\n<p>La surprime pour victimes exige que les individus paient une somme financi\u00e8re \u2014 en plus des amendes incluses dans leur peine \u2014 si elles sont reconnues coupables d\u2019une infraction criminelle. Le non-paiement de la surtaxe peut entra\u00eener une peine d\u2019emprisonnement. En 2013, le gouvernement f\u00e9d\u00e9ral a retir\u00e9 la discr\u00e9tion des juges pour renoncer \u00e0 la surtaxe dans certaines circonstances. La question dans les affaires devant la Cour supr\u00eame cette semaine (<em>Tinker et al. c. Sa Majest\u00e9 la Reine<\/em> et <em>Boudreault c. Sa Majest\u00e9 la Reine<\/em>) est de savoir si cette suppression de la discr\u00e9tion \u00e9tait constitutionnelle.   <\/p>\n<p>Emprisonner les pauvres parce qu\u2019ils sont pauvres, c\u2019est la r\u00e9surrection populiste de la prison barbare des d\u00e9biteurs pilori\u00e9e par Charles Dickens. M. le juge Binnie l\u2019a formul\u00e9 ainsi : <\/p>\n<p>La prison pour d\u00e9biteurs pour les personnes pauvres est un concept dickensien qui, dans les pays civilis\u00e9s, a largement \u00e9t\u00e9 aboli. L\u2019emprisonnement pour dettes civiles a \u00e9t\u00e9 aboli en Ontario \u00e0 la fin du XIXe si\u00e8cle. Dans ses r\u00e9formes des peines de 1996, le Parlement a d\u00e9cr\u00e9t\u00e9 que la prison devait \u00eatre r\u00e9serv\u00e9e \u00e0 ceux dont la conduite m\u00e9rite d\u2019y \u00eatre envoy\u00e9e. Ici, le juge du proc\u00e8s pensait qu\u2019une peine appropri\u00e9e serait une peine avec sursis avec probation, mais cela n\u2019\u00e9tait pas possible en vertu de la loi. Pourtant, la prison pour d\u00e9biteurs \u00ab dans la communaut\u00e9 \u00bb, ce qu\u2019\u00e9quivaut une peine conditionnelle, est r\u00e9pugnante dans le cas d\u2019une personne qui ne m\u00e9rite pas la prison mais qui ne peut tout simplement pas payer. Comme on le verra, le but d\u2019imposer l\u2019emprisonnement en cas de d\u00e9faut de paiement est d\u2019encourager s\u00e9rieusement les d\u00e9linquants ayant les moyens de payer une amende pour effectuer le paiement.       <em>L\u2019incapacit\u00e9 r\u00e9elle \u00e0 payer une amende n\u2019est pas un motif valable pour l\u2019emprisonnement. (R. c. Wu, [2003] 3 SCR 530). <\/em><\/p>\n<p>Comme l\u2019a \u00e9crit Doherty JA dans cette affaire en appel : \u00ab L\u2019emprisonnement \u00e9conomique, que ce soit en prison ou dans la communaut\u00e9, est contraire aux dispositions actuelles du <em>Code criminel<\/em> relatives aux amendes. \u00bb (<em>R. c. Wu<\/em>) au par. 40).<\/p>\n<p>En supprimant la discr\u00e9tion judiciaire de renoncer \u00e0 la surtaxe pour les d\u00e9linquants indigents, la surtaxe obligatoire punit et discrimine les indigents. Une personne qui est r\u00e9ellement incapable de payer la surtaxe doit faire face au spectre persistant de l\u2019incarc\u00e9ration. Le stress li\u00e9 au non-paiement est aggrav\u00e9 par une s\u00e9rie de cons\u00e9quences juridiques et personnelles suppl\u00e9mentaires auxquelles une personne indigente ne pourra jamais esp\u00e9rer s\u2019\u00e9chapper. Cela inclut la stigmatisation d\u2019\u00eatre endett\u00e9 envers la soci\u00e9t\u00e9 mais incapable de rembourser la dette et de franchir m\u00eame le premier pas vers la r\u00e9habilitation. Elle inclut aussi l\u2019inadmissibilit\u00e9 d\u2019une personne \u00e0 obtenir une gr\u00e2ce et les effets associ\u00e9s de cette inadmissibilit\u00e9 sur ses perspectives d\u2019emploi, de r\u00e9adaptation et de r\u00e9int\u00e9gration dans la soci\u00e9t\u00e9.    <\/p>\n<p>Une punition financi\u00e8re obligatoire impos\u00e9e peu importe la situation financi\u00e8re n\u2019a pas sa place dans un syst\u00e8me de justice p\u00e9nale juste et \u00e9quitable. Le droit p\u00e9nal doit \u00eatre suffisamment flexible pour permettre \u00e0 la magistrature d\u2019\u00e9laborer des r\u00e9ponses appropri\u00e9es et individualis\u00e9es aux comportements criminels et \u00e9viter d\u2019imposer des peines inutilement cruelles et s\u00e9v\u00e8res aux personnes vivant dans la pauvret\u00e9. <\/p>\n<p>Les avocats dans cette affaire sont Christopher D. Bredt, Pierre N. Gemson et Alannah M. Fotheringham de Borden Ladner Gervais LLP.<\/p>\n<p>Pour une diffusion web des audiences, <a href=\"https:\/\/www.scc-csc.ca\/case-dossier\/info\/webcast-webdiffusion-eng.aspx?cas=37427\" target=\"_blank\" rel=\"noopener\"><strong>cliquez ici<\/strong><\/a>.<\/p>\n<p>Pour consulter le factum intervenant de la CCLA dans cette affaire, <a href=\"https:\/\/dev.ccla.org\/wp-content\/uploads\/2021\/06\/Factum-of-the-Intervener-CCLA-Tinker-and-Boudreault-1.pdf\" target=\"_blank\" rel=\"noopener\"><strong>cliquez ici<\/strong><\/a>.<\/p>\n<\/div>\n[\/vc_column_text][\/vc_column][\/vc_row][vc_row type=\u00a0\u00bbin_container\u00a0\u00bb full_screen_row_position=\u00a0\u00bbmiddle\u00a0\u00bb column_margin=\u00a0\u00bbdefault\u00a0\u00bb column_direction=\u00a0\u00bbdefault\u00a0\u00bb column_direction_tablet=\u00a0\u00bbdefault\u00a0\u00bb column_direction_phone=\u00a0\u00bbdefault\u00a0\u00bb scene_position=\u00a0\u00bbcenter\u00a0\u00bb text_color=\u00a0\u00bbdark\u00a0\u00bb text_align=\u00a0\u00bbleft\u00a0\u00bb row_border_radius=\u00a0\u00bbnone\u00a0\u00bb row_border_radius_applies=\u00a0\u00bbbg\u00a0\u00bb overlay_strength=\u00a0\u00bb0.3&Prime; gradient_direction=\u00a0\u00bbleft_to_right\u00a0\u00bb shape_divider_position=\u00a0\u00bbbottom\u00a0\u00bb bg_image_animation=\u00a0\u00bbnone\u00a0\u00bb][vc_column column_padding=\u00a0\u00bbno-extra-padding\u00a0\u00bb column_padding_tablet=\u00a0\u00bbinherit\u00a0\u00bb column_padding_phone=\u00a0\u00bbinherit\u00a0\u00bb column_padding_position=\u00a0\u00bball\u00a0\u00bb column_element_spacing=\u00a0\u00bbdefault\u00a0\u00bb background_color_opacity=\u00a0\u00bb1&Prime; background_hover_color_opacity=\u00a0\u00bb1&Prime; column_shadow=\u00a0\u00bbnone\u00a0\u00bb column_border_radius=\u00a0\u00bbnone\u00a0\u00bb column_link_target=\u00a0\u00bb_self\u00a0\u00bb gradient_direction=\u00a0\u00bbleft_to_right\u00a0\u00bb overlay_strength=\u00a0\u00bb0.3&Prime; width=\u00a0\u00bb1\/1&Prime; tablet_width_inherit=\u00a0\u00bbdefault\u00a0\u00bb tablet_text_alignment=\u00a0\u00bbdefault\u00a0\u00bb phone_text_alignment=\u00a0\u00bbdefault\u00a0\u00bb bg_image_animation=\u00a0\u00bbnone\u00a0\u00bb border_type=\u00a0\u00bbsimple\u00a0\u00bb column_border_width=\u00a0\u00bbnone\u00a0\u00bb column_border_style=\u00a0\u00bbsolid\u00a0\u00bb][nectar_global_section id=\u00a0\u00bb1461&Prime;][\/vc_column][\/vc_row]\n","protected":false},"excerpt":{"rendered":"<p>L\u2019Association canadienne des libert\u00e9s civiles (CCLA) contestera l\u2019injonction exceptionnellement large du gouvernement de la Nouvelle-\u00c9cosse limitant les manifestations dans la province.<\/p>\n","protected":false},"author":4,"featured_media":13727,"comment_status":"closed","ping_status":"closed","sticky":false,"template":"","format":"standard","meta":{"footnotes":""},"categories":[254],"tags":[],"class_list":{"0":"post-15474","1":"post","2":"type-post","3":"status-publish","4":"format-standard","5":"has-post-thumbnail","7":"category-non-classe"},"yoast_head":"<!-- This site is optimized with the Yoast SEO plugin v27.4 - https:\/\/yoast.com\/product\/yoast-seo-wordpress\/ -->\n<title>Enfermer les pauvres parce qu\u2019ils sont pauvres : CCLA \u00e0... - CCLA<\/title>\n<meta name=\"robots\" content=\"noindex, follow, max-snippet:-1, max-image-preview:large, max-video-preview:-1\" \/>\n<meta property=\"og:locale\" content=\"fr_CA\" \/>\n<meta property=\"og:type\" content=\"article\" \/>\n<meta property=\"og:title\" content=\"Enfermer les pauvres parce qu\u2019ils sont pauvres : CCLA \u00e0... - CCLA\" \/>\n<meta property=\"og:description\" content=\"L\u2019Association canadienne des libert\u00e9s civiles (CCLA) contestera l\u2019injonction exceptionnellement large du gouvernement de la Nouvelle-\u00c9cosse limitant les manifestations dans la province.\" \/>\n<meta property=\"og:url\" content=\"https:\/\/dev.ccla.org\/fr\/non-classe\/enfermer-les-pauvres-parce-quils-sont-pauvres-ccla-a\/\" \/>\n<meta property=\"og:site_name\" content=\"CCLA\" \/>\n<meta property=\"article:published_time\" content=\"2018-04-18T00:59:22+00:00\" \/>\n<meta property=\"article:modified_time\" content=\"2026-04-23T18:36:05+00:00\" \/>\n<meta property=\"og:image\" content=\"https:\/\/dev.ccla.org\/wp-content\/uploads\/2021\/06\/CCCL_general_crowd_2000x800.jpg\" \/>\n\t<meta property=\"og:image:width\" content=\"2000\" \/>\n\t<meta property=\"og:image:height\" content=\"800\" \/>\n\t<meta property=\"og:image:type\" content=\"image\/jpeg\" \/>\n<meta name=\"author\" content=\"CCLA\" \/>\n<meta name=\"twitter:card\" content=\"summary_large_image\" \/>\n<meta name=\"twitter:label1\" content=\"\u00c9crit par\" \/>\n\t<meta name=\"twitter:data1\" content=\"CCLA\" \/>\n\t<meta name=\"twitter:label2\" content=\"Estimation du temps de lecture\" \/>\n\t<meta name=\"twitter:data2\" content=\"6 minutes\" \/>\n<script type=\"application\/ld+json\" class=\"yoast-schema-graph\">{\"@context\":\"https:\\\/\\\/schema.org\",\"@graph\":[{\"@type\":\"Article\",\"@id\":\"https:\\\/\\\/dev.ccla.org\\\/fr\\\/non-classe\\\/enfermer-les-pauvres-parce-quils-sont-pauvres-ccla-a\\\/#article\",\"isPartOf\":{\"@id\":\"https:\\\/\\\/dev.ccla.org\\\/fr\\\/non-classe\\\/enfermer-les-pauvres-parce-quils-sont-pauvres-ccla-a\\\/\"},\"author\":{\"name\":\"CCLA\",\"@id\":\"https:\\\/\\\/dev.ccla.org\\\/fr\\\/#\\\/schema\\\/person\\\/e48728d4a52926205e807fd8c52bf3b0\"},\"headline\":\"Enfermer les pauvres parce qu\u2019ils sont pauvres : CCLA \u00e0&#8230;\",\"datePublished\":\"2018-04-18T00:59:22+00:00\",\"dateModified\":\"2026-04-23T18:36:05+00:00\",\"mainEntityOfPage\":{\"@id\":\"https:\\\/\\\/dev.ccla.org\\\/fr\\\/non-classe\\\/enfermer-les-pauvres-parce-quils-sont-pauvres-ccla-a\\\/\"},\"wordCount\":1118,\"image\":{\"@id\":\"https:\\\/\\\/dev.ccla.org\\\/fr\\\/non-classe\\\/enfermer-les-pauvres-parce-quils-sont-pauvres-ccla-a\\\/#primaryimage\"},\"thumbnailUrl\":\"https:\\\/\\\/dev.ccla.org\\\/wp-content\\\/uploads\\\/2021\\\/06\\\/CCCL_general_crowd_2000x800.jpg\",\"inLanguage\":\"fr-CA\"},{\"@type\":\"WebPage\",\"@id\":\"https:\\\/\\\/dev.ccla.org\\\/fr\\\/non-classe\\\/enfermer-les-pauvres-parce-quils-sont-pauvres-ccla-a\\\/\",\"url\":\"https:\\\/\\\/dev.ccla.org\\\/fr\\\/non-classe\\\/enfermer-les-pauvres-parce-quils-sont-pauvres-ccla-a\\\/\",\"name\":\"Enfermer les pauvres parce qu\u2019ils sont pauvres : CCLA \u00e0... - CCLA\",\"isPartOf\":{\"@id\":\"https:\\\/\\\/dev.ccla.org\\\/fr\\\/#website\"},\"primaryImageOfPage\":{\"@id\":\"https:\\\/\\\/dev.ccla.org\\\/fr\\\/non-classe\\\/enfermer-les-pauvres-parce-quils-sont-pauvres-ccla-a\\\/#primaryimage\"},\"image\":{\"@id\":\"https:\\\/\\\/dev.ccla.org\\\/fr\\\/non-classe\\\/enfermer-les-pauvres-parce-quils-sont-pauvres-ccla-a\\\/#primaryimage\"},\"thumbnailUrl\":\"https:\\\/\\\/dev.ccla.org\\\/wp-content\\\/uploads\\\/2021\\\/06\\\/CCCL_general_crowd_2000x800.jpg\",\"datePublished\":\"2018-04-18T00:59:22+00:00\",\"dateModified\":\"2026-04-23T18:36:05+00:00\",\"author\":{\"@id\":\"https:\\\/\\\/dev.ccla.org\\\/fr\\\/#\\\/schema\\\/person\\\/e48728d4a52926205e807fd8c52bf3b0\"},\"breadcrumb\":{\"@id\":\"https:\\\/\\\/dev.ccla.org\\\/fr\\\/non-classe\\\/enfermer-les-pauvres-parce-quils-sont-pauvres-ccla-a\\\/#breadcrumb\"},\"inLanguage\":\"fr-CA\",\"potentialAction\":[{\"@type\":\"ReadAction\",\"target\":[\"https:\\\/\\\/dev.ccla.org\\\/fr\\\/non-classe\\\/enfermer-les-pauvres-parce-quils-sont-pauvres-ccla-a\\\/\"]}]},{\"@type\":\"ImageObject\",\"inLanguage\":\"fr-CA\",\"@id\":\"https:\\\/\\\/dev.ccla.org\\\/fr\\\/non-classe\\\/enfermer-les-pauvres-parce-quils-sont-pauvres-ccla-a\\\/#primaryimage\",\"url\":\"https:\\\/\\\/dev.ccla.org\\\/wp-content\\\/uploads\\\/2021\\\/06\\\/CCCL_general_crowd_2000x800.jpg\",\"contentUrl\":\"https:\\\/\\\/dev.ccla.org\\\/wp-content\\\/uploads\\\/2021\\\/06\\\/CCCL_general_crowd_2000x800.jpg\",\"width\":2000,\"height\":800},{\"@type\":\"BreadcrumbList\",\"@id\":\"https:\\\/\\\/dev.ccla.org\\\/fr\\\/non-classe\\\/enfermer-les-pauvres-parce-quils-sont-pauvres-ccla-a\\\/#breadcrumb\",\"itemListElement\":[{\"@type\":\"ListItem\",\"position\":1,\"name\":\"Home\",\"item\":\"https:\\\/\\\/dev.ccla.org\\\/fr\\\/accueil\\\/\"},{\"@type\":\"ListItem\",\"position\":2,\"name\":\"Non class\u00e9\",\"item\":\"https:\\\/\\\/dev.ccla.org\\\/fr\\\/category\\\/non-classe\\\/\"},{\"@type\":\"ListItem\",\"position\":3,\"name\":\"Enfermer les pauvres parce qu\u2019ils sont pauvres : CCLA \u00e0&#8230;\"}]},{\"@type\":\"WebSite\",\"@id\":\"https:\\\/\\\/dev.ccla.org\\\/fr\\\/#website\",\"url\":\"https:\\\/\\\/dev.ccla.org\\\/fr\\\/\",\"name\":\"CCLA\",\"description\":\"\",\"potentialAction\":[{\"@type\":\"SearchAction\",\"target\":{\"@type\":\"EntryPoint\",\"urlTemplate\":\"https:\\\/\\\/dev.ccla.org\\\/fr\\\/?s={search_term_string}\"},\"query-input\":{\"@type\":\"PropertyValueSpecification\",\"valueRequired\":true,\"valueName\":\"search_term_string\"}}],\"inLanguage\":\"fr-CA\"},{\"@type\":\"Person\",\"@id\":\"https:\\\/\\\/dev.ccla.org\\\/fr\\\/#\\\/schema\\\/person\\\/e48728d4a52926205e807fd8c52bf3b0\",\"name\":\"CCLA\",\"image\":{\"@type\":\"ImageObject\",\"inLanguage\":\"fr-CA\",\"@id\":\"https:\\\/\\\/secure.gravatar.com\\\/avatar\\\/03b13921772ba279da547407d7a85f0b4a10bdf8cc9a026f2ac4e10643eee315?s=96&d=blank&r=g\",\"url\":\"https:\\\/\\\/secure.gravatar.com\\\/avatar\\\/03b13921772ba279da547407d7a85f0b4a10bdf8cc9a026f2ac4e10643eee315?s=96&d=blank&r=g\",\"contentUrl\":\"https:\\\/\\\/secure.gravatar.com\\\/avatar\\\/03b13921772ba279da547407d7a85f0b4a10bdf8cc9a026f2ac4e10643eee315?s=96&d=blank&r=g\",\"caption\":\"CCLA\"},\"url\":\"https:\\\/\\\/dev.ccla.org\\\/fr\\\/author\\\/ccla\\\/\"}]}<\/script>\n<!-- \/ Yoast SEO plugin. -->","yoast_head_json":{"title":"Enfermer les pauvres parce qu\u2019ils sont pauvres : CCLA \u00e0... - CCLA","robots":{"index":"noindex","follow":"follow","max-snippet":"max-snippet:-1","max-image-preview":"max-image-preview:large","max-video-preview":"max-video-preview:-1"},"og_locale":"fr_CA","og_type":"article","og_title":"Enfermer les pauvres parce qu\u2019ils sont pauvres : CCLA \u00e0... - CCLA","og_description":"L\u2019Association canadienne des libert\u00e9s civiles (CCLA) contestera l\u2019injonction exceptionnellement large du gouvernement de la Nouvelle-\u00c9cosse limitant les manifestations dans la province.","og_url":"https:\/\/dev.ccla.org\/fr\/non-classe\/enfermer-les-pauvres-parce-quils-sont-pauvres-ccla-a\/","og_site_name":"CCLA","article_published_time":"2018-04-18T00:59:22+00:00","article_modified_time":"2026-04-23T18:36:05+00:00","og_image":[{"width":2000,"height":800,"url":"https:\/\/dev.ccla.org\/wp-content\/uploads\/2021\/06\/CCCL_general_crowd_2000x800.jpg","type":"image\/jpeg"}],"author":"CCLA","twitter_card":"summary_large_image","twitter_misc":{"\u00c9crit par":"CCLA","Estimation du temps de lecture":"6 minutes"},"schema":{"@context":"https:\/\/schema.org","@graph":[{"@type":"Article","@id":"https:\/\/dev.ccla.org\/fr\/non-classe\/enfermer-les-pauvres-parce-quils-sont-pauvres-ccla-a\/#article","isPartOf":{"@id":"https:\/\/dev.ccla.org\/fr\/non-classe\/enfermer-les-pauvres-parce-quils-sont-pauvres-ccla-a\/"},"author":{"name":"CCLA","@id":"https:\/\/dev.ccla.org\/fr\/#\/schema\/person\/e48728d4a52926205e807fd8c52bf3b0"},"headline":"Enfermer les pauvres parce qu\u2019ils sont pauvres : CCLA \u00e0&#8230;","datePublished":"2018-04-18T00:59:22+00:00","dateModified":"2026-04-23T18:36:05+00:00","mainEntityOfPage":{"@id":"https:\/\/dev.ccla.org\/fr\/non-classe\/enfermer-les-pauvres-parce-quils-sont-pauvres-ccla-a\/"},"wordCount":1118,"image":{"@id":"https:\/\/dev.ccla.org\/fr\/non-classe\/enfermer-les-pauvres-parce-quils-sont-pauvres-ccla-a\/#primaryimage"},"thumbnailUrl":"https:\/\/dev.ccla.org\/wp-content\/uploads\/2021\/06\/CCCL_general_crowd_2000x800.jpg","inLanguage":"fr-CA"},{"@type":"WebPage","@id":"https:\/\/dev.ccla.org\/fr\/non-classe\/enfermer-les-pauvres-parce-quils-sont-pauvres-ccla-a\/","url":"https:\/\/dev.ccla.org\/fr\/non-classe\/enfermer-les-pauvres-parce-quils-sont-pauvres-ccla-a\/","name":"Enfermer les pauvres parce qu\u2019ils sont pauvres : CCLA \u00e0... - CCLA","isPartOf":{"@id":"https:\/\/dev.ccla.org\/fr\/#website"},"primaryImageOfPage":{"@id":"https:\/\/dev.ccla.org\/fr\/non-classe\/enfermer-les-pauvres-parce-quils-sont-pauvres-ccla-a\/#primaryimage"},"image":{"@id":"https:\/\/dev.ccla.org\/fr\/non-classe\/enfermer-les-pauvres-parce-quils-sont-pauvres-ccla-a\/#primaryimage"},"thumbnailUrl":"https:\/\/dev.ccla.org\/wp-content\/uploads\/2021\/06\/CCCL_general_crowd_2000x800.jpg","datePublished":"2018-04-18T00:59:22+00:00","dateModified":"2026-04-23T18:36:05+00:00","author":{"@id":"https:\/\/dev.ccla.org\/fr\/#\/schema\/person\/e48728d4a52926205e807fd8c52bf3b0"},"breadcrumb":{"@id":"https:\/\/dev.ccla.org\/fr\/non-classe\/enfermer-les-pauvres-parce-quils-sont-pauvres-ccla-a\/#breadcrumb"},"inLanguage":"fr-CA","potentialAction":[{"@type":"ReadAction","target":["https:\/\/dev.ccla.org\/fr\/non-classe\/enfermer-les-pauvres-parce-quils-sont-pauvres-ccla-a\/"]}]},{"@type":"ImageObject","inLanguage":"fr-CA","@id":"https:\/\/dev.ccla.org\/fr\/non-classe\/enfermer-les-pauvres-parce-quils-sont-pauvres-ccla-a\/#primaryimage","url":"https:\/\/dev.ccla.org\/wp-content\/uploads\/2021\/06\/CCCL_general_crowd_2000x800.jpg","contentUrl":"https:\/\/dev.ccla.org\/wp-content\/uploads\/2021\/06\/CCCL_general_crowd_2000x800.jpg","width":2000,"height":800},{"@type":"BreadcrumbList","@id":"https:\/\/dev.ccla.org\/fr\/non-classe\/enfermer-les-pauvres-parce-quils-sont-pauvres-ccla-a\/#breadcrumb","itemListElement":[{"@type":"ListItem","position":1,"name":"Home","item":"https:\/\/dev.ccla.org\/fr\/accueil\/"},{"@type":"ListItem","position":2,"name":"Non class\u00e9","item":"https:\/\/dev.ccla.org\/fr\/category\/non-classe\/"},{"@type":"ListItem","position":3,"name":"Enfermer les pauvres parce qu\u2019ils sont pauvres : CCLA \u00e0&#8230;"}]},{"@type":"WebSite","@id":"https:\/\/dev.ccla.org\/fr\/#website","url":"https:\/\/dev.ccla.org\/fr\/","name":"CCLA","description":"","potentialAction":[{"@type":"SearchAction","target":{"@type":"EntryPoint","urlTemplate":"https:\/\/dev.ccla.org\/fr\/?s={search_term_string}"},"query-input":{"@type":"PropertyValueSpecification","valueRequired":true,"valueName":"search_term_string"}}],"inLanguage":"fr-CA"},{"@type":"Person","@id":"https:\/\/dev.ccla.org\/fr\/#\/schema\/person\/e48728d4a52926205e807fd8c52bf3b0","name":"CCLA","image":{"@type":"ImageObject","inLanguage":"fr-CA","@id":"https:\/\/secure.gravatar.com\/avatar\/03b13921772ba279da547407d7a85f0b4a10bdf8cc9a026f2ac4e10643eee315?s=96&d=blank&r=g","url":"https:\/\/secure.gravatar.com\/avatar\/03b13921772ba279da547407d7a85f0b4a10bdf8cc9a026f2ac4e10643eee315?s=96&d=blank&r=g","contentUrl":"https:\/\/secure.gravatar.com\/avatar\/03b13921772ba279da547407d7a85f0b4a10bdf8cc9a026f2ac4e10643eee315?s=96&d=blank&r=g","caption":"CCLA"},"url":"https:\/\/dev.ccla.org\/fr\/author\/ccla\/"}]}},"_links":{"self":[{"href":"https:\/\/dev.ccla.org\/fr\/wp-json\/wp\/v2\/posts\/15474","targetHints":{"allow":["GET"]}}],"collection":[{"href":"https:\/\/dev.ccla.org\/fr\/wp-json\/wp\/v2\/posts"}],"about":[{"href":"https:\/\/dev.ccla.org\/fr\/wp-json\/wp\/v2\/types\/post"}],"author":[{"embeddable":true,"href":"https:\/\/dev.ccla.org\/fr\/wp-json\/wp\/v2\/users\/4"}],"replies":[{"embeddable":true,"href":"https:\/\/dev.ccla.org\/fr\/wp-json\/wp\/v2\/comments?post=15474"}],"version-history":[{"count":10,"href":"https:\/\/dev.ccla.org\/fr\/wp-json\/wp\/v2\/posts\/15474\/revisions"}],"predecessor-version":[{"id":15508,"href":"https:\/\/dev.ccla.org\/fr\/wp-json\/wp\/v2\/posts\/15474\/revisions\/15508"}],"wp:featuredmedia":[{"embeddable":true,"href":"https:\/\/dev.ccla.org\/fr\/wp-json\/wp\/v2\/media\/13727"}],"wp:attachment":[{"href":"https:\/\/dev.ccla.org\/fr\/wp-json\/wp\/v2\/media?parent=15474"}],"wp:term":[{"taxonomy":"category","embeddable":true,"href":"https:\/\/dev.ccla.org\/fr\/wp-json\/wp\/v2\/categories?post=15474"},{"taxonomy":"post_tag","embeddable":true,"href":"https:\/\/dev.ccla.org\/fr\/wp-json\/wp\/v2\/tags?post=15474"}],"curies":[{"name":"wp","href":"https:\/\/api.w.org\/{rel}","templated":true}]}}