{"id":15440,"date":"2018-04-05T00:27:07","date_gmt":"2018-04-05T04:27:07","guid":{"rendered":"https:\/\/dev.ccla.org\/non-classe\/declaration-de-la-societe-civile-concernant-le-projet-de-loi-c-59\/"},"modified":"2026-04-23T14:35:53","modified_gmt":"2026-04-23T18:35:53","slug":"declaration-de-la-societe-civile-concernant-le-projet-de-loi-c-59","status":"publish","type":"post","link":"https:\/\/dev.ccla.org\/fr\/non-classe\/declaration-de-la-societe-civile-concernant-le-projet-de-loi-c-59\/","title":{"rendered":"D\u00e9claration de la soci\u00e9t\u00e9 civile concernant le projet de loi C-59"},"content":{"rendered":"[vc_row type=\u00a0\u00bbin_container\u00a0\u00bb full_screen_row_position=\u00a0\u00bbmiddle\u00a0\u00bb column_margin=\u00a0\u00bbdefault\u00a0\u00bb column_direction=\u00a0\u00bbdefault\u00a0\u00bb column_direction_tablet=\u00a0\u00bbdefault\u00a0\u00bb column_direction_phone=\u00a0\u00bbdefault\u00a0\u00bb scene_position=\u00a0\u00bbcenter\u00a0\u00bb text_color=\u00a0\u00bbdark\u00a0\u00bb text_align=\u00a0\u00bbleft\u00a0\u00bb row_border_radius=\u00a0\u00bbnone\u00a0\u00bb row_border_radius_applies=\u00a0\u00bbbg\u00a0\u00bb overlay_strength=\u00a0\u00bb0.3&Prime; gradient_direction=\u00a0\u00bbleft_to_right\u00a0\u00bb shape_divider_position=\u00a0\u00bbbottom\u00a0\u00bb bg_image_animation=\u00a0\u00bbnone\u00a0\u00bb][vc_column column_padding=\u00a0\u00bbno-extra-padding\u00a0\u00bb column_padding_tablet=\u00a0\u00bbinherit\u00a0\u00bb column_padding_phone=\u00a0\u00bbinherit\u00a0\u00bb column_padding_position=\u00a0\u00bball\u00a0\u00bb column_element_spacing=\u00a0\u00bbdefault\u00a0\u00bb background_color_opacity=\u00a0\u00bb1&Prime; background_hover_color_opacity=\u00a0\u00bb1&Prime; column_shadow=\u00a0\u00bbnone\u00a0\u00bb column_border_radius=\u00a0\u00bbnone\u00a0\u00bb column_link_target=\u00a0\u00bb_self\u00a0\u00bb gradient_direction=\u00a0\u00bbleft_to_right\u00a0\u00bb overlay_strength=\u00a0\u00bb0.3&Prime; width=\u00a0\u00bb1\/1&Prime; tablet_width_inherit=\u00a0\u00bbdefault\u00a0\u00bb tablet_text_alignment=\u00a0\u00bbdefault\u00a0\u00bb phone_text_alignment=\u00a0\u00bbdefault\u00a0\u00bb bg_image_animation=\u00a0\u00bbnone\u00a0\u00bb border_type=\u00a0\u00bbsimple\u00a0\u00bb column_border_width=\u00a0\u00bbnone\u00a0\u00bb column_border_style=\u00a0\u00bbsolid\u00a0\u00bb][nectar_global_section id=\u00a0\u00bb1355&Prime;][\/vc_column][\/vc_row][vc_row type=\u00a0\u00bbfull_width_background\u00a0\u00bb full_screen_row_position=\u00a0\u00bbmiddle\u00a0\u00bb column_margin=\u00a0\u00bbdefault\u00a0\u00bb column_direction=\u00a0\u00bbdefault\u00a0\u00bb column_direction_tablet=\u00a0\u00bbdefault\u00a0\u00bb column_direction_phone=\u00a0\u00bbdefault\u00a0\u00bb scene_position=\u00a0\u00bbcenter\u00a0\u00bb top_padding=\u00a0\u00bb4%\u00a0\u00bb constrain_group_1=\u00a0\u00bbyes\u00a0\u00bb bottom_padding=\u00a0\u00bb4%\u00a0\u00bb text_color=\u00a0\u00bbdark\u00a0\u00bb text_align=\u00a0\u00bbleft\u00a0\u00bb row_border_radius=\u00a0\u00bbnone\u00a0\u00bb row_border_radius_applies=\u00a0\u00bbbg\u00a0\u00bb class=\u00a0\u00bbpost-links\u00a0\u00bb overlay_strength=\u00a0\u00bb0.3&Prime; gradient_direction=\u00a0\u00bbleft_to_right\u00a0\u00bb shape_divider_position=\u00a0\u00bbbottom\u00a0\u00bb bg_image_animation=\u00a0\u00bbnone\u00a0\u00bb shape_type=\u00a0\u00bb\u00a0\u00bb][vc_column column_padding=\u00a0\u00bbno-extra-padding\u00a0\u00bb column_padding_tablet=\u00a0\u00bbinherit\u00a0\u00bb column_padding_phone=\u00a0\u00bbinherit\u00a0\u00bb column_padding_position=\u00a0\u00bball\u00a0\u00bb column_element_spacing=\u00a0\u00bbdefault\u00a0\u00bb background_color_opacity=\u00a0\u00bb1&Prime; background_hover_color_opacity=\u00a0\u00bb1&Prime; column_shadow=\u00a0\u00bbnone\u00a0\u00bb column_border_radius=\u00a0\u00bbnone\u00a0\u00bb column_link_target=\u00a0\u00bb_self\u00a0\u00bb gradient_direction=\u00a0\u00bbleft_to_right\u00a0\u00bb overlay_strength=\u00a0\u00bb0.3&Prime; width=\u00a0\u00bb1\/1&Prime; tablet_width_inherit=\u00a0\u00bbdefault\u00a0\u00bb tablet_text_alignment=\u00a0\u00bbdefault\u00a0\u00bb phone_text_alignment=\u00a0\u00bbdefault\u00a0\u00bb bg_image_animation=\u00a0\u00bbnone\u00a0\u00bb border_type=\u00a0\u00bbsimple\u00a0\u00bb column_border_width=\u00a0\u00bbnone\u00a0\u00bb column_border_style=\u00a0\u00bbsolid\u00a0\u00bb][divider line_type=\u00a0\u00bbNo Line\u00a0\u00bb custom_height=\u00a0\u00bb30&Prime;][vc_column_text]\n<div class=\"entry-meta\">\n<p><strong><span class=\"posted-on\"><time class=\"entry-date published\" datetime=\"2018-04-05T09:34:40-04:00\">5 avril 2018<\/time><\/span><\/strong><\/p>\n<\/div>\n<div class=\"shapely-content \">\n<h2><span style=\"color: #1e5799;\"><strong>D\u00c9CLARATION DE LA SOCI\u00c9T\u00c9 CIVILE CONCERNANT LE PROJET DE LOI C-59, UNE LOI CONCERNANT LES QUESTIONS DE S\u00c9CURIT\u00c9 NATIONALE<\/strong><\/span><\/h2>\n<p>Le projet de loi C-59 a \u00e9t\u00e9 explicitement pr\u00e9sent\u00e9 avec l\u2019affirmation qu\u2019il corrige \u00ab les aspects probl\u00e9matiques \u00bb de son pr\u00e9d\u00e9cesseur, le projet de loi C-51 \u2014 aujourd\u2019hui <em>la Loi canadienne antiterroriste de 2015<\/em>.<\/p>\n<p>Nous, les organisations de la soci\u00e9t\u00e9 civile soussign\u00e9es et les experts individuels, sommes pr\u00e9occup\u00e9s que le C-59 ne r\u00e8gle pas vraiment tous les probl\u00e8mes de notre loi actuelle sur la s\u00e9curit\u00e9 nationale, et qu\u2019il a introduit de nouveaux enjeux tr\u00e8s s\u00e9rieux.<\/p>\n<p>Le projet de loi a \u00e9t\u00e9 renvoy\u00e9 au Comit\u00e9 permanent de la Chambre des communes sur la s\u00e9curit\u00e9 publique et la s\u00e9curit\u00e9 nationale (SECU) apr\u00e8s premi\u00e8re lecture, ce qui laisse ouverte la possibilit\u00e9 d\u2019amendements. La SECU a eu l\u2019occasion d\u2019entendre plusieurs d\u2019entre nous, et bien d\u2019autres, sur les l\u00e0 o\u00f9 le projet de loi C-59 \u00e9choue, o\u00f9 il d\u00e9passe les bornes, et comment il peut \u00eatre am\u00e9lior\u00e9 pour s\u2019assurer qu\u2019il adopte une approche centr\u00e9e sur les droits en mati\u00e8re de s\u00e9curit\u00e9 nationale. Les jours et semaines \u00e0 venir sont un moment crucial pour s\u2019exprimer. Alors que le projet de loi C-59 avance au Parlement, notre gouvernement doit entendre ceux qui pensent que le Canada m\u00e9rite mieux et que cette l\u00e9gislation peut et doit prot\u00e9ger la s\u00e9curit\u00e9 nationale tout en d\u00e9fendant fermement et sans \u00e9quivoque les droits de la personne.   <\/p>\n<p>Il existe un consensus parmi les organisations des libert\u00e9s civiles et des droits humains sur certains des aspects les plus pr\u00e9occupants du projet de loi C-59. Nos pr\u00e9occupations portent sur : 1) l\u2019autonomisation de nos agences de s\u00e9curit\u00e9 nationale pour mener une surveillance de masse par le projet de loi; 2) l\u2019impossibilit\u00e9 pratique qu\u2019un individu conteste effectivement son inclusion sur la \u00ab liste d\u2019interdiction de vol \u00bb; et 3) l\u2019autorisation de l\u2019agence canadienne de renseignement sur les signaux, CSE, \u00e0 mener des cyberattaques. Bien que ces probl\u00e8mes ne repr\u00e9sentent en aucun cas les seuls probl\u00e8mes du projet de loi C-59 qui n\u00e9cessitent des \u00ab solutions \u00bb, ce sont parmi les domaines o\u00f9 le changement est \u00e0 la fois urgent et le plus largement appuy\u00e9.     <\/p>\n<h3><span style=\"color: #1e5799;\"><strong>Autorisation de la surveillance de masse<\/strong><\/span><\/h3>\n<p>Nous reconnaissons l\u2019augmentation de la surveillance et de la r\u00e9vision qui pourrait \u00eatre r\u00e9alis\u00e9e par la cr\u00e9ation d\u2019une Agence d\u2019examen du renseignement de s\u00e9curit\u00e9 nationale et d\u2019un commissaire au renseignement. Cependant, le projet de loi C-59 autorise aussi express\u00e9ment la surveillance de masse par la collecte de donn\u00e9es en masse et de donn\u00e9es \u00ab publiques \u00bb \u2013 un terme qui n\u2019est pas clairement d\u00e9fini dans le projet de loi en lien avec les ensembles de donn\u00e9es collect\u00e9s par notre agence de renseignement humain, le SCRS, et qui sont d\u00e9finis de fa\u00e7on extraordinairement \u00e9tendue pour le CST. Dans les deux cas, \u00ab accessible au public \u00bb est ouvert \u00e0 des interpr\u00e9tations aussi larges que troublantes. En particulier, il n\u2019est pas n\u00e9cessaire que des informations accessibles publiquement aient \u00e9t\u00e9 obtenues l\u00e9galement. En l\u2019absence de limites efficaces dans la loi, les organismes cr\u00e9\u00e9s pour am\u00e9liorer la reddition de comptes peuvent examiner ou superviser les activit\u00e9s de surveillance de masse, mais pas n\u00e9cessairement les pr\u00e9venir ou les limiter. Le projet de loi abaisse \u00e9galement le seuil permettant au SCRS de recueillir des renseignements sur les Canadiens \u2013 m\u00eame des donn\u00e9es qui sont express\u00e9ment reconnues comme ne pas li\u00e9es directement et imm\u00e9diatement \u00e0 des activit\u00e9s mena\u00e7ant la s\u00e9curit\u00e9 du Canada \u2013 si elles sont \u00ab pertinentes \u00bb, plut\u00f4t que de restreindre la collecte \u00e0 l\u2019information n\u00e9cessaire. Il y a eu peu de d\u00e9bats significatifs sur la n\u00e9cessit\u00e9 ou la raison de ce seuil inf\u00e9rieur compte tenu des objectifs que le gouvernement cherche \u00e0 atteindre.      <\/p>\n<h3><span style=\"color: #1e5799;\"><strong>Proc\u00e8s secrets avec preuves secr\u00e8tes pour des individus sur la liste \u00ab interdiction de vol \u00bb<\/strong><\/span><\/h3>\n<p>La liste d\u2019interdiction de vol n\u2019a jamais d\u00e9montr\u00e9 qu\u2019elle am\u00e9liore la s\u00e9curit\u00e9 a\u00e9rienne. Le projet de loi C-59 perp\u00e9tue un r\u00e9gime qui limite s\u00e9v\u00e8rement les droits sur la base d\u2019un simple soup\u00e7on de dangerosit\u00e9 qui ne peut \u00eatre contest\u00e9 efficacement dans un processus juste et ouvert. Le syst\u00e8me de r\u00e9paration propos\u00e9 par le gouvernement pour ceux qui figurent par erreur sur une liste de personnes soumises \u00e0 un contr\u00f4le de s\u00e9curit\u00e9 renforc\u00e9 (\u00ab liste de vol lent \u00bb) n\u2019aide pas ceux \u00e0 qui il est simplement interdit de voler. Ces personnes font face \u00e0 un processus o\u00f9 elles peuvent l\u00e9galement se voir refuser des informations pertinentes \u00e0 leur dossier, se voir refuser l\u2019acc\u00e8s \u00e0 leur propre audience et n\u2019ont aucun droit \u00e0 un avocat sp\u00e9cial ind\u00e9pendant ayant acc\u00e8s \u00e0 toutes les preuves contre elles. La SECU a d\u00e9j\u00e0 recommand\u00e9 plusieurs changements \u00e0 la liste d\u2019interdiction de vol, y compris l\u2019utilisation de d\u00e9fenseurs sp\u00e9ciaux. Certains d\u2019entre nous, et d\u2019autres, sont all\u00e9s plus loin et ont plaid\u00e9 pour l\u2019abrogation compl\u00e8te du syst\u00e8me de \u00ab pas de vol \u00bb. Les gouvernements successifs ont laiss\u00e9 ce syst\u00e8me durer pendant plus d\u2019une d\u00e9cennie, et il est imp\u00e9ratif que les questions fondamentales de droits qu\u2019il soul\u00e8ve soient reconnues et abord\u00e9es.      <\/p>\n<h3><span style=\"color: #1e5799;\"><strong>L\u00e9galisation des cyberattaques par la \u00ab NSA du Canada \u00bb, l\u2019\u00c9tablissement de la s\u00e9curit\u00e9 des communications (CSE)<\/strong><\/span><\/h3>\n<p>Nous voyons nos agences de \u00ab renseignement \u00bb transform\u00e9es dans des directions dangereuses. Le C-59 continue d\u2019accorder au CSIS des pouvoirs actifs de \u00ab perturbation \u00bb et donne maintenant aussi au CSE de nouveaux pouvoirs pour utiliser des cyberattaques contre des individus, des \u00c9tats, des organisations ou des groupes terroristes \u00e9trangers. Cela inclurait le piratage, le d\u00e9ploiement de logiciels malveillants et les \u00ab campagnes de d\u00e9sinformation \u00bb. Il y a un risque important de normaliser le piratage parrain\u00e9 par l\u2019\u00c9tat, sans parler de la tension \u00e9vidente lorsque l\u2019agence charg\u00e9e de prot\u00e9ger notre infrastructure cybern\u00e9tique est aussi fortement incit\u00e9e \u00e0 cacher et accumuler des vuln\u00e9rabilit\u00e9s de s\u00e9curit\u00e9 pour ses propres attaques. Nous avons besoin d\u2019une discussion publique sur les menaces que ces pouvoirs d\u2019attaque sont cens\u00e9s faire face et sur les nouvelles menaces auxquelles elles pourraient nous exposer si une attaque canadienne entra\u00eene une escalade de la cyberguerre.    <\/p>\n<p>On a dit aux Canadiens que la nouvelle loi allait \u00ab r\u00e9parer \u00bb l\u2019ancienne. Au lieu de cela, nous avons re\u00e7u un projet de loi qui r\u00e9pond nominalement \u00e0 certaines pr\u00e9occupations, mais qui exploite l\u2019occasion d\u2019introduire de nouveaux pouvoirs plus radicaux pour les agences de s\u00e9curit\u00e9 nationale. <\/p>\n<p>Si l\u2019objectif du projet de loi C-59 est vraiment de \u00ab r\u00e9parer \u00bb les lois canadiennes sur la s\u00e9curit\u00e9 nationale, il reste encore beaucoup de travail \u00e0 faire.<\/p>\n<p><em>Sign\u00e9 par (ordre alphab\u00e9tique) :<\/em><\/p>\n<p>Amnistie internationale Canada<br \/>\nAssociation des libert\u00e9s civiles de la Colombie-Britannique<br \/>\nAssociation pour la libert\u00e9 d\u2019information et la protection de la vie priv\u00e9e de la Colombie-Britannique<br \/>\nAssociation canadienne des enseignants universitaires<br \/>\nAssociation canadienne des libert\u00e9s civiles<br \/>\nF\u00e9d\u00e9ration canadienne des \u00e9tudiants<br \/>\nJournalistes canadiens pour la libert\u00e9 d\u2019expression<br \/>\nSyndicat canadien des travailleurs postaux<br \/>\nVoix juives ind\u00e9pendantes Canada<br \/>\nGroupe international de surveillance des libert\u00e9s civiles<br \/>\nInter Pares<br \/>\nAvocats Rights Watch Canada<br \/>\nLigue des droits et libert\u00e9s<br \/>\nMiningWatch Canada<br \/>\nConseil national des musulmans canadiens<br \/>\nSyndicat national des employ\u00e9s publics et g\u00e9n\u00e9raux (NUPGE)<br \/>\nOpenMedia<br \/>\nPrivacy and Access Council of Canada \u2014 Conseil du Canada de l\u2019Acc\u00e8s et la vie Priv\u00e9e<br \/>\nInstitut Rideau<br \/>\nAssociation des libert\u00e9s civiles des Rocheuses<br \/>\nSamuelson-Glushko Clinique canadienne de politique Internet et d\u2019int\u00e9r\u00eat public (CIPPIC)<\/p>\n<p><em>En tant qu\u2019individus :<\/em><\/p>\n<p>Elizabeth Block, Voix juives ind\u00e9pendantes, Comit\u00e9<br \/>\ncanadien des amis James L. Turk, Directrice, Centre pour la libert\u00e9 d\u2019expression, Universit\u00e9<br \/>\nRyerson Sharon Polsky, MAPP, d\u00e9fenseure de la protection des donn\u00e9es et de la vie priv\u00e9e par design Ambassadrice<br \/>\nSid Shniad, membre du comit\u00e9 directeur national, Voix juives ind\u00e9pendantes Canada<\/p>\n<p><strong>Pour ajouter votre voix et transmettre ce message aux parlementaires, <a href=\"http:\/\/iclmg.ca\/fix-C59\/\" target=\"_blank\" rel=\"noopener\">cliquez ici.<\/a><\/strong><br \/>\n<strong>Pour plus d\u2019informations sur le projet de loi C-59, <a href=\"\/?page_id=27988\" target=\"_blank\" rel=\"noopener\">cliquez ici<\/a>.  <\/strong><\/p>\n<\/div>\n[\/vc_column_text][\/vc_column][\/vc_row][vc_row type=\u00a0\u00bbin_container\u00a0\u00bb full_screen_row_position=\u00a0\u00bbmiddle\u00a0\u00bb column_margin=\u00a0\u00bbdefault\u00a0\u00bb column_direction=\u00a0\u00bbdefault\u00a0\u00bb column_direction_tablet=\u00a0\u00bbdefault\u00a0\u00bb column_direction_phone=\u00a0\u00bbdefault\u00a0\u00bb scene_position=\u00a0\u00bbcenter\u00a0\u00bb top_padding=\u00a0\u00bb4%\u00a0\u00bb constrain_group_1=\u00a0\u00bbyes\u00a0\u00bb bottom_padding=\u00a0\u00bb4%\u00a0\u00bb text_color=\u00a0\u00bbdark\u00a0\u00bb text_align=\u00a0\u00bbleft\u00a0\u00bb row_border_radius=\u00a0\u00bbnone\u00a0\u00bb row_border_radius_applies=\u00a0\u00bbbg\u00a0\u00bb class=\u00a0\u00bbpost-links\u00a0\u00bb overlay_strength=\u00a0\u00bb0.3&Prime; gradient_direction=\u00a0\u00bbleft_to_right\u00a0\u00bb shape_divider_position=\u00a0\u00bbbottom\u00a0\u00bb bg_image_animation=\u00a0\u00bbnone\u00a0\u00bb shape_type=\u00a0\u00bb\u00a0\u00bb][vc_column column_padding=\u00a0\u00bbno-extra-padding\u00a0\u00bb column_padding_tablet=\u00a0\u00bbinherit\u00a0\u00bb column_padding_phone=\u00a0\u00bbinherit\u00a0\u00bb column_padding_position=\u00a0\u00bball\u00a0\u00bb column_element_spacing=\u00a0\u00bbdefault\u00a0\u00bb background_color_opacity=\u00a0\u00bb1&Prime; background_hover_color_opacity=\u00a0\u00bb1&Prime; column_shadow=\u00a0\u00bbnone\u00a0\u00bb column_border_radius=\u00a0\u00bbnone\u00a0\u00bb column_link_target=\u00a0\u00bb_self\u00a0\u00bb gradient_direction=\u00a0\u00bbleft_to_right\u00a0\u00bb overlay_strength=\u00a0\u00bb0.3&Prime; width=\u00a0\u00bb1\/1&Prime; tablet_width_inherit=\u00a0\u00bbdefault\u00a0\u00bb tablet_text_alignment=\u00a0\u00bbdefault\u00a0\u00bb phone_text_alignment=\u00a0\u00bbdefault\u00a0\u00bb bg_image_animation=\u00a0\u00bbnone\u00a0\u00bb border_type=\u00a0\u00bbsimple\u00a0\u00bb column_border_width=\u00a0\u00bbnone\u00a0\u00bb column_border_style=\u00a0\u00bbsolid\u00a0\u00bb][vc_column_text]<em>La version fran\u00e7aise suit.<\/em>[\/vc_column_text][vc_column_text]\n<h2><span style=\"color: #1e5799;\"><strong>D\u00c9<\/strong><strong>CLARATION DE LA SOCI<\/strong><strong>\u00c9T\u00c9 CIVILE <\/strong><strong>SUR LE PROJET DE LOI C-59, LOI CONCERNANT DES QUESTIONS DE S<\/strong><strong>\u00c9CURIT\u00c9 NATIONALE<\/strong><\/span><\/h2>\n<p>Le gouvernement canadien a d\u00e9pos\u00e9 le projet de loi C-59 en affirmant explicitement que ce dernier est une solution aux \u00ab aspects probl\u00e9matiques \u00bb de son pr\u00e9d\u00e9cesseur, le projet de loi C-51 \u2014 maintenant la Loi antiterroriste de 2015.<\/p>\n<p>Nous, les organisations de la soci\u00e9t\u00e9 civile et les expert.es individuel.les soussign\u00e9.es, sommes pr\u00e9occup\u00e9.es par le fait que le projet de loi C-59 non seulement ne r\u00e8gle pas tous les probl\u00e8mes li\u00e9s \u00e0 la l\u00e9gislation actuelle sur la s\u00e9curit\u00e9 nationale, mais il introduit aussi des nouveaux probl\u00e8mes tr\u00e8s s\u00e9rieux.<\/p>\n<p>Le projet de loi a \u00e9t\u00e9 renvoy\u00e9 au Comit\u00e9 permanent de la s\u00e9curit\u00e9 publique et nationale de la Chambre des communes (SECU) apr\u00e8s la premi\u00e8re lecture, laissant la porte ouverte \u00e0 d\u2019importants amendements. SECU a eu l\u2019occasion d\u2019entendre plusieurs d\u2019entre nous, et beaucoup d\u2019autres, au sujet du projet de loi C-59 : ses lacunes, comment il d\u00e9passe les limites et comment il peut \u00eatre am\u00e9lior\u00e9 afin d\u2019assurer une approche de la s\u00e9curit\u00e9 nationale centr\u00e9e sur les droits. Les jours et les semaines \u00e0 venir sont une p\u00e9riode cruciale pour faire entendre nos voix. Pendant que le projet de loi C-59 progresse au Parlement, notre gouvernement doit \u00e9couter ceux et celles qui pensent que le Canada m\u00e9rite mieux et que cette loi peut et doit prot\u00e9ger la s\u00e9curit\u00e9 nationale tout en respectant fermement et sans \u00e9quivoque les droits de la personne.   <\/p>\n<p>Les organisations de d\u00e9fense des droits humains et des libert\u00e9s civiles s\u2019entendent sur les aspects les plus troublants du projet de loi C-59. Nos pr\u00e9occupations portent sur : 1) la l\u00e9galisation de la surveillance de masse; 2) l\u2019impossibilit\u00e9 pratique pour un individu de contester efficacement son inclusion sur la \u00ab liste d\u2019interdiction de vol \u00bb; et 3) l\u2019autorisation de lancer des cyberattaques donn\u00e9e \u00e0 l\u2019agence de renseignement \u00e9lectronique du Canada, le CST. Bien que ces trois points ne repr\u00e9sentent en aucun cas les seuls probl\u00e8mes li\u00e9s au projet de loi C-59 n\u00e9cessitant des \u00ab correctifs \u00bb, ils font partie des domaines o\u00f9 le changement est \u00e0 la fois urgent et le plus largement soutenu.    <\/p>\n<h3><span style=\"color: #1e5799;\"><strong>Autorisation de la surveillance de masse<\/strong><\/span><\/h3>\n<p>Nous reconnaissons qu\u2019une augmentation de la responsabilisation en mati\u00e8re de s\u00e9curit\u00e9 nationale pourrait \u00eatre r\u00e9alis\u00e9e gr\u00e2ce \u00e0 la cr\u00e9ation du poste de Commissaire au renseignement ainsi que de l\u2019Office de surveillance des activit\u00e9s en mati\u00e8re de s\u00e9curit\u00e9 nationale et de renseignement. Cependant, le projet de loi C-59 autorise express\u00e9ment la surveillance de masse par la collecte de donn\u00e9es en vrac et de donn\u00e9es \u00ab accessibles au public \u00bb \u2014 un terme qui n\u2019est pas clairement d\u00e9fini dans le projet de loi relativement aux \u00ab ensembles de donn\u00e9es \u00bb recueillis par le SCRS, notre agence de renseignement domestique, et qui est d\u00e9fini de fa\u00e7on extraordinairement large pour le CST. Dans les deux cas,  \u00ab accessible au public \u00bb est ouvert \u00e0 des interpr\u00e9tations aussi g\u00e9n\u00e9rales que troublantes. En particulier, il n\u2019est pas n\u00e9cessaire que les informations accessibles au public aient \u00e9t\u00e9 obtenues l\u00e9galement. En l\u2019absence de limites efficaces dans la loi, les organismes qui seront mis en place afin d\u2019am\u00e9liorer la reddition de comptes pourront r\u00e9viser ou superviser les activit\u00e9s de surveillance de masse, mais pas n\u00e9cessairement les emp\u00eacher ou les limiter. Le projet de loi C-59 abaisse \u00e9galement le seuil permettant au SCRS de recueillir de l\u2019information sur les Canadien.nes. Alors que la cueillette devait auparavant \u00eatre \u00ab n\u00e9cessaire \u00bb, elle n\u2019aurait maintenant qu\u2019\u00e0 \u00eatre \u00ab pertinente \u00bb \u00e0 l\u2019exercice des fonctions du SCRS. M\u00eame les donn\u00e9es express\u00e9ment reconnues comme n\u2019\u00e9tant pas directement et imm\u00e9diatement en lien avec des menaces \u00e0 la s\u00e9curit\u00e9 du Canada pourront \u00eatre recueillies \u00e0 l\u2019avenir. Il y a eu peu de d\u00e9bats significatifs \u00e0 savoir si ce seuil inf\u00e9rieur est n\u00e9cessaire ou raisonnable compte tenu des objectifs que le gouvernement cherche \u00e0 atteindre.        <\/p>\n<h3><span style=\"color: #1e5799;\"><strong>Proc\u00e8s et preuves secr\u00e8tes pour les individus sur la liste d\u2019interdiction de vol<\/strong><\/span><\/h3>\n<p>Il n\u2019a jamais \u00e9t\u00e9 d\u00e9montr\u00e9 que la liste d\u2019interdiction de vol augmente la s\u00e9curit\u00e9 a\u00e9rienne. Le projet de loi C-59 perp\u00e9tue un r\u00e9gime qui limite s\u00e9v\u00e8rement les droits en raison d\u2019un simple soup\u00e7on de dangerosit\u00e9 qui ne peut \u00eatre efficacement contest\u00e9 dans le cadre d\u2019un processus \u00e9quitable et ouvert. Le syst\u00e8me de r\u00e9paration propos\u00e9 par le gouvernement pour ceux et celles qui sont inclus.es, par erreur, sur une liste de personnes faisant l\u2019objet d\u2019un contr\u00f4le de s\u00e9curit\u00e9 renforc\u00e9 (\u00ab slow fly list \u00bb) n\u2019aide pas ceux et celles \u00e0 qui ont interdit de voler. Ces personnes sont confront\u00e9es \u00e0 un processus dans lequel elles peuvent l\u00e9galement se voir refuser des informations pertinentes \u00e0 leur cas, se voir refuser l\u2019acc\u00e8s \u00e0 leur propre proc\u00e8s, et dans lequel elles n\u2019ont pas droit \u00e0 un avocat sp\u00e9cial ind\u00e9pendant ayant acc\u00e8s \u00e0 toutes les preuves contre elles. SECU a d\u00e9j\u00e0 recommand\u00e9 un certain nombre de changements \u00e0 la liste d\u2019interdiction de vol, y compris l\u2019utilisation d\u2019avocats sp\u00e9ciaux. Certains d\u2019entre nous, et d\u2019autres, sont all\u00e9s plus loin et ont plaid\u00e9 en faveur de l\u2019abrogation compl\u00e8te de la liste d\u2019interdiction de vol. Les gouvernements successifs ont permis \u00e0 ce syst\u00e8me de durer pendant plus d\u2019une d\u00e9cennie, et il est imp\u00e9ratif que les probl\u00e8mes qu\u2019il pose en mati\u00e8re de droits fondamentaux soient reconnus et r\u00e9gl\u00e9s.      <\/p>\n<h3><span style=\"color: #1e5799;\"><strong>L<\/strong><strong>\u00e9<\/strong><strong>galisation des cyberattaques par la \u00ab&nbsp;NSA du Canada&nbsp;\u00bb, le Centre de la s\u00e9curit\u00e9 des t\u00e9l\u00e9communications <\/strong><strong>(CST)<\/strong><\/span><\/h3>\n<p>Nous observons de dangereuses transformations op\u00e9r\u00e9es sur nos agences de \u00ab&nbsp;renseignement&nbsp;\u00bb. Le projet de loi C-59 continue d\u2019autoriser le SCRS \u00e0 exercer des pouvoirs de \u00ab perturbation \u00bb et donne maintenant au CST des nouveaux pouvoirs de lancer des cyberattaques contre des personnes, des \u00c9tats, des organisations ou des groupes terroristes \u00e9trangers. Cela comprendrait le piratage, le d\u00e9ploiement de logiciels malveillants et les \u00ab&nbsp;campagnes de d\u00e9sinformation&nbsp;\u00bb. Il existe un danger important de normalisation du piratage parrain\u00e9 par l\u2019\u00c9tat, sans parler de la tension \u00e9vidente lorsque l\u2019agence mandat\u00e9e de prot\u00e9ger notre cyber infrastructure est aussi fortement encourag\u00e9e \u00e0 cacher et exploiter les vuln\u00e9rabilit\u00e9s de s\u00e9curit\u00e9 pour ses propres attaques. Nous avons besoin d\u2019une discussion publique sur les menaces auxquelles ces pouvoirs d\u2019attaque sont cens\u00e9s r\u00e9pondre ainsi que sur les nouvelles menaces auxquelles, ils pourraient nous exposer si une attaque canadienne d\u00e9g\u00e9n\u00e9rait en cyberguerre.    <\/p>\n<p>Le gouvernement a dit aux Canadien.nes que la nouvelle loi \u00ab r\u00e9parerait \u00bb la loi pr\u00e9c\u00e9dente. Au lieu de cela, nous avons un projet de loi qui r\u00e9pond nominalement \u00e0 certaines pr\u00e9occupations, mais exploite aussi cette opportunit\u00e9 afin d\u2019introduire de nouveaux pouvoirs plus radicaux pour les agences de s\u00e9curit\u00e9 nationale. <\/p>\n<p>Si l\u2019objectif du projet de loi C-59 est vraiment de \u00ab r\u00e9parer \u00bb les lois canadiennes sur la s\u00e9curit\u00e9 nationale, il reste encore beaucoup de travail \u00e0 faire.<\/p>\n[Sign\u00e9 par \u2014 en ordre alphab\u00e9tique]\n<p>Amnistie internationale Canada<br \/>\nAssociation des libert\u00e9s civiles de la Colombie-Britannique<br \/>\nAssociation pour la libert\u00e9 d\u2019information et la protection de la vie priv\u00e9e de la Colombie-Britannique<br \/>\nAssociation canadienne des enseignants universitaires<br \/>\nAssociation canadienne des libert\u00e9s civiles<br \/>\nF\u00e9d\u00e9ration canadienne des \u00e9tudiants<br \/>\nJournalistes canadiens pour la libert\u00e9 d\u2019expression<br \/>\nSyndicat canadien des travailleurs postaux<br \/>\nCoalition pour la surveillance internationale des libert\u00e9s civiles<br \/>\nInter Pares<br \/>\nAvocats Rights Watch Canada<br \/>\nLigue des droits et libert\u00e9s<br \/>\nMiningWatch Canada<br \/>\nConseil national des musulmans canadiens<br \/>\nSyndicat national des employ\u00e9s publics et g\u00e9n\u00e9raux (NUPGE)<br \/>\nOpenMedia<br \/>\nPrivacy and Access Council of Canada \u2014 Conseil du Canada de l\u2019Acc\u00e8s et la vie Priv\u00e9e<br \/>\nInstitut Rideau<br \/>\nAssociation des libert\u00e9s civiles des Rocheuses<br \/>\nSamuelson-Glushko Clinique canadienne de politique Internet et d\u2019int\u00e9r\u00eat public (CIPPIC)<br \/>\nVoix Juives Ind\u00e9pendantes Canada<\/p>\n<p><em>Comme individu.e.s :<\/em><\/p>\n<p>Elizabeth Block, Voix juives ind\u00e9pendantes, Comit\u00e9<br \/>\ncanadien des amis James L. Turk, directrice, Centre pour la libert\u00e9 d\u2019expression, Universit\u00e9 Ryerson<br \/>\nSharon Polsky, MAPP, d\u00e9fenseure de la protection des donn\u00e9es et protection de la vie priv\u00e9e par design, ambassadrice<br \/>\nSid Shniad, membre du conseil d\u2019administration, Voix Juives Ind\u00e9pendantes \u2013 Canada[\/vc_column_text][\/vc_column][\/vc_row][vc_row type=\u00a0\u00bbin_container\u00a0\u00bb full_screen_row_position=\u00a0\u00bbmiddle\u00a0\u00bb column_margin=\u00a0\u00bbdefault\u00a0\u00bb column_direction=\u00a0\u00bbdefault\u00a0\u00bb column_direction_tablet=\u00a0\u00bbdefault\u00a0\u00bb column_direction_phone=\u00a0\u00bbdefault\u00a0\u00bb scene_position=\u00a0\u00bbcenter\u00a0\u00bb text_color=\u00a0\u00bbdark\u00a0\u00bb text_align=\u00a0\u00bbleft\u00a0\u00bb row_border_radius=\u00a0\u00bbnone\u00a0\u00bb row_border_radius_applies=\u00a0\u00bbbg\u00a0\u00bb overlay_strength=\u00a0\u00bb0.3&Prime; gradient_direction=\u00a0\u00bbleft_to_right\u00a0\u00bb shape_divider_position=\u00a0\u00bbbottom\u00a0\u00bb bg_image_animation=\u00a0\u00bbnone\u00a0\u00bb][vc_column column_padding=\u00a0\u00bbno-extra-padding\u00a0\u00bb column_padding_tablet=\u00a0\u00bbinherit\u00a0\u00bb column_padding_phone=\u00a0\u00bbinherit\u00a0\u00bb column_padding_position=\u00a0\u00bball\u00a0\u00bb column_element_spacing=\u00a0\u00bbdefault\u00a0\u00bb background_color_opacity=\u00a0\u00bb1&Prime; background_hover_color_opacity=\u00a0\u00bb1&Prime; column_shadow=\u00a0\u00bbnone\u00a0\u00bb column_border_radius=\u00a0\u00bbnone\u00a0\u00bb column_link_target=\u00a0\u00bb_self\u00a0\u00bb gradient_direction=\u00a0\u00bbleft_to_right\u00a0\u00bb overlay_strength=\u00a0\u00bb0.3&Prime; width=\u00a0\u00bb1\/1&Prime; tablet_width_inherit=\u00a0\u00bbdefault\u00a0\u00bb tablet_text_alignment=\u00a0\u00bbdefault\u00a0\u00bb phone_text_alignment=\u00a0\u00bbdefault\u00a0\u00bb bg_image_animation=\u00a0\u00bbnone\u00a0\u00bb border_type=\u00a0\u00bbsimple\u00a0\u00bb column_border_width=\u00a0\u00bbnone\u00a0\u00bb column_border_style=\u00a0\u00bbsolid\u00a0\u00bb][nectar_global_section id=\u00a0\u00bb1461&Prime;][\/vc_column][\/vc_row]\n","protected":false},"excerpt":{"rendered":"<p>Nous, les organisations de la soci\u00e9t\u00e9 civile soussign\u00e9es et les experts individuels, sommes pr\u00e9occup\u00e9s que le C-59 ne r\u00e8gle pas vraiment tous les probl\u00e8mes de notre loi actuelle sur la s\u00e9curit\u00e9 nationale, et qu\u2019il a introduit de nouveaux enjeux tr\u00e8s s\u00e9rieux.<\/p>\n","protected":false},"author":4,"featured_media":13727,"comment_status":"closed","ping_status":"closed","sticky":false,"template":"","format":"standard","meta":{"footnotes":""},"categories":[254],"tags":[],"class_list":{"0":"post-15440","1":"post","2":"type-post","3":"status-publish","4":"format-standard","5":"has-post-thumbnail","7":"category-non-classe"},"yoast_head":"<!-- This site is optimized with the Yoast SEO plugin v27.4 - https:\/\/yoast.com\/product\/yoast-seo-wordpress\/ -->\n<title>D\u00e9claration de la soci\u00e9t\u00e9 civile concernant le projet de loi C-59 - CCLA<\/title>\n<meta name=\"robots\" content=\"noindex, follow, max-snippet:-1, max-image-preview:large, max-video-preview:-1\" \/>\n<meta property=\"og:locale\" content=\"fr_CA\" \/>\n<meta property=\"og:type\" content=\"article\" \/>\n<meta property=\"og:title\" content=\"D\u00e9claration de la soci\u00e9t\u00e9 civile concernant le projet de loi C-59 - CCLA\" \/>\n<meta property=\"og:description\" content=\"Nous, les organisations de la soci\u00e9t\u00e9 civile soussign\u00e9es et les experts individuels, sommes pr\u00e9occup\u00e9s que le C-59 ne r\u00e8gle pas vraiment tous les probl\u00e8mes de notre loi actuelle sur la s\u00e9curit\u00e9 nationale, et qu\u2019il a introduit de nouveaux enjeux tr\u00e8s s\u00e9rieux.\" \/>\n<meta property=\"og:url\" content=\"https:\/\/dev.ccla.org\/fr\/non-classe\/declaration-de-la-societe-civile-concernant-le-projet-de-loi-c-59\/\" \/>\n<meta property=\"og:site_name\" content=\"CCLA\" \/>\n<meta property=\"article:published_time\" content=\"2018-04-05T04:27:07+00:00\" \/>\n<meta property=\"article:modified_time\" content=\"2026-04-23T18:35:53+00:00\" \/>\n<meta property=\"og:image\" content=\"https:\/\/dev.ccla.org\/wp-content\/uploads\/2021\/06\/CCCL_general_crowd_2000x800.jpg\" \/>\n\t<meta property=\"og:image:width\" content=\"2000\" \/>\n\t<meta property=\"og:image:height\" content=\"800\" \/>\n\t<meta property=\"og:image:type\" content=\"image\/jpeg\" \/>\n<meta name=\"author\" content=\"CCLA\" \/>\n<meta name=\"twitter:card\" content=\"summary_large_image\" \/>\n<meta name=\"twitter:label1\" content=\"\u00c9crit par\" \/>\n\t<meta name=\"twitter:data1\" content=\"CCLA\" \/>\n\t<meta name=\"twitter:label2\" content=\"Estimation du temps de lecture\" \/>\n\t<meta name=\"twitter:data2\" content=\"17 minutes\" \/>\n<script type=\"application\/ld+json\" class=\"yoast-schema-graph\">{\"@context\":\"https:\\\/\\\/schema.org\",\"@graph\":[{\"@type\":\"Article\",\"@id\":\"https:\\\/\\\/dev.ccla.org\\\/fr\\\/non-classe\\\/declaration-de-la-societe-civile-concernant-le-projet-de-loi-c-59\\\/#article\",\"isPartOf\":{\"@id\":\"https:\\\/\\\/dev.ccla.org\\\/fr\\\/non-classe\\\/declaration-de-la-societe-civile-concernant-le-projet-de-loi-c-59\\\/\"},\"author\":{\"name\":\"CCLA\",\"@id\":\"https:\\\/\\\/dev.ccla.org\\\/fr\\\/#\\\/schema\\\/person\\\/e48728d4a52926205e807fd8c52bf3b0\"},\"headline\":\"D\u00e9claration de la soci\u00e9t\u00e9 civile concernant le projet de loi C-59\",\"datePublished\":\"2018-04-05T04:27:07+00:00\",\"dateModified\":\"2026-04-23T18:35:53+00:00\",\"mainEntityOfPage\":{\"@id\":\"https:\\\/\\\/dev.ccla.org\\\/fr\\\/non-classe\\\/declaration-de-la-societe-civile-concernant-le-projet-de-loi-c-59\\\/\"},\"wordCount\":3485,\"image\":{\"@id\":\"https:\\\/\\\/dev.ccla.org\\\/fr\\\/non-classe\\\/declaration-de-la-societe-civile-concernant-le-projet-de-loi-c-59\\\/#primaryimage\"},\"thumbnailUrl\":\"https:\\\/\\\/dev.ccla.org\\\/wp-content\\\/uploads\\\/2021\\\/06\\\/CCCL_general_crowd_2000x800.jpg\",\"inLanguage\":\"fr-CA\"},{\"@type\":\"WebPage\",\"@id\":\"https:\\\/\\\/dev.ccla.org\\\/fr\\\/non-classe\\\/declaration-de-la-societe-civile-concernant-le-projet-de-loi-c-59\\\/\",\"url\":\"https:\\\/\\\/dev.ccla.org\\\/fr\\\/non-classe\\\/declaration-de-la-societe-civile-concernant-le-projet-de-loi-c-59\\\/\",\"name\":\"D\u00e9claration de la soci\u00e9t\u00e9 civile concernant le projet de loi C-59 - CCLA\",\"isPartOf\":{\"@id\":\"https:\\\/\\\/dev.ccla.org\\\/fr\\\/#website\"},\"primaryImageOfPage\":{\"@id\":\"https:\\\/\\\/dev.ccla.org\\\/fr\\\/non-classe\\\/declaration-de-la-societe-civile-concernant-le-projet-de-loi-c-59\\\/#primaryimage\"},\"image\":{\"@id\":\"https:\\\/\\\/dev.ccla.org\\\/fr\\\/non-classe\\\/declaration-de-la-societe-civile-concernant-le-projet-de-loi-c-59\\\/#primaryimage\"},\"thumbnailUrl\":\"https:\\\/\\\/dev.ccla.org\\\/wp-content\\\/uploads\\\/2021\\\/06\\\/CCCL_general_crowd_2000x800.jpg\",\"datePublished\":\"2018-04-05T04:27:07+00:00\",\"dateModified\":\"2026-04-23T18:35:53+00:00\",\"author\":{\"@id\":\"https:\\\/\\\/dev.ccla.org\\\/fr\\\/#\\\/schema\\\/person\\\/e48728d4a52926205e807fd8c52bf3b0\"},\"breadcrumb\":{\"@id\":\"https:\\\/\\\/dev.ccla.org\\\/fr\\\/non-classe\\\/declaration-de-la-societe-civile-concernant-le-projet-de-loi-c-59\\\/#breadcrumb\"},\"inLanguage\":\"fr-CA\",\"potentialAction\":[{\"@type\":\"ReadAction\",\"target\":[\"https:\\\/\\\/dev.ccla.org\\\/fr\\\/non-classe\\\/declaration-de-la-societe-civile-concernant-le-projet-de-loi-c-59\\\/\"]}]},{\"@type\":\"ImageObject\",\"inLanguage\":\"fr-CA\",\"@id\":\"https:\\\/\\\/dev.ccla.org\\\/fr\\\/non-classe\\\/declaration-de-la-societe-civile-concernant-le-projet-de-loi-c-59\\\/#primaryimage\",\"url\":\"https:\\\/\\\/dev.ccla.org\\\/wp-content\\\/uploads\\\/2021\\\/06\\\/CCCL_general_crowd_2000x800.jpg\",\"contentUrl\":\"https:\\\/\\\/dev.ccla.org\\\/wp-content\\\/uploads\\\/2021\\\/06\\\/CCCL_general_crowd_2000x800.jpg\",\"width\":2000,\"height\":800},{\"@type\":\"BreadcrumbList\",\"@id\":\"https:\\\/\\\/dev.ccla.org\\\/fr\\\/non-classe\\\/declaration-de-la-societe-civile-concernant-le-projet-de-loi-c-59\\\/#breadcrumb\",\"itemListElement\":[{\"@type\":\"ListItem\",\"position\":1,\"name\":\"Home\",\"item\":\"https:\\\/\\\/dev.ccla.org\\\/fr\\\/accueil\\\/\"},{\"@type\":\"ListItem\",\"position\":2,\"name\":\"Non class\u00e9\",\"item\":\"https:\\\/\\\/dev.ccla.org\\\/fr\\\/category\\\/non-classe\\\/\"},{\"@type\":\"ListItem\",\"position\":3,\"name\":\"D\u00e9claration de la soci\u00e9t\u00e9 civile concernant le projet de loi C-59\"}]},{\"@type\":\"WebSite\",\"@id\":\"https:\\\/\\\/dev.ccla.org\\\/fr\\\/#website\",\"url\":\"https:\\\/\\\/dev.ccla.org\\\/fr\\\/\",\"name\":\"CCLA\",\"description\":\"\",\"potentialAction\":[{\"@type\":\"SearchAction\",\"target\":{\"@type\":\"EntryPoint\",\"urlTemplate\":\"https:\\\/\\\/dev.ccla.org\\\/fr\\\/?s={search_term_string}\"},\"query-input\":{\"@type\":\"PropertyValueSpecification\",\"valueRequired\":true,\"valueName\":\"search_term_string\"}}],\"inLanguage\":\"fr-CA\"},{\"@type\":\"Person\",\"@id\":\"https:\\\/\\\/dev.ccla.org\\\/fr\\\/#\\\/schema\\\/person\\\/e48728d4a52926205e807fd8c52bf3b0\",\"name\":\"CCLA\",\"image\":{\"@type\":\"ImageObject\",\"inLanguage\":\"fr-CA\",\"@id\":\"https:\\\/\\\/secure.gravatar.com\\\/avatar\\\/03b13921772ba279da547407d7a85f0b4a10bdf8cc9a026f2ac4e10643eee315?s=96&d=blank&r=g\",\"url\":\"https:\\\/\\\/secure.gravatar.com\\\/avatar\\\/03b13921772ba279da547407d7a85f0b4a10bdf8cc9a026f2ac4e10643eee315?s=96&d=blank&r=g\",\"contentUrl\":\"https:\\\/\\\/secure.gravatar.com\\\/avatar\\\/03b13921772ba279da547407d7a85f0b4a10bdf8cc9a026f2ac4e10643eee315?s=96&d=blank&r=g\",\"caption\":\"CCLA\"},\"url\":\"https:\\\/\\\/dev.ccla.org\\\/fr\\\/author\\\/ccla\\\/\"}]}<\/script>\n<!-- \/ Yoast SEO plugin. -->","yoast_head_json":{"title":"D\u00e9claration de la soci\u00e9t\u00e9 civile concernant le projet de loi C-59 - CCLA","robots":{"index":"noindex","follow":"follow","max-snippet":"max-snippet:-1","max-image-preview":"max-image-preview:large","max-video-preview":"max-video-preview:-1"},"og_locale":"fr_CA","og_type":"article","og_title":"D\u00e9claration de la soci\u00e9t\u00e9 civile concernant le projet de loi C-59 - CCLA","og_description":"Nous, les organisations de la soci\u00e9t\u00e9 civile soussign\u00e9es et les experts individuels, sommes pr\u00e9occup\u00e9s que le C-59 ne r\u00e8gle pas vraiment tous les probl\u00e8mes de notre loi actuelle sur la s\u00e9curit\u00e9 nationale, et qu\u2019il a introduit de nouveaux enjeux tr\u00e8s s\u00e9rieux.","og_url":"https:\/\/dev.ccla.org\/fr\/non-classe\/declaration-de-la-societe-civile-concernant-le-projet-de-loi-c-59\/","og_site_name":"CCLA","article_published_time":"2018-04-05T04:27:07+00:00","article_modified_time":"2026-04-23T18:35:53+00:00","og_image":[{"width":2000,"height":800,"url":"https:\/\/dev.ccla.org\/wp-content\/uploads\/2021\/06\/CCCL_general_crowd_2000x800.jpg","type":"image\/jpeg"}],"author":"CCLA","twitter_card":"summary_large_image","twitter_misc":{"\u00c9crit par":"CCLA","Estimation du temps de lecture":"17 minutes"},"schema":{"@context":"https:\/\/schema.org","@graph":[{"@type":"Article","@id":"https:\/\/dev.ccla.org\/fr\/non-classe\/declaration-de-la-societe-civile-concernant-le-projet-de-loi-c-59\/#article","isPartOf":{"@id":"https:\/\/dev.ccla.org\/fr\/non-classe\/declaration-de-la-societe-civile-concernant-le-projet-de-loi-c-59\/"},"author":{"name":"CCLA","@id":"https:\/\/dev.ccla.org\/fr\/#\/schema\/person\/e48728d4a52926205e807fd8c52bf3b0"},"headline":"D\u00e9claration de la soci\u00e9t\u00e9 civile concernant le projet de loi C-59","datePublished":"2018-04-05T04:27:07+00:00","dateModified":"2026-04-23T18:35:53+00:00","mainEntityOfPage":{"@id":"https:\/\/dev.ccla.org\/fr\/non-classe\/declaration-de-la-societe-civile-concernant-le-projet-de-loi-c-59\/"},"wordCount":3485,"image":{"@id":"https:\/\/dev.ccla.org\/fr\/non-classe\/declaration-de-la-societe-civile-concernant-le-projet-de-loi-c-59\/#primaryimage"},"thumbnailUrl":"https:\/\/dev.ccla.org\/wp-content\/uploads\/2021\/06\/CCCL_general_crowd_2000x800.jpg","inLanguage":"fr-CA"},{"@type":"WebPage","@id":"https:\/\/dev.ccla.org\/fr\/non-classe\/declaration-de-la-societe-civile-concernant-le-projet-de-loi-c-59\/","url":"https:\/\/dev.ccla.org\/fr\/non-classe\/declaration-de-la-societe-civile-concernant-le-projet-de-loi-c-59\/","name":"D\u00e9claration de la soci\u00e9t\u00e9 civile concernant le projet de loi C-59 - CCLA","isPartOf":{"@id":"https:\/\/dev.ccla.org\/fr\/#website"},"primaryImageOfPage":{"@id":"https:\/\/dev.ccla.org\/fr\/non-classe\/declaration-de-la-societe-civile-concernant-le-projet-de-loi-c-59\/#primaryimage"},"image":{"@id":"https:\/\/dev.ccla.org\/fr\/non-classe\/declaration-de-la-societe-civile-concernant-le-projet-de-loi-c-59\/#primaryimage"},"thumbnailUrl":"https:\/\/dev.ccla.org\/wp-content\/uploads\/2021\/06\/CCCL_general_crowd_2000x800.jpg","datePublished":"2018-04-05T04:27:07+00:00","dateModified":"2026-04-23T18:35:53+00:00","author":{"@id":"https:\/\/dev.ccla.org\/fr\/#\/schema\/person\/e48728d4a52926205e807fd8c52bf3b0"},"breadcrumb":{"@id":"https:\/\/dev.ccla.org\/fr\/non-classe\/declaration-de-la-societe-civile-concernant-le-projet-de-loi-c-59\/#breadcrumb"},"inLanguage":"fr-CA","potentialAction":[{"@type":"ReadAction","target":["https:\/\/dev.ccla.org\/fr\/non-classe\/declaration-de-la-societe-civile-concernant-le-projet-de-loi-c-59\/"]}]},{"@type":"ImageObject","inLanguage":"fr-CA","@id":"https:\/\/dev.ccla.org\/fr\/non-classe\/declaration-de-la-societe-civile-concernant-le-projet-de-loi-c-59\/#primaryimage","url":"https:\/\/dev.ccla.org\/wp-content\/uploads\/2021\/06\/CCCL_general_crowd_2000x800.jpg","contentUrl":"https:\/\/dev.ccla.org\/wp-content\/uploads\/2021\/06\/CCCL_general_crowd_2000x800.jpg","width":2000,"height":800},{"@type":"BreadcrumbList","@id":"https:\/\/dev.ccla.org\/fr\/non-classe\/declaration-de-la-societe-civile-concernant-le-projet-de-loi-c-59\/#breadcrumb","itemListElement":[{"@type":"ListItem","position":1,"name":"Home","item":"https:\/\/dev.ccla.org\/fr\/accueil\/"},{"@type":"ListItem","position":2,"name":"Non class\u00e9","item":"https:\/\/dev.ccla.org\/fr\/category\/non-classe\/"},{"@type":"ListItem","position":3,"name":"D\u00e9claration de la soci\u00e9t\u00e9 civile concernant le projet de loi C-59"}]},{"@type":"WebSite","@id":"https:\/\/dev.ccla.org\/fr\/#website","url":"https:\/\/dev.ccla.org\/fr\/","name":"CCLA","description":"","potentialAction":[{"@type":"SearchAction","target":{"@type":"EntryPoint","urlTemplate":"https:\/\/dev.ccla.org\/fr\/?s={search_term_string}"},"query-input":{"@type":"PropertyValueSpecification","valueRequired":true,"valueName":"search_term_string"}}],"inLanguage":"fr-CA"},{"@type":"Person","@id":"https:\/\/dev.ccla.org\/fr\/#\/schema\/person\/e48728d4a52926205e807fd8c52bf3b0","name":"CCLA","image":{"@type":"ImageObject","inLanguage":"fr-CA","@id":"https:\/\/secure.gravatar.com\/avatar\/03b13921772ba279da547407d7a85f0b4a10bdf8cc9a026f2ac4e10643eee315?s=96&d=blank&r=g","url":"https:\/\/secure.gravatar.com\/avatar\/03b13921772ba279da547407d7a85f0b4a10bdf8cc9a026f2ac4e10643eee315?s=96&d=blank&r=g","contentUrl":"https:\/\/secure.gravatar.com\/avatar\/03b13921772ba279da547407d7a85f0b4a10bdf8cc9a026f2ac4e10643eee315?s=96&d=blank&r=g","caption":"CCLA"},"url":"https:\/\/dev.ccla.org\/fr\/author\/ccla\/"}]}},"_links":{"self":[{"href":"https:\/\/dev.ccla.org\/fr\/wp-json\/wp\/v2\/posts\/15440","targetHints":{"allow":["GET"]}}],"collection":[{"href":"https:\/\/dev.ccla.org\/fr\/wp-json\/wp\/v2\/posts"}],"about":[{"href":"https:\/\/dev.ccla.org\/fr\/wp-json\/wp\/v2\/types\/post"}],"author":[{"embeddable":true,"href":"https:\/\/dev.ccla.org\/fr\/wp-json\/wp\/v2\/users\/4"}],"replies":[{"embeddable":true,"href":"https:\/\/dev.ccla.org\/fr\/wp-json\/wp\/v2\/comments?post=15440"}],"version-history":[{"count":1,"href":"https:\/\/dev.ccla.org\/fr\/wp-json\/wp\/v2\/posts\/15440\/revisions"}],"predecessor-version":[{"id":15445,"href":"https:\/\/dev.ccla.org\/fr\/wp-json\/wp\/v2\/posts\/15440\/revisions\/15445"}],"wp:featuredmedia":[{"embeddable":true,"href":"https:\/\/dev.ccla.org\/fr\/wp-json\/wp\/v2\/media\/13727"}],"wp:attachment":[{"href":"https:\/\/dev.ccla.org\/fr\/wp-json\/wp\/v2\/media?parent=15440"}],"wp:term":[{"taxonomy":"category","embeddable":true,"href":"https:\/\/dev.ccla.org\/fr\/wp-json\/wp\/v2\/categories?post=15440"},{"taxonomy":"post_tag","embeddable":true,"href":"https:\/\/dev.ccla.org\/fr\/wp-json\/wp\/v2\/tags?post=15440"}],"curies":[{"name":"wp","href":"https:\/\/api.w.org\/{rel}","templated":true}]}}