{"id":15435,"date":"2018-04-03T00:35:16","date_gmt":"2018-04-03T04:35:16","guid":{"rendered":"https:\/\/dev.ccla.org\/non-classe\/la-cour-dappel-federale-a-fixe-une-barre-inquietantement-basse-pour-les-questions-liees-a-la-charte\/"},"modified":"2026-04-23T14:35:53","modified_gmt":"2026-04-23T18:35:53","slug":"la-cour-dappel-federale-a-fixe-une-barre-inquietantement-basse-pour-les-questions-liees-a-la-charte","status":"publish","type":"post","link":"https:\/\/dev.ccla.org\/fr\/non-classe\/la-cour-dappel-federale-a-fixe-une-barre-inquietantement-basse-pour-les-questions-liees-a-la-charte\/","title":{"rendered":"La Cour d\u2019appel f\u00e9d\u00e9rale a fix\u00e9 une barre inqui\u00e9tantement basse pour les questions li\u00e9es \u00e0 la Charte"},"content":{"rendered":"[vc_row type=\u00a0\u00bbin_container\u00a0\u00bb full_screen_row_position=\u00a0\u00bbmiddle\u00a0\u00bb column_margin=\u00a0\u00bbdefault\u00a0\u00bb column_direction=\u00a0\u00bbdefault\u00a0\u00bb column_direction_tablet=\u00a0\u00bbdefault\u00a0\u00bb column_direction_phone=\u00a0\u00bbdefault\u00a0\u00bb scene_position=\u00a0\u00bbcenter\u00a0\u00bb text_color=\u00a0\u00bbdark\u00a0\u00bb text_align=\u00a0\u00bbleft\u00a0\u00bb row_border_radius=\u00a0\u00bbnone\u00a0\u00bb row_border_radius_applies=\u00a0\u00bbbg\u00a0\u00bb overlay_strength=\u00a0\u00bb0.3&Prime; gradient_direction=\u00a0\u00bbleft_to_right\u00a0\u00bb shape_divider_position=\u00a0\u00bbbottom\u00a0\u00bb bg_image_animation=\u00a0\u00bbnone\u00a0\u00bb][vc_column column_padding=\u00a0\u00bbno-extra-padding\u00a0\u00bb column_padding_tablet=\u00a0\u00bbinherit\u00a0\u00bb column_padding_phone=\u00a0\u00bbinherit\u00a0\u00bb column_padding_position=\u00a0\u00bball\u00a0\u00bb column_element_spacing=\u00a0\u00bbdefault\u00a0\u00bb background_color_opacity=\u00a0\u00bb1&Prime; background_hover_color_opacity=\u00a0\u00bb1&Prime; column_shadow=\u00a0\u00bbnone\u00a0\u00bb column_border_radius=\u00a0\u00bbnone\u00a0\u00bb column_link_target=\u00a0\u00bb_self\u00a0\u00bb gradient_direction=\u00a0\u00bbleft_to_right\u00a0\u00bb overlay_strength=\u00a0\u00bb0.3&Prime; width=\u00a0\u00bb1\/1&Prime; tablet_width_inherit=\u00a0\u00bbdefault\u00a0\u00bb tablet_text_alignment=\u00a0\u00bbdefault\u00a0\u00bb phone_text_alignment=\u00a0\u00bbdefault\u00a0\u00bb bg_image_animation=\u00a0\u00bbnone\u00a0\u00bb border_type=\u00a0\u00bbsimple\u00a0\u00bb column_border_width=\u00a0\u00bbnone\u00a0\u00bb column_border_style=\u00a0\u00bbsolid\u00a0\u00bb][nectar_global_section id=\u00a0\u00bb1355&Prime;][\/vc_column][\/vc_row][vc_row type=\u00a0\u00bbfull_width_background\u00a0\u00bb full_screen_row_position=\u00a0\u00bbmiddle\u00a0\u00bb column_margin=\u00a0\u00bbdefault\u00a0\u00bb column_direction=\u00a0\u00bbdefault\u00a0\u00bb column_direction_tablet=\u00a0\u00bbdefault\u00a0\u00bb column_direction_phone=\u00a0\u00bbdefault\u00a0\u00bb scene_position=\u00a0\u00bbcenter\u00a0\u00bb top_padding=\u00a0\u00bb4%\u00a0\u00bb constrain_group_1=\u00a0\u00bbyes\u00a0\u00bb bottom_padding=\u00a0\u00bb4%\u00a0\u00bb text_color=\u00a0\u00bbdark\u00a0\u00bb text_align=\u00a0\u00bbleft\u00a0\u00bb row_border_radius=\u00a0\u00bbnone\u00a0\u00bb row_border_radius_applies=\u00a0\u00bbbg\u00a0\u00bb class=\u00a0\u00bbpost-links\u00a0\u00bb overlay_strength=\u00a0\u00bb0.3&Prime; gradient_direction=\u00a0\u00bbleft_to_right\u00a0\u00bb shape_divider_position=\u00a0\u00bbbottom\u00a0\u00bb bg_image_animation=\u00a0\u00bbnone\u00a0\u00bb shape_type=\u00a0\u00bb\u00a0\u00bb][vc_column column_padding=\u00a0\u00bbno-extra-padding\u00a0\u00bb column_padding_tablet=\u00a0\u00bbinherit\u00a0\u00bb column_padding_phone=\u00a0\u00bbinherit\u00a0\u00bb column_padding_position=\u00a0\u00bball\u00a0\u00bb column_element_spacing=\u00a0\u00bbdefault\u00a0\u00bb background_color_opacity=\u00a0\u00bb1&Prime; background_hover_color_opacity=\u00a0\u00bb1&Prime; column_shadow=\u00a0\u00bbnone\u00a0\u00bb column_border_radius=\u00a0\u00bbnone\u00a0\u00bb column_link_target=\u00a0\u00bb_self\u00a0\u00bb gradient_direction=\u00a0\u00bbleft_to_right\u00a0\u00bb overlay_strength=\u00a0\u00bb0.3&Prime; width=\u00a0\u00bb1\/1&Prime; tablet_width_inherit=\u00a0\u00bbdefault\u00a0\u00bb tablet_text_alignment=\u00a0\u00bbdefault\u00a0\u00bb phone_text_alignment=\u00a0\u00bbdefault\u00a0\u00bb bg_image_animation=\u00a0\u00bbnone\u00a0\u00bb border_type=\u00a0\u00bbsimple\u00a0\u00bb column_border_width=\u00a0\u00bbnone\u00a0\u00bb column_border_style=\u00a0\u00bbsolid\u00a0\u00bb][divider line_type=\u00a0\u00bbNo Line\u00a0\u00bb custom_height=\u00a0\u00bb30&Prime;][vc_column_text]\n<div class=\"entry-meta\">\n<p><strong><span class=\"posted-on\"><time class=\"entry-date published updated\" datetime=\"2018-04-03T11:24:22-04:00\">3 avril 2018<\/time><\/span><\/strong><\/p>\n<\/div>\n<div class=\"shapely-content \">\n<p>Le 20 mars 2018, plus d\u2019un an apr\u00e8s avoir entendu les arguments dans l\u2019affaire <em>Schmidt c. Procureur g\u00e9n\u00e9ral du Canada, <\/em><em>la Cour d\u2019appel f\u00e9d\u00e9rale a rendu sa d\u00e9cision. La d\u00e9cision confirme que le <\/em>ministre de la Justice n\u2019a qu\u2019\u00e0 faire rapport au Parlement concernant les incoh\u00e9rences entre un projet de loi propos\u00e9 et la <em>Charte des droits et libert\u00e9s<\/em> que lorsqu\u2019il n\u2019y a pas d\u2019argument cr\u00e9dible en faveur du passage du test de <em>la Charte<\/em> . Ce faible niveau pourrait expliquer pourquoi, en 35 ans depuis l\u2019entr\u00e9e en vigueur de la <em>Charte<\/em>, aucun rapport n\u2019a \u00e9t\u00e9 fait. <\/p>\n<p>La CCLA est intervenue dans <em>l\u2019affaire Schmidt<\/em>, tant \u00e0 la Cour f\u00e9d\u00e9rale qu\u2019\u00e0 la Cour d\u2019appel f\u00e9d\u00e9rale, parce que nous croyons que le devoir de rapport du ministre de la Justice devrait servir \u00e0 informer le Parlement, et les Canadiens ordinaires, de la mesure dans laquelle les projets de loi propos\u00e9s sont conformes \u00e0 la <em>Charte<\/em>. La r\u00e8gle du constitutionnalisme dicte que le gouvernement a le devoir de r\u00e9diger des lois respectant la <em>Charte<\/em>. Selon la l\u00e9gislation en jeu dans cette affaire, le ministre a le devoir de faire rapport lorsque la l\u00e9gislation propos\u00e9e ne le fait pas.  <\/p>\n<p>Le procureur g\u00e9n\u00e9ral a soutenu que le devoir de rapport du ministre de la Justice sert \u00e0 une fonction dissuasive, et n\u2019est exerc\u00e9 qu\u2019en dernier recours : si le ministre n\u2019a pas confiance dans le projet de loi qu\u2019elle doit pr\u00e9senter, elle doit en faire rapport au Parlement, puis d\u00e9missionner. Selon cette th\u00e9orie, la v\u00e9ritable v\u00e9rification a lieu avant que le ministre ne d\u00e9pose le projet de loi. <\/p>\n<p>La d\u00e9cision de la Cour d\u2019appel f\u00e9d\u00e9rale repose sur la conclusion que l\u2019interpr\u00e9tation actuelle des dispositions est non seulement raisonnable, mais correcte. La Cour va aussi jusqu\u2019\u00e0 expliquer la complexit\u00e9 de d\u00e9terminer si une l\u00e9gislation est conforme <em>\u00e0 la Charte<\/em>, sugg\u00e9rant que, puisqu\u2019il ne sera g\u00e9n\u00e9ralement pas possible d\u2019affirmer avec certitude que la l\u00e9gislation est conforme \u00e0 la <em>Charte<\/em>, la norme devrait \u00eatre comprise comme une obligation de rapport lorsqu\u2019il n\u2019y a aucun argument en faveur de la conformit\u00e9. <\/p>\n<p>La CCLA est d\u00e9\u00e7ue par la d\u00e9cision de la Cour et continue de croire en la n\u00e9cessit\u00e9 d\u2019une r\u00e9forme qui permettra aux parlementaires d\u2019\u00e9valuer de mani\u00e8re r\u00e9elle et significative les implications constitutionnelles des lois qu\u2019ils adoptent. Bien que le gouvernement ait propos\u00e9 un amendement \u00e0 la <em>Loi sur le minist\u00e8re de la Justice <\/em>qui exigerait que le ministre publie une d\u00e9claration <em>de la Charte<\/em> concernant tous les projets de loi gouvernementaux d\u00e9pos\u00e9s au Parlement, nous restons pr\u00e9occup\u00e9s par le fait que cet amendement n\u2019aille pas assez loin. Cela permettrait une d\u00e9claration relativement superficielle sur la conformit\u00e9 <em>\u00e0 la Charte <\/em>plut\u00f4t que de pr\u00e9senter au Parlement le type d\u2019analyse d\u00e9taill\u00e9e n\u00e9cessaire pour d\u00e9fendre la constitutionnalit\u00e9 de la l\u00e9gislation devant nos tribunaux. Pour plus d\u2019informations sur les propositions de la CCLA visant \u00e0 am\u00e9liorer notre syst\u00e8me actuel d\u2019examen l\u00e9gislatif, voir <a href=\"http:\/\/www.ccla.org\/charterfirst\" target=\"_blank\" rel=\"noopener\">www.ccla.org\/charterfirst<\/a>.   <\/p>\n<p><a href=\"https:\/\/dev.ccla.org\/wp-content\/uploads\/2021\/06\/2016-09-30-Schmidt-FCA-Joint-Factum-FINAL-00916863-2.pdf\" target=\"_blank\" rel=\"noopener\"><strong>Factum de la Cour d\u2019appel f\u00e9d\u00e9rale<\/strong><\/a> (conjointement avec la BCCLA)<\/p>\n<p><strong><a href=\"https:\/\/www.canlii.org\/en\/ca\/fca\/doc\/2018\/2018fca55\/2018fca55.html\" target=\"_blank\" rel=\"noopener\">D\u00e9cision de la Cour d\u2019appel f\u00e9d\u00e9rale<\/a><\/strong><\/p>\n<p>CCLA dans les nouvelles :<\/p>\n<p>Lawyers Daily : <a href=\"https:\/\/www.thelawyersdaily.ca\/articles\/6212\/former-federal-justice-lawyer-schmidt-accuses-department-of-doublespeak-after-losing-appeal\" target=\"_blank\" rel=\"noopener\">L\u2019ancien avocat en justice f\u00e9d\u00e9rale Schmidt accuse le d\u00e9partement de \u00ab double langage \u00bb apr\u00e8s avoir perdu l\u2019appel<\/a><\/p>\n<\/div>\n[\/vc_column_text][\/vc_column][\/vc_row][vc_row type=\u00a0\u00bbin_container\u00a0\u00bb full_screen_row_position=\u00a0\u00bbmiddle\u00a0\u00bb column_margin=\u00a0\u00bbdefault\u00a0\u00bb column_direction=\u00a0\u00bbdefault\u00a0\u00bb column_direction_tablet=\u00a0\u00bbdefault\u00a0\u00bb column_direction_phone=\u00a0\u00bbdefault\u00a0\u00bb scene_position=\u00a0\u00bbcenter\u00a0\u00bb text_color=\u00a0\u00bbdark\u00a0\u00bb text_align=\u00a0\u00bbleft\u00a0\u00bb row_border_radius=\u00a0\u00bbnone\u00a0\u00bb row_border_radius_applies=\u00a0\u00bbbg\u00a0\u00bb overlay_strength=\u00a0\u00bb0.3&Prime; gradient_direction=\u00a0\u00bbleft_to_right\u00a0\u00bb shape_divider_position=\u00a0\u00bbbottom\u00a0\u00bb bg_image_animation=\u00a0\u00bbnone\u00a0\u00bb][vc_column column_padding=\u00a0\u00bbno-extra-padding\u00a0\u00bb column_padding_tablet=\u00a0\u00bbinherit\u00a0\u00bb column_padding_phone=\u00a0\u00bbinherit\u00a0\u00bb column_padding_position=\u00a0\u00bball\u00a0\u00bb column_element_spacing=\u00a0\u00bbdefault\u00a0\u00bb background_color_opacity=\u00a0\u00bb1&Prime; background_hover_color_opacity=\u00a0\u00bb1&Prime; column_shadow=\u00a0\u00bbnone\u00a0\u00bb column_border_radius=\u00a0\u00bbnone\u00a0\u00bb column_link_target=\u00a0\u00bb_self\u00a0\u00bb gradient_direction=\u00a0\u00bbleft_to_right\u00a0\u00bb overlay_strength=\u00a0\u00bb0.3&Prime; width=\u00a0\u00bb1\/1&Prime; tablet_width_inherit=\u00a0\u00bbdefault\u00a0\u00bb tablet_text_alignment=\u00a0\u00bbdefault\u00a0\u00bb phone_text_alignment=\u00a0\u00bbdefault\u00a0\u00bb bg_image_animation=\u00a0\u00bbnone\u00a0\u00bb border_type=\u00a0\u00bbsimple\u00a0\u00bb column_border_width=\u00a0\u00bbnone\u00a0\u00bb column_border_style=\u00a0\u00bbsolid\u00a0\u00bb][nectar_global_section id=\u00a0\u00bb1461&Prime;][\/vc_column][\/vc_row]\n","protected":false},"excerpt":{"rendered":"<p>Le 20 mars 2018, plus d\u2019un an apr\u00e8s avoir entendu les arguments dans l\u2019affaire Schmidt c. Procureur g\u00e9n\u00e9ral du Canada, la Cour d\u2019appel f\u00e9d\u00e9rale a rendu sa d\u00e9cision. La d\u00e9cision confirme que le ministre de la Justice n\u2019a qu\u2019\u00e0 faire rapport au Parlement concernant les incoh\u00e9rences entre un projet de loi propos\u00e9 et la Charte des droits et libert\u00e9s que lorsqu\u2019il n\u2019y a pas d\u2019argument cr\u00e9dible en faveur du passage du test de la Charte.   <\/p>\n","protected":false},"author":4,"featured_media":13727,"comment_status":"closed","ping_status":"closed","sticky":false,"template":"","format":"standard","meta":{"footnotes":""},"categories":[254],"tags":[],"class_list":{"0":"post-15435","1":"post","2":"type-post","3":"status-publish","4":"format-standard","5":"has-post-thumbnail","7":"category-non-classe"},"yoast_head":"<!-- This site is optimized with the Yoast SEO plugin v27.4 - https:\/\/yoast.com\/product\/yoast-seo-wordpress\/ -->\n<title>La Cour d\u2019appel f\u00e9d\u00e9rale a fix\u00e9 une barre inqui\u00e9tantement basse pour les questions li\u00e9es \u00e0 la Charte - CCLA<\/title>\n<meta name=\"robots\" content=\"noindex, follow, max-snippet:-1, max-image-preview:large, max-video-preview:-1\" \/>\n<meta property=\"og:locale\" content=\"fr_CA\" \/>\n<meta property=\"og:type\" content=\"article\" \/>\n<meta property=\"og:title\" content=\"La Cour d\u2019appel f\u00e9d\u00e9rale a fix\u00e9 une barre inqui\u00e9tantement basse pour les questions li\u00e9es \u00e0 la Charte - CCLA\" \/>\n<meta property=\"og:description\" content=\"Le 20 mars 2018, plus d\u2019un an apr\u00e8s avoir entendu les arguments dans l\u2019affaire Schmidt c. Procureur g\u00e9n\u00e9ral du Canada, la Cour d\u2019appel f\u00e9d\u00e9rale a rendu sa d\u00e9cision. La d\u00e9cision confirme que le ministre de la Justice n\u2019a qu\u2019\u00e0 faire rapport au Parlement concernant les incoh\u00e9rences entre un projet de loi propos\u00e9 et la Charte des droits et libert\u00e9s que lorsqu\u2019il n\u2019y a pas d\u2019argument cr\u00e9dible en faveur du passage du test de la Charte.\" \/>\n<meta property=\"og:url\" content=\"https:\/\/dev.ccla.org\/fr\/non-classe\/la-cour-dappel-federale-a-fixe-une-barre-inquietantement-basse-pour-les-questions-liees-a-la-charte\/\" \/>\n<meta property=\"og:site_name\" content=\"CCLA\" \/>\n<meta property=\"article:published_time\" content=\"2018-04-03T04:35:16+00:00\" \/>\n<meta property=\"article:modified_time\" content=\"2026-04-23T18:35:53+00:00\" \/>\n<meta property=\"og:image\" content=\"https:\/\/dev.ccla.org\/wp-content\/uploads\/2021\/06\/CCCL_general_crowd_2000x800.jpg\" \/>\n\t<meta property=\"og:image:width\" content=\"2000\" \/>\n\t<meta property=\"og:image:height\" content=\"800\" \/>\n\t<meta property=\"og:image:type\" content=\"image\/jpeg\" \/>\n<meta name=\"author\" content=\"CCLA\" \/>\n<meta name=\"twitter:card\" content=\"summary_large_image\" \/>\n<meta name=\"twitter:label1\" content=\"\u00c9crit par\" \/>\n\t<meta name=\"twitter:data1\" content=\"CCLA\" \/>\n\t<meta name=\"twitter:label2\" content=\"Estimation du temps de lecture\" \/>\n\t<meta name=\"twitter:data2\" content=\"5 minutes\" \/>\n<script type=\"application\/ld+json\" class=\"yoast-schema-graph\">{\"@context\":\"https:\\\/\\\/schema.org\",\"@graph\":[{\"@type\":\"Article\",\"@id\":\"https:\\\/\\\/dev.ccla.org\\\/fr\\\/non-classe\\\/la-cour-dappel-federale-a-fixe-une-barre-inquietantement-basse-pour-les-questions-liees-a-la-charte\\\/#article\",\"isPartOf\":{\"@id\":\"https:\\\/\\\/dev.ccla.org\\\/fr\\\/non-classe\\\/la-cour-dappel-federale-a-fixe-une-barre-inquietantement-basse-pour-les-questions-liees-a-la-charte\\\/\"},\"author\":{\"name\":\"CCLA\",\"@id\":\"https:\\\/\\\/dev.ccla.org\\\/fr\\\/#\\\/schema\\\/person\\\/e48728d4a52926205e807fd8c52bf3b0\"},\"headline\":\"La Cour d\u2019appel f\u00e9d\u00e9rale a fix\u00e9 une barre inqui\u00e9tantement basse pour les questions li\u00e9es \u00e0 la Charte\",\"datePublished\":\"2018-04-03T04:35:16+00:00\",\"dateModified\":\"2026-04-23T18:35:53+00:00\",\"mainEntityOfPage\":{\"@id\":\"https:\\\/\\\/dev.ccla.org\\\/fr\\\/non-classe\\\/la-cour-dappel-federale-a-fixe-une-barre-inquietantement-basse-pour-les-questions-liees-a-la-charte\\\/\"},\"wordCount\":1071,\"image\":{\"@id\":\"https:\\\/\\\/dev.ccla.org\\\/fr\\\/non-classe\\\/la-cour-dappel-federale-a-fixe-une-barre-inquietantement-basse-pour-les-questions-liees-a-la-charte\\\/#primaryimage\"},\"thumbnailUrl\":\"https:\\\/\\\/dev.ccla.org\\\/wp-content\\\/uploads\\\/2021\\\/06\\\/CCCL_general_crowd_2000x800.jpg\",\"inLanguage\":\"fr-CA\"},{\"@type\":\"WebPage\",\"@id\":\"https:\\\/\\\/dev.ccla.org\\\/fr\\\/non-classe\\\/la-cour-dappel-federale-a-fixe-une-barre-inquietantement-basse-pour-les-questions-liees-a-la-charte\\\/\",\"url\":\"https:\\\/\\\/dev.ccla.org\\\/fr\\\/non-classe\\\/la-cour-dappel-federale-a-fixe-une-barre-inquietantement-basse-pour-les-questions-liees-a-la-charte\\\/\",\"name\":\"La Cour d\u2019appel f\u00e9d\u00e9rale a fix\u00e9 une barre inqui\u00e9tantement basse pour les questions li\u00e9es \u00e0 la Charte - CCLA\",\"isPartOf\":{\"@id\":\"https:\\\/\\\/dev.ccla.org\\\/fr\\\/#website\"},\"primaryImageOfPage\":{\"@id\":\"https:\\\/\\\/dev.ccla.org\\\/fr\\\/non-classe\\\/la-cour-dappel-federale-a-fixe-une-barre-inquietantement-basse-pour-les-questions-liees-a-la-charte\\\/#primaryimage\"},\"image\":{\"@id\":\"https:\\\/\\\/dev.ccla.org\\\/fr\\\/non-classe\\\/la-cour-dappel-federale-a-fixe-une-barre-inquietantement-basse-pour-les-questions-liees-a-la-charte\\\/#primaryimage\"},\"thumbnailUrl\":\"https:\\\/\\\/dev.ccla.org\\\/wp-content\\\/uploads\\\/2021\\\/06\\\/CCCL_general_crowd_2000x800.jpg\",\"datePublished\":\"2018-04-03T04:35:16+00:00\",\"dateModified\":\"2026-04-23T18:35:53+00:00\",\"author\":{\"@id\":\"https:\\\/\\\/dev.ccla.org\\\/fr\\\/#\\\/schema\\\/person\\\/e48728d4a52926205e807fd8c52bf3b0\"},\"breadcrumb\":{\"@id\":\"https:\\\/\\\/dev.ccla.org\\\/fr\\\/non-classe\\\/la-cour-dappel-federale-a-fixe-une-barre-inquietantement-basse-pour-les-questions-liees-a-la-charte\\\/#breadcrumb\"},\"inLanguage\":\"fr-CA\",\"potentialAction\":[{\"@type\":\"ReadAction\",\"target\":[\"https:\\\/\\\/dev.ccla.org\\\/fr\\\/non-classe\\\/la-cour-dappel-federale-a-fixe-une-barre-inquietantement-basse-pour-les-questions-liees-a-la-charte\\\/\"]}]},{\"@type\":\"ImageObject\",\"inLanguage\":\"fr-CA\",\"@id\":\"https:\\\/\\\/dev.ccla.org\\\/fr\\\/non-classe\\\/la-cour-dappel-federale-a-fixe-une-barre-inquietantement-basse-pour-les-questions-liees-a-la-charte\\\/#primaryimage\",\"url\":\"https:\\\/\\\/dev.ccla.org\\\/wp-content\\\/uploads\\\/2021\\\/06\\\/CCCL_general_crowd_2000x800.jpg\",\"contentUrl\":\"https:\\\/\\\/dev.ccla.org\\\/wp-content\\\/uploads\\\/2021\\\/06\\\/CCCL_general_crowd_2000x800.jpg\",\"width\":2000,\"height\":800},{\"@type\":\"BreadcrumbList\",\"@id\":\"https:\\\/\\\/dev.ccla.org\\\/fr\\\/non-classe\\\/la-cour-dappel-federale-a-fixe-une-barre-inquietantement-basse-pour-les-questions-liees-a-la-charte\\\/#breadcrumb\",\"itemListElement\":[{\"@type\":\"ListItem\",\"position\":1,\"name\":\"Home\",\"item\":\"https:\\\/\\\/dev.ccla.org\\\/fr\\\/accueil\\\/\"},{\"@type\":\"ListItem\",\"position\":2,\"name\":\"Non class\u00e9\",\"item\":\"https:\\\/\\\/dev.ccla.org\\\/fr\\\/category\\\/non-classe\\\/\"},{\"@type\":\"ListItem\",\"position\":3,\"name\":\"La Cour d\u2019appel f\u00e9d\u00e9rale a fix\u00e9 une barre inqui\u00e9tantement basse pour les questions li\u00e9es \u00e0 la Charte\"}]},{\"@type\":\"WebSite\",\"@id\":\"https:\\\/\\\/dev.ccla.org\\\/fr\\\/#website\",\"url\":\"https:\\\/\\\/dev.ccla.org\\\/fr\\\/\",\"name\":\"CCLA\",\"description\":\"\",\"potentialAction\":[{\"@type\":\"SearchAction\",\"target\":{\"@type\":\"EntryPoint\",\"urlTemplate\":\"https:\\\/\\\/dev.ccla.org\\\/fr\\\/?s={search_term_string}\"},\"query-input\":{\"@type\":\"PropertyValueSpecification\",\"valueRequired\":true,\"valueName\":\"search_term_string\"}}],\"inLanguage\":\"fr-CA\"},{\"@type\":\"Person\",\"@id\":\"https:\\\/\\\/dev.ccla.org\\\/fr\\\/#\\\/schema\\\/person\\\/e48728d4a52926205e807fd8c52bf3b0\",\"name\":\"CCLA\",\"image\":{\"@type\":\"ImageObject\",\"inLanguage\":\"fr-CA\",\"@id\":\"https:\\\/\\\/secure.gravatar.com\\\/avatar\\\/03b13921772ba279da547407d7a85f0b4a10bdf8cc9a026f2ac4e10643eee315?s=96&d=blank&r=g\",\"url\":\"https:\\\/\\\/secure.gravatar.com\\\/avatar\\\/03b13921772ba279da547407d7a85f0b4a10bdf8cc9a026f2ac4e10643eee315?s=96&d=blank&r=g\",\"contentUrl\":\"https:\\\/\\\/secure.gravatar.com\\\/avatar\\\/03b13921772ba279da547407d7a85f0b4a10bdf8cc9a026f2ac4e10643eee315?s=96&d=blank&r=g\",\"caption\":\"CCLA\"},\"url\":\"https:\\\/\\\/dev.ccla.org\\\/fr\\\/author\\\/ccla\\\/\"}]}<\/script>\n<!-- \/ Yoast SEO plugin. -->","yoast_head_json":{"title":"La Cour d\u2019appel f\u00e9d\u00e9rale a fix\u00e9 une barre inqui\u00e9tantement basse pour les questions li\u00e9es \u00e0 la Charte - CCLA","robots":{"index":"noindex","follow":"follow","max-snippet":"max-snippet:-1","max-image-preview":"max-image-preview:large","max-video-preview":"max-video-preview:-1"},"og_locale":"fr_CA","og_type":"article","og_title":"La Cour d\u2019appel f\u00e9d\u00e9rale a fix\u00e9 une barre inqui\u00e9tantement basse pour les questions li\u00e9es \u00e0 la Charte - CCLA","og_description":"Le 20 mars 2018, plus d\u2019un an apr\u00e8s avoir entendu les arguments dans l\u2019affaire Schmidt c. Procureur g\u00e9n\u00e9ral du Canada, la Cour d\u2019appel f\u00e9d\u00e9rale a rendu sa d\u00e9cision. La d\u00e9cision confirme que le ministre de la Justice n\u2019a qu\u2019\u00e0 faire rapport au Parlement concernant les incoh\u00e9rences entre un projet de loi propos\u00e9 et la Charte des droits et libert\u00e9s que lorsqu\u2019il n\u2019y a pas d\u2019argument cr\u00e9dible en faveur du passage du test de la Charte.","og_url":"https:\/\/dev.ccla.org\/fr\/non-classe\/la-cour-dappel-federale-a-fixe-une-barre-inquietantement-basse-pour-les-questions-liees-a-la-charte\/","og_site_name":"CCLA","article_published_time":"2018-04-03T04:35:16+00:00","article_modified_time":"2026-04-23T18:35:53+00:00","og_image":[{"width":2000,"height":800,"url":"https:\/\/dev.ccla.org\/wp-content\/uploads\/2021\/06\/CCCL_general_crowd_2000x800.jpg","type":"image\/jpeg"}],"author":"CCLA","twitter_card":"summary_large_image","twitter_misc":{"\u00c9crit par":"CCLA","Estimation du temps de lecture":"5 minutes"},"schema":{"@context":"https:\/\/schema.org","@graph":[{"@type":"Article","@id":"https:\/\/dev.ccla.org\/fr\/non-classe\/la-cour-dappel-federale-a-fixe-une-barre-inquietantement-basse-pour-les-questions-liees-a-la-charte\/#article","isPartOf":{"@id":"https:\/\/dev.ccla.org\/fr\/non-classe\/la-cour-dappel-federale-a-fixe-une-barre-inquietantement-basse-pour-les-questions-liees-a-la-charte\/"},"author":{"name":"CCLA","@id":"https:\/\/dev.ccla.org\/fr\/#\/schema\/person\/e48728d4a52926205e807fd8c52bf3b0"},"headline":"La Cour d\u2019appel f\u00e9d\u00e9rale a fix\u00e9 une barre inqui\u00e9tantement basse pour les questions li\u00e9es \u00e0 la Charte","datePublished":"2018-04-03T04:35:16+00:00","dateModified":"2026-04-23T18:35:53+00:00","mainEntityOfPage":{"@id":"https:\/\/dev.ccla.org\/fr\/non-classe\/la-cour-dappel-federale-a-fixe-une-barre-inquietantement-basse-pour-les-questions-liees-a-la-charte\/"},"wordCount":1071,"image":{"@id":"https:\/\/dev.ccla.org\/fr\/non-classe\/la-cour-dappel-federale-a-fixe-une-barre-inquietantement-basse-pour-les-questions-liees-a-la-charte\/#primaryimage"},"thumbnailUrl":"https:\/\/dev.ccla.org\/wp-content\/uploads\/2021\/06\/CCCL_general_crowd_2000x800.jpg","inLanguage":"fr-CA"},{"@type":"WebPage","@id":"https:\/\/dev.ccla.org\/fr\/non-classe\/la-cour-dappel-federale-a-fixe-une-barre-inquietantement-basse-pour-les-questions-liees-a-la-charte\/","url":"https:\/\/dev.ccla.org\/fr\/non-classe\/la-cour-dappel-federale-a-fixe-une-barre-inquietantement-basse-pour-les-questions-liees-a-la-charte\/","name":"La Cour d\u2019appel f\u00e9d\u00e9rale a fix\u00e9 une barre inqui\u00e9tantement basse pour les questions li\u00e9es \u00e0 la Charte - CCLA","isPartOf":{"@id":"https:\/\/dev.ccla.org\/fr\/#website"},"primaryImageOfPage":{"@id":"https:\/\/dev.ccla.org\/fr\/non-classe\/la-cour-dappel-federale-a-fixe-une-barre-inquietantement-basse-pour-les-questions-liees-a-la-charte\/#primaryimage"},"image":{"@id":"https:\/\/dev.ccla.org\/fr\/non-classe\/la-cour-dappel-federale-a-fixe-une-barre-inquietantement-basse-pour-les-questions-liees-a-la-charte\/#primaryimage"},"thumbnailUrl":"https:\/\/dev.ccla.org\/wp-content\/uploads\/2021\/06\/CCCL_general_crowd_2000x800.jpg","datePublished":"2018-04-03T04:35:16+00:00","dateModified":"2026-04-23T18:35:53+00:00","author":{"@id":"https:\/\/dev.ccla.org\/fr\/#\/schema\/person\/e48728d4a52926205e807fd8c52bf3b0"},"breadcrumb":{"@id":"https:\/\/dev.ccla.org\/fr\/non-classe\/la-cour-dappel-federale-a-fixe-une-barre-inquietantement-basse-pour-les-questions-liees-a-la-charte\/#breadcrumb"},"inLanguage":"fr-CA","potentialAction":[{"@type":"ReadAction","target":["https:\/\/dev.ccla.org\/fr\/non-classe\/la-cour-dappel-federale-a-fixe-une-barre-inquietantement-basse-pour-les-questions-liees-a-la-charte\/"]}]},{"@type":"ImageObject","inLanguage":"fr-CA","@id":"https:\/\/dev.ccla.org\/fr\/non-classe\/la-cour-dappel-federale-a-fixe-une-barre-inquietantement-basse-pour-les-questions-liees-a-la-charte\/#primaryimage","url":"https:\/\/dev.ccla.org\/wp-content\/uploads\/2021\/06\/CCCL_general_crowd_2000x800.jpg","contentUrl":"https:\/\/dev.ccla.org\/wp-content\/uploads\/2021\/06\/CCCL_general_crowd_2000x800.jpg","width":2000,"height":800},{"@type":"BreadcrumbList","@id":"https:\/\/dev.ccla.org\/fr\/non-classe\/la-cour-dappel-federale-a-fixe-une-barre-inquietantement-basse-pour-les-questions-liees-a-la-charte\/#breadcrumb","itemListElement":[{"@type":"ListItem","position":1,"name":"Home","item":"https:\/\/dev.ccla.org\/fr\/accueil\/"},{"@type":"ListItem","position":2,"name":"Non class\u00e9","item":"https:\/\/dev.ccla.org\/fr\/category\/non-classe\/"},{"@type":"ListItem","position":3,"name":"La Cour d\u2019appel f\u00e9d\u00e9rale a fix\u00e9 une barre inqui\u00e9tantement basse pour les questions li\u00e9es \u00e0 la Charte"}]},{"@type":"WebSite","@id":"https:\/\/dev.ccla.org\/fr\/#website","url":"https:\/\/dev.ccla.org\/fr\/","name":"CCLA","description":"","potentialAction":[{"@type":"SearchAction","target":{"@type":"EntryPoint","urlTemplate":"https:\/\/dev.ccla.org\/fr\/?s={search_term_string}"},"query-input":{"@type":"PropertyValueSpecification","valueRequired":true,"valueName":"search_term_string"}}],"inLanguage":"fr-CA"},{"@type":"Person","@id":"https:\/\/dev.ccla.org\/fr\/#\/schema\/person\/e48728d4a52926205e807fd8c52bf3b0","name":"CCLA","image":{"@type":"ImageObject","inLanguage":"fr-CA","@id":"https:\/\/secure.gravatar.com\/avatar\/03b13921772ba279da547407d7a85f0b4a10bdf8cc9a026f2ac4e10643eee315?s=96&d=blank&r=g","url":"https:\/\/secure.gravatar.com\/avatar\/03b13921772ba279da547407d7a85f0b4a10bdf8cc9a026f2ac4e10643eee315?s=96&d=blank&r=g","contentUrl":"https:\/\/secure.gravatar.com\/avatar\/03b13921772ba279da547407d7a85f0b4a10bdf8cc9a026f2ac4e10643eee315?s=96&d=blank&r=g","caption":"CCLA"},"url":"https:\/\/dev.ccla.org\/fr\/author\/ccla\/"}]}},"_links":{"self":[{"href":"https:\/\/dev.ccla.org\/fr\/wp-json\/wp\/v2\/posts\/15435","targetHints":{"allow":["GET"]}}],"collection":[{"href":"https:\/\/dev.ccla.org\/fr\/wp-json\/wp\/v2\/posts"}],"about":[{"href":"https:\/\/dev.ccla.org\/fr\/wp-json\/wp\/v2\/types\/post"}],"author":[{"embeddable":true,"href":"https:\/\/dev.ccla.org\/fr\/wp-json\/wp\/v2\/users\/4"}],"replies":[{"embeddable":true,"href":"https:\/\/dev.ccla.org\/fr\/wp-json\/wp\/v2\/comments?post=15435"}],"version-history":[{"count":10,"href":"https:\/\/dev.ccla.org\/fr\/wp-json\/wp\/v2\/posts\/15435\/revisions"}],"predecessor-version":[{"id":15466,"href":"https:\/\/dev.ccla.org\/fr\/wp-json\/wp\/v2\/posts\/15435\/revisions\/15466"}],"wp:featuredmedia":[{"embeddable":true,"href":"https:\/\/dev.ccla.org\/fr\/wp-json\/wp\/v2\/media\/13727"}],"wp:attachment":[{"href":"https:\/\/dev.ccla.org\/fr\/wp-json\/wp\/v2\/media?parent=15435"}],"wp:term":[{"taxonomy":"category","embeddable":true,"href":"https:\/\/dev.ccla.org\/fr\/wp-json\/wp\/v2\/categories?post=15435"},{"taxonomy":"post_tag","embeddable":true,"href":"https:\/\/dev.ccla.org\/fr\/wp-json\/wp\/v2\/tags?post=15435"}],"curies":[{"name":"wp","href":"https:\/\/api.w.org\/{rel}","templated":true}]}}