{"id":15413,"date":"2018-03-29T01:00:25","date_gmt":"2018-03-29T05:00:25","guid":{"rendered":"https:\/\/dev.ccla.org\/non-classe\/rapport-preliminaire-sur-les-violations-des-droits-a-york-u-resultats-de-lenquete\/"},"modified":"2026-04-23T14:35:40","modified_gmt":"2026-04-23T18:35:40","slug":"rapport-preliminaire-sur-les-violations-des-droits-a-york-u-resultats-de-lenquete","status":"publish","type":"post","link":"https:\/\/dev.ccla.org\/fr\/non-classe\/rapport-preliminaire-sur-les-violations-des-droits-a-york-u-resultats-de-lenquete\/","title":{"rendered":"Rapport pr\u00e9liminaire sur les violations des droits \u00e0 York U \u2013 R\u00e9sultats de l\u2019enqu\u00eate"},"content":{"rendered":"[vc_row type=\u00a0\u00bbin_container\u00a0\u00bb full_screen_row_position=\u00a0\u00bbmiddle\u00a0\u00bb column_margin=\u00a0\u00bbdefault\u00a0\u00bb column_direction=\u00a0\u00bbdefault\u00a0\u00bb column_direction_tablet=\u00a0\u00bbdefault\u00a0\u00bb column_direction_phone=\u00a0\u00bbdefault\u00a0\u00bb scene_position=\u00a0\u00bbcenter\u00a0\u00bb text_color=\u00a0\u00bbdark\u00a0\u00bb text_align=\u00a0\u00bbleft\u00a0\u00bb row_border_radius=\u00a0\u00bbnone\u00a0\u00bb row_border_radius_applies=\u00a0\u00bbbg\u00a0\u00bb overlay_strength=\u00a0\u00bb0.3&Prime; gradient_direction=\u00a0\u00bbleft_to_right\u00a0\u00bb shape_divider_position=\u00a0\u00bbbottom\u00a0\u00bb bg_image_animation=\u00a0\u00bbnone\u00a0\u00bb][vc_column column_padding=\u00a0\u00bbno-extra-padding\u00a0\u00bb column_padding_tablet=\u00a0\u00bbinherit\u00a0\u00bb column_padding_phone=\u00a0\u00bbinherit\u00a0\u00bb column_padding_position=\u00a0\u00bball\u00a0\u00bb column_element_spacing=\u00a0\u00bbdefault\u00a0\u00bb background_color_opacity=\u00a0\u00bb1&Prime; background_hover_color_opacity=\u00a0\u00bb1&Prime; column_shadow=\u00a0\u00bbnone\u00a0\u00bb column_border_radius=\u00a0\u00bbnone\u00a0\u00bb column_link_target=\u00a0\u00bb_self\u00a0\u00bb gradient_direction=\u00a0\u00bbleft_to_right\u00a0\u00bb overlay_strength=\u00a0\u00bb0.3&Prime; width=\u00a0\u00bb1\/1&Prime; tablet_width_inherit=\u00a0\u00bbdefault\u00a0\u00bb tablet_text_alignment=\u00a0\u00bbdefault\u00a0\u00bb phone_text_alignment=\u00a0\u00bbdefault\u00a0\u00bb bg_image_animation=\u00a0\u00bbnone\u00a0\u00bb border_type=\u00a0\u00bbsimple\u00a0\u00bb column_border_width=\u00a0\u00bbnone\u00a0\u00bb column_border_style=\u00a0\u00bbsolid\u00a0\u00bb][nectar_global_section id=\u00a0\u00bb1355&Prime;][\/vc_column][\/vc_row][vc_row type=\u00a0\u00bbfull_width_background\u00a0\u00bb full_screen_row_position=\u00a0\u00bbmiddle\u00a0\u00bb column_margin=\u00a0\u00bbdefault\u00a0\u00bb column_direction=\u00a0\u00bbdefault\u00a0\u00bb column_direction_tablet=\u00a0\u00bbdefault\u00a0\u00bb column_direction_phone=\u00a0\u00bbdefault\u00a0\u00bb scene_position=\u00a0\u00bbcenter\u00a0\u00bb top_padding=\u00a0\u00bb4%\u00a0\u00bb constrain_group_1=\u00a0\u00bbyes\u00a0\u00bb bottom_padding=\u00a0\u00bb4%\u00a0\u00bb text_color=\u00a0\u00bbdark\u00a0\u00bb text_align=\u00a0\u00bbleft\u00a0\u00bb row_border_radius=\u00a0\u00bbnone\u00a0\u00bb row_border_radius_applies=\u00a0\u00bbbg\u00a0\u00bb class=\u00a0\u00bbpost-links\u00a0\u00bb overlay_strength=\u00a0\u00bb0.3&Prime; gradient_direction=\u00a0\u00bbleft_to_right\u00a0\u00bb shape_divider_position=\u00a0\u00bbbottom\u00a0\u00bb bg_image_animation=\u00a0\u00bbnone\u00a0\u00bb shape_type=\u00a0\u00bb\u00a0\u00bb][vc_column column_padding=\u00a0\u00bbno-extra-padding\u00a0\u00bb column_padding_tablet=\u00a0\u00bbinherit\u00a0\u00bb column_padding_phone=\u00a0\u00bbinherit\u00a0\u00bb column_padding_position=\u00a0\u00bball\u00a0\u00bb column_element_spacing=\u00a0\u00bbdefault\u00a0\u00bb background_color_opacity=\u00a0\u00bb1&Prime; background_hover_color_opacity=\u00a0\u00bb1&Prime; column_shadow=\u00a0\u00bbnone\u00a0\u00bb column_border_radius=\u00a0\u00bbnone\u00a0\u00bb column_link_target=\u00a0\u00bb_self\u00a0\u00bb gradient_direction=\u00a0\u00bbleft_to_right\u00a0\u00bb overlay_strength=\u00a0\u00bb0.3&Prime; width=\u00a0\u00bb1\/1&Prime; tablet_width_inherit=\u00a0\u00bbdefault\u00a0\u00bb tablet_text_alignment=\u00a0\u00bbdefault\u00a0\u00bb phone_text_alignment=\u00a0\u00bbdefault\u00a0\u00bb bg_image_animation=\u00a0\u00bbnone\u00a0\u00bb border_type=\u00a0\u00bbsimple\u00a0\u00bb column_border_width=\u00a0\u00bbnone\u00a0\u00bb column_border_style=\u00a0\u00bbsolid\u00a0\u00bb][divider line_type=\u00a0\u00bbNo Line\u00a0\u00bb custom_height=\u00a0\u00bb30&Prime;][vc_column_text]\n<div class=\"entry-meta\">\n<p><strong><span class=\"posted-on\"><time class=\"entry-date published\" datetime=\"2018-03-29T09:08:06-04:00\">29 mars 2018<\/time><\/span><\/strong><\/p>\n<\/div>\n<div class=\"shapely-content \">\n<p>Voici les r\u00e9sultats de notre <a href=\"\/?p=29041\" target=\"_blank\" rel=\"noopener\">sondage<\/a> de l\u2019Universit\u00e9 York concernant la gr\u00e8ve en cours. Pr\u00e8s de 200 personnes ont rempli le sondage. L\u2019Association canadienne des libert\u00e9s civiles remercie ceux qui ont particip\u00e9 et ont partag\u00e9 vos histoires avec nous.  <\/p>\n<p>Nous avons construit un nuage de mots pour d\u00e9montrer les mots les plus populaires utilis\u00e9s dans les deux questions \u00e0 r\u00e9ponse courte. Voir ci-dessous les r\u00e9sultats. Vous pouvez <a href=\"\/?p=29089\" target=\"_blank\" rel=\"noopener\">aussi cliquer ici<\/a> pour voir la liste des mots les plus populaires et la fr\u00e9quence.  <\/p>\n<p><img loading=\"lazy\" decoding=\"async\" class=\"aligncenter size-large wp-image-29075\" src=\"https:\/\/dev.ccla.org\/wp-content\/uploads\/2021\/06\/WordCloud01-624x382-1.png\" sizes=\"auto, (max-width: 624px) 100vw, 624px\" srcset=\"https:\/\/dev.ccla.org\/wp-content\/uploads\/2021\/06\/WordCloud01-624x382-1.png 624w, https:\/\/dev.ccla.org\/wp-content\/uploads\/2021\/06\/WordCloud01-624x382-1.png 768w, https:\/\/dev.ccla.org\/wp-content\/uploads\/2021\/06\/WordCloud01-624x382-1.png 300w, https:\/\/dev.ccla.org\/wp-content\/uploads\/2021\/06\/WordCloud01-624x382-1.png 1930w\" alt=\"\" width=\"624\" height=\"382\"><\/p>\n<p><img loading=\"lazy\" decoding=\"async\" class=\"size-large wp-image-29077 aligncenter\" src=\"https:\/\/dev.ccla.org\/wp-content\/uploads\/2021\/06\/Q1-624x343-1.png\" sizes=\"auto, (max-width: 624px) 100vw, 624px\" srcset=\"https:\/\/dev.ccla.org\/wp-content\/uploads\/2021\/06\/Q1-624x343-1.png 624w, https:\/\/dev.ccla.org\/wp-content\/uploads\/2021\/06\/Q1-624x343-1.png 768w, https:\/\/dev.ccla.org\/wp-content\/uploads\/2021\/06\/Q1-624x343-1.png 300w, https:\/\/dev.ccla.org\/wp-content\/uploads\/2021\/06\/Q1-624x343-1.png 1212w\" alt=\"\" width=\"624\" height=\"343\"><\/p>\n<p>Avez-vous \u00e9t\u00e9 d\u00e9tenu (libert\u00e9 restreinte)?<br \/>\n92,8% (180 r\u00e9ponses) ont dit non | 7,2% (14 r\u00e9ponses ont dit oui)<\/p>\n<p><img loading=\"lazy\" decoding=\"async\" class=\"aligncenter size-large wp-image-29078\" src=\"https:\/\/dev.ccla.org\/wp-content\/uploads\/2021\/06\/Q2-624x374-1.png\" sizes=\"auto, (max-width: 624px) 100vw, 624px\" srcset=\"https:\/\/dev.ccla.org\/wp-content\/uploads\/2021\/06\/Q2-624x374-1.png 624w, https:\/\/dev.ccla.org\/wp-content\/uploads\/2021\/06\/Q2-624x374-1.png 768w, https:\/\/dev.ccla.org\/wp-content\/uploads\/2021\/06\/Q2-624x374-1.png 300w, https:\/\/dev.ccla.org\/wp-content\/uploads\/2021\/06\/Q2-624x374-1.png 1206w\" alt=\"\" width=\"624\" height=\"374\"><\/p>\n<p>Est-ce qu\u2019on vous a demand\u00e9 votre pi\u00e8ce d\u2019identit\u00e9?<br \/>\n72,3% (138 r\u00e9ponses) ont dit non | 27,7% (53 r\u00e9ponses) ont r\u00e9pondu oui<\/p>\n<p><img loading=\"lazy\" decoding=\"async\" class=\"aligncenter size-large wp-image-29079\" src=\"https:\/\/dev.ccla.org\/wp-content\/uploads\/2021\/06\/Q3-624x337-1.png\" sizes=\"auto, (max-width: 624px) 100vw, 624px\" srcset=\"https:\/\/dev.ccla.org\/wp-content\/uploads\/2021\/06\/Q3-624x337-1.png 624w, https:\/\/dev.ccla.org\/wp-content\/uploads\/2021\/06\/Q3-624x337-1.png 768w, https:\/\/dev.ccla.org\/wp-content\/uploads\/2021\/06\/Q3-624x337-1.png 300w, https:\/\/dev.ccla.org\/wp-content\/uploads\/2021\/06\/Q3-624x337-1.png 1354w\" alt=\"\" width=\"624\" height=\"337\"><\/p>\n<p>Vous \u00eates-vous senti intimid\u00e9 ou harcel\u00e9 par un agent de s\u00e9curit\u00e9 de YorkU ou par un agent de s\u00e9curit\u00e9 priv\u00e9?<br \/>\n44,6% ont dit non (86 r\u00e9ponses) | 55,4% ont r\u00e9pondu oui (107 r\u00e9ponses)<\/p>\n<p><img loading=\"lazy\" decoding=\"async\" class=\"aligncenter size-large wp-image-29080\" src=\"https:\/\/dev.ccla.org\/wp-content\/uploads\/2021\/06\/Q4-624x331-1.png\" sizes=\"auto, (max-width: 624px) 100vw, 624px\" srcset=\"https:\/\/dev.ccla.org\/wp-content\/uploads\/2021\/06\/Q4-624x331-1.png 624w, https:\/\/dev.ccla.org\/wp-content\/uploads\/2021\/06\/Q4-624x331-1.png 768w, https:\/\/dev.ccla.org\/wp-content\/uploads\/2021\/06\/Q4-624x331-1.png 300w, https:\/\/dev.ccla.org\/wp-content\/uploads\/2021\/06\/Q4-624x331-1.png 1298w\" alt=\"\" width=\"624\" height=\"331\"><\/p>\n<p>Avez-vous une vid\u00e9o ou un enregistrement audio de quelque chose de troublant?<br \/>\n83,8% ont dit non (160 r\u00e9ponses) | 16,2% ont dit oui (31 r\u00e9ponses)<\/p>\n<p><img loading=\"lazy\" decoding=\"async\" class=\"aligncenter size-large wp-image-29081\" src=\"https:\/\/dev.ccla.org\/wp-content\/uploads\/2021\/06\/Q5-624x382-1.png\" sizes=\"auto, (max-width: 624px) 100vw, 624px\" srcset=\"https:\/\/dev.ccla.org\/wp-content\/uploads\/2021\/06\/Q5-624x382-1.png 624w, https:\/\/dev.ccla.org\/wp-content\/uploads\/2021\/06\/Q5-624x382-1.png 768w, https:\/\/dev.ccla.org\/wp-content\/uploads\/2021\/06\/Q5-624x382-1.png 300w, https:\/\/dev.ccla.org\/wp-content\/uploads\/2021\/06\/Q5-624x382-1.png 1148w\" alt=\"\" width=\"624\" height=\"382\"><\/p>\n<p>Avez-vous \u00e9t\u00e9 film\u00e9 sans votre consentement?<br \/>\n32% ont dit non (62 r\u00e9ponses) | 68% ont dit oui (132 r\u00e9ponses)<\/p>\n<p><img loading=\"lazy\" decoding=\"async\" class=\"aligncenter size-large wp-image-29082\" src=\"https:\/\/dev.ccla.org\/wp-content\/uploads\/2021\/06\/Q6-624x350-1.png\" sizes=\"auto, (max-width: 624px) 100vw, 624px\" srcset=\"https:\/\/dev.ccla.org\/wp-content\/uploads\/2021\/06\/Q6-624x350-1.png 624w, https:\/\/dev.ccla.org\/wp-content\/uploads\/2021\/06\/Q6-624x350-1.png 768w, https:\/\/dev.ccla.org\/wp-content\/uploads\/2021\/06\/Q6-624x350-1.png 300w, https:\/\/dev.ccla.org\/wp-content\/uploads\/2021\/06\/Q6-624x350-1.png 1300w\" alt=\"\" width=\"624\" height=\"350\"><\/p>\n<p>&nbsp;<\/p>\n<p>As-tu \u00e9t\u00e9 surveill\u00e9? Aviez-vous l\u2019impression que des preuves \u00e9taient rassembl\u00e9es \u00e0 votre sujet?<br \/>\n31,8% ont dit non (61 r\u00e9ponses) | 68,2% ont r\u00e9pondu oui (131 r\u00e9ponses)<\/p>\n<p><img loading=\"lazy\" decoding=\"async\" class=\"aligncenter size-large wp-image-29083\" src=\"https:\/\/dev.ccla.org\/wp-content\/uploads\/2021\/06\/Q7-624x356-1.png\" sizes=\"auto, (max-width: 624px) 100vw, 624px\" srcset=\"https:\/\/dev.ccla.org\/wp-content\/uploads\/2021\/06\/Q7-624x356-1.png 624w, https:\/\/dev.ccla.org\/wp-content\/uploads\/2021\/06\/Q7-624x356-1.png 768w, https:\/\/dev.ccla.org\/wp-content\/uploads\/2021\/06\/Q7-624x356-1.png 300w, https:\/\/dev.ccla.org\/wp-content\/uploads\/2021\/06\/Q7-624x356-1.png 1288w\" alt=\"\" width=\"624\" height=\"356\"><\/p>\n<p>Cela vous d\u00e9courage-t-il de participer \u00e0 la gr\u00e8ve ou \u00e0 la protestation contre l\u2019Universit\u00e9 York?<br \/>\n60% ont dit non (114 r\u00e9ponses) | 40% ont dit oui (76 r\u00e9ponses)<\/p>\n<p><img loading=\"lazy\" decoding=\"async\" class=\"aligncenter size-large wp-image-29085\" src=\"https:\/\/dev.ccla.org\/wp-content\/uploads\/2021\/06\/Q8-624x327-1.png\" sizes=\"auto, (max-width: 624px) 100vw, 624px\" srcset=\"https:\/\/dev.ccla.org\/wp-content\/uploads\/2021\/06\/Q8-624x327-1.png 624w, https:\/\/dev.ccla.org\/wp-content\/uploads\/2021\/06\/Q8-624x327-1.png 768w, https:\/\/dev.ccla.org\/wp-content\/uploads\/2021\/06\/Q8-624x327-1.png 300w, https:\/\/dev.ccla.org\/wp-content\/uploads\/2021\/06\/Q8-624x327-1.png 1178w\" alt=\"\" width=\"624\" height=\"327\"><\/p>\n<p>Pensez-vous que l\u2019Universit\u00e9 est de votre c\u00f4t\u00e9?<br \/>\n84,3% ont dit non (166 r\u00e9ponses) | 15,7% ont r\u00e9pondu oui (31 r\u00e9ponses)<\/p>\n<\/div>\n[\/vc_column_text][\/vc_column][\/vc_row][vc_row type=\u00a0\u00bbin_container\u00a0\u00bb full_screen_row_position=\u00a0\u00bbmiddle\u00a0\u00bb column_margin=\u00a0\u00bbdefault\u00a0\u00bb column_direction=\u00a0\u00bbdefault\u00a0\u00bb column_direction_tablet=\u00a0\u00bbdefault\u00a0\u00bb column_direction_phone=\u00a0\u00bbdefault\u00a0\u00bb scene_position=\u00a0\u00bbcenter\u00a0\u00bb text_color=\u00a0\u00bbdark\u00a0\u00bb text_align=\u00a0\u00bbleft\u00a0\u00bb row_border_radius=\u00a0\u00bbnone\u00a0\u00bb row_border_radius_applies=\u00a0\u00bbbg\u00a0\u00bb overlay_strength=\u00a0\u00bb0.3&Prime; gradient_direction=\u00a0\u00bbleft_to_right\u00a0\u00bb shape_divider_position=\u00a0\u00bbbottom\u00a0\u00bb bg_image_animation=\u00a0\u00bbnone\u00a0\u00bb][vc_column column_padding=\u00a0\u00bbno-extra-padding\u00a0\u00bb column_padding_tablet=\u00a0\u00bbinherit\u00a0\u00bb column_padding_phone=\u00a0\u00bbinherit\u00a0\u00bb column_padding_position=\u00a0\u00bball\u00a0\u00bb column_element_spacing=\u00a0\u00bbdefault\u00a0\u00bb background_color_opacity=\u00a0\u00bb1&Prime; background_hover_color_opacity=\u00a0\u00bb1&Prime; column_shadow=\u00a0\u00bbnone\u00a0\u00bb column_border_radius=\u00a0\u00bbnone\u00a0\u00bb column_link_target=\u00a0\u00bb_self\u00a0\u00bb gradient_direction=\u00a0\u00bbleft_to_right\u00a0\u00bb overlay_strength=\u00a0\u00bb0.3&Prime; width=\u00a0\u00bb1\/1&Prime; tablet_width_inherit=\u00a0\u00bbdefault\u00a0\u00bb tablet_text_alignment=\u00a0\u00bbdefault\u00a0\u00bb phone_text_alignment=\u00a0\u00bbdefault\u00a0\u00bb bg_image_animation=\u00a0\u00bbnone\u00a0\u00bb border_type=\u00a0\u00bbsimple\u00a0\u00bb column_border_width=\u00a0\u00bbnone\u00a0\u00bb column_border_style=\u00a0\u00bbsolid\u00a0\u00bb][nectar_global_section id=\u00a0\u00bb1461&Prime;][\/vc_column][\/vc_row]\n","protected":false},"excerpt":{"rendered":"<p>Voici les r\u00e9sultats de notre sondage de l\u2019Universit\u00e9 York concernant la gr\u00e8ve en cours. Pr\u00e8s de 200 personnes ont rempli le sondage. L\u2019Association canadienne des libert\u00e9s civiles remercie ceux qui ont particip\u00e9 et ont partag\u00e9 vos histoires avec nous.  <\/p>\n","protected":false},"author":4,"featured_media":13727,"comment_status":"closed","ping_status":"closed","sticky":false,"template":"","format":"standard","meta":{"footnotes":""},"categories":[254],"tags":[],"class_list":{"0":"post-15413","1":"post","2":"type-post","3":"status-publish","4":"format-standard","5":"has-post-thumbnail","7":"category-non-classe"},"yoast_head":"<!-- This site is optimized with the Yoast SEO plugin v27.4 - https:\/\/yoast.com\/product\/yoast-seo-wordpress\/ -->\n<title>Rapport pr\u00e9liminaire sur les violations des droits \u00e0 York U \u2013 R\u00e9sultats de l\u2019enqu\u00eate - CCLA<\/title>\n<meta name=\"robots\" content=\"noindex, follow, max-snippet:-1, max-image-preview:large, max-video-preview:-1\" \/>\n<meta property=\"og:locale\" content=\"fr_CA\" \/>\n<meta property=\"og:type\" content=\"article\" \/>\n<meta property=\"og:title\" content=\"Rapport pr\u00e9liminaire sur les violations des droits \u00e0 York U \u2013 R\u00e9sultats de l\u2019enqu\u00eate - CCLA\" \/>\n<meta property=\"og:description\" content=\"Voici les r\u00e9sultats de notre sondage de l\u2019Universit\u00e9 York concernant la gr\u00e8ve en cours. Pr\u00e8s de 200 personnes ont rempli le sondage. L\u2019Association canadienne des libert\u00e9s civiles remercie ceux qui ont particip\u00e9 et ont partag\u00e9 vos histoires avec nous.\" \/>\n<meta property=\"og:url\" content=\"https:\/\/dev.ccla.org\/fr\/non-classe\/rapport-preliminaire-sur-les-violations-des-droits-a-york-u-resultats-de-lenquete\/\" \/>\n<meta property=\"og:site_name\" content=\"CCLA\" \/>\n<meta property=\"article:published_time\" content=\"2018-03-29T05:00:25+00:00\" \/>\n<meta property=\"article:modified_time\" content=\"2026-04-23T18:35:40+00:00\" \/>\n<meta property=\"og:image\" content=\"https:\/\/dev.ccla.org\/wp-content\/uploads\/2021\/06\/CCCL_general_crowd_2000x800.jpg\" \/>\n\t<meta property=\"og:image:width\" content=\"2000\" \/>\n\t<meta property=\"og:image:height\" content=\"800\" \/>\n\t<meta property=\"og:image:type\" content=\"image\/jpeg\" \/>\n<meta name=\"author\" content=\"CCLA\" \/>\n<meta name=\"twitter:card\" content=\"summary_large_image\" \/>\n<meta name=\"twitter:label1\" content=\"\u00c9crit par\" \/>\n\t<meta name=\"twitter:data1\" content=\"CCLA\" \/>\n\t<meta name=\"twitter:label2\" content=\"Estimation du temps de lecture\" \/>\n\t<meta name=\"twitter:data2\" content=\"4 minutes\" \/>\n<script type=\"application\/ld+json\" class=\"yoast-schema-graph\">{\"@context\":\"https:\\\/\\\/schema.org\",\"@graph\":[{\"@type\":\"Article\",\"@id\":\"https:\\\/\\\/dev.ccla.org\\\/fr\\\/non-classe\\\/rapport-preliminaire-sur-les-violations-des-droits-a-york-u-resultats-de-lenquete\\\/#article\",\"isPartOf\":{\"@id\":\"https:\\\/\\\/dev.ccla.org\\\/fr\\\/non-classe\\\/rapport-preliminaire-sur-les-violations-des-droits-a-york-u-resultats-de-lenquete\\\/\"},\"author\":{\"name\":\"CCLA\",\"@id\":\"https:\\\/\\\/dev.ccla.org\\\/fr\\\/#\\\/schema\\\/person\\\/e48728d4a52926205e807fd8c52bf3b0\"},\"headline\":\"Rapport pr\u00e9liminaire sur les violations des droits \u00e0 York U \u2013 R\u00e9sultats de l\u2019enqu\u00eate\",\"datePublished\":\"2018-03-29T05:00:25+00:00\",\"dateModified\":\"2026-04-23T18:35:40+00:00\",\"mainEntityOfPage\":{\"@id\":\"https:\\\/\\\/dev.ccla.org\\\/fr\\\/non-classe\\\/rapport-preliminaire-sur-les-violations-des-droits-a-york-u-resultats-de-lenquete\\\/\"},\"wordCount\":728,\"image\":{\"@id\":\"https:\\\/\\\/dev.ccla.org\\\/fr\\\/non-classe\\\/rapport-preliminaire-sur-les-violations-des-droits-a-york-u-resultats-de-lenquete\\\/#primaryimage\"},\"thumbnailUrl\":\"https:\\\/\\\/dev.ccla.org\\\/wp-content\\\/uploads\\\/2021\\\/06\\\/CCCL_general_crowd_2000x800.jpg\",\"inLanguage\":\"fr-CA\"},{\"@type\":\"WebPage\",\"@id\":\"https:\\\/\\\/dev.ccla.org\\\/fr\\\/non-classe\\\/rapport-preliminaire-sur-les-violations-des-droits-a-york-u-resultats-de-lenquete\\\/\",\"url\":\"https:\\\/\\\/dev.ccla.org\\\/fr\\\/non-classe\\\/rapport-preliminaire-sur-les-violations-des-droits-a-york-u-resultats-de-lenquete\\\/\",\"name\":\"Rapport pr\u00e9liminaire sur les violations des droits \u00e0 York U \u2013 R\u00e9sultats de l\u2019enqu\u00eate - CCLA\",\"isPartOf\":{\"@id\":\"https:\\\/\\\/dev.ccla.org\\\/fr\\\/#website\"},\"primaryImageOfPage\":{\"@id\":\"https:\\\/\\\/dev.ccla.org\\\/fr\\\/non-classe\\\/rapport-preliminaire-sur-les-violations-des-droits-a-york-u-resultats-de-lenquete\\\/#primaryimage\"},\"image\":{\"@id\":\"https:\\\/\\\/dev.ccla.org\\\/fr\\\/non-classe\\\/rapport-preliminaire-sur-les-violations-des-droits-a-york-u-resultats-de-lenquete\\\/#primaryimage\"},\"thumbnailUrl\":\"https:\\\/\\\/dev.ccla.org\\\/wp-content\\\/uploads\\\/2021\\\/06\\\/CCCL_general_crowd_2000x800.jpg\",\"datePublished\":\"2018-03-29T05:00:25+00:00\",\"dateModified\":\"2026-04-23T18:35:40+00:00\",\"author\":{\"@id\":\"https:\\\/\\\/dev.ccla.org\\\/fr\\\/#\\\/schema\\\/person\\\/e48728d4a52926205e807fd8c52bf3b0\"},\"breadcrumb\":{\"@id\":\"https:\\\/\\\/dev.ccla.org\\\/fr\\\/non-classe\\\/rapport-preliminaire-sur-les-violations-des-droits-a-york-u-resultats-de-lenquete\\\/#breadcrumb\"},\"inLanguage\":\"fr-CA\",\"potentialAction\":[{\"@type\":\"ReadAction\",\"target\":[\"https:\\\/\\\/dev.ccla.org\\\/fr\\\/non-classe\\\/rapport-preliminaire-sur-les-violations-des-droits-a-york-u-resultats-de-lenquete\\\/\"]}]},{\"@type\":\"ImageObject\",\"inLanguage\":\"fr-CA\",\"@id\":\"https:\\\/\\\/dev.ccla.org\\\/fr\\\/non-classe\\\/rapport-preliminaire-sur-les-violations-des-droits-a-york-u-resultats-de-lenquete\\\/#primaryimage\",\"url\":\"https:\\\/\\\/dev.ccla.org\\\/wp-content\\\/uploads\\\/2021\\\/06\\\/CCCL_general_crowd_2000x800.jpg\",\"contentUrl\":\"https:\\\/\\\/dev.ccla.org\\\/wp-content\\\/uploads\\\/2021\\\/06\\\/CCCL_general_crowd_2000x800.jpg\",\"width\":2000,\"height\":800},{\"@type\":\"BreadcrumbList\",\"@id\":\"https:\\\/\\\/dev.ccla.org\\\/fr\\\/non-classe\\\/rapport-preliminaire-sur-les-violations-des-droits-a-york-u-resultats-de-lenquete\\\/#breadcrumb\",\"itemListElement\":[{\"@type\":\"ListItem\",\"position\":1,\"name\":\"Home\",\"item\":\"https:\\\/\\\/dev.ccla.org\\\/fr\\\/accueil\\\/\"},{\"@type\":\"ListItem\",\"position\":2,\"name\":\"Non class\u00e9\",\"item\":\"https:\\\/\\\/dev.ccla.org\\\/fr\\\/category\\\/non-classe\\\/\"},{\"@type\":\"ListItem\",\"position\":3,\"name\":\"Rapport pr\u00e9liminaire sur les violations des droits \u00e0 York U \u2013 R\u00e9sultats de l\u2019enqu\u00eate\"}]},{\"@type\":\"WebSite\",\"@id\":\"https:\\\/\\\/dev.ccla.org\\\/fr\\\/#website\",\"url\":\"https:\\\/\\\/dev.ccla.org\\\/fr\\\/\",\"name\":\"CCLA\",\"description\":\"\",\"potentialAction\":[{\"@type\":\"SearchAction\",\"target\":{\"@type\":\"EntryPoint\",\"urlTemplate\":\"https:\\\/\\\/dev.ccla.org\\\/fr\\\/?s={search_term_string}\"},\"query-input\":{\"@type\":\"PropertyValueSpecification\",\"valueRequired\":true,\"valueName\":\"search_term_string\"}}],\"inLanguage\":\"fr-CA\"},{\"@type\":\"Person\",\"@id\":\"https:\\\/\\\/dev.ccla.org\\\/fr\\\/#\\\/schema\\\/person\\\/e48728d4a52926205e807fd8c52bf3b0\",\"name\":\"CCLA\",\"image\":{\"@type\":\"ImageObject\",\"inLanguage\":\"fr-CA\",\"@id\":\"https:\\\/\\\/secure.gravatar.com\\\/avatar\\\/03b13921772ba279da547407d7a85f0b4a10bdf8cc9a026f2ac4e10643eee315?s=96&d=blank&r=g\",\"url\":\"https:\\\/\\\/secure.gravatar.com\\\/avatar\\\/03b13921772ba279da547407d7a85f0b4a10bdf8cc9a026f2ac4e10643eee315?s=96&d=blank&r=g\",\"contentUrl\":\"https:\\\/\\\/secure.gravatar.com\\\/avatar\\\/03b13921772ba279da547407d7a85f0b4a10bdf8cc9a026f2ac4e10643eee315?s=96&d=blank&r=g\",\"caption\":\"CCLA\"},\"url\":\"https:\\\/\\\/dev.ccla.org\\\/fr\\\/author\\\/ccla\\\/\"}]}<\/script>\n<!-- \/ Yoast SEO plugin. -->","yoast_head_json":{"title":"Rapport pr\u00e9liminaire sur les violations des droits \u00e0 York U \u2013 R\u00e9sultats de l\u2019enqu\u00eate - CCLA","robots":{"index":"noindex","follow":"follow","max-snippet":"max-snippet:-1","max-image-preview":"max-image-preview:large","max-video-preview":"max-video-preview:-1"},"og_locale":"fr_CA","og_type":"article","og_title":"Rapport pr\u00e9liminaire sur les violations des droits \u00e0 York U \u2013 R\u00e9sultats de l\u2019enqu\u00eate - CCLA","og_description":"Voici les r\u00e9sultats de notre sondage de l\u2019Universit\u00e9 York concernant la gr\u00e8ve en cours. Pr\u00e8s de 200 personnes ont rempli le sondage. L\u2019Association canadienne des libert\u00e9s civiles remercie ceux qui ont particip\u00e9 et ont partag\u00e9 vos histoires avec nous.","og_url":"https:\/\/dev.ccla.org\/fr\/non-classe\/rapport-preliminaire-sur-les-violations-des-droits-a-york-u-resultats-de-lenquete\/","og_site_name":"CCLA","article_published_time":"2018-03-29T05:00:25+00:00","article_modified_time":"2026-04-23T18:35:40+00:00","og_image":[{"width":2000,"height":800,"url":"https:\/\/dev.ccla.org\/wp-content\/uploads\/2021\/06\/CCCL_general_crowd_2000x800.jpg","type":"image\/jpeg"}],"author":"CCLA","twitter_card":"summary_large_image","twitter_misc":{"\u00c9crit par":"CCLA","Estimation du temps de lecture":"4 minutes"},"schema":{"@context":"https:\/\/schema.org","@graph":[{"@type":"Article","@id":"https:\/\/dev.ccla.org\/fr\/non-classe\/rapport-preliminaire-sur-les-violations-des-droits-a-york-u-resultats-de-lenquete\/#article","isPartOf":{"@id":"https:\/\/dev.ccla.org\/fr\/non-classe\/rapport-preliminaire-sur-les-violations-des-droits-a-york-u-resultats-de-lenquete\/"},"author":{"name":"CCLA","@id":"https:\/\/dev.ccla.org\/fr\/#\/schema\/person\/e48728d4a52926205e807fd8c52bf3b0"},"headline":"Rapport pr\u00e9liminaire sur les violations des droits \u00e0 York U \u2013 R\u00e9sultats de l\u2019enqu\u00eate","datePublished":"2018-03-29T05:00:25+00:00","dateModified":"2026-04-23T18:35:40+00:00","mainEntityOfPage":{"@id":"https:\/\/dev.ccla.org\/fr\/non-classe\/rapport-preliminaire-sur-les-violations-des-droits-a-york-u-resultats-de-lenquete\/"},"wordCount":728,"image":{"@id":"https:\/\/dev.ccla.org\/fr\/non-classe\/rapport-preliminaire-sur-les-violations-des-droits-a-york-u-resultats-de-lenquete\/#primaryimage"},"thumbnailUrl":"https:\/\/dev.ccla.org\/wp-content\/uploads\/2021\/06\/CCCL_general_crowd_2000x800.jpg","inLanguage":"fr-CA"},{"@type":"WebPage","@id":"https:\/\/dev.ccla.org\/fr\/non-classe\/rapport-preliminaire-sur-les-violations-des-droits-a-york-u-resultats-de-lenquete\/","url":"https:\/\/dev.ccla.org\/fr\/non-classe\/rapport-preliminaire-sur-les-violations-des-droits-a-york-u-resultats-de-lenquete\/","name":"Rapport pr\u00e9liminaire sur les violations des droits \u00e0 York U \u2013 R\u00e9sultats de l\u2019enqu\u00eate - CCLA","isPartOf":{"@id":"https:\/\/dev.ccla.org\/fr\/#website"},"primaryImageOfPage":{"@id":"https:\/\/dev.ccla.org\/fr\/non-classe\/rapport-preliminaire-sur-les-violations-des-droits-a-york-u-resultats-de-lenquete\/#primaryimage"},"image":{"@id":"https:\/\/dev.ccla.org\/fr\/non-classe\/rapport-preliminaire-sur-les-violations-des-droits-a-york-u-resultats-de-lenquete\/#primaryimage"},"thumbnailUrl":"https:\/\/dev.ccla.org\/wp-content\/uploads\/2021\/06\/CCCL_general_crowd_2000x800.jpg","datePublished":"2018-03-29T05:00:25+00:00","dateModified":"2026-04-23T18:35:40+00:00","author":{"@id":"https:\/\/dev.ccla.org\/fr\/#\/schema\/person\/e48728d4a52926205e807fd8c52bf3b0"},"breadcrumb":{"@id":"https:\/\/dev.ccla.org\/fr\/non-classe\/rapport-preliminaire-sur-les-violations-des-droits-a-york-u-resultats-de-lenquete\/#breadcrumb"},"inLanguage":"fr-CA","potentialAction":[{"@type":"ReadAction","target":["https:\/\/dev.ccla.org\/fr\/non-classe\/rapport-preliminaire-sur-les-violations-des-droits-a-york-u-resultats-de-lenquete\/"]}]},{"@type":"ImageObject","inLanguage":"fr-CA","@id":"https:\/\/dev.ccla.org\/fr\/non-classe\/rapport-preliminaire-sur-les-violations-des-droits-a-york-u-resultats-de-lenquete\/#primaryimage","url":"https:\/\/dev.ccla.org\/wp-content\/uploads\/2021\/06\/CCCL_general_crowd_2000x800.jpg","contentUrl":"https:\/\/dev.ccla.org\/wp-content\/uploads\/2021\/06\/CCCL_general_crowd_2000x800.jpg","width":2000,"height":800},{"@type":"BreadcrumbList","@id":"https:\/\/dev.ccla.org\/fr\/non-classe\/rapport-preliminaire-sur-les-violations-des-droits-a-york-u-resultats-de-lenquete\/#breadcrumb","itemListElement":[{"@type":"ListItem","position":1,"name":"Home","item":"https:\/\/dev.ccla.org\/fr\/accueil\/"},{"@type":"ListItem","position":2,"name":"Non class\u00e9","item":"https:\/\/dev.ccla.org\/fr\/category\/non-classe\/"},{"@type":"ListItem","position":3,"name":"Rapport pr\u00e9liminaire sur les violations des droits \u00e0 York U \u2013 R\u00e9sultats de l\u2019enqu\u00eate"}]},{"@type":"WebSite","@id":"https:\/\/dev.ccla.org\/fr\/#website","url":"https:\/\/dev.ccla.org\/fr\/","name":"CCLA","description":"","potentialAction":[{"@type":"SearchAction","target":{"@type":"EntryPoint","urlTemplate":"https:\/\/dev.ccla.org\/fr\/?s={search_term_string}"},"query-input":{"@type":"PropertyValueSpecification","valueRequired":true,"valueName":"search_term_string"}}],"inLanguage":"fr-CA"},{"@type":"Person","@id":"https:\/\/dev.ccla.org\/fr\/#\/schema\/person\/e48728d4a52926205e807fd8c52bf3b0","name":"CCLA","image":{"@type":"ImageObject","inLanguage":"fr-CA","@id":"https:\/\/secure.gravatar.com\/avatar\/03b13921772ba279da547407d7a85f0b4a10bdf8cc9a026f2ac4e10643eee315?s=96&d=blank&r=g","url":"https:\/\/secure.gravatar.com\/avatar\/03b13921772ba279da547407d7a85f0b4a10bdf8cc9a026f2ac4e10643eee315?s=96&d=blank&r=g","contentUrl":"https:\/\/secure.gravatar.com\/avatar\/03b13921772ba279da547407d7a85f0b4a10bdf8cc9a026f2ac4e10643eee315?s=96&d=blank&r=g","caption":"CCLA"},"url":"https:\/\/dev.ccla.org\/fr\/author\/ccla\/"}]}},"_links":{"self":[{"href":"https:\/\/dev.ccla.org\/fr\/wp-json\/wp\/v2\/posts\/15413","targetHints":{"allow":["GET"]}}],"collection":[{"href":"https:\/\/dev.ccla.org\/fr\/wp-json\/wp\/v2\/posts"}],"about":[{"href":"https:\/\/dev.ccla.org\/fr\/wp-json\/wp\/v2\/types\/post"}],"author":[{"embeddable":true,"href":"https:\/\/dev.ccla.org\/fr\/wp-json\/wp\/v2\/users\/4"}],"replies":[{"embeddable":true,"href":"https:\/\/dev.ccla.org\/fr\/wp-json\/wp\/v2\/comments?post=15413"}],"version-history":[{"count":1,"href":"https:\/\/dev.ccla.org\/fr\/wp-json\/wp\/v2\/posts\/15413\/revisions"}],"predecessor-version":[{"id":15418,"href":"https:\/\/dev.ccla.org\/fr\/wp-json\/wp\/v2\/posts\/15413\/revisions\/15418"}],"wp:featuredmedia":[{"embeddable":true,"href":"https:\/\/dev.ccla.org\/fr\/wp-json\/wp\/v2\/media\/13727"}],"wp:attachment":[{"href":"https:\/\/dev.ccla.org\/fr\/wp-json\/wp\/v2\/media?parent=15413"}],"wp:term":[{"taxonomy":"category","embeddable":true,"href":"https:\/\/dev.ccla.org\/fr\/wp-json\/wp\/v2\/categories?post=15413"},{"taxonomy":"post_tag","embeddable":true,"href":"https:\/\/dev.ccla.org\/fr\/wp-json\/wp\/v2\/tags?post=15413"}],"curies":[{"name":"wp","href":"https:\/\/api.w.org\/{rel}","templated":true}]}}