{"id":15407,"date":"2018-03-29T00:46:38","date_gmt":"2018-03-29T04:46:38","guid":{"rendered":"https:\/\/dev.ccla.org\/non-classe\/recommandations-de-la-ccla-sur-la-greve-en-u-de-york\/"},"modified":"2026-04-23T14:35:40","modified_gmt":"2026-04-23T18:35:40","slug":"recommandations-de-la-ccla-sur-la-greve-en-u-de-york","status":"publish","type":"post","link":"https:\/\/dev.ccla.org\/fr\/communiques-de-presse\/recommandations-de-la-ccla-sur-la-greve-en-u-de-york\/","title":{"rendered":"Recommandations de la CCLA sur la gr\u00e8ve en U de York"},"content":{"rendered":"[vc_row type=\u00a0\u00bbin_container\u00a0\u00bb full_screen_row_position=\u00a0\u00bbmiddle\u00a0\u00bb column_margin=\u00a0\u00bbdefault\u00a0\u00bb column_direction=\u00a0\u00bbdefault\u00a0\u00bb column_direction_tablet=\u00a0\u00bbdefault\u00a0\u00bb column_direction_phone=\u00a0\u00bbdefault\u00a0\u00bb scene_position=\u00a0\u00bbcenter\u00a0\u00bb text_color=\u00a0\u00bbdark\u00a0\u00bb text_align=\u00a0\u00bbleft\u00a0\u00bb row_border_radius=\u00a0\u00bbnone\u00a0\u00bb row_border_radius_applies=\u00a0\u00bbbg\u00a0\u00bb overlay_strength=\u00a0\u00bb0.3&Prime; gradient_direction=\u00a0\u00bbleft_to_right\u00a0\u00bb shape_divider_position=\u00a0\u00bbbottom\u00a0\u00bb bg_image_animation=\u00a0\u00bbnone\u00a0\u00bb][vc_column column_padding=\u00a0\u00bbno-extra-padding\u00a0\u00bb column_padding_tablet=\u00a0\u00bbinherit\u00a0\u00bb column_padding_phone=\u00a0\u00bbinherit\u00a0\u00bb column_padding_position=\u00a0\u00bball\u00a0\u00bb column_element_spacing=\u00a0\u00bbdefault\u00a0\u00bb background_color_opacity=\u00a0\u00bb1&Prime; background_hover_color_opacity=\u00a0\u00bb1&Prime; column_shadow=\u00a0\u00bbnone\u00a0\u00bb column_border_radius=\u00a0\u00bbnone\u00a0\u00bb column_link_target=\u00a0\u00bb_self\u00a0\u00bb gradient_direction=\u00a0\u00bbleft_to_right\u00a0\u00bb overlay_strength=\u00a0\u00bb0.3&Prime; width=\u00a0\u00bb1\/1&Prime; tablet_width_inherit=\u00a0\u00bbdefault\u00a0\u00bb tablet_text_alignment=\u00a0\u00bbdefault\u00a0\u00bb phone_text_alignment=\u00a0\u00bbdefault\u00a0\u00bb bg_image_animation=\u00a0\u00bbnone\u00a0\u00bb border_type=\u00a0\u00bbsimple\u00a0\u00bb column_border_width=\u00a0\u00bbnone\u00a0\u00bb column_border_style=\u00a0\u00bbsolid\u00a0\u00bb][nectar_global_section id=\u00a0\u00bb1355&Prime;][\/vc_column][\/vc_row][vc_row type=\u00a0\u00bbfull_width_background\u00a0\u00bb full_screen_row_position=\u00a0\u00bbmiddle\u00a0\u00bb column_margin=\u00a0\u00bbdefault\u00a0\u00bb column_direction=\u00a0\u00bbdefault\u00a0\u00bb column_direction_tablet=\u00a0\u00bbdefault\u00a0\u00bb column_direction_phone=\u00a0\u00bbdefault\u00a0\u00bb scene_position=\u00a0\u00bbcenter\u00a0\u00bb top_padding=\u00a0\u00bb4%\u00a0\u00bb constrain_group_1=\u00a0\u00bbyes\u00a0\u00bb bottom_padding=\u00a0\u00bb4%\u00a0\u00bb text_color=\u00a0\u00bbdark\u00a0\u00bb text_align=\u00a0\u00bbleft\u00a0\u00bb row_border_radius=\u00a0\u00bbnone\u00a0\u00bb row_border_radius_applies=\u00a0\u00bbbg\u00a0\u00bb class=\u00a0\u00bbpost-links\u00a0\u00bb overlay_strength=\u00a0\u00bb0.3&Prime; gradient_direction=\u00a0\u00bbleft_to_right\u00a0\u00bb shape_divider_position=\u00a0\u00bbbottom\u00a0\u00bb bg_image_animation=\u00a0\u00bbnone\u00a0\u00bb shape_type=\u00a0\u00bb\u00a0\u00bb][vc_column column_padding=\u00a0\u00bbno-extra-padding\u00a0\u00bb column_padding_tablet=\u00a0\u00bbinherit\u00a0\u00bb column_padding_phone=\u00a0\u00bbinherit\u00a0\u00bb column_padding_position=\u00a0\u00bball\u00a0\u00bb column_element_spacing=\u00a0\u00bbdefault\u00a0\u00bb background_color_opacity=\u00a0\u00bb1&Prime; background_hover_color_opacity=\u00a0\u00bb1&Prime; column_shadow=\u00a0\u00bbnone\u00a0\u00bb column_border_radius=\u00a0\u00bbnone\u00a0\u00bb column_link_target=\u00a0\u00bb_self\u00a0\u00bb gradient_direction=\u00a0\u00bbleft_to_right\u00a0\u00bb overlay_strength=\u00a0\u00bb0.3&Prime; width=\u00a0\u00bb1\/1&Prime; tablet_width_inherit=\u00a0\u00bbdefault\u00a0\u00bb tablet_text_alignment=\u00a0\u00bbdefault\u00a0\u00bb phone_text_alignment=\u00a0\u00bbdefault\u00a0\u00bb bg_image_animation=\u00a0\u00bbnone\u00a0\u00bb border_type=\u00a0\u00bbsimple\u00a0\u00bb column_border_width=\u00a0\u00bbnone\u00a0\u00bb column_border_style=\u00a0\u00bbsolid\u00a0\u00bb][divider line_type=\u00a0\u00bbNo Line\u00a0\u00bb custom_height=\u00a0\u00bb30&Prime;][vc_column_text]\n<h2 class=\"post-title entry-title\"><strong style=\"font-size: 16px;\"><span class=\"posted-on\"><time class=\"entry-date published\" datetime=\"2018-03-29T12:48:13-04:00\">29 mars 2018<\/time><\/span><\/strong><\/h2>\n<div class=\"shapely-content \">\n<p><strong>POUR DIFFUSION IMM\u00c9DIATE<\/strong><\/p>\n<h2><span style=\"color: #1e5799;\">CCLA \u00c0 YORK U PREZ : LE CAMPUS SEMBLE ASSI\u00c9G\u00c9 ET TRAHI PAR VOS TACTIQUES<\/span><\/h2>\n<p>29 mars 2018 (Toronto, ON) \u2013 Apr\u00e8s <a href=\"\/?p=29041\" target=\"_blank\" rel=\"noopener\">des \u00e9changes<\/a> cette semaine entre le pr\u00e9sident de York U et le directeur ex\u00e9cutif de la CCLA, le d\u00e9fenseur des libert\u00e9s civiles a publi\u00e9 son <a href=\"\/?p=29069\" target=\"_blank\" rel=\"noopener\">rapport pr\u00e9liminaire sur la gr\u00e8ve de York U<\/a>. \u00ab Il est temps que York vous retiriez la s\u00e9curit\u00e9 priv\u00e9e, cessiez la surveillance et mettiez fin aux tactiques intimidantes qui refroidissent les droits constitutionnels de protester et de faire gr\u00e8ve \u00bb, a d\u00e9clar\u00e9 Michael Bryant de la CCLA. \u00ab \u00c0 tout le monde sur le campus : vous avez le pouvoir. On est l\u00e0 pour toi. Merci \u00e0 tous ceux qui ont pris le temps de remplir notre sondage, ainsi qu\u2019\u00e0 la pr\u00e9sidente Rhonda Lenton de nous avoir \u00e9cout\u00e9s et de r\u00e9pondre \u00e0 nos accusations directement par t\u00e9l\u00e9phone et par \u00e9crit. \u00bb  <\/p>\n<p>Comme l\u2019a <a href=\"https:\/\/dev.ccla.org\/wp-content\/uploads\/2021\/06\/take-back-the-streets.pdf\" target=\"_blank\" rel=\"noopener\">conclu<\/a> le R\u00e9seau international des organisations pour les libert\u00e9s civiles (INCLO), il existe une tendance mondiale inqui\u00e9tante o\u00f9 les institutions publiques, comme une universit\u00e9, r\u00e9priment les droits d\u00e9mocratiques au nom de la s\u00e9curit\u00e9 ou de la s\u00fbret\u00e9 publique : \u00ab la tendance [est] \u00e0 transformer les individus exer\u00e7ant un droit d\u00e9mocratique fondamental \u2013 le droit de manifester \u2013 en une menace per\u00e7ue qui n\u00e9cessite une intervention ferme&#8230; r\u00e9ponse. \u00bb \u00c0 l\u2019Universit\u00e9 de York, l\u2019arriv\u00e9e inattendue de personnel de s\u00e9curit\u00e9 priv\u00e9e, combin\u00e9e \u00e0 des tactiques de surveillance (\u00e0 effet agressif, selon notre enqu\u00eate) a exacerb\u00e9 les tensions, refroidi la libert\u00e9 d\u2019expression et supprim\u00e9 les libert\u00e9s civiles. \u00ab Le pr\u00e9sident Lenton s\u2019est engag\u00e9 cette semaine \u00e0 la d\u00e9sescalade. La CCLA recommande donc de retirer la s\u00e9curit\u00e9 priv\u00e9e, de se d\u00e9barrasser des cam\u00e9ras et d\u2019enqu\u00eater officiellement sur les all\u00e9gations de violence. Les gens ont le droit de manifester et de faire gr\u00e8ve, surtout sur un campus universitaire \u00bb, a d\u00e9clar\u00e9 Bryant.  <\/p>\n<p><img loading=\"lazy\" decoding=\"async\" class=\"aligncenter wp-image-29104\" src=\"https:\/\/dev.ccla.org\/wp-content\/uploads\/2021\/06\/socialprotest.png\" sizes=\"auto, (max-width: 358px) 100vw, 358px\" srcset=\"https:\/\/dev.ccla.org\/wp-content\/uploads\/2021\/06\/socialprotest.png 571w, https:\/\/dev.ccla.org\/wp-content\/uploads\/2021\/06\/socialprotest.png 300w\" alt=\"\" width=\"358\" height=\"153\"><\/p>\n<\/div>\n[\/vc_column_text][\/vc_column][\/vc_row][vc_row type=\u00a0\u00bbin_container\u00a0\u00bb full_screen_row_position=\u00a0\u00bbmiddle\u00a0\u00bb column_margin=\u00a0\u00bbdefault\u00a0\u00bb column_direction=\u00a0\u00bbdefault\u00a0\u00bb column_direction_tablet=\u00a0\u00bbdefault\u00a0\u00bb column_direction_phone=\u00a0\u00bbdefault\u00a0\u00bb scene_position=\u00a0\u00bbcenter\u00a0\u00bb text_color=\u00a0\u00bbdark\u00a0\u00bb text_align=\u00a0\u00bbleft\u00a0\u00bb row_border_radius=\u00a0\u00bbnone\u00a0\u00bb row_border_radius_applies=\u00a0\u00bbbg\u00a0\u00bb overlay_strength=\u00a0\u00bb0.3&Prime; gradient_direction=\u00a0\u00bbleft_to_right\u00a0\u00bb shape_divider_position=\u00a0\u00bbbottom\u00a0\u00bb bg_image_animation=\u00a0\u00bbnone\u00a0\u00bb][vc_column column_padding=\u00a0\u00bbno-extra-padding\u00a0\u00bb column_padding_tablet=\u00a0\u00bbinherit\u00a0\u00bb column_padding_phone=\u00a0\u00bbinherit\u00a0\u00bb column_padding_position=\u00a0\u00bball\u00a0\u00bb column_element_spacing=\u00a0\u00bbdefault\u00a0\u00bb background_color_opacity=\u00a0\u00bb1&Prime; background_hover_color_opacity=\u00a0\u00bb1&Prime; column_shadow=\u00a0\u00bbnone\u00a0\u00bb column_border_radius=\u00a0\u00bbnone\u00a0\u00bb column_link_target=\u00a0\u00bb_self\u00a0\u00bb gradient_direction=\u00a0\u00bbleft_to_right\u00a0\u00bb overlay_strength=\u00a0\u00bb0.3&Prime; width=\u00a0\u00bb1\/1&Prime; tablet_width_inherit=\u00a0\u00bbdefault\u00a0\u00bb tablet_text_alignment=\u00a0\u00bbdefault\u00a0\u00bb phone_text_alignment=\u00a0\u00bbdefault\u00a0\u00bb bg_image_animation=\u00a0\u00bbnone\u00a0\u00bb border_type=\u00a0\u00bbsimple\u00a0\u00bb column_border_width=\u00a0\u00bbnone\u00a0\u00bb column_border_style=\u00a0\u00bbsolid\u00a0\u00bb][nectar_global_section id=\u00a0\u00bb1461&Prime;][\/vc_column][\/vc_row]\n","protected":false},"excerpt":{"rendered":"<p>29 mars 2018 (Toronto, ON) \u2013 Apr\u00e8s des \u00e9changes cette semaine entre le pr\u00e9sident de York U et le directeur ex\u00e9cutif de la CCLA, le d\u00e9fenseur des libert\u00e9s civiles a publi\u00e9 son rapport pr\u00e9liminaire sur la gr\u00e8ve de York U. \u00ab Il est temps que York vous retiriez la s\u00e9curit\u00e9 priv\u00e9e, cessiez la surveillance et mettiez fin aux tactiques intimidantes qui refroidissent les droits constitutionnels de protester et de faire gr\u00e8ve \u00bb, a d\u00e9clar\u00e9 Michael Bryant de la CCLA. \u00ab \u00c0 tout le monde sur le campus : vous avez le pouvoir.  <\/p>\n","protected":false},"author":4,"featured_media":13727,"comment_status":"closed","ping_status":"closed","sticky":false,"template":"","format":"standard","meta":{"footnotes":""},"categories":[268],"tags":[],"class_list":{"0":"post-15407","1":"post","2":"type-post","3":"status-publish","4":"format-standard","5":"has-post-thumbnail","7":"category-communiques-de-presse"},"yoast_head":"<!-- This site is optimized with the Yoast SEO plugin v27.4 - https:\/\/yoast.com\/product\/yoast-seo-wordpress\/ -->\n<title>Recommandations de la CCLA sur la gr\u00e8ve en U de York - CCLA<\/title>\n<meta name=\"robots\" content=\"noindex, follow, max-snippet:-1, max-image-preview:large, max-video-preview:-1\" \/>\n<meta property=\"og:locale\" content=\"fr_CA\" \/>\n<meta property=\"og:type\" content=\"article\" \/>\n<meta property=\"og:title\" content=\"Recommandations de la CCLA sur la gr\u00e8ve en U de York - CCLA\" \/>\n<meta property=\"og:description\" content=\"29 mars 2018 (Toronto, ON) \u2013 Apr\u00e8s des \u00e9changes cette semaine entre le pr\u00e9sident de York U et le directeur ex\u00e9cutif de la CCLA, le d\u00e9fenseur des libert\u00e9s civiles a publi\u00e9 son rapport pr\u00e9liminaire sur la gr\u00e8ve de York U. \u00ab Il est temps que York vous retiriez la s\u00e9curit\u00e9 priv\u00e9e, cessiez la surveillance et mettiez fin aux tactiques intimidantes qui refroidissent les droits constitutionnels de protester et de faire gr\u00e8ve \u00bb, a d\u00e9clar\u00e9 Michael Bryant de la CCLA. \u00ab \u00c0 tout le monde sur le campus : vous avez le pouvoir.\" \/>\n<meta property=\"og:url\" content=\"https:\/\/dev.ccla.org\/fr\/communiques-de-presse\/recommandations-de-la-ccla-sur-la-greve-en-u-de-york\/\" \/>\n<meta property=\"og:site_name\" content=\"CCLA\" \/>\n<meta property=\"article:published_time\" content=\"2018-03-29T04:46:38+00:00\" \/>\n<meta property=\"article:modified_time\" content=\"2026-04-23T18:35:40+00:00\" \/>\n<meta property=\"og:image\" content=\"https:\/\/dev.ccla.org\/wp-content\/uploads\/2021\/06\/CCCL_general_crowd_2000x800.jpg\" \/>\n\t<meta property=\"og:image:width\" content=\"2000\" \/>\n\t<meta property=\"og:image:height\" content=\"800\" \/>\n\t<meta property=\"og:image:type\" content=\"image\/jpeg\" \/>\n<meta name=\"author\" content=\"CCLA\" \/>\n<meta name=\"twitter:card\" content=\"summary_large_image\" \/>\n<meta name=\"twitter:label1\" content=\"\u00c9crit par\" \/>\n\t<meta name=\"twitter:data1\" content=\"CCLA\" \/>\n\t<meta name=\"twitter:label2\" content=\"Estimation du temps de lecture\" \/>\n\t<meta name=\"twitter:data2\" content=\"4 minutes\" \/>\n<script type=\"application\/ld+json\" class=\"yoast-schema-graph\">{\"@context\":\"https:\\\/\\\/schema.org\",\"@graph\":[{\"@type\":\"Article\",\"@id\":\"https:\\\/\\\/dev.ccla.org\\\/fr\\\/communiques-de-presse\\\/recommandations-de-la-ccla-sur-la-greve-en-u-de-york\\\/#article\",\"isPartOf\":{\"@id\":\"https:\\\/\\\/dev.ccla.org\\\/fr\\\/communiques-de-presse\\\/recommandations-de-la-ccla-sur-la-greve-en-u-de-york\\\/\"},\"author\":{\"name\":\"CCLA\",\"@id\":\"https:\\\/\\\/dev.ccla.org\\\/fr\\\/#\\\/schema\\\/person\\\/e48728d4a52926205e807fd8c52bf3b0\"},\"headline\":\"Recommandations de la CCLA sur la gr\u00e8ve en U de York\",\"datePublished\":\"2018-03-29T04:46:38+00:00\",\"dateModified\":\"2026-04-23T18:35:40+00:00\",\"mainEntityOfPage\":{\"@id\":\"https:\\\/\\\/dev.ccla.org\\\/fr\\\/communiques-de-presse\\\/recommandations-de-la-ccla-sur-la-greve-en-u-de-york\\\/\"},\"wordCount\":789,\"image\":{\"@id\":\"https:\\\/\\\/dev.ccla.org\\\/fr\\\/communiques-de-presse\\\/recommandations-de-la-ccla-sur-la-greve-en-u-de-york\\\/#primaryimage\"},\"thumbnailUrl\":\"https:\\\/\\\/dev.ccla.org\\\/wp-content\\\/uploads\\\/2021\\\/06\\\/CCCL_general_crowd_2000x800.jpg\",\"articleSection\":[\"COMMUNIQU\u00c9S DE PRESSE\"],\"inLanguage\":\"fr-CA\"},{\"@type\":\"WebPage\",\"@id\":\"https:\\\/\\\/dev.ccla.org\\\/fr\\\/communiques-de-presse\\\/recommandations-de-la-ccla-sur-la-greve-en-u-de-york\\\/\",\"url\":\"https:\\\/\\\/dev.ccla.org\\\/fr\\\/communiques-de-presse\\\/recommandations-de-la-ccla-sur-la-greve-en-u-de-york\\\/\",\"name\":\"Recommandations de la CCLA sur la gr\u00e8ve en U de York - CCLA\",\"isPartOf\":{\"@id\":\"https:\\\/\\\/dev.ccla.org\\\/fr\\\/#website\"},\"primaryImageOfPage\":{\"@id\":\"https:\\\/\\\/dev.ccla.org\\\/fr\\\/communiques-de-presse\\\/recommandations-de-la-ccla-sur-la-greve-en-u-de-york\\\/#primaryimage\"},\"image\":{\"@id\":\"https:\\\/\\\/dev.ccla.org\\\/fr\\\/communiques-de-presse\\\/recommandations-de-la-ccla-sur-la-greve-en-u-de-york\\\/#primaryimage\"},\"thumbnailUrl\":\"https:\\\/\\\/dev.ccla.org\\\/wp-content\\\/uploads\\\/2021\\\/06\\\/CCCL_general_crowd_2000x800.jpg\",\"datePublished\":\"2018-03-29T04:46:38+00:00\",\"dateModified\":\"2026-04-23T18:35:40+00:00\",\"author\":{\"@id\":\"https:\\\/\\\/dev.ccla.org\\\/fr\\\/#\\\/schema\\\/person\\\/e48728d4a52926205e807fd8c52bf3b0\"},\"breadcrumb\":{\"@id\":\"https:\\\/\\\/dev.ccla.org\\\/fr\\\/communiques-de-presse\\\/recommandations-de-la-ccla-sur-la-greve-en-u-de-york\\\/#breadcrumb\"},\"inLanguage\":\"fr-CA\",\"potentialAction\":[{\"@type\":\"ReadAction\",\"target\":[\"https:\\\/\\\/dev.ccla.org\\\/fr\\\/communiques-de-presse\\\/recommandations-de-la-ccla-sur-la-greve-en-u-de-york\\\/\"]}]},{\"@type\":\"ImageObject\",\"inLanguage\":\"fr-CA\",\"@id\":\"https:\\\/\\\/dev.ccla.org\\\/fr\\\/communiques-de-presse\\\/recommandations-de-la-ccla-sur-la-greve-en-u-de-york\\\/#primaryimage\",\"url\":\"https:\\\/\\\/dev.ccla.org\\\/wp-content\\\/uploads\\\/2021\\\/06\\\/CCCL_general_crowd_2000x800.jpg\",\"contentUrl\":\"https:\\\/\\\/dev.ccla.org\\\/wp-content\\\/uploads\\\/2021\\\/06\\\/CCCL_general_crowd_2000x800.jpg\",\"width\":2000,\"height\":800},{\"@type\":\"BreadcrumbList\",\"@id\":\"https:\\\/\\\/dev.ccla.org\\\/fr\\\/communiques-de-presse\\\/recommandations-de-la-ccla-sur-la-greve-en-u-de-york\\\/#breadcrumb\",\"itemListElement\":[{\"@type\":\"ListItem\",\"position\":1,\"name\":\"Home\",\"item\":\"https:\\\/\\\/dev.ccla.org\\\/fr\\\/accueil\\\/\"},{\"@type\":\"ListItem\",\"position\":2,\"name\":\"Non class\u00e9\",\"item\":\"https:\\\/\\\/dev.ccla.org\\\/fr\\\/category\\\/non-classe\\\/\"},{\"@type\":\"ListItem\",\"position\":3,\"name\":\"Recommandations de la CCLA sur la gr\u00e8ve en U de York\"}]},{\"@type\":\"WebSite\",\"@id\":\"https:\\\/\\\/dev.ccla.org\\\/fr\\\/#website\",\"url\":\"https:\\\/\\\/dev.ccla.org\\\/fr\\\/\",\"name\":\"CCLA\",\"description\":\"\",\"potentialAction\":[{\"@type\":\"SearchAction\",\"target\":{\"@type\":\"EntryPoint\",\"urlTemplate\":\"https:\\\/\\\/dev.ccla.org\\\/fr\\\/?s={search_term_string}\"},\"query-input\":{\"@type\":\"PropertyValueSpecification\",\"valueRequired\":true,\"valueName\":\"search_term_string\"}}],\"inLanguage\":\"fr-CA\"},{\"@type\":\"Person\",\"@id\":\"https:\\\/\\\/dev.ccla.org\\\/fr\\\/#\\\/schema\\\/person\\\/e48728d4a52926205e807fd8c52bf3b0\",\"name\":\"CCLA\",\"image\":{\"@type\":\"ImageObject\",\"inLanguage\":\"fr-CA\",\"@id\":\"https:\\\/\\\/secure.gravatar.com\\\/avatar\\\/03b13921772ba279da547407d7a85f0b4a10bdf8cc9a026f2ac4e10643eee315?s=96&d=blank&r=g\",\"url\":\"https:\\\/\\\/secure.gravatar.com\\\/avatar\\\/03b13921772ba279da547407d7a85f0b4a10bdf8cc9a026f2ac4e10643eee315?s=96&d=blank&r=g\",\"contentUrl\":\"https:\\\/\\\/secure.gravatar.com\\\/avatar\\\/03b13921772ba279da547407d7a85f0b4a10bdf8cc9a026f2ac4e10643eee315?s=96&d=blank&r=g\",\"caption\":\"CCLA\"},\"url\":\"https:\\\/\\\/dev.ccla.org\\\/fr\\\/author\\\/ccla\\\/\"}]}<\/script>\n<!-- \/ Yoast SEO plugin. -->","yoast_head_json":{"title":"Recommandations de la CCLA sur la gr\u00e8ve en U de York - CCLA","robots":{"index":"noindex","follow":"follow","max-snippet":"max-snippet:-1","max-image-preview":"max-image-preview:large","max-video-preview":"max-video-preview:-1"},"og_locale":"fr_CA","og_type":"article","og_title":"Recommandations de la CCLA sur la gr\u00e8ve en U de York - CCLA","og_description":"29 mars 2018 (Toronto, ON) \u2013 Apr\u00e8s des \u00e9changes cette semaine entre le pr\u00e9sident de York U et le directeur ex\u00e9cutif de la CCLA, le d\u00e9fenseur des libert\u00e9s civiles a publi\u00e9 son rapport pr\u00e9liminaire sur la gr\u00e8ve de York U. \u00ab Il est temps que York vous retiriez la s\u00e9curit\u00e9 priv\u00e9e, cessiez la surveillance et mettiez fin aux tactiques intimidantes qui refroidissent les droits constitutionnels de protester et de faire gr\u00e8ve \u00bb, a d\u00e9clar\u00e9 Michael Bryant de la CCLA. \u00ab \u00c0 tout le monde sur le campus : vous avez le pouvoir.","og_url":"https:\/\/dev.ccla.org\/fr\/communiques-de-presse\/recommandations-de-la-ccla-sur-la-greve-en-u-de-york\/","og_site_name":"CCLA","article_published_time":"2018-03-29T04:46:38+00:00","article_modified_time":"2026-04-23T18:35:40+00:00","og_image":[{"width":2000,"height":800,"url":"https:\/\/dev.ccla.org\/wp-content\/uploads\/2021\/06\/CCCL_general_crowd_2000x800.jpg","type":"image\/jpeg"}],"author":"CCLA","twitter_card":"summary_large_image","twitter_misc":{"\u00c9crit par":"CCLA","Estimation du temps de lecture":"4 minutes"},"schema":{"@context":"https:\/\/schema.org","@graph":[{"@type":"Article","@id":"https:\/\/dev.ccla.org\/fr\/communiques-de-presse\/recommandations-de-la-ccla-sur-la-greve-en-u-de-york\/#article","isPartOf":{"@id":"https:\/\/dev.ccla.org\/fr\/communiques-de-presse\/recommandations-de-la-ccla-sur-la-greve-en-u-de-york\/"},"author":{"name":"CCLA","@id":"https:\/\/dev.ccla.org\/fr\/#\/schema\/person\/e48728d4a52926205e807fd8c52bf3b0"},"headline":"Recommandations de la CCLA sur la gr\u00e8ve en U de York","datePublished":"2018-03-29T04:46:38+00:00","dateModified":"2026-04-23T18:35:40+00:00","mainEntityOfPage":{"@id":"https:\/\/dev.ccla.org\/fr\/communiques-de-presse\/recommandations-de-la-ccla-sur-la-greve-en-u-de-york\/"},"wordCount":789,"image":{"@id":"https:\/\/dev.ccla.org\/fr\/communiques-de-presse\/recommandations-de-la-ccla-sur-la-greve-en-u-de-york\/#primaryimage"},"thumbnailUrl":"https:\/\/dev.ccla.org\/wp-content\/uploads\/2021\/06\/CCCL_general_crowd_2000x800.jpg","articleSection":["COMMUNIQU\u00c9S DE PRESSE"],"inLanguage":"fr-CA"},{"@type":"WebPage","@id":"https:\/\/dev.ccla.org\/fr\/communiques-de-presse\/recommandations-de-la-ccla-sur-la-greve-en-u-de-york\/","url":"https:\/\/dev.ccla.org\/fr\/communiques-de-presse\/recommandations-de-la-ccla-sur-la-greve-en-u-de-york\/","name":"Recommandations de la CCLA sur la gr\u00e8ve en U de York - CCLA","isPartOf":{"@id":"https:\/\/dev.ccla.org\/fr\/#website"},"primaryImageOfPage":{"@id":"https:\/\/dev.ccla.org\/fr\/communiques-de-presse\/recommandations-de-la-ccla-sur-la-greve-en-u-de-york\/#primaryimage"},"image":{"@id":"https:\/\/dev.ccla.org\/fr\/communiques-de-presse\/recommandations-de-la-ccla-sur-la-greve-en-u-de-york\/#primaryimage"},"thumbnailUrl":"https:\/\/dev.ccla.org\/wp-content\/uploads\/2021\/06\/CCCL_general_crowd_2000x800.jpg","datePublished":"2018-03-29T04:46:38+00:00","dateModified":"2026-04-23T18:35:40+00:00","author":{"@id":"https:\/\/dev.ccla.org\/fr\/#\/schema\/person\/e48728d4a52926205e807fd8c52bf3b0"},"breadcrumb":{"@id":"https:\/\/dev.ccla.org\/fr\/communiques-de-presse\/recommandations-de-la-ccla-sur-la-greve-en-u-de-york\/#breadcrumb"},"inLanguage":"fr-CA","potentialAction":[{"@type":"ReadAction","target":["https:\/\/dev.ccla.org\/fr\/communiques-de-presse\/recommandations-de-la-ccla-sur-la-greve-en-u-de-york\/"]}]},{"@type":"ImageObject","inLanguage":"fr-CA","@id":"https:\/\/dev.ccla.org\/fr\/communiques-de-presse\/recommandations-de-la-ccla-sur-la-greve-en-u-de-york\/#primaryimage","url":"https:\/\/dev.ccla.org\/wp-content\/uploads\/2021\/06\/CCCL_general_crowd_2000x800.jpg","contentUrl":"https:\/\/dev.ccla.org\/wp-content\/uploads\/2021\/06\/CCCL_general_crowd_2000x800.jpg","width":2000,"height":800},{"@type":"BreadcrumbList","@id":"https:\/\/dev.ccla.org\/fr\/communiques-de-presse\/recommandations-de-la-ccla-sur-la-greve-en-u-de-york\/#breadcrumb","itemListElement":[{"@type":"ListItem","position":1,"name":"Home","item":"https:\/\/dev.ccla.org\/fr\/accueil\/"},{"@type":"ListItem","position":2,"name":"Non class\u00e9","item":"https:\/\/dev.ccla.org\/fr\/category\/non-classe\/"},{"@type":"ListItem","position":3,"name":"Recommandations de la CCLA sur la gr\u00e8ve en U de York"}]},{"@type":"WebSite","@id":"https:\/\/dev.ccla.org\/fr\/#website","url":"https:\/\/dev.ccla.org\/fr\/","name":"CCLA","description":"","potentialAction":[{"@type":"SearchAction","target":{"@type":"EntryPoint","urlTemplate":"https:\/\/dev.ccla.org\/fr\/?s={search_term_string}"},"query-input":{"@type":"PropertyValueSpecification","valueRequired":true,"valueName":"search_term_string"}}],"inLanguage":"fr-CA"},{"@type":"Person","@id":"https:\/\/dev.ccla.org\/fr\/#\/schema\/person\/e48728d4a52926205e807fd8c52bf3b0","name":"CCLA","image":{"@type":"ImageObject","inLanguage":"fr-CA","@id":"https:\/\/secure.gravatar.com\/avatar\/03b13921772ba279da547407d7a85f0b4a10bdf8cc9a026f2ac4e10643eee315?s=96&d=blank&r=g","url":"https:\/\/secure.gravatar.com\/avatar\/03b13921772ba279da547407d7a85f0b4a10bdf8cc9a026f2ac4e10643eee315?s=96&d=blank&r=g","contentUrl":"https:\/\/secure.gravatar.com\/avatar\/03b13921772ba279da547407d7a85f0b4a10bdf8cc9a026f2ac4e10643eee315?s=96&d=blank&r=g","caption":"CCLA"},"url":"https:\/\/dev.ccla.org\/fr\/author\/ccla\/"}]}},"_links":{"self":[{"href":"https:\/\/dev.ccla.org\/fr\/wp-json\/wp\/v2\/posts\/15407","targetHints":{"allow":["GET"]}}],"collection":[{"href":"https:\/\/dev.ccla.org\/fr\/wp-json\/wp\/v2\/posts"}],"about":[{"href":"https:\/\/dev.ccla.org\/fr\/wp-json\/wp\/v2\/types\/post"}],"author":[{"embeddable":true,"href":"https:\/\/dev.ccla.org\/fr\/wp-json\/wp\/v2\/users\/4"}],"replies":[{"embeddable":true,"href":"https:\/\/dev.ccla.org\/fr\/wp-json\/wp\/v2\/comments?post=15407"}],"version-history":[{"count":1,"href":"https:\/\/dev.ccla.org\/fr\/wp-json\/wp\/v2\/posts\/15407\/revisions"}],"predecessor-version":[{"id":15412,"href":"https:\/\/dev.ccla.org\/fr\/wp-json\/wp\/v2\/posts\/15407\/revisions\/15412"}],"wp:featuredmedia":[{"embeddable":true,"href":"https:\/\/dev.ccla.org\/fr\/wp-json\/wp\/v2\/media\/13727"}],"wp:attachment":[{"href":"https:\/\/dev.ccla.org\/fr\/wp-json\/wp\/v2\/media?parent=15407"}],"wp:term":[{"taxonomy":"category","embeddable":true,"href":"https:\/\/dev.ccla.org\/fr\/wp-json\/wp\/v2\/categories?post=15407"},{"taxonomy":"post_tag","embeddable":true,"href":"https:\/\/dev.ccla.org\/fr\/wp-json\/wp\/v2\/tags?post=15407"}],"curies":[{"name":"wp","href":"https:\/\/api.w.org\/{rel}","templated":true}]}}