{"id":14999,"date":"2020-05-27T01:59:47","date_gmt":"2020-05-27T05:59:47","guid":{"rendered":"https:\/\/dev.ccla.org\/non-classe\/pas-de-masque-pas-de-service-pas-si-vite\/"},"modified":"2026-04-23T14:33:19","modified_gmt":"2026-04-23T18:33:19","slug":"pas-de-masque-pas-de-service-pas-si-vite","status":"publish","type":"post","link":"https:\/\/dev.ccla.org\/fr\/libertes-fondamentales\/pas-de-masque-pas-de-service-pas-si-vite\/","title":{"rendered":"Pas de masque, pas de service? Pas si vite."},"content":{"rendered":"[vc_row type=\u00a0\u00bbin_container\u00a0\u00bb full_screen_row_position=\u00a0\u00bbmiddle\u00a0\u00bb column_margin=\u00a0\u00bbdefault\u00a0\u00bb column_direction=\u00a0\u00bbdefault\u00a0\u00bb column_direction_tablet=\u00a0\u00bbdefault\u00a0\u00bb column_direction_phone=\u00a0\u00bbdefault\u00a0\u00bb scene_position=\u00a0\u00bbcenter\u00a0\u00bb text_color=\u00a0\u00bbdark\u00a0\u00bb text_align=\u00a0\u00bbleft\u00a0\u00bb row_border_radius=\u00a0\u00bbnone\u00a0\u00bb row_border_radius_applies=\u00a0\u00bbbg\u00a0\u00bb overlay_strength=\u00a0\u00bb0.3&Prime; gradient_direction=\u00a0\u00bbleft_to_right\u00a0\u00bb shape_divider_position=\u00a0\u00bbbottom\u00a0\u00bb bg_image_animation=\u00a0\u00bbnone\u00a0\u00bb][vc_column column_padding=\u00a0\u00bbno-extra-padding\u00a0\u00bb column_padding_tablet=\u00a0\u00bbinherit\u00a0\u00bb column_padding_phone=\u00a0\u00bbinherit\u00a0\u00bb column_padding_position=\u00a0\u00bball\u00a0\u00bb column_element_spacing=\u00a0\u00bbdefault\u00a0\u00bb background_color_opacity=\u00a0\u00bb1&Prime; background_hover_color_opacity=\u00a0\u00bb1&Prime; column_shadow=\u00a0\u00bbnone\u00a0\u00bb column_border_radius=\u00a0\u00bbnone\u00a0\u00bb column_link_target=\u00a0\u00bb_self\u00a0\u00bb gradient_direction=\u00a0\u00bbleft_to_right\u00a0\u00bb overlay_strength=\u00a0\u00bb0.3&Prime; width=\u00a0\u00bb1\/1&Prime; tablet_width_inherit=\u00a0\u00bbdefault\u00a0\u00bb tablet_text_alignment=\u00a0\u00bbdefault\u00a0\u00bb phone_text_alignment=\u00a0\u00bbdefault\u00a0\u00bb bg_image_animation=\u00a0\u00bbnone\u00a0\u00bb border_type=\u00a0\u00bbsimple\u00a0\u00bb column_border_width=\u00a0\u00bbnone\u00a0\u00bb column_border_style=\u00a0\u00bbsolid\u00a0\u00bb][nectar_global_section id=\u00a0\u00bb1355&Prime;][\/vc_column][\/vc_row][vc_row type=\u00a0\u00bbfull_width_background\u00a0\u00bb full_screen_row_position=\u00a0\u00bbmiddle\u00a0\u00bb column_margin=\u00a0\u00bbdefault\u00a0\u00bb column_direction=\u00a0\u00bbdefault\u00a0\u00bb column_direction_tablet=\u00a0\u00bbdefault\u00a0\u00bb column_direction_phone=\u00a0\u00bbdefault\u00a0\u00bb scene_position=\u00a0\u00bbcenter\u00a0\u00bb top_padding=\u00a0\u00bb4%\u00a0\u00bb constrain_group_1=\u00a0\u00bbyes\u00a0\u00bb bottom_padding=\u00a0\u00bb4%\u00a0\u00bb text_color=\u00a0\u00bbdark\u00a0\u00bb text_align=\u00a0\u00bbleft\u00a0\u00bb row_border_radius=\u00a0\u00bbnone\u00a0\u00bb row_border_radius_applies=\u00a0\u00bbbg\u00a0\u00bb class=\u00a0\u00bbpost-links\u00a0\u00bb overlay_strength=\u00a0\u00bb0.3&Prime; gradient_direction=\u00a0\u00bbleft_to_right\u00a0\u00bb shape_divider_position=\u00a0\u00bbbottom\u00a0\u00bb bg_image_animation=\u00a0\u00bbnone\u00a0\u00bb shape_type=\u00a0\u00bb\u00a0\u00bb][vc_column column_padding=\u00a0\u00bbno-extra-padding\u00a0\u00bb column_padding_tablet=\u00a0\u00bbinherit\u00a0\u00bb column_padding_phone=\u00a0\u00bbinherit\u00a0\u00bb column_padding_position=\u00a0\u00bball\u00a0\u00bb column_element_spacing=\u00a0\u00bbdefault\u00a0\u00bb background_color_opacity=\u00a0\u00bb1&Prime; background_hover_color_opacity=\u00a0\u00bb1&Prime; column_shadow=\u00a0\u00bbnone\u00a0\u00bb column_border_radius=\u00a0\u00bbnone\u00a0\u00bb column_link_target=\u00a0\u00bb_self\u00a0\u00bb gradient_direction=\u00a0\u00bbleft_to_right\u00a0\u00bb overlay_strength=\u00a0\u00bb0.3&Prime; width=\u00a0\u00bb1\/1&Prime; tablet_width_inherit=\u00a0\u00bbdefault\u00a0\u00bb tablet_text_alignment=\u00a0\u00bbdefault\u00a0\u00bb phone_text_alignment=\u00a0\u00bbdefault\u00a0\u00bb bg_image_animation=\u00a0\u00bbnone\u00a0\u00bb border_type=\u00a0\u00bbsimple\u00a0\u00bb column_border_width=\u00a0\u00bbnone\u00a0\u00bb column_border_style=\u00a0\u00bbsolid\u00a0\u00bb][divider line_type=\u00a0\u00bbNo Line\u00a0\u00bb custom_height=\u00a0\u00bb30&Prime;][vc_column_text]\n<p dir=\"ltr\"><b>27 mai 2020<\/b><\/p>\n<p><span data-contrast=\"none\">Lorsque le premier ministre de l\u2019Ontario a \u00e9t\u00e9 interrog\u00e9 la semaine derni\u00e8re lors d\u2019une t\u00e9l\u00e9conf\u00e9rence pour savoir si les commer\u00e7ants pouvaient refuser le service aux clients sans masque, il a \u00e9t\u00e9 cat\u00e9gorique : <\/span><span data-contrast=\"none\">\u00ab<\/span> <span data-contrast=\"none\">Toute entreprise a le droit de refuser n\u2019importe qui. C\u2019est<\/span><span data-contrast=\"none\"> <span data-contrast=\"none\">leur affaire. <\/span> \u00bb<\/span> <span data-ccp-props=\"{}\"> <\/span><\/p>\n<p><span data-contrast=\"none\">Mais que c\u2019\u00e9tait si simple. Bien<\/span><span data-contrast=\"none\">qu\u2019il annonce r\u00e9guli\u00e8rement de nouvelles lois sur la gestion des urgences<\/span><span data-contrast=\"none\"> ces jours-ci, <\/span><span data-contrast=\"none\">lorsqu\u2019il a sugg\u00e9r\u00e9 que les magasins peuvent refuser le service aux personnes sans masque, <\/span><span data-contrast=\"none\">il n\u2019\u00e9tait pas clair si une nouvelle loi avait \u00e9t\u00e9 promulgu\u00e9e.<\/span><\/p>\n<p><span data-contrast=\"none\">Ce n\u2019\u00e9tait pas le cas. Et <\/span><span data-contrast=\"none\">la loi en question est plus compliqu\u00e9e qu\u2019il ne l\u2019a sugg\u00e9r\u00e9. Cela ne veut pas dire : ne portez pas de masques. C\u2019est juste pour dire que la loi ne vous oblige pas n\u00e9cessairement \u00e0 porter un masque, m\u00eame si elle n\u2019exige pas non plus que les marchands vous servent, quoi qu\u2019il arrive.<\/span><span data-ccp-props=\"{}\"> <\/span><\/p>\n<p><span data-contrast=\"none\">Concr\u00e8tement, il y a des raisons commerciales et l\u00e9gales pour lesquelles les entreprises laissent les acheteurs faire leurs propres choix, tout comme il y a des raisons pratiques<\/span><span data-contrast=\"none\">, <\/span><span data-contrast=\"none\">sociales et de sant\u00e9 publique pour que les consommateurs portent simplement un masque s\u2019ils le demandent. <\/span><span data-contrast=\"none\">Ni<\/span><span data-contrast=\"none\"> les rapports<\/span><span data-contrast=\"none\"> publi\u00e9s ni<\/span><span data-contrast=\"none\"> ceux adress\u00e9s<\/span><span data-contrast=\"none\"> \u00e0 notre organisation <\/span><span data-contrast=\"none\">ne nous ont alert\u00e9s d\u2019un<\/span><span data-contrast=\"none\"> traitement injuste de la part des commer\u00e7ants<\/span><span data-contrast=\"none\"> concernant les masques<\/span><span data-contrast=\"none\">.<\/span><span data-ccp-props=\"{}\"> <\/span><\/p>\n<p><span data-contrast=\"none\">Pour une politique \u00ab pas de masque, pas de service \u00bb, il y a des libert\u00e9s de commerce, d\u2019\u00e9galit\u00e9, <\/span> de libert\u00e9 et le fait que la <span data-contrast=\"none\"> <\/span><span data-contrast=\"none\">loi provinciale accorde un privil\u00e8ge sp\u00e9cial \u00e0 certaines entreprises pour vendre au public pendant COVID19, tandis que d\u2019autres sont ferm\u00e9es. La s\u00e9curit\u00e9 alimentaire est moindre qu\u2019avant la COVID, pla\u00e7ant les \u00e9piciers <\/span><span data-contrast=\"none\">et les restaurants \u00e0 emporter <\/span><span data-contrast=\"none\">dans une position privil\u00e9gi\u00e9e, tant sur le plan l\u00e9gal que commercial \u2014 particuli\u00e8rement dans les r\u00e9gions rurales et \u00e9loign\u00e9es du Canada.<\/span><span data-ccp-props=\"{}\"> <\/span><\/p>\n<p><span data-contrast=\"none\">Le fait que la loi n\u2019oblige pas le port du masque en public signifie que nous avons l\u00e9galement la libert\u00e9 de choisir ou non le porter. La doctrine de la libert\u00e9 de commerce selon laquelle les entreprises priv\u00e9es sont libres de traiter avec le public comme elles le souhaitent appartient \u00e0 une \u00e9conomie plus ancienne, qui permettait en fait des pratiques discriminatoires, comme dans   <\/span><i><span data-contrast=\"none\">Christie c. The York<\/span><\/i><span data-contrast=\"none\">, une affaire de la Cour supr\u00eame du Canada en 1939, o\u00f9 une taverne a refus\u00e9 de servir \u00e0 un Jama\u00efcain-Canadien. Cette libert\u00e9 en droit priv\u00e9 d\u00e9fendue par cette Cour est aujourd\u2019hui limit\u00e9e par des droits concurrents <\/span> <span data-contrast=\"none\">\u2014 <\/span><span data-contrast=\"none\">\u00e0 l\u2019\u00e9galit\u00e9, par exemple, <\/span><span data-contrast=\"none\">en vertu du Code des droits de la personne, <\/span> et par <span data-contrast=\"none\">les r\u00e8glements<\/span> <span data-contrast=\"none\">de sant\u00e9 et s\u00e9curit\u00e9<\/span><span data-contrast=\"none\">. Un \u00e9picier peut sans doute invoquer des r\u00e8glements de sant\u00e9 et s\u00e9curit\u00e9 pour exiger le port du masque, sous r\u00e9serve du risque que cette politique g\u00e9n\u00e9rale viole <\/span> <span data-contrast=\"none\">le Code des droits de la personne<\/span><span data-contrast=\"none\">, parce que le client est asthmatique, a un handicap ou a de bonnes raisons de croire que l\u2019exclusion est discriminatoire. <\/span>   <span data-ccp-props=\"{}\"> <\/span><\/p>\n<p><span data-contrast=\"none\">Pris ensemble, <\/span><span data-contrast=\"none\"> <\/span><span data-contrast=\"none\">tout cela signifie que les commer\u00e7ants devraient faire preuve de prudence quant \u00e0 la flexibilisation de leurs libert\u00e9s commerciales pendant la COVID<\/span><span data-contrast=\"none\"> <\/span><span data-contrast=\"none\">parce<\/span><span data-contrast=\"none\"> qu\u2019une plainte du Code des droits de la personne pourrait s\u2019ensuivre. <\/span><span data-contrast=\"none\">Et les clients devraient faire preuve de prudence <\/span><span data-contrast=\"none\">s\u2019ils doivent porter un masque<\/span><span data-contrast=\"none\">, car ils pourraient se voir refuser le service. L\u2019\u00e9tat de droit sugg\u00e8re que les Premiers ministres \u00e9vitent de faire des d\u00e9clarations lors des t\u00e9l\u00e9conf\u00e9rences qui semblent avoir une autorit\u00e9 l\u00e9gale. <\/span><span data-contrast=\"none\">Les clients ont<\/span><span data-contrast=\"none\"> des droits, les <\/span><span data-contrast=\"none\">magasins en ont<\/span><span data-contrast=\"none\"> <\/span><span data-contrast=\"none\">des responsabilit\u00e9s<\/span><span data-contrast=\"none\">. <\/span><span data-contrast=\"none\">Id\u00e9alement, on r\u00e8gle \u00e7a.<\/span><span data-ccp-props=\"{}\"> <\/span><\/p>\n<p><em><span data-contrast=\"none\">Par Michael Bryant, directeur ex\u00e9cutif de l\u2019Association canadienne des libert\u00e9s civiles et 35e procureur g\u00e9n\u00e9ral de l\u2019Ontario.<\/span><\/em><span data-ccp-props=\"{}\"> <\/span>[\/vc_column_text][\/vc_column][\/vc_row][vc_row type=\u00a0\u00bbin_container\u00a0\u00bb full_screen_row_position=\u00a0\u00bbmiddle\u00a0\u00bb column_margin=\u00a0\u00bbdefault\u00a0\u00bb column_direction=\u00a0\u00bbdefault\u00a0\u00bb column_direction_tablet=\u00a0\u00bbdefault\u00a0\u00bb column_direction_phone=\u00a0\u00bbdefault\u00a0\u00bb scene_position=\u00a0\u00bbcenter\u00a0\u00bb text_color=\u00a0\u00bbdark\u00a0\u00bb text_align=\u00a0\u00bbleft\u00a0\u00bb row_border_radius=\u00a0\u00bbnone\u00a0\u00bb row_border_radius_applies=\u00a0\u00bbbg\u00a0\u00bb overlay_strength=\u00a0\u00bb0.3&Prime; gradient_direction=\u00a0\u00bbleft_to_right\u00a0\u00bb shape_divider_position=\u00a0\u00bbbottom\u00a0\u00bb bg_image_animation=\u00a0\u00bbnone\u00a0\u00bb][vc_column column_padding=\u00a0\u00bbno-extra-padding\u00a0\u00bb column_padding_tablet=\u00a0\u00bbinherit\u00a0\u00bb column_padding_phone=\u00a0\u00bbinherit\u00a0\u00bb column_padding_position=\u00a0\u00bball\u00a0\u00bb column_element_spacing=\u00a0\u00bbdefault\u00a0\u00bb background_color_opacity=\u00a0\u00bb1&Prime; background_hover_color_opacity=\u00a0\u00bb1&Prime; column_shadow=\u00a0\u00bbnone\u00a0\u00bb column_border_radius=\u00a0\u00bbnone\u00a0\u00bb column_link_target=\u00a0\u00bb_self\u00a0\u00bb gradient_direction=\u00a0\u00bbleft_to_right\u00a0\u00bb overlay_strength=\u00a0\u00bb0.3&Prime; width=\u00a0\u00bb1\/1&Prime; tablet_width_inherit=\u00a0\u00bbdefault\u00a0\u00bb tablet_text_alignment=\u00a0\u00bbdefault\u00a0\u00bb phone_text_alignment=\u00a0\u00bbdefault\u00a0\u00bb bg_image_animation=\u00a0\u00bbnone\u00a0\u00bb border_type=\u00a0\u00bbsimple\u00a0\u00bb column_border_width=\u00a0\u00bbnone\u00a0\u00bb column_border_style=\u00a0\u00bbsolid\u00a0\u00bb][nectar_global_section id=\u00a0\u00bb1461&Prime;][\/vc_column][\/vc_row]\n","protected":false},"excerpt":{"rendered":"<p>Lorsque le premier ministre de l\u2019Ontario a \u00e9t\u00e9 interrog\u00e9 la semaine derni\u00e8re lors d\u2019une t\u00e9l\u00e9conf\u00e9rence pour savoir si les commer\u00e7ants pouvaient refuser le service aux clients sans masque, il a \u00e9t\u00e9 cat\u00e9gorique : \u00ab Toute entreprise a le droit de refuser n\u2019importe qui. C\u2019est leur affaire. \u00bb <\/p>\n","protected":false},"author":13,"featured_media":14927,"comment_status":"closed","ping_status":"closed","sticky":false,"template":"","format":"standard","meta":{"footnotes":""},"categories":[382,273],"tags":[],"class_list":{"0":"post-14999","1":"post","2":"type-post","3":"status-publish","4":"format-standard","5":"has-post-thumbnail","7":"category-covid-19","8":"category-libertes-fondamentales"},"yoast_head":"<!-- This site is optimized with the Yoast SEO plugin v27.4 - https:\/\/yoast.com\/product\/yoast-seo-wordpress\/ -->\n<title>Pas de masque, pas de service? Pas si vite. - CCLA<\/title>\n<meta name=\"robots\" content=\"noindex, follow, max-snippet:-1, max-image-preview:large, max-video-preview:-1\" \/>\n<meta property=\"og:locale\" content=\"fr_CA\" \/>\n<meta property=\"og:type\" content=\"article\" \/>\n<meta property=\"og:title\" content=\"Pas de masque, pas de service? Pas si vite. - CCLA\" \/>\n<meta property=\"og:description\" content=\"Lorsque le premier ministre de l\u2019Ontario a \u00e9t\u00e9 interrog\u00e9 la semaine derni\u00e8re lors d\u2019une t\u00e9l\u00e9conf\u00e9rence pour savoir si les commer\u00e7ants pouvaient refuser le service aux clients sans masque, il a \u00e9t\u00e9 cat\u00e9gorique : \u00ab Toute entreprise a le droit de refuser n\u2019importe qui. C\u2019est leur affaire. \u00bb\" \/>\n<meta property=\"og:url\" content=\"https:\/\/dev.ccla.org\/fr\/libertes-fondamentales\/pas-de-masque-pas-de-service-pas-si-vite\/\" \/>\n<meta property=\"og:site_name\" content=\"CCLA\" \/>\n<meta property=\"article:published_time\" content=\"2020-05-27T05:59:47+00:00\" \/>\n<meta property=\"article:modified_time\" content=\"2026-04-23T18:33:19+00:00\" \/>\n<meta property=\"og:image\" content=\"https:\/\/dev.ccla.org\/wp-content\/uploads\/2021\/06\/mayan-sachan-R8c-_F2bF4w-unsplash.jpg\" \/>\n\t<meta property=\"og:image:width\" content=\"2000\" \/>\n\t<meta property=\"og:image:height\" content=\"800\" \/>\n\t<meta property=\"og:image:type\" content=\"image\/jpeg\" \/>\n<meta name=\"author\" content=\"Michael Bryant\" \/>\n<meta name=\"twitter:card\" content=\"summary_large_image\" \/>\n<meta name=\"twitter:creator\" content=\"@MichaelLowry\" \/>\n<meta name=\"twitter:label1\" content=\"\u00c9crit par\" \/>\n\t<meta name=\"twitter:data1\" content=\"Michael Bryant\" \/>\n\t<meta name=\"twitter:label2\" content=\"Estimation du temps de lecture\" \/>\n\t<meta name=\"twitter:data2\" content=\"6 minutes\" \/>\n<script type=\"application\/ld+json\" class=\"yoast-schema-graph\">{\"@context\":\"https:\\\/\\\/schema.org\",\"@graph\":[{\"@type\":\"Article\",\"@id\":\"https:\\\/\\\/dev.ccla.org\\\/fr\\\/libertes-fondamentales\\\/pas-de-masque-pas-de-service-pas-si-vite\\\/#article\",\"isPartOf\":{\"@id\":\"https:\\\/\\\/dev.ccla.org\\\/fr\\\/libertes-fondamentales\\\/pas-de-masque-pas-de-service-pas-si-vite\\\/\"},\"author\":{\"name\":\"Michael Bryant\",\"@id\":\"https:\\\/\\\/dev.ccla.org\\\/fr\\\/#\\\/schema\\\/person\\\/b90781286ef0f753bb7fadda578fa4ea\"},\"headline\":\"Pas de masque, pas de service? Pas si vite.\",\"datePublished\":\"2020-05-27T05:59:47+00:00\",\"dateModified\":\"2026-04-23T18:33:19+00:00\",\"mainEntityOfPage\":{\"@id\":\"https:\\\/\\\/dev.ccla.org\\\/fr\\\/libertes-fondamentales\\\/pas-de-masque-pas-de-service-pas-si-vite\\\/\"},\"wordCount\":1113,\"image\":{\"@id\":\"https:\\\/\\\/dev.ccla.org\\\/fr\\\/libertes-fondamentales\\\/pas-de-masque-pas-de-service-pas-si-vite\\\/#primaryimage\"},\"thumbnailUrl\":\"https:\\\/\\\/dev.ccla.org\\\/wp-content\\\/uploads\\\/2021\\\/06\\\/mayan-sachan-R8c-_F2bF4w-unsplash.jpg\",\"articleSection\":[\"COVID-19\",\"LIBERT\u00c9S FONDAMENTALES\"],\"inLanguage\":\"fr-CA\"},{\"@type\":\"WebPage\",\"@id\":\"https:\\\/\\\/dev.ccla.org\\\/fr\\\/libertes-fondamentales\\\/pas-de-masque-pas-de-service-pas-si-vite\\\/\",\"url\":\"https:\\\/\\\/dev.ccla.org\\\/fr\\\/libertes-fondamentales\\\/pas-de-masque-pas-de-service-pas-si-vite\\\/\",\"name\":\"Pas de masque, pas de service? Pas si vite. - CCLA\",\"isPartOf\":{\"@id\":\"https:\\\/\\\/dev.ccla.org\\\/fr\\\/#website\"},\"primaryImageOfPage\":{\"@id\":\"https:\\\/\\\/dev.ccla.org\\\/fr\\\/libertes-fondamentales\\\/pas-de-masque-pas-de-service-pas-si-vite\\\/#primaryimage\"},\"image\":{\"@id\":\"https:\\\/\\\/dev.ccla.org\\\/fr\\\/libertes-fondamentales\\\/pas-de-masque-pas-de-service-pas-si-vite\\\/#primaryimage\"},\"thumbnailUrl\":\"https:\\\/\\\/dev.ccla.org\\\/wp-content\\\/uploads\\\/2021\\\/06\\\/mayan-sachan-R8c-_F2bF4w-unsplash.jpg\",\"datePublished\":\"2020-05-27T05:59:47+00:00\",\"dateModified\":\"2026-04-23T18:33:19+00:00\",\"author\":{\"@id\":\"https:\\\/\\\/dev.ccla.org\\\/fr\\\/#\\\/schema\\\/person\\\/b90781286ef0f753bb7fadda578fa4ea\"},\"breadcrumb\":{\"@id\":\"https:\\\/\\\/dev.ccla.org\\\/fr\\\/libertes-fondamentales\\\/pas-de-masque-pas-de-service-pas-si-vite\\\/#breadcrumb\"},\"inLanguage\":\"fr-CA\",\"potentialAction\":[{\"@type\":\"ReadAction\",\"target\":[\"https:\\\/\\\/dev.ccla.org\\\/fr\\\/libertes-fondamentales\\\/pas-de-masque-pas-de-service-pas-si-vite\\\/\"]}]},{\"@type\":\"ImageObject\",\"inLanguage\":\"fr-CA\",\"@id\":\"https:\\\/\\\/dev.ccla.org\\\/fr\\\/libertes-fondamentales\\\/pas-de-masque-pas-de-service-pas-si-vite\\\/#primaryimage\",\"url\":\"https:\\\/\\\/dev.ccla.org\\\/wp-content\\\/uploads\\\/2021\\\/06\\\/mayan-sachan-R8c-_F2bF4w-unsplash.jpg\",\"contentUrl\":\"https:\\\/\\\/dev.ccla.org\\\/wp-content\\\/uploads\\\/2021\\\/06\\\/mayan-sachan-R8c-_F2bF4w-unsplash.jpg\",\"width\":2000,\"height\":800},{\"@type\":\"BreadcrumbList\",\"@id\":\"https:\\\/\\\/dev.ccla.org\\\/fr\\\/libertes-fondamentales\\\/pas-de-masque-pas-de-service-pas-si-vite\\\/#breadcrumb\",\"itemListElement\":[{\"@type\":\"ListItem\",\"position\":1,\"name\":\"Home\",\"item\":\"https:\\\/\\\/dev.ccla.org\\\/fr\\\/accueil\\\/\"},{\"@type\":\"ListItem\",\"position\":2,\"name\":\"Non class\u00e9\",\"item\":\"https:\\\/\\\/dev.ccla.org\\\/fr\\\/category\\\/non-classe\\\/\"},{\"@type\":\"ListItem\",\"position\":3,\"name\":\"Pas de masque, pas de service? Pas si vite.\"}]},{\"@type\":\"WebSite\",\"@id\":\"https:\\\/\\\/dev.ccla.org\\\/fr\\\/#website\",\"url\":\"https:\\\/\\\/dev.ccla.org\\\/fr\\\/\",\"name\":\"CCLA\",\"description\":\"\",\"potentialAction\":[{\"@type\":\"SearchAction\",\"target\":{\"@type\":\"EntryPoint\",\"urlTemplate\":\"https:\\\/\\\/dev.ccla.org\\\/fr\\\/?s={search_term_string}\"},\"query-input\":{\"@type\":\"PropertyValueSpecification\",\"valueRequired\":true,\"valueName\":\"search_term_string\"}}],\"inLanguage\":\"fr-CA\"},{\"@type\":\"Person\",\"@id\":\"https:\\\/\\\/dev.ccla.org\\\/fr\\\/#\\\/schema\\\/person\\\/b90781286ef0f753bb7fadda578fa4ea\",\"name\":\"Michael Bryant\",\"image\":{\"@type\":\"ImageObject\",\"inLanguage\":\"fr-CA\",\"@id\":\"https:\\\/\\\/secure.gravatar.com\\\/avatar\\\/bb78fc41959dce942f2980dbd62efde9b81ebcb9b0293b08fa7723e219fda488?s=96&d=blank&r=g\",\"url\":\"https:\\\/\\\/secure.gravatar.com\\\/avatar\\\/bb78fc41959dce942f2980dbd62efde9b81ebcb9b0293b08fa7723e219fda488?s=96&d=blank&r=g\",\"contentUrl\":\"https:\\\/\\\/secure.gravatar.com\\\/avatar\\\/bb78fc41959dce942f2980dbd62efde9b81ebcb9b0293b08fa7723e219fda488?s=96&d=blank&r=g\",\"caption\":\"Michael Bryant\"},\"sameAs\":[\"https:\\\/\\\/x.com\\\/MichaelLowry\"],\"url\":\"https:\\\/\\\/dev.ccla.org\\\/fr\\\/author\\\/michael\\\/\"}]}<\/script>\n<!-- \/ Yoast SEO plugin. -->","yoast_head_json":{"title":"Pas de masque, pas de service? Pas si vite. - CCLA","robots":{"index":"noindex","follow":"follow","max-snippet":"max-snippet:-1","max-image-preview":"max-image-preview:large","max-video-preview":"max-video-preview:-1"},"og_locale":"fr_CA","og_type":"article","og_title":"Pas de masque, pas de service? Pas si vite. - CCLA","og_description":"Lorsque le premier ministre de l\u2019Ontario a \u00e9t\u00e9 interrog\u00e9 la semaine derni\u00e8re lors d\u2019une t\u00e9l\u00e9conf\u00e9rence pour savoir si les commer\u00e7ants pouvaient refuser le service aux clients sans masque, il a \u00e9t\u00e9 cat\u00e9gorique : \u00ab Toute entreprise a le droit de refuser n\u2019importe qui. C\u2019est leur affaire. \u00bb","og_url":"https:\/\/dev.ccla.org\/fr\/libertes-fondamentales\/pas-de-masque-pas-de-service-pas-si-vite\/","og_site_name":"CCLA","article_published_time":"2020-05-27T05:59:47+00:00","article_modified_time":"2026-04-23T18:33:19+00:00","og_image":[{"width":2000,"height":800,"url":"https:\/\/dev.ccla.org\/wp-content\/uploads\/2021\/06\/mayan-sachan-R8c-_F2bF4w-unsplash.jpg","type":"image\/jpeg"}],"author":"Michael Bryant","twitter_card":"summary_large_image","twitter_creator":"@MichaelLowry","twitter_misc":{"\u00c9crit par":"Michael Bryant","Estimation du temps de lecture":"6 minutes"},"schema":{"@context":"https:\/\/schema.org","@graph":[{"@type":"Article","@id":"https:\/\/dev.ccla.org\/fr\/libertes-fondamentales\/pas-de-masque-pas-de-service-pas-si-vite\/#article","isPartOf":{"@id":"https:\/\/dev.ccla.org\/fr\/libertes-fondamentales\/pas-de-masque-pas-de-service-pas-si-vite\/"},"author":{"name":"Michael Bryant","@id":"https:\/\/dev.ccla.org\/fr\/#\/schema\/person\/b90781286ef0f753bb7fadda578fa4ea"},"headline":"Pas de masque, pas de service? Pas si vite.","datePublished":"2020-05-27T05:59:47+00:00","dateModified":"2026-04-23T18:33:19+00:00","mainEntityOfPage":{"@id":"https:\/\/dev.ccla.org\/fr\/libertes-fondamentales\/pas-de-masque-pas-de-service-pas-si-vite\/"},"wordCount":1113,"image":{"@id":"https:\/\/dev.ccla.org\/fr\/libertes-fondamentales\/pas-de-masque-pas-de-service-pas-si-vite\/#primaryimage"},"thumbnailUrl":"https:\/\/dev.ccla.org\/wp-content\/uploads\/2021\/06\/mayan-sachan-R8c-_F2bF4w-unsplash.jpg","articleSection":["COVID-19","LIBERT\u00c9S FONDAMENTALES"],"inLanguage":"fr-CA"},{"@type":"WebPage","@id":"https:\/\/dev.ccla.org\/fr\/libertes-fondamentales\/pas-de-masque-pas-de-service-pas-si-vite\/","url":"https:\/\/dev.ccla.org\/fr\/libertes-fondamentales\/pas-de-masque-pas-de-service-pas-si-vite\/","name":"Pas de masque, pas de service? Pas si vite. - CCLA","isPartOf":{"@id":"https:\/\/dev.ccla.org\/fr\/#website"},"primaryImageOfPage":{"@id":"https:\/\/dev.ccla.org\/fr\/libertes-fondamentales\/pas-de-masque-pas-de-service-pas-si-vite\/#primaryimage"},"image":{"@id":"https:\/\/dev.ccla.org\/fr\/libertes-fondamentales\/pas-de-masque-pas-de-service-pas-si-vite\/#primaryimage"},"thumbnailUrl":"https:\/\/dev.ccla.org\/wp-content\/uploads\/2021\/06\/mayan-sachan-R8c-_F2bF4w-unsplash.jpg","datePublished":"2020-05-27T05:59:47+00:00","dateModified":"2026-04-23T18:33:19+00:00","author":{"@id":"https:\/\/dev.ccla.org\/fr\/#\/schema\/person\/b90781286ef0f753bb7fadda578fa4ea"},"breadcrumb":{"@id":"https:\/\/dev.ccla.org\/fr\/libertes-fondamentales\/pas-de-masque-pas-de-service-pas-si-vite\/#breadcrumb"},"inLanguage":"fr-CA","potentialAction":[{"@type":"ReadAction","target":["https:\/\/dev.ccla.org\/fr\/libertes-fondamentales\/pas-de-masque-pas-de-service-pas-si-vite\/"]}]},{"@type":"ImageObject","inLanguage":"fr-CA","@id":"https:\/\/dev.ccla.org\/fr\/libertes-fondamentales\/pas-de-masque-pas-de-service-pas-si-vite\/#primaryimage","url":"https:\/\/dev.ccla.org\/wp-content\/uploads\/2021\/06\/mayan-sachan-R8c-_F2bF4w-unsplash.jpg","contentUrl":"https:\/\/dev.ccla.org\/wp-content\/uploads\/2021\/06\/mayan-sachan-R8c-_F2bF4w-unsplash.jpg","width":2000,"height":800},{"@type":"BreadcrumbList","@id":"https:\/\/dev.ccla.org\/fr\/libertes-fondamentales\/pas-de-masque-pas-de-service-pas-si-vite\/#breadcrumb","itemListElement":[{"@type":"ListItem","position":1,"name":"Home","item":"https:\/\/dev.ccla.org\/fr\/accueil\/"},{"@type":"ListItem","position":2,"name":"Non class\u00e9","item":"https:\/\/dev.ccla.org\/fr\/category\/non-classe\/"},{"@type":"ListItem","position":3,"name":"Pas de masque, pas de service? Pas si vite."}]},{"@type":"WebSite","@id":"https:\/\/dev.ccla.org\/fr\/#website","url":"https:\/\/dev.ccla.org\/fr\/","name":"CCLA","description":"","potentialAction":[{"@type":"SearchAction","target":{"@type":"EntryPoint","urlTemplate":"https:\/\/dev.ccla.org\/fr\/?s={search_term_string}"},"query-input":{"@type":"PropertyValueSpecification","valueRequired":true,"valueName":"search_term_string"}}],"inLanguage":"fr-CA"},{"@type":"Person","@id":"https:\/\/dev.ccla.org\/fr\/#\/schema\/person\/b90781286ef0f753bb7fadda578fa4ea","name":"Michael Bryant","image":{"@type":"ImageObject","inLanguage":"fr-CA","@id":"https:\/\/secure.gravatar.com\/avatar\/bb78fc41959dce942f2980dbd62efde9b81ebcb9b0293b08fa7723e219fda488?s=96&d=blank&r=g","url":"https:\/\/secure.gravatar.com\/avatar\/bb78fc41959dce942f2980dbd62efde9b81ebcb9b0293b08fa7723e219fda488?s=96&d=blank&r=g","contentUrl":"https:\/\/secure.gravatar.com\/avatar\/bb78fc41959dce942f2980dbd62efde9b81ebcb9b0293b08fa7723e219fda488?s=96&d=blank&r=g","caption":"Michael Bryant"},"sameAs":["https:\/\/x.com\/MichaelLowry"],"url":"https:\/\/dev.ccla.org\/fr\/author\/michael\/"}]}},"_links":{"self":[{"href":"https:\/\/dev.ccla.org\/fr\/wp-json\/wp\/v2\/posts\/14999","targetHints":{"allow":["GET"]}}],"collection":[{"href":"https:\/\/dev.ccla.org\/fr\/wp-json\/wp\/v2\/posts"}],"about":[{"href":"https:\/\/dev.ccla.org\/fr\/wp-json\/wp\/v2\/types\/post"}],"author":[{"embeddable":true,"href":"https:\/\/dev.ccla.org\/fr\/wp-json\/wp\/v2\/users\/13"}],"replies":[{"embeddable":true,"href":"https:\/\/dev.ccla.org\/fr\/wp-json\/wp\/v2\/comments?post=14999"}],"version-history":[{"count":4,"href":"https:\/\/dev.ccla.org\/fr\/wp-json\/wp\/v2\/posts\/14999\/revisions"}],"predecessor-version":[{"id":15010,"href":"https:\/\/dev.ccla.org\/fr\/wp-json\/wp\/v2\/posts\/14999\/revisions\/15010"}],"wp:featuredmedia":[{"embeddable":true,"href":"https:\/\/dev.ccla.org\/fr\/wp-json\/wp\/v2\/media\/14927"}],"wp:attachment":[{"href":"https:\/\/dev.ccla.org\/fr\/wp-json\/wp\/v2\/media?parent=14999"}],"wp:term":[{"taxonomy":"category","embeddable":true,"href":"https:\/\/dev.ccla.org\/fr\/wp-json\/wp\/v2\/categories?post=14999"},{"taxonomy":"post_tag","embeddable":true,"href":"https:\/\/dev.ccla.org\/fr\/wp-json\/wp\/v2\/tags?post=14999"}],"curies":[{"name":"wp","href":"https:\/\/api.w.org\/{rel}","templated":true}]}}