{"id":14876,"date":"2020-04-22T14:43:42","date_gmt":"2020-04-22T18:43:42","guid":{"rendered":"https:\/\/dev.ccla.org\/non-classe\/lettre-au-service-correctionnel-du-canada\/"},"modified":"2026-04-23T14:32:45","modified_gmt":"2026-04-23T18:32:45","slug":"lettre-au-service-correctionnel-du-canada","status":"publish","type":"post","link":"https:\/\/dev.ccla.org\/fr\/justice-penale\/lettre-au-service-correctionnel-du-canada\/","title":{"rendered":"Lettre au Service correctionnel du Canada"},"content":{"rendered":"[vc_row type=\u00a0\u00bbin_container\u00a0\u00bb full_screen_row_position=\u00a0\u00bbmiddle\u00a0\u00bb column_margin=\u00a0\u00bbdefault\u00a0\u00bb column_direction=\u00a0\u00bbdefault\u00a0\u00bb column_direction_tablet=\u00a0\u00bbdefault\u00a0\u00bb column_direction_phone=\u00a0\u00bbdefault\u00a0\u00bb scene_position=\u00a0\u00bbcenter\u00a0\u00bb text_color=\u00a0\u00bbdark\u00a0\u00bb text_align=\u00a0\u00bbleft\u00a0\u00bb row_border_radius=\u00a0\u00bbnone\u00a0\u00bb row_border_radius_applies=\u00a0\u00bbbg\u00a0\u00bb overlay_strength=\u00a0\u00bb0.3&Prime; gradient_direction=\u00a0\u00bbleft_to_right\u00a0\u00bb shape_divider_position=\u00a0\u00bbbottom\u00a0\u00bb bg_image_animation=\u00a0\u00bbnone\u00a0\u00bb][vc_column column_padding=\u00a0\u00bbno-extra-padding\u00a0\u00bb column_padding_tablet=\u00a0\u00bbinherit\u00a0\u00bb column_padding_phone=\u00a0\u00bbinherit\u00a0\u00bb column_padding_position=\u00a0\u00bball\u00a0\u00bb column_element_spacing=\u00a0\u00bbdefault\u00a0\u00bb background_color_opacity=\u00a0\u00bb1&Prime; background_hover_color_opacity=\u00a0\u00bb1&Prime; column_shadow=\u00a0\u00bbnone\u00a0\u00bb column_border_radius=\u00a0\u00bbnone\u00a0\u00bb column_link_target=\u00a0\u00bb_self\u00a0\u00bb gradient_direction=\u00a0\u00bbleft_to_right\u00a0\u00bb overlay_strength=\u00a0\u00bb0.3&Prime; width=\u00a0\u00bb1\/1&Prime; tablet_width_inherit=\u00a0\u00bbdefault\u00a0\u00bb tablet_text_alignment=\u00a0\u00bbdefault\u00a0\u00bb phone_text_alignment=\u00a0\u00bbdefault\u00a0\u00bb bg_image_animation=\u00a0\u00bbnone\u00a0\u00bb border_type=\u00a0\u00bbsimple\u00a0\u00bb column_border_width=\u00a0\u00bbnone\u00a0\u00bb column_border_style=\u00a0\u00bbsolid\u00a0\u00bb][nectar_global_section id=\u00a0\u00bb1355&Prime;][\/vc_column][\/vc_row][vc_row type=\u00a0\u00bbfull_width_background\u00a0\u00bb full_screen_row_position=\u00a0\u00bbmiddle\u00a0\u00bb column_margin=\u00a0\u00bbdefault\u00a0\u00bb column_direction=\u00a0\u00bbdefault\u00a0\u00bb column_direction_tablet=\u00a0\u00bbdefault\u00a0\u00bb column_direction_phone=\u00a0\u00bbdefault\u00a0\u00bb scene_position=\u00a0\u00bbcenter\u00a0\u00bb top_padding=\u00a0\u00bb4%\u00a0\u00bb constrain_group_1=\u00a0\u00bbyes\u00a0\u00bb bottom_padding=\u00a0\u00bb4%\u00a0\u00bb text_color=\u00a0\u00bbdark\u00a0\u00bb text_align=\u00a0\u00bbleft\u00a0\u00bb row_border_radius=\u00a0\u00bbnone\u00a0\u00bb row_border_radius_applies=\u00a0\u00bbbg\u00a0\u00bb class=\u00a0\u00bbpost-links\u00a0\u00bb overlay_strength=\u00a0\u00bb0.3&Prime; gradient_direction=\u00a0\u00bbleft_to_right\u00a0\u00bb shape_divider_position=\u00a0\u00bbbottom\u00a0\u00bb bg_image_animation=\u00a0\u00bbnone\u00a0\u00bb shape_type=\u00a0\u00bb\u00a0\u00bb][vc_column column_padding=\u00a0\u00bbno-extra-padding\u00a0\u00bb column_padding_tablet=\u00a0\u00bbinherit\u00a0\u00bb column_padding_phone=\u00a0\u00bbinherit\u00a0\u00bb column_padding_position=\u00a0\u00bball\u00a0\u00bb column_element_spacing=\u00a0\u00bbdefault\u00a0\u00bb background_color_opacity=\u00a0\u00bb1&Prime; background_hover_color_opacity=\u00a0\u00bb1&Prime; column_shadow=\u00a0\u00bbnone\u00a0\u00bb column_border_radius=\u00a0\u00bbnone\u00a0\u00bb column_link_target=\u00a0\u00bb_self\u00a0\u00bb gradient_direction=\u00a0\u00bbleft_to_right\u00a0\u00bb overlay_strength=\u00a0\u00bb0.3&Prime; width=\u00a0\u00bb1\/1&Prime; tablet_width_inherit=\u00a0\u00bbdefault\u00a0\u00bb tablet_text_alignment=\u00a0\u00bbdefault\u00a0\u00bb phone_text_alignment=\u00a0\u00bbdefault\u00a0\u00bb bg_image_animation=\u00a0\u00bbnone\u00a0\u00bb border_type=\u00a0\u00bbsimple\u00a0\u00bb column_border_width=\u00a0\u00bbnone\u00a0\u00bb column_border_style=\u00a0\u00bbsolid\u00a0\u00bb][divider line_type=\u00a0\u00bbNo Line\u00a0\u00bb custom_height=\u00a0\u00bb30&Prime;][vc_column_text]Mercredi 22 avril 2020<\/p>\n<p>Commissaire Anne Kelly<br \/>\n340 Laurier Avenue West<br \/>\n, Ottawa, Ontario K1A 0P9 Canada<br \/>\nanne.kelly@csc-scc.gc.ca<\/p>\n<p>Ch\u00e8re commissaire Kelly,<\/p>\n<p>J\u2019\u00e9cris au nom de l\u2019Association canadienne des libert\u00e9s civiles pour exprimer notre profonde pr\u00e9occupation quant \u00e0 la sant\u00e9 et au bien-\u00eatre des d\u00e9tenus et du personnel des \u00e9tablissements correctionnels f\u00e9d\u00e9raux du Canada.<\/p>\n<p>Nous comprenons que, malgr\u00e9 le fait que les d\u00e9tenus soient particuli\u00e8rement vuln\u00e9rables \u00e0 la COVID19, presque aucun d\u00e9tenu f\u00e9d\u00e9ral n\u2019a \u00e9t\u00e9 lib\u00e9r\u00e9 en r\u00e9ponse \u00e0 la pand\u00e9mie de COVID-19.1 D\u2019autres juridictions au Canada et dans le monde ont pris des mesures importantes pour r\u00e9duire leur population carc\u00e9rale afin de permettre de meilleures mesures de contr\u00f4le des infections dans les institutions et de permettre aux d\u00e9tenus vuln\u00e9rables de s\u2019isoler efficacement dans la communaut\u00e9 et d\u2019acc\u00e9der \u00e0 des soins m\u00e9dicaux qui ne le sont pas disponible dans un \u00e9tablissement p\u00e9nitentiaire. L\u2019\u00e9chec du Service correctionnel Canada (CSC) \u00e0 d\u00e9carcer met directement en danger la sant\u00e9 et la vie du personnel du CSC, des d\u00e9tenus et des communaut\u00e9s locales.  <\/p>\n<p>Au cours des derni\u00e8res semaines, des r\u00e9cits inqui\u00e9tants ont \u00e9merg\u00e9 tant du personnel que des d\u00e9tenus concernant le manque de mesures de contr\u00f4le des infections dans les institutions f\u00e9d\u00e9rales. 2 Il y a actuellement des \u00e9closions actives dans plusieurs prisons. Des centaines de membres du personnel et de d\u00e9tenus sont infect\u00e9s; Des milliers d\u2019autres sont en danger. La population incarc\u00e9r\u00e9e est particuli\u00e8rement vuln\u00e9rable pendant cette pand\u00e9mie en raison du grand nombre de personnes ayant des probl\u00e8mes de sant\u00e9 sous-jacents.   <\/p>\n<p>\u00c0 notre avis, l\u2019incarc\u00e9ration continue de d\u00e9tenus m\u00e9dicalement vuln\u00e9rables qui pourraient \u00eatre lib\u00e9r\u00e9s en toute s\u00e9curit\u00e9 et conditionnellement pour s\u2019isoler efficacement dans la communaut\u00e9 constitue une violation des obligations statutaires et de la Charte de la CSC.<\/p>\n<p>CSC a la capacit\u00e9 d\u2019accorder des absences temporaires sans escorte illimit\u00e9e (UTA) \u00e0 des fins m\u00e9dicales en vertu de l\u2019article 116(1)(a) de la Loi sur les corrections et la lib\u00e9ration conditionnelle. \u00c0 notre connaissance, un seul d\u00e9tenu vuln\u00e9rable a \u00e9t\u00e9 lib\u00e9r\u00e9 sur un UTA, une mesure qui n\u2019a \u00e9t\u00e9 obtenue qu\u2019apr\u00e8s de nombreux efforts de son avocat et \u00e0 la veille d\u2019une audience f\u00e9d\u00e9rale all\u00e9guant des violations de la Charte. Il n\u2019est ni raisonnable ni r\u00e9aliste de s\u2019attendre \u00e0 ce que tous les d\u00e9tenus m\u00e9dicalement vuln\u00e9rables r\u00e9p\u00e8tent ce processus, surtout face aux confinements et \u00e0 une pand\u00e9mie en \u00e9volution rapide. Les obligations du CSC de fournir des soins de sant\u00e9 et d\u2019assurer un \u00e9tablissement s\u00e9curitaire et sain exigent que le CSC prenne des mesures proactives pour identifier et fournir le traitement m\u00e9dical pr\u00e9ventif recommand\u00e9 \u2013 l\u2019auto-isolement efficace \u2013 aux personnes les plus \u00e0 risque dans cette pand\u00e9mie.    <\/p>\n<p>La CCLA appuie donc l\u2019appel \u00e0 une directive urgente et publique adress\u00e9e \u00e0 tous les directeurs d\u2019institution, au personnel de la sant\u00e9 et au personnel de gestion de cas, ordonnant que l\u2019autorit\u00e9 du commissaire et des directeurs d\u2019institutions d\u2019accorder des UTA pour des raisons m\u00e9dicales en vertu de l\u2019article 116(2) de la Loi sur les corrections et la lib\u00e9ration conditionnelle soit utilis\u00e9e d\u2019urgence pour faciliter la lib\u00e9ration des d\u00e9tenus m\u00e9dicalement vuln\u00e9rables vers des lieux de la communaut\u00e9.  o\u00f9 ils peuvent se prot\u00e9ger contre l\u2019exposition au nouveau coronavirus. <\/p>\n<p>Nous reprenons \u00e9galement les recommandations de l\u2019Association canadienne de droit p\u00e9nitentiaire de :<\/p>\n<ul>\n<li>r\u00e9duire la population carc\u00e9rale par des pardons conditionnels, des lib\u00e9rations conditionnelles et des absences temporaires \u00e9largies;<\/li>\n<li>la lib\u00e9ration des jeunes et des d\u00e9tenus immigr\u00e9s;<\/li>\n<li>int\u00e9grer la prise en compte de la COVID-19 dans toutes les d\u00e9cisions de lib\u00e9ration conditionnelle et correctionnelle;<\/li>\n<li>fournir des fournitures sanitaires et d\u2019hygi\u00e8ne appropri\u00e9es aux prisonniers, gratuitement;<\/li>\n<li>veiller \u00e0 ce que l\u2019isolement ne soit pas utilis\u00e9 pour mettre en place des mesures de distanciation sociale;<\/li>\n<li>mettre en place des mesures appropri\u00e9es pour maintenir le contact avec la communaut\u00e9, les conseils et les fournisseurs de traitement; et<\/li>\n<li>poursuivre les programmes, sous des formes alternatives si n\u00e9cessaire.<\/li>\n<\/ul>\n<p>Merci beaucoup de votre attention \u00e0 ce sujet, nous attendons votre r\u00e9ponse en temps opportun.<\/p>\n<p>Cordialement,<\/p>\n<p>Abby Deshman<br \/>\n, Directrice, Programme<br \/>\nde justice p\u00e9nale, Association canadienne des libert\u00e9s civiles[\/vc_column_text][\/vc_column][\/vc_row][vc_row type=\u00a0\u00bbin_container\u00a0\u00bb full_screen_row_position=\u00a0\u00bbmiddle\u00a0\u00bb column_margin=\u00a0\u00bbdefault\u00a0\u00bb column_direction=\u00a0\u00bbdefault\u00a0\u00bb column_direction_tablet=\u00a0\u00bbdefault\u00a0\u00bb column_direction_phone=\u00a0\u00bbdefault\u00a0\u00bb scene_position=\u00a0\u00bbcenter\u00a0\u00bb text_color=\u00a0\u00bbdark\u00a0\u00bb text_align=\u00a0\u00bbleft\u00a0\u00bb row_border_radius=\u00a0\u00bbnone\u00a0\u00bb row_border_radius_applies=\u00a0\u00bbbg\u00a0\u00bb overlay_strength=\u00a0\u00bb0.3&Prime; gradient_direction=\u00a0\u00bbleft_to_right\u00a0\u00bb shape_divider_position=\u00a0\u00bbbottom\u00a0\u00bb bg_image_animation=\u00a0\u00bbnone\u00a0\u00bb][vc_column column_padding=\u00a0\u00bbno-extra-padding\u00a0\u00bb column_padding_tablet=\u00a0\u00bbinherit\u00a0\u00bb column_padding_phone=\u00a0\u00bbinherit\u00a0\u00bb column_padding_position=\u00a0\u00bball\u00a0\u00bb column_element_spacing=\u00a0\u00bbdefault\u00a0\u00bb background_color_opacity=\u00a0\u00bb1&Prime; background_hover_color_opacity=\u00a0\u00bb1&Prime; column_shadow=\u00a0\u00bbnone\u00a0\u00bb column_border_radius=\u00a0\u00bbnone\u00a0\u00bb column_link_target=\u00a0\u00bb_self\u00a0\u00bb gradient_direction=\u00a0\u00bbleft_to_right\u00a0\u00bb overlay_strength=\u00a0\u00bb0.3&Prime; width=\u00a0\u00bb1\/1&Prime; tablet_width_inherit=\u00a0\u00bbdefault\u00a0\u00bb tablet_text_alignment=\u00a0\u00bbdefault\u00a0\u00bb phone_text_alignment=\u00a0\u00bbdefault\u00a0\u00bb bg_image_animation=\u00a0\u00bbnone\u00a0\u00bb border_type=\u00a0\u00bbsimple\u00a0\u00bb column_border_width=\u00a0\u00bbnone\u00a0\u00bb column_border_style=\u00a0\u00bbsolid\u00a0\u00bb][nectar_global_section id=\u00a0\u00bb1461&Prime;][\/vc_column][\/vc_row]\n","protected":false},"excerpt":{"rendered":"<p>Nous exprimons notre profonde pr\u00e9occupation quant \u00e0 la sant\u00e9 et au bien-\u00eatre des d\u00e9tenus et du personnel des \u00e9tablissements correctionnels f\u00e9d\u00e9raux du Canada.<\/p>\n","protected":false},"author":10,"featured_media":14878,"comment_status":"closed","ping_status":"closed","sticky":false,"template":"","format":"standard","meta":{"footnotes":""},"categories":[328,382,391,308,337],"tags":[],"class_list":{"0":"post-14876","1":"post","2":"type-post","3":"status-publish","4":"format-standard","5":"has-post-thumbnail","7":"category-conditions-de-confinement","8":"category-covid-19","9":"category-covid-19-et-prisons","10":"category-justice-penale","11":"category-prisons-prisons-et-surveillance-communautaire"},"yoast_head":"<!-- This site is optimized with the Yoast SEO plugin v27.4 - https:\/\/yoast.com\/product\/yoast-seo-wordpress\/ -->\n<title>Lettre au Service correctionnel du Canada - CCLA<\/title>\n<meta name=\"robots\" content=\"noindex, follow, max-snippet:-1, max-image-preview:large, max-video-preview:-1\" \/>\n<meta property=\"og:locale\" content=\"fr_CA\" \/>\n<meta property=\"og:type\" content=\"article\" \/>\n<meta property=\"og:title\" content=\"Lettre au Service correctionnel du Canada - CCLA\" \/>\n<meta property=\"og:description\" content=\"Nous exprimons notre profonde pr\u00e9occupation quant \u00e0 la sant\u00e9 et au bien-\u00eatre des d\u00e9tenus et du personnel des \u00e9tablissements correctionnels f\u00e9d\u00e9raux du Canada.\" \/>\n<meta property=\"og:url\" content=\"https:\/\/dev.ccla.org\/fr\/justice-penale\/lettre-au-service-correctionnel-du-canada\/\" \/>\n<meta property=\"og:site_name\" content=\"CCLA\" \/>\n<meta property=\"article:published_time\" content=\"2020-04-22T18:43:42+00:00\" \/>\n<meta property=\"article:modified_time\" content=\"2026-04-23T18:32:45+00:00\" \/>\n<meta property=\"og:image\" content=\"https:\/\/dev.ccla.org\/wp-content\/uploads\/2021\/06\/handcuffed-hands-of-a-prisoner-behind-the-bars-of-M3VJPR3.jpg\" \/>\n\t<meta property=\"og:image:width\" content=\"2000\" \/>\n\t<meta property=\"og:image:height\" content=\"800\" \/>\n\t<meta property=\"og:image:type\" content=\"image\/jpeg\" \/>\n<meta name=\"author\" content=\"Abby Deshman\" \/>\n<meta name=\"twitter:card\" content=\"summary_large_image\" \/>\n<meta name=\"twitter:creator\" content=\"@MichaelLowry\" \/>\n<meta name=\"twitter:label1\" content=\"\u00c9crit par\" \/>\n\t<meta name=\"twitter:data1\" content=\"Abby Deshman\" \/>\n\t<meta name=\"twitter:label2\" content=\"Estimation du temps de lecture\" \/>\n\t<meta name=\"twitter:data2\" content=\"6 minutes\" \/>\n<script type=\"application\/ld+json\" class=\"yoast-schema-graph\">{\"@context\":\"https:\\\/\\\/schema.org\",\"@graph\":[{\"@type\":\"Article\",\"@id\":\"https:\\\/\\\/dev.ccla.org\\\/fr\\\/justice-penale\\\/lettre-au-service-correctionnel-du-canada\\\/#article\",\"isPartOf\":{\"@id\":\"https:\\\/\\\/dev.ccla.org\\\/fr\\\/justice-penale\\\/lettre-au-service-correctionnel-du-canada\\\/\"},\"author\":{\"name\":\"Abby Deshman\",\"@id\":\"https:\\\/\\\/dev.ccla.org\\\/fr\\\/#\\\/schema\\\/person\\\/e48529969c4b25caa56814893a59c26a\"},\"headline\":\"Lettre au Service correctionnel du Canada\",\"datePublished\":\"2020-04-22T18:43:42+00:00\",\"dateModified\":\"2026-04-23T18:32:45+00:00\",\"mainEntityOfPage\":{\"@id\":\"https:\\\/\\\/dev.ccla.org\\\/fr\\\/justice-penale\\\/lettre-au-service-correctionnel-du-canada\\\/\"},\"wordCount\":1208,\"image\":{\"@id\":\"https:\\\/\\\/dev.ccla.org\\\/fr\\\/justice-penale\\\/lettre-au-service-correctionnel-du-canada\\\/#primaryimage\"},\"thumbnailUrl\":\"https:\\\/\\\/dev.ccla.org\\\/wp-content\\\/uploads\\\/2021\\\/06\\\/handcuffed-hands-of-a-prisoner-behind-the-bars-of-M3VJPR3.jpg\",\"articleSection\":[\"Conditions de confinement\",\"COVID-19\",\"COVID-19 et prisons\",\"JUSTICE P\u00c9NALE\",\"Prisons, prisons et surveillance communautaire\"],\"inLanguage\":\"fr-CA\"},{\"@type\":\"WebPage\",\"@id\":\"https:\\\/\\\/dev.ccla.org\\\/fr\\\/justice-penale\\\/lettre-au-service-correctionnel-du-canada\\\/\",\"url\":\"https:\\\/\\\/dev.ccla.org\\\/fr\\\/justice-penale\\\/lettre-au-service-correctionnel-du-canada\\\/\",\"name\":\"Lettre au Service correctionnel du Canada - CCLA\",\"isPartOf\":{\"@id\":\"https:\\\/\\\/dev.ccla.org\\\/fr\\\/#website\"},\"primaryImageOfPage\":{\"@id\":\"https:\\\/\\\/dev.ccla.org\\\/fr\\\/justice-penale\\\/lettre-au-service-correctionnel-du-canada\\\/#primaryimage\"},\"image\":{\"@id\":\"https:\\\/\\\/dev.ccla.org\\\/fr\\\/justice-penale\\\/lettre-au-service-correctionnel-du-canada\\\/#primaryimage\"},\"thumbnailUrl\":\"https:\\\/\\\/dev.ccla.org\\\/wp-content\\\/uploads\\\/2021\\\/06\\\/handcuffed-hands-of-a-prisoner-behind-the-bars-of-M3VJPR3.jpg\",\"datePublished\":\"2020-04-22T18:43:42+00:00\",\"dateModified\":\"2026-04-23T18:32:45+00:00\",\"author\":{\"@id\":\"https:\\\/\\\/dev.ccla.org\\\/fr\\\/#\\\/schema\\\/person\\\/e48529969c4b25caa56814893a59c26a\"},\"breadcrumb\":{\"@id\":\"https:\\\/\\\/dev.ccla.org\\\/fr\\\/justice-penale\\\/lettre-au-service-correctionnel-du-canada\\\/#breadcrumb\"},\"inLanguage\":\"fr-CA\",\"potentialAction\":[{\"@type\":\"ReadAction\",\"target\":[\"https:\\\/\\\/dev.ccla.org\\\/fr\\\/justice-penale\\\/lettre-au-service-correctionnel-du-canada\\\/\"]}]},{\"@type\":\"ImageObject\",\"inLanguage\":\"fr-CA\",\"@id\":\"https:\\\/\\\/dev.ccla.org\\\/fr\\\/justice-penale\\\/lettre-au-service-correctionnel-du-canada\\\/#primaryimage\",\"url\":\"https:\\\/\\\/dev.ccla.org\\\/wp-content\\\/uploads\\\/2021\\\/06\\\/handcuffed-hands-of-a-prisoner-behind-the-bars-of-M3VJPR3.jpg\",\"contentUrl\":\"https:\\\/\\\/dev.ccla.org\\\/wp-content\\\/uploads\\\/2021\\\/06\\\/handcuffed-hands-of-a-prisoner-behind-the-bars-of-M3VJPR3.jpg\",\"width\":2000,\"height\":800},{\"@type\":\"BreadcrumbList\",\"@id\":\"https:\\\/\\\/dev.ccla.org\\\/fr\\\/justice-penale\\\/lettre-au-service-correctionnel-du-canada\\\/#breadcrumb\",\"itemListElement\":[{\"@type\":\"ListItem\",\"position\":1,\"name\":\"Home\",\"item\":\"https:\\\/\\\/dev.ccla.org\\\/fr\\\/accueil\\\/\"},{\"@type\":\"ListItem\",\"position\":2,\"name\":\"Non class\u00e9\",\"item\":\"https:\\\/\\\/dev.ccla.org\\\/fr\\\/category\\\/non-classe\\\/\"},{\"@type\":\"ListItem\",\"position\":3,\"name\":\"Lettre au Service correctionnel du Canada\"}]},{\"@type\":\"WebSite\",\"@id\":\"https:\\\/\\\/dev.ccla.org\\\/fr\\\/#website\",\"url\":\"https:\\\/\\\/dev.ccla.org\\\/fr\\\/\",\"name\":\"CCLA\",\"description\":\"\",\"potentialAction\":[{\"@type\":\"SearchAction\",\"target\":{\"@type\":\"EntryPoint\",\"urlTemplate\":\"https:\\\/\\\/dev.ccla.org\\\/fr\\\/?s={search_term_string}\"},\"query-input\":{\"@type\":\"PropertyValueSpecification\",\"valueRequired\":true,\"valueName\":\"search_term_string\"}}],\"inLanguage\":\"fr-CA\"},{\"@type\":\"Person\",\"@id\":\"https:\\\/\\\/dev.ccla.org\\\/fr\\\/#\\\/schema\\\/person\\\/e48529969c4b25caa56814893a59c26a\",\"name\":\"Abby Deshman\",\"image\":{\"@type\":\"ImageObject\",\"inLanguage\":\"fr-CA\",\"@id\":\"https:\\\/\\\/secure.gravatar.com\\\/avatar\\\/fdba208a746d8851f4a748600c27df7f5c0d9671274dd0cabcf54ae6c7463b05?s=96&d=blank&r=g\",\"url\":\"https:\\\/\\\/secure.gravatar.com\\\/avatar\\\/fdba208a746d8851f4a748600c27df7f5c0d9671274dd0cabcf54ae6c7463b05?s=96&d=blank&r=g\",\"contentUrl\":\"https:\\\/\\\/secure.gravatar.com\\\/avatar\\\/fdba208a746d8851f4a748600c27df7f5c0d9671274dd0cabcf54ae6c7463b05?s=96&d=blank&r=g\",\"caption\":\"Abby Deshman\"},\"sameAs\":[\"https:\\\/\\\/x.com\\\/MichaelLowry\"],\"url\":\"https:\\\/\\\/dev.ccla.org\\\/fr\\\/author\\\/abby\\\/\"}]}<\/script>\n<!-- \/ Yoast SEO plugin. -->","yoast_head_json":{"title":"Lettre au Service correctionnel du Canada - CCLA","robots":{"index":"noindex","follow":"follow","max-snippet":"max-snippet:-1","max-image-preview":"max-image-preview:large","max-video-preview":"max-video-preview:-1"},"og_locale":"fr_CA","og_type":"article","og_title":"Lettre au Service correctionnel du Canada - CCLA","og_description":"Nous exprimons notre profonde pr\u00e9occupation quant \u00e0 la sant\u00e9 et au bien-\u00eatre des d\u00e9tenus et du personnel des \u00e9tablissements correctionnels f\u00e9d\u00e9raux du Canada.","og_url":"https:\/\/dev.ccla.org\/fr\/justice-penale\/lettre-au-service-correctionnel-du-canada\/","og_site_name":"CCLA","article_published_time":"2020-04-22T18:43:42+00:00","article_modified_time":"2026-04-23T18:32:45+00:00","og_image":[{"width":2000,"height":800,"url":"https:\/\/dev.ccla.org\/wp-content\/uploads\/2021\/06\/handcuffed-hands-of-a-prisoner-behind-the-bars-of-M3VJPR3.jpg","type":"image\/jpeg"}],"author":"Abby Deshman","twitter_card":"summary_large_image","twitter_creator":"@MichaelLowry","twitter_misc":{"\u00c9crit par":"Abby Deshman","Estimation du temps de lecture":"6 minutes"},"schema":{"@context":"https:\/\/schema.org","@graph":[{"@type":"Article","@id":"https:\/\/dev.ccla.org\/fr\/justice-penale\/lettre-au-service-correctionnel-du-canada\/#article","isPartOf":{"@id":"https:\/\/dev.ccla.org\/fr\/justice-penale\/lettre-au-service-correctionnel-du-canada\/"},"author":{"name":"Abby Deshman","@id":"https:\/\/dev.ccla.org\/fr\/#\/schema\/person\/e48529969c4b25caa56814893a59c26a"},"headline":"Lettre au Service correctionnel du Canada","datePublished":"2020-04-22T18:43:42+00:00","dateModified":"2026-04-23T18:32:45+00:00","mainEntityOfPage":{"@id":"https:\/\/dev.ccla.org\/fr\/justice-penale\/lettre-au-service-correctionnel-du-canada\/"},"wordCount":1208,"image":{"@id":"https:\/\/dev.ccla.org\/fr\/justice-penale\/lettre-au-service-correctionnel-du-canada\/#primaryimage"},"thumbnailUrl":"https:\/\/dev.ccla.org\/wp-content\/uploads\/2021\/06\/handcuffed-hands-of-a-prisoner-behind-the-bars-of-M3VJPR3.jpg","articleSection":["Conditions de confinement","COVID-19","COVID-19 et prisons","JUSTICE P\u00c9NALE","Prisons, prisons et surveillance communautaire"],"inLanguage":"fr-CA"},{"@type":"WebPage","@id":"https:\/\/dev.ccla.org\/fr\/justice-penale\/lettre-au-service-correctionnel-du-canada\/","url":"https:\/\/dev.ccla.org\/fr\/justice-penale\/lettre-au-service-correctionnel-du-canada\/","name":"Lettre au Service correctionnel du Canada - CCLA","isPartOf":{"@id":"https:\/\/dev.ccla.org\/fr\/#website"},"primaryImageOfPage":{"@id":"https:\/\/dev.ccla.org\/fr\/justice-penale\/lettre-au-service-correctionnel-du-canada\/#primaryimage"},"image":{"@id":"https:\/\/dev.ccla.org\/fr\/justice-penale\/lettre-au-service-correctionnel-du-canada\/#primaryimage"},"thumbnailUrl":"https:\/\/dev.ccla.org\/wp-content\/uploads\/2021\/06\/handcuffed-hands-of-a-prisoner-behind-the-bars-of-M3VJPR3.jpg","datePublished":"2020-04-22T18:43:42+00:00","dateModified":"2026-04-23T18:32:45+00:00","author":{"@id":"https:\/\/dev.ccla.org\/fr\/#\/schema\/person\/e48529969c4b25caa56814893a59c26a"},"breadcrumb":{"@id":"https:\/\/dev.ccla.org\/fr\/justice-penale\/lettre-au-service-correctionnel-du-canada\/#breadcrumb"},"inLanguage":"fr-CA","potentialAction":[{"@type":"ReadAction","target":["https:\/\/dev.ccla.org\/fr\/justice-penale\/lettre-au-service-correctionnel-du-canada\/"]}]},{"@type":"ImageObject","inLanguage":"fr-CA","@id":"https:\/\/dev.ccla.org\/fr\/justice-penale\/lettre-au-service-correctionnel-du-canada\/#primaryimage","url":"https:\/\/dev.ccla.org\/wp-content\/uploads\/2021\/06\/handcuffed-hands-of-a-prisoner-behind-the-bars-of-M3VJPR3.jpg","contentUrl":"https:\/\/dev.ccla.org\/wp-content\/uploads\/2021\/06\/handcuffed-hands-of-a-prisoner-behind-the-bars-of-M3VJPR3.jpg","width":2000,"height":800},{"@type":"BreadcrumbList","@id":"https:\/\/dev.ccla.org\/fr\/justice-penale\/lettre-au-service-correctionnel-du-canada\/#breadcrumb","itemListElement":[{"@type":"ListItem","position":1,"name":"Home","item":"https:\/\/dev.ccla.org\/fr\/accueil\/"},{"@type":"ListItem","position":2,"name":"Non class\u00e9","item":"https:\/\/dev.ccla.org\/fr\/category\/non-classe\/"},{"@type":"ListItem","position":3,"name":"Lettre au Service correctionnel du Canada"}]},{"@type":"WebSite","@id":"https:\/\/dev.ccla.org\/fr\/#website","url":"https:\/\/dev.ccla.org\/fr\/","name":"CCLA","description":"","potentialAction":[{"@type":"SearchAction","target":{"@type":"EntryPoint","urlTemplate":"https:\/\/dev.ccla.org\/fr\/?s={search_term_string}"},"query-input":{"@type":"PropertyValueSpecification","valueRequired":true,"valueName":"search_term_string"}}],"inLanguage":"fr-CA"},{"@type":"Person","@id":"https:\/\/dev.ccla.org\/fr\/#\/schema\/person\/e48529969c4b25caa56814893a59c26a","name":"Abby Deshman","image":{"@type":"ImageObject","inLanguage":"fr-CA","@id":"https:\/\/secure.gravatar.com\/avatar\/fdba208a746d8851f4a748600c27df7f5c0d9671274dd0cabcf54ae6c7463b05?s=96&d=blank&r=g","url":"https:\/\/secure.gravatar.com\/avatar\/fdba208a746d8851f4a748600c27df7f5c0d9671274dd0cabcf54ae6c7463b05?s=96&d=blank&r=g","contentUrl":"https:\/\/secure.gravatar.com\/avatar\/fdba208a746d8851f4a748600c27df7f5c0d9671274dd0cabcf54ae6c7463b05?s=96&d=blank&r=g","caption":"Abby Deshman"},"sameAs":["https:\/\/x.com\/MichaelLowry"],"url":"https:\/\/dev.ccla.org\/fr\/author\/abby\/"}]}},"_links":{"self":[{"href":"https:\/\/dev.ccla.org\/fr\/wp-json\/wp\/v2\/posts\/14876","targetHints":{"allow":["GET"]}}],"collection":[{"href":"https:\/\/dev.ccla.org\/fr\/wp-json\/wp\/v2\/posts"}],"about":[{"href":"https:\/\/dev.ccla.org\/fr\/wp-json\/wp\/v2\/types\/post"}],"author":[{"embeddable":true,"href":"https:\/\/dev.ccla.org\/fr\/wp-json\/wp\/v2\/users\/10"}],"replies":[{"embeddable":true,"href":"https:\/\/dev.ccla.org\/fr\/wp-json\/wp\/v2\/comments?post=14876"}],"version-history":[{"count":2,"href":"https:\/\/dev.ccla.org\/fr\/wp-json\/wp\/v2\/posts\/14876\/revisions"}],"predecessor-version":[{"id":14882,"href":"https:\/\/dev.ccla.org\/fr\/wp-json\/wp\/v2\/posts\/14876\/revisions\/14882"}],"wp:featuredmedia":[{"embeddable":true,"href":"https:\/\/dev.ccla.org\/fr\/wp-json\/wp\/v2\/media\/14878"}],"wp:attachment":[{"href":"https:\/\/dev.ccla.org\/fr\/wp-json\/wp\/v2\/media?parent=14876"}],"wp:term":[{"taxonomy":"category","embeddable":true,"href":"https:\/\/dev.ccla.org\/fr\/wp-json\/wp\/v2\/categories?post=14876"},{"taxonomy":"post_tag","embeddable":true,"href":"https:\/\/dev.ccla.org\/fr\/wp-json\/wp\/v2\/tags?post=14876"}],"curies":[{"name":"wp","href":"https:\/\/api.w.org\/{rel}","templated":true}]}}