{"id":14765,"date":"2022-04-06T14:14:22","date_gmt":"2022-04-06T18:14:22","guid":{"rendered":"https:\/\/dev.ccla.org\/non-classe\/la-ccla-intervient-pour-proteger-les-droits-a-la-vie-privee-des-enfants\/"},"modified":"2026-04-23T14:32:11","modified_gmt":"2026-04-23T18:32:11","slug":"la-ccla-intervient-pour-proteger-les-droits-a-la-vie-privee-des-enfants","status":"publish","type":"post","link":"https:\/\/dev.ccla.org\/fr\/vie-privee\/la-ccla-intervient-pour-proteger-les-droits-a-la-vie-privee-des-enfants\/","title":{"rendered":"La CCLA intervient pour prot\u00e9ger les droits \u00e0 la vie priv\u00e9e des enfants"},"content":{"rendered":"[vc_row type=\u00a0\u00bbin_container\u00a0\u00bb full_screen_row_position=\u00a0\u00bbmiddle\u00a0\u00bb column_margin=\u00a0\u00bbdefault\u00a0\u00bb column_direction=\u00a0\u00bbdefault\u00a0\u00bb column_direction_tablet=\u00a0\u00bbdefault\u00a0\u00bb column_direction_phone=\u00a0\u00bbdefault\u00a0\u00bb scene_position=\u00a0\u00bbcenter\u00a0\u00bb text_color=\u00a0\u00bbdark\u00a0\u00bb text_align=\u00a0\u00bbleft\u00a0\u00bb row_border_radius=\u00a0\u00bbnone\u00a0\u00bb row_border_radius_applies=\u00a0\u00bbbg\u00a0\u00bb overlay_strength=\u00a0\u00bb0.3&Prime; gradient_direction=\u00a0\u00bbleft_to_right\u00a0\u00bb shape_divider_position=\u00a0\u00bbbottom\u00a0\u00bb bg_image_animation=\u00a0\u00bbnone\u00a0\u00bb][vc_column column_padding=\u00a0\u00bbno-extra-padding\u00a0\u00bb column_padding_tablet=\u00a0\u00bbinherit\u00a0\u00bb column_padding_phone=\u00a0\u00bbinherit\u00a0\u00bb column_padding_position=\u00a0\u00bball\u00a0\u00bb column_element_spacing=\u00a0\u00bbdefault\u00a0\u00bb background_color_opacity=\u00a0\u00bb1&Prime; background_hover_color_opacity=\u00a0\u00bb1&Prime; column_shadow=\u00a0\u00bbnone\u00a0\u00bb column_border_radius=\u00a0\u00bbnone\u00a0\u00bb column_link_target=\u00a0\u00bb_self\u00a0\u00bb gradient_direction=\u00a0\u00bbleft_to_right\u00a0\u00bb overlay_strength=\u00a0\u00bb0.3&Prime; width=\u00a0\u00bb1\/1&Prime; tablet_width_inherit=\u00a0\u00bbdefault\u00a0\u00bb tablet_text_alignment=\u00a0\u00bbdefault\u00a0\u00bb phone_text_alignment=\u00a0\u00bbdefault\u00a0\u00bb bg_image_animation=\u00a0\u00bbnone\u00a0\u00bb border_type=\u00a0\u00bbsimple\u00a0\u00bb column_border_width=\u00a0\u00bbnone\u00a0\u00bb column_border_style=\u00a0\u00bbsolid\u00a0\u00bb][nectar_global_section id=\u00a0\u00bb1355&Prime;][\/vc_column][\/vc_row][vc_row type=\u00a0\u00bbin_container\u00a0\u00bb full_screen_row_position=\u00a0\u00bbmiddle\u00a0\u00bb column_margin=\u00a0\u00bbdefault\u00a0\u00bb column_direction=\u00a0\u00bbdefault\u00a0\u00bb column_direction_tablet=\u00a0\u00bbdefault\u00a0\u00bb column_direction_phone=\u00a0\u00bbdefault\u00a0\u00bb scene_position=\u00a0\u00bbcenter\u00a0\u00bb top_padding=\u00a0\u00bb4%\u00a0\u00bb bottom_padding=\u00a0\u00bb4%\u00a0\u00bb text_color=\u00a0\u00bbdark\u00a0\u00bb text_align=\u00a0\u00bbleft\u00a0\u00bb row_border_radius=\u00a0\u00bbnone\u00a0\u00bb row_border_radius_applies=\u00a0\u00bbbg\u00a0\u00bb overlay_strength=\u00a0\u00bb0.3&Prime; gradient_direction=\u00a0\u00bbleft_to_right\u00a0\u00bb shape_divider_position=\u00a0\u00bbbottom\u00a0\u00bb bg_image_animation=\u00a0\u00bbnone\u00a0\u00bb shape_type=\u00a0\u00bb\u00a0\u00bb][vc_column column_padding=\u00a0\u00bbno-extra-padding\u00a0\u00bb column_padding_tablet=\u00a0\u00bbinherit\u00a0\u00bb column_padding_phone=\u00a0\u00bbinherit\u00a0\u00bb column_padding_position=\u00a0\u00bball\u00a0\u00bb column_element_spacing=\u00a0\u00bbdefault\u00a0\u00bb background_color_opacity=\u00a0\u00bb1&Prime; background_hover_color_opacity=\u00a0\u00bb1&Prime; column_shadow=\u00a0\u00bbnone\u00a0\u00bb column_border_radius=\u00a0\u00bbnone\u00a0\u00bb column_link_target=\u00a0\u00bb_self\u00a0\u00bb gradient_direction=\u00a0\u00bbleft_to_right\u00a0\u00bb overlay_strength=\u00a0\u00bb0.3&Prime; width=\u00a0\u00bb1\/1&Prime; tablet_width_inherit=\u00a0\u00bbdefault\u00a0\u00bb tablet_text_alignment=\u00a0\u00bbdefault\u00a0\u00bb phone_text_alignment=\u00a0\u00bbdefault\u00a0\u00bb bg_image_animation=\u00a0\u00bbnone\u00a0\u00bb border_type=\u00a0\u00bbsimple\u00a0\u00bb column_border_width=\u00a0\u00bbnone\u00a0\u00bb column_border_style=\u00a0\u00bbsolid\u00a0\u00bb][vc_column_text]La CCLA est intervenue r\u00e9cemment dans une affaire visant \u00e0 prot\u00e9ger le droit \u00e0 la vie priv\u00e9e des enfants et des familles. Nous nous sommes exprim\u00e9s parce que nous pensions que la d\u00e9cision de la Cour aurait un impact large et global sur les droits \u00e0 la vie priv\u00e9e des enfants impliqu\u00e9s dans des proc\u00e9dures de protection de l\u2019enfance dans les cas o\u00f9 un tiers cherchait \u00e9galement des divulgations. <\/p>\n<p>Ces enfants sont particuli\u00e8rement vuln\u00e9rables. Eux et leurs parents ou aidants sont souvent pauvres, et leurs familles peuvent vivre des probl\u00e8mes de sant\u00e9 mentale et de consommation de substances, un faible niveau d\u2019\u00e9ducation et d\u2019alphab\u00e9tisation, ainsi que des difficult\u00e9s li\u00e9es au racisme. Lorsqu\u2019ils sont sous ordonnance de surveillance, leur vie quotidienne fait l\u2019objet d\u2019une documentation d\u00e9taill\u00e9e par les agences de protection de l\u2019enfance.  <\/p>\n<p>L\u2019affaire portait sur l\u2019intersection complexe des dispositions de la <em>Loi sur l\u2019immigration et la protection des r\u00e9fugi\u00e9s<\/em> (IRPA), qui pr\u00e9voit que le ministre f\u00e9d\u00e9ral de la S\u00e9curit\u00e9 publique et de la Pr\u00e9paration aux situations d\u2019urgence puisse faire des observations dans des proc\u00e9dures judiciaires susceptibles d\u2019avoir l\u2019effet de suspendre une ordonnance d\u2019expulsion, et de la <em>Loi sur les services aux enfants, aux jeunes et \u00e0 la famille<\/em>, (CYFSA) qui permet d\u2019\u00e9mettre des ordonnances de surveillance pla\u00e7ant une famille sous la garde d\u2019une agence de protection de l\u2019enfance d\u2019une mani\u00e8re qui interdirait effectivement la d\u00e9portation pour une certaine p\u00e9riode.<\/p>\n<p>Le ministre a demand\u00e9 la divulgation de toutes les demandes d\u2019examen de statut et des d\u00e9clarations de fait convenues pertinentes \u00e0 la famille de 2015, ainsi que de toutes les demandes futures qui pourraient \u00eatre d\u00e9pos\u00e9es, arguant qu\u2019une telle \u00e9tendue et profondeur d\u2019information \u00e9taient n\u00e9cessaires pour une soumission significative \u00e0 la Cour. Cependant, ces documents contiennent des d\u00e9tails profond\u00e9ment priv\u00e9s qui vont directement au c\u0153ur biographique des enfants et de leurs familles impliqu\u00e9s dans l\u2019affaire. La CCLA a soutenu lors de notre intervention que cette information m\u00e9ritait la protection d\u2019un cadre juridique de principe afin d\u2019aider la Cour \u00e0 examiner d\u00fbment les droits \u00e0 la vie priv\u00e9e <em>prot\u00e9g\u00e9s par la Charte<\/em> de la famille ainsi que l\u2019int\u00e9r\u00eat public \u00e0 la divulgation repr\u00e9sent\u00e9 par le ministre.  <\/p>\n<p>Les arguments de la CCLA ont expos\u00e9 des facteurs que nous avons recommand\u00e9 que la Cour prenne en compte dans un tel cadre, notamment l\u2019exigence d\u2019\u00e9tablir la n\u00e9cessit\u00e9 et la pertinence de l\u2019information recherch\u00e9e par rapport \u00e0 l\u2019objectif d\u00e9clar\u00e9 de la divulgation; et \u00e9valuer la proportionnalit\u00e9 de la divulgation. Nous avons soutenu que cette \u00e9valuation n\u00e9cessite d\u2019\u00e9quilibrer la valeur des documents que la partie requ\u00e9rante souhaite utiliser pour aider \u00e0 d\u00e9fendre son dossier contre le pr\u00e9judice profond \u00e0 la dignit\u00e9 et \u00e0 la vie priv\u00e9e de la famille concern\u00e9e par l\u2019information. <\/p>\n<p>La Cour a convenu qu\u2019il doit exister un cadre dans lequel les demandes de divulgation sont examin\u00e9es et g\u00e9r\u00e9es, et que les int\u00e9r\u00eats concurrents des parties concern\u00e9es par la divulgation, y compris les droits \u00e0 la vie priv\u00e9e des enfants, sont une consid\u00e9ration importante. La d\u00e9cision stipule que la partie qui souhaite divulguer doit \u00ab fournir une base pour la port\u00e9e propos\u00e9e des soumissions \u00bb, et qu\u2019une fois cette base fournie, le juge peut \u00ab examiner la port\u00e9e demand\u00e9e de la soumission\/divulgation, ainsi que l\u2019obligation l\u00e9gale du ministre de poursuivre l\u2019expulsion d\u00e8s que possible d\u2019une part, et les devoirs des parties en vertu du CYFSA et l\u2019int\u00e9r\u00eat sup\u00e9rieur de l\u2019enfant d\u2019autre part. \u00bb <\/p>\n<p>Il s\u2019agit d\u2019une explication technique et complexe d\u2019une affaire impliquant nuances et complexit\u00e9, mais la conclusion simple est la suivante : la Cour a convenu que les droits \u00e0 la vie priv\u00e9e des enfants et de leurs familles doivent \u00eatre pris en compte lorsque des tiers demandent l\u2019acc\u00e8s \u00e0 leurs renseignements personnels. Ils ont convenu que seules les demandes fond\u00e9es sur la n\u00e9cessit\u00e9 et proportionnelles \u00e0 l\u2019intrusivit\u00e9 des divulgations devraient \u00eatre accept\u00e9es. C\u2019est le r\u00e9sultat que nous esp\u00e9rions, et nous nous attendons \u00e0 ce que ce cadre prot\u00e8ge de nombreux enfants lorsqu\u2019il sera appliqu\u00e9 \u00e0 de futurs cas.  <\/p>\n<p>Un grand merci \u00e0 Vasu Naik, de Robins Naik LLP, pour son excellente repr\u00e9sentation pro bono dans cette affaire.<\/p>\n<p>Lisez ici le fait de la <a href=\"https:\/\/dev.ccla.org\/wp-content\/uploads\/2022\/04\/Protect-Childs-Privacy-Rights-Factum.pdf\" target=\"_blank\" rel=\"noopener\">CCLA.<\/a><br \/>\nLisez la d\u00e9cision <a href=\"https:\/\/dev.ccla.org\/wp-content\/uploads\/2022\/04\/Protect-Childs-Privacy-Rights-Decision.pdf\" target=\"_blank\" rel=\"noopener\">ici.<\/a>[\/vc_column_text][\/vc_column][\/vc_row][vc_row type=\u00a0\u00bbin_container\u00a0\u00bb full_screen_row_position=\u00a0\u00bbmiddle\u00a0\u00bb column_margin=\u00a0\u00bbdefault\u00a0\u00bb column_direction=\u00a0\u00bbdefault\u00a0\u00bb column_direction_tablet=\u00a0\u00bbdefault\u00a0\u00bb column_direction_phone=\u00a0\u00bbdefault\u00a0\u00bb scene_position=\u00a0\u00bbcenter\u00a0\u00bb text_color=\u00a0\u00bbdark\u00a0\u00bb text_align=\u00a0\u00bbleft\u00a0\u00bb row_border_radius=\u00a0\u00bbnone\u00a0\u00bb row_border_radius_applies=\u00a0\u00bbbg\u00a0\u00bb overlay_strength=\u00a0\u00bb0.3&Prime; gradient_direction=\u00a0\u00bbleft_to_right\u00a0\u00bb shape_divider_position=\u00a0\u00bbbottom\u00a0\u00bb bg_image_animation=\u00a0\u00bbnone\u00a0\u00bb][vc_column column_padding=\u00a0\u00bbno-extra-padding\u00a0\u00bb column_padding_tablet=\u00a0\u00bbinherit\u00a0\u00bb column_padding_phone=\u00a0\u00bbinherit\u00a0\u00bb column_padding_position=\u00a0\u00bball\u00a0\u00bb column_element_spacing=\u00a0\u00bbdefault\u00a0\u00bb background_color_opacity=\u00a0\u00bb1&Prime; background_hover_color_opacity=\u00a0\u00bb1&Prime; column_shadow=\u00a0\u00bbnone\u00a0\u00bb column_border_radius=\u00a0\u00bbnone\u00a0\u00bb column_link_target=\u00a0\u00bb_self\u00a0\u00bb gradient_direction=\u00a0\u00bbleft_to_right\u00a0\u00bb overlay_strength=\u00a0\u00bb0.3&Prime; width=\u00a0\u00bb1\/1&Prime; tablet_width_inherit=\u00a0\u00bbdefault\u00a0\u00bb tablet_text_alignment=\u00a0\u00bbdefault\u00a0\u00bb phone_text_alignment=\u00a0\u00bbdefault\u00a0\u00bb bg_image_animation=\u00a0\u00bbnone\u00a0\u00bb border_type=\u00a0\u00bbsimple\u00a0\u00bb column_border_width=\u00a0\u00bbnone\u00a0\u00bb column_border_style=\u00a0\u00bbsolid\u00a0\u00bb][nectar_global_section id=\u00a0\u00bb1461&Prime;][\/vc_column][\/vc_row]\n","protected":false},"excerpt":{"rendered":"<p>La CCLA est intervenue r\u00e9cemment dans une affaire visant \u00e0 prot\u00e9ger le droit \u00e0 la vie priv\u00e9e des enfants et des familles. Nous nous sommes exprim\u00e9s parce que nous croyions que la d\u00e9cision de la Cour aurait un impact large et global sur les droits \u00e0 la vie priv\u00e9e des enfants impliqu\u00e9s dans des proc\u00e9dures de protection de l\u2019enfance. <\/p>\n","protected":false},"author":11,"featured_media":14767,"comment_status":"closed","ping_status":"closed","sticky":false,"template":"","format":"standard","meta":{"footnotes":""},"categories":[277],"tags":[],"class_list":{"0":"post-14765","1":"post","2":"type-post","3":"status-publish","4":"format-standard","5":"has-post-thumbnail","7":"category-vie-privee"},"yoast_head":"<!-- This site is optimized with the Yoast SEO plugin v27.4 - https:\/\/yoast.com\/product\/yoast-seo-wordpress\/ -->\n<title>La CCLA intervient pour prot\u00e9ger les droits \u00e0 la vie priv\u00e9e des enfants - CCLA<\/title>\n<meta name=\"robots\" content=\"noindex, follow, max-snippet:-1, max-image-preview:large, max-video-preview:-1\" \/>\n<meta property=\"og:locale\" content=\"fr_CA\" \/>\n<meta property=\"og:type\" content=\"article\" \/>\n<meta property=\"og:title\" content=\"La CCLA intervient pour prot\u00e9ger les droits \u00e0 la vie priv\u00e9e des enfants - CCLA\" \/>\n<meta property=\"og:description\" content=\"La CCLA est intervenue r\u00e9cemment dans une affaire visant \u00e0 prot\u00e9ger le droit \u00e0 la vie priv\u00e9e des enfants et des familles. Nous nous sommes exprim\u00e9s parce que nous croyions que la d\u00e9cision de la Cour aurait un impact large et global sur les droits \u00e0 la vie priv\u00e9e des enfants impliqu\u00e9s dans des proc\u00e9dures de protection de l\u2019enfance.\" \/>\n<meta property=\"og:url\" content=\"https:\/\/dev.ccla.org\/fr\/vie-privee\/la-ccla-intervient-pour-proteger-les-droits-a-la-vie-privee-des-enfants\/\" \/>\n<meta property=\"og:site_name\" content=\"CCLA\" \/>\n<meta property=\"article:published_time\" content=\"2022-04-06T18:14:22+00:00\" \/>\n<meta property=\"article:modified_time\" content=\"2026-04-23T18:32:11+00:00\" \/>\n<meta property=\"og:image\" content=\"https:\/\/dev.ccla.org\/wp-content\/uploads\/2021\/06\/wooden-gavel-near-judge-writing-N6GSRQJ.jpg\" \/>\n\t<meta property=\"og:image:width\" content=\"2000\" \/>\n\t<meta property=\"og:image:height\" content=\"800\" \/>\n\t<meta property=\"og:image:type\" content=\"image\/jpeg\" \/>\n<meta name=\"author\" content=\"Brenda McPhail\" \/>\n<meta name=\"twitter:card\" content=\"summary_large_image\" \/>\n<meta name=\"twitter:creator\" content=\"@Brenda\" \/>\n<meta name=\"twitter:label1\" content=\"\u00c9crit par\" \/>\n\t<meta name=\"twitter:data1\" content=\"Brenda McPhail\" \/>\n\t<meta name=\"twitter:label2\" content=\"Estimation du temps de lecture\" \/>\n\t<meta name=\"twitter:data2\" content=\"6 minutes\" \/>\n<script type=\"application\/ld+json\" class=\"yoast-schema-graph\">{\"@context\":\"https:\\\/\\\/schema.org\",\"@graph\":[{\"@type\":\"Article\",\"@id\":\"https:\\\/\\\/dev.ccla.org\\\/fr\\\/vie-privee\\\/la-ccla-intervient-pour-proteger-les-droits-a-la-vie-privee-des-enfants\\\/#article\",\"isPartOf\":{\"@id\":\"https:\\\/\\\/dev.ccla.org\\\/fr\\\/vie-privee\\\/la-ccla-intervient-pour-proteger-les-droits-a-la-vie-privee-des-enfants\\\/\"},\"author\":{\"name\":\"Brenda McPhail\",\"@id\":\"https:\\\/\\\/dev.ccla.org\\\/fr\\\/#\\\/schema\\\/person\\\/df01c0bd709d7a6c260f3b5f332d9d69\"},\"headline\":\"La CCLA intervient pour prot\u00e9ger les droits \u00e0 la vie priv\u00e9e des enfants\",\"datePublished\":\"2022-04-06T18:14:22+00:00\",\"dateModified\":\"2026-04-23T18:32:11+00:00\",\"mainEntityOfPage\":{\"@id\":\"https:\\\/\\\/dev.ccla.org\\\/fr\\\/vie-privee\\\/la-ccla-intervient-pour-proteger-les-droits-a-la-vie-privee-des-enfants\\\/\"},\"wordCount\":1228,\"image\":{\"@id\":\"https:\\\/\\\/dev.ccla.org\\\/fr\\\/vie-privee\\\/la-ccla-intervient-pour-proteger-les-droits-a-la-vie-privee-des-enfants\\\/#primaryimage\"},\"thumbnailUrl\":\"https:\\\/\\\/dev.ccla.org\\\/wp-content\\\/uploads\\\/2021\\\/06\\\/wooden-gavel-near-judge-writing-N6GSRQJ.jpg\",\"articleSection\":[\"VIE PRIV\u00c9E\"],\"inLanguage\":\"fr-CA\"},{\"@type\":\"WebPage\",\"@id\":\"https:\\\/\\\/dev.ccla.org\\\/fr\\\/vie-privee\\\/la-ccla-intervient-pour-proteger-les-droits-a-la-vie-privee-des-enfants\\\/\",\"url\":\"https:\\\/\\\/dev.ccla.org\\\/fr\\\/vie-privee\\\/la-ccla-intervient-pour-proteger-les-droits-a-la-vie-privee-des-enfants\\\/\",\"name\":\"La CCLA intervient pour prot\u00e9ger les droits \u00e0 la vie priv\u00e9e des enfants - CCLA\",\"isPartOf\":{\"@id\":\"https:\\\/\\\/dev.ccla.org\\\/fr\\\/#website\"},\"primaryImageOfPage\":{\"@id\":\"https:\\\/\\\/dev.ccla.org\\\/fr\\\/vie-privee\\\/la-ccla-intervient-pour-proteger-les-droits-a-la-vie-privee-des-enfants\\\/#primaryimage\"},\"image\":{\"@id\":\"https:\\\/\\\/dev.ccla.org\\\/fr\\\/vie-privee\\\/la-ccla-intervient-pour-proteger-les-droits-a-la-vie-privee-des-enfants\\\/#primaryimage\"},\"thumbnailUrl\":\"https:\\\/\\\/dev.ccla.org\\\/wp-content\\\/uploads\\\/2021\\\/06\\\/wooden-gavel-near-judge-writing-N6GSRQJ.jpg\",\"datePublished\":\"2022-04-06T18:14:22+00:00\",\"dateModified\":\"2026-04-23T18:32:11+00:00\",\"author\":{\"@id\":\"https:\\\/\\\/dev.ccla.org\\\/fr\\\/#\\\/schema\\\/person\\\/df01c0bd709d7a6c260f3b5f332d9d69\"},\"breadcrumb\":{\"@id\":\"https:\\\/\\\/dev.ccla.org\\\/fr\\\/vie-privee\\\/la-ccla-intervient-pour-proteger-les-droits-a-la-vie-privee-des-enfants\\\/#breadcrumb\"},\"inLanguage\":\"fr-CA\",\"potentialAction\":[{\"@type\":\"ReadAction\",\"target\":[\"https:\\\/\\\/dev.ccla.org\\\/fr\\\/vie-privee\\\/la-ccla-intervient-pour-proteger-les-droits-a-la-vie-privee-des-enfants\\\/\"]}]},{\"@type\":\"ImageObject\",\"inLanguage\":\"fr-CA\",\"@id\":\"https:\\\/\\\/dev.ccla.org\\\/fr\\\/vie-privee\\\/la-ccla-intervient-pour-proteger-les-droits-a-la-vie-privee-des-enfants\\\/#primaryimage\",\"url\":\"https:\\\/\\\/dev.ccla.org\\\/wp-content\\\/uploads\\\/2021\\\/06\\\/wooden-gavel-near-judge-writing-N6GSRQJ.jpg\",\"contentUrl\":\"https:\\\/\\\/dev.ccla.org\\\/wp-content\\\/uploads\\\/2021\\\/06\\\/wooden-gavel-near-judge-writing-N6GSRQJ.jpg\",\"width\":2000,\"height\":800},{\"@type\":\"BreadcrumbList\",\"@id\":\"https:\\\/\\\/dev.ccla.org\\\/fr\\\/vie-privee\\\/la-ccla-intervient-pour-proteger-les-droits-a-la-vie-privee-des-enfants\\\/#breadcrumb\",\"itemListElement\":[{\"@type\":\"ListItem\",\"position\":1,\"name\":\"Home\",\"item\":\"https:\\\/\\\/dev.ccla.org\\\/fr\\\/accueil\\\/\"},{\"@type\":\"ListItem\",\"position\":2,\"name\":\"Non class\u00e9\",\"item\":\"https:\\\/\\\/dev.ccla.org\\\/fr\\\/category\\\/non-classe\\\/\"},{\"@type\":\"ListItem\",\"position\":3,\"name\":\"La CCLA intervient pour prot\u00e9ger les droits \u00e0 la vie priv\u00e9e des enfants\"}]},{\"@type\":\"WebSite\",\"@id\":\"https:\\\/\\\/dev.ccla.org\\\/fr\\\/#website\",\"url\":\"https:\\\/\\\/dev.ccla.org\\\/fr\\\/\",\"name\":\"CCLA\",\"description\":\"\",\"potentialAction\":[{\"@type\":\"SearchAction\",\"target\":{\"@type\":\"EntryPoint\",\"urlTemplate\":\"https:\\\/\\\/dev.ccla.org\\\/fr\\\/?s={search_term_string}\"},\"query-input\":{\"@type\":\"PropertyValueSpecification\",\"valueRequired\":true,\"valueName\":\"search_term_string\"}}],\"inLanguage\":\"fr-CA\"},{\"@type\":\"Person\",\"@id\":\"https:\\\/\\\/dev.ccla.org\\\/fr\\\/#\\\/schema\\\/person\\\/df01c0bd709d7a6c260f3b5f332d9d69\",\"name\":\"Brenda McPhail\",\"image\":{\"@type\":\"ImageObject\",\"inLanguage\":\"fr-CA\",\"@id\":\"https:\\\/\\\/secure.gravatar.com\\\/avatar\\\/b18ffdbbca7e655d025c1ef4c7efccf0fe47586afe268b76b82493c5b4a3d54f?s=96&d=blank&r=g\",\"url\":\"https:\\\/\\\/secure.gravatar.com\\\/avatar\\\/b18ffdbbca7e655d025c1ef4c7efccf0fe47586afe268b76b82493c5b4a3d54f?s=96&d=blank&r=g\",\"contentUrl\":\"https:\\\/\\\/secure.gravatar.com\\\/avatar\\\/b18ffdbbca7e655d025c1ef4c7efccf0fe47586afe268b76b82493c5b4a3d54f?s=96&d=blank&r=g\",\"caption\":\"Brenda McPhail\"},\"sameAs\":[\"https:\\\/\\\/x.com\\\/Brenda\"],\"url\":\"https:\\\/\\\/dev.ccla.org\\\/fr\\\/author\\\/brenda\\\/\"}]}<\/script>\n<!-- \/ Yoast SEO plugin. -->","yoast_head_json":{"title":"La CCLA intervient pour prot\u00e9ger les droits \u00e0 la vie priv\u00e9e des enfants - CCLA","robots":{"index":"noindex","follow":"follow","max-snippet":"max-snippet:-1","max-image-preview":"max-image-preview:large","max-video-preview":"max-video-preview:-1"},"og_locale":"fr_CA","og_type":"article","og_title":"La CCLA intervient pour prot\u00e9ger les droits \u00e0 la vie priv\u00e9e des enfants - CCLA","og_description":"La CCLA est intervenue r\u00e9cemment dans une affaire visant \u00e0 prot\u00e9ger le droit \u00e0 la vie priv\u00e9e des enfants et des familles. Nous nous sommes exprim\u00e9s parce que nous croyions que la d\u00e9cision de la Cour aurait un impact large et global sur les droits \u00e0 la vie priv\u00e9e des enfants impliqu\u00e9s dans des proc\u00e9dures de protection de l\u2019enfance.","og_url":"https:\/\/dev.ccla.org\/fr\/vie-privee\/la-ccla-intervient-pour-proteger-les-droits-a-la-vie-privee-des-enfants\/","og_site_name":"CCLA","article_published_time":"2022-04-06T18:14:22+00:00","article_modified_time":"2026-04-23T18:32:11+00:00","og_image":[{"width":2000,"height":800,"url":"https:\/\/dev.ccla.org\/wp-content\/uploads\/2021\/06\/wooden-gavel-near-judge-writing-N6GSRQJ.jpg","type":"image\/jpeg"}],"author":"Brenda McPhail","twitter_card":"summary_large_image","twitter_creator":"@Brenda","twitter_misc":{"\u00c9crit par":"Brenda McPhail","Estimation du temps de lecture":"6 minutes"},"schema":{"@context":"https:\/\/schema.org","@graph":[{"@type":"Article","@id":"https:\/\/dev.ccla.org\/fr\/vie-privee\/la-ccla-intervient-pour-proteger-les-droits-a-la-vie-privee-des-enfants\/#article","isPartOf":{"@id":"https:\/\/dev.ccla.org\/fr\/vie-privee\/la-ccla-intervient-pour-proteger-les-droits-a-la-vie-privee-des-enfants\/"},"author":{"name":"Brenda McPhail","@id":"https:\/\/dev.ccla.org\/fr\/#\/schema\/person\/df01c0bd709d7a6c260f3b5f332d9d69"},"headline":"La CCLA intervient pour prot\u00e9ger les droits \u00e0 la vie priv\u00e9e des enfants","datePublished":"2022-04-06T18:14:22+00:00","dateModified":"2026-04-23T18:32:11+00:00","mainEntityOfPage":{"@id":"https:\/\/dev.ccla.org\/fr\/vie-privee\/la-ccla-intervient-pour-proteger-les-droits-a-la-vie-privee-des-enfants\/"},"wordCount":1228,"image":{"@id":"https:\/\/dev.ccla.org\/fr\/vie-privee\/la-ccla-intervient-pour-proteger-les-droits-a-la-vie-privee-des-enfants\/#primaryimage"},"thumbnailUrl":"https:\/\/dev.ccla.org\/wp-content\/uploads\/2021\/06\/wooden-gavel-near-judge-writing-N6GSRQJ.jpg","articleSection":["VIE PRIV\u00c9E"],"inLanguage":"fr-CA"},{"@type":"WebPage","@id":"https:\/\/dev.ccla.org\/fr\/vie-privee\/la-ccla-intervient-pour-proteger-les-droits-a-la-vie-privee-des-enfants\/","url":"https:\/\/dev.ccla.org\/fr\/vie-privee\/la-ccla-intervient-pour-proteger-les-droits-a-la-vie-privee-des-enfants\/","name":"La CCLA intervient pour prot\u00e9ger les droits \u00e0 la vie priv\u00e9e des enfants - CCLA","isPartOf":{"@id":"https:\/\/dev.ccla.org\/fr\/#website"},"primaryImageOfPage":{"@id":"https:\/\/dev.ccla.org\/fr\/vie-privee\/la-ccla-intervient-pour-proteger-les-droits-a-la-vie-privee-des-enfants\/#primaryimage"},"image":{"@id":"https:\/\/dev.ccla.org\/fr\/vie-privee\/la-ccla-intervient-pour-proteger-les-droits-a-la-vie-privee-des-enfants\/#primaryimage"},"thumbnailUrl":"https:\/\/dev.ccla.org\/wp-content\/uploads\/2021\/06\/wooden-gavel-near-judge-writing-N6GSRQJ.jpg","datePublished":"2022-04-06T18:14:22+00:00","dateModified":"2026-04-23T18:32:11+00:00","author":{"@id":"https:\/\/dev.ccla.org\/fr\/#\/schema\/person\/df01c0bd709d7a6c260f3b5f332d9d69"},"breadcrumb":{"@id":"https:\/\/dev.ccla.org\/fr\/vie-privee\/la-ccla-intervient-pour-proteger-les-droits-a-la-vie-privee-des-enfants\/#breadcrumb"},"inLanguage":"fr-CA","potentialAction":[{"@type":"ReadAction","target":["https:\/\/dev.ccla.org\/fr\/vie-privee\/la-ccla-intervient-pour-proteger-les-droits-a-la-vie-privee-des-enfants\/"]}]},{"@type":"ImageObject","inLanguage":"fr-CA","@id":"https:\/\/dev.ccla.org\/fr\/vie-privee\/la-ccla-intervient-pour-proteger-les-droits-a-la-vie-privee-des-enfants\/#primaryimage","url":"https:\/\/dev.ccla.org\/wp-content\/uploads\/2021\/06\/wooden-gavel-near-judge-writing-N6GSRQJ.jpg","contentUrl":"https:\/\/dev.ccla.org\/wp-content\/uploads\/2021\/06\/wooden-gavel-near-judge-writing-N6GSRQJ.jpg","width":2000,"height":800},{"@type":"BreadcrumbList","@id":"https:\/\/dev.ccla.org\/fr\/vie-privee\/la-ccla-intervient-pour-proteger-les-droits-a-la-vie-privee-des-enfants\/#breadcrumb","itemListElement":[{"@type":"ListItem","position":1,"name":"Home","item":"https:\/\/dev.ccla.org\/fr\/accueil\/"},{"@type":"ListItem","position":2,"name":"Non class\u00e9","item":"https:\/\/dev.ccla.org\/fr\/category\/non-classe\/"},{"@type":"ListItem","position":3,"name":"La CCLA intervient pour prot\u00e9ger les droits \u00e0 la vie priv\u00e9e des enfants"}]},{"@type":"WebSite","@id":"https:\/\/dev.ccla.org\/fr\/#website","url":"https:\/\/dev.ccla.org\/fr\/","name":"CCLA","description":"","potentialAction":[{"@type":"SearchAction","target":{"@type":"EntryPoint","urlTemplate":"https:\/\/dev.ccla.org\/fr\/?s={search_term_string}"},"query-input":{"@type":"PropertyValueSpecification","valueRequired":true,"valueName":"search_term_string"}}],"inLanguage":"fr-CA"},{"@type":"Person","@id":"https:\/\/dev.ccla.org\/fr\/#\/schema\/person\/df01c0bd709d7a6c260f3b5f332d9d69","name":"Brenda McPhail","image":{"@type":"ImageObject","inLanguage":"fr-CA","@id":"https:\/\/secure.gravatar.com\/avatar\/b18ffdbbca7e655d025c1ef4c7efccf0fe47586afe268b76b82493c5b4a3d54f?s=96&d=blank&r=g","url":"https:\/\/secure.gravatar.com\/avatar\/b18ffdbbca7e655d025c1ef4c7efccf0fe47586afe268b76b82493c5b4a3d54f?s=96&d=blank&r=g","contentUrl":"https:\/\/secure.gravatar.com\/avatar\/b18ffdbbca7e655d025c1ef4c7efccf0fe47586afe268b76b82493c5b4a3d54f?s=96&d=blank&r=g","caption":"Brenda McPhail"},"sameAs":["https:\/\/x.com\/Brenda"],"url":"https:\/\/dev.ccla.org\/fr\/author\/brenda\/"}]}},"_links":{"self":[{"href":"https:\/\/dev.ccla.org\/fr\/wp-json\/wp\/v2\/posts\/14765","targetHints":{"allow":["GET"]}}],"collection":[{"href":"https:\/\/dev.ccla.org\/fr\/wp-json\/wp\/v2\/posts"}],"about":[{"href":"https:\/\/dev.ccla.org\/fr\/wp-json\/wp\/v2\/types\/post"}],"author":[{"embeddable":true,"href":"https:\/\/dev.ccla.org\/fr\/wp-json\/wp\/v2\/users\/11"}],"replies":[{"embeddable":true,"href":"https:\/\/dev.ccla.org\/fr\/wp-json\/wp\/v2\/comments?post=14765"}],"version-history":[{"count":1,"href":"https:\/\/dev.ccla.org\/fr\/wp-json\/wp\/v2\/posts\/14765\/revisions"}],"predecessor-version":[{"id":14774,"href":"https:\/\/dev.ccla.org\/fr\/wp-json\/wp\/v2\/posts\/14765\/revisions\/14774"}],"wp:featuredmedia":[{"embeddable":true,"href":"https:\/\/dev.ccla.org\/fr\/wp-json\/wp\/v2\/media\/14767"}],"wp:attachment":[{"href":"https:\/\/dev.ccla.org\/fr\/wp-json\/wp\/v2\/media?parent=14765"}],"wp:term":[{"taxonomy":"category","embeddable":true,"href":"https:\/\/dev.ccla.org\/fr\/wp-json\/wp\/v2\/categories?post=14765"},{"taxonomy":"post_tag","embeddable":true,"href":"https:\/\/dev.ccla.org\/fr\/wp-json\/wp\/v2\/tags?post=14765"}],"curies":[{"name":"wp","href":"https:\/\/api.w.org\/{rel}","templated":true}]}}