{"id":14741,"date":"2022-02-24T15:10:43","date_gmt":"2022-02-24T20:10:43","guid":{"rendered":"https:\/\/dev.ccla.org\/non-classe\/lontario-exigera-que-les-employeurs-divulguent-la-surveillance-electronique\/"},"modified":"2026-04-23T14:32:11","modified_gmt":"2026-04-23T18:32:11","slug":"lontario-exigera-que-les-employeurs-divulguent-la-surveillance-electronique","status":"publish","type":"post","link":"https:\/\/dev.ccla.org\/fr\/vie-privee\/lontario-exigera-que-les-employeurs-divulguent-la-surveillance-electronique\/","title":{"rendered":"L\u2019Ontario exigera que les employeurs divulguent la surveillance \u00e9lectronique"},"content":{"rendered":"[vc_row type=\u00a0\u00bbin_container\u00a0\u00bb full_screen_row_position=\u00a0\u00bbmiddle\u00a0\u00bb column_margin=\u00a0\u00bbdefault\u00a0\u00bb column_direction=\u00a0\u00bbdefault\u00a0\u00bb column_direction_tablet=\u00a0\u00bbdefault\u00a0\u00bb column_direction_phone=\u00a0\u00bbdefault\u00a0\u00bb scene_position=\u00a0\u00bbcenter\u00a0\u00bb text_color=\u00a0\u00bbdark\u00a0\u00bb text_align=\u00a0\u00bbleft\u00a0\u00bb row_border_radius=\u00a0\u00bbnone\u00a0\u00bb row_border_radius_applies=\u00a0\u00bbbg\u00a0\u00bb overlay_strength=\u00a0\u00bb0.3&Prime; gradient_direction=\u00a0\u00bbleft_to_right\u00a0\u00bb shape_divider_position=\u00a0\u00bbbottom\u00a0\u00bb bg_image_animation=\u00a0\u00bbnone\u00a0\u00bb][vc_column column_padding=\u00a0\u00bbno-extra-padding\u00a0\u00bb column_padding_tablet=\u00a0\u00bbinherit\u00a0\u00bb column_padding_phone=\u00a0\u00bbinherit\u00a0\u00bb column_padding_position=\u00a0\u00bball\u00a0\u00bb column_element_spacing=\u00a0\u00bbdefault\u00a0\u00bb background_color_opacity=\u00a0\u00bb1&Prime; background_hover_color_opacity=\u00a0\u00bb1&Prime; column_shadow=\u00a0\u00bbnone\u00a0\u00bb column_border_radius=\u00a0\u00bbnone\u00a0\u00bb column_link_target=\u00a0\u00bb_self\u00a0\u00bb gradient_direction=\u00a0\u00bbleft_to_right\u00a0\u00bb overlay_strength=\u00a0\u00bb0.3&Prime; width=\u00a0\u00bb1\/1&Prime; tablet_width_inherit=\u00a0\u00bbdefault\u00a0\u00bb tablet_text_alignment=\u00a0\u00bbdefault\u00a0\u00bb phone_text_alignment=\u00a0\u00bbdefault\u00a0\u00bb bg_image_animation=\u00a0\u00bbnone\u00a0\u00bb border_type=\u00a0\u00bbsimple\u00a0\u00bb column_border_width=\u00a0\u00bbnone\u00a0\u00bb column_border_style=\u00a0\u00bbsolid\u00a0\u00bb][nectar_global_section id=\u00a0\u00bb1355&Prime;][\/vc_column][\/vc_row][vc_row type=\u00a0\u00bbin_container\u00a0\u00bb full_screen_row_position=\u00a0\u00bbmiddle\u00a0\u00bb column_margin=\u00a0\u00bbdefault\u00a0\u00bb column_direction=\u00a0\u00bbdefault\u00a0\u00bb column_direction_tablet=\u00a0\u00bbdefault\u00a0\u00bb column_direction_phone=\u00a0\u00bbdefault\u00a0\u00bb scene_position=\u00a0\u00bbcenter\u00a0\u00bb top_padding=\u00a0\u00bb4%\u00a0\u00bb bottom_padding=\u00a0\u00bb4%\u00a0\u00bb text_color=\u00a0\u00bbdark\u00a0\u00bb text_align=\u00a0\u00bbleft\u00a0\u00bb row_border_radius=\u00a0\u00bbnone\u00a0\u00bb row_border_radius_applies=\u00a0\u00bbbg\u00a0\u00bb overlay_strength=\u00a0\u00bb0.3&Prime; gradient_direction=\u00a0\u00bbleft_to_right\u00a0\u00bb shape_divider_position=\u00a0\u00bbbottom\u00a0\u00bb bg_image_animation=\u00a0\u00bbnone\u00a0\u00bb shape_type=\u00a0\u00bb\u00a0\u00bb][vc_column column_padding=\u00a0\u00bbno-extra-padding\u00a0\u00bb column_padding_tablet=\u00a0\u00bbinherit\u00a0\u00bb column_padding_phone=\u00a0\u00bbinherit\u00a0\u00bb column_padding_position=\u00a0\u00bball\u00a0\u00bb column_element_spacing=\u00a0\u00bbdefault\u00a0\u00bb background_color_opacity=\u00a0\u00bb1&Prime; background_hover_color_opacity=\u00a0\u00bb1&Prime; column_shadow=\u00a0\u00bbnone\u00a0\u00bb column_border_radius=\u00a0\u00bbnone\u00a0\u00bb column_link_target=\u00a0\u00bb_self\u00a0\u00bb gradient_direction=\u00a0\u00bbleft_to_right\u00a0\u00bb overlay_strength=\u00a0\u00bb0.3&Prime; width=\u00a0\u00bb1\/1&Prime; tablet_width_inherit=\u00a0\u00bbdefault\u00a0\u00bb tablet_text_alignment=\u00a0\u00bbdefault\u00a0\u00bb phone_text_alignment=\u00a0\u00bbdefault\u00a0\u00bb bg_image_animation=\u00a0\u00bbnone\u00a0\u00bb border_type=\u00a0\u00bbsimple\u00a0\u00bb column_border_width=\u00a0\u00bbnone\u00a0\u00bb column_border_style=\u00a0\u00bbsolid\u00a0\u00bb][vc_column_text]Les milieux de travail ont toujours surveill\u00e9 les travailleurs, mais les technologies nouvelles et en \u00e9volution ont permis une surveillance de plus en plus intrusive, allant des frappes au clavier aux mouvements oculaires devant un \u00e9cran, du suivi de la localisation via le GPS dans les camions au suivi avec des t\u00e9l\u00e9phones d\u2019entreprise dans les poches. Et \u00e0 mesure que les moyens de surveillance s\u2019\u00e9tendent, la capacit\u00e9 \u00e0 cela de se produire de fa\u00e7on invisible en coulisses des interfaces que nous utilisons chaque jour s\u2019est \u00e9galement accrue. Le travail \u00e0 distance, comme beaucoup de gens l\u2019ont fait pendant la pand\u00e9mie, a intensifi\u00e9 l\u2019int\u00e9r\u00eat en milieu de travail pour ce type de suivi et la vuln\u00e9rabilit\u00e9 des gens \u00e0 celle-ci, alors que les fronti\u00e8res entre le domicile et le travail se brouillent.  <\/p>\n<p>Donc, l\u2019annonce de l\u2019Ontario, aujourd\u2019hui, selon laquelle le gouvernement pr\u00e9voit d\u2019introduire une nouvelle l\u00e9gislation plus tard ce mois-ci pour \u00ab <a href=\"https:\/\/news.ontario.ca\/en\/release\/1001654\/ontario-requiring-employers-to-disclose-electronic-monitoring\" target=\"_blank\" rel=\"noopener\">exiger que les employeurs informent leurs travailleurs si et comment ils sont surveill\u00e9s \u00e9lectroniquement<\/a> \u00bb est bienvenue. Il y a un manque de protection des travailleurs dans nos lois sur la vie priv\u00e9e depuis longtemps, et ce sera un petit premier pas pour le combler. <\/p>\n<p>Cependant, m\u00eame si ajouter de telles protections est une bonne chose, elles doivent \u00eatre authentiques. Premi\u00e8rement, il faut noter que, bien que les exigences de transparence semblent conviviales pour les travailleurs, la fa\u00e7on dont elles sont mises en \u0153uvre fera une diff\u00e9rence entre leur utilit\u00e9 ou une case \u00e0 cocher lors d\u2019une orientation des employ\u00e9s. C\u2019est une chose de se faire dire comment et pourquoi on est surveill\u00e9 en milieu de travail, mais en l\u2019absence d\u2019obligation pour les employeurs de limiter leur surveillance \u00e0 ce qui peut \u00eatre r\u00e9ellement justifi\u00e9, cela pourrait finir par \u00eatre un exercice de frustration pour les employ\u00e9s (et tout aussi contre-productif pour les employeurs).  <\/p>\n<p>Il y a une fine ligne entre le d\u00e9sir et le besoin en mati\u00e8re de collecte de donn\u00e9es. C\u2019est une ligne qu\u2019on voit franchie de diff\u00e9rentes fa\u00e7ons partout autour de nous. Au travail, o\u00f9 les employeurs ont le pouvoir d\u2019embaucher et de cong\u00e9dier, et o\u00f9 d\u00e9missionner n\u2019est peut-\u00eatre pas une option pour les employ\u00e9s ayant une famille et des hypoth\u00e8ques, ce d\u00e9s\u00e9quilibre de pouvoir peut \u00eatre \u00e9norme.  <\/p>\n<p>Cela signifie que ce que nous devons vraiment voir, c\u2019est l\u2019ancrage de certaines meilleures pratiques pour prendre des d\u00e9cisions concernant toute forme de surveillance en milieu de travail, telles que :<\/p>\n<ul>\n<li>D\u00e9terminez que des m\u00e9thodes moins intrusives ne peuvent pas faire le travail et qu\u2019il existe une pr\u00e9occupation document\u00e9e, sp\u00e9cifique, continue et v\u00e9rifiable.<\/li>\n<li>Participer \u00e0 la consultation des employ\u00e9s concernant les mesures et moyens<\/li>\n<li>\u00c9laborez des politiques et des proc\u00e9dures qui d\u00e9finissent les r\u00f4les et responsabilit\u00e9s des personnes impliqu\u00e9es dans la collecte d\u2019informations personnelles \u2013 comment ces informations seront-elles utilis\u00e9es pour ou contre les travailleurs et qui d\u00e9cide? Quelles sont les garanties? <\/li>\n<li>Exiger que les grandes entreprises r\u00e9alisent des \u00e9valuations d\u2019impact sur la vie priv\u00e9e pour de nouveaux outils afin de s\u2019assurer qu\u2019elles sont con\u00e7ues pour minimiser l\u2019impact sur la vie priv\u00e9e et conformes \u00e0 la l\u00e9gislation sur la vie priv\u00e9e<\/li>\n<li>Offrir de la formation \u00e0 ceux qui travaillent avec les donn\u00e9es<\/li>\n<li>Documentez la mani\u00e8re dont la s\u00e9curit\u00e9 appropri\u00e9e des donn\u00e9es est assur\u00e9e<\/li>\n<li>Effectuer des examens et \u00e9valuations de conformit\u00e9 avec la politique de transparence et les politiques de surveillance plus larges concernant l\u2019utilisation des outils de surveillance<\/li>\n<li>Assurer l\u2019acc\u00e8s des employ\u00e9s \u00e0 leurs propres informations personnelles recueillies par les outils de surveillance<\/li>\n<li>Pr\u00e9voir des audits\/\u00e9valuations r\u00e9guli\u00e8res<\/li>\n<\/ul>\n<p>L\u2019introduction d\u2019exigences de transparence pour la surveillance en milieu de travail n\u2019est qu\u2019une premi\u00e8re \u00e9tape vers des protections significatives pour les travailleurs. La deuxi\u00e8me \u00e9tape est une loi, peut-\u00eatre dans <a href=\"https:\/\/www.ontariocanada.com\/registry\/showAttachment.do?postingId=37468&amp;attachmentId=49462\" target=\"_blank\" rel=\"noopener\">la future loi sur la vie priv\u00e9e de l\u2019Ontario<\/a>, qui met en place certaines garanties quant aux types de surveillance, dans quelles conditions, qui sont raisonnables et offre un recours aux travailleurs confront\u00e9s \u00e0 des pratiques qu\u2019ils jugent trop intrusives. En d\u2019autres termes, les travailleurs n\u2019ont pas seulement besoin de savoir quand ils sont surveill\u00e9s, ils ont besoin d\u2019\u00eatre prot\u00e9g\u00e9s contre la surveillance elle-m\u00eame si ou quand elle franchit la limite entre un besoin valide de l\u2019employeur et un d\u00e9blaiement oppressif de donn\u00e9es de l\u2019employeur.  <\/p>\n<p>C\u2019est une l\u00e9gislation \u00e0 surveiller en Ontario dans les semaines \u00e0 venir. Restez \u00e0 l\u2019\u00e9coute.[\/vc_column_text][\/vc_column][\/vc_row][vc_row type=\u00a0\u00bbin_container\u00a0\u00bb full_screen_row_position=\u00a0\u00bbmiddle\u00a0\u00bb column_margin=\u00a0\u00bbdefault\u00a0\u00bb column_direction=\u00a0\u00bbdefault\u00a0\u00bb column_direction_tablet=\u00a0\u00bbdefault\u00a0\u00bb column_direction_phone=\u00a0\u00bbdefault\u00a0\u00bb scene_position=\u00a0\u00bbcenter\u00a0\u00bb text_color=\u00a0\u00bbdark\u00a0\u00bb text_align=\u00a0\u00bbleft\u00a0\u00bb row_border_radius=\u00a0\u00bbnone\u00a0\u00bb row_border_radius_applies=\u00a0\u00bbbg\u00a0\u00bb overlay_strength=\u00a0\u00bb0.3&Prime; gradient_direction=\u00a0\u00bbleft_to_right\u00a0\u00bb shape_divider_position=\u00a0\u00bbbottom\u00a0\u00bb bg_image_animation=\u00a0\u00bbnone\u00a0\u00bb][vc_column column_padding=\u00a0\u00bbno-extra-padding\u00a0\u00bb column_padding_tablet=\u00a0\u00bbinherit\u00a0\u00bb column_padding_phone=\u00a0\u00bbinherit\u00a0\u00bb column_padding_position=\u00a0\u00bball\u00a0\u00bb column_element_spacing=\u00a0\u00bbdefault\u00a0\u00bb background_color_opacity=\u00a0\u00bb1&Prime; background_hover_color_opacity=\u00a0\u00bb1&Prime; column_shadow=\u00a0\u00bbnone\u00a0\u00bb column_border_radius=\u00a0\u00bbnone\u00a0\u00bb column_link_target=\u00a0\u00bb_self\u00a0\u00bb gradient_direction=\u00a0\u00bbleft_to_right\u00a0\u00bb overlay_strength=\u00a0\u00bb0.3&Prime; width=\u00a0\u00bb1\/1&Prime; tablet_width_inherit=\u00a0\u00bbdefault\u00a0\u00bb tablet_text_alignment=\u00a0\u00bbdefault\u00a0\u00bb phone_text_alignment=\u00a0\u00bbdefault\u00a0\u00bb bg_image_animation=\u00a0\u00bbnone\u00a0\u00bb border_type=\u00a0\u00bbsimple\u00a0\u00bb column_border_width=\u00a0\u00bbnone\u00a0\u00bb column_border_style=\u00a0\u00bbsolid\u00a0\u00bb][nectar_global_section id=\u00a0\u00bb1461&Prime;][\/vc_column][\/vc_row]\n","protected":false},"excerpt":{"rendered":"<p>Il y a un manque de protection des travailleurs dans nos lois sur la vie priv\u00e9e depuis longtemps, et ce sera un petit premier pas pour le combler.<\/p>\n","protected":false},"author":11,"featured_media":14744,"comment_status":"closed","ping_status":"closed","sticky":false,"template":"","format":"standard","meta":{"footnotes":""},"categories":[390,278,277],"tags":[],"class_list":{"0":"post-14741","1":"post","2":"type-post","3":"status-publish","4":"format-standard","5":"has-post-thumbnail","7":"category-legislation-sur-le-secteur-prive-de-lontario","8":"category-reforme-des-lois-sur-la-vie-privee","9":"category-vie-privee"},"yoast_head":"<!-- This site is optimized with the Yoast SEO plugin v27.4 - https:\/\/yoast.com\/product\/yoast-seo-wordpress\/ -->\n<title>L\u2019Ontario exigera que les employeurs divulguent la surveillance \u00e9lectronique - CCLA<\/title>\n<meta name=\"description\" content=\"Nous saluons la d\u00e9cision du gouvernement de r\u00e9voquer la proclamation d\u2019\u00e9tat d\u2019urgence \u2013 elle est en retard. D\u00e8s le d\u00e9part, cependant, nous avons affirm\u00e9 que le gouvernement n\u2019atteignait pas les seuils l\u00e9gaux \u00e9nonc\u00e9s dans la Loi sur les situations d\u2019urgence.\" \/>\n<meta name=\"robots\" content=\"noindex, follow, max-snippet:-1, max-image-preview:large, max-video-preview:-1\" \/>\n<meta property=\"og:locale\" content=\"fr_CA\" \/>\n<meta property=\"og:type\" content=\"article\" \/>\n<meta property=\"og:title\" content=\"L\u2019Ontario exigera que les employeurs divulguent la surveillance \u00e9lectronique - CCLA\" \/>\n<meta property=\"og:description\" content=\"Nous saluons la d\u00e9cision du gouvernement de r\u00e9voquer la proclamation d\u2019\u00e9tat d\u2019urgence \u2013 elle est en retard. D\u00e8s le d\u00e9part, cependant, nous avons affirm\u00e9 que le gouvernement n\u2019atteignait pas les seuils l\u00e9gaux \u00e9nonc\u00e9s dans la Loi sur les situations d\u2019urgence.\" \/>\n<meta property=\"og:url\" content=\"https:\/\/dev.ccla.org\/fr\/vie-privee\/lontario-exigera-que-les-employeurs-divulguent-la-surveillance-electronique\/\" \/>\n<meta property=\"og:site_name\" content=\"CCLA\" \/>\n<meta property=\"article:published_time\" content=\"2022-02-24T20:10:43+00:00\" \/>\n<meta property=\"article:modified_time\" content=\"2026-04-23T18:32:11+00:00\" \/>\n<meta property=\"og:image\" content=\"https:\/\/dev.ccla.org\/wp-content\/uploads\/2021\/06\/mimi-thian-737711-unsplash.jpg\" \/>\n\t<meta property=\"og:image:width\" content=\"2000\" \/>\n\t<meta property=\"og:image:height\" content=\"800\" \/>\n\t<meta property=\"og:image:type\" content=\"image\/jpeg\" \/>\n<meta name=\"author\" content=\"Brenda McPhail\" \/>\n<meta name=\"twitter:card\" content=\"summary_large_image\" \/>\n<meta name=\"twitter:creator\" content=\"@Brenda\" \/>\n<meta name=\"twitter:label1\" content=\"\u00c9crit par\" \/>\n\t<meta name=\"twitter:data1\" content=\"Brenda McPhail\" \/>\n\t<meta name=\"twitter:label2\" content=\"Estimation du temps de lecture\" \/>\n\t<meta name=\"twitter:data2\" content=\"6 minutes\" \/>\n<script type=\"application\/ld+json\" class=\"yoast-schema-graph\">{\"@context\":\"https:\\\/\\\/schema.org\",\"@graph\":[{\"@type\":\"Article\",\"@id\":\"https:\\\/\\\/dev.ccla.org\\\/fr\\\/vie-privee\\\/lontario-exigera-que-les-employeurs-divulguent-la-surveillance-electronique\\\/#article\",\"isPartOf\":{\"@id\":\"https:\\\/\\\/dev.ccla.org\\\/fr\\\/vie-privee\\\/lontario-exigera-que-les-employeurs-divulguent-la-surveillance-electronique\\\/\"},\"author\":{\"name\":\"Brenda McPhail\",\"@id\":\"https:\\\/\\\/dev.ccla.org\\\/fr\\\/#\\\/schema\\\/person\\\/df01c0bd709d7a6c260f3b5f332d9d69\"},\"headline\":\"L\u2019Ontario exigera que les employeurs divulguent la surveillance \u00e9lectronique\",\"datePublished\":\"2022-02-24T20:10:43+00:00\",\"dateModified\":\"2026-04-23T18:32:11+00:00\",\"mainEntityOfPage\":{\"@id\":\"https:\\\/\\\/dev.ccla.org\\\/fr\\\/vie-privee\\\/lontario-exigera-que-les-employeurs-divulguent-la-surveillance-electronique\\\/\"},\"wordCount\":1242,\"image\":{\"@id\":\"https:\\\/\\\/dev.ccla.org\\\/fr\\\/vie-privee\\\/lontario-exigera-que-les-employeurs-divulguent-la-surveillance-electronique\\\/#primaryimage\"},\"thumbnailUrl\":\"https:\\\/\\\/dev.ccla.org\\\/wp-content\\\/uploads\\\/2021\\\/06\\\/mimi-thian-737711-unsplash.jpg\",\"articleSection\":[\"L\u00e9gislation sur le secteur priv\u00e9 de l\u2019Ontario\",\"R\u00e9forme des lois sur la vie priv\u00e9e\",\"VIE PRIV\u00c9E\"],\"inLanguage\":\"fr-CA\"},{\"@type\":\"WebPage\",\"@id\":\"https:\\\/\\\/dev.ccla.org\\\/fr\\\/vie-privee\\\/lontario-exigera-que-les-employeurs-divulguent-la-surveillance-electronique\\\/\",\"url\":\"https:\\\/\\\/dev.ccla.org\\\/fr\\\/vie-privee\\\/lontario-exigera-que-les-employeurs-divulguent-la-surveillance-electronique\\\/\",\"name\":\"L\u2019Ontario exigera que les employeurs divulguent la surveillance \u00e9lectronique - CCLA\",\"isPartOf\":{\"@id\":\"https:\\\/\\\/dev.ccla.org\\\/fr\\\/#website\"},\"primaryImageOfPage\":{\"@id\":\"https:\\\/\\\/dev.ccla.org\\\/fr\\\/vie-privee\\\/lontario-exigera-que-les-employeurs-divulguent-la-surveillance-electronique\\\/#primaryimage\"},\"image\":{\"@id\":\"https:\\\/\\\/dev.ccla.org\\\/fr\\\/vie-privee\\\/lontario-exigera-que-les-employeurs-divulguent-la-surveillance-electronique\\\/#primaryimage\"},\"thumbnailUrl\":\"https:\\\/\\\/dev.ccla.org\\\/wp-content\\\/uploads\\\/2021\\\/06\\\/mimi-thian-737711-unsplash.jpg\",\"datePublished\":\"2022-02-24T20:10:43+00:00\",\"dateModified\":\"2026-04-23T18:32:11+00:00\",\"author\":{\"@id\":\"https:\\\/\\\/dev.ccla.org\\\/fr\\\/#\\\/schema\\\/person\\\/df01c0bd709d7a6c260f3b5f332d9d69\"},\"description\":\"Nous saluons la d\u00e9cision du gouvernement de r\u00e9voquer la proclamation d\u2019\u00e9tat d\u2019urgence \u2013 elle est en retard. D\u00e8s le d\u00e9part, cependant, nous avons affirm\u00e9 que le gouvernement n\u2019atteignait pas les seuils l\u00e9gaux \u00e9nonc\u00e9s dans la Loi sur les situations d\u2019urgence.\",\"breadcrumb\":{\"@id\":\"https:\\\/\\\/dev.ccla.org\\\/fr\\\/vie-privee\\\/lontario-exigera-que-les-employeurs-divulguent-la-surveillance-electronique\\\/#breadcrumb\"},\"inLanguage\":\"fr-CA\",\"potentialAction\":[{\"@type\":\"ReadAction\",\"target\":[\"https:\\\/\\\/dev.ccla.org\\\/fr\\\/vie-privee\\\/lontario-exigera-que-les-employeurs-divulguent-la-surveillance-electronique\\\/\"]}]},{\"@type\":\"ImageObject\",\"inLanguage\":\"fr-CA\",\"@id\":\"https:\\\/\\\/dev.ccla.org\\\/fr\\\/vie-privee\\\/lontario-exigera-que-les-employeurs-divulguent-la-surveillance-electronique\\\/#primaryimage\",\"url\":\"https:\\\/\\\/dev.ccla.org\\\/wp-content\\\/uploads\\\/2021\\\/06\\\/mimi-thian-737711-unsplash.jpg\",\"contentUrl\":\"https:\\\/\\\/dev.ccla.org\\\/wp-content\\\/uploads\\\/2021\\\/06\\\/mimi-thian-737711-unsplash.jpg\",\"width\":2000,\"height\":800},{\"@type\":\"BreadcrumbList\",\"@id\":\"https:\\\/\\\/dev.ccla.org\\\/fr\\\/vie-privee\\\/lontario-exigera-que-les-employeurs-divulguent-la-surveillance-electronique\\\/#breadcrumb\",\"itemListElement\":[{\"@type\":\"ListItem\",\"position\":1,\"name\":\"Home\",\"item\":\"https:\\\/\\\/dev.ccla.org\\\/fr\\\/accueil\\\/\"},{\"@type\":\"ListItem\",\"position\":2,\"name\":\"Non class\u00e9\",\"item\":\"https:\\\/\\\/dev.ccla.org\\\/fr\\\/category\\\/non-classe\\\/\"},{\"@type\":\"ListItem\",\"position\":3,\"name\":\"L\u2019Ontario exigera que les employeurs divulguent la surveillance \u00e9lectronique\"}]},{\"@type\":\"WebSite\",\"@id\":\"https:\\\/\\\/dev.ccla.org\\\/fr\\\/#website\",\"url\":\"https:\\\/\\\/dev.ccla.org\\\/fr\\\/\",\"name\":\"CCLA\",\"description\":\"\",\"potentialAction\":[{\"@type\":\"SearchAction\",\"target\":{\"@type\":\"EntryPoint\",\"urlTemplate\":\"https:\\\/\\\/dev.ccla.org\\\/fr\\\/?s={search_term_string}\"},\"query-input\":{\"@type\":\"PropertyValueSpecification\",\"valueRequired\":true,\"valueName\":\"search_term_string\"}}],\"inLanguage\":\"fr-CA\"},{\"@type\":\"Person\",\"@id\":\"https:\\\/\\\/dev.ccla.org\\\/fr\\\/#\\\/schema\\\/person\\\/df01c0bd709d7a6c260f3b5f332d9d69\",\"name\":\"Brenda McPhail\",\"image\":{\"@type\":\"ImageObject\",\"inLanguage\":\"fr-CA\",\"@id\":\"https:\\\/\\\/secure.gravatar.com\\\/avatar\\\/b18ffdbbca7e655d025c1ef4c7efccf0fe47586afe268b76b82493c5b4a3d54f?s=96&d=blank&r=g\",\"url\":\"https:\\\/\\\/secure.gravatar.com\\\/avatar\\\/b18ffdbbca7e655d025c1ef4c7efccf0fe47586afe268b76b82493c5b4a3d54f?s=96&d=blank&r=g\",\"contentUrl\":\"https:\\\/\\\/secure.gravatar.com\\\/avatar\\\/b18ffdbbca7e655d025c1ef4c7efccf0fe47586afe268b76b82493c5b4a3d54f?s=96&d=blank&r=g\",\"caption\":\"Brenda McPhail\"},\"sameAs\":[\"https:\\\/\\\/x.com\\\/Brenda\"],\"url\":\"https:\\\/\\\/dev.ccla.org\\\/fr\\\/author\\\/brenda\\\/\"}]}<\/script>\n<!-- \/ Yoast SEO plugin. -->","yoast_head_json":{"title":"L\u2019Ontario exigera que les employeurs divulguent la surveillance \u00e9lectronique - CCLA","description":"Nous saluons la d\u00e9cision du gouvernement de r\u00e9voquer la proclamation d\u2019\u00e9tat d\u2019urgence \u2013 elle est en retard. D\u00e8s le d\u00e9part, cependant, nous avons affirm\u00e9 que le gouvernement n\u2019atteignait pas les seuils l\u00e9gaux \u00e9nonc\u00e9s dans la Loi sur les situations d\u2019urgence.","robots":{"index":"noindex","follow":"follow","max-snippet":"max-snippet:-1","max-image-preview":"max-image-preview:large","max-video-preview":"max-video-preview:-1"},"og_locale":"fr_CA","og_type":"article","og_title":"L\u2019Ontario exigera que les employeurs divulguent la surveillance \u00e9lectronique - CCLA","og_description":"Nous saluons la d\u00e9cision du gouvernement de r\u00e9voquer la proclamation d\u2019\u00e9tat d\u2019urgence \u2013 elle est en retard. D\u00e8s le d\u00e9part, cependant, nous avons affirm\u00e9 que le gouvernement n\u2019atteignait pas les seuils l\u00e9gaux \u00e9nonc\u00e9s dans la Loi sur les situations d\u2019urgence.","og_url":"https:\/\/dev.ccla.org\/fr\/vie-privee\/lontario-exigera-que-les-employeurs-divulguent-la-surveillance-electronique\/","og_site_name":"CCLA","article_published_time":"2022-02-24T20:10:43+00:00","article_modified_time":"2026-04-23T18:32:11+00:00","og_image":[{"width":2000,"height":800,"url":"https:\/\/dev.ccla.org\/wp-content\/uploads\/2021\/06\/mimi-thian-737711-unsplash.jpg","type":"image\/jpeg"}],"author":"Brenda McPhail","twitter_card":"summary_large_image","twitter_creator":"@Brenda","twitter_misc":{"\u00c9crit par":"Brenda McPhail","Estimation du temps de lecture":"6 minutes"},"schema":{"@context":"https:\/\/schema.org","@graph":[{"@type":"Article","@id":"https:\/\/dev.ccla.org\/fr\/vie-privee\/lontario-exigera-que-les-employeurs-divulguent-la-surveillance-electronique\/#article","isPartOf":{"@id":"https:\/\/dev.ccla.org\/fr\/vie-privee\/lontario-exigera-que-les-employeurs-divulguent-la-surveillance-electronique\/"},"author":{"name":"Brenda McPhail","@id":"https:\/\/dev.ccla.org\/fr\/#\/schema\/person\/df01c0bd709d7a6c260f3b5f332d9d69"},"headline":"L\u2019Ontario exigera que les employeurs divulguent la surveillance \u00e9lectronique","datePublished":"2022-02-24T20:10:43+00:00","dateModified":"2026-04-23T18:32:11+00:00","mainEntityOfPage":{"@id":"https:\/\/dev.ccla.org\/fr\/vie-privee\/lontario-exigera-que-les-employeurs-divulguent-la-surveillance-electronique\/"},"wordCount":1242,"image":{"@id":"https:\/\/dev.ccla.org\/fr\/vie-privee\/lontario-exigera-que-les-employeurs-divulguent-la-surveillance-electronique\/#primaryimage"},"thumbnailUrl":"https:\/\/dev.ccla.org\/wp-content\/uploads\/2021\/06\/mimi-thian-737711-unsplash.jpg","articleSection":["L\u00e9gislation sur le secteur priv\u00e9 de l\u2019Ontario","R\u00e9forme des lois sur la vie priv\u00e9e","VIE PRIV\u00c9E"],"inLanguage":"fr-CA"},{"@type":"WebPage","@id":"https:\/\/dev.ccla.org\/fr\/vie-privee\/lontario-exigera-que-les-employeurs-divulguent-la-surveillance-electronique\/","url":"https:\/\/dev.ccla.org\/fr\/vie-privee\/lontario-exigera-que-les-employeurs-divulguent-la-surveillance-electronique\/","name":"L\u2019Ontario exigera que les employeurs divulguent la surveillance \u00e9lectronique - CCLA","isPartOf":{"@id":"https:\/\/dev.ccla.org\/fr\/#website"},"primaryImageOfPage":{"@id":"https:\/\/dev.ccla.org\/fr\/vie-privee\/lontario-exigera-que-les-employeurs-divulguent-la-surveillance-electronique\/#primaryimage"},"image":{"@id":"https:\/\/dev.ccla.org\/fr\/vie-privee\/lontario-exigera-que-les-employeurs-divulguent-la-surveillance-electronique\/#primaryimage"},"thumbnailUrl":"https:\/\/dev.ccla.org\/wp-content\/uploads\/2021\/06\/mimi-thian-737711-unsplash.jpg","datePublished":"2022-02-24T20:10:43+00:00","dateModified":"2026-04-23T18:32:11+00:00","author":{"@id":"https:\/\/dev.ccla.org\/fr\/#\/schema\/person\/df01c0bd709d7a6c260f3b5f332d9d69"},"description":"Nous saluons la d\u00e9cision du gouvernement de r\u00e9voquer la proclamation d\u2019\u00e9tat d\u2019urgence \u2013 elle est en retard. D\u00e8s le d\u00e9part, cependant, nous avons affirm\u00e9 que le gouvernement n\u2019atteignait pas les seuils l\u00e9gaux \u00e9nonc\u00e9s dans la Loi sur les situations d\u2019urgence.","breadcrumb":{"@id":"https:\/\/dev.ccla.org\/fr\/vie-privee\/lontario-exigera-que-les-employeurs-divulguent-la-surveillance-electronique\/#breadcrumb"},"inLanguage":"fr-CA","potentialAction":[{"@type":"ReadAction","target":["https:\/\/dev.ccla.org\/fr\/vie-privee\/lontario-exigera-que-les-employeurs-divulguent-la-surveillance-electronique\/"]}]},{"@type":"ImageObject","inLanguage":"fr-CA","@id":"https:\/\/dev.ccla.org\/fr\/vie-privee\/lontario-exigera-que-les-employeurs-divulguent-la-surveillance-electronique\/#primaryimage","url":"https:\/\/dev.ccla.org\/wp-content\/uploads\/2021\/06\/mimi-thian-737711-unsplash.jpg","contentUrl":"https:\/\/dev.ccla.org\/wp-content\/uploads\/2021\/06\/mimi-thian-737711-unsplash.jpg","width":2000,"height":800},{"@type":"BreadcrumbList","@id":"https:\/\/dev.ccla.org\/fr\/vie-privee\/lontario-exigera-que-les-employeurs-divulguent-la-surveillance-electronique\/#breadcrumb","itemListElement":[{"@type":"ListItem","position":1,"name":"Home","item":"https:\/\/dev.ccla.org\/fr\/accueil\/"},{"@type":"ListItem","position":2,"name":"Non class\u00e9","item":"https:\/\/dev.ccla.org\/fr\/category\/non-classe\/"},{"@type":"ListItem","position":3,"name":"L\u2019Ontario exigera que les employeurs divulguent la surveillance \u00e9lectronique"}]},{"@type":"WebSite","@id":"https:\/\/dev.ccla.org\/fr\/#website","url":"https:\/\/dev.ccla.org\/fr\/","name":"CCLA","description":"","potentialAction":[{"@type":"SearchAction","target":{"@type":"EntryPoint","urlTemplate":"https:\/\/dev.ccla.org\/fr\/?s={search_term_string}"},"query-input":{"@type":"PropertyValueSpecification","valueRequired":true,"valueName":"search_term_string"}}],"inLanguage":"fr-CA"},{"@type":"Person","@id":"https:\/\/dev.ccla.org\/fr\/#\/schema\/person\/df01c0bd709d7a6c260f3b5f332d9d69","name":"Brenda McPhail","image":{"@type":"ImageObject","inLanguage":"fr-CA","@id":"https:\/\/secure.gravatar.com\/avatar\/b18ffdbbca7e655d025c1ef4c7efccf0fe47586afe268b76b82493c5b4a3d54f?s=96&d=blank&r=g","url":"https:\/\/secure.gravatar.com\/avatar\/b18ffdbbca7e655d025c1ef4c7efccf0fe47586afe268b76b82493c5b4a3d54f?s=96&d=blank&r=g","contentUrl":"https:\/\/secure.gravatar.com\/avatar\/b18ffdbbca7e655d025c1ef4c7efccf0fe47586afe268b76b82493c5b4a3d54f?s=96&d=blank&r=g","caption":"Brenda McPhail"},"sameAs":["https:\/\/x.com\/Brenda"],"url":"https:\/\/dev.ccla.org\/fr\/author\/brenda\/"}]}},"_links":{"self":[{"href":"https:\/\/dev.ccla.org\/fr\/wp-json\/wp\/v2\/posts\/14741","targetHints":{"allow":["GET"]}}],"collection":[{"href":"https:\/\/dev.ccla.org\/fr\/wp-json\/wp\/v2\/posts"}],"about":[{"href":"https:\/\/dev.ccla.org\/fr\/wp-json\/wp\/v2\/types\/post"}],"author":[{"embeddable":true,"href":"https:\/\/dev.ccla.org\/fr\/wp-json\/wp\/v2\/users\/11"}],"replies":[{"embeddable":true,"href":"https:\/\/dev.ccla.org\/fr\/wp-json\/wp\/v2\/comments?post=14741"}],"version-history":[{"count":10,"href":"https:\/\/dev.ccla.org\/fr\/wp-json\/wp\/v2\/posts\/14741\/revisions"}],"predecessor-version":[{"id":14783,"href":"https:\/\/dev.ccla.org\/fr\/wp-json\/wp\/v2\/posts\/14741\/revisions\/14783"}],"wp:featuredmedia":[{"embeddable":true,"href":"https:\/\/dev.ccla.org\/fr\/wp-json\/wp\/v2\/media\/14744"}],"wp:attachment":[{"href":"https:\/\/dev.ccla.org\/fr\/wp-json\/wp\/v2\/media?parent=14741"}],"wp:term":[{"taxonomy":"category","embeddable":true,"href":"https:\/\/dev.ccla.org\/fr\/wp-json\/wp\/v2\/categories?post=14741"},{"taxonomy":"post_tag","embeddable":true,"href":"https:\/\/dev.ccla.org\/fr\/wp-json\/wp\/v2\/tags?post=14741"}],"curies":[{"name":"wp","href":"https:\/\/api.w.org\/{rel}","templated":true}]}}