{"id":14590,"date":"2021-09-20T15:43:42","date_gmt":"2021-09-20T19:43:42","guid":{"rendered":"https:\/\/dev.ccla.org\/non-classe\/la-ccla-se-joint-a-la-lutte-contre-lutilisation-par-lontario-de-la-clause-derogatoire\/"},"modified":"2026-04-23T14:31:27","modified_gmt":"2026-04-23T18:31:27","slug":"la-ccla-se-joint-a-la-lutte-contre-lutilisation-par-lontario-de-la-clause-derogatoire","status":"publish","type":"post","link":"https:\/\/dev.ccla.org\/fr\/libertes-fondamentales\/droits-democratiques\/la-ccla-se-joint-a-la-lutte-contre-lutilisation-par-lontario-de-la-clause-derogatoire\/","title":{"rendered":"La CCLA se joint \u00e0 la lutte contre l\u2019utilisation par l\u2019Ontario de la clause d\u00e9rogatoire"},"content":{"rendered":"[vc_row type=\u00a0\u00bbin_container\u00a0\u00bb full_screen_row_position=\u00a0\u00bbmiddle\u00a0\u00bb column_margin=\u00a0\u00bbdefault\u00a0\u00bb column_direction=\u00a0\u00bbdefault\u00a0\u00bb column_direction_tablet=\u00a0\u00bbdefault\u00a0\u00bb column_direction_phone=\u00a0\u00bbdefault\u00a0\u00bb scene_position=\u00a0\u00bbcenter\u00a0\u00bb text_color=\u00a0\u00bbdark\u00a0\u00bb text_align=\u00a0\u00bbleft\u00a0\u00bb row_border_radius=\u00a0\u00bbnone\u00a0\u00bb row_border_radius_applies=\u00a0\u00bbbg\u00a0\u00bb overlay_strength=\u00a0\u00bb0.3&Prime; gradient_direction=\u00a0\u00bbleft_to_right\u00a0\u00bb shape_divider_position=\u00a0\u00bbbottom\u00a0\u00bb bg_image_animation=\u00a0\u00bbnone\u00a0\u00bb][vc_column column_padding=\u00a0\u00bbno-extra-padding\u00a0\u00bb column_padding_tablet=\u00a0\u00bbinherit\u00a0\u00bb column_padding_phone=\u00a0\u00bbinherit\u00a0\u00bb column_padding_position=\u00a0\u00bball\u00a0\u00bb column_element_spacing=\u00a0\u00bbdefault\u00a0\u00bb background_color_opacity=\u00a0\u00bb1&Prime; background_hover_color_opacity=\u00a0\u00bb1&Prime; column_shadow=\u00a0\u00bbnone\u00a0\u00bb column_border_radius=\u00a0\u00bbnone\u00a0\u00bb column_link_target=\u00a0\u00bb_self\u00a0\u00bb gradient_direction=\u00a0\u00bbleft_to_right\u00a0\u00bb overlay_strength=\u00a0\u00bb0.3&Prime; width=\u00a0\u00bb1\/1&Prime; tablet_width_inherit=\u00a0\u00bbdefault\u00a0\u00bb tablet_text_alignment=\u00a0\u00bbdefault\u00a0\u00bb phone_text_alignment=\u00a0\u00bbdefault\u00a0\u00bb bg_image_animation=\u00a0\u00bbnone\u00a0\u00bb border_type=\u00a0\u00bbsimple\u00a0\u00bb column_border_width=\u00a0\u00bbnone\u00a0\u00bb column_border_style=\u00a0\u00bbsolid\u00a0\u00bb][nectar_global_section id=\u00a0\u00bb1355&Prime;][\/vc_column][\/vc_row][vc_row type=\u00a0\u00bbfull_width_background\u00a0\u00bb full_screen_row_position=\u00a0\u00bbmiddle\u00a0\u00bb column_margin=\u00a0\u00bbdefault\u00a0\u00bb column_direction=\u00a0\u00bbdefault\u00a0\u00bb column_direction_tablet=\u00a0\u00bbdefault\u00a0\u00bb column_direction_phone=\u00a0\u00bbdefault\u00a0\u00bb scene_position=\u00a0\u00bbcenter\u00a0\u00bb top_padding=\u00a0\u00bb4%\u00a0\u00bb constrain_group_1=\u00a0\u00bbyes\u00a0\u00bb bottom_padding=\u00a0\u00bb4%\u00a0\u00bb text_color=\u00a0\u00bbdark\u00a0\u00bb text_align=\u00a0\u00bbleft\u00a0\u00bb row_border_radius=\u00a0\u00bbnone\u00a0\u00bb row_border_radius_applies=\u00a0\u00bbbg\u00a0\u00bb class=\u00a0\u00bbpost-links\u00a0\u00bb overlay_strength=\u00a0\u00bb0.3&Prime; gradient_direction=\u00a0\u00bbleft_to_right\u00a0\u00bb shape_divider_position=\u00a0\u00bbbottom\u00a0\u00bb bg_image_animation=\u00a0\u00bbnone\u00a0\u00bb shape_type=\u00a0\u00bb\u00a0\u00bb][vc_column column_padding=\u00a0\u00bbno-extra-padding\u00a0\u00bb column_padding_tablet=\u00a0\u00bbinherit\u00a0\u00bb column_padding_phone=\u00a0\u00bbinherit\u00a0\u00bb column_padding_position=\u00a0\u00bball\u00a0\u00bb column_element_spacing=\u00a0\u00bbdefault\u00a0\u00bb background_color_opacity=\u00a0\u00bb1&Prime; background_hover_color_opacity=\u00a0\u00bb1&Prime; column_shadow=\u00a0\u00bbnone\u00a0\u00bb column_border_radius=\u00a0\u00bbnone\u00a0\u00bb column_link_target=\u00a0\u00bb_self\u00a0\u00bb gradient_direction=\u00a0\u00bbleft_to_right\u00a0\u00bb overlay_strength=\u00a0\u00bb0.3&Prime; width=\u00a0\u00bb1\/1&Prime; tablet_width_inherit=\u00a0\u00bbdefault\u00a0\u00bb tablet_text_alignment=\u00a0\u00bbdefault\u00a0\u00bb phone_text_alignment=\u00a0\u00bbdefault\u00a0\u00bb bg_image_animation=\u00a0\u00bbnone\u00a0\u00bb border_type=\u00a0\u00bbsimple\u00a0\u00bb column_border_width=\u00a0\u00bbnone\u00a0\u00bb column_border_style=\u00a0\u00bbsolid\u00a0\u00bb][vc_column_text]L\u2019Association canadienne des libert\u00e9s civiles a obtenu la permission d\u2019intervenir dans une affaire devant la Cour sup\u00e9rieure de l\u2019Ontario qui conteste <a href=\"https:\/\/dev.ccla.org\/fundamental-freedoms\/proposed-election-finance-changes-are-bad-for-democracy\/\">des restrictions importantes impos\u00e9es \u00e0 la publicit\u00e9 ou \u00e0 l\u2019expression \u00e9lectorale de tiers<\/a>. Vous vous souvenez peut-\u00eatre que ces changements ont d\u00e9j\u00e0 \u00e9t\u00e9 men\u00e9s avec succ\u00e8s, avec l\u2019implication de la CCLA. \u00c0 la suite de cette contestation, la <a href=\"https:\/\/dev.ccla.org\/fundamental-freedoms\/democratic-rights\/election-finance\/ontario-superior-court-strikes-down-third-party-spending-limits\/\">loi a \u00e9t\u00e9 annul\u00e9e comme inconstitutionnelle<\/a> et jug\u00e9e sans force ni effet. En r\u00e9ponse, le gouvernement de l\u2019Ontario a d\u00e9cid\u00e9 d\u2019adopter une nouvelle l\u00e9gislation et <a href=\"https:\/\/dev.ccla.org\/fundamental-freedoms\/democratic-rights\/ccla-statement-on-fords-extraordinary-use-of-the-notwithstanding-clause\/\">d\u2019invoquer la \u00ab clause d\u00e9rogatoire \u00bb.<\/a> Cette clause, que l\u2019on trouve \u00e0 l\u2019article 33 de la Charte canadienne des droits et libert\u00e9s, permet au gouvernement d\u2019adopter certaines lois m\u00eame si elles portent atteinte aux droits prot\u00e9g\u00e9s par la Charte. La clause ne s\u2019applique pas \u00e0 l\u2019article 3 de la Charte, qui pr\u00e9voit le droit de vote et de se pr\u00e9senter aux \u00e9lections f\u00e9d\u00e9rales et provinciales.      <\/p>\n<p>La nouvelle loi a de nouveau \u00e9t\u00e9 contest\u00e9e par plusieurs groupes syndicaux qui soutiennent que les restrictions sur la publicit\u00e9 par des tiers portent atteinte aux droits fondamentaux \u00e0 la participation politique garantis par l\u2019article 3. Par cons\u00e9quent, la clause d\u00e9rogatoire est inapplicable dans ce cas. La CCLA a demand\u00e9 et obtenu la permission d\u2019intervenir dans cette affaire. Nous soutiendrons qu\u2019en accordant aux l\u00e9gislatures le droit de passer outre certains droits de la Charte, la clause d\u00e9rogatoire les tient aussi d\u00e9mocratiquement responsables de ce fait. Il ne peut pas \u00eatre utilis\u00e9 pour isoler le gouvernement de toute r\u00e9vision lorsqu\u2019il tente de modifier les r\u00e8gles du jeu \u00e9lectoral d\u2019une mani\u00e8re qui pourrait rendre la responsabilit\u00e9 plus difficile \u00e0 \u00e9tablir. <a href=\"\/wp-content\/uploads\/2021\/09\/FMP-CCLA.pdf\" target=\"_blank\" rel=\"noopener\">L\u2019argument de la CCLA concernant la requ\u00eate en intervention est ici<\/a>. Nous d\u00e9poserons un factum dans les prochaines semaines et vous tiendrons inform\u00e9s de l\u2019avancement du dossier.[\/vc_column_text][\/vc_column][\/vc_row][vc_row type=\u00a0\u00bbin_container\u00a0\u00bb full_screen_row_position=\u00a0\u00bbmiddle\u00a0\u00bb column_margin=\u00a0\u00bbdefault\u00a0\u00bb column_direction=\u00a0\u00bbdefault\u00a0\u00bb column_direction_tablet=\u00a0\u00bbdefault\u00a0\u00bb column_direction_phone=\u00a0\u00bbdefault\u00a0\u00bb scene_position=\u00a0\u00bbcenter\u00a0\u00bb text_color=\u00a0\u00bbdark\u00a0\u00bb text_align=\u00a0\u00bbleft\u00a0\u00bb row_border_radius=\u00a0\u00bbnone\u00a0\u00bb row_border_radius_applies=\u00a0\u00bbbg\u00a0\u00bb overlay_strength=\u00a0\u00bb0.3&Prime; gradient_direction=\u00a0\u00bbleft_to_right\u00a0\u00bb shape_divider_position=\u00a0\u00bbbottom\u00a0\u00bb bg_image_animation=\u00a0\u00bbnone\u00a0\u00bb][vc_column column_padding=\u00a0\u00bbno-extra-padding\u00a0\u00bb column_padding_tablet=\u00a0\u00bbinherit\u00a0\u00bb column_padding_phone=\u00a0\u00bbinherit\u00a0\u00bb column_padding_position=\u00a0\u00bball\u00a0\u00bb column_element_spacing=\u00a0\u00bbdefault\u00a0\u00bb background_color_opacity=\u00a0\u00bb1&Prime; background_hover_color_opacity=\u00a0\u00bb1&Prime; column_shadow=\u00a0\u00bbnone\u00a0\u00bb column_border_radius=\u00a0\u00bbnone\u00a0\u00bb column_link_target=\u00a0\u00bb_self\u00a0\u00bb gradient_direction=\u00a0\u00bbleft_to_right\u00a0\u00bb overlay_strength=\u00a0\u00bb0.3&Prime; width=\u00a0\u00bb1\/1&Prime; tablet_width_inherit=\u00a0\u00bbdefault\u00a0\u00bb tablet_text_alignment=\u00a0\u00bbdefault\u00a0\u00bb phone_text_alignment=\u00a0\u00bbdefault\u00a0\u00bb bg_image_animation=\u00a0\u00bbnone\u00a0\u00bb border_type=\u00a0\u00bbsimple\u00a0\u00bb column_border_width=\u00a0\u00bbnone\u00a0\u00bb column_border_style=\u00a0\u00bbsolid\u00a0\u00bb][nectar_global_section id=\u00a0\u00bb1461&Prime;][\/vc_column][\/vc_row]\n","protected":false},"excerpt":{"rendered":"<p>L\u2019Association canadienne des libert\u00e9s civiles a obtenu la permission d\u2019intervenir dans une affaire devant la Cour sup\u00e9rieure de l\u2019Ontario qui conteste des restrictions importantes impos\u00e9es \u00e0 la publicit\u00e9 ou \u00e0 l\u2019expression \u00e9lectorale de tiers.<\/p>\n","protected":false},"author":4,"featured_media":12212,"comment_status":"closed","ping_status":"closed","sticky":false,"template":"","format":"standard","meta":{"footnotes":""},"categories":[274,376,273,279],"tags":[],"class_list":{"0":"post-14590","1":"post","2":"type-post","3":"status-publish","4":"format-standard","5":"has-post-thumbnail","7":"category-droits-democratiques","8":"category-financement-des-elections","9":"category-libertes-fondamentales","10":"category-publicite-politique"},"yoast_head":"<!-- This site is optimized with the Yoast SEO plugin v27.4 - https:\/\/yoast.com\/product\/yoast-seo-wordpress\/ -->\n<title>La CCLA se joint \u00e0 la lutte contre l\u2019utilisation par l\u2019Ontario de la clause d\u00e9rogatoire - CCLA<\/title>\n<meta name=\"robots\" content=\"noindex, follow, max-snippet:-1, max-image-preview:large, max-video-preview:-1\" \/>\n<meta property=\"og:locale\" content=\"fr_CA\" \/>\n<meta property=\"og:type\" content=\"article\" \/>\n<meta property=\"og:title\" content=\"La CCLA se joint \u00e0 la lutte contre l\u2019utilisation par l\u2019Ontario de la clause d\u00e9rogatoire - CCLA\" \/>\n<meta property=\"og:description\" content=\"L\u2019Association canadienne des libert\u00e9s civiles a obtenu la permission d\u2019intervenir dans une affaire devant la Cour sup\u00e9rieure de l\u2019Ontario qui conteste des restrictions importantes impos\u00e9es \u00e0 la publicit\u00e9 ou \u00e0 l\u2019expression \u00e9lectorale de tiers.\" \/>\n<meta property=\"og:url\" content=\"https:\/\/dev.ccla.org\/fr\/libertes-fondamentales\/droits-democratiques\/la-ccla-se-joint-a-la-lutte-contre-lutilisation-par-lontario-de-la-clause-derogatoire\/\" \/>\n<meta property=\"og:site_name\" content=\"CCLA\" \/>\n<meta property=\"article:published_time\" content=\"2021-09-20T19:43:42+00:00\" \/>\n<meta property=\"article:modified_time\" content=\"2026-04-23T18:31:27+00:00\" \/>\n<meta property=\"og:image\" content=\"https:\/\/dev.ccla.org\/wp-content\/uploads\/2021\/06\/elliott-stallion-1UY8UuUkids-unsplash.jpg\" \/>\n\t<meta property=\"og:image:width\" content=\"2000\" \/>\n\t<meta property=\"og:image:height\" content=\"800\" \/>\n\t<meta property=\"og:image:type\" content=\"image\/jpeg\" \/>\n<meta name=\"author\" content=\"CCLA\" \/>\n<meta name=\"twitter:card\" content=\"summary_large_image\" \/>\n<meta name=\"twitter:label1\" content=\"\u00c9crit par\" \/>\n\t<meta name=\"twitter:data1\" content=\"CCLA\" \/>\n\t<meta name=\"twitter:label2\" content=\"Estimation du temps de lecture\" \/>\n\t<meta name=\"twitter:data2\" content=\"4 minutes\" \/>\n<script type=\"application\/ld+json\" class=\"yoast-schema-graph\">{\"@context\":\"https:\\\/\\\/schema.org\",\"@graph\":[{\"@type\":\"Article\",\"@id\":\"https:\\\/\\\/dev.ccla.org\\\/fr\\\/libertes-fondamentales\\\/droits-democratiques\\\/la-ccla-se-joint-a-la-lutte-contre-lutilisation-par-lontario-de-la-clause-derogatoire\\\/#article\",\"isPartOf\":{\"@id\":\"https:\\\/\\\/dev.ccla.org\\\/fr\\\/libertes-fondamentales\\\/droits-democratiques\\\/la-ccla-se-joint-a-la-lutte-contre-lutilisation-par-lontario-de-la-clause-derogatoire\\\/\"},\"author\":{\"name\":\"CCLA\",\"@id\":\"https:\\\/\\\/dev.ccla.org\\\/fr\\\/#\\\/schema\\\/person\\\/e48728d4a52926205e807fd8c52bf3b0\"},\"headline\":\"La CCLA se joint \u00e0 la lutte contre l\u2019utilisation par l\u2019Ontario de la clause d\u00e9rogatoire\",\"datePublished\":\"2021-09-20T19:43:42+00:00\",\"dateModified\":\"2026-04-23T18:31:27+00:00\",\"mainEntityOfPage\":{\"@id\":\"https:\\\/\\\/dev.ccla.org\\\/fr\\\/libertes-fondamentales\\\/droits-democratiques\\\/la-ccla-se-joint-a-la-lutte-contre-lutilisation-par-lontario-de-la-clause-derogatoire\\\/\"},\"wordCount\":783,\"image\":{\"@id\":\"https:\\\/\\\/dev.ccla.org\\\/fr\\\/libertes-fondamentales\\\/droits-democratiques\\\/la-ccla-se-joint-a-la-lutte-contre-lutilisation-par-lontario-de-la-clause-derogatoire\\\/#primaryimage\"},\"thumbnailUrl\":\"https:\\\/\\\/dev.ccla.org\\\/wp-content\\\/uploads\\\/2021\\\/06\\\/elliott-stallion-1UY8UuUkids-unsplash.jpg\",\"articleSection\":[\"Droits d\u00e9mocratiques\",\"Financement des \u00e9lections\",\"LIBERT\u00c9S FONDAMENTALES\",\"Publicit\u00e9 politique\"],\"inLanguage\":\"fr-CA\"},{\"@type\":\"WebPage\",\"@id\":\"https:\\\/\\\/dev.ccla.org\\\/fr\\\/libertes-fondamentales\\\/droits-democratiques\\\/la-ccla-se-joint-a-la-lutte-contre-lutilisation-par-lontario-de-la-clause-derogatoire\\\/\",\"url\":\"https:\\\/\\\/dev.ccla.org\\\/fr\\\/libertes-fondamentales\\\/droits-democratiques\\\/la-ccla-se-joint-a-la-lutte-contre-lutilisation-par-lontario-de-la-clause-derogatoire\\\/\",\"name\":\"La CCLA se joint \u00e0 la lutte contre l\u2019utilisation par l\u2019Ontario de la clause d\u00e9rogatoire - CCLA\",\"isPartOf\":{\"@id\":\"https:\\\/\\\/dev.ccla.org\\\/fr\\\/#website\"},\"primaryImageOfPage\":{\"@id\":\"https:\\\/\\\/dev.ccla.org\\\/fr\\\/libertes-fondamentales\\\/droits-democratiques\\\/la-ccla-se-joint-a-la-lutte-contre-lutilisation-par-lontario-de-la-clause-derogatoire\\\/#primaryimage\"},\"image\":{\"@id\":\"https:\\\/\\\/dev.ccla.org\\\/fr\\\/libertes-fondamentales\\\/droits-democratiques\\\/la-ccla-se-joint-a-la-lutte-contre-lutilisation-par-lontario-de-la-clause-derogatoire\\\/#primaryimage\"},\"thumbnailUrl\":\"https:\\\/\\\/dev.ccla.org\\\/wp-content\\\/uploads\\\/2021\\\/06\\\/elliott-stallion-1UY8UuUkids-unsplash.jpg\",\"datePublished\":\"2021-09-20T19:43:42+00:00\",\"dateModified\":\"2026-04-23T18:31:27+00:00\",\"author\":{\"@id\":\"https:\\\/\\\/dev.ccla.org\\\/fr\\\/#\\\/schema\\\/person\\\/e48728d4a52926205e807fd8c52bf3b0\"},\"breadcrumb\":{\"@id\":\"https:\\\/\\\/dev.ccla.org\\\/fr\\\/libertes-fondamentales\\\/droits-democratiques\\\/la-ccla-se-joint-a-la-lutte-contre-lutilisation-par-lontario-de-la-clause-derogatoire\\\/#breadcrumb\"},\"inLanguage\":\"fr-CA\",\"potentialAction\":[{\"@type\":\"ReadAction\",\"target\":[\"https:\\\/\\\/dev.ccla.org\\\/fr\\\/libertes-fondamentales\\\/droits-democratiques\\\/la-ccla-se-joint-a-la-lutte-contre-lutilisation-par-lontario-de-la-clause-derogatoire\\\/\"]}]},{\"@type\":\"ImageObject\",\"inLanguage\":\"fr-CA\",\"@id\":\"https:\\\/\\\/dev.ccla.org\\\/fr\\\/libertes-fondamentales\\\/droits-democratiques\\\/la-ccla-se-joint-a-la-lutte-contre-lutilisation-par-lontario-de-la-clause-derogatoire\\\/#primaryimage\",\"url\":\"https:\\\/\\\/dev.ccla.org\\\/wp-content\\\/uploads\\\/2021\\\/06\\\/elliott-stallion-1UY8UuUkids-unsplash.jpg\",\"contentUrl\":\"https:\\\/\\\/dev.ccla.org\\\/wp-content\\\/uploads\\\/2021\\\/06\\\/elliott-stallion-1UY8UuUkids-unsplash.jpg\",\"width\":2000,\"height\":800},{\"@type\":\"BreadcrumbList\",\"@id\":\"https:\\\/\\\/dev.ccla.org\\\/fr\\\/libertes-fondamentales\\\/droits-democratiques\\\/la-ccla-se-joint-a-la-lutte-contre-lutilisation-par-lontario-de-la-clause-derogatoire\\\/#breadcrumb\",\"itemListElement\":[{\"@type\":\"ListItem\",\"position\":1,\"name\":\"Home\",\"item\":\"https:\\\/\\\/dev.ccla.org\\\/fr\\\/accueil\\\/\"},{\"@type\":\"ListItem\",\"position\":2,\"name\":\"Non class\u00e9\",\"item\":\"https:\\\/\\\/dev.ccla.org\\\/fr\\\/category\\\/non-classe\\\/\"},{\"@type\":\"ListItem\",\"position\":3,\"name\":\"La CCLA se joint \u00e0 la lutte contre l\u2019utilisation par l\u2019Ontario de la clause d\u00e9rogatoire\"}]},{\"@type\":\"WebSite\",\"@id\":\"https:\\\/\\\/dev.ccla.org\\\/fr\\\/#website\",\"url\":\"https:\\\/\\\/dev.ccla.org\\\/fr\\\/\",\"name\":\"CCLA\",\"description\":\"\",\"potentialAction\":[{\"@type\":\"SearchAction\",\"target\":{\"@type\":\"EntryPoint\",\"urlTemplate\":\"https:\\\/\\\/dev.ccla.org\\\/fr\\\/?s={search_term_string}\"},\"query-input\":{\"@type\":\"PropertyValueSpecification\",\"valueRequired\":true,\"valueName\":\"search_term_string\"}}],\"inLanguage\":\"fr-CA\"},{\"@type\":\"Person\",\"@id\":\"https:\\\/\\\/dev.ccla.org\\\/fr\\\/#\\\/schema\\\/person\\\/e48728d4a52926205e807fd8c52bf3b0\",\"name\":\"CCLA\",\"image\":{\"@type\":\"ImageObject\",\"inLanguage\":\"fr-CA\",\"@id\":\"https:\\\/\\\/secure.gravatar.com\\\/avatar\\\/03b13921772ba279da547407d7a85f0b4a10bdf8cc9a026f2ac4e10643eee315?s=96&d=blank&r=g\",\"url\":\"https:\\\/\\\/secure.gravatar.com\\\/avatar\\\/03b13921772ba279da547407d7a85f0b4a10bdf8cc9a026f2ac4e10643eee315?s=96&d=blank&r=g\",\"contentUrl\":\"https:\\\/\\\/secure.gravatar.com\\\/avatar\\\/03b13921772ba279da547407d7a85f0b4a10bdf8cc9a026f2ac4e10643eee315?s=96&d=blank&r=g\",\"caption\":\"CCLA\"},\"url\":\"https:\\\/\\\/dev.ccla.org\\\/fr\\\/author\\\/ccla\\\/\"}]}<\/script>\n<!-- \/ Yoast SEO plugin. -->","yoast_head_json":{"title":"La CCLA se joint \u00e0 la lutte contre l\u2019utilisation par l\u2019Ontario de la clause d\u00e9rogatoire - CCLA","robots":{"index":"noindex","follow":"follow","max-snippet":"max-snippet:-1","max-image-preview":"max-image-preview:large","max-video-preview":"max-video-preview:-1"},"og_locale":"fr_CA","og_type":"article","og_title":"La CCLA se joint \u00e0 la lutte contre l\u2019utilisation par l\u2019Ontario de la clause d\u00e9rogatoire - CCLA","og_description":"L\u2019Association canadienne des libert\u00e9s civiles a obtenu la permission d\u2019intervenir dans une affaire devant la Cour sup\u00e9rieure de l\u2019Ontario qui conteste des restrictions importantes impos\u00e9es \u00e0 la publicit\u00e9 ou \u00e0 l\u2019expression \u00e9lectorale de tiers.","og_url":"https:\/\/dev.ccla.org\/fr\/libertes-fondamentales\/droits-democratiques\/la-ccla-se-joint-a-la-lutte-contre-lutilisation-par-lontario-de-la-clause-derogatoire\/","og_site_name":"CCLA","article_published_time":"2021-09-20T19:43:42+00:00","article_modified_time":"2026-04-23T18:31:27+00:00","og_image":[{"width":2000,"height":800,"url":"https:\/\/dev.ccla.org\/wp-content\/uploads\/2021\/06\/elliott-stallion-1UY8UuUkids-unsplash.jpg","type":"image\/jpeg"}],"author":"CCLA","twitter_card":"summary_large_image","twitter_misc":{"\u00c9crit par":"CCLA","Estimation du temps de lecture":"4 minutes"},"schema":{"@context":"https:\/\/schema.org","@graph":[{"@type":"Article","@id":"https:\/\/dev.ccla.org\/fr\/libertes-fondamentales\/droits-democratiques\/la-ccla-se-joint-a-la-lutte-contre-lutilisation-par-lontario-de-la-clause-derogatoire\/#article","isPartOf":{"@id":"https:\/\/dev.ccla.org\/fr\/libertes-fondamentales\/droits-democratiques\/la-ccla-se-joint-a-la-lutte-contre-lutilisation-par-lontario-de-la-clause-derogatoire\/"},"author":{"name":"CCLA","@id":"https:\/\/dev.ccla.org\/fr\/#\/schema\/person\/e48728d4a52926205e807fd8c52bf3b0"},"headline":"La CCLA se joint \u00e0 la lutte contre l\u2019utilisation par l\u2019Ontario de la clause d\u00e9rogatoire","datePublished":"2021-09-20T19:43:42+00:00","dateModified":"2026-04-23T18:31:27+00:00","mainEntityOfPage":{"@id":"https:\/\/dev.ccla.org\/fr\/libertes-fondamentales\/droits-democratiques\/la-ccla-se-joint-a-la-lutte-contre-lutilisation-par-lontario-de-la-clause-derogatoire\/"},"wordCount":783,"image":{"@id":"https:\/\/dev.ccla.org\/fr\/libertes-fondamentales\/droits-democratiques\/la-ccla-se-joint-a-la-lutte-contre-lutilisation-par-lontario-de-la-clause-derogatoire\/#primaryimage"},"thumbnailUrl":"https:\/\/dev.ccla.org\/wp-content\/uploads\/2021\/06\/elliott-stallion-1UY8UuUkids-unsplash.jpg","articleSection":["Droits d\u00e9mocratiques","Financement des \u00e9lections","LIBERT\u00c9S FONDAMENTALES","Publicit\u00e9 politique"],"inLanguage":"fr-CA"},{"@type":"WebPage","@id":"https:\/\/dev.ccla.org\/fr\/libertes-fondamentales\/droits-democratiques\/la-ccla-se-joint-a-la-lutte-contre-lutilisation-par-lontario-de-la-clause-derogatoire\/","url":"https:\/\/dev.ccla.org\/fr\/libertes-fondamentales\/droits-democratiques\/la-ccla-se-joint-a-la-lutte-contre-lutilisation-par-lontario-de-la-clause-derogatoire\/","name":"La CCLA se joint \u00e0 la lutte contre l\u2019utilisation par l\u2019Ontario de la clause d\u00e9rogatoire - CCLA","isPartOf":{"@id":"https:\/\/dev.ccla.org\/fr\/#website"},"primaryImageOfPage":{"@id":"https:\/\/dev.ccla.org\/fr\/libertes-fondamentales\/droits-democratiques\/la-ccla-se-joint-a-la-lutte-contre-lutilisation-par-lontario-de-la-clause-derogatoire\/#primaryimage"},"image":{"@id":"https:\/\/dev.ccla.org\/fr\/libertes-fondamentales\/droits-democratiques\/la-ccla-se-joint-a-la-lutte-contre-lutilisation-par-lontario-de-la-clause-derogatoire\/#primaryimage"},"thumbnailUrl":"https:\/\/dev.ccla.org\/wp-content\/uploads\/2021\/06\/elliott-stallion-1UY8UuUkids-unsplash.jpg","datePublished":"2021-09-20T19:43:42+00:00","dateModified":"2026-04-23T18:31:27+00:00","author":{"@id":"https:\/\/dev.ccla.org\/fr\/#\/schema\/person\/e48728d4a52926205e807fd8c52bf3b0"},"breadcrumb":{"@id":"https:\/\/dev.ccla.org\/fr\/libertes-fondamentales\/droits-democratiques\/la-ccla-se-joint-a-la-lutte-contre-lutilisation-par-lontario-de-la-clause-derogatoire\/#breadcrumb"},"inLanguage":"fr-CA","potentialAction":[{"@type":"ReadAction","target":["https:\/\/dev.ccla.org\/fr\/libertes-fondamentales\/droits-democratiques\/la-ccla-se-joint-a-la-lutte-contre-lutilisation-par-lontario-de-la-clause-derogatoire\/"]}]},{"@type":"ImageObject","inLanguage":"fr-CA","@id":"https:\/\/dev.ccla.org\/fr\/libertes-fondamentales\/droits-democratiques\/la-ccla-se-joint-a-la-lutte-contre-lutilisation-par-lontario-de-la-clause-derogatoire\/#primaryimage","url":"https:\/\/dev.ccla.org\/wp-content\/uploads\/2021\/06\/elliott-stallion-1UY8UuUkids-unsplash.jpg","contentUrl":"https:\/\/dev.ccla.org\/wp-content\/uploads\/2021\/06\/elliott-stallion-1UY8UuUkids-unsplash.jpg","width":2000,"height":800},{"@type":"BreadcrumbList","@id":"https:\/\/dev.ccla.org\/fr\/libertes-fondamentales\/droits-democratiques\/la-ccla-se-joint-a-la-lutte-contre-lutilisation-par-lontario-de-la-clause-derogatoire\/#breadcrumb","itemListElement":[{"@type":"ListItem","position":1,"name":"Home","item":"https:\/\/dev.ccla.org\/fr\/accueil\/"},{"@type":"ListItem","position":2,"name":"Non class\u00e9","item":"https:\/\/dev.ccla.org\/fr\/category\/non-classe\/"},{"@type":"ListItem","position":3,"name":"La CCLA se joint \u00e0 la lutte contre l\u2019utilisation par l\u2019Ontario de la clause d\u00e9rogatoire"}]},{"@type":"WebSite","@id":"https:\/\/dev.ccla.org\/fr\/#website","url":"https:\/\/dev.ccla.org\/fr\/","name":"CCLA","description":"","potentialAction":[{"@type":"SearchAction","target":{"@type":"EntryPoint","urlTemplate":"https:\/\/dev.ccla.org\/fr\/?s={search_term_string}"},"query-input":{"@type":"PropertyValueSpecification","valueRequired":true,"valueName":"search_term_string"}}],"inLanguage":"fr-CA"},{"@type":"Person","@id":"https:\/\/dev.ccla.org\/fr\/#\/schema\/person\/e48728d4a52926205e807fd8c52bf3b0","name":"CCLA","image":{"@type":"ImageObject","inLanguage":"fr-CA","@id":"https:\/\/secure.gravatar.com\/avatar\/03b13921772ba279da547407d7a85f0b4a10bdf8cc9a026f2ac4e10643eee315?s=96&d=blank&r=g","url":"https:\/\/secure.gravatar.com\/avatar\/03b13921772ba279da547407d7a85f0b4a10bdf8cc9a026f2ac4e10643eee315?s=96&d=blank&r=g","contentUrl":"https:\/\/secure.gravatar.com\/avatar\/03b13921772ba279da547407d7a85f0b4a10bdf8cc9a026f2ac4e10643eee315?s=96&d=blank&r=g","caption":"CCLA"},"url":"https:\/\/dev.ccla.org\/fr\/author\/ccla\/"}]}},"_links":{"self":[{"href":"https:\/\/dev.ccla.org\/fr\/wp-json\/wp\/v2\/posts\/14590","targetHints":{"allow":["GET"]}}],"collection":[{"href":"https:\/\/dev.ccla.org\/fr\/wp-json\/wp\/v2\/posts"}],"about":[{"href":"https:\/\/dev.ccla.org\/fr\/wp-json\/wp\/v2\/types\/post"}],"author":[{"embeddable":true,"href":"https:\/\/dev.ccla.org\/fr\/wp-json\/wp\/v2\/users\/4"}],"replies":[{"embeddable":true,"href":"https:\/\/dev.ccla.org\/fr\/wp-json\/wp\/v2\/comments?post=14590"}],"version-history":[{"count":1,"href":"https:\/\/dev.ccla.org\/fr\/wp-json\/wp\/v2\/posts\/14590\/revisions"}],"predecessor-version":[{"id":14597,"href":"https:\/\/dev.ccla.org\/fr\/wp-json\/wp\/v2\/posts\/14590\/revisions\/14597"}],"wp:featuredmedia":[{"embeddable":true,"href":"https:\/\/dev.ccla.org\/fr\/wp-json\/wp\/v2\/media\/12212"}],"wp:attachment":[{"href":"https:\/\/dev.ccla.org\/fr\/wp-json\/wp\/v2\/media?parent=14590"}],"wp:term":[{"taxonomy":"category","embeddable":true,"href":"https:\/\/dev.ccla.org\/fr\/wp-json\/wp\/v2\/categories?post=14590"},{"taxonomy":"post_tag","embeddable":true,"href":"https:\/\/dev.ccla.org\/fr\/wp-json\/wp\/v2\/tags?post=14590"}],"curies":[{"name":"wp","href":"https:\/\/api.w.org\/{rel}","templated":true}]}}