{"id":14575,"date":"2021-09-14T13:38:19","date_gmt":"2021-09-14T17:38:19","guid":{"rendered":"https:\/\/dev.ccla.org\/non-classe\/gratitude-et-felicitations-a-michael-bryant\/"},"modified":"2026-04-23T14:31:26","modified_gmt":"2026-04-23T18:31:26","slug":"gratitude-et-felicitations-a-michael-bryant","status":"publish","type":"post","link":"https:\/\/dev.ccla.org\/fr\/communiques-de-presse\/gratitude-et-felicitations-a-michael-bryant\/","title":{"rendered":"Gratitude et f\u00e9licitations \u00e0 Michael Bryant"},"content":{"rendered":"[vc_row type=\u00a0\u00bbin_container\u00a0\u00bb full_screen_row_position=\u00a0\u00bbmiddle\u00a0\u00bb column_margin=\u00a0\u00bbdefault\u00a0\u00bb column_direction=\u00a0\u00bbdefault\u00a0\u00bb column_direction_tablet=\u00a0\u00bbdefault\u00a0\u00bb column_direction_phone=\u00a0\u00bbdefault\u00a0\u00bb scene_position=\u00a0\u00bbcenter\u00a0\u00bb text_color=\u00a0\u00bbdark\u00a0\u00bb text_align=\u00a0\u00bbleft\u00a0\u00bb row_border_radius=\u00a0\u00bbnone\u00a0\u00bb row_border_radius_applies=\u00a0\u00bbbg\u00a0\u00bb overlay_strength=\u00a0\u00bb0.3&Prime; gradient_direction=\u00a0\u00bbleft_to_right\u00a0\u00bb shape_divider_position=\u00a0\u00bbbottom\u00a0\u00bb bg_image_animation=\u00a0\u00bbnone\u00a0\u00bb][vc_column column_padding=\u00a0\u00bbno-extra-padding\u00a0\u00bb column_padding_tablet=\u00a0\u00bbinherit\u00a0\u00bb column_padding_phone=\u00a0\u00bbinherit\u00a0\u00bb column_padding_position=\u00a0\u00bball\u00a0\u00bb column_element_spacing=\u00a0\u00bbdefault\u00a0\u00bb background_color_opacity=\u00a0\u00bb1&Prime; background_hover_color_opacity=\u00a0\u00bb1&Prime; column_shadow=\u00a0\u00bbnone\u00a0\u00bb column_border_radius=\u00a0\u00bbnone\u00a0\u00bb column_link_target=\u00a0\u00bb_self\u00a0\u00bb gradient_direction=\u00a0\u00bbleft_to_right\u00a0\u00bb overlay_strength=\u00a0\u00bb0.3&Prime; width=\u00a0\u00bb1\/1&Prime; tablet_width_inherit=\u00a0\u00bbdefault\u00a0\u00bb tablet_text_alignment=\u00a0\u00bbdefault\u00a0\u00bb phone_text_alignment=\u00a0\u00bbdefault\u00a0\u00bb bg_image_animation=\u00a0\u00bbnone\u00a0\u00bb border_type=\u00a0\u00bbsimple\u00a0\u00bb column_border_width=\u00a0\u00bbnone\u00a0\u00bb column_border_style=\u00a0\u00bbsolid\u00a0\u00bb][nectar_global_section id=\u00a0\u00bb1355&Prime;][\/vc_column][\/vc_row][vc_row type=\u00a0\u00bbfull_width_background\u00a0\u00bb full_screen_row_position=\u00a0\u00bbmiddle\u00a0\u00bb column_margin=\u00a0\u00bbdefault\u00a0\u00bb column_direction=\u00a0\u00bbdefault\u00a0\u00bb column_direction_tablet=\u00a0\u00bbdefault\u00a0\u00bb column_direction_phone=\u00a0\u00bbdefault\u00a0\u00bb scene_position=\u00a0\u00bbcenter\u00a0\u00bb top_padding=\u00a0\u00bb4%\u00a0\u00bb constrain_group_1=\u00a0\u00bbyes\u00a0\u00bb bottom_padding=\u00a0\u00bb4%\u00a0\u00bb text_color=\u00a0\u00bbdark\u00a0\u00bb text_align=\u00a0\u00bbleft\u00a0\u00bb row_border_radius=\u00a0\u00bbnone\u00a0\u00bb row_border_radius_applies=\u00a0\u00bbbg\u00a0\u00bb class=\u00a0\u00bbpost-links\u00a0\u00bb overlay_strength=\u00a0\u00bb0.3&Prime; gradient_direction=\u00a0\u00bbleft_to_right\u00a0\u00bb shape_divider_position=\u00a0\u00bbbottom\u00a0\u00bb bg_image_animation=\u00a0\u00bbnone\u00a0\u00bb shape_type=\u00a0\u00bb\u00a0\u00bb][vc_column column_padding=\u00a0\u00bbno-extra-padding\u00a0\u00bb column_padding_tablet=\u00a0\u00bbinherit\u00a0\u00bb column_padding_phone=\u00a0\u00bbinherit\u00a0\u00bb column_padding_position=\u00a0\u00bball\u00a0\u00bb column_element_spacing=\u00a0\u00bbdefault\u00a0\u00bb background_color_opacity=\u00a0\u00bb1&Prime; background_hover_color_opacity=\u00a0\u00bb1&Prime; column_shadow=\u00a0\u00bbnone\u00a0\u00bb column_border_radius=\u00a0\u00bbnone\u00a0\u00bb column_link_target=\u00a0\u00bb_self\u00a0\u00bb gradient_direction=\u00a0\u00bbleft_to_right\u00a0\u00bb overlay_strength=\u00a0\u00bb0.3&Prime; width=\u00a0\u00bb1\/1&Prime; tablet_width_inherit=\u00a0\u00bbdefault\u00a0\u00bb tablet_text_alignment=\u00a0\u00bbdefault\u00a0\u00bb phone_text_alignment=\u00a0\u00bbdefault\u00a0\u00bb bg_image_animation=\u00a0\u00bbnone\u00a0\u00bb border_type=\u00a0\u00bbsimple\u00a0\u00bb column_border_width=\u00a0\u00bbnone\u00a0\u00bb column_border_style=\u00a0\u00bbsolid\u00a0\u00bb][vc_column_text]TORONTO &#8211; L\u2019Association canadienne des libert\u00e9s civiles (CCLA) a annonc\u00e9 aujourd\u2019hui que Michael Bryant, son directeur ex\u00e9cutif depuis 2018, quittera la CCLA \u00e0 la fin de l\u2019ann\u00e9e pour commencer comme nouveau chef de la direction de l\u2019Aide juridique de la Colombie-Britannique \u00e0 partir du 17 janvier 2022. Le conseil d\u2019administration de la CCLA adresse ses f\u00e9licitations et sa gratitude \u00e0 Michael Bryant, pour son leadership au sein de la CCLA pendant ce qui sera quatre ans en tant que directeur ex\u00e9cutif et conseiller juridique g\u00e9n\u00e9ral. <\/p>\n<p>\u00ab Michael nous manquera sinc\u00e8rement, mais c\u2019est une merveilleuse occasion pour lui de retourner dans sa province natale et de poursuivre sa carri\u00e8re dans le service public au sein d\u2019une si grande organisation \u00bb, a d\u00e9clar\u00e9 Andrew Lokan, pr\u00e9sident du conseil d\u2019administration de la CCLA.<\/p>\n<p>\u00ab Pendant le mandat de Michael, la CCLA s\u2019est modernis\u00e9e et a grandi de plusieurs fa\u00e7ons. Nous n\u2019avons jamais \u00e9t\u00e9 aussi bien plac\u00e9s pour remplir notre mandat de prot\u00e9ger les libert\u00e9s civiles de tous les Canadiens. Nous lui sommes tr\u00e8s reconnaissants pour tout ce qu\u2019il a accompli et lui souhaitons le meilleur dans son nouveau r\u00f4le. \u00bb<\/p>\n<p>Le conseil d\u2019administration de la CCLA entamera imm\u00e9diatement une recherche nationale pour son successeur. Michael continue d\u2019occuper le poste de directeur ex\u00e9cutif et de conseiller juridique g\u00e9n\u00e9ral \u00e0 la CCLA jusqu\u2019au 1er janvier 2022.[\/vc_column_text][\/vc_column][\/vc_row][vc_row type=\u00a0\u00bbin_container\u00a0\u00bb full_screen_row_position=\u00a0\u00bbmiddle\u00a0\u00bb column_margin=\u00a0\u00bbdefault\u00a0\u00bb column_direction=\u00a0\u00bbdefault\u00a0\u00bb column_direction_tablet=\u00a0\u00bbdefault\u00a0\u00bb column_direction_phone=\u00a0\u00bbdefault\u00a0\u00bb scene_position=\u00a0\u00bbcenter\u00a0\u00bb text_color=\u00a0\u00bbdark\u00a0\u00bb text_align=\u00a0\u00bbleft\u00a0\u00bb row_border_radius=\u00a0\u00bbnone\u00a0\u00bb row_border_radius_applies=\u00a0\u00bbbg\u00a0\u00bb overlay_strength=\u00a0\u00bb0.3&Prime; gradient_direction=\u00a0\u00bbleft_to_right\u00a0\u00bb shape_divider_position=\u00a0\u00bbbottom\u00a0\u00bb bg_image_animation=\u00a0\u00bbnone\u00a0\u00bb][vc_column column_padding=\u00a0\u00bbno-extra-padding\u00a0\u00bb column_padding_tablet=\u00a0\u00bbinherit\u00a0\u00bb column_padding_phone=\u00a0\u00bbinherit\u00a0\u00bb column_padding_position=\u00a0\u00bball\u00a0\u00bb column_element_spacing=\u00a0\u00bbdefault\u00a0\u00bb background_color_opacity=\u00a0\u00bb1&Prime; background_hover_color_opacity=\u00a0\u00bb1&Prime; column_shadow=\u00a0\u00bbnone\u00a0\u00bb column_border_radius=\u00a0\u00bbnone\u00a0\u00bb column_link_target=\u00a0\u00bb_self\u00a0\u00bb gradient_direction=\u00a0\u00bbleft_to_right\u00a0\u00bb overlay_strength=\u00a0\u00bb0.3&Prime; width=\u00a0\u00bb1\/1&Prime; tablet_width_inherit=\u00a0\u00bbdefault\u00a0\u00bb tablet_text_alignment=\u00a0\u00bbdefault\u00a0\u00bb phone_text_alignment=\u00a0\u00bbdefault\u00a0\u00bb bg_image_animation=\u00a0\u00bbnone\u00a0\u00bb border_type=\u00a0\u00bbsimple\u00a0\u00bb column_border_width=\u00a0\u00bbnone\u00a0\u00bb column_border_style=\u00a0\u00bbsolid\u00a0\u00bb][nectar_global_section id=\u00a0\u00bb1461&Prime;][\/vc_column][\/vc_row]\n","protected":false},"excerpt":{"rendered":"<p>La CCLA a annonc\u00e9 aujourd\u2019hui que Michael Bryant, son directeur ex\u00e9cutif depuis 2018, quittera la CCLA \u00e0 la fin de l\u2019ann\u00e9e.<\/p>\n","protected":false},"author":4,"featured_media":12559,"comment_status":"closed","ping_status":"closed","sticky":false,"template":"","format":"standard","meta":{"footnotes":""},"categories":[268],"tags":[],"class_list":{"0":"post-14575","1":"post","2":"type-post","3":"status-publish","4":"format-standard","5":"has-post-thumbnail","7":"category-communiques-de-presse"},"yoast_head":"<!-- This site is optimized with the Yoast SEO plugin v27.4 - https:\/\/yoast.com\/product\/yoast-seo-wordpress\/ -->\n<title>Gratitude et f\u00e9licitations \u00e0 Michael Bryant - CCLA<\/title>\n<meta name=\"robots\" content=\"noindex, follow, max-snippet:-1, max-image-preview:large, max-video-preview:-1\" \/>\n<meta property=\"og:locale\" content=\"fr_CA\" \/>\n<meta property=\"og:type\" content=\"article\" \/>\n<meta property=\"og:title\" content=\"Gratitude et f\u00e9licitations \u00e0 Michael Bryant - CCLA\" \/>\n<meta property=\"og:description\" content=\"La CCLA a annonc\u00e9 aujourd\u2019hui que Michael Bryant, son directeur ex\u00e9cutif depuis 2018, quittera la CCLA \u00e0 la fin de l\u2019ann\u00e9e.\" \/>\n<meta property=\"og:url\" content=\"https:\/\/dev.ccla.org\/fr\/communiques-de-presse\/gratitude-et-felicitations-a-michael-bryant\/\" \/>\n<meta property=\"og:site_name\" content=\"CCLA\" \/>\n<meta property=\"article:published_time\" content=\"2021-09-14T17:38:19+00:00\" \/>\n<meta property=\"article:modified_time\" content=\"2026-04-23T18:31:26+00:00\" \/>\n<meta property=\"og:image\" content=\"https:\/\/dev.ccla.org\/wp-content\/uploads\/2021\/06\/CCCL_general_crowd_2000x800-1.jpg\" \/>\n\t<meta property=\"og:image:width\" content=\"2000\" \/>\n\t<meta property=\"og:image:height\" content=\"800\" \/>\n\t<meta property=\"og:image:type\" content=\"image\/jpeg\" \/>\n<meta name=\"author\" content=\"CCLA\" \/>\n<meta name=\"twitter:card\" content=\"summary_large_image\" \/>\n<meta name=\"twitter:label1\" content=\"\u00c9crit par\" \/>\n\t<meta name=\"twitter:data1\" content=\"CCLA\" \/>\n\t<meta name=\"twitter:label2\" content=\"Estimation du temps de lecture\" \/>\n\t<meta name=\"twitter:data2\" content=\"3 minutes\" \/>\n<script type=\"application\/ld+json\" class=\"yoast-schema-graph\">{\"@context\":\"https:\\\/\\\/schema.org\",\"@graph\":[{\"@type\":\"Article\",\"@id\":\"https:\\\/\\\/dev.ccla.org\\\/fr\\\/communiques-de-presse\\\/gratitude-et-felicitations-a-michael-bryant\\\/#article\",\"isPartOf\":{\"@id\":\"https:\\\/\\\/dev.ccla.org\\\/fr\\\/communiques-de-presse\\\/gratitude-et-felicitations-a-michael-bryant\\\/\"},\"author\":{\"name\":\"CCLA\",\"@id\":\"https:\\\/\\\/dev.ccla.org\\\/fr\\\/#\\\/schema\\\/person\\\/e48728d4a52926205e807fd8c52bf3b0\"},\"headline\":\"Gratitude et f\u00e9licitations \u00e0 Michael Bryant\",\"datePublished\":\"2021-09-14T17:38:19+00:00\",\"dateModified\":\"2026-04-23T18:31:26+00:00\",\"mainEntityOfPage\":{\"@id\":\"https:\\\/\\\/dev.ccla.org\\\/fr\\\/communiques-de-presse\\\/gratitude-et-felicitations-a-michael-bryant\\\/\"},\"wordCount\":682,\"image\":{\"@id\":\"https:\\\/\\\/dev.ccla.org\\\/fr\\\/communiques-de-presse\\\/gratitude-et-felicitations-a-michael-bryant\\\/#primaryimage\"},\"thumbnailUrl\":\"https:\\\/\\\/dev.ccla.org\\\/wp-content\\\/uploads\\\/2021\\\/06\\\/CCCL_general_crowd_2000x800-1.jpg\",\"articleSection\":[\"COMMUNIQU\u00c9S DE PRESSE\"],\"inLanguage\":\"fr-CA\"},{\"@type\":\"WebPage\",\"@id\":\"https:\\\/\\\/dev.ccla.org\\\/fr\\\/communiques-de-presse\\\/gratitude-et-felicitations-a-michael-bryant\\\/\",\"url\":\"https:\\\/\\\/dev.ccla.org\\\/fr\\\/communiques-de-presse\\\/gratitude-et-felicitations-a-michael-bryant\\\/\",\"name\":\"Gratitude et f\u00e9licitations \u00e0 Michael Bryant - CCLA\",\"isPartOf\":{\"@id\":\"https:\\\/\\\/dev.ccla.org\\\/fr\\\/#website\"},\"primaryImageOfPage\":{\"@id\":\"https:\\\/\\\/dev.ccla.org\\\/fr\\\/communiques-de-presse\\\/gratitude-et-felicitations-a-michael-bryant\\\/#primaryimage\"},\"image\":{\"@id\":\"https:\\\/\\\/dev.ccla.org\\\/fr\\\/communiques-de-presse\\\/gratitude-et-felicitations-a-michael-bryant\\\/#primaryimage\"},\"thumbnailUrl\":\"https:\\\/\\\/dev.ccla.org\\\/wp-content\\\/uploads\\\/2021\\\/06\\\/CCCL_general_crowd_2000x800-1.jpg\",\"datePublished\":\"2021-09-14T17:38:19+00:00\",\"dateModified\":\"2026-04-23T18:31:26+00:00\",\"author\":{\"@id\":\"https:\\\/\\\/dev.ccla.org\\\/fr\\\/#\\\/schema\\\/person\\\/e48728d4a52926205e807fd8c52bf3b0\"},\"breadcrumb\":{\"@id\":\"https:\\\/\\\/dev.ccla.org\\\/fr\\\/communiques-de-presse\\\/gratitude-et-felicitations-a-michael-bryant\\\/#breadcrumb\"},\"inLanguage\":\"fr-CA\",\"potentialAction\":[{\"@type\":\"ReadAction\",\"target\":[\"https:\\\/\\\/dev.ccla.org\\\/fr\\\/communiques-de-presse\\\/gratitude-et-felicitations-a-michael-bryant\\\/\"]}]},{\"@type\":\"ImageObject\",\"inLanguage\":\"fr-CA\",\"@id\":\"https:\\\/\\\/dev.ccla.org\\\/fr\\\/communiques-de-presse\\\/gratitude-et-felicitations-a-michael-bryant\\\/#primaryimage\",\"url\":\"https:\\\/\\\/dev.ccla.org\\\/wp-content\\\/uploads\\\/2021\\\/06\\\/CCCL_general_crowd_2000x800-1.jpg\",\"contentUrl\":\"https:\\\/\\\/dev.ccla.org\\\/wp-content\\\/uploads\\\/2021\\\/06\\\/CCCL_general_crowd_2000x800-1.jpg\",\"width\":2000,\"height\":800},{\"@type\":\"BreadcrumbList\",\"@id\":\"https:\\\/\\\/dev.ccla.org\\\/fr\\\/communiques-de-presse\\\/gratitude-et-felicitations-a-michael-bryant\\\/#breadcrumb\",\"itemListElement\":[{\"@type\":\"ListItem\",\"position\":1,\"name\":\"Home\",\"item\":\"https:\\\/\\\/dev.ccla.org\\\/fr\\\/accueil\\\/\"},{\"@type\":\"ListItem\",\"position\":2,\"name\":\"Non class\u00e9\",\"item\":\"https:\\\/\\\/dev.ccla.org\\\/fr\\\/category\\\/non-classe\\\/\"},{\"@type\":\"ListItem\",\"position\":3,\"name\":\"Gratitude et f\u00e9licitations \u00e0 Michael Bryant\"}]},{\"@type\":\"WebSite\",\"@id\":\"https:\\\/\\\/dev.ccla.org\\\/fr\\\/#website\",\"url\":\"https:\\\/\\\/dev.ccla.org\\\/fr\\\/\",\"name\":\"CCLA\",\"description\":\"\",\"potentialAction\":[{\"@type\":\"SearchAction\",\"target\":{\"@type\":\"EntryPoint\",\"urlTemplate\":\"https:\\\/\\\/dev.ccla.org\\\/fr\\\/?s={search_term_string}\"},\"query-input\":{\"@type\":\"PropertyValueSpecification\",\"valueRequired\":true,\"valueName\":\"search_term_string\"}}],\"inLanguage\":\"fr-CA\"},{\"@type\":\"Person\",\"@id\":\"https:\\\/\\\/dev.ccla.org\\\/fr\\\/#\\\/schema\\\/person\\\/e48728d4a52926205e807fd8c52bf3b0\",\"name\":\"CCLA\",\"image\":{\"@type\":\"ImageObject\",\"inLanguage\":\"fr-CA\",\"@id\":\"https:\\\/\\\/secure.gravatar.com\\\/avatar\\\/03b13921772ba279da547407d7a85f0b4a10bdf8cc9a026f2ac4e10643eee315?s=96&d=blank&r=g\",\"url\":\"https:\\\/\\\/secure.gravatar.com\\\/avatar\\\/03b13921772ba279da547407d7a85f0b4a10bdf8cc9a026f2ac4e10643eee315?s=96&d=blank&r=g\",\"contentUrl\":\"https:\\\/\\\/secure.gravatar.com\\\/avatar\\\/03b13921772ba279da547407d7a85f0b4a10bdf8cc9a026f2ac4e10643eee315?s=96&d=blank&r=g\",\"caption\":\"CCLA\"},\"url\":\"https:\\\/\\\/dev.ccla.org\\\/fr\\\/author\\\/ccla\\\/\"}]}<\/script>\n<!-- \/ Yoast SEO plugin. -->","yoast_head_json":{"title":"Gratitude et f\u00e9licitations \u00e0 Michael Bryant - CCLA","robots":{"index":"noindex","follow":"follow","max-snippet":"max-snippet:-1","max-image-preview":"max-image-preview:large","max-video-preview":"max-video-preview:-1"},"og_locale":"fr_CA","og_type":"article","og_title":"Gratitude et f\u00e9licitations \u00e0 Michael Bryant - CCLA","og_description":"La CCLA a annonc\u00e9 aujourd\u2019hui que Michael Bryant, son directeur ex\u00e9cutif depuis 2018, quittera la CCLA \u00e0 la fin de l\u2019ann\u00e9e.","og_url":"https:\/\/dev.ccla.org\/fr\/communiques-de-presse\/gratitude-et-felicitations-a-michael-bryant\/","og_site_name":"CCLA","article_published_time":"2021-09-14T17:38:19+00:00","article_modified_time":"2026-04-23T18:31:26+00:00","og_image":[{"width":2000,"height":800,"url":"https:\/\/dev.ccla.org\/wp-content\/uploads\/2021\/06\/CCCL_general_crowd_2000x800-1.jpg","type":"image\/jpeg"}],"author":"CCLA","twitter_card":"summary_large_image","twitter_misc":{"\u00c9crit par":"CCLA","Estimation du temps de lecture":"3 minutes"},"schema":{"@context":"https:\/\/schema.org","@graph":[{"@type":"Article","@id":"https:\/\/dev.ccla.org\/fr\/communiques-de-presse\/gratitude-et-felicitations-a-michael-bryant\/#article","isPartOf":{"@id":"https:\/\/dev.ccla.org\/fr\/communiques-de-presse\/gratitude-et-felicitations-a-michael-bryant\/"},"author":{"name":"CCLA","@id":"https:\/\/dev.ccla.org\/fr\/#\/schema\/person\/e48728d4a52926205e807fd8c52bf3b0"},"headline":"Gratitude et f\u00e9licitations \u00e0 Michael Bryant","datePublished":"2021-09-14T17:38:19+00:00","dateModified":"2026-04-23T18:31:26+00:00","mainEntityOfPage":{"@id":"https:\/\/dev.ccla.org\/fr\/communiques-de-presse\/gratitude-et-felicitations-a-michael-bryant\/"},"wordCount":682,"image":{"@id":"https:\/\/dev.ccla.org\/fr\/communiques-de-presse\/gratitude-et-felicitations-a-michael-bryant\/#primaryimage"},"thumbnailUrl":"https:\/\/dev.ccla.org\/wp-content\/uploads\/2021\/06\/CCCL_general_crowd_2000x800-1.jpg","articleSection":["COMMUNIQU\u00c9S DE PRESSE"],"inLanguage":"fr-CA"},{"@type":"WebPage","@id":"https:\/\/dev.ccla.org\/fr\/communiques-de-presse\/gratitude-et-felicitations-a-michael-bryant\/","url":"https:\/\/dev.ccla.org\/fr\/communiques-de-presse\/gratitude-et-felicitations-a-michael-bryant\/","name":"Gratitude et f\u00e9licitations \u00e0 Michael Bryant - CCLA","isPartOf":{"@id":"https:\/\/dev.ccla.org\/fr\/#website"},"primaryImageOfPage":{"@id":"https:\/\/dev.ccla.org\/fr\/communiques-de-presse\/gratitude-et-felicitations-a-michael-bryant\/#primaryimage"},"image":{"@id":"https:\/\/dev.ccla.org\/fr\/communiques-de-presse\/gratitude-et-felicitations-a-michael-bryant\/#primaryimage"},"thumbnailUrl":"https:\/\/dev.ccla.org\/wp-content\/uploads\/2021\/06\/CCCL_general_crowd_2000x800-1.jpg","datePublished":"2021-09-14T17:38:19+00:00","dateModified":"2026-04-23T18:31:26+00:00","author":{"@id":"https:\/\/dev.ccla.org\/fr\/#\/schema\/person\/e48728d4a52926205e807fd8c52bf3b0"},"breadcrumb":{"@id":"https:\/\/dev.ccla.org\/fr\/communiques-de-presse\/gratitude-et-felicitations-a-michael-bryant\/#breadcrumb"},"inLanguage":"fr-CA","potentialAction":[{"@type":"ReadAction","target":["https:\/\/dev.ccla.org\/fr\/communiques-de-presse\/gratitude-et-felicitations-a-michael-bryant\/"]}]},{"@type":"ImageObject","inLanguage":"fr-CA","@id":"https:\/\/dev.ccla.org\/fr\/communiques-de-presse\/gratitude-et-felicitations-a-michael-bryant\/#primaryimage","url":"https:\/\/dev.ccla.org\/wp-content\/uploads\/2021\/06\/CCCL_general_crowd_2000x800-1.jpg","contentUrl":"https:\/\/dev.ccla.org\/wp-content\/uploads\/2021\/06\/CCCL_general_crowd_2000x800-1.jpg","width":2000,"height":800},{"@type":"BreadcrumbList","@id":"https:\/\/dev.ccla.org\/fr\/communiques-de-presse\/gratitude-et-felicitations-a-michael-bryant\/#breadcrumb","itemListElement":[{"@type":"ListItem","position":1,"name":"Home","item":"https:\/\/dev.ccla.org\/fr\/accueil\/"},{"@type":"ListItem","position":2,"name":"Non class\u00e9","item":"https:\/\/dev.ccla.org\/fr\/category\/non-classe\/"},{"@type":"ListItem","position":3,"name":"Gratitude et f\u00e9licitations \u00e0 Michael Bryant"}]},{"@type":"WebSite","@id":"https:\/\/dev.ccla.org\/fr\/#website","url":"https:\/\/dev.ccla.org\/fr\/","name":"CCLA","description":"","potentialAction":[{"@type":"SearchAction","target":{"@type":"EntryPoint","urlTemplate":"https:\/\/dev.ccla.org\/fr\/?s={search_term_string}"},"query-input":{"@type":"PropertyValueSpecification","valueRequired":true,"valueName":"search_term_string"}}],"inLanguage":"fr-CA"},{"@type":"Person","@id":"https:\/\/dev.ccla.org\/fr\/#\/schema\/person\/e48728d4a52926205e807fd8c52bf3b0","name":"CCLA","image":{"@type":"ImageObject","inLanguage":"fr-CA","@id":"https:\/\/secure.gravatar.com\/avatar\/03b13921772ba279da547407d7a85f0b4a10bdf8cc9a026f2ac4e10643eee315?s=96&d=blank&r=g","url":"https:\/\/secure.gravatar.com\/avatar\/03b13921772ba279da547407d7a85f0b4a10bdf8cc9a026f2ac4e10643eee315?s=96&d=blank&r=g","contentUrl":"https:\/\/secure.gravatar.com\/avatar\/03b13921772ba279da547407d7a85f0b4a10bdf8cc9a026f2ac4e10643eee315?s=96&d=blank&r=g","caption":"CCLA"},"url":"https:\/\/dev.ccla.org\/fr\/author\/ccla\/"}]}},"_links":{"self":[{"href":"https:\/\/dev.ccla.org\/fr\/wp-json\/wp\/v2\/posts\/14575","targetHints":{"allow":["GET"]}}],"collection":[{"href":"https:\/\/dev.ccla.org\/fr\/wp-json\/wp\/v2\/posts"}],"about":[{"href":"https:\/\/dev.ccla.org\/fr\/wp-json\/wp\/v2\/types\/post"}],"author":[{"embeddable":true,"href":"https:\/\/dev.ccla.org\/fr\/wp-json\/wp\/v2\/users\/4"}],"replies":[{"embeddable":true,"href":"https:\/\/dev.ccla.org\/fr\/wp-json\/wp\/v2\/comments?post=14575"}],"version-history":[{"count":10,"href":"https:\/\/dev.ccla.org\/fr\/wp-json\/wp\/v2\/posts\/14575\/revisions"}],"predecessor-version":[{"id":14612,"href":"https:\/\/dev.ccla.org\/fr\/wp-json\/wp\/v2\/posts\/14575\/revisions\/14612"}],"wp:featuredmedia":[{"embeddable":true,"href":"https:\/\/dev.ccla.org\/fr\/wp-json\/wp\/v2\/media\/12559"}],"wp:attachment":[{"href":"https:\/\/dev.ccla.org\/fr\/wp-json\/wp\/v2\/media?parent=14575"}],"wp:term":[{"taxonomy":"category","embeddable":true,"href":"https:\/\/dev.ccla.org\/fr\/wp-json\/wp\/v2\/categories?post=14575"},{"taxonomy":"post_tag","embeddable":true,"href":"https:\/\/dev.ccla.org\/fr\/wp-json\/wp\/v2\/tags?post=14575"}],"curies":[{"name":"wp","href":"https:\/\/api.w.org\/{rel}","templated":true}]}}