{"id":14456,"date":"2026-03-16T11:27:31","date_gmt":"2026-03-16T15:27:31","guid":{"rendered":"https:\/\/dev.ccla.org\/non-classe\/la-ccla-intervient-dans-un-appel-decisif-concernant-laccessibilite-des-recours-collectifs-pour-les-communautes-vulnerables\/"},"modified":"2026-04-23T14:20:29","modified_gmt":"2026-04-23T18:20:29","slug":"la-ccla-intervient-dans-un-appel-decisif-concernant-laccessibilite-des-recours-collectifs-pour-les-communautes-vulnerables","status":"publish","type":"post","link":"https:\/\/dev.ccla.org\/fr\/communiques-de-presse\/la-ccla-intervient-dans-un-appel-decisif-concernant-laccessibilite-des-recours-collectifs-pour-les-communautes-vulnerables\/","title":{"rendered":"La CCLA intervient dans un appel d\u00e9cisif concernant l\u2019accessibilit\u00e9 des recours collectifs pour les communaut\u00e9s vuln\u00e9rables"},"content":{"rendered":"[vc_row type=\u00a0\u00bbin_container\u00a0\u00bb full_screen_row_position=\u00a0\u00bbmiddle\u00a0\u00bb column_margin=\u00a0\u00bbdefault\u00a0\u00bb column_direction=\u00a0\u00bbdefault\u00a0\u00bb column_direction_tablet=\u00a0\u00bbdefault\u00a0\u00bb column_direction_phone=\u00a0\u00bbdefault\u00a0\u00bb scene_position=\u00a0\u00bbcenter\u00a0\u00bb text_color=\u00a0\u00bbdark\u00a0\u00bb text_align=\u00a0\u00bbleft\u00a0\u00bb row_border_radius=\u00a0\u00bbnone\u00a0\u00bb row_border_radius_applies=\u00a0\u00bbbg\u00a0\u00bb overflow=\u00a0\u00bbvisible\u00a0\u00bb overlay_strength=\u00a0\u00bb0.3&Prime; gradient_direction=\u00a0\u00bbleft_to_right\u00a0\u00bb shape_divider_position=\u00a0\u00bbbottom\u00a0\u00bb bg_image_animation=\u00a0\u00bbnone\u00a0\u00bb][vc_column column_padding=\u00a0\u00bbno-extra-padding\u00a0\u00bb column_padding_tablet=\u00a0\u00bbinherit\u00a0\u00bb column_padding_phone=\u00a0\u00bbinherit\u00a0\u00bb column_padding_position=\u00a0\u00bball\u00a0\u00bb column_element_direction_desktop=\u00a0\u00bbdefault\u00a0\u00bb column_element_spacing=\u00a0\u00bbdefault\u00a0\u00bb desktop_text_alignment=\u00a0\u00bbdefault\u00a0\u00bb tablet_text_alignment=\u00a0\u00bbdefault\u00a0\u00bb phone_text_alignment=\u00a0\u00bbdefault\u00a0\u00bb background_color_opacity=\u00a0\u00bb1&Prime; background_hover_color_opacity=\u00a0\u00bb1&Prime; column_backdrop_filter=\u00a0\u00bbnone\u00a0\u00bb column_shadow=\u00a0\u00bbnone\u00a0\u00bb column_border_radius=\u00a0\u00bbnone\u00a0\u00bb column_link_target=\u00a0\u00bb_self\u00a0\u00bb column_position=\u00a0\u00bbdefault\u00a0\u00bb gradient_direction=\u00a0\u00bbleft_to_right\u00a0\u00bb overlay_strength=\u00a0\u00bb0.3&Prime; width=\u00a0\u00bb1\/1&Prime; tablet_width_inherit=\u00a0\u00bbdefault\u00a0\u00bb animation_type=\u00a0\u00bbdefault\u00a0\u00bb bg_image_animation=\u00a0\u00bbnone\u00a0\u00bb border_type=\u00a0\u00bbsimple\u00a0\u00bb column_border_width=\u00a0\u00bbnone\u00a0\u00bb column_border_style=\u00a0\u00bbsolid\u00a0\u00bb][nectar_global_section id=\u00a0\u00bb1355&Prime;][divider line_type=\u00a0\u00bbNo Line\u00a0\u00bb custom_height=\u00a0\u00bb30&Prime;][\/vc_column][\/vc_row][vc_row type=\u00a0\u00bbin_container\u00a0\u00bb full_screen_row_position=\u00a0\u00bbmiddle\u00a0\u00bb column_margin=\u00a0\u00bbdefault\u00a0\u00bb column_direction=\u00a0\u00bbdefault\u00a0\u00bb column_direction_tablet=\u00a0\u00bbdefault\u00a0\u00bb column_direction_phone=\u00a0\u00bbdefault\u00a0\u00bb scene_position=\u00a0\u00bbcenter\u00a0\u00bb text_color=\u00a0\u00bbdark\u00a0\u00bb text_align=\u00a0\u00bbleft\u00a0\u00bb row_border_radius=\u00a0\u00bbnone\u00a0\u00bb row_border_radius_applies=\u00a0\u00bbbg\u00a0\u00bb overflow=\u00a0\u00bbvisible\u00a0\u00bb overlay_strength=\u00a0\u00bb0.3&Prime; gradient_direction=\u00a0\u00bbleft_to_right\u00a0\u00bb shape_divider_position=\u00a0\u00bbbottom\u00a0\u00bb bg_image_animation=\u00a0\u00bbnone\u00a0\u00bb][vc_column column_padding=\u00a0\u00bbno-extra-padding\u00a0\u00bb column_padding_tablet=\u00a0\u00bbinherit\u00a0\u00bb column_padding_phone=\u00a0\u00bbinherit\u00a0\u00bb column_padding_position=\u00a0\u00bball\u00a0\u00bb column_element_direction_desktop=\u00a0\u00bbdefault\u00a0\u00bb column_element_spacing=\u00a0\u00bbdefault\u00a0\u00bb desktop_text_alignment=\u00a0\u00bbdefault\u00a0\u00bb tablet_text_alignment=\u00a0\u00bbdefault\u00a0\u00bb phone_text_alignment=\u00a0\u00bbdefault\u00a0\u00bb background_color_opacity=\u00a0\u00bb1&Prime; background_hover_color_opacity=\u00a0\u00bb1&Prime; column_backdrop_filter=\u00a0\u00bbnone\u00a0\u00bb column_shadow=\u00a0\u00bbnone\u00a0\u00bb column_border_radius=\u00a0\u00bbnone\u00a0\u00bb column_link_target=\u00a0\u00bb_self\u00a0\u00bb column_position=\u00a0\u00bbdefault\u00a0\u00bb gradient_direction=\u00a0\u00bbleft_to_right\u00a0\u00bb overlay_strength=\u00a0\u00bb0.3&Prime; width=\u00a0\u00bb1\/1&Prime; tablet_width_inherit=\u00a0\u00bbdefault\u00a0\u00bb animation_type=\u00a0\u00bbdefault\u00a0\u00bb bg_image_animation=\u00a0\u00bbnone\u00a0\u00bb border_type=\u00a0\u00bbsimple\u00a0\u00bb column_border_width=\u00a0\u00bbnone\u00a0\u00bb column_border_style=\u00a0\u00bbsolid\u00a0\u00bb][vc_column_text css=\u00a0\u00bb\u00a0\u00bb text_direction=\u00a0\u00bbdefault\u00a0\u00bb]Les recours collectifs sont un outil crucial pour les communaut\u00e9s vuln\u00e9rables cherchant r\u00e9paration pour des inconduites syst\u00e9miques et des violations de la Charte. La CCLA intervient devant la Cour d\u2019appel de l\u2019Ontario dans <em>l\u2019affaire G.G. c. Ontario<\/em>, pour exhorter la cour \u00e0 r\u00e9examiner une r\u00e8gle de proc\u00e9dure de common law, connue sous le nom de principe <em>Ragoonan<\/em> , qui est devenue un obstacle majeur pour les recours collectifs impliquant plus d\u2019un d\u00e9fendeur. <\/p>\n<p>Dans les cas o\u00f9 les demandeurs potentiels souhaitent intenter un recours collectif contre plus d\u2019un d\u00e9fendeur, le principe <em>Ragoonanan<\/em> exige qu\u2019au moins un demandeur ait une r\u00e9clamation personnelle contre chaque d\u00e9fendeur nomm\u00e9; sinon, un tribunal ne peut pas permettre qu\u2019un recours collectif propos\u00e9 soit poursuivi. Par exemple, dans <em>G.G.<\/em>, deux plaignants ont tent\u00e9 d\u2019intenter un recours collectif contre le gouvernement de l\u2019Ontario et toutes les soci\u00e9t\u00e9s d\u2019aide \u00e0 l\u2019enfance de l\u2019Ontario (\u00ab CAS \u00bb) pour avoir mis en \u0153uvre une politique d&rsquo;\u00ab alertes naissance \u00bb qui touchait de mani\u00e8re disproportionn\u00e9e les parents racialis\u00e9s et marginalis\u00e9s. Cependant, puisque les demandeurs n\u2019ont des r\u00e9clamations que contre deux des 49 CAS, le juge de la demande a estim\u00e9 qu\u2019ils ne pouvaient pas intenter un recours collectif contre les 47 restants. Le r\u00e9sultat est que ces entit\u00e9s pourraient \u00e9chapper \u00e0 toute responsabilit\u00e9, malgr\u00e9 le fait qu\u2019elles aient appliqu\u00e9 la m\u00eame politique discriminatoire descendante contre laquelle les demandeurs cherchent r\u00e9paration.   <\/p>\n<p>Le principe <em>Ragoonanan<\/em> visait initialement \u00e0 prot\u00e9ger les accus\u00e9s innocents contre le fardeau des recours collectifs sp\u00e9culatifs, mais il d\u00e9passe cet objectif. En exigeant qu\u2019un demandeur repr\u00e9sentatif ait une cause<em> d\u2019action personnelle <\/em>contre chaque d\u00e9fendeur nomm\u00e9, m\u00eame lorsque le d\u00e9fendeur est impliqu\u00e9 dans des pratiques syst\u00e9miques mettant les groupes vuln\u00e9rables en danger, le principe <em>de Ragoonanan <\/em>peut prot\u00e9ger ceux responsables de la cr\u00e9ation et du fonctionnement de syst\u00e8mes discriminatoires et nuisibles de toute responsabilit\u00e9. En cons\u00e9quence, le principe <em>Ragoonanan <\/em>a la capacit\u00e9 de perp\u00e9tuer le d\u00e9s\u00e9quilibre de pouvoir et l\u2019impunit\u00e9 m\u00eames qui donnent lieu \u00e0 des recours collectifs contre des d\u00e9fendeurs puissants, y compris l\u2019\u00c9tat et les entit\u00e9s qui exercent des fonctions gouvernementales.  <\/p>\n<p>La CCLA soutiendra aujourd\u2019hui qu\u2019il n\u2019existe aucune base fond\u00e9e pour d\u00e9fendre le principe <em>Ragoonanan <\/em>: le test de certification existant \u00e9limine les r\u00e9clamations sp\u00e9culatives, et le r\u00e9gime ontarien de \u00ab perdant paie \u00bb d\u00e9courage la poursuite de proc\u00e9dures collectives non fond\u00e9es.<\/p>\n<p>Cliquez <a href=\"https:\/\/dev.ccla.org\/wp-content\/uploads\/2026\/03\/2026-03-12-FOI.COA-25-CV-0958-CCLA.pdf\">ici<\/a> pour lire les faits de la CCLA.<\/p>\n<p>La CCLA est immens\u00e9ment reconnaissante pour les services juridiques pro bono exceptionnels de Golnaz Nayerahmadi et Jessica Marshall de Rochon Genova LLP.[\/vc_column_text][\/vc_column][\/vc_row][vc_row type=\u00a0\u00bbin_container\u00a0\u00bb full_screen_row_position=\u00a0\u00bbmiddle\u00a0\u00bb column_margin=\u00a0\u00bbdefault\u00a0\u00bb column_direction=\u00a0\u00bbdefault\u00a0\u00bb column_direction_tablet=\u00a0\u00bbdefault\u00a0\u00bb column_direction_phone=\u00a0\u00bbdefault\u00a0\u00bb scene_position=\u00a0\u00bbcenter\u00a0\u00bb text_color=\u00a0\u00bbdark\u00a0\u00bb text_align=\u00a0\u00bbleft\u00a0\u00bb row_border_radius=\u00a0\u00bbnone\u00a0\u00bb row_border_radius_applies=\u00a0\u00bbbg\u00a0\u00bb overflow=\u00a0\u00bbvisible\u00a0\u00bb overlay_strength=\u00a0\u00bb0.3&Prime; gradient_direction=\u00a0\u00bbleft_to_right\u00a0\u00bb shape_divider_position=\u00a0\u00bbbottom\u00a0\u00bb bg_image_animation=\u00a0\u00bbnone\u00a0\u00bb][vc_column column_padding=\u00a0\u00bbno-extra-padding\u00a0\u00bb column_padding_tablet=\u00a0\u00bbinherit\u00a0\u00bb column_padding_phone=\u00a0\u00bbinherit\u00a0\u00bb column_padding_position=\u00a0\u00bball\u00a0\u00bb column_element_direction_desktop=\u00a0\u00bbdefault\u00a0\u00bb column_element_spacing=\u00a0\u00bbdefault\u00a0\u00bb desktop_text_alignment=\u00a0\u00bbdefault\u00a0\u00bb tablet_text_alignment=\u00a0\u00bbdefault\u00a0\u00bb phone_text_alignment=\u00a0\u00bbdefault\u00a0\u00bb background_color_opacity=\u00a0\u00bb1&Prime; background_hover_color_opacity=\u00a0\u00bb1&Prime; column_backdrop_filter=\u00a0\u00bbnone\u00a0\u00bb column_shadow=\u00a0\u00bbnone\u00a0\u00bb column_border_radius=\u00a0\u00bbnone\u00a0\u00bb column_link_target=\u00a0\u00bb_self\u00a0\u00bb column_position=\u00a0\u00bbdefault\u00a0\u00bb gradient_direction=\u00a0\u00bbleft_to_right\u00a0\u00bb overlay_strength=\u00a0\u00bb0.3&Prime; width=\u00a0\u00bb1\/1&Prime; tablet_width_inherit=\u00a0\u00bbdefault\u00a0\u00bb animation_type=\u00a0\u00bbdefault\u00a0\u00bb bg_image_animation=\u00a0\u00bbnone\u00a0\u00bb border_type=\u00a0\u00bbsimple\u00a0\u00bb column_border_width=\u00a0\u00bbnone\u00a0\u00bb column_border_style=\u00a0\u00bbsolid\u00a0\u00bb][nectar_global_section id=\u00a0\u00bb1461&Prime;][\/vc_column][\/vc_row]\n","protected":false},"excerpt":{"rendered":"<p>[vc_row type=\u00a0\u00bbin_container\u00a0\u00bb full_screen_row_position=\u00a0\u00bbmiddle\u00a0\u00bb column_margin=\u00a0\u00bbdefault\u00a0\u00bb column_direction=\u00a0\u00bbdefault\u00a0\u00bb column_direction_tablet=\u00a0\u00bbdefault\u00a0\u00bb column_direction_phone=\u00a0\u00bbdefault\u00a0\u00bb scene_position=\u00a0\u00bbcenter\u00a0\u00bb text_color=\u00a0\u00bbdark\u00a0\u00bb text_align=\u00a0\u00bbleft\u00a0\u00bb row_border_radius=\u00a0\u00bbnone\u00a0\u00bb row_border_radius_applies=\u00a0\u00bbbg\u00a0\u00bb overflow=\u00a0\u00bbvisible\u00a0\u00bb overlay_strength=\u00a0\u00bb0.3&Prime; gradient_direction=\u00a0\u00bbleft_to_right\u00a0\u00bb shape_divider_position=\u00a0\u00bbbottom\u00a0\u00bb bg_image_animation=\u00a0\u00bbnone\u00a0\u00bb][vc_column column_padding=\u00a0\u00bbno-extra-padding\u00a0\u00bb column_padding_tablet=\u00a0\u00bbinherit\u00a0\u00bb column_padding_phone=\u00a0\u00bbinherit\u00a0\u00bb column_padding_position=\u00a0\u00bball\u00a0\u00bb column_element_direction_desktop=\u00a0\u00bbdefault\u00a0\u00bb column_element_spacing=\u00a0\u00bbdefault\u00a0\u00bb desktop_text_alignment=\u00a0\u00bbdefault\u00a0\u00bb tablet_text_alignment=\u00a0\u00bbdefault\u00a0\u00bb phone_text_alignment=\u00a0\u00bbdefault\u00a0\u00bb background_color_opacity=\u00a0\u00bb1&Prime; background_hover_color_opacity=\u00a0\u00bb1&Prime; column_backdrop_filter=\u00a0\u00bbnone\u00a0\u00bb column_shadow=\u00a0\u00bbnone\u00a0\u00bb&#8230;<\/p>\n","protected":false},"author":25,"featured_media":12489,"comment_status":"closed","ping_status":"closed","sticky":false,"template":"","format":"standard","meta":{"footnotes":""},"categories":[268,273],"tags":[],"class_list":{"0":"post-14456","1":"post","2":"type-post","3":"status-publish","4":"format-standard","5":"has-post-thumbnail","7":"category-communiques-de-presse","8":"category-libertes-fondamentales"},"yoast_head":"<!-- This site is optimized with the Yoast SEO plugin v27.4 - https:\/\/yoast.com\/product\/yoast-seo-wordpress\/ -->\n<title>La CCLA intervient dans un appel d\u00e9cisif concernant l\u2019accessibilit\u00e9 des recours collectifs pour les communaut\u00e9s vuln\u00e9rables - CCLA<\/title>\n<meta name=\"robots\" content=\"noindex, follow, max-snippet:-1, max-image-preview:large, max-video-preview:-1\" \/>\n<meta property=\"og:locale\" content=\"fr_CA\" \/>\n<meta property=\"og:type\" content=\"article\" \/>\n<meta property=\"og:title\" content=\"La CCLA intervient dans un appel d\u00e9cisif concernant l\u2019accessibilit\u00e9 des recours collectifs pour les communaut\u00e9s vuln\u00e9rables - CCLA\" \/>\n<meta property=\"og:description\" content=\"[vc_row type=\u00a0\u00bbin_container\u00a0\u00bb full_screen_row_position=\u00a0\u00bbmiddle\u00a0\u00bb column_margin=\u00a0\u00bbdefault\u00a0\u00bb column_direction=\u00a0\u00bbdefault\u00a0\u00bb column_direction_tablet=\u00a0\u00bbdefault\u00a0\u00bb column_direction_phone=\u00a0\u00bbdefault\u00a0\u00bb scene_position=\u00a0\u00bbcenter\u00a0\u00bb text_color=\u00a0\u00bbdark\u00a0\u00bb text_align=\u00a0\u00bbleft\u00a0\u00bb row_border_radius=\u00a0\u00bbnone\u00a0\u00bb row_border_radius_applies=\u00a0\u00bbbg\u00a0\u00bb overflow=\u00a0\u00bbvisible\u00a0\u00bb overlay_strength=\u00a0\u00bb0.3&Prime; gradient_direction=\u00a0\u00bbleft_to_right\u00a0\u00bb shape_divider_position=\u00a0\u00bbbottom\u00a0\u00bb bg_image_animation=\u00a0\u00bbnone\u00a0\u00bb][vc_column column_padding=\u00a0\u00bbno-extra-padding\u00a0\u00bb column_padding_tablet=\u00a0\u00bbinherit\u00a0\u00bb column_padding_phone=\u00a0\u00bbinherit\u00a0\u00bb column_padding_position=\u00a0\u00bball\u00a0\u00bb column_element_direction_desktop=\u00a0\u00bbdefault\u00a0\u00bb column_element_spacing=\u00a0\u00bbdefault\u00a0\u00bb desktop_text_alignment=\u00a0\u00bbdefault\u00a0\u00bb tablet_text_alignment=\u00a0\u00bbdefault\u00a0\u00bb phone_text_alignment=\u00a0\u00bbdefault\u00a0\u00bb background_color_opacity=\u00a0\u00bb1&Prime; background_hover_color_opacity=\u00a0\u00bb1&Prime; column_backdrop_filter=\u00a0\u00bbnone\u00a0\u00bb column_shadow=\u00a0\u00bbnone\u00a0\u00bb...\" \/>\n<meta property=\"og:url\" content=\"https:\/\/dev.ccla.org\/fr\/communiques-de-presse\/la-ccla-intervient-dans-un-appel-decisif-concernant-laccessibilite-des-recours-collectifs-pour-les-communautes-vulnerables\/\" \/>\n<meta property=\"og:site_name\" content=\"CCLA\" \/>\n<meta property=\"article:published_time\" content=\"2026-03-16T15:27:31+00:00\" \/>\n<meta property=\"article:modified_time\" content=\"2026-04-23T18:20:29+00:00\" \/>\n<meta property=\"og:image\" content=\"https:\/\/dev.ccla.org\/wp-content\/uploads\/2021\/07\/FairTrial-judge-on-the-bench-in-a-court-room-8NYMWCP.jpg\" \/>\n\t<meta property=\"og:image:width\" content=\"2000\" \/>\n\t<meta property=\"og:image:height\" content=\"800\" \/>\n\t<meta property=\"og:image:type\" content=\"image\/jpeg\" \/>\n<meta name=\"author\" content=\"Ana\u00efs Bussi\u00e8res McNicoll\" \/>\n<meta name=\"twitter:card\" content=\"summary_large_image\" \/>\n<meta name=\"twitter:label1\" content=\"\u00c9crit par\" \/>\n\t<meta name=\"twitter:data1\" content=\"Ana\u00efs Bussi\u00e8res McNicoll\" \/>\n\t<meta name=\"twitter:label2\" content=\"Estimation du temps de lecture\" \/>\n\t<meta name=\"twitter:data2\" content=\"5 minutes\" \/>\n<script type=\"application\/ld+json\" class=\"yoast-schema-graph\">{\"@context\":\"https:\\\/\\\/schema.org\",\"@graph\":[{\"@type\":\"Article\",\"@id\":\"https:\\\/\\\/dev.ccla.org\\\/fr\\\/communiques-de-presse\\\/la-ccla-intervient-dans-un-appel-decisif-concernant-laccessibilite-des-recours-collectifs-pour-les-communautes-vulnerables\\\/#article\",\"isPartOf\":{\"@id\":\"https:\\\/\\\/dev.ccla.org\\\/fr\\\/communiques-de-presse\\\/la-ccla-intervient-dans-un-appel-decisif-concernant-laccessibilite-des-recours-collectifs-pour-les-communautes-vulnerables\\\/\"},\"author\":{\"name\":\"Ana\u00efs Bussi\u00e8res McNicoll\",\"@id\":\"https:\\\/\\\/dev.ccla.org\\\/fr\\\/#\\\/schema\\\/person\\\/bfc170eb14c75c2d04b85ef55444982f\"},\"headline\":\"La CCLA intervient dans un appel d\u00e9cisif concernant l\u2019accessibilit\u00e9 des recours collectifs pour les communaut\u00e9s vuln\u00e9rables\",\"datePublished\":\"2026-03-16T15:27:31+00:00\",\"dateModified\":\"2026-04-23T18:20:29+00:00\",\"mainEntityOfPage\":{\"@id\":\"https:\\\/\\\/dev.ccla.org\\\/fr\\\/communiques-de-presse\\\/la-ccla-intervient-dans-un-appel-decisif-concernant-laccessibilite-des-recours-collectifs-pour-les-communautes-vulnerables\\\/\"},\"wordCount\":986,\"image\":{\"@id\":\"https:\\\/\\\/dev.ccla.org\\\/fr\\\/communiques-de-presse\\\/la-ccla-intervient-dans-un-appel-decisif-concernant-laccessibilite-des-recours-collectifs-pour-les-communautes-vulnerables\\\/#primaryimage\"},\"thumbnailUrl\":\"https:\\\/\\\/dev.ccla.org\\\/wp-content\\\/uploads\\\/2021\\\/07\\\/FairTrial-judge-on-the-bench-in-a-court-room-8NYMWCP.jpg\",\"articleSection\":[\"COMMUNIQU\u00c9S DE PRESSE\",\"LIBERT\u00c9S FONDAMENTALES\"],\"inLanguage\":\"fr-CA\"},{\"@type\":\"WebPage\",\"@id\":\"https:\\\/\\\/dev.ccla.org\\\/fr\\\/communiques-de-presse\\\/la-ccla-intervient-dans-un-appel-decisif-concernant-laccessibilite-des-recours-collectifs-pour-les-communautes-vulnerables\\\/\",\"url\":\"https:\\\/\\\/dev.ccla.org\\\/fr\\\/communiques-de-presse\\\/la-ccla-intervient-dans-un-appel-decisif-concernant-laccessibilite-des-recours-collectifs-pour-les-communautes-vulnerables\\\/\",\"name\":\"La CCLA intervient dans un appel d\u00e9cisif concernant l\u2019accessibilit\u00e9 des recours collectifs pour les communaut\u00e9s vuln\u00e9rables - CCLA\",\"isPartOf\":{\"@id\":\"https:\\\/\\\/dev.ccla.org\\\/fr\\\/#website\"},\"primaryImageOfPage\":{\"@id\":\"https:\\\/\\\/dev.ccla.org\\\/fr\\\/communiques-de-presse\\\/la-ccla-intervient-dans-un-appel-decisif-concernant-laccessibilite-des-recours-collectifs-pour-les-communautes-vulnerables\\\/#primaryimage\"},\"image\":{\"@id\":\"https:\\\/\\\/dev.ccla.org\\\/fr\\\/communiques-de-presse\\\/la-ccla-intervient-dans-un-appel-decisif-concernant-laccessibilite-des-recours-collectifs-pour-les-communautes-vulnerables\\\/#primaryimage\"},\"thumbnailUrl\":\"https:\\\/\\\/dev.ccla.org\\\/wp-content\\\/uploads\\\/2021\\\/07\\\/FairTrial-judge-on-the-bench-in-a-court-room-8NYMWCP.jpg\",\"datePublished\":\"2026-03-16T15:27:31+00:00\",\"dateModified\":\"2026-04-23T18:20:29+00:00\",\"author\":{\"@id\":\"https:\\\/\\\/dev.ccla.org\\\/fr\\\/#\\\/schema\\\/person\\\/bfc170eb14c75c2d04b85ef55444982f\"},\"breadcrumb\":{\"@id\":\"https:\\\/\\\/dev.ccla.org\\\/fr\\\/communiques-de-presse\\\/la-ccla-intervient-dans-un-appel-decisif-concernant-laccessibilite-des-recours-collectifs-pour-les-communautes-vulnerables\\\/#breadcrumb\"},\"inLanguage\":\"fr-CA\",\"potentialAction\":[{\"@type\":\"ReadAction\",\"target\":[\"https:\\\/\\\/dev.ccla.org\\\/fr\\\/communiques-de-presse\\\/la-ccla-intervient-dans-un-appel-decisif-concernant-laccessibilite-des-recours-collectifs-pour-les-communautes-vulnerables\\\/\"]}]},{\"@type\":\"ImageObject\",\"inLanguage\":\"fr-CA\",\"@id\":\"https:\\\/\\\/dev.ccla.org\\\/fr\\\/communiques-de-presse\\\/la-ccla-intervient-dans-un-appel-decisif-concernant-laccessibilite-des-recours-collectifs-pour-les-communautes-vulnerables\\\/#primaryimage\",\"url\":\"https:\\\/\\\/dev.ccla.org\\\/wp-content\\\/uploads\\\/2021\\\/07\\\/FairTrial-judge-on-the-bench-in-a-court-room-8NYMWCP.jpg\",\"contentUrl\":\"https:\\\/\\\/dev.ccla.org\\\/wp-content\\\/uploads\\\/2021\\\/07\\\/FairTrial-judge-on-the-bench-in-a-court-room-8NYMWCP.jpg\",\"width\":2000,\"height\":800},{\"@type\":\"BreadcrumbList\",\"@id\":\"https:\\\/\\\/dev.ccla.org\\\/fr\\\/communiques-de-presse\\\/la-ccla-intervient-dans-un-appel-decisif-concernant-laccessibilite-des-recours-collectifs-pour-les-communautes-vulnerables\\\/#breadcrumb\",\"itemListElement\":[{\"@type\":\"ListItem\",\"position\":1,\"name\":\"Home\",\"item\":\"https:\\\/\\\/dev.ccla.org\\\/fr\\\/accueil\\\/\"},{\"@type\":\"ListItem\",\"position\":2,\"name\":\"Non class\u00e9\",\"item\":\"https:\\\/\\\/dev.ccla.org\\\/fr\\\/category\\\/non-classe\\\/\"},{\"@type\":\"ListItem\",\"position\":3,\"name\":\"La CCLA intervient dans un appel d\u00e9cisif concernant l\u2019accessibilit\u00e9 des recours collectifs pour les communaut\u00e9s vuln\u00e9rables\"}]},{\"@type\":\"WebSite\",\"@id\":\"https:\\\/\\\/dev.ccla.org\\\/fr\\\/#website\",\"url\":\"https:\\\/\\\/dev.ccla.org\\\/fr\\\/\",\"name\":\"CCLA\",\"description\":\"\",\"potentialAction\":[{\"@type\":\"SearchAction\",\"target\":{\"@type\":\"EntryPoint\",\"urlTemplate\":\"https:\\\/\\\/dev.ccla.org\\\/fr\\\/?s={search_term_string}\"},\"query-input\":{\"@type\":\"PropertyValueSpecification\",\"valueRequired\":true,\"valueName\":\"search_term_string\"}}],\"inLanguage\":\"fr-CA\"},{\"@type\":\"Person\",\"@id\":\"https:\\\/\\\/dev.ccla.org\\\/fr\\\/#\\\/schema\\\/person\\\/bfc170eb14c75c2d04b85ef55444982f\",\"name\":\"Ana\u00efs Bussi\u00e8res McNicoll\",\"image\":{\"@type\":\"ImageObject\",\"inLanguage\":\"fr-CA\",\"@id\":\"https:\\\/\\\/secure.gravatar.com\\\/avatar\\\/eb96de3b8e0e64121c13cd17c4164d9950cee66c6f879f4acf9d71b8d39aad78?s=96&d=blank&r=g\",\"url\":\"https:\\\/\\\/secure.gravatar.com\\\/avatar\\\/eb96de3b8e0e64121c13cd17c4164d9950cee66c6f879f4acf9d71b8d39aad78?s=96&d=blank&r=g\",\"contentUrl\":\"https:\\\/\\\/secure.gravatar.com\\\/avatar\\\/eb96de3b8e0e64121c13cd17c4164d9950cee66c6f879f4acf9d71b8d39aad78?s=96&d=blank&r=g\",\"caption\":\"Ana\u00efs Bussi\u00e8res McNicoll\"},\"url\":\"https:\\\/\\\/dev.ccla.org\\\/fr\\\/author\\\/anais\\\/\"}]}<\/script>\n<!-- \/ Yoast SEO plugin. -->","yoast_head_json":{"title":"La CCLA intervient dans un appel d\u00e9cisif concernant l\u2019accessibilit\u00e9 des recours collectifs pour les communaut\u00e9s vuln\u00e9rables - CCLA","robots":{"index":"noindex","follow":"follow","max-snippet":"max-snippet:-1","max-image-preview":"max-image-preview:large","max-video-preview":"max-video-preview:-1"},"og_locale":"fr_CA","og_type":"article","og_title":"La CCLA intervient dans un appel d\u00e9cisif concernant l\u2019accessibilit\u00e9 des recours collectifs pour les communaut\u00e9s vuln\u00e9rables - CCLA","og_description":"[vc_row type=\u00a0\u00bbin_container\u00a0\u00bb full_screen_row_position=\u00a0\u00bbmiddle\u00a0\u00bb column_margin=\u00a0\u00bbdefault\u00a0\u00bb column_direction=\u00a0\u00bbdefault\u00a0\u00bb column_direction_tablet=\u00a0\u00bbdefault\u00a0\u00bb column_direction_phone=\u00a0\u00bbdefault\u00a0\u00bb scene_position=\u00a0\u00bbcenter\u00a0\u00bb text_color=\u00a0\u00bbdark\u00a0\u00bb text_align=\u00a0\u00bbleft\u00a0\u00bb row_border_radius=\u00a0\u00bbnone\u00a0\u00bb row_border_radius_applies=\u00a0\u00bbbg\u00a0\u00bb overflow=\u00a0\u00bbvisible\u00a0\u00bb overlay_strength=\u00a0\u00bb0.3&Prime; gradient_direction=\u00a0\u00bbleft_to_right\u00a0\u00bb shape_divider_position=\u00a0\u00bbbottom\u00a0\u00bb bg_image_animation=\u00a0\u00bbnone\u00a0\u00bb][vc_column column_padding=\u00a0\u00bbno-extra-padding\u00a0\u00bb column_padding_tablet=\u00a0\u00bbinherit\u00a0\u00bb column_padding_phone=\u00a0\u00bbinherit\u00a0\u00bb column_padding_position=\u00a0\u00bball\u00a0\u00bb column_element_direction_desktop=\u00a0\u00bbdefault\u00a0\u00bb column_element_spacing=\u00a0\u00bbdefault\u00a0\u00bb desktop_text_alignment=\u00a0\u00bbdefault\u00a0\u00bb tablet_text_alignment=\u00a0\u00bbdefault\u00a0\u00bb phone_text_alignment=\u00a0\u00bbdefault\u00a0\u00bb background_color_opacity=\u00a0\u00bb1&Prime; background_hover_color_opacity=\u00a0\u00bb1&Prime; column_backdrop_filter=\u00a0\u00bbnone\u00a0\u00bb column_shadow=\u00a0\u00bbnone\u00a0\u00bb...","og_url":"https:\/\/dev.ccla.org\/fr\/communiques-de-presse\/la-ccla-intervient-dans-un-appel-decisif-concernant-laccessibilite-des-recours-collectifs-pour-les-communautes-vulnerables\/","og_site_name":"CCLA","article_published_time":"2026-03-16T15:27:31+00:00","article_modified_time":"2026-04-23T18:20:29+00:00","og_image":[{"width":2000,"height":800,"url":"https:\/\/dev.ccla.org\/wp-content\/uploads\/2021\/07\/FairTrial-judge-on-the-bench-in-a-court-room-8NYMWCP.jpg","type":"image\/jpeg"}],"author":"Ana\u00efs Bussi\u00e8res McNicoll","twitter_card":"summary_large_image","twitter_misc":{"\u00c9crit par":"Ana\u00efs Bussi\u00e8res McNicoll","Estimation du temps de lecture":"5 minutes"},"schema":{"@context":"https:\/\/schema.org","@graph":[{"@type":"Article","@id":"https:\/\/dev.ccla.org\/fr\/communiques-de-presse\/la-ccla-intervient-dans-un-appel-decisif-concernant-laccessibilite-des-recours-collectifs-pour-les-communautes-vulnerables\/#article","isPartOf":{"@id":"https:\/\/dev.ccla.org\/fr\/communiques-de-presse\/la-ccla-intervient-dans-un-appel-decisif-concernant-laccessibilite-des-recours-collectifs-pour-les-communautes-vulnerables\/"},"author":{"name":"Ana\u00efs Bussi\u00e8res McNicoll","@id":"https:\/\/dev.ccla.org\/fr\/#\/schema\/person\/bfc170eb14c75c2d04b85ef55444982f"},"headline":"La CCLA intervient dans un appel d\u00e9cisif concernant l\u2019accessibilit\u00e9 des recours collectifs pour les communaut\u00e9s vuln\u00e9rables","datePublished":"2026-03-16T15:27:31+00:00","dateModified":"2026-04-23T18:20:29+00:00","mainEntityOfPage":{"@id":"https:\/\/dev.ccla.org\/fr\/communiques-de-presse\/la-ccla-intervient-dans-un-appel-decisif-concernant-laccessibilite-des-recours-collectifs-pour-les-communautes-vulnerables\/"},"wordCount":986,"image":{"@id":"https:\/\/dev.ccla.org\/fr\/communiques-de-presse\/la-ccla-intervient-dans-un-appel-decisif-concernant-laccessibilite-des-recours-collectifs-pour-les-communautes-vulnerables\/#primaryimage"},"thumbnailUrl":"https:\/\/dev.ccla.org\/wp-content\/uploads\/2021\/07\/FairTrial-judge-on-the-bench-in-a-court-room-8NYMWCP.jpg","articleSection":["COMMUNIQU\u00c9S DE PRESSE","LIBERT\u00c9S FONDAMENTALES"],"inLanguage":"fr-CA"},{"@type":"WebPage","@id":"https:\/\/dev.ccla.org\/fr\/communiques-de-presse\/la-ccla-intervient-dans-un-appel-decisif-concernant-laccessibilite-des-recours-collectifs-pour-les-communautes-vulnerables\/","url":"https:\/\/dev.ccla.org\/fr\/communiques-de-presse\/la-ccla-intervient-dans-un-appel-decisif-concernant-laccessibilite-des-recours-collectifs-pour-les-communautes-vulnerables\/","name":"La CCLA intervient dans un appel d\u00e9cisif concernant l\u2019accessibilit\u00e9 des recours collectifs pour les communaut\u00e9s vuln\u00e9rables - CCLA","isPartOf":{"@id":"https:\/\/dev.ccla.org\/fr\/#website"},"primaryImageOfPage":{"@id":"https:\/\/dev.ccla.org\/fr\/communiques-de-presse\/la-ccla-intervient-dans-un-appel-decisif-concernant-laccessibilite-des-recours-collectifs-pour-les-communautes-vulnerables\/#primaryimage"},"image":{"@id":"https:\/\/dev.ccla.org\/fr\/communiques-de-presse\/la-ccla-intervient-dans-un-appel-decisif-concernant-laccessibilite-des-recours-collectifs-pour-les-communautes-vulnerables\/#primaryimage"},"thumbnailUrl":"https:\/\/dev.ccla.org\/wp-content\/uploads\/2021\/07\/FairTrial-judge-on-the-bench-in-a-court-room-8NYMWCP.jpg","datePublished":"2026-03-16T15:27:31+00:00","dateModified":"2026-04-23T18:20:29+00:00","author":{"@id":"https:\/\/dev.ccla.org\/fr\/#\/schema\/person\/bfc170eb14c75c2d04b85ef55444982f"},"breadcrumb":{"@id":"https:\/\/dev.ccla.org\/fr\/communiques-de-presse\/la-ccla-intervient-dans-un-appel-decisif-concernant-laccessibilite-des-recours-collectifs-pour-les-communautes-vulnerables\/#breadcrumb"},"inLanguage":"fr-CA","potentialAction":[{"@type":"ReadAction","target":["https:\/\/dev.ccla.org\/fr\/communiques-de-presse\/la-ccla-intervient-dans-un-appel-decisif-concernant-laccessibilite-des-recours-collectifs-pour-les-communautes-vulnerables\/"]}]},{"@type":"ImageObject","inLanguage":"fr-CA","@id":"https:\/\/dev.ccla.org\/fr\/communiques-de-presse\/la-ccla-intervient-dans-un-appel-decisif-concernant-laccessibilite-des-recours-collectifs-pour-les-communautes-vulnerables\/#primaryimage","url":"https:\/\/dev.ccla.org\/wp-content\/uploads\/2021\/07\/FairTrial-judge-on-the-bench-in-a-court-room-8NYMWCP.jpg","contentUrl":"https:\/\/dev.ccla.org\/wp-content\/uploads\/2021\/07\/FairTrial-judge-on-the-bench-in-a-court-room-8NYMWCP.jpg","width":2000,"height":800},{"@type":"BreadcrumbList","@id":"https:\/\/dev.ccla.org\/fr\/communiques-de-presse\/la-ccla-intervient-dans-un-appel-decisif-concernant-laccessibilite-des-recours-collectifs-pour-les-communautes-vulnerables\/#breadcrumb","itemListElement":[{"@type":"ListItem","position":1,"name":"Home","item":"https:\/\/dev.ccla.org\/fr\/accueil\/"},{"@type":"ListItem","position":2,"name":"Non class\u00e9","item":"https:\/\/dev.ccla.org\/fr\/category\/non-classe\/"},{"@type":"ListItem","position":3,"name":"La CCLA intervient dans un appel d\u00e9cisif concernant l\u2019accessibilit\u00e9 des recours collectifs pour les communaut\u00e9s vuln\u00e9rables"}]},{"@type":"WebSite","@id":"https:\/\/dev.ccla.org\/fr\/#website","url":"https:\/\/dev.ccla.org\/fr\/","name":"CCLA","description":"","potentialAction":[{"@type":"SearchAction","target":{"@type":"EntryPoint","urlTemplate":"https:\/\/dev.ccla.org\/fr\/?s={search_term_string}"},"query-input":{"@type":"PropertyValueSpecification","valueRequired":true,"valueName":"search_term_string"}}],"inLanguage":"fr-CA"},{"@type":"Person","@id":"https:\/\/dev.ccla.org\/fr\/#\/schema\/person\/bfc170eb14c75c2d04b85ef55444982f","name":"Ana\u00efs Bussi\u00e8res McNicoll","image":{"@type":"ImageObject","inLanguage":"fr-CA","@id":"https:\/\/secure.gravatar.com\/avatar\/eb96de3b8e0e64121c13cd17c4164d9950cee66c6f879f4acf9d71b8d39aad78?s=96&d=blank&r=g","url":"https:\/\/secure.gravatar.com\/avatar\/eb96de3b8e0e64121c13cd17c4164d9950cee66c6f879f4acf9d71b8d39aad78?s=96&d=blank&r=g","contentUrl":"https:\/\/secure.gravatar.com\/avatar\/eb96de3b8e0e64121c13cd17c4164d9950cee66c6f879f4acf9d71b8d39aad78?s=96&d=blank&r=g","caption":"Ana\u00efs Bussi\u00e8res McNicoll"},"url":"https:\/\/dev.ccla.org\/fr\/author\/anais\/"}]}},"_links":{"self":[{"href":"https:\/\/dev.ccla.org\/fr\/wp-json\/wp\/v2\/posts\/14456","targetHints":{"allow":["GET"]}}],"collection":[{"href":"https:\/\/dev.ccla.org\/fr\/wp-json\/wp\/v2\/posts"}],"about":[{"href":"https:\/\/dev.ccla.org\/fr\/wp-json\/wp\/v2\/types\/post"}],"author":[{"embeddable":true,"href":"https:\/\/dev.ccla.org\/fr\/wp-json\/wp\/v2\/users\/25"}],"replies":[{"embeddable":true,"href":"https:\/\/dev.ccla.org\/fr\/wp-json\/wp\/v2\/comments?post=14456"}],"version-history":[{"count":1,"href":"https:\/\/dev.ccla.org\/fr\/wp-json\/wp\/v2\/posts\/14456\/revisions"}],"predecessor-version":[{"id":14462,"href":"https:\/\/dev.ccla.org\/fr\/wp-json\/wp\/v2\/posts\/14456\/revisions\/14462"}],"wp:featuredmedia":[{"embeddable":true,"href":"https:\/\/dev.ccla.org\/fr\/wp-json\/wp\/v2\/media\/12489"}],"wp:attachment":[{"href":"https:\/\/dev.ccla.org\/fr\/wp-json\/wp\/v2\/media?parent=14456"}],"wp:term":[{"taxonomy":"category","embeddable":true,"href":"https:\/\/dev.ccla.org\/fr\/wp-json\/wp\/v2\/categories?post=14456"},{"taxonomy":"post_tag","embeddable":true,"href":"https:\/\/dev.ccla.org\/fr\/wp-json\/wp\/v2\/tags?post=14456"}],"curies":[{"name":"wp","href":"https:\/\/api.w.org\/{rel}","templated":true}]}}