{"id":14383,"date":"2022-06-16T11:54:44","date_gmt":"2022-06-16T15:54:44","guid":{"rendered":"https:\/\/dev.ccla.org\/non-classe\/nouvelle-loi-sur-la-vie-privee-presentee-aujourdhui-ce-que-la-ccla-espere-voir\/"},"modified":"2022-06-16T11:54:44","modified_gmt":"2022-06-16T15:54:44","slug":"nouvelle-loi-sur-la-vie-privee-presentee-aujourdhui-ce-que-la-ccla-espere-voir","status":"publish","type":"post","link":"https:\/\/dev.ccla.org\/fr\/vie-privee\/nouvelle-loi-sur-la-vie-privee-presentee-aujourdhui-ce-que-la-ccla-espere-voir\/","title":{"rendered":"Nouvelle loi sur la vie priv\u00e9e pr\u00e9sent\u00e9e aujourd\u2019hui : ce que la CCLA esp\u00e8re voir"},"content":{"rendered":"<p>La CCLA attend avec impatience une analyse approfondie de la l\u00e9gislation d\u00e9pos\u00e9e aujourd\u2019hui, un projet de loi longuement intitul\u00e9 \u00ab Loi visant \u00e0 adopter la Loi sur la protection de la vie priv\u00e9e des consommateurs, la Loi sur le Tribunal de protection des renseignements personnels et des donn\u00e9es et la Loi sur l\u2019intelligence artificielle et les donn\u00e9es, ainsi qu\u2019\u00e0 apporter des modifications cons\u00e9cutives et connexes \u00e0 d\u2019autres lois. \u00bb<\/p>\n<p>Nous esp\u00e9rons des am\u00e9liorations significatives par rapport \u00e0 la tentative pr\u00e9c\u00e9dente, pr\u00e9sent\u00e9e lors du dernier Parlement sous le nom de projet de loi C-11. Ce projet de loi, pr\u00e9sent\u00e9 comme un moyen de renforcer les protections de la vie priv\u00e9e contre les incursions du secteur priv\u00e9 et un mod\u00e8le d\u2019affaires Internet de plus en plus d\u00e9pendant de flux sans contrainte d\u2019informations personnelles, n\u2019a en grande partie pas \u00e9t\u00e9 \u00e0 la hauteur de cet objectif. En effet, la CCLA partageait l\u2019opinion du commissaire \u00e0 la protection de la vie priv\u00e9e du Canada de l\u2019\u00e9poque, Daniel Therrien, selon laquelle le projet de loi affaiblait \u00e0 la fois les protections de la vie priv\u00e9e et la reddition de comptes envers les organisations avides de nos informations. \u00c0 l\u2019\u00e9poque, j\u2019ai \u00e9crit que le C-11 \u00e9tait \u00ab insuffisant pour r\u00e9pondre \u00e0 la r\u00e9alit\u00e9 selon laquelle les mod\u00e8les d\u2019affaires du 21e si\u00e8cle nous pr\u00e9sentaient non seulement comme des consommateurs, mais comme des consommateurs \u00bb et, de plus, qu\u2019il n\u2019avait pas combl\u00e9 ces failles dans la loi qui avaient laiss\u00e9 des scandales r\u00e9cents impliquant des informations personnelles \u2014 l\u2019affaire Facebook\/Cambridge Analytica tentant de miner les \u00e9lections d\u00e9mocratiques,  la fourniture d\u2019outils de reconnaissance faciale IA Clearview \u00e0 la police \u00e0 travers le pays, l\u2019utilisation non consentie de l\u2019analytique faciale par Cadillac Fairview \u2014 ont \u00e9t\u00e9 emp\u00each\u00e9s \u2014 impunis et impunissables.   <\/p>\n<p>Alors, quelles sont certaines des choses qu\u2019on regarde et qu\u2019on esp\u00e8re?<br \/>\n1. La reconnaissance de la vie priv\u00e9e comme un droit humain, et non simplement un int\u00e9r\u00eat individuel \u00e0 \u00e9quilibrer avec des int\u00e9r\u00eats commerciaux concurrents. Celle-ci est peu probable, mais d\u2019une importance profonde.<br \/>\n2. De meilleurs pouvoirs d\u2019application pour le Bureau du commissaire \u00e0 la protection de la vie priv\u00e9e du Canada, incluant la possibilit\u00e9 d\u2019imposer des sanctions administratives pour les violations du consentement qui ont \u00e9t\u00e9 exclues du r\u00e9gime propos\u00e9 dans le projet de loi C-11.<br \/>\n3. Restreindre la justification des \u00ab activit\u00e9s commerciales \u00bb pour la collecte et l\u2019utilisation de donn\u00e9es qui, dans le C-11, ont vid\u00e9 le concept de consentement sans garanties proportionnelles quant \u00e0 ce qu\u2019une \u00ab activit\u00e9 commerciale raisonnable \u00bb pourrait \u00eatre.<br \/>\n4. Protection explicite et de principe pour les formes sensibles d\u2019information, y compris la biom\u00e9trie (pensez \u00e0 la reconnaissance faciale) et l\u2019information g\u00e9n\u00e9tique, avec une interdiction de toute forme de collecte non consentie.<br \/>\n5. Le droit non seulement d\u2019\u00eatre inform\u00e9 (c\u2019est-\u00e0-dire de la transparence) quand des d\u00e9cisions automatis\u00e9es sont prises \u00e0 notre sujet par l\u2019IA et comment ces d\u00e9cisions sont prises, mais aussi le droit de recourir lorsque l\u2019IA se trompe, y compris pour des d\u00e9cisions discriminatoires.<br \/>\n6. Zones \u00ab interdites \u00bb pour la manipulation comportementale bas\u00e9e sur le profilage granulaire et le ciblage.<br \/>\n7. Directives explicites concernant la d\u00e9sidentification\/anonymisation\/pseudonymisation des renseignements personnels et un cadre permettant d\u2019int\u00e9grer toutes ces cat\u00e9gories dans le champ d\u2019application de la loi avec des protections appropri\u00e9es.<br \/>\n8. Protection sp\u00e9ciale de la vie priv\u00e9e pour les enfants.<br \/>\n9. Couverture explicite des partis politiques canadiens, comme l\u2019ont demand\u00e9 la CCLA et bien d\u2019autres, y compris, plus r\u00e9cemment, \u00c9lections Canada.<\/p>\n<p>Voici la courte liste. Restez \u00e0 l\u2019\u00e9coute. <\/p>\n","protected":false},"excerpt":{"rendered":"<p>La CCLA attend avec impatience une analyse approfondie de la l\u00e9gislation d\u00e9pos\u00e9e aujourd\u2019hui, un projet de loi longuement intitul\u00e9 \u00ab Loi visant \u00e0 adopter la Loi sur la protection de&#8230;<\/p>\n","protected":false},"author":11,"featured_media":0,"comment_status":"closed","ping_status":"closed","sticky":false,"template":"","format":"standard","meta":{"footnotes":""},"categories":[381,278,277],"tags":[],"class_list":{"0":"post-14383","1":"post","2":"type-post","3":"status-publish","4":"format-standard","6":"category-ccpa-projet-de-loi-c-11","7":"category-reforme-des-lois-sur-la-vie-privee","8":"category-vie-privee"},"yoast_head":"<!-- This site is optimized with the Yoast SEO plugin v27.4 - https:\/\/yoast.com\/product\/yoast-seo-wordpress\/ -->\n<title>Nouvelle loi sur la vie priv\u00e9e pr\u00e9sent\u00e9e aujourd\u2019hui : ce que la CCLA esp\u00e8re voir - CCLA<\/title>\n<meta name=\"robots\" content=\"noindex, follow, max-snippet:-1, max-image-preview:large, max-video-preview:-1\" \/>\n<meta property=\"og:locale\" content=\"fr_CA\" \/>\n<meta property=\"og:type\" content=\"article\" \/>\n<meta property=\"og:title\" content=\"Nouvelle loi sur la vie priv\u00e9e pr\u00e9sent\u00e9e aujourd\u2019hui : ce que la CCLA esp\u00e8re voir - CCLA\" \/>\n<meta property=\"og:description\" content=\"La CCLA attend avec impatience une analyse approfondie de la l\u00e9gislation d\u00e9pos\u00e9e aujourd\u2019hui, un projet de loi longuement intitul\u00e9 \u00ab Loi visant \u00e0 adopter la Loi sur la protection de...\" \/>\n<meta property=\"og:url\" content=\"https:\/\/dev.ccla.org\/fr\/vie-privee\/nouvelle-loi-sur-la-vie-privee-presentee-aujourdhui-ce-que-la-ccla-espere-voir\/\" \/>\n<meta property=\"og:site_name\" content=\"CCLA\" \/>\n<meta property=\"article:published_time\" content=\"2022-06-16T15:54:44+00:00\" \/>\n<meta name=\"author\" content=\"Brenda McPhail\" \/>\n<meta name=\"twitter:card\" content=\"summary_large_image\" \/>\n<meta name=\"twitter:creator\" content=\"@Brenda\" \/>\n<meta name=\"twitter:label1\" content=\"\u00c9crit par\" \/>\n\t<meta name=\"twitter:data1\" content=\"Brenda McPhail\" \/>\n\t<meta name=\"twitter:label2\" content=\"Estimation du temps de lecture\" \/>\n\t<meta name=\"twitter:data2\" content=\"3 minutes\" \/>\n<script type=\"application\/ld+json\" class=\"yoast-schema-graph\">{\"@context\":\"https:\\\/\\\/schema.org\",\"@graph\":[{\"@type\":\"Article\",\"@id\":\"https:\\\/\\\/dev.ccla.org\\\/fr\\\/vie-privee\\\/nouvelle-loi-sur-la-vie-privee-presentee-aujourdhui-ce-que-la-ccla-espere-voir\\\/#article\",\"isPartOf\":{\"@id\":\"https:\\\/\\\/dev.ccla.org\\\/fr\\\/vie-privee\\\/nouvelle-loi-sur-la-vie-privee-presentee-aujourdhui-ce-que-la-ccla-espere-voir\\\/\"},\"author\":{\"name\":\"Brenda McPhail\",\"@id\":\"https:\\\/\\\/dev.ccla.org\\\/fr\\\/#\\\/schema\\\/person\\\/df01c0bd709d7a6c260f3b5f332d9d69\"},\"headline\":\"Nouvelle loi sur la vie priv\u00e9e pr\u00e9sent\u00e9e aujourd\u2019hui : ce que la CCLA esp\u00e8re voir\",\"datePublished\":\"2022-06-16T15:54:44+00:00\",\"mainEntityOfPage\":{\"@id\":\"https:\\\/\\\/dev.ccla.org\\\/fr\\\/vie-privee\\\/nouvelle-loi-sur-la-vie-privee-presentee-aujourdhui-ce-que-la-ccla-espere-voir\\\/\"},\"wordCount\":651,\"articleSection\":[\"CCPA (projet de loi C-11)\",\"R\u00e9forme des lois sur la vie priv\u00e9e\",\"VIE PRIV\u00c9E\"],\"inLanguage\":\"fr-CA\"},{\"@type\":\"WebPage\",\"@id\":\"https:\\\/\\\/dev.ccla.org\\\/fr\\\/vie-privee\\\/nouvelle-loi-sur-la-vie-privee-presentee-aujourdhui-ce-que-la-ccla-espere-voir\\\/\",\"url\":\"https:\\\/\\\/dev.ccla.org\\\/fr\\\/vie-privee\\\/nouvelle-loi-sur-la-vie-privee-presentee-aujourdhui-ce-que-la-ccla-espere-voir\\\/\",\"name\":\"Nouvelle loi sur la vie priv\u00e9e pr\u00e9sent\u00e9e aujourd\u2019hui : ce que la CCLA esp\u00e8re voir - CCLA\",\"isPartOf\":{\"@id\":\"https:\\\/\\\/dev.ccla.org\\\/fr\\\/#website\"},\"datePublished\":\"2022-06-16T15:54:44+00:00\",\"author\":{\"@id\":\"https:\\\/\\\/dev.ccla.org\\\/fr\\\/#\\\/schema\\\/person\\\/df01c0bd709d7a6c260f3b5f332d9d69\"},\"breadcrumb\":{\"@id\":\"https:\\\/\\\/dev.ccla.org\\\/fr\\\/vie-privee\\\/nouvelle-loi-sur-la-vie-privee-presentee-aujourdhui-ce-que-la-ccla-espere-voir\\\/#breadcrumb\"},\"inLanguage\":\"fr-CA\",\"potentialAction\":[{\"@type\":\"ReadAction\",\"target\":[\"https:\\\/\\\/dev.ccla.org\\\/fr\\\/vie-privee\\\/nouvelle-loi-sur-la-vie-privee-presentee-aujourdhui-ce-que-la-ccla-espere-voir\\\/\"]}]},{\"@type\":\"BreadcrumbList\",\"@id\":\"https:\\\/\\\/dev.ccla.org\\\/fr\\\/vie-privee\\\/nouvelle-loi-sur-la-vie-privee-presentee-aujourdhui-ce-que-la-ccla-espere-voir\\\/#breadcrumb\",\"itemListElement\":[{\"@type\":\"ListItem\",\"position\":1,\"name\":\"Home\",\"item\":\"https:\\\/\\\/dev.ccla.org\\\/fr\\\/accueil\\\/\"},{\"@type\":\"ListItem\",\"position\":2,\"name\":\"Non class\u00e9\",\"item\":\"https:\\\/\\\/dev.ccla.org\\\/fr\\\/category\\\/non-classe\\\/\"},{\"@type\":\"ListItem\",\"position\":3,\"name\":\"Nouvelle loi sur la vie priv\u00e9e pr\u00e9sent\u00e9e aujourd\u2019hui : ce que la CCLA esp\u00e8re voir\"}]},{\"@type\":\"WebSite\",\"@id\":\"https:\\\/\\\/dev.ccla.org\\\/fr\\\/#website\",\"url\":\"https:\\\/\\\/dev.ccla.org\\\/fr\\\/\",\"name\":\"CCLA\",\"description\":\"\",\"potentialAction\":[{\"@type\":\"SearchAction\",\"target\":{\"@type\":\"EntryPoint\",\"urlTemplate\":\"https:\\\/\\\/dev.ccla.org\\\/fr\\\/?s={search_term_string}\"},\"query-input\":{\"@type\":\"PropertyValueSpecification\",\"valueRequired\":true,\"valueName\":\"search_term_string\"}}],\"inLanguage\":\"fr-CA\"},{\"@type\":\"Person\",\"@id\":\"https:\\\/\\\/dev.ccla.org\\\/fr\\\/#\\\/schema\\\/person\\\/df01c0bd709d7a6c260f3b5f332d9d69\",\"name\":\"Brenda McPhail\",\"image\":{\"@type\":\"ImageObject\",\"inLanguage\":\"fr-CA\",\"@id\":\"https:\\\/\\\/secure.gravatar.com\\\/avatar\\\/b18ffdbbca7e655d025c1ef4c7efccf0fe47586afe268b76b82493c5b4a3d54f?s=96&d=blank&r=g\",\"url\":\"https:\\\/\\\/secure.gravatar.com\\\/avatar\\\/b18ffdbbca7e655d025c1ef4c7efccf0fe47586afe268b76b82493c5b4a3d54f?s=96&d=blank&r=g\",\"contentUrl\":\"https:\\\/\\\/secure.gravatar.com\\\/avatar\\\/b18ffdbbca7e655d025c1ef4c7efccf0fe47586afe268b76b82493c5b4a3d54f?s=96&d=blank&r=g\",\"caption\":\"Brenda McPhail\"},\"sameAs\":[\"https:\\\/\\\/x.com\\\/Brenda\"],\"url\":\"https:\\\/\\\/dev.ccla.org\\\/fr\\\/author\\\/brenda\\\/\"}]}<\/script>\n<!-- \/ Yoast SEO plugin. -->","yoast_head_json":{"title":"Nouvelle loi sur la vie priv\u00e9e pr\u00e9sent\u00e9e aujourd\u2019hui : ce que la CCLA esp\u00e8re voir - CCLA","robots":{"index":"noindex","follow":"follow","max-snippet":"max-snippet:-1","max-image-preview":"max-image-preview:large","max-video-preview":"max-video-preview:-1"},"og_locale":"fr_CA","og_type":"article","og_title":"Nouvelle loi sur la vie priv\u00e9e pr\u00e9sent\u00e9e aujourd\u2019hui : ce que la CCLA esp\u00e8re voir - CCLA","og_description":"La CCLA attend avec impatience une analyse approfondie de la l\u00e9gislation d\u00e9pos\u00e9e aujourd\u2019hui, un projet de loi longuement intitul\u00e9 \u00ab Loi visant \u00e0 adopter la Loi sur la protection de...","og_url":"https:\/\/dev.ccla.org\/fr\/vie-privee\/nouvelle-loi-sur-la-vie-privee-presentee-aujourdhui-ce-que-la-ccla-espere-voir\/","og_site_name":"CCLA","article_published_time":"2022-06-16T15:54:44+00:00","author":"Brenda McPhail","twitter_card":"summary_large_image","twitter_creator":"@Brenda","twitter_misc":{"\u00c9crit par":"Brenda McPhail","Estimation du temps de lecture":"3 minutes"},"schema":{"@context":"https:\/\/schema.org","@graph":[{"@type":"Article","@id":"https:\/\/dev.ccla.org\/fr\/vie-privee\/nouvelle-loi-sur-la-vie-privee-presentee-aujourdhui-ce-que-la-ccla-espere-voir\/#article","isPartOf":{"@id":"https:\/\/dev.ccla.org\/fr\/vie-privee\/nouvelle-loi-sur-la-vie-privee-presentee-aujourdhui-ce-que-la-ccla-espere-voir\/"},"author":{"name":"Brenda McPhail","@id":"https:\/\/dev.ccla.org\/fr\/#\/schema\/person\/df01c0bd709d7a6c260f3b5f332d9d69"},"headline":"Nouvelle loi sur la vie priv\u00e9e pr\u00e9sent\u00e9e aujourd\u2019hui : ce que la CCLA esp\u00e8re voir","datePublished":"2022-06-16T15:54:44+00:00","mainEntityOfPage":{"@id":"https:\/\/dev.ccla.org\/fr\/vie-privee\/nouvelle-loi-sur-la-vie-privee-presentee-aujourdhui-ce-que-la-ccla-espere-voir\/"},"wordCount":651,"articleSection":["CCPA (projet de loi C-11)","R\u00e9forme des lois sur la vie priv\u00e9e","VIE PRIV\u00c9E"],"inLanguage":"fr-CA"},{"@type":"WebPage","@id":"https:\/\/dev.ccla.org\/fr\/vie-privee\/nouvelle-loi-sur-la-vie-privee-presentee-aujourdhui-ce-que-la-ccla-espere-voir\/","url":"https:\/\/dev.ccla.org\/fr\/vie-privee\/nouvelle-loi-sur-la-vie-privee-presentee-aujourdhui-ce-que-la-ccla-espere-voir\/","name":"Nouvelle loi sur la vie priv\u00e9e pr\u00e9sent\u00e9e aujourd\u2019hui : ce que la CCLA esp\u00e8re voir - CCLA","isPartOf":{"@id":"https:\/\/dev.ccla.org\/fr\/#website"},"datePublished":"2022-06-16T15:54:44+00:00","author":{"@id":"https:\/\/dev.ccla.org\/fr\/#\/schema\/person\/df01c0bd709d7a6c260f3b5f332d9d69"},"breadcrumb":{"@id":"https:\/\/dev.ccla.org\/fr\/vie-privee\/nouvelle-loi-sur-la-vie-privee-presentee-aujourdhui-ce-que-la-ccla-espere-voir\/#breadcrumb"},"inLanguage":"fr-CA","potentialAction":[{"@type":"ReadAction","target":["https:\/\/dev.ccla.org\/fr\/vie-privee\/nouvelle-loi-sur-la-vie-privee-presentee-aujourdhui-ce-que-la-ccla-espere-voir\/"]}]},{"@type":"BreadcrumbList","@id":"https:\/\/dev.ccla.org\/fr\/vie-privee\/nouvelle-loi-sur-la-vie-privee-presentee-aujourdhui-ce-que-la-ccla-espere-voir\/#breadcrumb","itemListElement":[{"@type":"ListItem","position":1,"name":"Home","item":"https:\/\/dev.ccla.org\/fr\/accueil\/"},{"@type":"ListItem","position":2,"name":"Non class\u00e9","item":"https:\/\/dev.ccla.org\/fr\/category\/non-classe\/"},{"@type":"ListItem","position":3,"name":"Nouvelle loi sur la vie priv\u00e9e pr\u00e9sent\u00e9e aujourd\u2019hui : ce que la CCLA esp\u00e8re voir"}]},{"@type":"WebSite","@id":"https:\/\/dev.ccla.org\/fr\/#website","url":"https:\/\/dev.ccla.org\/fr\/","name":"CCLA","description":"","potentialAction":[{"@type":"SearchAction","target":{"@type":"EntryPoint","urlTemplate":"https:\/\/dev.ccla.org\/fr\/?s={search_term_string}"},"query-input":{"@type":"PropertyValueSpecification","valueRequired":true,"valueName":"search_term_string"}}],"inLanguage":"fr-CA"},{"@type":"Person","@id":"https:\/\/dev.ccla.org\/fr\/#\/schema\/person\/df01c0bd709d7a6c260f3b5f332d9d69","name":"Brenda McPhail","image":{"@type":"ImageObject","inLanguage":"fr-CA","@id":"https:\/\/secure.gravatar.com\/avatar\/b18ffdbbca7e655d025c1ef4c7efccf0fe47586afe268b76b82493c5b4a3d54f?s=96&d=blank&r=g","url":"https:\/\/secure.gravatar.com\/avatar\/b18ffdbbca7e655d025c1ef4c7efccf0fe47586afe268b76b82493c5b4a3d54f?s=96&d=blank&r=g","contentUrl":"https:\/\/secure.gravatar.com\/avatar\/b18ffdbbca7e655d025c1ef4c7efccf0fe47586afe268b76b82493c5b4a3d54f?s=96&d=blank&r=g","caption":"Brenda McPhail"},"sameAs":["https:\/\/x.com\/Brenda"],"url":"https:\/\/dev.ccla.org\/fr\/author\/brenda\/"}]}},"_links":{"self":[{"href":"https:\/\/dev.ccla.org\/fr\/wp-json\/wp\/v2\/posts\/14383","targetHints":{"allow":["GET"]}}],"collection":[{"href":"https:\/\/dev.ccla.org\/fr\/wp-json\/wp\/v2\/posts"}],"about":[{"href":"https:\/\/dev.ccla.org\/fr\/wp-json\/wp\/v2\/types\/post"}],"author":[{"embeddable":true,"href":"https:\/\/dev.ccla.org\/fr\/wp-json\/wp\/v2\/users\/11"}],"replies":[{"embeddable":true,"href":"https:\/\/dev.ccla.org\/fr\/wp-json\/wp\/v2\/comments?post=14383"}],"version-history":[{"count":0,"href":"https:\/\/dev.ccla.org\/fr\/wp-json\/wp\/v2\/posts\/14383\/revisions"}],"wp:attachment":[{"href":"https:\/\/dev.ccla.org\/fr\/wp-json\/wp\/v2\/media?parent=14383"}],"wp:term":[{"taxonomy":"category","embeddable":true,"href":"https:\/\/dev.ccla.org\/fr\/wp-json\/wp\/v2\/categories?post=14383"},{"taxonomy":"post_tag","embeddable":true,"href":"https:\/\/dev.ccla.org\/fr\/wp-json\/wp\/v2\/tags?post=14383"}],"curies":[{"name":"wp","href":"https:\/\/api.w.org\/{rel}","templated":true}]}}