{"id":14227,"date":"2024-06-11T14:54:57","date_gmt":"2024-06-11T18:54:57","guid":{"rendered":"https:\/\/dev.ccla.org\/non-classe\/la-ccla-se-joint-a-dautres-organisations-pour-exhorter-les-partis-politiques-federaux-a-accepter-que-les-lois-sur-la-vie-privee-sappliquent-a-eux\/"},"modified":"2026-04-23T14:18:44","modified_gmt":"2026-04-23T18:18:44","slug":"la-ccla-se-joint-a-dautres-organisations-pour-exhorter-les-partis-politiques-federaux-a-accepter-que-les-lois-sur-la-vie-privee-sappliquent-a-eux","status":"publish","type":"post","link":"https:\/\/dev.ccla.org\/fr\/vie-privee\/la-ccla-se-joint-a-dautres-organisations-pour-exhorter-les-partis-politiques-federaux-a-accepter-que-les-lois-sur-la-vie-privee-sappliquent-a-eux\/","title":{"rendered":"La CCLA se joint \u00e0 d\u2019autres organisations pour exhorter les partis politiques f\u00e9d\u00e9raux \u00e0 accepter que les lois sur la vie priv\u00e9e s\u2019appliquent \u00e0 eux"},"content":{"rendered":"[vc_row type=\u00a0\u00bbin_container\u00a0\u00bb full_screen_row_position=\u00a0\u00bbmiddle\u00a0\u00bb column_margin=\u00a0\u00bbdefault\u00a0\u00bb column_direction=\u00a0\u00bbdefault\u00a0\u00bb column_direction_tablet=\u00a0\u00bbdefault\u00a0\u00bb column_direction_phone=\u00a0\u00bbdefault\u00a0\u00bb scene_position=\u00a0\u00bbcenter\u00a0\u00bb text_color=\u00a0\u00bbdark\u00a0\u00bb text_align=\u00a0\u00bbleft\u00a0\u00bb row_border_radius=\u00a0\u00bbnone\u00a0\u00bb row_border_radius_applies=\u00a0\u00bbbg\u00a0\u00bb overflow=\u00a0\u00bbvisible\u00a0\u00bb overlay_strength=\u00a0\u00bb0.3&Prime; gradient_direction=\u00a0\u00bbleft_to_right\u00a0\u00bb shape_divider_position=\u00a0\u00bbbottom\u00a0\u00bb bg_image_animation=\u00a0\u00bbnone\u00a0\u00bb][vc_column column_padding=\u00a0\u00bbno-extra-padding\u00a0\u00bb column_padding_tablet=\u00a0\u00bbinherit\u00a0\u00bb column_padding_phone=\u00a0\u00bbinherit\u00a0\u00bb column_padding_position=\u00a0\u00bball\u00a0\u00bb column_element_direction_desktop=\u00a0\u00bbdefault\u00a0\u00bb column_element_spacing=\u00a0\u00bbdefault\u00a0\u00bb desktop_text_alignment=\u00a0\u00bbdefault\u00a0\u00bb tablet_text_alignment=\u00a0\u00bbdefault\u00a0\u00bb phone_text_alignment=\u00a0\u00bbdefault\u00a0\u00bb background_color_opacity=\u00a0\u00bb1&Prime; background_hover_color_opacity=\u00a0\u00bb1&Prime; column_backdrop_filter=\u00a0\u00bbnone\u00a0\u00bb column_shadow=\u00a0\u00bbnone\u00a0\u00bb column_border_radius=\u00a0\u00bbnone\u00a0\u00bb column_link_target=\u00a0\u00bb_self\u00a0\u00bb column_position=\u00a0\u00bbdefault\u00a0\u00bb gradient_direction=\u00a0\u00bbleft_to_right\u00a0\u00bb overlay_strength=\u00a0\u00bb0.3&Prime; width=\u00a0\u00bb1\/1&Prime; tablet_width_inherit=\u00a0\u00bbdefault\u00a0\u00bb animation_type=\u00a0\u00bbdefault\u00a0\u00bb bg_image_animation=\u00a0\u00bbnone\u00a0\u00bb border_type=\u00a0\u00bbsimple\u00a0\u00bb column_border_width=\u00a0\u00bbnone\u00a0\u00bb column_border_style=\u00a0\u00bbsolid\u00a0\u00bb][nectar_global_section id=\u00a0\u00bb1355&Prime;][\/vc_column][\/vc_row][vc_row type=\u00a0\u00bbfull_width_background\u00a0\u00bb full_screen_row_position=\u00a0\u00bbmiddle\u00a0\u00bb column_margin=\u00a0\u00bbdefault\u00a0\u00bb column_direction=\u00a0\u00bbdefault\u00a0\u00bb column_direction_tablet=\u00a0\u00bbdefault\u00a0\u00bb column_direction_phone=\u00a0\u00bbdefault\u00a0\u00bb scene_position=\u00a0\u00bbcenter\u00a0\u00bb top_padding=\u00a0\u00bb4%\u00a0\u00bb constrain_group_1=\u00a0\u00bbyes\u00a0\u00bb bottom_padding=\u00a0\u00bb4%\u00a0\u00bb text_color=\u00a0\u00bbdark\u00a0\u00bb text_align=\u00a0\u00bbleft\u00a0\u00bb row_border_radius=\u00a0\u00bbnone\u00a0\u00bb row_border_radius_applies=\u00a0\u00bbbg\u00a0\u00bb overflow=\u00a0\u00bbvisible\u00a0\u00bb class=\u00a0\u00bbpost-links\u00a0\u00bb overlay_strength=\u00a0\u00bb0.3&Prime; gradient_direction=\u00a0\u00bbleft_to_right\u00a0\u00bb shape_divider_position=\u00a0\u00bbbottom\u00a0\u00bb bg_image_animation=\u00a0\u00bbnone\u00a0\u00bb shape_type=\u00a0\u00bb\u00a0\u00bb][vc_column column_padding=\u00a0\u00bbno-extra-padding\u00a0\u00bb column_padding_tablet=\u00a0\u00bbinherit\u00a0\u00bb column_padding_phone=\u00a0\u00bbinherit\u00a0\u00bb column_padding_position=\u00a0\u00bball\u00a0\u00bb column_element_direction_desktop=\u00a0\u00bbdefault\u00a0\u00bb column_element_spacing=\u00a0\u00bbdefault\u00a0\u00bb desktop_text_alignment=\u00a0\u00bbdefault\u00a0\u00bb tablet_text_alignment=\u00a0\u00bbdefault\u00a0\u00bb phone_text_alignment=\u00a0\u00bbdefault\u00a0\u00bb background_color_opacity=\u00a0\u00bb1&Prime; background_hover_color_opacity=\u00a0\u00bb1&Prime; column_backdrop_filter=\u00a0\u00bbnone\u00a0\u00bb column_shadow=\u00a0\u00bbnone\u00a0\u00bb column_border_radius=\u00a0\u00bbnone\u00a0\u00bb column_link_target=\u00a0\u00bb_self\u00a0\u00bb column_position=\u00a0\u00bbdefault\u00a0\u00bb gradient_direction=\u00a0\u00bbleft_to_right\u00a0\u00bb overlay_strength=\u00a0\u00bb0.3&Prime; width=\u00a0\u00bb1\/1&Prime; tablet_width_inherit=\u00a0\u00bbdefault\u00a0\u00bb animation_type=\u00a0\u00bbdefault\u00a0\u00bb bg_image_animation=\u00a0\u00bbnone\u00a0\u00bb border_type=\u00a0\u00bbsimple\u00a0\u00bb column_border_width=\u00a0\u00bbnone\u00a0\u00bb column_border_style=\u00a0\u00bbsolid\u00a0\u00bb][vc_column_text css=\u00a0\u00bb\u00a0\u00bb text_direction=\u00a0\u00bbdefault\u00a0\u00bb]\n<div>\n<div>\n<p><span data-contrast=\"auto\">Les partis politiques f\u00e9d\u00e9raux, comme tout le monde au Canada, doivent respecter les droits \u00e0 la vie priv\u00e9e des Canadiens. Ils devraient <\/span><span data-contrast=\"none\">s\u2019engager en faveur d\u2019un r\u00e9gime national v\u00e9ritablement efficace et ex\u00e9cutoire pour la protection des donn\u00e9es personnelles qu\u2019ils traitent, et s\u2019imposer \u00e0 une responsabilit\u00e9 et \u00e0 une surveillance externes significatives.<\/span><span data-ccp-props=\"{}\"> <\/span><\/p>\n<p><span data-contrast=\"auto\">Au lieu d\u2019accepter ces principes fondamentaux, trois partis politiques f\u00e9d\u00e9raux ont contest\u00e9 l\u2019application de la Loi sur la protection des renseignements personnels (PIPA) de la Colombie-Britannique \u00e0 leurs activit\u00e9s dans la province. Le 14 mai<\/span><span data-contrast=\"auto\"> <span data-contrast=\"auto\">2024, la Cour supr\u00eame de la Colombie-Britannique a rejet\u00e9 sans \u00e9quivoque leurs arguments. Il est maintenant temps que ces partis politiques f\u00e9d\u00e9raux mettent fin \u00e0 leurs proc\u00e9dures judiciaires et concentrent plut\u00f4t leurs efforts sur le d\u00e9veloppement d\u2019un r\u00e9gime national global prot\u00e9geant les donn\u00e9es personnelles des Canadiens partag\u00e9es avec les partis politiques.<\/span><\/span><span data-ccp-props=\"{}\"> <\/span><\/p>\n<p><span data-contrast=\"auto\">C\u2019est pourquoi, le 10 juin 2024, la CCLA a sign\u00e9 la lettre conjointe de pr\u00e8s de 40 experts juridiques et groupes de la soci\u00e9t\u00e9 civile appelant les trois partis politiques f\u00e9d\u00e9raux \u00e0 abandonner leur dossier juridique en Colombie-Britannique et \u00e0 collaborer avec les r\u00e9gulateurs et les parlementaires afin que des normes de confidentialit\u00e9 plus strictes s\u2019appliquent \u00e0 leurs activit\u00e9s \u00e0 travers tout le pays.<\/span><span data-ccp-props=\"{}\"> <\/span><\/p>\n<p><b><span data-contrast=\"auto\">Lisez la lettre conjointe que nous avons sign\u00e9e <\/span><\/b><a href=\"https:\/\/openmedia.org\/assets\/FPP_Political_Party_Privacy_Letter_-_June10_-_2024.pdf\"><b><span data-contrast=\"none\">ici<\/span><\/b><\/a><b><span data-contrast=\"auto\">.<\/span><\/b><span data-ccp-props=\"{}\"> <\/span><\/p>\n<\/div>\n<\/div>\n[\/vc_column_text][\/vc_column][\/vc_row][vc_row type=\u00a0\u00bbin_container\u00a0\u00bb full_screen_row_position=\u00a0\u00bbmiddle\u00a0\u00bb column_margin=\u00a0\u00bbdefault\u00a0\u00bb column_direction=\u00a0\u00bbdefault\u00a0\u00bb column_direction_tablet=\u00a0\u00bbdefault\u00a0\u00bb column_direction_phone=\u00a0\u00bbdefault\u00a0\u00bb scene_position=\u00a0\u00bbcenter\u00a0\u00bb text_color=\u00a0\u00bbdark\u00a0\u00bb text_align=\u00a0\u00bbleft\u00a0\u00bb row_border_radius=\u00a0\u00bbnone\u00a0\u00bb row_border_radius_applies=\u00a0\u00bbbg\u00a0\u00bb overflow=\u00a0\u00bbvisible\u00a0\u00bb overlay_strength=\u00a0\u00bb0.3&Prime; gradient_direction=\u00a0\u00bbleft_to_right\u00a0\u00bb shape_divider_position=\u00a0\u00bbbottom\u00a0\u00bb bg_image_animation=\u00a0\u00bbnone\u00a0\u00bb][vc_column column_padding=\u00a0\u00bbno-extra-padding\u00a0\u00bb column_padding_tablet=\u00a0\u00bbinherit\u00a0\u00bb column_padding_phone=\u00a0\u00bbinherit\u00a0\u00bb column_padding_position=\u00a0\u00bball\u00a0\u00bb column_element_direction_desktop=\u00a0\u00bbdefault\u00a0\u00bb column_element_spacing=\u00a0\u00bbdefault\u00a0\u00bb desktop_text_alignment=\u00a0\u00bbdefault\u00a0\u00bb tablet_text_alignment=\u00a0\u00bbdefault\u00a0\u00bb phone_text_alignment=\u00a0\u00bbdefault\u00a0\u00bb background_color_opacity=\u00a0\u00bb1&Prime; background_hover_color_opacity=\u00a0\u00bb1&Prime; column_backdrop_filter=\u00a0\u00bbnone\u00a0\u00bb column_shadow=\u00a0\u00bbnone\u00a0\u00bb column_border_radius=\u00a0\u00bbnone\u00a0\u00bb column_link_target=\u00a0\u00bb_self\u00a0\u00bb column_position=\u00a0\u00bbdefault\u00a0\u00bb gradient_direction=\u00a0\u00bbleft_to_right\u00a0\u00bb overlay_strength=\u00a0\u00bb0.3&Prime; width=\u00a0\u00bb1\/1&Prime; tablet_width_inherit=\u00a0\u00bbdefault\u00a0\u00bb animation_type=\u00a0\u00bbdefault\u00a0\u00bb bg_image_animation=\u00a0\u00bbnone\u00a0\u00bb border_type=\u00a0\u00bbsimple\u00a0\u00bb column_border_width=\u00a0\u00bbnone\u00a0\u00bb column_border_style=\u00a0\u00bbsolid\u00a0\u00bb][nectar_global_section id=\u00a0\u00bb1461&Prime;][\/vc_column][\/vc_row][vc_row type=\u00a0\u00bbin_container\u00a0\u00bb full_screen_row_position=\u00a0\u00bbmiddle\u00a0\u00bb column_margin=\u00a0\u00bbdefault\u00a0\u00bb column_direction=\u00a0\u00bbdefault\u00a0\u00bb column_direction_tablet=\u00a0\u00bbdefault\u00a0\u00bb column_direction_phone=\u00a0\u00bbdefault\u00a0\u00bb scene_position=\u00a0\u00bbcenter\u00a0\u00bb text_color=\u00a0\u00bbdark\u00a0\u00bb text_align=\u00a0\u00bbleft\u00a0\u00bb row_border_radius=\u00a0\u00bbnone\u00a0\u00bb row_border_radius_applies=\u00a0\u00bbbg\u00a0\u00bb overflow=\u00a0\u00bbvisible\u00a0\u00bb overlay_strength=\u00a0\u00bb0.3&Prime; gradient_direction=\u00a0\u00bbleft_to_right\u00a0\u00bb shape_divider_position=\u00a0\u00bbbottom\u00a0\u00bb bg_image_animation=\u00a0\u00bbnone\u00a0\u00bb][vc_column column_padding=\u00a0\u00bbno-extra-padding\u00a0\u00bb column_padding_tablet=\u00a0\u00bbinherit\u00a0\u00bb column_padding_phone=\u00a0\u00bbinherit\u00a0\u00bb column_padding_position=\u00a0\u00bball\u00a0\u00bb column_element_direction_desktop=\u00a0\u00bbdefault\u00a0\u00bb column_element_spacing=\u00a0\u00bbdefault\u00a0\u00bb desktop_text_alignment=\u00a0\u00bbdefault\u00a0\u00bb tablet_text_alignment=\u00a0\u00bbdefault\u00a0\u00bb phone_text_alignment=\u00a0\u00bbdefault\u00a0\u00bb background_color_opacity=\u00a0\u00bb1&Prime; background_hover_color_opacity=\u00a0\u00bb1&Prime; column_backdrop_filter=\u00a0\u00bbnone\u00a0\u00bb column_shadow=\u00a0\u00bbnone\u00a0\u00bb column_border_radius=\u00a0\u00bbnone\u00a0\u00bb column_link_target=\u00a0\u00bb_self\u00a0\u00bb column_position=\u00a0\u00bbdefault\u00a0\u00bb gradient_direction=\u00a0\u00bbleft_to_right\u00a0\u00bb overlay_strength=\u00a0\u00bb0.3&Prime; width=\u00a0\u00bb1\/1&Prime; tablet_width_inherit=\u00a0\u00bbdefault\u00a0\u00bb animation_type=\u00a0\u00bbdefault\u00a0\u00bb bg_image_animation=\u00a0\u00bbnone\u00a0\u00bb border_type=\u00a0\u00bbsimple\u00a0\u00bb column_border_width=\u00a0\u00bbnone\u00a0\u00bb column_border_style=\u00a0\u00bbsolid\u00a0\u00bb][vc_column_text]\n[\/vc_column_text][\/vc_column][\/vc_row]\n","protected":false},"excerpt":{"rendered":"<p>Les partis politiques f\u00e9d\u00e9raux, comme tout le monde au Canada, doivent respecter les droits \u00e0 la vie priv\u00e9e des Canadiens.  <\/p>\n","protected":false},"author":25,"featured_media":12405,"comment_status":"closed","ping_status":"closed","sticky":false,"template":"","format":"standard","meta":{"footnotes":""},"categories":[278,277],"tags":[],"class_list":{"0":"post-14227","1":"post","2":"type-post","3":"status-publish","4":"format-standard","5":"has-post-thumbnail","7":"category-reforme-des-lois-sur-la-vie-privee","8":"category-vie-privee"},"yoast_head":"<!-- This site is optimized with the Yoast SEO plugin v27.4 - https:\/\/yoast.com\/product\/yoast-seo-wordpress\/ -->\n<title>La CCLA se joint \u00e0 d\u2019autres organisations pour exhorter les partis politiques f\u00e9d\u00e9raux \u00e0 accepter que les lois sur la vie priv\u00e9e s\u2019appliquent \u00e0 eux - CCLA<\/title>\n<meta name=\"robots\" content=\"noindex, follow, max-snippet:-1, max-image-preview:large, max-video-preview:-1\" \/>\n<meta property=\"og:locale\" content=\"fr_CA\" \/>\n<meta property=\"og:type\" content=\"article\" \/>\n<meta property=\"og:title\" content=\"La CCLA se joint \u00e0 d\u2019autres organisations pour exhorter les partis politiques f\u00e9d\u00e9raux \u00e0 accepter que les lois sur la vie priv\u00e9e s\u2019appliquent \u00e0 eux - CCLA\" \/>\n<meta property=\"og:description\" content=\"Les partis politiques f\u00e9d\u00e9raux, comme tout le monde au Canada, doivent respecter les droits \u00e0 la vie priv\u00e9e des Canadiens.\" \/>\n<meta property=\"og:url\" content=\"https:\/\/dev.ccla.org\/fr\/vie-privee\/la-ccla-se-joint-a-dautres-organisations-pour-exhorter-les-partis-politiques-federaux-a-accepter-que-les-lois-sur-la-vie-privee-sappliquent-a-eux\/\" \/>\n<meta property=\"og:site_name\" content=\"CCLA\" \/>\n<meta property=\"article:published_time\" content=\"2024-06-11T18:54:57+00:00\" \/>\n<meta property=\"article:modified_time\" content=\"2026-04-23T18:18:44+00:00\" \/>\n<meta property=\"og:image\" content=\"https:\/\/dev.ccla.org\/wp-content\/uploads\/2022\/04\/Emergencies-Act-Header-1024x410.png\" \/>\n\t<meta property=\"og:image:width\" content=\"1024\" \/>\n\t<meta property=\"og:image:height\" content=\"410\" \/>\n\t<meta property=\"og:image:type\" content=\"image\/png\" \/>\n<meta name=\"author\" content=\"Ana\u00efs Bussi\u00e8res McNicoll\" \/>\n<meta name=\"twitter:card\" content=\"summary_large_image\" \/>\n<meta name=\"twitter:label1\" content=\"\u00c9crit par\" \/>\n\t<meta name=\"twitter:data1\" content=\"Ana\u00efs Bussi\u00e8res McNicoll\" \/>\n\t<meta name=\"twitter:label2\" content=\"Estimation du temps de lecture\" \/>\n\t<meta name=\"twitter:data2\" content=\"4 minutes\" \/>\n<script type=\"application\/ld+json\" class=\"yoast-schema-graph\">{\"@context\":\"https:\\\/\\\/schema.org\",\"@graph\":[{\"@type\":\"Article\",\"@id\":\"https:\\\/\\\/dev.ccla.org\\\/fr\\\/vie-privee\\\/la-ccla-se-joint-a-dautres-organisations-pour-exhorter-les-partis-politiques-federaux-a-accepter-que-les-lois-sur-la-vie-privee-sappliquent-a-eux\\\/#article\",\"isPartOf\":{\"@id\":\"https:\\\/\\\/dev.ccla.org\\\/fr\\\/vie-privee\\\/la-ccla-se-joint-a-dautres-organisations-pour-exhorter-les-partis-politiques-federaux-a-accepter-que-les-lois-sur-la-vie-privee-sappliquent-a-eux\\\/\"},\"author\":{\"name\":\"Ana\u00efs Bussi\u00e8res McNicoll\",\"@id\":\"https:\\\/\\\/dev.ccla.org\\\/fr\\\/#\\\/schema\\\/person\\\/bfc170eb14c75c2d04b85ef55444982f\"},\"headline\":\"La CCLA se joint \u00e0 d\u2019autres organisations pour exhorter les partis politiques f\u00e9d\u00e9raux \u00e0 accepter que les lois sur la vie priv\u00e9e s\u2019appliquent \u00e0 eux\",\"datePublished\":\"2024-06-11T18:54:57+00:00\",\"dateModified\":\"2026-04-23T18:18:44+00:00\",\"mainEntityOfPage\":{\"@id\":\"https:\\\/\\\/dev.ccla.org\\\/fr\\\/vie-privee\\\/la-ccla-se-joint-a-dautres-organisations-pour-exhorter-les-partis-politiques-federaux-a-accepter-que-les-lois-sur-la-vie-privee-sappliquent-a-eux\\\/\"},\"wordCount\":919,\"image\":{\"@id\":\"https:\\\/\\\/dev.ccla.org\\\/fr\\\/vie-privee\\\/la-ccla-se-joint-a-dautres-organisations-pour-exhorter-les-partis-politiques-federaux-a-accepter-que-les-lois-sur-la-vie-privee-sappliquent-a-eux\\\/#primaryimage\"},\"thumbnailUrl\":\"https:\\\/\\\/dev.ccla.org\\\/wp-content\\\/uploads\\\/2022\\\/04\\\/Emergencies-Act-Header.png\",\"articleSection\":[\"R\u00e9forme des lois sur la vie priv\u00e9e\",\"VIE PRIV\u00c9E\"],\"inLanguage\":\"fr-CA\"},{\"@type\":\"WebPage\",\"@id\":\"https:\\\/\\\/dev.ccla.org\\\/fr\\\/vie-privee\\\/la-ccla-se-joint-a-dautres-organisations-pour-exhorter-les-partis-politiques-federaux-a-accepter-que-les-lois-sur-la-vie-privee-sappliquent-a-eux\\\/\",\"url\":\"https:\\\/\\\/dev.ccla.org\\\/fr\\\/vie-privee\\\/la-ccla-se-joint-a-dautres-organisations-pour-exhorter-les-partis-politiques-federaux-a-accepter-que-les-lois-sur-la-vie-privee-sappliquent-a-eux\\\/\",\"name\":\"La CCLA se joint \u00e0 d\u2019autres organisations pour exhorter les partis politiques f\u00e9d\u00e9raux \u00e0 accepter que les lois sur la vie priv\u00e9e s\u2019appliquent \u00e0 eux - CCLA\",\"isPartOf\":{\"@id\":\"https:\\\/\\\/dev.ccla.org\\\/fr\\\/#website\"},\"primaryImageOfPage\":{\"@id\":\"https:\\\/\\\/dev.ccla.org\\\/fr\\\/vie-privee\\\/la-ccla-se-joint-a-dautres-organisations-pour-exhorter-les-partis-politiques-federaux-a-accepter-que-les-lois-sur-la-vie-privee-sappliquent-a-eux\\\/#primaryimage\"},\"image\":{\"@id\":\"https:\\\/\\\/dev.ccla.org\\\/fr\\\/vie-privee\\\/la-ccla-se-joint-a-dautres-organisations-pour-exhorter-les-partis-politiques-federaux-a-accepter-que-les-lois-sur-la-vie-privee-sappliquent-a-eux\\\/#primaryimage\"},\"thumbnailUrl\":\"https:\\\/\\\/dev.ccla.org\\\/wp-content\\\/uploads\\\/2022\\\/04\\\/Emergencies-Act-Header.png\",\"datePublished\":\"2024-06-11T18:54:57+00:00\",\"dateModified\":\"2026-04-23T18:18:44+00:00\",\"author\":{\"@id\":\"https:\\\/\\\/dev.ccla.org\\\/fr\\\/#\\\/schema\\\/person\\\/bfc170eb14c75c2d04b85ef55444982f\"},\"breadcrumb\":{\"@id\":\"https:\\\/\\\/dev.ccla.org\\\/fr\\\/vie-privee\\\/la-ccla-se-joint-a-dautres-organisations-pour-exhorter-les-partis-politiques-federaux-a-accepter-que-les-lois-sur-la-vie-privee-sappliquent-a-eux\\\/#breadcrumb\"},\"inLanguage\":\"fr-CA\",\"potentialAction\":[{\"@type\":\"ReadAction\",\"target\":[\"https:\\\/\\\/dev.ccla.org\\\/fr\\\/vie-privee\\\/la-ccla-se-joint-a-dautres-organisations-pour-exhorter-les-partis-politiques-federaux-a-accepter-que-les-lois-sur-la-vie-privee-sappliquent-a-eux\\\/\"]}]},{\"@type\":\"ImageObject\",\"inLanguage\":\"fr-CA\",\"@id\":\"https:\\\/\\\/dev.ccla.org\\\/fr\\\/vie-privee\\\/la-ccla-se-joint-a-dautres-organisations-pour-exhorter-les-partis-politiques-federaux-a-accepter-que-les-lois-sur-la-vie-privee-sappliquent-a-eux\\\/#primaryimage\",\"url\":\"https:\\\/\\\/dev.ccla.org\\\/wp-content\\\/uploads\\\/2022\\\/04\\\/Emergencies-Act-Header.png\",\"contentUrl\":\"https:\\\/\\\/dev.ccla.org\\\/wp-content\\\/uploads\\\/2022\\\/04\\\/Emergencies-Act-Header.png\",\"width\":2000,\"height\":800},{\"@type\":\"BreadcrumbList\",\"@id\":\"https:\\\/\\\/dev.ccla.org\\\/fr\\\/vie-privee\\\/la-ccla-se-joint-a-dautres-organisations-pour-exhorter-les-partis-politiques-federaux-a-accepter-que-les-lois-sur-la-vie-privee-sappliquent-a-eux\\\/#breadcrumb\",\"itemListElement\":[{\"@type\":\"ListItem\",\"position\":1,\"name\":\"Home\",\"item\":\"https:\\\/\\\/dev.ccla.org\\\/fr\\\/accueil\\\/\"},{\"@type\":\"ListItem\",\"position\":2,\"name\":\"Non class\u00e9\",\"item\":\"https:\\\/\\\/dev.ccla.org\\\/fr\\\/category\\\/non-classe\\\/\"},{\"@type\":\"ListItem\",\"position\":3,\"name\":\"La CCLA se joint \u00e0 d\u2019autres organisations pour exhorter les partis politiques f\u00e9d\u00e9raux \u00e0 accepter que les lois sur la vie priv\u00e9e s\u2019appliquent \u00e0 eux\"}]},{\"@type\":\"WebSite\",\"@id\":\"https:\\\/\\\/dev.ccla.org\\\/fr\\\/#website\",\"url\":\"https:\\\/\\\/dev.ccla.org\\\/fr\\\/\",\"name\":\"CCLA\",\"description\":\"\",\"potentialAction\":[{\"@type\":\"SearchAction\",\"target\":{\"@type\":\"EntryPoint\",\"urlTemplate\":\"https:\\\/\\\/dev.ccla.org\\\/fr\\\/?s={search_term_string}\"},\"query-input\":{\"@type\":\"PropertyValueSpecification\",\"valueRequired\":true,\"valueName\":\"search_term_string\"}}],\"inLanguage\":\"fr-CA\"},{\"@type\":\"Person\",\"@id\":\"https:\\\/\\\/dev.ccla.org\\\/fr\\\/#\\\/schema\\\/person\\\/bfc170eb14c75c2d04b85ef55444982f\",\"name\":\"Ana\u00efs Bussi\u00e8res McNicoll\",\"image\":{\"@type\":\"ImageObject\",\"inLanguage\":\"fr-CA\",\"@id\":\"https:\\\/\\\/secure.gravatar.com\\\/avatar\\\/eb96de3b8e0e64121c13cd17c4164d9950cee66c6f879f4acf9d71b8d39aad78?s=96&d=blank&r=g\",\"url\":\"https:\\\/\\\/secure.gravatar.com\\\/avatar\\\/eb96de3b8e0e64121c13cd17c4164d9950cee66c6f879f4acf9d71b8d39aad78?s=96&d=blank&r=g\",\"contentUrl\":\"https:\\\/\\\/secure.gravatar.com\\\/avatar\\\/eb96de3b8e0e64121c13cd17c4164d9950cee66c6f879f4acf9d71b8d39aad78?s=96&d=blank&r=g\",\"caption\":\"Ana\u00efs Bussi\u00e8res McNicoll\"},\"url\":\"https:\\\/\\\/dev.ccla.org\\\/fr\\\/author\\\/anais\\\/\"}]}<\/script>\n<!-- \/ Yoast SEO plugin. -->","yoast_head_json":{"title":"La CCLA se joint \u00e0 d\u2019autres organisations pour exhorter les partis politiques f\u00e9d\u00e9raux \u00e0 accepter que les lois sur la vie priv\u00e9e s\u2019appliquent \u00e0 eux - CCLA","robots":{"index":"noindex","follow":"follow","max-snippet":"max-snippet:-1","max-image-preview":"max-image-preview:large","max-video-preview":"max-video-preview:-1"},"og_locale":"fr_CA","og_type":"article","og_title":"La CCLA se joint \u00e0 d\u2019autres organisations pour exhorter les partis politiques f\u00e9d\u00e9raux \u00e0 accepter que les lois sur la vie priv\u00e9e s\u2019appliquent \u00e0 eux - CCLA","og_description":"Les partis politiques f\u00e9d\u00e9raux, comme tout le monde au Canada, doivent respecter les droits \u00e0 la vie priv\u00e9e des Canadiens.","og_url":"https:\/\/dev.ccla.org\/fr\/vie-privee\/la-ccla-se-joint-a-dautres-organisations-pour-exhorter-les-partis-politiques-federaux-a-accepter-que-les-lois-sur-la-vie-privee-sappliquent-a-eux\/","og_site_name":"CCLA","article_published_time":"2024-06-11T18:54:57+00:00","article_modified_time":"2026-04-23T18:18:44+00:00","og_image":[{"width":1024,"height":410,"url":"https:\/\/dev.ccla.org\/wp-content\/uploads\/2022\/04\/Emergencies-Act-Header-1024x410.png","type":"image\/png"}],"author":"Ana\u00efs Bussi\u00e8res McNicoll","twitter_card":"summary_large_image","twitter_misc":{"\u00c9crit par":"Ana\u00efs Bussi\u00e8res McNicoll","Estimation du temps de lecture":"4 minutes"},"schema":{"@context":"https:\/\/schema.org","@graph":[{"@type":"Article","@id":"https:\/\/dev.ccla.org\/fr\/vie-privee\/la-ccla-se-joint-a-dautres-organisations-pour-exhorter-les-partis-politiques-federaux-a-accepter-que-les-lois-sur-la-vie-privee-sappliquent-a-eux\/#article","isPartOf":{"@id":"https:\/\/dev.ccla.org\/fr\/vie-privee\/la-ccla-se-joint-a-dautres-organisations-pour-exhorter-les-partis-politiques-federaux-a-accepter-que-les-lois-sur-la-vie-privee-sappliquent-a-eux\/"},"author":{"name":"Ana\u00efs Bussi\u00e8res McNicoll","@id":"https:\/\/dev.ccla.org\/fr\/#\/schema\/person\/bfc170eb14c75c2d04b85ef55444982f"},"headline":"La CCLA se joint \u00e0 d\u2019autres organisations pour exhorter les partis politiques f\u00e9d\u00e9raux \u00e0 accepter que les lois sur la vie priv\u00e9e s\u2019appliquent \u00e0 eux","datePublished":"2024-06-11T18:54:57+00:00","dateModified":"2026-04-23T18:18:44+00:00","mainEntityOfPage":{"@id":"https:\/\/dev.ccla.org\/fr\/vie-privee\/la-ccla-se-joint-a-dautres-organisations-pour-exhorter-les-partis-politiques-federaux-a-accepter-que-les-lois-sur-la-vie-privee-sappliquent-a-eux\/"},"wordCount":919,"image":{"@id":"https:\/\/dev.ccla.org\/fr\/vie-privee\/la-ccla-se-joint-a-dautres-organisations-pour-exhorter-les-partis-politiques-federaux-a-accepter-que-les-lois-sur-la-vie-privee-sappliquent-a-eux\/#primaryimage"},"thumbnailUrl":"https:\/\/dev.ccla.org\/wp-content\/uploads\/2022\/04\/Emergencies-Act-Header.png","articleSection":["R\u00e9forme des lois sur la vie priv\u00e9e","VIE PRIV\u00c9E"],"inLanguage":"fr-CA"},{"@type":"WebPage","@id":"https:\/\/dev.ccla.org\/fr\/vie-privee\/la-ccla-se-joint-a-dautres-organisations-pour-exhorter-les-partis-politiques-federaux-a-accepter-que-les-lois-sur-la-vie-privee-sappliquent-a-eux\/","url":"https:\/\/dev.ccla.org\/fr\/vie-privee\/la-ccla-se-joint-a-dautres-organisations-pour-exhorter-les-partis-politiques-federaux-a-accepter-que-les-lois-sur-la-vie-privee-sappliquent-a-eux\/","name":"La CCLA se joint \u00e0 d\u2019autres organisations pour exhorter les partis politiques f\u00e9d\u00e9raux \u00e0 accepter que les lois sur la vie priv\u00e9e s\u2019appliquent \u00e0 eux - CCLA","isPartOf":{"@id":"https:\/\/dev.ccla.org\/fr\/#website"},"primaryImageOfPage":{"@id":"https:\/\/dev.ccla.org\/fr\/vie-privee\/la-ccla-se-joint-a-dautres-organisations-pour-exhorter-les-partis-politiques-federaux-a-accepter-que-les-lois-sur-la-vie-privee-sappliquent-a-eux\/#primaryimage"},"image":{"@id":"https:\/\/dev.ccla.org\/fr\/vie-privee\/la-ccla-se-joint-a-dautres-organisations-pour-exhorter-les-partis-politiques-federaux-a-accepter-que-les-lois-sur-la-vie-privee-sappliquent-a-eux\/#primaryimage"},"thumbnailUrl":"https:\/\/dev.ccla.org\/wp-content\/uploads\/2022\/04\/Emergencies-Act-Header.png","datePublished":"2024-06-11T18:54:57+00:00","dateModified":"2026-04-23T18:18:44+00:00","author":{"@id":"https:\/\/dev.ccla.org\/fr\/#\/schema\/person\/bfc170eb14c75c2d04b85ef55444982f"},"breadcrumb":{"@id":"https:\/\/dev.ccla.org\/fr\/vie-privee\/la-ccla-se-joint-a-dautres-organisations-pour-exhorter-les-partis-politiques-federaux-a-accepter-que-les-lois-sur-la-vie-privee-sappliquent-a-eux\/#breadcrumb"},"inLanguage":"fr-CA","potentialAction":[{"@type":"ReadAction","target":["https:\/\/dev.ccla.org\/fr\/vie-privee\/la-ccla-se-joint-a-dautres-organisations-pour-exhorter-les-partis-politiques-federaux-a-accepter-que-les-lois-sur-la-vie-privee-sappliquent-a-eux\/"]}]},{"@type":"ImageObject","inLanguage":"fr-CA","@id":"https:\/\/dev.ccla.org\/fr\/vie-privee\/la-ccla-se-joint-a-dautres-organisations-pour-exhorter-les-partis-politiques-federaux-a-accepter-que-les-lois-sur-la-vie-privee-sappliquent-a-eux\/#primaryimage","url":"https:\/\/dev.ccla.org\/wp-content\/uploads\/2022\/04\/Emergencies-Act-Header.png","contentUrl":"https:\/\/dev.ccla.org\/wp-content\/uploads\/2022\/04\/Emergencies-Act-Header.png","width":2000,"height":800},{"@type":"BreadcrumbList","@id":"https:\/\/dev.ccla.org\/fr\/vie-privee\/la-ccla-se-joint-a-dautres-organisations-pour-exhorter-les-partis-politiques-federaux-a-accepter-que-les-lois-sur-la-vie-privee-sappliquent-a-eux\/#breadcrumb","itemListElement":[{"@type":"ListItem","position":1,"name":"Home","item":"https:\/\/dev.ccla.org\/fr\/accueil\/"},{"@type":"ListItem","position":2,"name":"Non class\u00e9","item":"https:\/\/dev.ccla.org\/fr\/category\/non-classe\/"},{"@type":"ListItem","position":3,"name":"La CCLA se joint \u00e0 d\u2019autres organisations pour exhorter les partis politiques f\u00e9d\u00e9raux \u00e0 accepter que les lois sur la vie priv\u00e9e s\u2019appliquent \u00e0 eux"}]},{"@type":"WebSite","@id":"https:\/\/dev.ccla.org\/fr\/#website","url":"https:\/\/dev.ccla.org\/fr\/","name":"CCLA","description":"","potentialAction":[{"@type":"SearchAction","target":{"@type":"EntryPoint","urlTemplate":"https:\/\/dev.ccla.org\/fr\/?s={search_term_string}"},"query-input":{"@type":"PropertyValueSpecification","valueRequired":true,"valueName":"search_term_string"}}],"inLanguage":"fr-CA"},{"@type":"Person","@id":"https:\/\/dev.ccla.org\/fr\/#\/schema\/person\/bfc170eb14c75c2d04b85ef55444982f","name":"Ana\u00efs Bussi\u00e8res McNicoll","image":{"@type":"ImageObject","inLanguage":"fr-CA","@id":"https:\/\/secure.gravatar.com\/avatar\/eb96de3b8e0e64121c13cd17c4164d9950cee66c6f879f4acf9d71b8d39aad78?s=96&d=blank&r=g","url":"https:\/\/secure.gravatar.com\/avatar\/eb96de3b8e0e64121c13cd17c4164d9950cee66c6f879f4acf9d71b8d39aad78?s=96&d=blank&r=g","contentUrl":"https:\/\/secure.gravatar.com\/avatar\/eb96de3b8e0e64121c13cd17c4164d9950cee66c6f879f4acf9d71b8d39aad78?s=96&d=blank&r=g","caption":"Ana\u00efs Bussi\u00e8res McNicoll"},"url":"https:\/\/dev.ccla.org\/fr\/author\/anais\/"}]}},"_links":{"self":[{"href":"https:\/\/dev.ccla.org\/fr\/wp-json\/wp\/v2\/posts\/14227","targetHints":{"allow":["GET"]}}],"collection":[{"href":"https:\/\/dev.ccla.org\/fr\/wp-json\/wp\/v2\/posts"}],"about":[{"href":"https:\/\/dev.ccla.org\/fr\/wp-json\/wp\/v2\/types\/post"}],"author":[{"embeddable":true,"href":"https:\/\/dev.ccla.org\/fr\/wp-json\/wp\/v2\/users\/25"}],"replies":[{"embeddable":true,"href":"https:\/\/dev.ccla.org\/fr\/wp-json\/wp\/v2\/comments?post=14227"}],"version-history":[{"count":1,"href":"https:\/\/dev.ccla.org\/fr\/wp-json\/wp\/v2\/posts\/14227\/revisions"}],"predecessor-version":[{"id":14233,"href":"https:\/\/dev.ccla.org\/fr\/wp-json\/wp\/v2\/posts\/14227\/revisions\/14233"}],"wp:featuredmedia":[{"embeddable":true,"href":"https:\/\/dev.ccla.org\/fr\/wp-json\/wp\/v2\/media\/12405"}],"wp:attachment":[{"href":"https:\/\/dev.ccla.org\/fr\/wp-json\/wp\/v2\/media?parent=14227"}],"wp:term":[{"taxonomy":"category","embeddable":true,"href":"https:\/\/dev.ccla.org\/fr\/wp-json\/wp\/v2\/categories?post=14227"},{"taxonomy":"post_tag","embeddable":true,"href":"https:\/\/dev.ccla.org\/fr\/wp-json\/wp\/v2\/tags?post=14227"}],"curies":[{"name":"wp","href":"https:\/\/api.w.org\/{rel}","templated":true}]}}