{"id":14149,"date":"2024-02-22T09:10:22","date_gmt":"2024-02-22T14:10:22","guid":{"rendered":"https:\/\/dev.ccla.org\/non-classe\/la-ccla-intervient-sur-le-privilege-parlementaire-et-la-democratie\/"},"modified":"2026-04-23T14:18:19","modified_gmt":"2026-04-23T18:18:19","slug":"la-ccla-intervient-sur-le-privilege-parlementaire-et-la-democratie","status":"publish","type":"post","link":"https:\/\/dev.ccla.org\/fr\/libertes-fondamentales\/la-ccla-intervient-sur-le-privilege-parlementaire-et-la-democratie\/","title":{"rendered":"La CCLA intervient sur le privil\u00e8ge parlementaire et la d\u00e9mocratie"},"content":{"rendered":"[vc_row type=\u00a0\u00bbin_container\u00a0\u00bb full_screen_row_position=\u00a0\u00bbmiddle\u00a0\u00bb column_margin=\u00a0\u00bbdefault\u00a0\u00bb column_direction=\u00a0\u00bbdefault\u00a0\u00bb column_direction_tablet=\u00a0\u00bbdefault\u00a0\u00bb column_direction_phone=\u00a0\u00bbdefault\u00a0\u00bb scene_position=\u00a0\u00bbcenter\u00a0\u00bb text_color=\u00a0\u00bbdark\u00a0\u00bb text_align=\u00a0\u00bbleft\u00a0\u00bb row_border_radius=\u00a0\u00bbnone\u00a0\u00bb row_border_radius_applies=\u00a0\u00bbbg\u00a0\u00bb overlay_strength=\u00a0\u00bb0.3&Prime; gradient_direction=\u00a0\u00bbleft_to_right\u00a0\u00bb shape_divider_position=\u00a0\u00bbbottom\u00a0\u00bb bg_image_animation=\u00a0\u00bbnone\u00a0\u00bb][vc_column column_padding=\u00a0\u00bbno-extra-padding\u00a0\u00bb column_padding_tablet=\u00a0\u00bbinherit\u00a0\u00bb column_padding_phone=\u00a0\u00bbinherit\u00a0\u00bb column_padding_position=\u00a0\u00bball\u00a0\u00bb column_element_spacing=\u00a0\u00bbdefault\u00a0\u00bb background_color_opacity=\u00a0\u00bb1&Prime; background_hover_color_opacity=\u00a0\u00bb1&Prime; column_shadow=\u00a0\u00bbnone\u00a0\u00bb column_border_radius=\u00a0\u00bbnone\u00a0\u00bb column_link_target=\u00a0\u00bb_self\u00a0\u00bb gradient_direction=\u00a0\u00bbleft_to_right\u00a0\u00bb overlay_strength=\u00a0\u00bb0.3&Prime; width=\u00a0\u00bb1\/1&Prime; tablet_width_inherit=\u00a0\u00bbdefault\u00a0\u00bb tablet_text_alignment=\u00a0\u00bbdefault\u00a0\u00bb phone_text_alignment=\u00a0\u00bbdefault\u00a0\u00bb bg_image_animation=\u00a0\u00bbnone\u00a0\u00bb border_type=\u00a0\u00bbsimple\u00a0\u00bb column_border_width=\u00a0\u00bbnone\u00a0\u00bb column_border_style=\u00a0\u00bbsolid\u00a0\u00bb][nectar_global_section id=\u00a0\u00bb1355&Prime;][\/vc_column][\/vc_row][vc_row type=\u00a0\u00bbfull_width_background\u00a0\u00bb full_screen_row_position=\u00a0\u00bbmiddle\u00a0\u00bb column_margin=\u00a0\u00bbdefault\u00a0\u00bb column_direction=\u00a0\u00bbdefault\u00a0\u00bb column_direction_tablet=\u00a0\u00bbdefault\u00a0\u00bb column_direction_phone=\u00a0\u00bbdefault\u00a0\u00bb scene_position=\u00a0\u00bbcenter\u00a0\u00bb top_padding=\u00a0\u00bb4%\u00a0\u00bb constrain_group_1=\u00a0\u00bbyes\u00a0\u00bb bottom_padding=\u00a0\u00bb4%\u00a0\u00bb text_color=\u00a0\u00bbdark\u00a0\u00bb text_align=\u00a0\u00bbleft\u00a0\u00bb row_border_radius=\u00a0\u00bbnone\u00a0\u00bb row_border_radius_applies=\u00a0\u00bbbg\u00a0\u00bb class=\u00a0\u00bbpost-links\u00a0\u00bb overlay_strength=\u00a0\u00bb0.3&Prime; gradient_direction=\u00a0\u00bbleft_to_right\u00a0\u00bb shape_divider_position=\u00a0\u00bbbottom\u00a0\u00bb bg_image_animation=\u00a0\u00bbnone\u00a0\u00bb shape_type=\u00a0\u00bb\u00a0\u00bb][vc_column column_padding=\u00a0\u00bbno-extra-padding\u00a0\u00bb column_padding_tablet=\u00a0\u00bbinherit\u00a0\u00bb column_padding_phone=\u00a0\u00bbinherit\u00a0\u00bb column_padding_position=\u00a0\u00bball\u00a0\u00bb column_element_spacing=\u00a0\u00bbdefault\u00a0\u00bb background_color_opacity=\u00a0\u00bb1&Prime; background_hover_color_opacity=\u00a0\u00bb1&Prime; column_shadow=\u00a0\u00bbnone\u00a0\u00bb column_border_radius=\u00a0\u00bbnone\u00a0\u00bb column_link_target=\u00a0\u00bb_self\u00a0\u00bb gradient_direction=\u00a0\u00bbleft_to_right\u00a0\u00bb overlay_strength=\u00a0\u00bb0.3&Prime; width=\u00a0\u00bb1\/1&Prime; tablet_width_inherit=\u00a0\u00bbdefault\u00a0\u00bb tablet_text_alignment=\u00a0\u00bbdefault\u00a0\u00bb phone_text_alignment=\u00a0\u00bbdefault\u00a0\u00bb bg_image_animation=\u00a0\u00bbnone\u00a0\u00bb border_type=\u00a0\u00bbsimple\u00a0\u00bb column_border_width=\u00a0\u00bbnone\u00a0\u00bb column_border_style=\u00a0\u00bbsolid\u00a0\u00bb][vc_column_text]La CCLA intervient dans une motion concernant le privil\u00e8ge parlementaire et le moment o\u00f9 les tribunaux peuvent examiner les d\u00e9cisions prises par une Assembl\u00e9e l\u00e9gislative. Cette affaire a des cons\u00e9quences importantes pour la d\u00e9mocratie, l\u2019autonomie l\u00e9gislative et la s\u00e9paration des pouvoirs. Et cela affecte la capacit\u00e9 de tout gouvernement majoritaire actuel ou futur \u00e0 priver de leurs droits les \u00e9lecteurs d\u2019un d\u00e9put\u00e9, les laissant sans voix significative \u00e0 la L\u00e9gislature.  <\/p>\n<p>Dans son intervention, la CCLA soutient que le privil\u00e8ge parlementaire doit \u00eatre justifi\u00e9 par sa n\u00e9cessit\u00e9 pour les \u00ab fonctions l\u00e9gislatives ou d\u00e9lib\u00e9ratives de l\u2019Assembl\u00e9e l\u00e9gislative, ou son r\u00f4le dans la tenue du gouvernement responsable \u00bb.<\/p>\n<p>Le d\u00e9fi sous-jacent a \u00e9t\u00e9 lanc\u00e9 par la d\u00e9put\u00e9e provinciale Sarah Jama. La CCLA intervient dans cette affaire non pas pour appuyer l\u2019expression du d\u00e9put\u00e9 provincial, mais pour appuyer le r\u00f4le de la Cour dans la pr\u00e9servation du processus d\u00e9mocratique. <\/p>\n<p>Lisez notre fait <a href=\"https:\/\/dev.ccla.org\/wp-content\/uploads\/2024\/02\/2024-02-14-Factum-Intervener-CCLA-14-FEB-202435.pdf\">ici<\/a>.[\/vc_column_text][\/vc_column][\/vc_row][vc_row type=\u00a0\u00bbin_container\u00a0\u00bb full_screen_row_position=\u00a0\u00bbmiddle\u00a0\u00bb column_margin=\u00a0\u00bbdefault\u00a0\u00bb column_direction=\u00a0\u00bbdefault\u00a0\u00bb column_direction_tablet=\u00a0\u00bbdefault\u00a0\u00bb column_direction_phone=\u00a0\u00bbdefault\u00a0\u00bb scene_position=\u00a0\u00bbcenter\u00a0\u00bb text_color=\u00a0\u00bbdark\u00a0\u00bb text_align=\u00a0\u00bbleft\u00a0\u00bb row_border_radius=\u00a0\u00bbnone\u00a0\u00bb row_border_radius_applies=\u00a0\u00bbbg\u00a0\u00bb overlay_strength=\u00a0\u00bb0.3&Prime; gradient_direction=\u00a0\u00bbleft_to_right\u00a0\u00bb shape_divider_position=\u00a0\u00bbbottom\u00a0\u00bb bg_image_animation=\u00a0\u00bbnone\u00a0\u00bb][vc_column column_padding=\u00a0\u00bbno-extra-padding\u00a0\u00bb column_padding_tablet=\u00a0\u00bbinherit\u00a0\u00bb column_padding_phone=\u00a0\u00bbinherit\u00a0\u00bb column_padding_position=\u00a0\u00bball\u00a0\u00bb column_element_spacing=\u00a0\u00bbdefault\u00a0\u00bb background_color_opacity=\u00a0\u00bb1&Prime; background_hover_color_opacity=\u00a0\u00bb1&Prime; column_shadow=\u00a0\u00bbnone\u00a0\u00bb column_border_radius=\u00a0\u00bbnone\u00a0\u00bb column_link_target=\u00a0\u00bb_self\u00a0\u00bb gradient_direction=\u00a0\u00bbleft_to_right\u00a0\u00bb overlay_strength=\u00a0\u00bb0.3&Prime; width=\u00a0\u00bb1\/1&Prime; tablet_width_inherit=\u00a0\u00bbdefault\u00a0\u00bb tablet_text_alignment=\u00a0\u00bbdefault\u00a0\u00bb phone_text_alignment=\u00a0\u00bbdefault\u00a0\u00bb bg_image_animation=\u00a0\u00bbnone\u00a0\u00bb border_type=\u00a0\u00bbsimple\u00a0\u00bb column_border_width=\u00a0\u00bbnone\u00a0\u00bb column_border_style=\u00a0\u00bbsolid\u00a0\u00bb][nectar_global_section id=\u00a0\u00bb1461&Prime;][\/vc_column][\/vc_row][vc_row type=\u00a0\u00bbin_container\u00a0\u00bb full_screen_row_position=\u00a0\u00bbmiddle\u00a0\u00bb column_margin=\u00a0\u00bbdefault\u00a0\u00bb column_direction=\u00a0\u00bbdefault\u00a0\u00bb column_direction_tablet=\u00a0\u00bbdefault\u00a0\u00bb column_direction_phone=\u00a0\u00bbdefault\u00a0\u00bb scene_position=\u00a0\u00bbcenter\u00a0\u00bb text_color=\u00a0\u00bbdark\u00a0\u00bb text_align=\u00a0\u00bbleft\u00a0\u00bb row_border_radius=\u00a0\u00bbnone\u00a0\u00bb row_border_radius_applies=\u00a0\u00bbbg\u00a0\u00bb overlay_strength=\u00a0\u00bb0.3&Prime; gradient_direction=\u00a0\u00bbleft_to_right\u00a0\u00bb shape_divider_position=\u00a0\u00bbbottom\u00a0\u00bb bg_image_animation=\u00a0\u00bbnone\u00a0\u00bb][vc_column column_padding=\u00a0\u00bbno-extra-padding\u00a0\u00bb column_padding_tablet=\u00a0\u00bbinherit\u00a0\u00bb column_padding_phone=\u00a0\u00bbinherit\u00a0\u00bb column_padding_position=\u00a0\u00bball\u00a0\u00bb column_element_spacing=\u00a0\u00bbdefault\u00a0\u00bb background_color_opacity=\u00a0\u00bb1&Prime; background_hover_color_opacity=\u00a0\u00bb1&Prime; column_shadow=\u00a0\u00bbnone\u00a0\u00bb column_border_radius=\u00a0\u00bbnone\u00a0\u00bb column_link_target=\u00a0\u00bb_self\u00a0\u00bb gradient_direction=\u00a0\u00bbleft_to_right\u00a0\u00bb overlay_strength=\u00a0\u00bb0.3&Prime; width=\u00a0\u00bb1\/1&Prime; tablet_width_inherit=\u00a0\u00bbdefault\u00a0\u00bb tablet_text_alignment=\u00a0\u00bbdefault\u00a0\u00bb phone_text_alignment=\u00a0\u00bbdefault\u00a0\u00bb bg_image_animation=\u00a0\u00bbnone\u00a0\u00bb border_type=\u00a0\u00bbsimple\u00a0\u00bb column_border_width=\u00a0\u00bbnone\u00a0\u00bb column_border_style=\u00a0\u00bbsolid\u00a0\u00bb][vc_column_text]\n[\/vc_column_text][\/vc_column][\/vc_row]\n","protected":false},"excerpt":{"rendered":"<p>[vc_row type=\u00a0\u00bbin_container\u00a0\u00bb full_screen_row_position=\u00a0\u00bbmiddle\u00a0\u00bb column_margin=\u00a0\u00bbdefault\u00a0\u00bb column_direction=\u00a0\u00bbdefault\u00a0\u00bb column_direction_tablet=\u00a0\u00bbdefault\u00a0\u00bb column_direction_phone=\u00a0\u00bbdefault\u00a0\u00bb scene_position=\u00a0\u00bbcenter\u00a0\u00bb text_color=\u00a0\u00bbdark\u00a0\u00bb text_align=\u00a0\u00bbleft\u00a0\u00bb row_border_radius=\u00a0\u00bbnone\u00a0\u00bb row_border_radius_applies=\u00a0\u00bbbg\u00a0\u00bb overlay_strength=\u00a0\u00bb0.3&Prime; gradient_direction=\u00a0\u00bbleft_to_right\u00a0\u00bb shape_divider_position=\u00a0\u00bbbottom\u00a0\u00bb bg_image_animation=\u00a0\u00bbnone\u00a0\u00bb][vc_column column_padding=\u00a0\u00bbno-extra-padding\u00a0\u00bb column_padding_tablet=\u00a0\u00bbinherit\u00a0\u00bb column_padding_phone=\u00a0\u00bbinherit\u00a0\u00bb column_padding_position=\u00a0\u00bball\u00a0\u00bb column_element_spacing=\u00a0\u00bbdefault\u00a0\u00bb background_color_opacity=\u00a0\u00bb1&Prime; background_hover_color_opacity=\u00a0\u00bb1&Prime; column_shadow=\u00a0\u00bbnone\u00a0\u00bb column_border_radius=\u00a0\u00bbnone\u00a0\u00bb column_link_target=\u00a0\u00bb_self\u00a0\u00bb gradient_direction=\u00a0\u00bbleft_to_right\u00a0\u00bb overlay_strength=\u00a0\u00bb0.3&Prime; width=\u00a0\u00bb1\/1&Prime; tablet_width_inherit=\u00a0\u00bbdefault\u00a0\u00bb&#8230;<\/p>\n","protected":false},"author":4,"featured_media":12501,"comment_status":"closed","ping_status":"closed","sticky":false,"template":"","format":"standard","meta":{"footnotes":""},"categories":[274,273],"tags":[],"class_list":{"0":"post-14149","1":"post","2":"type-post","3":"status-publish","4":"format-standard","5":"has-post-thumbnail","7":"category-droits-democratiques","8":"category-libertes-fondamentales"},"yoast_head":"<!-- This site is optimized with the Yoast SEO plugin v27.4 - https:\/\/yoast.com\/product\/yoast-seo-wordpress\/ -->\n<title>La CCLA intervient sur le privil\u00e8ge parlementaire et la d\u00e9mocratie - CCLA<\/title>\n<meta name=\"robots\" content=\"noindex, follow, max-snippet:-1, max-image-preview:large, max-video-preview:-1\" \/>\n<meta property=\"og:locale\" content=\"fr_CA\" \/>\n<meta property=\"og:type\" content=\"article\" \/>\n<meta property=\"og:title\" content=\"La CCLA intervient sur le privil\u00e8ge parlementaire et la d\u00e9mocratie - CCLA\" \/>\n<meta property=\"og:description\" content=\"[vc_row type=\u00a0\u00bbin_container\u00a0\u00bb full_screen_row_position=\u00a0\u00bbmiddle\u00a0\u00bb column_margin=\u00a0\u00bbdefault\u00a0\u00bb column_direction=\u00a0\u00bbdefault\u00a0\u00bb column_direction_tablet=\u00a0\u00bbdefault\u00a0\u00bb column_direction_phone=\u00a0\u00bbdefault\u00a0\u00bb scene_position=\u00a0\u00bbcenter\u00a0\u00bb text_color=\u00a0\u00bbdark\u00a0\u00bb text_align=\u00a0\u00bbleft\u00a0\u00bb row_border_radius=\u00a0\u00bbnone\u00a0\u00bb row_border_radius_applies=\u00a0\u00bbbg\u00a0\u00bb overlay_strength=\u00a0\u00bb0.3&Prime; gradient_direction=\u00a0\u00bbleft_to_right\u00a0\u00bb shape_divider_position=\u00a0\u00bbbottom\u00a0\u00bb bg_image_animation=\u00a0\u00bbnone\u00a0\u00bb][vc_column column_padding=\u00a0\u00bbno-extra-padding\u00a0\u00bb column_padding_tablet=\u00a0\u00bbinherit\u00a0\u00bb column_padding_phone=\u00a0\u00bbinherit\u00a0\u00bb column_padding_position=\u00a0\u00bball\u00a0\u00bb column_element_spacing=\u00a0\u00bbdefault\u00a0\u00bb background_color_opacity=\u00a0\u00bb1&Prime; background_hover_color_opacity=\u00a0\u00bb1&Prime; column_shadow=\u00a0\u00bbnone\u00a0\u00bb column_border_radius=\u00a0\u00bbnone\u00a0\u00bb column_link_target=\u00a0\u00bb_self\u00a0\u00bb gradient_direction=\u00a0\u00bbleft_to_right\u00a0\u00bb overlay_strength=\u00a0\u00bb0.3&Prime; width=\u00a0\u00bb1\/1&Prime; tablet_width_inherit=\u00a0\u00bbdefault\u00a0\u00bb...\" \/>\n<meta property=\"og:url\" content=\"https:\/\/dev.ccla.org\/fr\/libertes-fondamentales\/la-ccla-intervient-sur-le-privilege-parlementaire-et-la-democratie\/\" \/>\n<meta property=\"og:site_name\" content=\"CCLA\" \/>\n<meta property=\"article:published_time\" content=\"2024-02-22T14:10:22+00:00\" \/>\n<meta property=\"article:modified_time\" content=\"2026-04-23T18:18:19+00:00\" \/>\n<meta property=\"og:image\" content=\"https:\/\/dev.ccla.org\/wp-content\/uploads\/2021\/07\/privacy-judge-writing-N6GSRQJ.jpg\" \/>\n\t<meta property=\"og:image:width\" content=\"2000\" \/>\n\t<meta property=\"og:image:height\" content=\"800\" \/>\n\t<meta property=\"og:image:type\" content=\"image\/jpeg\" \/>\n<meta name=\"author\" content=\"CCLA\" \/>\n<meta name=\"twitter:card\" content=\"summary_large_image\" \/>\n<meta name=\"twitter:label1\" content=\"\u00c9crit par\" \/>\n\t<meta name=\"twitter:data1\" content=\"CCLA\" \/>\n\t<meta name=\"twitter:label2\" content=\"Estimation du temps de lecture\" \/>\n\t<meta name=\"twitter:data2\" content=\"4 minutes\" \/>\n<script type=\"application\/ld+json\" class=\"yoast-schema-graph\">{\"@context\":\"https:\\\/\\\/schema.org\",\"@graph\":[{\"@type\":\"Article\",\"@id\":\"https:\\\/\\\/dev.ccla.org\\\/fr\\\/libertes-fondamentales\\\/la-ccla-intervient-sur-le-privilege-parlementaire-et-la-democratie\\\/#article\",\"isPartOf\":{\"@id\":\"https:\\\/\\\/dev.ccla.org\\\/fr\\\/libertes-fondamentales\\\/la-ccla-intervient-sur-le-privilege-parlementaire-et-la-democratie\\\/\"},\"author\":{\"name\":\"CCLA\",\"@id\":\"https:\\\/\\\/dev.ccla.org\\\/fr\\\/#\\\/schema\\\/person\\\/e48728d4a52926205e807fd8c52bf3b0\"},\"headline\":\"La CCLA intervient sur le privil\u00e8ge parlementaire et la d\u00e9mocratie\",\"datePublished\":\"2024-02-22T14:10:22+00:00\",\"dateModified\":\"2026-04-23T18:18:19+00:00\",\"mainEntityOfPage\":{\"@id\":\"https:\\\/\\\/dev.ccla.org\\\/fr\\\/libertes-fondamentales\\\/la-ccla-intervient-sur-le-privilege-parlementaire-et-la-democratie\\\/\"},\"wordCount\":759,\"image\":{\"@id\":\"https:\\\/\\\/dev.ccla.org\\\/fr\\\/libertes-fondamentales\\\/la-ccla-intervient-sur-le-privilege-parlementaire-et-la-democratie\\\/#primaryimage\"},\"thumbnailUrl\":\"https:\\\/\\\/dev.ccla.org\\\/wp-content\\\/uploads\\\/2021\\\/07\\\/privacy-judge-writing-N6GSRQJ.jpg\",\"articleSection\":[\"Droits d\u00e9mocratiques\",\"LIBERT\u00c9S FONDAMENTALES\"],\"inLanguage\":\"fr-CA\"},{\"@type\":\"WebPage\",\"@id\":\"https:\\\/\\\/dev.ccla.org\\\/fr\\\/libertes-fondamentales\\\/la-ccla-intervient-sur-le-privilege-parlementaire-et-la-democratie\\\/\",\"url\":\"https:\\\/\\\/dev.ccla.org\\\/fr\\\/libertes-fondamentales\\\/la-ccla-intervient-sur-le-privilege-parlementaire-et-la-democratie\\\/\",\"name\":\"La CCLA intervient sur le privil\u00e8ge parlementaire et la d\u00e9mocratie - CCLA\",\"isPartOf\":{\"@id\":\"https:\\\/\\\/dev.ccla.org\\\/fr\\\/#website\"},\"primaryImageOfPage\":{\"@id\":\"https:\\\/\\\/dev.ccla.org\\\/fr\\\/libertes-fondamentales\\\/la-ccla-intervient-sur-le-privilege-parlementaire-et-la-democratie\\\/#primaryimage\"},\"image\":{\"@id\":\"https:\\\/\\\/dev.ccla.org\\\/fr\\\/libertes-fondamentales\\\/la-ccla-intervient-sur-le-privilege-parlementaire-et-la-democratie\\\/#primaryimage\"},\"thumbnailUrl\":\"https:\\\/\\\/dev.ccla.org\\\/wp-content\\\/uploads\\\/2021\\\/07\\\/privacy-judge-writing-N6GSRQJ.jpg\",\"datePublished\":\"2024-02-22T14:10:22+00:00\",\"dateModified\":\"2026-04-23T18:18:19+00:00\",\"author\":{\"@id\":\"https:\\\/\\\/dev.ccla.org\\\/fr\\\/#\\\/schema\\\/person\\\/e48728d4a52926205e807fd8c52bf3b0\"},\"breadcrumb\":{\"@id\":\"https:\\\/\\\/dev.ccla.org\\\/fr\\\/libertes-fondamentales\\\/la-ccla-intervient-sur-le-privilege-parlementaire-et-la-democratie\\\/#breadcrumb\"},\"inLanguage\":\"fr-CA\",\"potentialAction\":[{\"@type\":\"ReadAction\",\"target\":[\"https:\\\/\\\/dev.ccla.org\\\/fr\\\/libertes-fondamentales\\\/la-ccla-intervient-sur-le-privilege-parlementaire-et-la-democratie\\\/\"]}]},{\"@type\":\"ImageObject\",\"inLanguage\":\"fr-CA\",\"@id\":\"https:\\\/\\\/dev.ccla.org\\\/fr\\\/libertes-fondamentales\\\/la-ccla-intervient-sur-le-privilege-parlementaire-et-la-democratie\\\/#primaryimage\",\"url\":\"https:\\\/\\\/dev.ccla.org\\\/wp-content\\\/uploads\\\/2021\\\/07\\\/privacy-judge-writing-N6GSRQJ.jpg\",\"contentUrl\":\"https:\\\/\\\/dev.ccla.org\\\/wp-content\\\/uploads\\\/2021\\\/07\\\/privacy-judge-writing-N6GSRQJ.jpg\",\"width\":2000,\"height\":800},{\"@type\":\"BreadcrumbList\",\"@id\":\"https:\\\/\\\/dev.ccla.org\\\/fr\\\/libertes-fondamentales\\\/la-ccla-intervient-sur-le-privilege-parlementaire-et-la-democratie\\\/#breadcrumb\",\"itemListElement\":[{\"@type\":\"ListItem\",\"position\":1,\"name\":\"Home\",\"item\":\"https:\\\/\\\/dev.ccla.org\\\/fr\\\/accueil\\\/\"},{\"@type\":\"ListItem\",\"position\":2,\"name\":\"Non class\u00e9\",\"item\":\"https:\\\/\\\/dev.ccla.org\\\/fr\\\/category\\\/non-classe\\\/\"},{\"@type\":\"ListItem\",\"position\":3,\"name\":\"La CCLA intervient sur le privil\u00e8ge parlementaire et la d\u00e9mocratie\"}]},{\"@type\":\"WebSite\",\"@id\":\"https:\\\/\\\/dev.ccla.org\\\/fr\\\/#website\",\"url\":\"https:\\\/\\\/dev.ccla.org\\\/fr\\\/\",\"name\":\"CCLA\",\"description\":\"\",\"potentialAction\":[{\"@type\":\"SearchAction\",\"target\":{\"@type\":\"EntryPoint\",\"urlTemplate\":\"https:\\\/\\\/dev.ccla.org\\\/fr\\\/?s={search_term_string}\"},\"query-input\":{\"@type\":\"PropertyValueSpecification\",\"valueRequired\":true,\"valueName\":\"search_term_string\"}}],\"inLanguage\":\"fr-CA\"},{\"@type\":\"Person\",\"@id\":\"https:\\\/\\\/dev.ccla.org\\\/fr\\\/#\\\/schema\\\/person\\\/e48728d4a52926205e807fd8c52bf3b0\",\"name\":\"CCLA\",\"image\":{\"@type\":\"ImageObject\",\"inLanguage\":\"fr-CA\",\"@id\":\"https:\\\/\\\/secure.gravatar.com\\\/avatar\\\/03b13921772ba279da547407d7a85f0b4a10bdf8cc9a026f2ac4e10643eee315?s=96&d=blank&r=g\",\"url\":\"https:\\\/\\\/secure.gravatar.com\\\/avatar\\\/03b13921772ba279da547407d7a85f0b4a10bdf8cc9a026f2ac4e10643eee315?s=96&d=blank&r=g\",\"contentUrl\":\"https:\\\/\\\/secure.gravatar.com\\\/avatar\\\/03b13921772ba279da547407d7a85f0b4a10bdf8cc9a026f2ac4e10643eee315?s=96&d=blank&r=g\",\"caption\":\"CCLA\"},\"url\":\"https:\\\/\\\/dev.ccla.org\\\/fr\\\/author\\\/ccla\\\/\"}]}<\/script>\n<!-- \/ Yoast SEO plugin. -->","yoast_head_json":{"title":"La CCLA intervient sur le privil\u00e8ge parlementaire et la d\u00e9mocratie - CCLA","robots":{"index":"noindex","follow":"follow","max-snippet":"max-snippet:-1","max-image-preview":"max-image-preview:large","max-video-preview":"max-video-preview:-1"},"og_locale":"fr_CA","og_type":"article","og_title":"La CCLA intervient sur le privil\u00e8ge parlementaire et la d\u00e9mocratie - CCLA","og_description":"[vc_row type=\u00a0\u00bbin_container\u00a0\u00bb full_screen_row_position=\u00a0\u00bbmiddle\u00a0\u00bb column_margin=\u00a0\u00bbdefault\u00a0\u00bb column_direction=\u00a0\u00bbdefault\u00a0\u00bb column_direction_tablet=\u00a0\u00bbdefault\u00a0\u00bb column_direction_phone=\u00a0\u00bbdefault\u00a0\u00bb scene_position=\u00a0\u00bbcenter\u00a0\u00bb text_color=\u00a0\u00bbdark\u00a0\u00bb text_align=\u00a0\u00bbleft\u00a0\u00bb row_border_radius=\u00a0\u00bbnone\u00a0\u00bb row_border_radius_applies=\u00a0\u00bbbg\u00a0\u00bb overlay_strength=\u00a0\u00bb0.3&Prime; gradient_direction=\u00a0\u00bbleft_to_right\u00a0\u00bb shape_divider_position=\u00a0\u00bbbottom\u00a0\u00bb bg_image_animation=\u00a0\u00bbnone\u00a0\u00bb][vc_column column_padding=\u00a0\u00bbno-extra-padding\u00a0\u00bb column_padding_tablet=\u00a0\u00bbinherit\u00a0\u00bb column_padding_phone=\u00a0\u00bbinherit\u00a0\u00bb column_padding_position=\u00a0\u00bball\u00a0\u00bb column_element_spacing=\u00a0\u00bbdefault\u00a0\u00bb background_color_opacity=\u00a0\u00bb1&Prime; background_hover_color_opacity=\u00a0\u00bb1&Prime; column_shadow=\u00a0\u00bbnone\u00a0\u00bb column_border_radius=\u00a0\u00bbnone\u00a0\u00bb column_link_target=\u00a0\u00bb_self\u00a0\u00bb gradient_direction=\u00a0\u00bbleft_to_right\u00a0\u00bb overlay_strength=\u00a0\u00bb0.3&Prime; width=\u00a0\u00bb1\/1&Prime; tablet_width_inherit=\u00a0\u00bbdefault\u00a0\u00bb...","og_url":"https:\/\/dev.ccla.org\/fr\/libertes-fondamentales\/la-ccla-intervient-sur-le-privilege-parlementaire-et-la-democratie\/","og_site_name":"CCLA","article_published_time":"2024-02-22T14:10:22+00:00","article_modified_time":"2026-04-23T18:18:19+00:00","og_image":[{"width":2000,"height":800,"url":"https:\/\/dev.ccla.org\/wp-content\/uploads\/2021\/07\/privacy-judge-writing-N6GSRQJ.jpg","type":"image\/jpeg"}],"author":"CCLA","twitter_card":"summary_large_image","twitter_misc":{"\u00c9crit par":"CCLA","Estimation du temps de lecture":"4 minutes"},"schema":{"@context":"https:\/\/schema.org","@graph":[{"@type":"Article","@id":"https:\/\/dev.ccla.org\/fr\/libertes-fondamentales\/la-ccla-intervient-sur-le-privilege-parlementaire-et-la-democratie\/#article","isPartOf":{"@id":"https:\/\/dev.ccla.org\/fr\/libertes-fondamentales\/la-ccla-intervient-sur-le-privilege-parlementaire-et-la-democratie\/"},"author":{"name":"CCLA","@id":"https:\/\/dev.ccla.org\/fr\/#\/schema\/person\/e48728d4a52926205e807fd8c52bf3b0"},"headline":"La CCLA intervient sur le privil\u00e8ge parlementaire et la d\u00e9mocratie","datePublished":"2024-02-22T14:10:22+00:00","dateModified":"2026-04-23T18:18:19+00:00","mainEntityOfPage":{"@id":"https:\/\/dev.ccla.org\/fr\/libertes-fondamentales\/la-ccla-intervient-sur-le-privilege-parlementaire-et-la-democratie\/"},"wordCount":759,"image":{"@id":"https:\/\/dev.ccla.org\/fr\/libertes-fondamentales\/la-ccla-intervient-sur-le-privilege-parlementaire-et-la-democratie\/#primaryimage"},"thumbnailUrl":"https:\/\/dev.ccla.org\/wp-content\/uploads\/2021\/07\/privacy-judge-writing-N6GSRQJ.jpg","articleSection":["Droits d\u00e9mocratiques","LIBERT\u00c9S FONDAMENTALES"],"inLanguage":"fr-CA"},{"@type":"WebPage","@id":"https:\/\/dev.ccla.org\/fr\/libertes-fondamentales\/la-ccla-intervient-sur-le-privilege-parlementaire-et-la-democratie\/","url":"https:\/\/dev.ccla.org\/fr\/libertes-fondamentales\/la-ccla-intervient-sur-le-privilege-parlementaire-et-la-democratie\/","name":"La CCLA intervient sur le privil\u00e8ge parlementaire et la d\u00e9mocratie - CCLA","isPartOf":{"@id":"https:\/\/dev.ccla.org\/fr\/#website"},"primaryImageOfPage":{"@id":"https:\/\/dev.ccla.org\/fr\/libertes-fondamentales\/la-ccla-intervient-sur-le-privilege-parlementaire-et-la-democratie\/#primaryimage"},"image":{"@id":"https:\/\/dev.ccla.org\/fr\/libertes-fondamentales\/la-ccla-intervient-sur-le-privilege-parlementaire-et-la-democratie\/#primaryimage"},"thumbnailUrl":"https:\/\/dev.ccla.org\/wp-content\/uploads\/2021\/07\/privacy-judge-writing-N6GSRQJ.jpg","datePublished":"2024-02-22T14:10:22+00:00","dateModified":"2026-04-23T18:18:19+00:00","author":{"@id":"https:\/\/dev.ccla.org\/fr\/#\/schema\/person\/e48728d4a52926205e807fd8c52bf3b0"},"breadcrumb":{"@id":"https:\/\/dev.ccla.org\/fr\/libertes-fondamentales\/la-ccla-intervient-sur-le-privilege-parlementaire-et-la-democratie\/#breadcrumb"},"inLanguage":"fr-CA","potentialAction":[{"@type":"ReadAction","target":["https:\/\/dev.ccla.org\/fr\/libertes-fondamentales\/la-ccla-intervient-sur-le-privilege-parlementaire-et-la-democratie\/"]}]},{"@type":"ImageObject","inLanguage":"fr-CA","@id":"https:\/\/dev.ccla.org\/fr\/libertes-fondamentales\/la-ccla-intervient-sur-le-privilege-parlementaire-et-la-democratie\/#primaryimage","url":"https:\/\/dev.ccla.org\/wp-content\/uploads\/2021\/07\/privacy-judge-writing-N6GSRQJ.jpg","contentUrl":"https:\/\/dev.ccla.org\/wp-content\/uploads\/2021\/07\/privacy-judge-writing-N6GSRQJ.jpg","width":2000,"height":800},{"@type":"BreadcrumbList","@id":"https:\/\/dev.ccla.org\/fr\/libertes-fondamentales\/la-ccla-intervient-sur-le-privilege-parlementaire-et-la-democratie\/#breadcrumb","itemListElement":[{"@type":"ListItem","position":1,"name":"Home","item":"https:\/\/dev.ccla.org\/fr\/accueil\/"},{"@type":"ListItem","position":2,"name":"Non class\u00e9","item":"https:\/\/dev.ccla.org\/fr\/category\/non-classe\/"},{"@type":"ListItem","position":3,"name":"La CCLA intervient sur le privil\u00e8ge parlementaire et la d\u00e9mocratie"}]},{"@type":"WebSite","@id":"https:\/\/dev.ccla.org\/fr\/#website","url":"https:\/\/dev.ccla.org\/fr\/","name":"CCLA","description":"","potentialAction":[{"@type":"SearchAction","target":{"@type":"EntryPoint","urlTemplate":"https:\/\/dev.ccla.org\/fr\/?s={search_term_string}"},"query-input":{"@type":"PropertyValueSpecification","valueRequired":true,"valueName":"search_term_string"}}],"inLanguage":"fr-CA"},{"@type":"Person","@id":"https:\/\/dev.ccla.org\/fr\/#\/schema\/person\/e48728d4a52926205e807fd8c52bf3b0","name":"CCLA","image":{"@type":"ImageObject","inLanguage":"fr-CA","@id":"https:\/\/secure.gravatar.com\/avatar\/03b13921772ba279da547407d7a85f0b4a10bdf8cc9a026f2ac4e10643eee315?s=96&d=blank&r=g","url":"https:\/\/secure.gravatar.com\/avatar\/03b13921772ba279da547407d7a85f0b4a10bdf8cc9a026f2ac4e10643eee315?s=96&d=blank&r=g","contentUrl":"https:\/\/secure.gravatar.com\/avatar\/03b13921772ba279da547407d7a85f0b4a10bdf8cc9a026f2ac4e10643eee315?s=96&d=blank&r=g","caption":"CCLA"},"url":"https:\/\/dev.ccla.org\/fr\/author\/ccla\/"}]}},"_links":{"self":[{"href":"https:\/\/dev.ccla.org\/fr\/wp-json\/wp\/v2\/posts\/14149","targetHints":{"allow":["GET"]}}],"collection":[{"href":"https:\/\/dev.ccla.org\/fr\/wp-json\/wp\/v2\/posts"}],"about":[{"href":"https:\/\/dev.ccla.org\/fr\/wp-json\/wp\/v2\/types\/post"}],"author":[{"embeddable":true,"href":"https:\/\/dev.ccla.org\/fr\/wp-json\/wp\/v2\/users\/4"}],"replies":[{"embeddable":true,"href":"https:\/\/dev.ccla.org\/fr\/wp-json\/wp\/v2\/comments?post=14149"}],"version-history":[{"count":1,"href":"https:\/\/dev.ccla.org\/fr\/wp-json\/wp\/v2\/posts\/14149\/revisions"}],"predecessor-version":[{"id":14154,"href":"https:\/\/dev.ccla.org\/fr\/wp-json\/wp\/v2\/posts\/14149\/revisions\/14154"}],"wp:featuredmedia":[{"embeddable":true,"href":"https:\/\/dev.ccla.org\/fr\/wp-json\/wp\/v2\/media\/12501"}],"wp:attachment":[{"href":"https:\/\/dev.ccla.org\/fr\/wp-json\/wp\/v2\/media?parent=14149"}],"wp:term":[{"taxonomy":"category","embeddable":true,"href":"https:\/\/dev.ccla.org\/fr\/wp-json\/wp\/v2\/categories?post=14149"},{"taxonomy":"post_tag","embeddable":true,"href":"https:\/\/dev.ccla.org\/fr\/wp-json\/wp\/v2\/tags?post=14149"}],"curies":[{"name":"wp","href":"https:\/\/api.w.org\/{rel}","templated":true}]}}