{"id":14045,"date":"2023-05-26T21:30:50","date_gmt":"2023-05-27T01:30:50","guid":{"rendered":"https:\/\/dev.ccla.org\/non-classe\/soumission-de-la-ccla-sur-les-partis-politiques-et-la-legislation-sur-la-vie-privee\/"},"modified":"2026-04-23T14:17:54","modified_gmt":"2026-04-23T18:17:54","slug":"soumission-de-la-ccla-sur-les-partis-politiques-et-la-legislation-sur-la-vie-privee","status":"publish","type":"post","link":"https:\/\/dev.ccla.org\/fr\/vie-privee\/reforme-des-lois-sur-la-vie-privee\/soumission-de-la-ccla-sur-les-partis-politiques-et-la-legislation-sur-la-vie-privee\/","title":{"rendered":"Soumission de la CCLA sur les partis politiques et la l\u00e9gislation sur la vie priv\u00e9e"},"content":{"rendered":"[vc_row type=\u00a0\u00bbin_container\u00a0\u00bb full_screen_row_position=\u00a0\u00bbmiddle\u00a0\u00bb column_margin=\u00a0\u00bbdefault\u00a0\u00bb column_direction=\u00a0\u00bbdefault\u00a0\u00bb column_direction_tablet=\u00a0\u00bbdefault\u00a0\u00bb column_direction_phone=\u00a0\u00bbdefault\u00a0\u00bb scene_position=\u00a0\u00bbcenter\u00a0\u00bb text_color=\u00a0\u00bbdark\u00a0\u00bb text_align=\u00a0\u00bbleft\u00a0\u00bb row_border_radius=\u00a0\u00bbnone\u00a0\u00bb row_border_radius_applies=\u00a0\u00bbbg\u00a0\u00bb overlay_strength=\u00a0\u00bb0.3&Prime; gradient_direction=\u00a0\u00bbleft_to_right\u00a0\u00bb shape_divider_position=\u00a0\u00bbbottom\u00a0\u00bb bg_image_animation=\u00a0\u00bbnone\u00a0\u00bb][vc_column column_padding=\u00a0\u00bbno-extra-padding\u00a0\u00bb column_padding_tablet=\u00a0\u00bbinherit\u00a0\u00bb column_padding_phone=\u00a0\u00bbinherit\u00a0\u00bb column_padding_position=\u00a0\u00bball\u00a0\u00bb column_element_spacing=\u00a0\u00bbdefault\u00a0\u00bb background_color_opacity=\u00a0\u00bb1&Prime; background_hover_color_opacity=\u00a0\u00bb1&Prime; column_shadow=\u00a0\u00bbnone\u00a0\u00bb column_border_radius=\u00a0\u00bbnone\u00a0\u00bb column_link_target=\u00a0\u00bb_self\u00a0\u00bb gradient_direction=\u00a0\u00bbleft_to_right\u00a0\u00bb overlay_strength=\u00a0\u00bb0.3&Prime; width=\u00a0\u00bb1\/1&Prime; tablet_width_inherit=\u00a0\u00bbdefault\u00a0\u00bb tablet_text_alignment=\u00a0\u00bbdefault\u00a0\u00bb phone_text_alignment=\u00a0\u00bbdefault\u00a0\u00bb bg_image_animation=\u00a0\u00bbnone\u00a0\u00bb border_type=\u00a0\u00bbsimple\u00a0\u00bb column_border_width=\u00a0\u00bbnone\u00a0\u00bb column_border_style=\u00a0\u00bbsolid\u00a0\u00bb][nectar_global_section id=\u00a0\u00bb1355&Prime;][\/vc_column][\/vc_row][vc_row type=\u00a0\u00bbin_container\u00a0\u00bb full_screen_row_position=\u00a0\u00bbmiddle\u00a0\u00bb column_margin=\u00a0\u00bbdefault\u00a0\u00bb column_direction=\u00a0\u00bbdefault\u00a0\u00bb column_direction_tablet=\u00a0\u00bbdefault\u00a0\u00bb column_direction_phone=\u00a0\u00bbdefault\u00a0\u00bb scene_position=\u00a0\u00bbcenter\u00a0\u00bb text_color=\u00a0\u00bbdark\u00a0\u00bb text_align=\u00a0\u00bbleft\u00a0\u00bb row_border_radius=\u00a0\u00bbnone\u00a0\u00bb row_border_radius_applies=\u00a0\u00bbbg\u00a0\u00bb overlay_strength=\u00a0\u00bb0.3&Prime; gradient_direction=\u00a0\u00bbleft_to_right\u00a0\u00bb shape_divider_position=\u00a0\u00bbbottom\u00a0\u00bb bg_image_animation=\u00a0\u00bbnone\u00a0\u00bb][vc_column column_padding=\u00a0\u00bbno-extra-padding\u00a0\u00bb column_padding_tablet=\u00a0\u00bbinherit\u00a0\u00bb column_padding_phone=\u00a0\u00bbinherit\u00a0\u00bb column_padding_position=\u00a0\u00bball\u00a0\u00bb column_element_spacing=\u00a0\u00bbdefault\u00a0\u00bb background_color_opacity=\u00a0\u00bb1&Prime; background_hover_color_opacity=\u00a0\u00bb1&Prime; column_shadow=\u00a0\u00bbnone\u00a0\u00bb column_border_radius=\u00a0\u00bbnone\u00a0\u00bb column_link_target=\u00a0\u00bb_self\u00a0\u00bb gradient_direction=\u00a0\u00bbleft_to_right\u00a0\u00bb overlay_strength=\u00a0\u00bb0.3&Prime; width=\u00a0\u00bb1\/1&Prime; tablet_width_inherit=\u00a0\u00bbdefault\u00a0\u00bb tablet_text_alignment=\u00a0\u00bbdefault\u00a0\u00bb phone_text_alignment=\u00a0\u00bbdefault\u00a0\u00bb bg_image_animation=\u00a0\u00bbnone\u00a0\u00bb border_type=\u00a0\u00bbsimple\u00a0\u00bb column_border_width=\u00a0\u00bbnone\u00a0\u00bb column_border_style=\u00a0\u00bbsolid\u00a0\u00bb][vc_column_text]Daniel Konikoff (directeur int\u00e9rimaire du programme de confidentialit\u00e9, technologie et surveillance) et Tashi Alford-Duguid (avocate du personnel) ont pr\u00e9sent\u00e9 une soumission \u00e9crite au Comit\u00e9 permanent du S\u00e9nat sur les affaires juridiques et constitutionnelles concernant le projet de loi C-47, Loi visant \u00e0 mettre en \u0153uvre certaines dispositions du budget pr\u00e9sent\u00e9 au Parlement. La CCLA r\u00e9pond \u00e0 la division 39, une section du projet de loi qui propose des amendements \u00e0 la Loi \u00e9lectorale du Canada afin d\u2019enrichir davantage l\u2019exclusion des partis politiques d\u2019une l\u00e9gislation nationale significative sur la vie priv\u00e9e. <\/p>\n<p>Voir ici la soumission \u00e9crite : <a href=\"https:\/\/dev.ccla.org\/wp-content\/uploads\/2023\/05\/2023-05-19-Bill-C-47-LCJC-Submission-English.pdf\" target=\"_blank\" rel=\"noopener\">Soumission au CCJ du projet de loi C-47<\/a>[\/vc_column_text][\/vc_column][\/vc_row][vc_row type=\u00a0\u00bbin_container\u00a0\u00bb full_screen_row_position=\u00a0\u00bbmiddle\u00a0\u00bb column_margin=\u00a0\u00bbdefault\u00a0\u00bb column_direction=\u00a0\u00bbdefault\u00a0\u00bb column_direction_tablet=\u00a0\u00bbdefault\u00a0\u00bb column_direction_phone=\u00a0\u00bbdefault\u00a0\u00bb scene_position=\u00a0\u00bbcenter\u00a0\u00bb text_color=\u00a0\u00bbdark\u00a0\u00bb text_align=\u00a0\u00bbleft\u00a0\u00bb row_border_radius=\u00a0\u00bbnone\u00a0\u00bb row_border_radius_applies=\u00a0\u00bbbg\u00a0\u00bb overlay_strength=\u00a0\u00bb0.3&Prime; gradient_direction=\u00a0\u00bbleft_to_right\u00a0\u00bb shape_divider_position=\u00a0\u00bbbottom\u00a0\u00bb bg_image_animation=\u00a0\u00bbnone\u00a0\u00bb][vc_column column_padding=\u00a0\u00bbno-extra-padding\u00a0\u00bb column_padding_tablet=\u00a0\u00bbinherit\u00a0\u00bb column_padding_phone=\u00a0\u00bbinherit\u00a0\u00bb column_padding_position=\u00a0\u00bball\u00a0\u00bb column_element_spacing=\u00a0\u00bbdefault\u00a0\u00bb background_color_opacity=\u00a0\u00bb1&Prime; background_hover_color_opacity=\u00a0\u00bb1&Prime; column_shadow=\u00a0\u00bbnone\u00a0\u00bb column_border_radius=\u00a0\u00bbnone\u00a0\u00bb column_link_target=\u00a0\u00bb_self\u00a0\u00bb gradient_direction=\u00a0\u00bbleft_to_right\u00a0\u00bb overlay_strength=\u00a0\u00bb0.3&Prime; width=\u00a0\u00bb1\/1&Prime; tablet_width_inherit=\u00a0\u00bbdefault\u00a0\u00bb tablet_text_alignment=\u00a0\u00bbdefault\u00a0\u00bb phone_text_alignment=\u00a0\u00bbdefault\u00a0\u00bb bg_image_animation=\u00a0\u00bbnone\u00a0\u00bb border_type=\u00a0\u00bbsimple\u00a0\u00bb column_border_width=\u00a0\u00bbnone\u00a0\u00bb column_border_style=\u00a0\u00bbsolid\u00a0\u00bb][nectar_global_section id=\u00a0\u00bb1461&Prime;][\/vc_column][\/vc_row]\n","protected":false},"excerpt":{"rendered":"<p>Daniel Konikoff (directeur int\u00e9rimaire du programme de confidentialit\u00e9, technologie et surveillance) et Tashi Alford-Duguid (avocate du personnel) ont pr\u00e9sent\u00e9 une soumission \u00e9crite au Comit\u00e9 permanent du S\u00e9nat sur les affaires juridiques et constitutionnelles concernant le projet de loi C-47, Loi visant \u00e0 mettre en \u0153uvre certaines dispositions du budget pr\u00e9sent\u00e9 au Parlement.  <\/p>\n","protected":false},"author":4,"featured_media":14047,"comment_status":"closed","ping_status":"closed","sticky":false,"template":"","format":"standard","meta":{"footnotes":""},"categories":[278,277],"tags":[],"class_list":{"0":"post-14045","1":"post","2":"type-post","3":"status-publish","4":"format-standard","5":"has-post-thumbnail","7":"category-reforme-des-lois-sur-la-vie-privee","8":"category-vie-privee"},"yoast_head":"<!-- This site is optimized with the Yoast SEO plugin v27.4 - https:\/\/yoast.com\/product\/yoast-seo-wordpress\/ -->\n<title>Soumission de la CCLA sur les partis politiques et la l\u00e9gislation sur la vie priv\u00e9e - CCLA<\/title>\n<meta name=\"robots\" content=\"noindex, follow, max-snippet:-1, max-image-preview:large, max-video-preview:-1\" \/>\n<meta property=\"og:locale\" content=\"fr_CA\" \/>\n<meta property=\"og:type\" content=\"article\" \/>\n<meta property=\"og:title\" content=\"Soumission de la CCLA sur les partis politiques et la l\u00e9gislation sur la vie priv\u00e9e - CCLA\" \/>\n<meta property=\"og:description\" content=\"Daniel Konikoff (directeur int\u00e9rimaire du programme de confidentialit\u00e9, technologie et surveillance) et Tashi Alford-Duguid (avocate du personnel) ont pr\u00e9sent\u00e9 une soumission \u00e9crite au Comit\u00e9 permanent du S\u00e9nat sur les affaires juridiques et constitutionnelles concernant le projet de loi C-47, Loi visant \u00e0 mettre en \u0153uvre certaines dispositions du budget pr\u00e9sent\u00e9 au Parlement.\" \/>\n<meta property=\"og:url\" content=\"https:\/\/dev.ccla.org\/fr\/vie-privee\/reforme-des-lois-sur-la-vie-privee\/soumission-de-la-ccla-sur-les-partis-politiques-et-la-legislation-sur-la-vie-privee\/\" \/>\n<meta property=\"og:site_name\" content=\"CCLA\" \/>\n<meta property=\"article:published_time\" content=\"2023-05-27T01:30:50+00:00\" \/>\n<meta property=\"article:modified_time\" content=\"2026-04-23T18:17:54+00:00\" \/>\n<meta property=\"og:image\" content=\"https:\/\/dev.ccla.org\/wp-content\/uploads\/2021\/06\/QueensPark_04.jpg\" \/>\n\t<meta property=\"og:image:width\" content=\"2000\" \/>\n\t<meta property=\"og:image:height\" content=\"800\" \/>\n\t<meta property=\"og:image:type\" content=\"image\/jpeg\" \/>\n<meta name=\"author\" content=\"CCLA\" \/>\n<meta name=\"twitter:card\" content=\"summary_large_image\" \/>\n<meta name=\"twitter:label1\" content=\"\u00c9crit par\" \/>\n\t<meta name=\"twitter:data1\" content=\"CCLA\" \/>\n\t<meta name=\"twitter:label2\" content=\"Estimation du temps de lecture\" \/>\n\t<meta name=\"twitter:data2\" content=\"3 minutes\" \/>\n<script type=\"application\/ld+json\" class=\"yoast-schema-graph\">{\"@context\":\"https:\\\/\\\/schema.org\",\"@graph\":[{\"@type\":\"Article\",\"@id\":\"https:\\\/\\\/dev.ccla.org\\\/fr\\\/vie-privee\\\/reforme-des-lois-sur-la-vie-privee\\\/soumission-de-la-ccla-sur-les-partis-politiques-et-la-legislation-sur-la-vie-privee\\\/#article\",\"isPartOf\":{\"@id\":\"https:\\\/\\\/dev.ccla.org\\\/fr\\\/vie-privee\\\/reforme-des-lois-sur-la-vie-privee\\\/soumission-de-la-ccla-sur-les-partis-politiques-et-la-legislation-sur-la-vie-privee\\\/\"},\"author\":{\"name\":\"CCLA\",\"@id\":\"https:\\\/\\\/dev.ccla.org\\\/fr\\\/#\\\/schema\\\/person\\\/e48728d4a52926205e807fd8c52bf3b0\"},\"headline\":\"Soumission de la CCLA sur les partis politiques et la l\u00e9gislation sur la vie priv\u00e9e\",\"datePublished\":\"2023-05-27T01:30:50+00:00\",\"dateModified\":\"2026-04-23T18:17:54+00:00\",\"mainEntityOfPage\":{\"@id\":\"https:\\\/\\\/dev.ccla.org\\\/fr\\\/vie-privee\\\/reforme-des-lois-sur-la-vie-privee\\\/soumission-de-la-ccla-sur-les-partis-politiques-et-la-legislation-sur-la-vie-privee\\\/\"},\"wordCount\":545,\"image\":{\"@id\":\"https:\\\/\\\/dev.ccla.org\\\/fr\\\/vie-privee\\\/reforme-des-lois-sur-la-vie-privee\\\/soumission-de-la-ccla-sur-les-partis-politiques-et-la-legislation-sur-la-vie-privee\\\/#primaryimage\"},\"thumbnailUrl\":\"https:\\\/\\\/dev.ccla.org\\\/wp-content\\\/uploads\\\/2021\\\/06\\\/QueensPark_04.jpg\",\"articleSection\":[\"R\u00e9forme des lois sur la vie priv\u00e9e\",\"VIE PRIV\u00c9E\"],\"inLanguage\":\"fr-CA\"},{\"@type\":\"WebPage\",\"@id\":\"https:\\\/\\\/dev.ccla.org\\\/fr\\\/vie-privee\\\/reforme-des-lois-sur-la-vie-privee\\\/soumission-de-la-ccla-sur-les-partis-politiques-et-la-legislation-sur-la-vie-privee\\\/\",\"url\":\"https:\\\/\\\/dev.ccla.org\\\/fr\\\/vie-privee\\\/reforme-des-lois-sur-la-vie-privee\\\/soumission-de-la-ccla-sur-les-partis-politiques-et-la-legislation-sur-la-vie-privee\\\/\",\"name\":\"Soumission de la CCLA sur les partis politiques et la l\u00e9gislation sur la vie priv\u00e9e - CCLA\",\"isPartOf\":{\"@id\":\"https:\\\/\\\/dev.ccla.org\\\/fr\\\/#website\"},\"primaryImageOfPage\":{\"@id\":\"https:\\\/\\\/dev.ccla.org\\\/fr\\\/vie-privee\\\/reforme-des-lois-sur-la-vie-privee\\\/soumission-de-la-ccla-sur-les-partis-politiques-et-la-legislation-sur-la-vie-privee\\\/#primaryimage\"},\"image\":{\"@id\":\"https:\\\/\\\/dev.ccla.org\\\/fr\\\/vie-privee\\\/reforme-des-lois-sur-la-vie-privee\\\/soumission-de-la-ccla-sur-les-partis-politiques-et-la-legislation-sur-la-vie-privee\\\/#primaryimage\"},\"thumbnailUrl\":\"https:\\\/\\\/dev.ccla.org\\\/wp-content\\\/uploads\\\/2021\\\/06\\\/QueensPark_04.jpg\",\"datePublished\":\"2023-05-27T01:30:50+00:00\",\"dateModified\":\"2026-04-23T18:17:54+00:00\",\"author\":{\"@id\":\"https:\\\/\\\/dev.ccla.org\\\/fr\\\/#\\\/schema\\\/person\\\/e48728d4a52926205e807fd8c52bf3b0\"},\"breadcrumb\":{\"@id\":\"https:\\\/\\\/dev.ccla.org\\\/fr\\\/vie-privee\\\/reforme-des-lois-sur-la-vie-privee\\\/soumission-de-la-ccla-sur-les-partis-politiques-et-la-legislation-sur-la-vie-privee\\\/#breadcrumb\"},\"inLanguage\":\"fr-CA\",\"potentialAction\":[{\"@type\":\"ReadAction\",\"target\":[\"https:\\\/\\\/dev.ccla.org\\\/fr\\\/vie-privee\\\/reforme-des-lois-sur-la-vie-privee\\\/soumission-de-la-ccla-sur-les-partis-politiques-et-la-legislation-sur-la-vie-privee\\\/\"]}]},{\"@type\":\"ImageObject\",\"inLanguage\":\"fr-CA\",\"@id\":\"https:\\\/\\\/dev.ccla.org\\\/fr\\\/vie-privee\\\/reforme-des-lois-sur-la-vie-privee\\\/soumission-de-la-ccla-sur-les-partis-politiques-et-la-legislation-sur-la-vie-privee\\\/#primaryimage\",\"url\":\"https:\\\/\\\/dev.ccla.org\\\/wp-content\\\/uploads\\\/2021\\\/06\\\/QueensPark_04.jpg\",\"contentUrl\":\"https:\\\/\\\/dev.ccla.org\\\/wp-content\\\/uploads\\\/2021\\\/06\\\/QueensPark_04.jpg\",\"width\":2000,\"height\":800},{\"@type\":\"BreadcrumbList\",\"@id\":\"https:\\\/\\\/dev.ccla.org\\\/fr\\\/vie-privee\\\/reforme-des-lois-sur-la-vie-privee\\\/soumission-de-la-ccla-sur-les-partis-politiques-et-la-legislation-sur-la-vie-privee\\\/#breadcrumb\",\"itemListElement\":[{\"@type\":\"ListItem\",\"position\":1,\"name\":\"Home\",\"item\":\"https:\\\/\\\/dev.ccla.org\\\/fr\\\/accueil\\\/\"},{\"@type\":\"ListItem\",\"position\":2,\"name\":\"Non class\u00e9\",\"item\":\"https:\\\/\\\/dev.ccla.org\\\/fr\\\/category\\\/non-classe\\\/\"},{\"@type\":\"ListItem\",\"position\":3,\"name\":\"Soumission de la CCLA sur les partis politiques et la l\u00e9gislation sur la vie priv\u00e9e\"}]},{\"@type\":\"WebSite\",\"@id\":\"https:\\\/\\\/dev.ccla.org\\\/fr\\\/#website\",\"url\":\"https:\\\/\\\/dev.ccla.org\\\/fr\\\/\",\"name\":\"CCLA\",\"description\":\"\",\"potentialAction\":[{\"@type\":\"SearchAction\",\"target\":{\"@type\":\"EntryPoint\",\"urlTemplate\":\"https:\\\/\\\/dev.ccla.org\\\/fr\\\/?s={search_term_string}\"},\"query-input\":{\"@type\":\"PropertyValueSpecification\",\"valueRequired\":true,\"valueName\":\"search_term_string\"}}],\"inLanguage\":\"fr-CA\"},{\"@type\":\"Person\",\"@id\":\"https:\\\/\\\/dev.ccla.org\\\/fr\\\/#\\\/schema\\\/person\\\/e48728d4a52926205e807fd8c52bf3b0\",\"name\":\"CCLA\",\"image\":{\"@type\":\"ImageObject\",\"inLanguage\":\"fr-CA\",\"@id\":\"https:\\\/\\\/secure.gravatar.com\\\/avatar\\\/03b13921772ba279da547407d7a85f0b4a10bdf8cc9a026f2ac4e10643eee315?s=96&d=blank&r=g\",\"url\":\"https:\\\/\\\/secure.gravatar.com\\\/avatar\\\/03b13921772ba279da547407d7a85f0b4a10bdf8cc9a026f2ac4e10643eee315?s=96&d=blank&r=g\",\"contentUrl\":\"https:\\\/\\\/secure.gravatar.com\\\/avatar\\\/03b13921772ba279da547407d7a85f0b4a10bdf8cc9a026f2ac4e10643eee315?s=96&d=blank&r=g\",\"caption\":\"CCLA\"},\"url\":\"https:\\\/\\\/dev.ccla.org\\\/fr\\\/author\\\/ccla\\\/\"}]}<\/script>\n<!-- \/ Yoast SEO plugin. -->","yoast_head_json":{"title":"Soumission de la CCLA sur les partis politiques et la l\u00e9gislation sur la vie priv\u00e9e - CCLA","robots":{"index":"noindex","follow":"follow","max-snippet":"max-snippet:-1","max-image-preview":"max-image-preview:large","max-video-preview":"max-video-preview:-1"},"og_locale":"fr_CA","og_type":"article","og_title":"Soumission de la CCLA sur les partis politiques et la l\u00e9gislation sur la vie priv\u00e9e - CCLA","og_description":"Daniel Konikoff (directeur int\u00e9rimaire du programme de confidentialit\u00e9, technologie et surveillance) et Tashi Alford-Duguid (avocate du personnel) ont pr\u00e9sent\u00e9 une soumission \u00e9crite au Comit\u00e9 permanent du S\u00e9nat sur les affaires juridiques et constitutionnelles concernant le projet de loi C-47, Loi visant \u00e0 mettre en \u0153uvre certaines dispositions du budget pr\u00e9sent\u00e9 au Parlement.","og_url":"https:\/\/dev.ccla.org\/fr\/vie-privee\/reforme-des-lois-sur-la-vie-privee\/soumission-de-la-ccla-sur-les-partis-politiques-et-la-legislation-sur-la-vie-privee\/","og_site_name":"CCLA","article_published_time":"2023-05-27T01:30:50+00:00","article_modified_time":"2026-04-23T18:17:54+00:00","og_image":[{"width":2000,"height":800,"url":"https:\/\/dev.ccla.org\/wp-content\/uploads\/2021\/06\/QueensPark_04.jpg","type":"image\/jpeg"}],"author":"CCLA","twitter_card":"summary_large_image","twitter_misc":{"\u00c9crit par":"CCLA","Estimation du temps de lecture":"3 minutes"},"schema":{"@context":"https:\/\/schema.org","@graph":[{"@type":"Article","@id":"https:\/\/dev.ccla.org\/fr\/vie-privee\/reforme-des-lois-sur-la-vie-privee\/soumission-de-la-ccla-sur-les-partis-politiques-et-la-legislation-sur-la-vie-privee\/#article","isPartOf":{"@id":"https:\/\/dev.ccla.org\/fr\/vie-privee\/reforme-des-lois-sur-la-vie-privee\/soumission-de-la-ccla-sur-les-partis-politiques-et-la-legislation-sur-la-vie-privee\/"},"author":{"name":"CCLA","@id":"https:\/\/dev.ccla.org\/fr\/#\/schema\/person\/e48728d4a52926205e807fd8c52bf3b0"},"headline":"Soumission de la CCLA sur les partis politiques et la l\u00e9gislation sur la vie priv\u00e9e","datePublished":"2023-05-27T01:30:50+00:00","dateModified":"2026-04-23T18:17:54+00:00","mainEntityOfPage":{"@id":"https:\/\/dev.ccla.org\/fr\/vie-privee\/reforme-des-lois-sur-la-vie-privee\/soumission-de-la-ccla-sur-les-partis-politiques-et-la-legislation-sur-la-vie-privee\/"},"wordCount":545,"image":{"@id":"https:\/\/dev.ccla.org\/fr\/vie-privee\/reforme-des-lois-sur-la-vie-privee\/soumission-de-la-ccla-sur-les-partis-politiques-et-la-legislation-sur-la-vie-privee\/#primaryimage"},"thumbnailUrl":"https:\/\/dev.ccla.org\/wp-content\/uploads\/2021\/06\/QueensPark_04.jpg","articleSection":["R\u00e9forme des lois sur la vie priv\u00e9e","VIE PRIV\u00c9E"],"inLanguage":"fr-CA"},{"@type":"WebPage","@id":"https:\/\/dev.ccla.org\/fr\/vie-privee\/reforme-des-lois-sur-la-vie-privee\/soumission-de-la-ccla-sur-les-partis-politiques-et-la-legislation-sur-la-vie-privee\/","url":"https:\/\/dev.ccla.org\/fr\/vie-privee\/reforme-des-lois-sur-la-vie-privee\/soumission-de-la-ccla-sur-les-partis-politiques-et-la-legislation-sur-la-vie-privee\/","name":"Soumission de la CCLA sur les partis politiques et la l\u00e9gislation sur la vie priv\u00e9e - CCLA","isPartOf":{"@id":"https:\/\/dev.ccla.org\/fr\/#website"},"primaryImageOfPage":{"@id":"https:\/\/dev.ccla.org\/fr\/vie-privee\/reforme-des-lois-sur-la-vie-privee\/soumission-de-la-ccla-sur-les-partis-politiques-et-la-legislation-sur-la-vie-privee\/#primaryimage"},"image":{"@id":"https:\/\/dev.ccla.org\/fr\/vie-privee\/reforme-des-lois-sur-la-vie-privee\/soumission-de-la-ccla-sur-les-partis-politiques-et-la-legislation-sur-la-vie-privee\/#primaryimage"},"thumbnailUrl":"https:\/\/dev.ccla.org\/wp-content\/uploads\/2021\/06\/QueensPark_04.jpg","datePublished":"2023-05-27T01:30:50+00:00","dateModified":"2026-04-23T18:17:54+00:00","author":{"@id":"https:\/\/dev.ccla.org\/fr\/#\/schema\/person\/e48728d4a52926205e807fd8c52bf3b0"},"breadcrumb":{"@id":"https:\/\/dev.ccla.org\/fr\/vie-privee\/reforme-des-lois-sur-la-vie-privee\/soumission-de-la-ccla-sur-les-partis-politiques-et-la-legislation-sur-la-vie-privee\/#breadcrumb"},"inLanguage":"fr-CA","potentialAction":[{"@type":"ReadAction","target":["https:\/\/dev.ccla.org\/fr\/vie-privee\/reforme-des-lois-sur-la-vie-privee\/soumission-de-la-ccla-sur-les-partis-politiques-et-la-legislation-sur-la-vie-privee\/"]}]},{"@type":"ImageObject","inLanguage":"fr-CA","@id":"https:\/\/dev.ccla.org\/fr\/vie-privee\/reforme-des-lois-sur-la-vie-privee\/soumission-de-la-ccla-sur-les-partis-politiques-et-la-legislation-sur-la-vie-privee\/#primaryimage","url":"https:\/\/dev.ccla.org\/wp-content\/uploads\/2021\/06\/QueensPark_04.jpg","contentUrl":"https:\/\/dev.ccla.org\/wp-content\/uploads\/2021\/06\/QueensPark_04.jpg","width":2000,"height":800},{"@type":"BreadcrumbList","@id":"https:\/\/dev.ccla.org\/fr\/vie-privee\/reforme-des-lois-sur-la-vie-privee\/soumission-de-la-ccla-sur-les-partis-politiques-et-la-legislation-sur-la-vie-privee\/#breadcrumb","itemListElement":[{"@type":"ListItem","position":1,"name":"Home","item":"https:\/\/dev.ccla.org\/fr\/accueil\/"},{"@type":"ListItem","position":2,"name":"Non class\u00e9","item":"https:\/\/dev.ccla.org\/fr\/category\/non-classe\/"},{"@type":"ListItem","position":3,"name":"Soumission de la CCLA sur les partis politiques et la l\u00e9gislation sur la vie priv\u00e9e"}]},{"@type":"WebSite","@id":"https:\/\/dev.ccla.org\/fr\/#website","url":"https:\/\/dev.ccla.org\/fr\/","name":"CCLA","description":"","potentialAction":[{"@type":"SearchAction","target":{"@type":"EntryPoint","urlTemplate":"https:\/\/dev.ccla.org\/fr\/?s={search_term_string}"},"query-input":{"@type":"PropertyValueSpecification","valueRequired":true,"valueName":"search_term_string"}}],"inLanguage":"fr-CA"},{"@type":"Person","@id":"https:\/\/dev.ccla.org\/fr\/#\/schema\/person\/e48728d4a52926205e807fd8c52bf3b0","name":"CCLA","image":{"@type":"ImageObject","inLanguage":"fr-CA","@id":"https:\/\/secure.gravatar.com\/avatar\/03b13921772ba279da547407d7a85f0b4a10bdf8cc9a026f2ac4e10643eee315?s=96&d=blank&r=g","url":"https:\/\/secure.gravatar.com\/avatar\/03b13921772ba279da547407d7a85f0b4a10bdf8cc9a026f2ac4e10643eee315?s=96&d=blank&r=g","contentUrl":"https:\/\/secure.gravatar.com\/avatar\/03b13921772ba279da547407d7a85f0b4a10bdf8cc9a026f2ac4e10643eee315?s=96&d=blank&r=g","caption":"CCLA"},"url":"https:\/\/dev.ccla.org\/fr\/author\/ccla\/"}]}},"_links":{"self":[{"href":"https:\/\/dev.ccla.org\/fr\/wp-json\/wp\/v2\/posts\/14045","targetHints":{"allow":["GET"]}}],"collection":[{"href":"https:\/\/dev.ccla.org\/fr\/wp-json\/wp\/v2\/posts"}],"about":[{"href":"https:\/\/dev.ccla.org\/fr\/wp-json\/wp\/v2\/types\/post"}],"author":[{"embeddable":true,"href":"https:\/\/dev.ccla.org\/fr\/wp-json\/wp\/v2\/users\/4"}],"replies":[{"embeddable":true,"href":"https:\/\/dev.ccla.org\/fr\/wp-json\/wp\/v2\/comments?post=14045"}],"version-history":[{"count":1,"href":"https:\/\/dev.ccla.org\/fr\/wp-json\/wp\/v2\/posts\/14045\/revisions"}],"predecessor-version":[{"id":14052,"href":"https:\/\/dev.ccla.org\/fr\/wp-json\/wp\/v2\/posts\/14045\/revisions\/14052"}],"wp:featuredmedia":[{"embeddable":true,"href":"https:\/\/dev.ccla.org\/fr\/wp-json\/wp\/v2\/media\/14047"}],"wp:attachment":[{"href":"https:\/\/dev.ccla.org\/fr\/wp-json\/wp\/v2\/media?parent=14045"}],"wp:term":[{"taxonomy":"category","embeddable":true,"href":"https:\/\/dev.ccla.org\/fr\/wp-json\/wp\/v2\/categories?post=14045"},{"taxonomy":"post_tag","embeddable":true,"href":"https:\/\/dev.ccla.org\/fr\/wp-json\/wp\/v2\/tags?post=14045"}],"curies":[{"name":"wp","href":"https:\/\/api.w.org\/{rel}","templated":true}]}}