{"id":13389,"date":"2025-05-01T10:52:34","date_gmt":"2025-05-01T14:52:34","guid":{"rendered":"https:\/\/dev.ccla.org\/non-classe\/la-ccla-condamne-les-violations-des-droits-et-demande-le-retrait-du-projet-de-loi-94-du-quebec\/"},"modified":"2026-04-23T14:07:58","modified_gmt":"2026-04-23T18:07:58","slug":"la-ccla-condamne-les-violations-des-droits-et-demande-le-retrait-du-projet-de-loi-94-du-quebec","status":"publish","type":"post","link":"https:\/\/dev.ccla.org\/fr\/communiques-de-presse\/la-ccla-condamne-les-violations-des-droits-et-demande-le-retrait-du-projet-de-loi-94-du-quebec\/","title":{"rendered":"La CCLA condamne les violations des droits et demande le retrait du projet de loi 94 du Qu\u00e9bec"},"content":{"rendered":"[vc_row type=\u00a0\u00bbin_container\u00a0\u00bb full_screen_row_position=\u00a0\u00bbmiddle\u00a0\u00bb column_margin=\u00a0\u00bbdefault\u00a0\u00bb column_direction=\u00a0\u00bbdefault\u00a0\u00bb column_direction_tablet=\u00a0\u00bbdefault\u00a0\u00bb column_direction_phone=\u00a0\u00bbdefault\u00a0\u00bb scene_position=\u00a0\u00bbcenter\u00a0\u00bb text_color=\u00a0\u00bbdark\u00a0\u00bb text_align=\u00a0\u00bbleft\u00a0\u00bb row_border_radius=\u00a0\u00bbnone\u00a0\u00bb row_border_radius_applies=\u00a0\u00bbbg\u00a0\u00bb overflow=\u00a0\u00bbvisible\u00a0\u00bb overlay_strength=\u00a0\u00bb0.3&Prime; gradient_direction=\u00a0\u00bbleft_to_right\u00a0\u00bb shape_divider_position=\u00a0\u00bbbottom\u00a0\u00bb bg_image_animation=\u00a0\u00bbnone\u00a0\u00bb][vc_column column_padding=\u00a0\u00bbno-extra-padding\u00a0\u00bb column_padding_tablet=\u00a0\u00bbinherit\u00a0\u00bb column_padding_phone=\u00a0\u00bbinherit\u00a0\u00bb column_padding_position=\u00a0\u00bball\u00a0\u00bb column_element_direction_desktop=\u00a0\u00bbdefault\u00a0\u00bb column_element_spacing=\u00a0\u00bbdefault\u00a0\u00bb desktop_text_alignment=\u00a0\u00bbdefault\u00a0\u00bb tablet_text_alignment=\u00a0\u00bbdefault\u00a0\u00bb phone_text_alignment=\u00a0\u00bbdefault\u00a0\u00bb background_color_opacity=\u00a0\u00bb1&Prime; background_hover_color_opacity=\u00a0\u00bb1&Prime; column_backdrop_filter=\u00a0\u00bbnone\u00a0\u00bb column_shadow=\u00a0\u00bbnone\u00a0\u00bb column_border_radius=\u00a0\u00bbnone\u00a0\u00bb column_link_target=\u00a0\u00bb_self\u00a0\u00bb column_position=\u00a0\u00bbdefault\u00a0\u00bb gradient_direction=\u00a0\u00bbleft_to_right\u00a0\u00bb overlay_strength=\u00a0\u00bb0.3&Prime; width=\u00a0\u00bb1\/1&Prime; tablet_width_inherit=\u00a0\u00bbdefault\u00a0\u00bb animation_type=\u00a0\u00bbdefault\u00a0\u00bb bg_image_animation=\u00a0\u00bbnone\u00a0\u00bb border_type=\u00a0\u00bbsimple\u00a0\u00bb column_border_width=\u00a0\u00bbnone\u00a0\u00bb column_border_style=\u00a0\u00bbsolid\u00a0\u00bb][nectar_global_section id=\u00a0\u00bb1355&Prime;][\/vc_column][\/vc_row][vc_row type=\u00a0\u00bbfull_width_background\u00a0\u00bb full_screen_row_position=\u00a0\u00bbmiddle\u00a0\u00bb column_margin=\u00a0\u00bbdefault\u00a0\u00bb column_direction=\u00a0\u00bbdefault\u00a0\u00bb column_direction_tablet=\u00a0\u00bbdefault\u00a0\u00bb column_direction_phone=\u00a0\u00bbdefault\u00a0\u00bb scene_position=\u00a0\u00bbcenter\u00a0\u00bb top_padding=\u00a0\u00bb4%\u00a0\u00bb constrain_group_1=\u00a0\u00bbyes\u00a0\u00bb bottom_padding=\u00a0\u00bb4%\u00a0\u00bb text_color=\u00a0\u00bbdark\u00a0\u00bb text_align=\u00a0\u00bbleft\u00a0\u00bb row_border_radius=\u00a0\u00bbnone\u00a0\u00bb row_border_radius_applies=\u00a0\u00bbbg\u00a0\u00bb overflow=\u00a0\u00bbvisible\u00a0\u00bb class=\u00a0\u00bbpost-links\u00a0\u00bb overlay_strength=\u00a0\u00bb0.3&Prime; gradient_direction=\u00a0\u00bbleft_to_right\u00a0\u00bb shape_divider_position=\u00a0\u00bbbottom\u00a0\u00bb bg_image_animation=\u00a0\u00bbnone\u00a0\u00bb shape_type=\u00a0\u00bb\u00a0\u00bb][vc_column column_padding=\u00a0\u00bbno-extra-padding\u00a0\u00bb column_padding_tablet=\u00a0\u00bbinherit\u00a0\u00bb column_padding_phone=\u00a0\u00bbinherit\u00a0\u00bb column_padding_position=\u00a0\u00bball\u00a0\u00bb column_element_direction_desktop=\u00a0\u00bbdefault\u00a0\u00bb column_element_spacing=\u00a0\u00bbdefault\u00a0\u00bb desktop_text_alignment=\u00a0\u00bbdefault\u00a0\u00bb tablet_text_alignment=\u00a0\u00bbdefault\u00a0\u00bb phone_text_alignment=\u00a0\u00bbdefault\u00a0\u00bb background_color_opacity=\u00a0\u00bb1&Prime; background_hover_color_opacity=\u00a0\u00bb1&Prime; column_backdrop_filter=\u00a0\u00bbnone\u00a0\u00bb column_shadow=\u00a0\u00bbnone\u00a0\u00bb column_border_radius=\u00a0\u00bbnone\u00a0\u00bb column_link_target=\u00a0\u00bb_self\u00a0\u00bb column_position=\u00a0\u00bbdefault\u00a0\u00bb gradient_direction=\u00a0\u00bbleft_to_right\u00a0\u00bb overlay_strength=\u00a0\u00bb0.3&Prime; width=\u00a0\u00bb1\/1&Prime; tablet_width_inherit=\u00a0\u00bbdefault\u00a0\u00bb animation_type=\u00a0\u00bbdefault\u00a0\u00bb bg_image_animation=\u00a0\u00bbnone\u00a0\u00bb border_type=\u00a0\u00bbsimple\u00a0\u00bb column_border_width=\u00a0\u00bbnone\u00a0\u00bb column_border_style=\u00a0\u00bbsolid\u00a0\u00bb][vc_column_text css=\u00a0\u00bb\u00a0\u00bb text_direction=\u00a0\u00bbdefault\u00a0\u00bb]Harini Sivalingam, directrice du programme d\u2019\u00e9galit\u00e9 \u00e0 l\u2019Association canadienne des libert\u00e9s civiles, a fait la d\u00e9claration suivante en r\u00e9action au projet de loi 94 du Qu\u00e9bec \u2013 Loi visant \u00e0 renforcer la la\u00efcit\u00e9 dans le r\u00e9seau \u00e9ducatif :<\/p>\n<p>L\u2019Association canadienne des libert\u00e9s civiles exhorte l\u2019Assembl\u00e9e nationale du Qu\u00e9bec \u00e0 retirer le projet de loi 94 &#8211; Loi visant \u00e0 renforcer la la\u00efcit\u00e9 dans le r\u00e9seau \u00e9ducatif. La CCLA reconna\u00eet la n\u00e9cessit\u00e9 d\u2019assurer des environnements d\u2019apprentissage et de travail s\u00e9curitaires pour les \u00e9l\u00e8ves et le personnel. Le projet de loi 94 n\u2019atteint pas cet objectif. Au contraire, cela oblige les gens \u00e0 choisir entre leur foi et la poursuite de leurs \u00e9tudes et de carri\u00e8res professionnelles.   <\/p>\n<p>Le projet de loi 94 perp\u00e9tue et aggrave les violations nuisibles des libert\u00e9s civiles existantes en \u00e9largissant l\u2019interdiction actuelle de porter des symboles religieux par certains fonctionnaires, incluant les travailleurs de soutien \u00e0 l\u2019\u00e9ducation. Si ce projet de loi est adopt\u00e9, exigerait \u00e9galement que les \u00e9l\u00e8ves gardent leur visage d\u00e9couvert lorsqu\u2019ils sont \u00e0 l\u2019\u00e9cole et re\u00e7oivent des services scolaires, y compris les \u00e9coles priv\u00e9es et les \u00e9l\u00e8ves instruits \u00e0 la maison recevant des services scolaires. Cela repr\u00e9sente une expansion alarmante de la surveillance \u00e9tatique et constitue une intrusion gouvernementale sans pr\u00e9c\u00e9dent dans la vie priv\u00e9e des \u00e9tudiants et des familles au Qu\u00e9bec. Elle aura un impact disproportionn\u00e9 et discriminatoire sur les femmes ainsi que les communaut\u00e9s raciales, religieuses et immigrantes minoritaires.<\/p>\n<p>Le projet de loi 94 interdirait \u00e9galement les pri\u00e8res visibles dans les \u00e9coles. Cette interdiction g\u00e9n\u00e9rale porte une atteinte significative et injustifi\u00e9e \u00e0 la libert\u00e9 religieuse des \u00e9l\u00e8ves et du personnel. <\/p>\n<p>La loi propos\u00e9e invoquerait \u00e9galement les clauses d\u00e9rogatoires de la Charte du Qu\u00e9bec et de la Charte canadienne. Ce faisant, le gouvernement qu\u00e9b\u00e9cois remporte une fois de plus de mani\u00e8re pr\u00e9ventive sur les droits humains fondamentaux et les libert\u00e9s civiles, y compris l\u2019\u00e9galit\u00e9 des droits, la libert\u00e9 d\u2019expression et la libert\u00e9 de religion. Si le gouvernement du Qu\u00e9bec croit vraiment que ces limitations des droits sont justifi\u00e9es, raisonnables et justifi\u00e9es, il devrait avoir le courage de d\u00e9fendre sa l\u00e9gislation devant les tribunaux. Au contraire, il contourne le dialogue d\u00e9mocratique qui est essentiel dans une soci\u00e9t\u00e9 libre et d\u00e9mocratique.   <\/p>\n<p>\u00c9tant donn\u00e9 la nature manifestement inconstitutionnelle du projet de loi 94, l\u2019Association canadienne des libert\u00e9s civiles recommande fortement que le projet de loi 94 soit retir\u00e9. Si le gouvernement va de l\u2019avant avec le projet de loi 94, nous appelons les d\u00e9put\u00e9s de l\u2019Assembl\u00e9e nationale du Qu\u00e9bec engag\u00e9s \u00e0 d\u00e9fendre leurs droits et libert\u00e9s de voter contre le projet de loi 94 dans sa forme actuelle. Nous exhortons le gouvernement du Qu\u00e9bec \u00e0 engager des consultations significatives avec les \u00e9l\u00e8ves, les parents, les enseignants et les travailleurs de l\u2019\u00e9ducation, y compris ceux issus de communaut\u00e9s religieuses minoritaires, au sujet de toute future initiative concernant le secteur de l\u2019\u00e9ducation.  <\/p>\n<p><a href=\"https:\/\/mcusercontent.com\/de85a14a3dcadd8e377462ff6\/files\/0bcc6174-6e29-64c9-2c3c-9204e60b26b0\/2025_04_24_Mee_moire_de_l_039_ACLC_sur_le_PL_94.pdf\" target=\"_blank\" rel=\"noopener\"><strong>Lire la soumission<\/strong><\/a>[\/vc_column_text][\/vc_column][\/vc_row][vc_row type=\u00a0\u00bbin_container\u00a0\u00bb full_screen_row_position=\u00a0\u00bbmiddle\u00a0\u00bb column_margin=\u00a0\u00bbdefault\u00a0\u00bb column_direction=\u00a0\u00bbdefault\u00a0\u00bb column_direction_tablet=\u00a0\u00bbdefault\u00a0\u00bb column_direction_phone=\u00a0\u00bbdefault\u00a0\u00bb scene_position=\u00a0\u00bbcenter\u00a0\u00bb text_color=\u00a0\u00bbdark\u00a0\u00bb text_align=\u00a0\u00bbleft\u00a0\u00bb row_border_radius=\u00a0\u00bbnone\u00a0\u00bb row_border_radius_applies=\u00a0\u00bbbg\u00a0\u00bb overflow=\u00a0\u00bbvisible\u00a0\u00bb overlay_strength=\u00a0\u00bb0.3&Prime; gradient_direction=\u00a0\u00bbleft_to_right\u00a0\u00bb shape_divider_position=\u00a0\u00bbbottom\u00a0\u00bb bg_image_animation=\u00a0\u00bbnone\u00a0\u00bb][vc_column column_padding=\u00a0\u00bbno-extra-padding\u00a0\u00bb column_padding_tablet=\u00a0\u00bbinherit\u00a0\u00bb column_padding_phone=\u00a0\u00bbinherit\u00a0\u00bb column_padding_position=\u00a0\u00bball\u00a0\u00bb column_element_direction_desktop=\u00a0\u00bbdefault\u00a0\u00bb column_element_spacing=\u00a0\u00bbdefault\u00a0\u00bb desktop_text_alignment=\u00a0\u00bbdefault\u00a0\u00bb tablet_text_alignment=\u00a0\u00bbdefault\u00a0\u00bb phone_text_alignment=\u00a0\u00bbdefault\u00a0\u00bb background_color_opacity=\u00a0\u00bb1&Prime; background_hover_color_opacity=\u00a0\u00bb1&Prime; column_backdrop_filter=\u00a0\u00bbnone\u00a0\u00bb column_shadow=\u00a0\u00bbnone\u00a0\u00bb column_border_radius=\u00a0\u00bbnone\u00a0\u00bb column_link_target=\u00a0\u00bb_self\u00a0\u00bb column_position=\u00a0\u00bbdefault\u00a0\u00bb gradient_direction=\u00a0\u00bbleft_to_right\u00a0\u00bb overlay_strength=\u00a0\u00bb0.3&Prime; width=\u00a0\u00bb1\/1&Prime; tablet_width_inherit=\u00a0\u00bbdefault\u00a0\u00bb animation_type=\u00a0\u00bbdefault\u00a0\u00bb bg_image_animation=\u00a0\u00bbnone\u00a0\u00bb border_type=\u00a0\u00bbsimple\u00a0\u00bb column_border_width=\u00a0\u00bbnone\u00a0\u00bb column_border_style=\u00a0\u00bbsolid\u00a0\u00bb][nectar_global_section id=\u00a0\u00bb1461&Prime;][\/vc_column][\/vc_row]\n","protected":false},"excerpt":{"rendered":"<p>[vc_row type=\u00a0\u00bbin_container\u00a0\u00bb full_screen_row_position=\u00a0\u00bbmiddle\u00a0\u00bb column_margin=\u00a0\u00bbdefault\u00a0\u00bb column_direction=\u00a0\u00bbdefault\u00a0\u00bb column_direction_tablet=\u00a0\u00bbdefault\u00a0\u00bb column_direction_phone=\u00a0\u00bbdefault\u00a0\u00bb scene_position=\u00a0\u00bbcenter\u00a0\u00bb text_color=\u00a0\u00bbdark\u00a0\u00bb text_align=\u00a0\u00bbleft\u00a0\u00bb row_border_radius=\u00a0\u00bbnone\u00a0\u00bb row_border_radius_applies=\u00a0\u00bbbg\u00a0\u00bb overflow=\u00a0\u00bbvisible\u00a0\u00bb overlay_strength=\u00a0\u00bb0.3&Prime; gradient_direction=\u00a0\u00bbleft_to_right\u00a0\u00bb shape_divider_position=\u00a0\u00bbbottom\u00a0\u00bb bg_image_animation=\u00a0\u00bbnone\u00a0\u00bb][vc_column column_padding=\u00a0\u00bbno-extra-padding\u00a0\u00bb column_padding_tablet=\u00a0\u00bbinherit\u00a0\u00bb column_padding_phone=\u00a0\u00bbinherit\u00a0\u00bb column_padding_position=\u00a0\u00bball\u00a0\u00bb column_element_direction_desktop=\u00a0\u00bbdefault\u00a0\u00bb column_element_spacing=\u00a0\u00bbdefault\u00a0\u00bb desktop_text_alignment=\u00a0\u00bbdefault\u00a0\u00bb tablet_text_alignment=\u00a0\u00bbdefault\u00a0\u00bb phone_text_alignment=\u00a0\u00bbdefault\u00a0\u00bb background_color_opacity=\u00a0\u00bb1&Prime; background_hover_color_opacity=\u00a0\u00bb1&Prime; column_backdrop_filter=\u00a0\u00bbnone\u00a0\u00bb column_shadow=\u00a0\u00bbnone\u00a0\u00bb&#8230;<\/p>\n","protected":false},"author":4,"featured_media":12251,"comment_status":"closed","ping_status":"closed","sticky":false,"template":"","format":"standard","meta":{"footnotes":""},"categories":[268,266],"tags":[],"class_list":{"0":"post-13389","1":"post","2":"type-post","3":"status-publish","4":"format-standard","5":"has-post-thumbnail","7":"category-communiques-de-presse","8":"category-egalite"},"yoast_head":"<!-- This site is optimized with the Yoast SEO plugin v27.4 - https:\/\/yoast.com\/product\/yoast-seo-wordpress\/ -->\n<title>La CCLA condamne les violations des droits et demande le retrait du projet de loi 94 du Qu\u00e9bec - CCLA<\/title>\n<meta name=\"description\" content=\"Une crise de sant\u00e9 publique n\u2019est pas une baguette magique qui peut justifier un choix politique. Les temps de crise sont pr\u00e9cis\u00e9ment ceux o\u00f9 les libert\u00e9s civiles et les libert\u00e9s fondamentales qui d\u00e9finissent notre soci\u00e9t\u00e9 sont le plus menac\u00e9es.\" \/>\n<meta name=\"robots\" content=\"noindex, follow, max-snippet:-1, max-image-preview:large, max-video-preview:-1\" \/>\n<meta property=\"og:locale\" content=\"fr_CA\" \/>\n<meta property=\"og:type\" content=\"article\" \/>\n<meta property=\"og:title\" content=\"La CCLA condamne les violations des droits et demande le retrait du projet de loi 94 du Qu\u00e9bec - CCLA\" \/>\n<meta property=\"og:description\" content=\"Une crise de sant\u00e9 publique n\u2019est pas une baguette magique qui peut justifier un choix politique. Les temps de crise sont pr\u00e9cis\u00e9ment ceux o\u00f9 les libert\u00e9s civiles et les libert\u00e9s fondamentales qui d\u00e9finissent notre soci\u00e9t\u00e9 sont le plus menac\u00e9es.\" \/>\n<meta property=\"og:url\" content=\"https:\/\/dev.ccla.org\/fr\/communiques-de-presse\/la-ccla-condamne-les-violations-des-droits-et-demande-le-retrait-du-projet-de-loi-94-du-quebec\/\" \/>\n<meta property=\"og:site_name\" content=\"CCLA\" \/>\n<meta property=\"article:published_time\" content=\"2025-05-01T14:52:34+00:00\" \/>\n<meta property=\"article:modified_time\" content=\"2026-04-23T18:07:58+00:00\" \/>\n<meta property=\"og:image\" content=\"https:\/\/dev.ccla.org\/wp-content\/uploads\/2021\/06\/asia-muslim-lady-using-computer-laptop-talk-to-col-AGXC8AB-1.jpg\" \/>\n\t<meta property=\"og:image:width\" content=\"2000\" \/>\n\t<meta property=\"og:image:height\" content=\"800\" \/>\n\t<meta property=\"og:image:type\" content=\"image\/jpeg\" \/>\n<meta name=\"author\" content=\"CCLA\" \/>\n<meta name=\"twitter:card\" content=\"summary_large_image\" \/>\n<meta name=\"twitter:label1\" content=\"\u00c9crit par\" \/>\n\t<meta name=\"twitter:data1\" content=\"CCLA\" \/>\n\t<meta name=\"twitter:label2\" content=\"Estimation du temps de lecture\" \/>\n\t<meta name=\"twitter:data2\" content=\"5 minutes\" \/>\n<script type=\"application\/ld+json\" class=\"yoast-schema-graph\">{\"@context\":\"https:\\\/\\\/schema.org\",\"@graph\":[{\"@type\":\"Article\",\"@id\":\"https:\\\/\\\/dev.ccla.org\\\/fr\\\/communiques-de-presse\\\/la-ccla-condamne-les-violations-des-droits-et-demande-le-retrait-du-projet-de-loi-94-du-quebec\\\/#article\",\"isPartOf\":{\"@id\":\"https:\\\/\\\/dev.ccla.org\\\/fr\\\/communiques-de-presse\\\/la-ccla-condamne-les-violations-des-droits-et-demande-le-retrait-du-projet-de-loi-94-du-quebec\\\/\"},\"author\":{\"name\":\"CCLA\",\"@id\":\"https:\\\/\\\/dev.ccla.org\\\/fr\\\/#\\\/schema\\\/person\\\/e48728d4a52926205e807fd8c52bf3b0\"},\"headline\":\"La CCLA condamne les violations des droits et demande le retrait du projet de loi 94 du Qu\u00e9bec\",\"datePublished\":\"2025-05-01T14:52:34+00:00\",\"dateModified\":\"2026-04-23T18:07:58+00:00\",\"mainEntityOfPage\":{\"@id\":\"https:\\\/\\\/dev.ccla.org\\\/fr\\\/communiques-de-presse\\\/la-ccla-condamne-les-violations-des-droits-et-demande-le-retrait-du-projet-de-loi-94-du-quebec\\\/\"},\"wordCount\":1049,\"image\":{\"@id\":\"https:\\\/\\\/dev.ccla.org\\\/fr\\\/communiques-de-presse\\\/la-ccla-condamne-les-violations-des-droits-et-demande-le-retrait-du-projet-de-loi-94-du-quebec\\\/#primaryimage\"},\"thumbnailUrl\":\"https:\\\/\\\/dev.ccla.org\\\/wp-content\\\/uploads\\\/2021\\\/06\\\/asia-muslim-lady-using-computer-laptop-talk-to-col-AGXC8AB-1.jpg\",\"articleSection\":[\"COMMUNIQU\u00c9S DE PRESSE\",\"\u00c9GALIT\u00c9\"],\"inLanguage\":\"fr-CA\"},{\"@type\":\"WebPage\",\"@id\":\"https:\\\/\\\/dev.ccla.org\\\/fr\\\/communiques-de-presse\\\/la-ccla-condamne-les-violations-des-droits-et-demande-le-retrait-du-projet-de-loi-94-du-quebec\\\/\",\"url\":\"https:\\\/\\\/dev.ccla.org\\\/fr\\\/communiques-de-presse\\\/la-ccla-condamne-les-violations-des-droits-et-demande-le-retrait-du-projet-de-loi-94-du-quebec\\\/\",\"name\":\"La CCLA condamne les violations des droits et demande le retrait du projet de loi 94 du Qu\u00e9bec - CCLA\",\"isPartOf\":{\"@id\":\"https:\\\/\\\/dev.ccla.org\\\/fr\\\/#website\"},\"primaryImageOfPage\":{\"@id\":\"https:\\\/\\\/dev.ccla.org\\\/fr\\\/communiques-de-presse\\\/la-ccla-condamne-les-violations-des-droits-et-demande-le-retrait-du-projet-de-loi-94-du-quebec\\\/#primaryimage\"},\"image\":{\"@id\":\"https:\\\/\\\/dev.ccla.org\\\/fr\\\/communiques-de-presse\\\/la-ccla-condamne-les-violations-des-droits-et-demande-le-retrait-du-projet-de-loi-94-du-quebec\\\/#primaryimage\"},\"thumbnailUrl\":\"https:\\\/\\\/dev.ccla.org\\\/wp-content\\\/uploads\\\/2021\\\/06\\\/asia-muslim-lady-using-computer-laptop-talk-to-col-AGXC8AB-1.jpg\",\"datePublished\":\"2025-05-01T14:52:34+00:00\",\"dateModified\":\"2026-04-23T18:07:58+00:00\",\"author\":{\"@id\":\"https:\\\/\\\/dev.ccla.org\\\/fr\\\/#\\\/schema\\\/person\\\/e48728d4a52926205e807fd8c52bf3b0\"},\"description\":\"Une crise de sant\u00e9 publique n\u2019est pas une baguette magique qui peut justifier un choix politique. Les temps de crise sont pr\u00e9cis\u00e9ment ceux o\u00f9 les libert\u00e9s civiles et les libert\u00e9s fondamentales qui d\u00e9finissent notre soci\u00e9t\u00e9 sont le plus menac\u00e9es.\",\"breadcrumb\":{\"@id\":\"https:\\\/\\\/dev.ccla.org\\\/fr\\\/communiques-de-presse\\\/la-ccla-condamne-les-violations-des-droits-et-demande-le-retrait-du-projet-de-loi-94-du-quebec\\\/#breadcrumb\"},\"inLanguage\":\"fr-CA\",\"potentialAction\":[{\"@type\":\"ReadAction\",\"target\":[\"https:\\\/\\\/dev.ccla.org\\\/fr\\\/communiques-de-presse\\\/la-ccla-condamne-les-violations-des-droits-et-demande-le-retrait-du-projet-de-loi-94-du-quebec\\\/\"]}]},{\"@type\":\"ImageObject\",\"inLanguage\":\"fr-CA\",\"@id\":\"https:\\\/\\\/dev.ccla.org\\\/fr\\\/communiques-de-presse\\\/la-ccla-condamne-les-violations-des-droits-et-demande-le-retrait-du-projet-de-loi-94-du-quebec\\\/#primaryimage\",\"url\":\"https:\\\/\\\/dev.ccla.org\\\/wp-content\\\/uploads\\\/2021\\\/06\\\/asia-muslim-lady-using-computer-laptop-talk-to-col-AGXC8AB-1.jpg\",\"contentUrl\":\"https:\\\/\\\/dev.ccla.org\\\/wp-content\\\/uploads\\\/2021\\\/06\\\/asia-muslim-lady-using-computer-laptop-talk-to-col-AGXC8AB-1.jpg\",\"width\":2000,\"height\":800},{\"@type\":\"BreadcrumbList\",\"@id\":\"https:\\\/\\\/dev.ccla.org\\\/fr\\\/communiques-de-presse\\\/la-ccla-condamne-les-violations-des-droits-et-demande-le-retrait-du-projet-de-loi-94-du-quebec\\\/#breadcrumb\",\"itemListElement\":[{\"@type\":\"ListItem\",\"position\":1,\"name\":\"Home\",\"item\":\"https:\\\/\\\/dev.ccla.org\\\/fr\\\/accueil\\\/\"},{\"@type\":\"ListItem\",\"position\":2,\"name\":\"Non class\u00e9\",\"item\":\"https:\\\/\\\/dev.ccla.org\\\/fr\\\/category\\\/non-classe\\\/\"},{\"@type\":\"ListItem\",\"position\":3,\"name\":\"La CCLA condamne les violations des droits et demande le retrait du projet de loi 94 du Qu\u00e9bec\"}]},{\"@type\":\"WebSite\",\"@id\":\"https:\\\/\\\/dev.ccla.org\\\/fr\\\/#website\",\"url\":\"https:\\\/\\\/dev.ccla.org\\\/fr\\\/\",\"name\":\"CCLA\",\"description\":\"\",\"potentialAction\":[{\"@type\":\"SearchAction\",\"target\":{\"@type\":\"EntryPoint\",\"urlTemplate\":\"https:\\\/\\\/dev.ccla.org\\\/fr\\\/?s={search_term_string}\"},\"query-input\":{\"@type\":\"PropertyValueSpecification\",\"valueRequired\":true,\"valueName\":\"search_term_string\"}}],\"inLanguage\":\"fr-CA\"},{\"@type\":\"Person\",\"@id\":\"https:\\\/\\\/dev.ccla.org\\\/fr\\\/#\\\/schema\\\/person\\\/e48728d4a52926205e807fd8c52bf3b0\",\"name\":\"CCLA\",\"image\":{\"@type\":\"ImageObject\",\"inLanguage\":\"fr-CA\",\"@id\":\"https:\\\/\\\/secure.gravatar.com\\\/avatar\\\/03b13921772ba279da547407d7a85f0b4a10bdf8cc9a026f2ac4e10643eee315?s=96&d=blank&r=g\",\"url\":\"https:\\\/\\\/secure.gravatar.com\\\/avatar\\\/03b13921772ba279da547407d7a85f0b4a10bdf8cc9a026f2ac4e10643eee315?s=96&d=blank&r=g\",\"contentUrl\":\"https:\\\/\\\/secure.gravatar.com\\\/avatar\\\/03b13921772ba279da547407d7a85f0b4a10bdf8cc9a026f2ac4e10643eee315?s=96&d=blank&r=g\",\"caption\":\"CCLA\"},\"url\":\"https:\\\/\\\/dev.ccla.org\\\/fr\\\/author\\\/ccla\\\/\"}]}<\/script>\n<!-- \/ Yoast SEO plugin. -->","yoast_head_json":{"title":"La CCLA condamne les violations des droits et demande le retrait du projet de loi 94 du Qu\u00e9bec - CCLA","description":"Une crise de sant\u00e9 publique n\u2019est pas une baguette magique qui peut justifier un choix politique. Les temps de crise sont pr\u00e9cis\u00e9ment ceux o\u00f9 les libert\u00e9s civiles et les libert\u00e9s fondamentales qui d\u00e9finissent notre soci\u00e9t\u00e9 sont le plus menac\u00e9es.","robots":{"index":"noindex","follow":"follow","max-snippet":"max-snippet:-1","max-image-preview":"max-image-preview:large","max-video-preview":"max-video-preview:-1"},"og_locale":"fr_CA","og_type":"article","og_title":"La CCLA condamne les violations des droits et demande le retrait du projet de loi 94 du Qu\u00e9bec - CCLA","og_description":"Une crise de sant\u00e9 publique n\u2019est pas une baguette magique qui peut justifier un choix politique. Les temps de crise sont pr\u00e9cis\u00e9ment ceux o\u00f9 les libert\u00e9s civiles et les libert\u00e9s fondamentales qui d\u00e9finissent notre soci\u00e9t\u00e9 sont le plus menac\u00e9es.","og_url":"https:\/\/dev.ccla.org\/fr\/communiques-de-presse\/la-ccla-condamne-les-violations-des-droits-et-demande-le-retrait-du-projet-de-loi-94-du-quebec\/","og_site_name":"CCLA","article_published_time":"2025-05-01T14:52:34+00:00","article_modified_time":"2026-04-23T18:07:58+00:00","og_image":[{"width":2000,"height":800,"url":"https:\/\/dev.ccla.org\/wp-content\/uploads\/2021\/06\/asia-muslim-lady-using-computer-laptop-talk-to-col-AGXC8AB-1.jpg","type":"image\/jpeg"}],"author":"CCLA","twitter_card":"summary_large_image","twitter_misc":{"\u00c9crit par":"CCLA","Estimation du temps de lecture":"5 minutes"},"schema":{"@context":"https:\/\/schema.org","@graph":[{"@type":"Article","@id":"https:\/\/dev.ccla.org\/fr\/communiques-de-presse\/la-ccla-condamne-les-violations-des-droits-et-demande-le-retrait-du-projet-de-loi-94-du-quebec\/#article","isPartOf":{"@id":"https:\/\/dev.ccla.org\/fr\/communiques-de-presse\/la-ccla-condamne-les-violations-des-droits-et-demande-le-retrait-du-projet-de-loi-94-du-quebec\/"},"author":{"name":"CCLA","@id":"https:\/\/dev.ccla.org\/fr\/#\/schema\/person\/e48728d4a52926205e807fd8c52bf3b0"},"headline":"La CCLA condamne les violations des droits et demande le retrait du projet de loi 94 du Qu\u00e9bec","datePublished":"2025-05-01T14:52:34+00:00","dateModified":"2026-04-23T18:07:58+00:00","mainEntityOfPage":{"@id":"https:\/\/dev.ccla.org\/fr\/communiques-de-presse\/la-ccla-condamne-les-violations-des-droits-et-demande-le-retrait-du-projet-de-loi-94-du-quebec\/"},"wordCount":1049,"image":{"@id":"https:\/\/dev.ccla.org\/fr\/communiques-de-presse\/la-ccla-condamne-les-violations-des-droits-et-demande-le-retrait-du-projet-de-loi-94-du-quebec\/#primaryimage"},"thumbnailUrl":"https:\/\/dev.ccla.org\/wp-content\/uploads\/2021\/06\/asia-muslim-lady-using-computer-laptop-talk-to-col-AGXC8AB-1.jpg","articleSection":["COMMUNIQU\u00c9S DE PRESSE","\u00c9GALIT\u00c9"],"inLanguage":"fr-CA"},{"@type":"WebPage","@id":"https:\/\/dev.ccla.org\/fr\/communiques-de-presse\/la-ccla-condamne-les-violations-des-droits-et-demande-le-retrait-du-projet-de-loi-94-du-quebec\/","url":"https:\/\/dev.ccla.org\/fr\/communiques-de-presse\/la-ccla-condamne-les-violations-des-droits-et-demande-le-retrait-du-projet-de-loi-94-du-quebec\/","name":"La CCLA condamne les violations des droits et demande le retrait du projet de loi 94 du Qu\u00e9bec - CCLA","isPartOf":{"@id":"https:\/\/dev.ccla.org\/fr\/#website"},"primaryImageOfPage":{"@id":"https:\/\/dev.ccla.org\/fr\/communiques-de-presse\/la-ccla-condamne-les-violations-des-droits-et-demande-le-retrait-du-projet-de-loi-94-du-quebec\/#primaryimage"},"image":{"@id":"https:\/\/dev.ccla.org\/fr\/communiques-de-presse\/la-ccla-condamne-les-violations-des-droits-et-demande-le-retrait-du-projet-de-loi-94-du-quebec\/#primaryimage"},"thumbnailUrl":"https:\/\/dev.ccla.org\/wp-content\/uploads\/2021\/06\/asia-muslim-lady-using-computer-laptop-talk-to-col-AGXC8AB-1.jpg","datePublished":"2025-05-01T14:52:34+00:00","dateModified":"2026-04-23T18:07:58+00:00","author":{"@id":"https:\/\/dev.ccla.org\/fr\/#\/schema\/person\/e48728d4a52926205e807fd8c52bf3b0"},"description":"Une crise de sant\u00e9 publique n\u2019est pas une baguette magique qui peut justifier un choix politique. Les temps de crise sont pr\u00e9cis\u00e9ment ceux o\u00f9 les libert\u00e9s civiles et les libert\u00e9s fondamentales qui d\u00e9finissent notre soci\u00e9t\u00e9 sont le plus menac\u00e9es.","breadcrumb":{"@id":"https:\/\/dev.ccla.org\/fr\/communiques-de-presse\/la-ccla-condamne-les-violations-des-droits-et-demande-le-retrait-du-projet-de-loi-94-du-quebec\/#breadcrumb"},"inLanguage":"fr-CA","potentialAction":[{"@type":"ReadAction","target":["https:\/\/dev.ccla.org\/fr\/communiques-de-presse\/la-ccla-condamne-les-violations-des-droits-et-demande-le-retrait-du-projet-de-loi-94-du-quebec\/"]}]},{"@type":"ImageObject","inLanguage":"fr-CA","@id":"https:\/\/dev.ccla.org\/fr\/communiques-de-presse\/la-ccla-condamne-les-violations-des-droits-et-demande-le-retrait-du-projet-de-loi-94-du-quebec\/#primaryimage","url":"https:\/\/dev.ccla.org\/wp-content\/uploads\/2021\/06\/asia-muslim-lady-using-computer-laptop-talk-to-col-AGXC8AB-1.jpg","contentUrl":"https:\/\/dev.ccla.org\/wp-content\/uploads\/2021\/06\/asia-muslim-lady-using-computer-laptop-talk-to-col-AGXC8AB-1.jpg","width":2000,"height":800},{"@type":"BreadcrumbList","@id":"https:\/\/dev.ccla.org\/fr\/communiques-de-presse\/la-ccla-condamne-les-violations-des-droits-et-demande-le-retrait-du-projet-de-loi-94-du-quebec\/#breadcrumb","itemListElement":[{"@type":"ListItem","position":1,"name":"Home","item":"https:\/\/dev.ccla.org\/fr\/accueil\/"},{"@type":"ListItem","position":2,"name":"Non class\u00e9","item":"https:\/\/dev.ccla.org\/fr\/category\/non-classe\/"},{"@type":"ListItem","position":3,"name":"La CCLA condamne les violations des droits et demande le retrait du projet de loi 94 du Qu\u00e9bec"}]},{"@type":"WebSite","@id":"https:\/\/dev.ccla.org\/fr\/#website","url":"https:\/\/dev.ccla.org\/fr\/","name":"CCLA","description":"","potentialAction":[{"@type":"SearchAction","target":{"@type":"EntryPoint","urlTemplate":"https:\/\/dev.ccla.org\/fr\/?s={search_term_string}"},"query-input":{"@type":"PropertyValueSpecification","valueRequired":true,"valueName":"search_term_string"}}],"inLanguage":"fr-CA"},{"@type":"Person","@id":"https:\/\/dev.ccla.org\/fr\/#\/schema\/person\/e48728d4a52926205e807fd8c52bf3b0","name":"CCLA","image":{"@type":"ImageObject","inLanguage":"fr-CA","@id":"https:\/\/secure.gravatar.com\/avatar\/03b13921772ba279da547407d7a85f0b4a10bdf8cc9a026f2ac4e10643eee315?s=96&d=blank&r=g","url":"https:\/\/secure.gravatar.com\/avatar\/03b13921772ba279da547407d7a85f0b4a10bdf8cc9a026f2ac4e10643eee315?s=96&d=blank&r=g","contentUrl":"https:\/\/secure.gravatar.com\/avatar\/03b13921772ba279da547407d7a85f0b4a10bdf8cc9a026f2ac4e10643eee315?s=96&d=blank&r=g","caption":"CCLA"},"url":"https:\/\/dev.ccla.org\/fr\/author\/ccla\/"}]}},"_links":{"self":[{"href":"https:\/\/dev.ccla.org\/fr\/wp-json\/wp\/v2\/posts\/13389","targetHints":{"allow":["GET"]}}],"collection":[{"href":"https:\/\/dev.ccla.org\/fr\/wp-json\/wp\/v2\/posts"}],"about":[{"href":"https:\/\/dev.ccla.org\/fr\/wp-json\/wp\/v2\/types\/post"}],"author":[{"embeddable":true,"href":"https:\/\/dev.ccla.org\/fr\/wp-json\/wp\/v2\/users\/4"}],"replies":[{"embeddable":true,"href":"https:\/\/dev.ccla.org\/fr\/wp-json\/wp\/v2\/comments?post=13389"}],"version-history":[{"count":2,"href":"https:\/\/dev.ccla.org\/fr\/wp-json\/wp\/v2\/posts\/13389\/revisions"}],"predecessor-version":[{"id":13392,"href":"https:\/\/dev.ccla.org\/fr\/wp-json\/wp\/v2\/posts\/13389\/revisions\/13392"}],"wp:featuredmedia":[{"embeddable":true,"href":"https:\/\/dev.ccla.org\/fr\/wp-json\/wp\/v2\/media\/12251"}],"wp:attachment":[{"href":"https:\/\/dev.ccla.org\/fr\/wp-json\/wp\/v2\/media?parent=13389"}],"wp:term":[{"taxonomy":"category","embeddable":true,"href":"https:\/\/dev.ccla.org\/fr\/wp-json\/wp\/v2\/categories?post=13389"},{"taxonomy":"post_tag","embeddable":true,"href":"https:\/\/dev.ccla.org\/fr\/wp-json\/wp\/v2\/tags?post=13389"}],"curies":[{"name":"wp","href":"https:\/\/api.w.org\/{rel}","templated":true}]}}