{"id":13334,"date":"2025-10-24T16:52:43","date_gmt":"2025-10-24T20:52:43","guid":{"rendered":"https:\/\/dev.ccla.org\/non-classe\/lassociation-canadienne-des-libertes-civiles-organisera-chaque-annee-la-marche-pour-les-libertes-civiles-honorer-lheritage-inspirer-laction\/"},"modified":"2026-04-23T14:07:40","modified_gmt":"2026-04-23T18:07:40","slug":"lassociation-canadienne-des-libertes-civiles-organisera-chaque-annee-la-marche-pour-les-libertes-civiles-honorer-lheritage-inspirer-laction","status":"publish","type":"post","link":"https:\/\/dev.ccla.org\/fr\/communiques-de-presse\/lassociation-canadienne-des-libertes-civiles-organisera-chaque-annee-la-marche-pour-les-libertes-civiles-honorer-lheritage-inspirer-laction\/","title":{"rendered":"L\u2019Association canadienne des libert\u00e9s civiles organisera chaque ann\u00e9e la \u00ab Marche pour les libert\u00e9s civiles \u00bb \u2014 Honorer l\u2019h\u00e9ritage, inspirer l\u2019action"},"content":{"rendered":"[vc_row type=\u00a0\u00bbin_container\u00a0\u00bb full_screen_row_position=\u00a0\u00bbmiddle\u00a0\u00bb column_margin=\u00a0\u00bbdefault\u00a0\u00bb column_direction=\u00a0\u00bbdefault\u00a0\u00bb column_direction_tablet=\u00a0\u00bbdefault\u00a0\u00bb column_direction_phone=\u00a0\u00bbdefault\u00a0\u00bb scene_position=\u00a0\u00bbcenter\u00a0\u00bb text_color=\u00a0\u00bbdark\u00a0\u00bb text_align=\u00a0\u00bbleft\u00a0\u00bb row_border_radius=\u00a0\u00bbnone\u00a0\u00bb row_border_radius_applies=\u00a0\u00bbbg\u00a0\u00bb overflow=\u00a0\u00bbvisible\u00a0\u00bb overlay_strength=\u00a0\u00bb0.3&Prime; gradient_direction=\u00a0\u00bbleft_to_right\u00a0\u00bb shape_divider_position=\u00a0\u00bbbottom\u00a0\u00bb bg_image_animation=\u00a0\u00bbnone\u00a0\u00bb][vc_column column_padding=\u00a0\u00bbno-extra-padding\u00a0\u00bb column_padding_tablet=\u00a0\u00bbinherit\u00a0\u00bb column_padding_phone=\u00a0\u00bbinherit\u00a0\u00bb column_padding_position=\u00a0\u00bball\u00a0\u00bb column_element_direction_desktop=\u00a0\u00bbdefault\u00a0\u00bb column_element_spacing=\u00a0\u00bbdefault\u00a0\u00bb desktop_text_alignment=\u00a0\u00bbdefault\u00a0\u00bb tablet_text_alignment=\u00a0\u00bbdefault\u00a0\u00bb phone_text_alignment=\u00a0\u00bbdefault\u00a0\u00bb background_color_opacity=\u00a0\u00bb1&Prime; background_hover_color_opacity=\u00a0\u00bb1&Prime; column_backdrop_filter=\u00a0\u00bbnone\u00a0\u00bb column_shadow=\u00a0\u00bbnone\u00a0\u00bb column_border_radius=\u00a0\u00bbnone\u00a0\u00bb column_link_target=\u00a0\u00bb_self\u00a0\u00bb column_position=\u00a0\u00bbdefault\u00a0\u00bb gradient_direction=\u00a0\u00bbleft_to_right\u00a0\u00bb overlay_strength=\u00a0\u00bb0.3&Prime; width=\u00a0\u00bb1\/1&Prime; tablet_width_inherit=\u00a0\u00bbdefault\u00a0\u00bb animation_type=\u00a0\u00bbdefault\u00a0\u00bb bg_image_animation=\u00a0\u00bbnone\u00a0\u00bb border_type=\u00a0\u00bbsimple\u00a0\u00bb column_border_width=\u00a0\u00bbnone\u00a0\u00bb column_border_style=\u00a0\u00bbsolid\u00a0\u00bb][nectar_global_section id=\u00a0\u00bb1355&Prime;][\/vc_column][\/vc_row][vc_row type=\u00a0\u00bbfull_width_background\u00a0\u00bb full_screen_row_position=\u00a0\u00bbmiddle\u00a0\u00bb column_margin=\u00a0\u00bbdefault\u00a0\u00bb column_direction=\u00a0\u00bbdefault\u00a0\u00bb column_direction_tablet=\u00a0\u00bbdefault\u00a0\u00bb column_direction_phone=\u00a0\u00bbdefault\u00a0\u00bb scene_position=\u00a0\u00bbcenter\u00a0\u00bb top_padding=\u00a0\u00bb4%\u00a0\u00bb constrain_group_1=\u00a0\u00bbyes\u00a0\u00bb bottom_padding=\u00a0\u00bb4%\u00a0\u00bb text_color=\u00a0\u00bbdark\u00a0\u00bb text_align=\u00a0\u00bbleft\u00a0\u00bb row_border_radius=\u00a0\u00bbnone\u00a0\u00bb row_border_radius_applies=\u00a0\u00bbbg\u00a0\u00bb overflow=\u00a0\u00bbvisible\u00a0\u00bb class=\u00a0\u00bbpost-links\u00a0\u00bb overlay_strength=\u00a0\u00bb0.3&Prime; gradient_direction=\u00a0\u00bbleft_to_right\u00a0\u00bb shape_divider_position=\u00a0\u00bbbottom\u00a0\u00bb bg_image_animation=\u00a0\u00bbnone\u00a0\u00bb shape_type=\u00a0\u00bb\u00a0\u00bb][vc_column column_padding=\u00a0\u00bbno-extra-padding\u00a0\u00bb column_padding_tablet=\u00a0\u00bbinherit\u00a0\u00bb column_padding_phone=\u00a0\u00bbinherit\u00a0\u00bb column_padding_position=\u00a0\u00bball\u00a0\u00bb column_element_direction_desktop=\u00a0\u00bbdefault\u00a0\u00bb column_element_spacing=\u00a0\u00bbdefault\u00a0\u00bb desktop_text_alignment=\u00a0\u00bbdefault\u00a0\u00bb tablet_text_alignment=\u00a0\u00bbdefault\u00a0\u00bb phone_text_alignment=\u00a0\u00bbdefault\u00a0\u00bb background_color_opacity=\u00a0\u00bb1&Prime; background_hover_color_opacity=\u00a0\u00bb1&Prime; column_backdrop_filter=\u00a0\u00bbnone\u00a0\u00bb column_shadow=\u00a0\u00bbnone\u00a0\u00bb column_border_radius=\u00a0\u00bbnone\u00a0\u00bb column_link_target=\u00a0\u00bb_self\u00a0\u00bb column_position=\u00a0\u00bbdefault\u00a0\u00bb gradient_direction=\u00a0\u00bbleft_to_right\u00a0\u00bb overlay_strength=\u00a0\u00bb0.3&Prime; width=\u00a0\u00bb1\/1&Prime; tablet_width_inherit=\u00a0\u00bbdefault\u00a0\u00bb animation_type=\u00a0\u00bbdefault\u00a0\u00bb bg_image_animation=\u00a0\u00bbnone\u00a0\u00bb border_type=\u00a0\u00bbsimple\u00a0\u00bb column_border_width=\u00a0\u00bbnone\u00a0\u00bb column_border_style=\u00a0\u00bbsolid\u00a0\u00bb][vc_column_text css=\u00a0\u00bb\u00a0\u00bb text_direction=\u00a0\u00bbdefault\u00a0\u00bb]TORONTO \u2014 L\u2019Association canadienne des libert\u00e9s civiles (CCLA) organisera sa Marche annuelle pour les libert\u00e9s civiles ce dimanche 26 octobre 2025 afin de sensibiliser et de recueillir des fonds en soutien \u00e0 ses litiges et plaidoyers essentiels pour d\u00e9fendre les droits et libert\u00e9s de tous les peuples au Canada.<\/p>\n<p>La marche de cette ann\u00e9e rev\u00eat une signification particuli\u00e8re puisqu\u2019elle marque trente-cinq ans depuis le discours historique de Nelson Mandela \u00e0 Queen\u2019s Park (18 juin 1990), seulement quatre mois apr\u00e8s sa sortie de prison. La visite de Mandela \u00e0 Toronto a attir\u00e9 des milliers de personnes de partout au pays et a r\u00e9affirm\u00e9 la lutte mondiale pour la justice, l\u2019\u00e9galit\u00e9 et les droits humains \u2014 des valeurs qui demeurent au c\u0153ur de la mission de la CCLA aujourd\u2019hui. <\/p>\n<p>La CCLA est honor\u00e9e d\u2019accueillir <a href=\"https:\/\/mcusercontent.com\/de85a14a3dcadd8e377462ff6\/files\/2ec7b525-a26f-81d7-897e-74a1f97f01ac\/DR._SIYABULELA_MANDELA_003_.pdf\">la Dre Siyabulela Mandela<\/a> \u2014 militante pour la paix et les droits de la personne, chercheuse et descendante du d\u00e9funt Nelson Mandela \u2014 en tant qu\u2019invit\u00e9e d\u2019honneur de la Marche pour les libert\u00e9s civiles 2025. Il s\u2019adressera aux participants de la Marche \u00e0 13 h 30 (HE) devant l\u2019Assembl\u00e9e l\u00e9gislative de l\u2019Ontario. <\/p>\n<p>\u00ab Alors que je me joins \u00e0 la Marche de l\u2019Association canadienne des libert\u00e9s civiles \u00e0 Queen\u2019s Park ce dimanche, trente-cinq ans apr\u00e8s le discours historique de Nelson Mandela en 1990, je me rappelle son h\u00e9ritage durable \u00bb, a d\u00e9clar\u00e9 le Dr Siyabulela Mandela. \u00ab Dans un monde polaris\u00e9, Mandela nous a enseign\u00e9 que la paix ne na\u00eet pas du silence, mais de la justice; que les droits humains et les libert\u00e9s civiles sont les piliers sur lesquels repose la r\u00e9conciliation; et que notre humanit\u00e9 partag\u00e9e demeure le pont au-del\u00e0 de chaque division. \u00bb <\/p>\n<p>Howard Sapers, le nouveau directeur ex\u00e9cutif nomm\u00e9 de la CCLA, a soulign\u00e9 l\u2019importance de l\u2019action collective et de la solidarit\u00e9 dans la d\u00e9fense continue des libert\u00e9s civiles.<\/p>\n<p>\u00ab La Marche pour les libert\u00e9s civiles est plus qu\u2019une collecte de fonds \u2014 c\u2019est une d\u00e9claration \u00bb, a d\u00e9clar\u00e9 Sapers. \u00ab Chaque pas fait refl\u00e8te notre croyance commune en l\u2019\u00e9quit\u00e9, la justice et la responsabilit\u00e9. Que nous contestions la d\u00e9tention ill\u00e9gale, d\u00e9fendions le droit de manifester ou r\u00e9sistions \u00e0 l\u2019abus de pouvoirs juridiques extraordinaires, ce travail d\u00e9pend de la force et du soutien de notre communaut\u00e9. \u00bb <\/p>\n<p>Cette ann\u00e9e, les dons \u00e0 la marche seront de nouveau \u00e9gal\u00e9s jusqu\u2019\u00e0 50 000 $ par un g\u00e9n\u00e9reux partisant, doublant l\u2019impact de chaque contribution.<\/p>\n<p>Les participants se rassembleront \u00e0 midi \u00e0 l\u2019extr\u00e9mit\u00e9 de College Street de Alan Borovoy Lane (College et Grace Streets), nomm\u00e9e en l\u2019honneur du regrett\u00e9 Alan Borovoy, ancien directeur ex\u00e9cutif de la CCLA. La promenade se poursuivra le long de College Street jusqu\u2019\u00e0 Queen\u2019s Park, o\u00f9 un court rassemblement et des remarques concluront l\u2019\u00e9v\u00e9nement. <\/p>\n<p>\u00ab Nous invitons tous ceux qui croient en la justice et la libert\u00e9 \u00e0 marcher avec nous \u00bb, a ajout\u00e9 Sapers. \u00ab Votre pr\u00e9sence \u2014 en personne ou en esprit \u2014 renforce la lutte pour les droits et libert\u00e9s \u00e0 travers le Canada. \u00bb <\/p>\n<p>Pour plus d\u2019informations ou pour vous inscrire, visitez : <a href=\"https:\/\/raceroster.com\/events\/2025\/109412\/2025-walk-for-civil-liberties\">ccla.org\/walk-for-civil-liberties<\/a><\/p>\n<p>Plus d\u2019informations sur la Dre Siyabulela <a href=\"https:\/\/mcusercontent.com\/de85a14a3dcadd8e377462ff6\/files\/2ec7b525-a26f-81d7-897e-74a1f97f01ac\/DR._SIYABULELA_MANDELA_003_.pdf\">Mandela ici<\/a>.<br \/>\nJoignez-vous \u00e0 la marche : Consultez la carte et le guide <a href=\"https:\/\/mcusercontent.com\/de85a14a3dcadd8e377462ff6\/files\/5ef54f79-2a5a-43d3-ff34-36b0fd757dcb\/CCLA_Walk_For_Civil_Liberties_Route_2025.pdf\">d\u2019itin\u00e9raire ici<\/a>.[\/vc_column_text][\/vc_column][\/vc_row][vc_row type=\u00a0\u00bbin_container\u00a0\u00bb full_screen_row_position=\u00a0\u00bbmiddle\u00a0\u00bb column_margin=\u00a0\u00bbdefault\u00a0\u00bb column_direction=\u00a0\u00bbdefault\u00a0\u00bb column_direction_tablet=\u00a0\u00bbdefault\u00a0\u00bb column_direction_phone=\u00a0\u00bbdefault\u00a0\u00bb scene_position=\u00a0\u00bbcenter\u00a0\u00bb text_color=\u00a0\u00bbdark\u00a0\u00bb text_align=\u00a0\u00bbleft\u00a0\u00bb row_border_radius=\u00a0\u00bbnone\u00a0\u00bb row_border_radius_applies=\u00a0\u00bbbg\u00a0\u00bb overflow=\u00a0\u00bbvisible\u00a0\u00bb overlay_strength=\u00a0\u00bb0.3&Prime; gradient_direction=\u00a0\u00bbleft_to_right\u00a0\u00bb shape_divider_position=\u00a0\u00bbbottom\u00a0\u00bb bg_image_animation=\u00a0\u00bbnone\u00a0\u00bb][vc_column column_padding=\u00a0\u00bbno-extra-padding\u00a0\u00bb column_padding_tablet=\u00a0\u00bbinherit\u00a0\u00bb column_padding_phone=\u00a0\u00bbinherit\u00a0\u00bb column_padding_position=\u00a0\u00bball\u00a0\u00bb column_element_direction_desktop=\u00a0\u00bbdefault\u00a0\u00bb column_element_spacing=\u00a0\u00bbdefault\u00a0\u00bb desktop_text_alignment=\u00a0\u00bbdefault\u00a0\u00bb tablet_text_alignment=\u00a0\u00bbdefault\u00a0\u00bb phone_text_alignment=\u00a0\u00bbdefault\u00a0\u00bb background_color_opacity=\u00a0\u00bb1&Prime; background_hover_color_opacity=\u00a0\u00bb1&Prime; column_backdrop_filter=\u00a0\u00bbnone\u00a0\u00bb column_shadow=\u00a0\u00bbnone\u00a0\u00bb column_border_radius=\u00a0\u00bbnone\u00a0\u00bb column_link_target=\u00a0\u00bb_self\u00a0\u00bb column_position=\u00a0\u00bbdefault\u00a0\u00bb gradient_direction=\u00a0\u00bbleft_to_right\u00a0\u00bb overlay_strength=\u00a0\u00bb0.3&Prime; width=\u00a0\u00bb1\/1&Prime; tablet_width_inherit=\u00a0\u00bbdefault\u00a0\u00bb animation_type=\u00a0\u00bbdefault\u00a0\u00bb bg_image_animation=\u00a0\u00bbnone\u00a0\u00bb border_type=\u00a0\u00bbsimple\u00a0\u00bb column_border_width=\u00a0\u00bbnone\u00a0\u00bb column_border_style=\u00a0\u00bbsolid\u00a0\u00bb][nectar_global_section id=\u00a0\u00bb1461&Prime;][\/vc_column][\/vc_row]\n","protected":false},"excerpt":{"rendered":"<p>[vc_row type=\u00a0\u00bbin_container\u00a0\u00bb full_screen_row_position=\u00a0\u00bbmiddle\u00a0\u00bb column_margin=\u00a0\u00bbdefault\u00a0\u00bb column_direction=\u00a0\u00bbdefault\u00a0\u00bb column_direction_tablet=\u00a0\u00bbdefault\u00a0\u00bb column_direction_phone=\u00a0\u00bbdefault\u00a0\u00bb scene_position=\u00a0\u00bbcenter\u00a0\u00bb text_color=\u00a0\u00bbdark\u00a0\u00bb text_align=\u00a0\u00bbleft\u00a0\u00bb row_border_radius=\u00a0\u00bbnone\u00a0\u00bb row_border_radius_applies=\u00a0\u00bbbg\u00a0\u00bb overflow=\u00a0\u00bbvisible\u00a0\u00bb overlay_strength=\u00a0\u00bb0.3&Prime; gradient_direction=\u00a0\u00bbleft_to_right\u00a0\u00bb shape_divider_position=\u00a0\u00bbbottom\u00a0\u00bb bg_image_animation=\u00a0\u00bbnone\u00a0\u00bb][vc_column column_padding=\u00a0\u00bbno-extra-padding\u00a0\u00bb column_padding_tablet=\u00a0\u00bbinherit\u00a0\u00bb column_padding_phone=\u00a0\u00bbinherit\u00a0\u00bb column_padding_position=\u00a0\u00bball\u00a0\u00bb column_element_direction_desktop=\u00a0\u00bbdefault\u00a0\u00bb column_element_spacing=\u00a0\u00bbdefault\u00a0\u00bb desktop_text_alignment=\u00a0\u00bbdefault\u00a0\u00bb tablet_text_alignment=\u00a0\u00bbdefault\u00a0\u00bb phone_text_alignment=\u00a0\u00bbdefault\u00a0\u00bb background_color_opacity=\u00a0\u00bb1&Prime; background_hover_color_opacity=\u00a0\u00bb1&Prime; column_backdrop_filter=\u00a0\u00bbnone\u00a0\u00bb column_shadow=\u00a0\u00bbnone\u00a0\u00bb&#8230;<\/p>\n","protected":false},"author":4,"featured_media":12396,"comment_status":"closed","ping_status":"closed","sticky":false,"template":"","format":"standard","meta":{"footnotes":""},"categories":[268],"tags":[],"class_list":{"0":"post-13334","1":"post","2":"type-post","3":"status-publish","4":"format-standard","5":"has-post-thumbnail","7":"category-communiques-de-presse"},"yoast_head":"<!-- This site is optimized with the Yoast SEO plugin v27.4 - https:\/\/yoast.com\/product\/yoast-seo-wordpress\/ -->\n<title>L\u2019Association canadienne des libert\u00e9s civiles organisera chaque ann\u00e9e la \u00ab Marche pour les libert\u00e9s civiles \u00bb \u2014 Honorer l\u2019h\u00e9ritage, inspirer l\u2019action - CCLA<\/title>\n<meta name=\"robots\" content=\"noindex, follow, max-snippet:-1, max-image-preview:large, max-video-preview:-1\" \/>\n<meta property=\"og:locale\" content=\"fr_CA\" \/>\n<meta property=\"og:type\" content=\"article\" \/>\n<meta property=\"og:title\" content=\"L\u2019Association canadienne des libert\u00e9s civiles organisera chaque ann\u00e9e la \u00ab Marche pour les libert\u00e9s civiles \u00bb \u2014 Honorer l\u2019h\u00e9ritage, inspirer l\u2019action - CCLA\" \/>\n<meta property=\"og:description\" content=\"[vc_row type=\u00a0\u00bbin_container\u00a0\u00bb full_screen_row_position=\u00a0\u00bbmiddle\u00a0\u00bb column_margin=\u00a0\u00bbdefault\u00a0\u00bb column_direction=\u00a0\u00bbdefault\u00a0\u00bb column_direction_tablet=\u00a0\u00bbdefault\u00a0\u00bb column_direction_phone=\u00a0\u00bbdefault\u00a0\u00bb scene_position=\u00a0\u00bbcenter\u00a0\u00bb text_color=\u00a0\u00bbdark\u00a0\u00bb text_align=\u00a0\u00bbleft\u00a0\u00bb row_border_radius=\u00a0\u00bbnone\u00a0\u00bb row_border_radius_applies=\u00a0\u00bbbg\u00a0\u00bb overflow=\u00a0\u00bbvisible\u00a0\u00bb overlay_strength=\u00a0\u00bb0.3&Prime; gradient_direction=\u00a0\u00bbleft_to_right\u00a0\u00bb shape_divider_position=\u00a0\u00bbbottom\u00a0\u00bb bg_image_animation=\u00a0\u00bbnone\u00a0\u00bb][vc_column column_padding=\u00a0\u00bbno-extra-padding\u00a0\u00bb column_padding_tablet=\u00a0\u00bbinherit\u00a0\u00bb column_padding_phone=\u00a0\u00bbinherit\u00a0\u00bb column_padding_position=\u00a0\u00bball\u00a0\u00bb column_element_direction_desktop=\u00a0\u00bbdefault\u00a0\u00bb column_element_spacing=\u00a0\u00bbdefault\u00a0\u00bb desktop_text_alignment=\u00a0\u00bbdefault\u00a0\u00bb tablet_text_alignment=\u00a0\u00bbdefault\u00a0\u00bb phone_text_alignment=\u00a0\u00bbdefault\u00a0\u00bb background_color_opacity=\u00a0\u00bb1&Prime; background_hover_color_opacity=\u00a0\u00bb1&Prime; column_backdrop_filter=\u00a0\u00bbnone\u00a0\u00bb column_shadow=\u00a0\u00bbnone\u00a0\u00bb...\" \/>\n<meta property=\"og:url\" content=\"https:\/\/dev.ccla.org\/fr\/communiques-de-presse\/lassociation-canadienne-des-libertes-civiles-organisera-chaque-annee-la-marche-pour-les-libertes-civiles-honorer-lheritage-inspirer-laction\/\" \/>\n<meta property=\"og:site_name\" content=\"CCLA\" \/>\n<meta property=\"article:published_time\" content=\"2025-10-24T20:52:43+00:00\" \/>\n<meta property=\"article:modified_time\" content=\"2026-04-23T18:07:40+00:00\" \/>\n<meta property=\"og:image\" content=\"https:\/\/dev.ccla.org\/wp-content\/uploads\/2021\/06\/TORONTO__mwangi-gatheca-qlKaN7eqay8-unsplash.jpg\" \/>\n\t<meta property=\"og:image:width\" content=\"2000\" \/>\n\t<meta property=\"og:image:height\" content=\"800\" \/>\n\t<meta property=\"og:image:type\" content=\"image\/jpeg\" \/>\n<meta name=\"author\" content=\"CCLA\" \/>\n<meta name=\"twitter:card\" content=\"summary_large_image\" \/>\n<meta name=\"twitter:label1\" content=\"\u00c9crit par\" \/>\n\t<meta name=\"twitter:data1\" content=\"CCLA\" \/>\n\t<meta name=\"twitter:label2\" content=\"Estimation du temps de lecture\" \/>\n\t<meta name=\"twitter:data2\" content=\"5 minutes\" \/>\n<script type=\"application\/ld+json\" class=\"yoast-schema-graph\">{\"@context\":\"https:\\\/\\\/schema.org\",\"@graph\":[{\"@type\":\"Article\",\"@id\":\"https:\\\/\\\/dev.ccla.org\\\/fr\\\/communiques-de-presse\\\/lassociation-canadienne-des-libertes-civiles-organisera-chaque-annee-la-marche-pour-les-libertes-civiles-honorer-lheritage-inspirer-laction\\\/#article\",\"isPartOf\":{\"@id\":\"https:\\\/\\\/dev.ccla.org\\\/fr\\\/communiques-de-presse\\\/lassociation-canadienne-des-libertes-civiles-organisera-chaque-annee-la-marche-pour-les-libertes-civiles-honorer-lheritage-inspirer-laction\\\/\"},\"author\":{\"name\":\"CCLA\",\"@id\":\"https:\\\/\\\/dev.ccla.org\\\/fr\\\/#\\\/schema\\\/person\\\/e48728d4a52926205e807fd8c52bf3b0\"},\"headline\":\"L\u2019Association canadienne des libert\u00e9s civiles organisera chaque ann\u00e9e la \u00ab Marche pour les libert\u00e9s civiles \u00bb \u2014 Honorer l\u2019h\u00e9ritage, inspirer l\u2019action\",\"datePublished\":\"2025-10-24T20:52:43+00:00\",\"dateModified\":\"2026-04-23T18:07:40+00:00\",\"mainEntityOfPage\":{\"@id\":\"https:\\\/\\\/dev.ccla.org\\\/fr\\\/communiques-de-presse\\\/lassociation-canadienne-des-libertes-civiles-organisera-chaque-annee-la-marche-pour-les-libertes-civiles-honorer-lheritage-inspirer-laction\\\/\"},\"wordCount\":1079,\"image\":{\"@id\":\"https:\\\/\\\/dev.ccla.org\\\/fr\\\/communiques-de-presse\\\/lassociation-canadienne-des-libertes-civiles-organisera-chaque-annee-la-marche-pour-les-libertes-civiles-honorer-lheritage-inspirer-laction\\\/#primaryimage\"},\"thumbnailUrl\":\"https:\\\/\\\/dev.ccla.org\\\/wp-content\\\/uploads\\\/2021\\\/06\\\/TORONTO__mwangi-gatheca-qlKaN7eqay8-unsplash.jpg\",\"articleSection\":[\"COMMUNIQU\u00c9S DE PRESSE\"],\"inLanguage\":\"fr-CA\"},{\"@type\":\"WebPage\",\"@id\":\"https:\\\/\\\/dev.ccla.org\\\/fr\\\/communiques-de-presse\\\/lassociation-canadienne-des-libertes-civiles-organisera-chaque-annee-la-marche-pour-les-libertes-civiles-honorer-lheritage-inspirer-laction\\\/\",\"url\":\"https:\\\/\\\/dev.ccla.org\\\/fr\\\/communiques-de-presse\\\/lassociation-canadienne-des-libertes-civiles-organisera-chaque-annee-la-marche-pour-les-libertes-civiles-honorer-lheritage-inspirer-laction\\\/\",\"name\":\"L\u2019Association canadienne des libert\u00e9s civiles organisera chaque ann\u00e9e la \u00ab Marche pour les libert\u00e9s civiles \u00bb \u2014 Honorer l\u2019h\u00e9ritage, inspirer l\u2019action - CCLA\",\"isPartOf\":{\"@id\":\"https:\\\/\\\/dev.ccla.org\\\/fr\\\/#website\"},\"primaryImageOfPage\":{\"@id\":\"https:\\\/\\\/dev.ccla.org\\\/fr\\\/communiques-de-presse\\\/lassociation-canadienne-des-libertes-civiles-organisera-chaque-annee-la-marche-pour-les-libertes-civiles-honorer-lheritage-inspirer-laction\\\/#primaryimage\"},\"image\":{\"@id\":\"https:\\\/\\\/dev.ccla.org\\\/fr\\\/communiques-de-presse\\\/lassociation-canadienne-des-libertes-civiles-organisera-chaque-annee-la-marche-pour-les-libertes-civiles-honorer-lheritage-inspirer-laction\\\/#primaryimage\"},\"thumbnailUrl\":\"https:\\\/\\\/dev.ccla.org\\\/wp-content\\\/uploads\\\/2021\\\/06\\\/TORONTO__mwangi-gatheca-qlKaN7eqay8-unsplash.jpg\",\"datePublished\":\"2025-10-24T20:52:43+00:00\",\"dateModified\":\"2026-04-23T18:07:40+00:00\",\"author\":{\"@id\":\"https:\\\/\\\/dev.ccla.org\\\/fr\\\/#\\\/schema\\\/person\\\/e48728d4a52926205e807fd8c52bf3b0\"},\"breadcrumb\":{\"@id\":\"https:\\\/\\\/dev.ccla.org\\\/fr\\\/communiques-de-presse\\\/lassociation-canadienne-des-libertes-civiles-organisera-chaque-annee-la-marche-pour-les-libertes-civiles-honorer-lheritage-inspirer-laction\\\/#breadcrumb\"},\"inLanguage\":\"fr-CA\",\"potentialAction\":[{\"@type\":\"ReadAction\",\"target\":[\"https:\\\/\\\/dev.ccla.org\\\/fr\\\/communiques-de-presse\\\/lassociation-canadienne-des-libertes-civiles-organisera-chaque-annee-la-marche-pour-les-libertes-civiles-honorer-lheritage-inspirer-laction\\\/\"]}]},{\"@type\":\"ImageObject\",\"inLanguage\":\"fr-CA\",\"@id\":\"https:\\\/\\\/dev.ccla.org\\\/fr\\\/communiques-de-presse\\\/lassociation-canadienne-des-libertes-civiles-organisera-chaque-annee-la-marche-pour-les-libertes-civiles-honorer-lheritage-inspirer-laction\\\/#primaryimage\",\"url\":\"https:\\\/\\\/dev.ccla.org\\\/wp-content\\\/uploads\\\/2021\\\/06\\\/TORONTO__mwangi-gatheca-qlKaN7eqay8-unsplash.jpg\",\"contentUrl\":\"https:\\\/\\\/dev.ccla.org\\\/wp-content\\\/uploads\\\/2021\\\/06\\\/TORONTO__mwangi-gatheca-qlKaN7eqay8-unsplash.jpg\",\"width\":2000,\"height\":800},{\"@type\":\"BreadcrumbList\",\"@id\":\"https:\\\/\\\/dev.ccla.org\\\/fr\\\/communiques-de-presse\\\/lassociation-canadienne-des-libertes-civiles-organisera-chaque-annee-la-marche-pour-les-libertes-civiles-honorer-lheritage-inspirer-laction\\\/#breadcrumb\",\"itemListElement\":[{\"@type\":\"ListItem\",\"position\":1,\"name\":\"Home\",\"item\":\"https:\\\/\\\/dev.ccla.org\\\/fr\\\/accueil\\\/\"},{\"@type\":\"ListItem\",\"position\":2,\"name\":\"Non class\u00e9\",\"item\":\"https:\\\/\\\/dev.ccla.org\\\/fr\\\/category\\\/non-classe\\\/\"},{\"@type\":\"ListItem\",\"position\":3,\"name\":\"L\u2019Association canadienne des libert\u00e9s civiles organisera chaque ann\u00e9e la \u00ab Marche pour les libert\u00e9s civiles \u00bb \u2014 Honorer l\u2019h\u00e9ritage, inspirer l\u2019action\"}]},{\"@type\":\"WebSite\",\"@id\":\"https:\\\/\\\/dev.ccla.org\\\/fr\\\/#website\",\"url\":\"https:\\\/\\\/dev.ccla.org\\\/fr\\\/\",\"name\":\"CCLA\",\"description\":\"\",\"potentialAction\":[{\"@type\":\"SearchAction\",\"target\":{\"@type\":\"EntryPoint\",\"urlTemplate\":\"https:\\\/\\\/dev.ccla.org\\\/fr\\\/?s={search_term_string}\"},\"query-input\":{\"@type\":\"PropertyValueSpecification\",\"valueRequired\":true,\"valueName\":\"search_term_string\"}}],\"inLanguage\":\"fr-CA\"},{\"@type\":\"Person\",\"@id\":\"https:\\\/\\\/dev.ccla.org\\\/fr\\\/#\\\/schema\\\/person\\\/e48728d4a52926205e807fd8c52bf3b0\",\"name\":\"CCLA\",\"image\":{\"@type\":\"ImageObject\",\"inLanguage\":\"fr-CA\",\"@id\":\"https:\\\/\\\/secure.gravatar.com\\\/avatar\\\/03b13921772ba279da547407d7a85f0b4a10bdf8cc9a026f2ac4e10643eee315?s=96&d=blank&r=g\",\"url\":\"https:\\\/\\\/secure.gravatar.com\\\/avatar\\\/03b13921772ba279da547407d7a85f0b4a10bdf8cc9a026f2ac4e10643eee315?s=96&d=blank&r=g\",\"contentUrl\":\"https:\\\/\\\/secure.gravatar.com\\\/avatar\\\/03b13921772ba279da547407d7a85f0b4a10bdf8cc9a026f2ac4e10643eee315?s=96&d=blank&r=g\",\"caption\":\"CCLA\"},\"url\":\"https:\\\/\\\/dev.ccla.org\\\/fr\\\/author\\\/ccla\\\/\"}]}<\/script>\n<!-- \/ Yoast SEO plugin. -->","yoast_head_json":{"title":"L\u2019Association canadienne des libert\u00e9s civiles organisera chaque ann\u00e9e la \u00ab Marche pour les libert\u00e9s civiles \u00bb \u2014 Honorer l\u2019h\u00e9ritage, inspirer l\u2019action - CCLA","robots":{"index":"noindex","follow":"follow","max-snippet":"max-snippet:-1","max-image-preview":"max-image-preview:large","max-video-preview":"max-video-preview:-1"},"og_locale":"fr_CA","og_type":"article","og_title":"L\u2019Association canadienne des libert\u00e9s civiles organisera chaque ann\u00e9e la \u00ab Marche pour les libert\u00e9s civiles \u00bb \u2014 Honorer l\u2019h\u00e9ritage, inspirer l\u2019action - CCLA","og_description":"[vc_row type=\u00a0\u00bbin_container\u00a0\u00bb full_screen_row_position=\u00a0\u00bbmiddle\u00a0\u00bb column_margin=\u00a0\u00bbdefault\u00a0\u00bb column_direction=\u00a0\u00bbdefault\u00a0\u00bb column_direction_tablet=\u00a0\u00bbdefault\u00a0\u00bb column_direction_phone=\u00a0\u00bbdefault\u00a0\u00bb scene_position=\u00a0\u00bbcenter\u00a0\u00bb text_color=\u00a0\u00bbdark\u00a0\u00bb text_align=\u00a0\u00bbleft\u00a0\u00bb row_border_radius=\u00a0\u00bbnone\u00a0\u00bb row_border_radius_applies=\u00a0\u00bbbg\u00a0\u00bb overflow=\u00a0\u00bbvisible\u00a0\u00bb overlay_strength=\u00a0\u00bb0.3&Prime; gradient_direction=\u00a0\u00bbleft_to_right\u00a0\u00bb shape_divider_position=\u00a0\u00bbbottom\u00a0\u00bb bg_image_animation=\u00a0\u00bbnone\u00a0\u00bb][vc_column column_padding=\u00a0\u00bbno-extra-padding\u00a0\u00bb column_padding_tablet=\u00a0\u00bbinherit\u00a0\u00bb column_padding_phone=\u00a0\u00bbinherit\u00a0\u00bb column_padding_position=\u00a0\u00bball\u00a0\u00bb column_element_direction_desktop=\u00a0\u00bbdefault\u00a0\u00bb column_element_spacing=\u00a0\u00bbdefault\u00a0\u00bb desktop_text_alignment=\u00a0\u00bbdefault\u00a0\u00bb tablet_text_alignment=\u00a0\u00bbdefault\u00a0\u00bb phone_text_alignment=\u00a0\u00bbdefault\u00a0\u00bb background_color_opacity=\u00a0\u00bb1&Prime; background_hover_color_opacity=\u00a0\u00bb1&Prime; column_backdrop_filter=\u00a0\u00bbnone\u00a0\u00bb column_shadow=\u00a0\u00bbnone\u00a0\u00bb...","og_url":"https:\/\/dev.ccla.org\/fr\/communiques-de-presse\/lassociation-canadienne-des-libertes-civiles-organisera-chaque-annee-la-marche-pour-les-libertes-civiles-honorer-lheritage-inspirer-laction\/","og_site_name":"CCLA","article_published_time":"2025-10-24T20:52:43+00:00","article_modified_time":"2026-04-23T18:07:40+00:00","og_image":[{"width":2000,"height":800,"url":"https:\/\/dev.ccla.org\/wp-content\/uploads\/2021\/06\/TORONTO__mwangi-gatheca-qlKaN7eqay8-unsplash.jpg","type":"image\/jpeg"}],"author":"CCLA","twitter_card":"summary_large_image","twitter_misc":{"\u00c9crit par":"CCLA","Estimation du temps de lecture":"5 minutes"},"schema":{"@context":"https:\/\/schema.org","@graph":[{"@type":"Article","@id":"https:\/\/dev.ccla.org\/fr\/communiques-de-presse\/lassociation-canadienne-des-libertes-civiles-organisera-chaque-annee-la-marche-pour-les-libertes-civiles-honorer-lheritage-inspirer-laction\/#article","isPartOf":{"@id":"https:\/\/dev.ccla.org\/fr\/communiques-de-presse\/lassociation-canadienne-des-libertes-civiles-organisera-chaque-annee-la-marche-pour-les-libertes-civiles-honorer-lheritage-inspirer-laction\/"},"author":{"name":"CCLA","@id":"https:\/\/dev.ccla.org\/fr\/#\/schema\/person\/e48728d4a52926205e807fd8c52bf3b0"},"headline":"L\u2019Association canadienne des libert\u00e9s civiles organisera chaque ann\u00e9e la \u00ab Marche pour les libert\u00e9s civiles \u00bb \u2014 Honorer l\u2019h\u00e9ritage, inspirer l\u2019action","datePublished":"2025-10-24T20:52:43+00:00","dateModified":"2026-04-23T18:07:40+00:00","mainEntityOfPage":{"@id":"https:\/\/dev.ccla.org\/fr\/communiques-de-presse\/lassociation-canadienne-des-libertes-civiles-organisera-chaque-annee-la-marche-pour-les-libertes-civiles-honorer-lheritage-inspirer-laction\/"},"wordCount":1079,"image":{"@id":"https:\/\/dev.ccla.org\/fr\/communiques-de-presse\/lassociation-canadienne-des-libertes-civiles-organisera-chaque-annee-la-marche-pour-les-libertes-civiles-honorer-lheritage-inspirer-laction\/#primaryimage"},"thumbnailUrl":"https:\/\/dev.ccla.org\/wp-content\/uploads\/2021\/06\/TORONTO__mwangi-gatheca-qlKaN7eqay8-unsplash.jpg","articleSection":["COMMUNIQU\u00c9S DE PRESSE"],"inLanguage":"fr-CA"},{"@type":"WebPage","@id":"https:\/\/dev.ccla.org\/fr\/communiques-de-presse\/lassociation-canadienne-des-libertes-civiles-organisera-chaque-annee-la-marche-pour-les-libertes-civiles-honorer-lheritage-inspirer-laction\/","url":"https:\/\/dev.ccla.org\/fr\/communiques-de-presse\/lassociation-canadienne-des-libertes-civiles-organisera-chaque-annee-la-marche-pour-les-libertes-civiles-honorer-lheritage-inspirer-laction\/","name":"L\u2019Association canadienne des libert\u00e9s civiles organisera chaque ann\u00e9e la \u00ab Marche pour les libert\u00e9s civiles \u00bb \u2014 Honorer l\u2019h\u00e9ritage, inspirer l\u2019action - CCLA","isPartOf":{"@id":"https:\/\/dev.ccla.org\/fr\/#website"},"primaryImageOfPage":{"@id":"https:\/\/dev.ccla.org\/fr\/communiques-de-presse\/lassociation-canadienne-des-libertes-civiles-organisera-chaque-annee-la-marche-pour-les-libertes-civiles-honorer-lheritage-inspirer-laction\/#primaryimage"},"image":{"@id":"https:\/\/dev.ccla.org\/fr\/communiques-de-presse\/lassociation-canadienne-des-libertes-civiles-organisera-chaque-annee-la-marche-pour-les-libertes-civiles-honorer-lheritage-inspirer-laction\/#primaryimage"},"thumbnailUrl":"https:\/\/dev.ccla.org\/wp-content\/uploads\/2021\/06\/TORONTO__mwangi-gatheca-qlKaN7eqay8-unsplash.jpg","datePublished":"2025-10-24T20:52:43+00:00","dateModified":"2026-04-23T18:07:40+00:00","author":{"@id":"https:\/\/dev.ccla.org\/fr\/#\/schema\/person\/e48728d4a52926205e807fd8c52bf3b0"},"breadcrumb":{"@id":"https:\/\/dev.ccla.org\/fr\/communiques-de-presse\/lassociation-canadienne-des-libertes-civiles-organisera-chaque-annee-la-marche-pour-les-libertes-civiles-honorer-lheritage-inspirer-laction\/#breadcrumb"},"inLanguage":"fr-CA","potentialAction":[{"@type":"ReadAction","target":["https:\/\/dev.ccla.org\/fr\/communiques-de-presse\/lassociation-canadienne-des-libertes-civiles-organisera-chaque-annee-la-marche-pour-les-libertes-civiles-honorer-lheritage-inspirer-laction\/"]}]},{"@type":"ImageObject","inLanguage":"fr-CA","@id":"https:\/\/dev.ccla.org\/fr\/communiques-de-presse\/lassociation-canadienne-des-libertes-civiles-organisera-chaque-annee-la-marche-pour-les-libertes-civiles-honorer-lheritage-inspirer-laction\/#primaryimage","url":"https:\/\/dev.ccla.org\/wp-content\/uploads\/2021\/06\/TORONTO__mwangi-gatheca-qlKaN7eqay8-unsplash.jpg","contentUrl":"https:\/\/dev.ccla.org\/wp-content\/uploads\/2021\/06\/TORONTO__mwangi-gatheca-qlKaN7eqay8-unsplash.jpg","width":2000,"height":800},{"@type":"BreadcrumbList","@id":"https:\/\/dev.ccla.org\/fr\/communiques-de-presse\/lassociation-canadienne-des-libertes-civiles-organisera-chaque-annee-la-marche-pour-les-libertes-civiles-honorer-lheritage-inspirer-laction\/#breadcrumb","itemListElement":[{"@type":"ListItem","position":1,"name":"Home","item":"https:\/\/dev.ccla.org\/fr\/accueil\/"},{"@type":"ListItem","position":2,"name":"Non class\u00e9","item":"https:\/\/dev.ccla.org\/fr\/category\/non-classe\/"},{"@type":"ListItem","position":3,"name":"L\u2019Association canadienne des libert\u00e9s civiles organisera chaque ann\u00e9e la \u00ab Marche pour les libert\u00e9s civiles \u00bb \u2014 Honorer l\u2019h\u00e9ritage, inspirer l\u2019action"}]},{"@type":"WebSite","@id":"https:\/\/dev.ccla.org\/fr\/#website","url":"https:\/\/dev.ccla.org\/fr\/","name":"CCLA","description":"","potentialAction":[{"@type":"SearchAction","target":{"@type":"EntryPoint","urlTemplate":"https:\/\/dev.ccla.org\/fr\/?s={search_term_string}"},"query-input":{"@type":"PropertyValueSpecification","valueRequired":true,"valueName":"search_term_string"}}],"inLanguage":"fr-CA"},{"@type":"Person","@id":"https:\/\/dev.ccla.org\/fr\/#\/schema\/person\/e48728d4a52926205e807fd8c52bf3b0","name":"CCLA","image":{"@type":"ImageObject","inLanguage":"fr-CA","@id":"https:\/\/secure.gravatar.com\/avatar\/03b13921772ba279da547407d7a85f0b4a10bdf8cc9a026f2ac4e10643eee315?s=96&d=blank&r=g","url":"https:\/\/secure.gravatar.com\/avatar\/03b13921772ba279da547407d7a85f0b4a10bdf8cc9a026f2ac4e10643eee315?s=96&d=blank&r=g","contentUrl":"https:\/\/secure.gravatar.com\/avatar\/03b13921772ba279da547407d7a85f0b4a10bdf8cc9a026f2ac4e10643eee315?s=96&d=blank&r=g","caption":"CCLA"},"url":"https:\/\/dev.ccla.org\/fr\/author\/ccla\/"}]}},"_links":{"self":[{"href":"https:\/\/dev.ccla.org\/fr\/wp-json\/wp\/v2\/posts\/13334","targetHints":{"allow":["GET"]}}],"collection":[{"href":"https:\/\/dev.ccla.org\/fr\/wp-json\/wp\/v2\/posts"}],"about":[{"href":"https:\/\/dev.ccla.org\/fr\/wp-json\/wp\/v2\/types\/post"}],"author":[{"embeddable":true,"href":"https:\/\/dev.ccla.org\/fr\/wp-json\/wp\/v2\/users\/4"}],"replies":[{"embeddable":true,"href":"https:\/\/dev.ccla.org\/fr\/wp-json\/wp\/v2\/comments?post=13334"}],"version-history":[{"count":2,"href":"https:\/\/dev.ccla.org\/fr\/wp-json\/wp\/v2\/posts\/13334\/revisions"}],"predecessor-version":[{"id":13337,"href":"https:\/\/dev.ccla.org\/fr\/wp-json\/wp\/v2\/posts\/13334\/revisions\/13337"}],"wp:featuredmedia":[{"embeddable":true,"href":"https:\/\/dev.ccla.org\/fr\/wp-json\/wp\/v2\/media\/12396"}],"wp:attachment":[{"href":"https:\/\/dev.ccla.org\/fr\/wp-json\/wp\/v2\/media?parent=13334"}],"wp:term":[{"taxonomy":"category","embeddable":true,"href":"https:\/\/dev.ccla.org\/fr\/wp-json\/wp\/v2\/categories?post=13334"},{"taxonomy":"post_tag","embeddable":true,"href":"https:\/\/dev.ccla.org\/fr\/wp-json\/wp\/v2\/tags?post=13334"}],"curies":[{"name":"wp","href":"https:\/\/api.w.org\/{rel}","templated":true}]}}