{"id":13299,"date":"2023-10-17T10:11:08","date_gmt":"2023-10-17T14:11:08","guid":{"rendered":"https:\/\/dev.ccla.org\/non-classe\/the-guardian-la-province-du-canada-utilise-la-supression-constitutionnelle-pour-faire-avancer-la-legislation-sur-les-pronoms\/"},"modified":"2023-10-17T10:11:08","modified_gmt":"2023-10-17T14:11:08","slug":"the-guardian-la-province-du-canada-utilise-la-supression-constitutionnelle-pour-faire-avancer-la-legislation-sur-les-pronoms","status":"publish","type":"post","link":"https:\/\/dev.ccla.org\/fr\/dans-les-nouvelles\/the-guardian-la-province-du-canada-utilise-la-supression-constitutionnelle-pour-faire-avancer-la-legislation-sur-les-pronoms\/","title":{"rendered":"The Guardian : La province du Canada utilise la supression constitutionnelle pour faire avancer la l\u00e9gislation sur les pronoms"},"content":{"rendered":"","protected":false},"excerpt":{"rendered":"<p>\u00ab Le gouvernement de la Saskatchewan menace de d\u00e9chirer une partie de la charte ce mardi et, ce faisant, de violer les droits, la libert\u00e9, la vie priv\u00e9e, l\u2019\u00e9galit\u00e9 et la s\u00e9curit\u00e9 des jeunes trans \u00bb, a d\u00e9clar\u00e9 Noa Mendelsohn Aviv, directrice g\u00e9n\u00e9rale de l\u2019Association canadienne des libert\u00e9s civiles (CCLA), aux journalistes vendredi.<\/p>\n<p>L\u2019article 8 de la Charte des droits et libert\u00e9s stipule que toute personne a le droit d\u2019\u00eatre prot\u00e9g\u00e9e contre les perquisitions et saisies d\u00e9raisonnables.  <\/p>\n","protected":false},"author":4,"featured_media":0,"comment_status":"closed","ping_status":"closed","sticky":false,"template":"","format":"link","meta":{"footnotes":""},"categories":[352,266,269,303],"tags":[],"class_list":{"0":"post-13299","1":"post","2":"type-post","3":"status-publish","4":"format-link","6":"category-dans-les-nouvelles","7":"category-egalite","8":"category-jeunesse","9":"category-lgbtq2s","10":"post_format-post-format-link"},"yoast_head":"<!-- This site is optimized with the Yoast SEO plugin v27.4 - https:\/\/yoast.com\/product\/yoast-seo-wordpress\/ -->\n<title>The Guardian : La province du Canada utilise la supression constitutionnelle pour faire avancer la l\u00e9gislation sur les pronoms - CCLA<\/title>\n<meta name=\"robots\" content=\"noindex, follow, max-snippet:-1, max-image-preview:large, max-video-preview:-1\" \/>\n<meta property=\"og:locale\" content=\"fr_CA\" \/>\n<meta property=\"og:type\" content=\"article\" \/>\n<meta property=\"og:title\" content=\"The Guardian : La province du Canada utilise la supression constitutionnelle pour faire avancer la l\u00e9gislation sur les pronoms - CCLA\" \/>\n<meta property=\"og:description\" content=\"\u00ab Le gouvernement de la Saskatchewan menace de d\u00e9chirer une partie de la charte ce mardi et, ce faisant, de violer les droits, la libert\u00e9, la vie priv\u00e9e, l\u2019\u00e9galit\u00e9 et la s\u00e9curit\u00e9 des jeunes trans \u00bb, a d\u00e9clar\u00e9 Noa Mendelsohn Aviv, directrice g\u00e9n\u00e9rale de l\u2019Association canadienne des libert\u00e9s civiles (CCLA), aux journalistes vendredi. L\u2019article 8 de la Charte des droits et libert\u00e9s stipule que toute personne a le droit d\u2019\u00eatre prot\u00e9g\u00e9e contre les perquisitions et saisies d\u00e9raisonnables.\" \/>\n<meta property=\"og:url\" content=\"https:\/\/dev.ccla.org\/fr\/dans-les-nouvelles\/the-guardian-la-province-du-canada-utilise-la-supression-constitutionnelle-pour-faire-avancer-la-legislation-sur-les-pronoms\/\" \/>\n<meta property=\"og:site_name\" content=\"CCLA\" \/>\n<meta property=\"article:published_time\" content=\"2023-10-17T14:11:08+00:00\" \/>\n<meta name=\"author\" content=\"CCLA\" \/>\n<meta name=\"twitter:card\" content=\"summary_large_image\" \/>\n<meta name=\"twitter:label1\" content=\"\u00c9crit par\" \/>\n\t<meta name=\"twitter:data1\" content=\"CCLA\" \/>\n<script type=\"application\/ld+json\" class=\"yoast-schema-graph\">{\"@context\":\"https:\\\/\\\/schema.org\",\"@graph\":[{\"@type\":\"Article\",\"@id\":\"https:\\\/\\\/dev.ccla.org\\\/fr\\\/dans-les-nouvelles\\\/the-guardian-la-province-du-canada-utilise-la-supression-constitutionnelle-pour-faire-avancer-la-legislation-sur-les-pronoms\\\/#article\",\"isPartOf\":{\"@id\":\"https:\\\/\\\/dev.ccla.org\\\/fr\\\/dans-les-nouvelles\\\/the-guardian-la-province-du-canada-utilise-la-supression-constitutionnelle-pour-faire-avancer-la-legislation-sur-les-pronoms\\\/\"},\"author\":{\"name\":\"CCLA\",\"@id\":\"https:\\\/\\\/dev.ccla.org\\\/fr\\\/#\\\/schema\\\/person\\\/e48728d4a52926205e807fd8c52bf3b0\"},\"headline\":\"The Guardian : La province du Canada utilise la supression constitutionnelle pour faire avancer la l\u00e9gislation sur les pronoms\",\"datePublished\":\"2023-10-17T14:11:08+00:00\",\"mainEntityOfPage\":{\"@id\":\"https:\\\/\\\/dev.ccla.org\\\/fr\\\/dans-les-nouvelles\\\/the-guardian-la-province-du-canada-utilise-la-supression-constitutionnelle-pour-faire-avancer-la-legislation-sur-les-pronoms\\\/\"},\"wordCount\":19,\"articleSection\":[\"DANS LES NOUVELLES\",\"\u00c9GALIT\u00c9\",\"Jeunesse\",\"LGBTQ2S+\"],\"inLanguage\":\"fr-CA\"},{\"@type\":\"WebPage\",\"@id\":\"https:\\\/\\\/dev.ccla.org\\\/fr\\\/dans-les-nouvelles\\\/the-guardian-la-province-du-canada-utilise-la-supression-constitutionnelle-pour-faire-avancer-la-legislation-sur-les-pronoms\\\/\",\"url\":\"https:\\\/\\\/dev.ccla.org\\\/fr\\\/dans-les-nouvelles\\\/the-guardian-la-province-du-canada-utilise-la-supression-constitutionnelle-pour-faire-avancer-la-legislation-sur-les-pronoms\\\/\",\"name\":\"The Guardian : La province du Canada utilise la supression constitutionnelle pour faire avancer la l\u00e9gislation sur les pronoms - CCLA\",\"isPartOf\":{\"@id\":\"https:\\\/\\\/dev.ccla.org\\\/fr\\\/#website\"},\"datePublished\":\"2023-10-17T14:11:08+00:00\",\"author\":{\"@id\":\"https:\\\/\\\/dev.ccla.org\\\/fr\\\/#\\\/schema\\\/person\\\/e48728d4a52926205e807fd8c52bf3b0\"},\"breadcrumb\":{\"@id\":\"https:\\\/\\\/dev.ccla.org\\\/fr\\\/dans-les-nouvelles\\\/the-guardian-la-province-du-canada-utilise-la-supression-constitutionnelle-pour-faire-avancer-la-legislation-sur-les-pronoms\\\/#breadcrumb\"},\"inLanguage\":\"fr-CA\",\"potentialAction\":[{\"@type\":\"ReadAction\",\"target\":[\"https:\\\/\\\/dev.ccla.org\\\/fr\\\/dans-les-nouvelles\\\/the-guardian-la-province-du-canada-utilise-la-supression-constitutionnelle-pour-faire-avancer-la-legislation-sur-les-pronoms\\\/\"]}]},{\"@type\":\"BreadcrumbList\",\"@id\":\"https:\\\/\\\/dev.ccla.org\\\/fr\\\/dans-les-nouvelles\\\/the-guardian-la-province-du-canada-utilise-la-supression-constitutionnelle-pour-faire-avancer-la-legislation-sur-les-pronoms\\\/#breadcrumb\",\"itemListElement\":[{\"@type\":\"ListItem\",\"position\":1,\"name\":\"Home\",\"item\":\"https:\\\/\\\/dev.ccla.org\\\/fr\\\/accueil\\\/\"},{\"@type\":\"ListItem\",\"position\":2,\"name\":\"Non class\u00e9\",\"item\":\"https:\\\/\\\/dev.ccla.org\\\/fr\\\/category\\\/non-classe\\\/\"},{\"@type\":\"ListItem\",\"position\":3,\"name\":\"The Guardian : La province du Canada utilise la supression constitutionnelle pour faire avancer la l\u00e9gislation sur les pronoms\"}]},{\"@type\":\"WebSite\",\"@id\":\"https:\\\/\\\/dev.ccla.org\\\/fr\\\/#website\",\"url\":\"https:\\\/\\\/dev.ccla.org\\\/fr\\\/\",\"name\":\"CCLA\",\"description\":\"\",\"potentialAction\":[{\"@type\":\"SearchAction\",\"target\":{\"@type\":\"EntryPoint\",\"urlTemplate\":\"https:\\\/\\\/dev.ccla.org\\\/fr\\\/?s={search_term_string}\"},\"query-input\":{\"@type\":\"PropertyValueSpecification\",\"valueRequired\":true,\"valueName\":\"search_term_string\"}}],\"inLanguage\":\"fr-CA\"},{\"@type\":\"Person\",\"@id\":\"https:\\\/\\\/dev.ccla.org\\\/fr\\\/#\\\/schema\\\/person\\\/e48728d4a52926205e807fd8c52bf3b0\",\"name\":\"CCLA\",\"image\":{\"@type\":\"ImageObject\",\"inLanguage\":\"fr-CA\",\"@id\":\"https:\\\/\\\/secure.gravatar.com\\\/avatar\\\/03b13921772ba279da547407d7a85f0b4a10bdf8cc9a026f2ac4e10643eee315?s=96&d=blank&r=g\",\"url\":\"https:\\\/\\\/secure.gravatar.com\\\/avatar\\\/03b13921772ba279da547407d7a85f0b4a10bdf8cc9a026f2ac4e10643eee315?s=96&d=blank&r=g\",\"contentUrl\":\"https:\\\/\\\/secure.gravatar.com\\\/avatar\\\/03b13921772ba279da547407d7a85f0b4a10bdf8cc9a026f2ac4e10643eee315?s=96&d=blank&r=g\",\"caption\":\"CCLA\"},\"url\":\"https:\\\/\\\/dev.ccla.org\\\/fr\\\/author\\\/ccla\\\/\"}]}<\/script>\n<!-- \/ Yoast SEO plugin. -->","yoast_head_json":{"title":"The Guardian : La province du Canada utilise la supression constitutionnelle pour faire avancer la l\u00e9gislation sur les pronoms - CCLA","robots":{"index":"noindex","follow":"follow","max-snippet":"max-snippet:-1","max-image-preview":"max-image-preview:large","max-video-preview":"max-video-preview:-1"},"og_locale":"fr_CA","og_type":"article","og_title":"The Guardian : La province du Canada utilise la supression constitutionnelle pour faire avancer la l\u00e9gislation sur les pronoms - CCLA","og_description":"\u00ab Le gouvernement de la Saskatchewan menace de d\u00e9chirer une partie de la charte ce mardi et, ce faisant, de violer les droits, la libert\u00e9, la vie priv\u00e9e, l\u2019\u00e9galit\u00e9 et la s\u00e9curit\u00e9 des jeunes trans \u00bb, a d\u00e9clar\u00e9 Noa Mendelsohn Aviv, directrice g\u00e9n\u00e9rale de l\u2019Association canadienne des libert\u00e9s civiles (CCLA), aux journalistes vendredi. L\u2019article 8 de la Charte des droits et libert\u00e9s stipule que toute personne a le droit d\u2019\u00eatre prot\u00e9g\u00e9e contre les perquisitions et saisies d\u00e9raisonnables.","og_url":"https:\/\/dev.ccla.org\/fr\/dans-les-nouvelles\/the-guardian-la-province-du-canada-utilise-la-supression-constitutionnelle-pour-faire-avancer-la-legislation-sur-les-pronoms\/","og_site_name":"CCLA","article_published_time":"2023-10-17T14:11:08+00:00","author":"CCLA","twitter_card":"summary_large_image","twitter_misc":{"\u00c9crit par":"CCLA"},"schema":{"@context":"https:\/\/schema.org","@graph":[{"@type":"Article","@id":"https:\/\/dev.ccla.org\/fr\/dans-les-nouvelles\/the-guardian-la-province-du-canada-utilise-la-supression-constitutionnelle-pour-faire-avancer-la-legislation-sur-les-pronoms\/#article","isPartOf":{"@id":"https:\/\/dev.ccla.org\/fr\/dans-les-nouvelles\/the-guardian-la-province-du-canada-utilise-la-supression-constitutionnelle-pour-faire-avancer-la-legislation-sur-les-pronoms\/"},"author":{"name":"CCLA","@id":"https:\/\/dev.ccla.org\/fr\/#\/schema\/person\/e48728d4a52926205e807fd8c52bf3b0"},"headline":"The Guardian : La province du Canada utilise la supression constitutionnelle pour faire avancer la l\u00e9gislation sur les pronoms","datePublished":"2023-10-17T14:11:08+00:00","mainEntityOfPage":{"@id":"https:\/\/dev.ccla.org\/fr\/dans-les-nouvelles\/the-guardian-la-province-du-canada-utilise-la-supression-constitutionnelle-pour-faire-avancer-la-legislation-sur-les-pronoms\/"},"wordCount":19,"articleSection":["DANS LES NOUVELLES","\u00c9GALIT\u00c9","Jeunesse","LGBTQ2S+"],"inLanguage":"fr-CA"},{"@type":"WebPage","@id":"https:\/\/dev.ccla.org\/fr\/dans-les-nouvelles\/the-guardian-la-province-du-canada-utilise-la-supression-constitutionnelle-pour-faire-avancer-la-legislation-sur-les-pronoms\/","url":"https:\/\/dev.ccla.org\/fr\/dans-les-nouvelles\/the-guardian-la-province-du-canada-utilise-la-supression-constitutionnelle-pour-faire-avancer-la-legislation-sur-les-pronoms\/","name":"The Guardian : La province du Canada utilise la supression constitutionnelle pour faire avancer la l\u00e9gislation sur les pronoms - CCLA","isPartOf":{"@id":"https:\/\/dev.ccla.org\/fr\/#website"},"datePublished":"2023-10-17T14:11:08+00:00","author":{"@id":"https:\/\/dev.ccla.org\/fr\/#\/schema\/person\/e48728d4a52926205e807fd8c52bf3b0"},"breadcrumb":{"@id":"https:\/\/dev.ccla.org\/fr\/dans-les-nouvelles\/the-guardian-la-province-du-canada-utilise-la-supression-constitutionnelle-pour-faire-avancer-la-legislation-sur-les-pronoms\/#breadcrumb"},"inLanguage":"fr-CA","potentialAction":[{"@type":"ReadAction","target":["https:\/\/dev.ccla.org\/fr\/dans-les-nouvelles\/the-guardian-la-province-du-canada-utilise-la-supression-constitutionnelle-pour-faire-avancer-la-legislation-sur-les-pronoms\/"]}]},{"@type":"BreadcrumbList","@id":"https:\/\/dev.ccla.org\/fr\/dans-les-nouvelles\/the-guardian-la-province-du-canada-utilise-la-supression-constitutionnelle-pour-faire-avancer-la-legislation-sur-les-pronoms\/#breadcrumb","itemListElement":[{"@type":"ListItem","position":1,"name":"Home","item":"https:\/\/dev.ccla.org\/fr\/accueil\/"},{"@type":"ListItem","position":2,"name":"Non class\u00e9","item":"https:\/\/dev.ccla.org\/fr\/category\/non-classe\/"},{"@type":"ListItem","position":3,"name":"The Guardian : La province du Canada utilise la supression constitutionnelle pour faire avancer la l\u00e9gislation sur les pronoms"}]},{"@type":"WebSite","@id":"https:\/\/dev.ccla.org\/fr\/#website","url":"https:\/\/dev.ccla.org\/fr\/","name":"CCLA","description":"","potentialAction":[{"@type":"SearchAction","target":{"@type":"EntryPoint","urlTemplate":"https:\/\/dev.ccla.org\/fr\/?s={search_term_string}"},"query-input":{"@type":"PropertyValueSpecification","valueRequired":true,"valueName":"search_term_string"}}],"inLanguage":"fr-CA"},{"@type":"Person","@id":"https:\/\/dev.ccla.org\/fr\/#\/schema\/person\/e48728d4a52926205e807fd8c52bf3b0","name":"CCLA","image":{"@type":"ImageObject","inLanguage":"fr-CA","@id":"https:\/\/secure.gravatar.com\/avatar\/03b13921772ba279da547407d7a85f0b4a10bdf8cc9a026f2ac4e10643eee315?s=96&d=blank&r=g","url":"https:\/\/secure.gravatar.com\/avatar\/03b13921772ba279da547407d7a85f0b4a10bdf8cc9a026f2ac4e10643eee315?s=96&d=blank&r=g","contentUrl":"https:\/\/secure.gravatar.com\/avatar\/03b13921772ba279da547407d7a85f0b4a10bdf8cc9a026f2ac4e10643eee315?s=96&d=blank&r=g","caption":"CCLA"},"url":"https:\/\/dev.ccla.org\/fr\/author\/ccla\/"}]}},"_links":{"self":[{"href":"https:\/\/dev.ccla.org\/fr\/wp-json\/wp\/v2\/posts\/13299","targetHints":{"allow":["GET"]}}],"collection":[{"href":"https:\/\/dev.ccla.org\/fr\/wp-json\/wp\/v2\/posts"}],"about":[{"href":"https:\/\/dev.ccla.org\/fr\/wp-json\/wp\/v2\/types\/post"}],"author":[{"embeddable":true,"href":"https:\/\/dev.ccla.org\/fr\/wp-json\/wp\/v2\/users\/4"}],"replies":[{"embeddable":true,"href":"https:\/\/dev.ccla.org\/fr\/wp-json\/wp\/v2\/comments?post=13299"}],"version-history":[{"count":0,"href":"https:\/\/dev.ccla.org\/fr\/wp-json\/wp\/v2\/posts\/13299\/revisions"}],"wp:attachment":[{"href":"https:\/\/dev.ccla.org\/fr\/wp-json\/wp\/v2\/media?parent=13299"}],"wp:term":[{"taxonomy":"category","embeddable":true,"href":"https:\/\/dev.ccla.org\/fr\/wp-json\/wp\/v2\/categories?post=13299"},{"taxonomy":"post_tag","embeddable":true,"href":"https:\/\/dev.ccla.org\/fr\/wp-json\/wp\/v2\/tags?post=13299"}],"curies":[{"name":"wp","href":"https:\/\/api.w.org\/{rel}","templated":true}]}}