{"id":13065,"date":"2025-03-09T15:28:06","date_gmt":"2025-03-09T19:28:06","guid":{"rendered":"https:\/\/dev.ccla.org\/non-classe\/yeux-sur-les-observateurs-remettre-en-question-la-montee-de-la-reconnaissance-faciale-policiere\/"},"modified":"2026-04-23T14:05:51","modified_gmt":"2026-04-23T18:05:51","slug":"yeux-sur-les-observateurs-remettre-en-question-la-montee-de-la-reconnaissance-faciale-policiere","status":"publish","type":"post","link":"https:\/\/dev.ccla.org\/fr\/informez-vous\/inclo\/yeux-sur-les-observateurs-remettre-en-question-la-montee-de-la-reconnaissance-faciale-policiere\/","title":{"rendered":"Yeux sur les observateurs : Remettre en question la mont\u00e9e de la reconnaissance faciale polici\u00e8re"},"content":{"rendered":"","protected":false},"excerpt":{"rendered":"<p>Un document th\u00e9matique de l\u2019INCLO qui documente et analyse les manifestations et les r\u00e9ponses des \u00c9tats affectant le droit de protester, ainsi que met en lumi\u00e8re le travail des membres de l\u2019INCLO dans 14 pays au c\u0153ur de la pand\u00e9mie mondiale de 2020.<\/p>\n","protected":false},"author":14,"featured_media":13068,"comment_status":"closed","ping_status":"closed","sticky":false,"template":"","format":"link","meta":{"footnotes":""},"categories":[336],"tags":[],"class_list":{"0":"post-13065","1":"post","2":"type-post","3":"status-publish","4":"format-link","5":"has-post-thumbnail","7":"category-inclo","8":"post_format-post-format-link"},"yoast_head":"<!-- This site is optimized with the Yoast SEO plugin v27.4 - https:\/\/yoast.com\/product\/yoast-seo-wordpress\/ -->\n<title>Yeux sur les observateurs : Remettre en question la mont\u00e9e de la reconnaissance faciale polici\u00e8re - CCLA<\/title>\n<meta name=\"robots\" content=\"noindex, follow, max-snippet:-1, max-image-preview:large, max-video-preview:-1\" \/>\n<meta property=\"og:locale\" content=\"fr_CA\" \/>\n<meta property=\"og:type\" content=\"article\" \/>\n<meta property=\"og:title\" content=\"Yeux sur les observateurs : Remettre en question la mont\u00e9e de la reconnaissance faciale polici\u00e8re - CCLA\" \/>\n<meta property=\"og:description\" content=\"Un document th\u00e9matique de l\u2019INCLO qui documente et analyse les manifestations et les r\u00e9ponses des \u00c9tats affectant le droit de protester, ainsi que met en lumi\u00e8re le travail des membres de l\u2019INCLO dans 14 pays au c\u0153ur de la pand\u00e9mie mondiale de 2020.\" \/>\n<meta property=\"og:url\" content=\"https:\/\/dev.ccla.org\/fr\/informez-vous\/inclo\/yeux-sur-les-observateurs-remettre-en-question-la-montee-de-la-reconnaissance-faciale-policiere\/\" \/>\n<meta property=\"og:site_name\" content=\"CCLA\" \/>\n<meta property=\"article:published_time\" content=\"2025-03-09T19:28:06+00:00\" \/>\n<meta property=\"article:modified_time\" content=\"2026-04-23T18:05:51+00:00\" \/>\n<meta property=\"og:image\" content=\"https:\/\/dev.ccla.org\/wp-content\/uploads\/2025\/04\/2_FRT_WhatIsFRT.jpg\" \/>\n\t<meta property=\"og:image:width\" content=\"2000\" \/>\n\t<meta property=\"og:image:height\" content=\"800\" \/>\n\t<meta property=\"og:image:type\" content=\"image\/jpeg\" \/>\n<meta name=\"author\" content=\"Guest Author\" \/>\n<meta name=\"twitter:card\" content=\"summary_large_image\" \/>\n<meta name=\"twitter:label1\" content=\"\u00c9crit par\" \/>\n\t<meta name=\"twitter:data1\" content=\"Guest Author\" \/>\n<script type=\"application\/ld+json\" class=\"yoast-schema-graph\">{\"@context\":\"https:\\\/\\\/schema.org\",\"@graph\":[{\"@type\":\"Article\",\"@id\":\"https:\\\/\\\/dev.ccla.org\\\/fr\\\/informez-vous\\\/inclo\\\/yeux-sur-les-observateurs-remettre-en-question-la-montee-de-la-reconnaissance-faciale-policiere\\\/#article\",\"isPartOf\":{\"@id\":\"https:\\\/\\\/dev.ccla.org\\\/fr\\\/informez-vous\\\/inclo\\\/yeux-sur-les-observateurs-remettre-en-question-la-montee-de-la-reconnaissance-faciale-policiere\\\/\"},\"author\":{\"name\":\"Guest Author\",\"@id\":\"https:\\\/\\\/dev.ccla.org\\\/fr\\\/#\\\/schema\\\/person\\\/d3275a5ece5eb32465424bbde4daee41\"},\"headline\":\"Yeux sur les observateurs : Remettre en question la mont\u00e9e de la reconnaissance faciale polici\u00e8re\",\"datePublished\":\"2025-03-09T19:28:06+00:00\",\"dateModified\":\"2026-04-23T18:05:51+00:00\",\"mainEntityOfPage\":{\"@id\":\"https:\\\/\\\/dev.ccla.org\\\/fr\\\/informez-vous\\\/inclo\\\/yeux-sur-les-observateurs-remettre-en-question-la-montee-de-la-reconnaissance-faciale-policiere\\\/\"},\"wordCount\":16,\"image\":{\"@id\":\"https:\\\/\\\/dev.ccla.org\\\/fr\\\/informez-vous\\\/inclo\\\/yeux-sur-les-observateurs-remettre-en-question-la-montee-de-la-reconnaissance-faciale-policiere\\\/#primaryimage\"},\"thumbnailUrl\":\"https:\\\/\\\/dev.ccla.org\\\/wp-content\\\/uploads\\\/2025\\\/04\\\/2_FRT_WhatIsFRT.jpg\",\"articleSection\":[\"INCLO\"],\"inLanguage\":\"fr-CA\"},{\"@type\":\"WebPage\",\"@id\":\"https:\\\/\\\/dev.ccla.org\\\/fr\\\/informez-vous\\\/inclo\\\/yeux-sur-les-observateurs-remettre-en-question-la-montee-de-la-reconnaissance-faciale-policiere\\\/\",\"url\":\"https:\\\/\\\/dev.ccla.org\\\/fr\\\/informez-vous\\\/inclo\\\/yeux-sur-les-observateurs-remettre-en-question-la-montee-de-la-reconnaissance-faciale-policiere\\\/\",\"name\":\"Yeux sur les observateurs : Remettre en question la mont\u00e9e de la reconnaissance faciale polici\u00e8re - CCLA\",\"isPartOf\":{\"@id\":\"https:\\\/\\\/dev.ccla.org\\\/fr\\\/#website\"},\"primaryImageOfPage\":{\"@id\":\"https:\\\/\\\/dev.ccla.org\\\/fr\\\/informez-vous\\\/inclo\\\/yeux-sur-les-observateurs-remettre-en-question-la-montee-de-la-reconnaissance-faciale-policiere\\\/#primaryimage\"},\"image\":{\"@id\":\"https:\\\/\\\/dev.ccla.org\\\/fr\\\/informez-vous\\\/inclo\\\/yeux-sur-les-observateurs-remettre-en-question-la-montee-de-la-reconnaissance-faciale-policiere\\\/#primaryimage\"},\"thumbnailUrl\":\"https:\\\/\\\/dev.ccla.org\\\/wp-content\\\/uploads\\\/2025\\\/04\\\/2_FRT_WhatIsFRT.jpg\",\"datePublished\":\"2025-03-09T19:28:06+00:00\",\"dateModified\":\"2026-04-23T18:05:51+00:00\",\"author\":{\"@id\":\"https:\\\/\\\/dev.ccla.org\\\/fr\\\/#\\\/schema\\\/person\\\/d3275a5ece5eb32465424bbde4daee41\"},\"breadcrumb\":{\"@id\":\"https:\\\/\\\/dev.ccla.org\\\/fr\\\/informez-vous\\\/inclo\\\/yeux-sur-les-observateurs-remettre-en-question-la-montee-de-la-reconnaissance-faciale-policiere\\\/#breadcrumb\"},\"inLanguage\":\"fr-CA\",\"potentialAction\":[{\"@type\":\"ReadAction\",\"target\":[\"https:\\\/\\\/dev.ccla.org\\\/fr\\\/informez-vous\\\/inclo\\\/yeux-sur-les-observateurs-remettre-en-question-la-montee-de-la-reconnaissance-faciale-policiere\\\/\"]}]},{\"@type\":\"ImageObject\",\"inLanguage\":\"fr-CA\",\"@id\":\"https:\\\/\\\/dev.ccla.org\\\/fr\\\/informez-vous\\\/inclo\\\/yeux-sur-les-observateurs-remettre-en-question-la-montee-de-la-reconnaissance-faciale-policiere\\\/#primaryimage\",\"url\":\"https:\\\/\\\/dev.ccla.org\\\/wp-content\\\/uploads\\\/2025\\\/04\\\/2_FRT_WhatIsFRT.jpg\",\"contentUrl\":\"https:\\\/\\\/dev.ccla.org\\\/wp-content\\\/uploads\\\/2025\\\/04\\\/2_FRT_WhatIsFRT.jpg\",\"width\":2000,\"height\":800},{\"@type\":\"BreadcrumbList\",\"@id\":\"https:\\\/\\\/dev.ccla.org\\\/fr\\\/informez-vous\\\/inclo\\\/yeux-sur-les-observateurs-remettre-en-question-la-montee-de-la-reconnaissance-faciale-policiere\\\/#breadcrumb\",\"itemListElement\":[{\"@type\":\"ListItem\",\"position\":1,\"name\":\"Home\",\"item\":\"https:\\\/\\\/dev.ccla.org\\\/fr\\\/accueil\\\/\"},{\"@type\":\"ListItem\",\"position\":2,\"name\":\"INFORMEZ-VOUS\",\"item\":\"https:\\\/\\\/dev.ccla.org\\\/fr\\\/category\\\/informez-vous\\\/\"},{\"@type\":\"ListItem\",\"position\":3,\"name\":\"INCLO\",\"item\":\"https:\\\/\\\/dev.ccla.org\\\/fr\\\/category\\\/informez-vous\\\/inclo\\\/\"},{\"@type\":\"ListItem\",\"position\":4,\"name\":\"Yeux sur les observateurs : Remettre en question la mont\u00e9e de la reconnaissance faciale polici\u00e8re\"}]},{\"@type\":\"WebSite\",\"@id\":\"https:\\\/\\\/dev.ccla.org\\\/fr\\\/#website\",\"url\":\"https:\\\/\\\/dev.ccla.org\\\/fr\\\/\",\"name\":\"CCLA\",\"description\":\"\",\"potentialAction\":[{\"@type\":\"SearchAction\",\"target\":{\"@type\":\"EntryPoint\",\"urlTemplate\":\"https:\\\/\\\/dev.ccla.org\\\/fr\\\/?s={search_term_string}\"},\"query-input\":{\"@type\":\"PropertyValueSpecification\",\"valueRequired\":true,\"valueName\":\"search_term_string\"}}],\"inLanguage\":\"fr-CA\"},{\"@type\":\"Person\",\"@id\":\"https:\\\/\\\/dev.ccla.org\\\/fr\\\/#\\\/schema\\\/person\\\/d3275a5ece5eb32465424bbde4daee41\",\"name\":\"Guest Author\",\"image\":{\"@type\":\"ImageObject\",\"inLanguage\":\"fr-CA\",\"@id\":\"https:\\\/\\\/secure.gravatar.com\\\/avatar\\\/b93f74bbad285b8a05223362625bef519ea64919467ad29bf056a5267af7d9eb?s=96&d=blank&r=g\",\"url\":\"https:\\\/\\\/secure.gravatar.com\\\/avatar\\\/b93f74bbad285b8a05223362625bef519ea64919467ad29bf056a5267af7d9eb?s=96&d=blank&r=g\",\"contentUrl\":\"https:\\\/\\\/secure.gravatar.com\\\/avatar\\\/b93f74bbad285b8a05223362625bef519ea64919467ad29bf056a5267af7d9eb?s=96&d=blank&r=g\",\"caption\":\"Guest Author\"},\"url\":\"https:\\\/\\\/dev.ccla.org\\\/fr\\\/author\\\/guest\\\/\"}]}<\/script>\n<!-- \/ Yoast SEO plugin. -->","yoast_head_json":{"title":"Yeux sur les observateurs : Remettre en question la mont\u00e9e de la reconnaissance faciale polici\u00e8re - CCLA","robots":{"index":"noindex","follow":"follow","max-snippet":"max-snippet:-1","max-image-preview":"max-image-preview:large","max-video-preview":"max-video-preview:-1"},"og_locale":"fr_CA","og_type":"article","og_title":"Yeux sur les observateurs : Remettre en question la mont\u00e9e de la reconnaissance faciale polici\u00e8re - CCLA","og_description":"Un document th\u00e9matique de l\u2019INCLO qui documente et analyse les manifestations et les r\u00e9ponses des \u00c9tats affectant le droit de protester, ainsi que met en lumi\u00e8re le travail des membres de l\u2019INCLO dans 14 pays au c\u0153ur de la pand\u00e9mie mondiale de 2020.","og_url":"https:\/\/dev.ccla.org\/fr\/informez-vous\/inclo\/yeux-sur-les-observateurs-remettre-en-question-la-montee-de-la-reconnaissance-faciale-policiere\/","og_site_name":"CCLA","article_published_time":"2025-03-09T19:28:06+00:00","article_modified_time":"2026-04-23T18:05:51+00:00","og_image":[{"width":2000,"height":800,"url":"https:\/\/dev.ccla.org\/wp-content\/uploads\/2025\/04\/2_FRT_WhatIsFRT.jpg","type":"image\/jpeg"}],"author":"Guest Author","twitter_card":"summary_large_image","twitter_misc":{"\u00c9crit par":"Guest Author"},"schema":{"@context":"https:\/\/schema.org","@graph":[{"@type":"Article","@id":"https:\/\/dev.ccla.org\/fr\/informez-vous\/inclo\/yeux-sur-les-observateurs-remettre-en-question-la-montee-de-la-reconnaissance-faciale-policiere\/#article","isPartOf":{"@id":"https:\/\/dev.ccla.org\/fr\/informez-vous\/inclo\/yeux-sur-les-observateurs-remettre-en-question-la-montee-de-la-reconnaissance-faciale-policiere\/"},"author":{"name":"Guest Author","@id":"https:\/\/dev.ccla.org\/fr\/#\/schema\/person\/d3275a5ece5eb32465424bbde4daee41"},"headline":"Yeux sur les observateurs : Remettre en question la mont\u00e9e de la reconnaissance faciale polici\u00e8re","datePublished":"2025-03-09T19:28:06+00:00","dateModified":"2026-04-23T18:05:51+00:00","mainEntityOfPage":{"@id":"https:\/\/dev.ccla.org\/fr\/informez-vous\/inclo\/yeux-sur-les-observateurs-remettre-en-question-la-montee-de-la-reconnaissance-faciale-policiere\/"},"wordCount":16,"image":{"@id":"https:\/\/dev.ccla.org\/fr\/informez-vous\/inclo\/yeux-sur-les-observateurs-remettre-en-question-la-montee-de-la-reconnaissance-faciale-policiere\/#primaryimage"},"thumbnailUrl":"https:\/\/dev.ccla.org\/wp-content\/uploads\/2025\/04\/2_FRT_WhatIsFRT.jpg","articleSection":["INCLO"],"inLanguage":"fr-CA"},{"@type":"WebPage","@id":"https:\/\/dev.ccla.org\/fr\/informez-vous\/inclo\/yeux-sur-les-observateurs-remettre-en-question-la-montee-de-la-reconnaissance-faciale-policiere\/","url":"https:\/\/dev.ccla.org\/fr\/informez-vous\/inclo\/yeux-sur-les-observateurs-remettre-en-question-la-montee-de-la-reconnaissance-faciale-policiere\/","name":"Yeux sur les observateurs : Remettre en question la mont\u00e9e de la reconnaissance faciale polici\u00e8re - CCLA","isPartOf":{"@id":"https:\/\/dev.ccla.org\/fr\/#website"},"primaryImageOfPage":{"@id":"https:\/\/dev.ccla.org\/fr\/informez-vous\/inclo\/yeux-sur-les-observateurs-remettre-en-question-la-montee-de-la-reconnaissance-faciale-policiere\/#primaryimage"},"image":{"@id":"https:\/\/dev.ccla.org\/fr\/informez-vous\/inclo\/yeux-sur-les-observateurs-remettre-en-question-la-montee-de-la-reconnaissance-faciale-policiere\/#primaryimage"},"thumbnailUrl":"https:\/\/dev.ccla.org\/wp-content\/uploads\/2025\/04\/2_FRT_WhatIsFRT.jpg","datePublished":"2025-03-09T19:28:06+00:00","dateModified":"2026-04-23T18:05:51+00:00","author":{"@id":"https:\/\/dev.ccla.org\/fr\/#\/schema\/person\/d3275a5ece5eb32465424bbde4daee41"},"breadcrumb":{"@id":"https:\/\/dev.ccla.org\/fr\/informez-vous\/inclo\/yeux-sur-les-observateurs-remettre-en-question-la-montee-de-la-reconnaissance-faciale-policiere\/#breadcrumb"},"inLanguage":"fr-CA","potentialAction":[{"@type":"ReadAction","target":["https:\/\/dev.ccla.org\/fr\/informez-vous\/inclo\/yeux-sur-les-observateurs-remettre-en-question-la-montee-de-la-reconnaissance-faciale-policiere\/"]}]},{"@type":"ImageObject","inLanguage":"fr-CA","@id":"https:\/\/dev.ccla.org\/fr\/informez-vous\/inclo\/yeux-sur-les-observateurs-remettre-en-question-la-montee-de-la-reconnaissance-faciale-policiere\/#primaryimage","url":"https:\/\/dev.ccla.org\/wp-content\/uploads\/2025\/04\/2_FRT_WhatIsFRT.jpg","contentUrl":"https:\/\/dev.ccla.org\/wp-content\/uploads\/2025\/04\/2_FRT_WhatIsFRT.jpg","width":2000,"height":800},{"@type":"BreadcrumbList","@id":"https:\/\/dev.ccla.org\/fr\/informez-vous\/inclo\/yeux-sur-les-observateurs-remettre-en-question-la-montee-de-la-reconnaissance-faciale-policiere\/#breadcrumb","itemListElement":[{"@type":"ListItem","position":1,"name":"Home","item":"https:\/\/dev.ccla.org\/fr\/accueil\/"},{"@type":"ListItem","position":2,"name":"INFORMEZ-VOUS","item":"https:\/\/dev.ccla.org\/fr\/category\/informez-vous\/"},{"@type":"ListItem","position":3,"name":"INCLO","item":"https:\/\/dev.ccla.org\/fr\/category\/informez-vous\/inclo\/"},{"@type":"ListItem","position":4,"name":"Yeux sur les observateurs : Remettre en question la mont\u00e9e de la reconnaissance faciale polici\u00e8re"}]},{"@type":"WebSite","@id":"https:\/\/dev.ccla.org\/fr\/#website","url":"https:\/\/dev.ccla.org\/fr\/","name":"CCLA","description":"","potentialAction":[{"@type":"SearchAction","target":{"@type":"EntryPoint","urlTemplate":"https:\/\/dev.ccla.org\/fr\/?s={search_term_string}"},"query-input":{"@type":"PropertyValueSpecification","valueRequired":true,"valueName":"search_term_string"}}],"inLanguage":"fr-CA"},{"@type":"Person","@id":"https:\/\/dev.ccla.org\/fr\/#\/schema\/person\/d3275a5ece5eb32465424bbde4daee41","name":"Guest Author","image":{"@type":"ImageObject","inLanguage":"fr-CA","@id":"https:\/\/secure.gravatar.com\/avatar\/b93f74bbad285b8a05223362625bef519ea64919467ad29bf056a5267af7d9eb?s=96&d=blank&r=g","url":"https:\/\/secure.gravatar.com\/avatar\/b93f74bbad285b8a05223362625bef519ea64919467ad29bf056a5267af7d9eb?s=96&d=blank&r=g","contentUrl":"https:\/\/secure.gravatar.com\/avatar\/b93f74bbad285b8a05223362625bef519ea64919467ad29bf056a5267af7d9eb?s=96&d=blank&r=g","caption":"Guest Author"},"url":"https:\/\/dev.ccla.org\/fr\/author\/guest\/"}]}},"_links":{"self":[{"href":"https:\/\/dev.ccla.org\/fr\/wp-json\/wp\/v2\/posts\/13065","targetHints":{"allow":["GET"]}}],"collection":[{"href":"https:\/\/dev.ccla.org\/fr\/wp-json\/wp\/v2\/posts"}],"about":[{"href":"https:\/\/dev.ccla.org\/fr\/wp-json\/wp\/v2\/types\/post"}],"author":[{"embeddable":true,"href":"https:\/\/dev.ccla.org\/fr\/wp-json\/wp\/v2\/users\/14"}],"replies":[{"embeddable":true,"href":"https:\/\/dev.ccla.org\/fr\/wp-json\/wp\/v2\/comments?post=13065"}],"version-history":[{"count":1,"href":"https:\/\/dev.ccla.org\/fr\/wp-json\/wp\/v2\/posts\/13065\/revisions"}],"predecessor-version":[{"id":13081,"href":"https:\/\/dev.ccla.org\/fr\/wp-json\/wp\/v2\/posts\/13065\/revisions\/13081"}],"wp:featuredmedia":[{"embeddable":true,"href":"https:\/\/dev.ccla.org\/fr\/wp-json\/wp\/v2\/media\/13068"}],"wp:attachment":[{"href":"https:\/\/dev.ccla.org\/fr\/wp-json\/wp\/v2\/media?parent=13065"}],"wp:term":[{"taxonomy":"category","embeddable":true,"href":"https:\/\/dev.ccla.org\/fr\/wp-json\/wp\/v2\/categories?post=13065"},{"taxonomy":"post_tag","embeddable":true,"href":"https:\/\/dev.ccla.org\/fr\/wp-json\/wp\/v2\/tags?post=13065"}],"curies":[{"name":"wp","href":"https:\/\/api.w.org\/{rel}","templated":true}]}}