{"id":12901,"date":"2026-02-17T15:59:09","date_gmt":"2026-02-17T20:59:09","guid":{"rendered":"https:\/\/dev.ccla.org\/non-classe\/la-ccla-condamne-la-prise-de-controle-croissante-des-conseils-scolaires-locaux-par-lontario\/"},"modified":"2026-04-23T14:04:51","modified_gmt":"2026-04-23T18:04:51","slug":"la-ccla-condamne-la-prise-de-controle-croissante-des-conseils-scolaires-locaux-par-lontario","status":"publish","type":"post","link":"https:\/\/dev.ccla.org\/fr\/communiques-de-presse\/la-ccla-condamne-la-prise-de-controle-croissante-des-conseils-scolaires-locaux-par-lontario\/","title":{"rendered":"La CCLA condamne la prise de contr\u00f4le croissante des conseils scolaires locaux par l\u2019Ontario"},"content":{"rendered":"[vc_row type=\u00a0\u00bbin_container\u00a0\u00bb full_screen_row_position=\u00a0\u00bbmiddle\u00a0\u00bb column_margin=\u00a0\u00bbdefault\u00a0\u00bb column_direction=\u00a0\u00bbdefault\u00a0\u00bb column_direction_tablet=\u00a0\u00bbdefault\u00a0\u00bb column_direction_phone=\u00a0\u00bbdefault\u00a0\u00bb scene_position=\u00a0\u00bbcenter\u00a0\u00bb text_color=\u00a0\u00bbdark\u00a0\u00bb text_align=\u00a0\u00bbleft\u00a0\u00bb row_border_radius=\u00a0\u00bbnone\u00a0\u00bb row_border_radius_applies=\u00a0\u00bbbg\u00a0\u00bb overflow=\u00a0\u00bbvisible\u00a0\u00bb overlay_strength=\u00a0\u00bb0.3&Prime; gradient_direction=\u00a0\u00bbleft_to_right\u00a0\u00bb shape_divider_position=\u00a0\u00bbbottom\u00a0\u00bb bg_image_animation=\u00a0\u00bbnone\u00a0\u00bb][vc_column column_padding=\u00a0\u00bbno-extra-padding\u00a0\u00bb column_padding_tablet=\u00a0\u00bbinherit\u00a0\u00bb column_padding_phone=\u00a0\u00bbinherit\u00a0\u00bb column_padding_position=\u00a0\u00bball\u00a0\u00bb column_element_direction_desktop=\u00a0\u00bbdefault\u00a0\u00bb column_element_spacing=\u00a0\u00bbdefault\u00a0\u00bb desktop_text_alignment=\u00a0\u00bbdefault\u00a0\u00bb tablet_text_alignment=\u00a0\u00bbdefault\u00a0\u00bb phone_text_alignment=\u00a0\u00bbdefault\u00a0\u00bb background_color_opacity=\u00a0\u00bb1&Prime; background_hover_color_opacity=\u00a0\u00bb1&Prime; column_backdrop_filter=\u00a0\u00bbnone\u00a0\u00bb column_shadow=\u00a0\u00bbnone\u00a0\u00bb column_border_radius=\u00a0\u00bbnone\u00a0\u00bb column_link_target=\u00a0\u00bb_self\u00a0\u00bb column_position=\u00a0\u00bbdefault\u00a0\u00bb gradient_direction=\u00a0\u00bbleft_to_right\u00a0\u00bb overlay_strength=\u00a0\u00bb0.3&Prime; width=\u00a0\u00bb1\/1&Prime; tablet_width_inherit=\u00a0\u00bbdefault\u00a0\u00bb animation_type=\u00a0\u00bbdefault\u00a0\u00bb bg_image_animation=\u00a0\u00bbnone\u00a0\u00bb border_type=\u00a0\u00bbsimple\u00a0\u00bb column_border_width=\u00a0\u00bbnone\u00a0\u00bb column_border_style=\u00a0\u00bbsolid\u00a0\u00bb][nectar_global_section id=\u00a0\u00bb1355&Prime;][\/vc_column][\/vc_row][vc_row type=\u00a0\u00bbin_container\u00a0\u00bb full_screen_row_position=\u00a0\u00bbmiddle\u00a0\u00bb column_margin=\u00a0\u00bbdefault\u00a0\u00bb column_direction=\u00a0\u00bbdefault\u00a0\u00bb column_direction_tablet=\u00a0\u00bbdefault\u00a0\u00bb column_direction_phone=\u00a0\u00bbdefault\u00a0\u00bb scene_position=\u00a0\u00bbcenter\u00a0\u00bb text_color=\u00a0\u00bbdark\u00a0\u00bb text_align=\u00a0\u00bbleft\u00a0\u00bb row_border_radius=\u00a0\u00bbnone\u00a0\u00bb row_border_radius_applies=\u00a0\u00bbbg\u00a0\u00bb overflow=\u00a0\u00bbvisible\u00a0\u00bb overlay_strength=\u00a0\u00bb0.3&Prime; gradient_direction=\u00a0\u00bbleft_to_right\u00a0\u00bb shape_divider_position=\u00a0\u00bbbottom\u00a0\u00bb bg_image_animation=\u00a0\u00bbnone\u00a0\u00bb][vc_column column_padding=\u00a0\u00bbno-extra-padding\u00a0\u00bb column_padding_tablet=\u00a0\u00bbinherit\u00a0\u00bb column_padding_phone=\u00a0\u00bbinherit\u00a0\u00bb column_padding_position=\u00a0\u00bball\u00a0\u00bb column_element_direction_desktop=\u00a0\u00bbdefault\u00a0\u00bb column_element_spacing=\u00a0\u00bbdefault\u00a0\u00bb desktop_text_alignment=\u00a0\u00bbdefault\u00a0\u00bb tablet_text_alignment=\u00a0\u00bbdefault\u00a0\u00bb phone_text_alignment=\u00a0\u00bbdefault\u00a0\u00bb background_color_opacity=\u00a0\u00bb1&Prime; background_hover_color_opacity=\u00a0\u00bb1&Prime; column_backdrop_filter=\u00a0\u00bbnone\u00a0\u00bb column_shadow=\u00a0\u00bbnone\u00a0\u00bb column_border_radius=\u00a0\u00bbnone\u00a0\u00bb column_link_target=\u00a0\u00bb_self\u00a0\u00bb column_position=\u00a0\u00bbdefault\u00a0\u00bb gradient_direction=\u00a0\u00bbleft_to_right\u00a0\u00bb overlay_strength=\u00a0\u00bb0.3&Prime; width=\u00a0\u00bb1\/1&Prime; tablet_width_inherit=\u00a0\u00bbdefault\u00a0\u00bb animation_type=\u00a0\u00bbdefault\u00a0\u00bb bg_image_animation=\u00a0\u00bbnone\u00a0\u00bb border_type=\u00a0\u00bbsimple\u00a0\u00bb column_border_width=\u00a0\u00bbnone\u00a0\u00bb column_border_style=\u00a0\u00bbsolid\u00a0\u00bb][vc_column_text css=\u00a0\u00bb\u00a0\u00bb text_direction=\u00a0\u00bbdefault\u00a0\u00bb]<span data-teams=\"true\">Harini Sivalingam, directrice de l\u2019\u00e9galit\u00e9 \u00e0 l\u2019Association canadienne des libert\u00e9s civiles, a prononc\u00e9 la d\u00e9claration suivante lors d\u2019une conf\u00e9rence de presse sur le nombre croissant de conseils scolaires sous supervision minist\u00e9rielle en Ontario :  <\/span><\/p>\n<p>L\u2019Association canadienne des libert\u00e9s civiles (CCLA) est profond\u00e9ment pr\u00e9occup\u00e9e par la prise de contr\u00f4le antid\u00e9mocratique des conseils scolaires \u00e9lus localement par le gouvernement de l\u2019Ontario.<\/p>\n<p>Avec la r\u00e9cente initiative visant \u00e0 \u00e9carter le conseil scolaire \u00e9lu du district de Peel, sept conseils* sont maintenant sous contr\u00f4le provincial direct.<\/p>\n<p>Le conseil scolaire catholique du district de York a \u00e9galement \u00e9t\u00e9 mis en alerte, signalant que de nouvelles prises de contr\u00f4le \u2014 et une \u00e9rosion accrue de la gouvernance d\u00e9mocratique locale \u2014 pourraient \u00eatre imminentes.<\/p>\n<p>Cette consolidation massive du pouvoir frappe au c\u0153ur de la d\u00e9mocratie locale.<\/p>\n<p>En retirant les administrateurs \u00e9lus d\u00e9mocratiquement et en les rempla\u00e7ant par des superviseurs nomm\u00e9s par la province, le gouvernement a \u00e9limin\u00e9 une couche essentielle de responsabilit\u00e9 publique dans l\u2019\u00e9ducation publique.<\/p>\n<p>Collectivement, ces conseils desservent plus de sept cent dix-huit mille (718 000) \u00e9tudiants \u2014 soit pr\u00e8s de 35% de la population \u00e9tudiante financ\u00e9e par l\u2019\u00c9tat de l\u2019Ontario.<\/p>\n<p>Des d\u00e9cisions touchant des centaines de milliers d\u2019\u00e9l\u00e8ves et de familles sont maintenant prises sans une repr\u00e9sentation locale significative.<\/p>\n<p>Bon nombre des conseils concern\u00e9s desservent certaines des communaut\u00e9s les plus diversifi\u00e9es sur le plan racial de la province.<\/p>\n<p>Les conseils scolaires locaux sont l\u2019une des rares institutions d\u00e9mocratiques o\u00f9 les communaut\u00e9s peuvent directement fa\u00e7onner les politiques \u00e9ducatives et s\u2019assurer que les d\u00e9cisions refl\u00e8tent les exp\u00e9riences v\u00e9cues.<\/p>\n<p>L\u2019\u00e9ducation publique est une pierre angulaire d\u2019une soci\u00e9t\u00e9 d\u00e9mocratique.<\/p>\n<p>La responsabilit\u00e9 d\u00e9mocratique en \u00e9ducation signifie s\u2019assurer que ceux qui sont les plus touch\u00e9s par les d\u00e9cisions aient un vrai et respect\u00e9 mot \u00e0 dire sur la mani\u00e8re dont elles sont prises.<\/p>\n<p>Lorsque les gouvernements mettent de c\u00f4t\u00e9 les voix \u00e9lues localement, ils sapent les principes d\u00e9mocratiques, d\u00e9stabilisent les syst\u00e8mes \u00e9ducatifs et r\u00e9duisent au silence les communaut\u00e9s que les \u00e9coles sont cens\u00e9es servir.<\/p>\n<p>Ces actions nuisent \u00e0 l\u2019environnement d\u2019apprentissage des \u00e9l\u00e8ves et perturbent les conditions de travail des enseignants, des administrateurs et des travailleurs de l\u2019\u00e9ducation.<\/p>\n<p>La CCLA demande au gouvernement ontarien de s\u2019assurer que la gouvernance d\u00e9mocratique soit rapidement r\u00e9tablie aux conseils scolaires concern\u00e9s, et que la province s\u2019engage de mani\u00e8re significative avec les \u00e9l\u00e8ves, les familles et les communaut\u00e9s dont les voix ont \u00e9t\u00e9 exclues.<\/p>\n<p>*L\u2019Ontario a d\u00e9j\u00e0 pris le contr\u00f4le du Toronto District School Board, du Toronto Catholic District School Board, du Ottawa-Carleton District School Board, du Dufferin-Peel Catholic District School Board, du Thames Valley District School Board et du Near North District School Board.<\/p>\n<p><strong>Regardez la conf\u00e9rence <a href=\"https:\/\/youtu.be\/t-PfT7IdYGU\">de presse ici<\/a>.<\/strong><\/p>\n<p>Participants \u00e0 la conf\u00e9rence de presse :<\/p>\n<p>Carter Peiros, pr\u00e9sident, Association<br \/>\ndes administrateurs \u00e9tudiants de l\u2019Ontario Ahnaaf Hassan, \u00e9l\u00e8ve de 12e ann\u00e9e \u00e0 RH King Academy TDSB Administrateur<br \/>\n\u00e9tudiant David Mastin, pr\u00e9sident, F\u00e9d\u00e9ration des enseignants du primaire de l\u2019Ontario<br \/>\nMartha Hradowy, pr\u00e9sidente de la F\u00e9d\u00e9ration<br \/>\ndes enseignants du secondaire de l\u2019Ontario Harini Sivalingam, directrice de l\u2019\u00e9galit\u00e9, Association canadienne des libert\u00e9s civiles[\/vc_column_text][\/vc_column][\/vc_row][vc_row type=\u00a0\u00bbin_container\u00a0\u00bb full_screen_row_position=\u00a0\u00bbmiddle\u00a0\u00bb column_margin=\u00a0\u00bbdefault\u00a0\u00bb column_direction=\u00a0\u00bbdefault\u00a0\u00bb column_direction_tablet=\u00a0\u00bbdefault\u00a0\u00bb column_direction_phone=\u00a0\u00bbdefault\u00a0\u00bb scene_position=\u00a0\u00bbcenter\u00a0\u00bb text_color=\u00a0\u00bbdark\u00a0\u00bb text_align=\u00a0\u00bbleft\u00a0\u00bb row_border_radius=\u00a0\u00bbnone\u00a0\u00bb row_border_radius_applies=\u00a0\u00bbbg\u00a0\u00bb overflow=\u00a0\u00bbvisible\u00a0\u00bb overlay_strength=\u00a0\u00bb0.3&Prime; gradient_direction=\u00a0\u00bbleft_to_right\u00a0\u00bb shape_divider_position=\u00a0\u00bbbottom\u00a0\u00bb bg_image_animation=\u00a0\u00bbnone\u00a0\u00bb][vc_column column_padding=\u00a0\u00bbno-extra-padding\u00a0\u00bb column_padding_tablet=\u00a0\u00bbinherit\u00a0\u00bb column_padding_phone=\u00a0\u00bbinherit\u00a0\u00bb column_padding_position=\u00a0\u00bball\u00a0\u00bb column_element_direction_desktop=\u00a0\u00bbdefault\u00a0\u00bb column_element_spacing=\u00a0\u00bbdefault\u00a0\u00bb desktop_text_alignment=\u00a0\u00bbdefault\u00a0\u00bb tablet_text_alignment=\u00a0\u00bbdefault\u00a0\u00bb phone_text_alignment=\u00a0\u00bbdefault\u00a0\u00bb background_color_opacity=\u00a0\u00bb1&Prime; background_hover_color_opacity=\u00a0\u00bb1&Prime; column_backdrop_filter=\u00a0\u00bbnone\u00a0\u00bb column_shadow=\u00a0\u00bbnone\u00a0\u00bb column_border_radius=\u00a0\u00bbnone\u00a0\u00bb column_link_target=\u00a0\u00bb_self\u00a0\u00bb column_position=\u00a0\u00bbdefault\u00a0\u00bb gradient_direction=\u00a0\u00bbleft_to_right\u00a0\u00bb overlay_strength=\u00a0\u00bb0.3&Prime; width=\u00a0\u00bb1\/1&Prime; tablet_width_inherit=\u00a0\u00bbdefault\u00a0\u00bb animation_type=\u00a0\u00bbdefault\u00a0\u00bb bg_image_animation=\u00a0\u00bbnone\u00a0\u00bb border_type=\u00a0\u00bbsimple\u00a0\u00bb column_border_width=\u00a0\u00bbnone\u00a0\u00bb column_border_style=\u00a0\u00bbsolid\u00a0\u00bb][nectar_global_section id=\u00a0\u00bb1461&Prime;][\/vc_column][\/vc_row]\n","protected":false},"excerpt":{"rendered":"<p>[vc_row type=\u00a0\u00bbin_container\u00a0\u00bb full_screen_row_position=\u00a0\u00bbmiddle\u00a0\u00bb column_margin=\u00a0\u00bbdefault\u00a0\u00bb column_direction=\u00a0\u00bbdefault\u00a0\u00bb column_direction_tablet=\u00a0\u00bbdefault\u00a0\u00bb column_direction_phone=\u00a0\u00bbdefault\u00a0\u00bb scene_position=\u00a0\u00bbcenter\u00a0\u00bb text_color=\u00a0\u00bbdark\u00a0\u00bb text_align=\u00a0\u00bbleft\u00a0\u00bb row_border_radius=\u00a0\u00bbnone\u00a0\u00bb row_border_radius_applies=\u00a0\u00bbbg\u00a0\u00bb overflow=\u00a0\u00bbvisible\u00a0\u00bb overlay_strength=\u00a0\u00bb0.3&Prime; gradient_direction=\u00a0\u00bbleft_to_right\u00a0\u00bb shape_divider_position=\u00a0\u00bbbottom\u00a0\u00bb bg_image_animation=\u00a0\u00bbnone\u00a0\u00bb][vc_column column_padding=\u00a0\u00bbno-extra-padding\u00a0\u00bb column_padding_tablet=\u00a0\u00bbinherit\u00a0\u00bb column_padding_phone=\u00a0\u00bbinherit\u00a0\u00bb column_padding_position=\u00a0\u00bball\u00a0\u00bb column_element_direction_desktop=\u00a0\u00bbdefault\u00a0\u00bb column_element_spacing=\u00a0\u00bbdefault\u00a0\u00bb desktop_text_alignment=\u00a0\u00bbdefault\u00a0\u00bb tablet_text_alignment=\u00a0\u00bbdefault\u00a0\u00bb phone_text_alignment=\u00a0\u00bbdefault\u00a0\u00bb background_color_opacity=\u00a0\u00bb1&Prime; background_hover_color_opacity=\u00a0\u00bb1&Prime; column_backdrop_filter=\u00a0\u00bbnone\u00a0\u00bb column_shadow=\u00a0\u00bbnone\u00a0\u00bb&#8230;<\/p>\n","protected":false},"author":4,"featured_media":12056,"comment_status":"closed","ping_status":"closed","sticky":false,"template":"","format":"standard","meta":{"footnotes":""},"categories":[268,266,269],"tags":[],"class_list":{"0":"post-12901","1":"post","2":"type-post","3":"status-publish","4":"format-standard","5":"has-post-thumbnail","7":"category-communiques-de-presse","8":"category-egalite","9":"category-jeunesse"},"yoast_head":"<!-- This site is optimized with the Yoast SEO plugin v27.4 - https:\/\/yoast.com\/product\/yoast-seo-wordpress\/ -->\n<title>La CCLA condamne la prise de contr\u00f4le croissante des conseils scolaires locaux par l\u2019Ontario - CCLA<\/title>\n<meta name=\"robots\" content=\"noindex, follow, max-snippet:-1, max-image-preview:large, max-video-preview:-1\" \/>\n<meta property=\"og:locale\" content=\"fr_CA\" \/>\n<meta property=\"og:type\" content=\"article\" \/>\n<meta property=\"og:title\" content=\"La CCLA condamne la prise de contr\u00f4le croissante des conseils scolaires locaux par l\u2019Ontario - CCLA\" \/>\n<meta property=\"og:description\" content=\"[vc_row type=\u00a0\u00bbin_container\u00a0\u00bb full_screen_row_position=\u00a0\u00bbmiddle\u00a0\u00bb column_margin=\u00a0\u00bbdefault\u00a0\u00bb column_direction=\u00a0\u00bbdefault\u00a0\u00bb column_direction_tablet=\u00a0\u00bbdefault\u00a0\u00bb column_direction_phone=\u00a0\u00bbdefault\u00a0\u00bb scene_position=\u00a0\u00bbcenter\u00a0\u00bb text_color=\u00a0\u00bbdark\u00a0\u00bb text_align=\u00a0\u00bbleft\u00a0\u00bb row_border_radius=\u00a0\u00bbnone\u00a0\u00bb row_border_radius_applies=\u00a0\u00bbbg\u00a0\u00bb overflow=\u00a0\u00bbvisible\u00a0\u00bb overlay_strength=\u00a0\u00bb0.3&Prime; gradient_direction=\u00a0\u00bbleft_to_right\u00a0\u00bb shape_divider_position=\u00a0\u00bbbottom\u00a0\u00bb bg_image_animation=\u00a0\u00bbnone\u00a0\u00bb][vc_column column_padding=\u00a0\u00bbno-extra-padding\u00a0\u00bb column_padding_tablet=\u00a0\u00bbinherit\u00a0\u00bb column_padding_phone=\u00a0\u00bbinherit\u00a0\u00bb column_padding_position=\u00a0\u00bball\u00a0\u00bb column_element_direction_desktop=\u00a0\u00bbdefault\u00a0\u00bb column_element_spacing=\u00a0\u00bbdefault\u00a0\u00bb desktop_text_alignment=\u00a0\u00bbdefault\u00a0\u00bb tablet_text_alignment=\u00a0\u00bbdefault\u00a0\u00bb phone_text_alignment=\u00a0\u00bbdefault\u00a0\u00bb background_color_opacity=\u00a0\u00bb1&Prime; background_hover_color_opacity=\u00a0\u00bb1&Prime; column_backdrop_filter=\u00a0\u00bbnone\u00a0\u00bb column_shadow=\u00a0\u00bbnone\u00a0\u00bb...\" \/>\n<meta property=\"og:url\" content=\"https:\/\/dev.ccla.org\/fr\/communiques-de-presse\/la-ccla-condamne-la-prise-de-controle-croissante-des-conseils-scolaires-locaux-par-lontario\/\" \/>\n<meta property=\"og:site_name\" content=\"CCLA\" \/>\n<meta property=\"article:published_time\" content=\"2026-02-17T20:59:09+00:00\" \/>\n<meta property=\"article:modified_time\" content=\"2026-04-23T18:04:51+00:00\" \/>\n<meta property=\"og:image\" content=\"https:\/\/dev.ccla.org\/wp-content\/uploads\/2021\/07\/Classroom_header.jpg\" \/>\n\t<meta property=\"og:image:width\" content=\"2000\" \/>\n\t<meta property=\"og:image:height\" content=\"800\" \/>\n\t<meta property=\"og:image:type\" content=\"image\/jpeg\" \/>\n<meta name=\"author\" content=\"CCLA\" \/>\n<meta name=\"twitter:card\" content=\"summary_large_image\" \/>\n<meta name=\"twitter:label1\" content=\"\u00c9crit par\" \/>\n\t<meta name=\"twitter:data1\" content=\"CCLA\" \/>\n\t<meta name=\"twitter:label2\" content=\"Estimation du temps de lecture\" \/>\n\t<meta name=\"twitter:data2\" content=\"5 minutes\" \/>\n<script type=\"application\/ld+json\" class=\"yoast-schema-graph\">{\"@context\":\"https:\\\/\\\/schema.org\",\"@graph\":[{\"@type\":\"Article\",\"@id\":\"https:\\\/\\\/dev.ccla.org\\\/fr\\\/communiques-de-presse\\\/la-ccla-condamne-la-prise-de-controle-croissante-des-conseils-scolaires-locaux-par-lontario\\\/#article\",\"isPartOf\":{\"@id\":\"https:\\\/\\\/dev.ccla.org\\\/fr\\\/communiques-de-presse\\\/la-ccla-condamne-la-prise-de-controle-croissante-des-conseils-scolaires-locaux-par-lontario\\\/\"},\"author\":{\"name\":\"CCLA\",\"@id\":\"https:\\\/\\\/dev.ccla.org\\\/fr\\\/#\\\/schema\\\/person\\\/e48728d4a52926205e807fd8c52bf3b0\"},\"headline\":\"La CCLA condamne la prise de contr\u00f4le croissante des conseils scolaires locaux par l\u2019Ontario\",\"datePublished\":\"2026-02-17T20:59:09+00:00\",\"dateModified\":\"2026-04-23T18:04:51+00:00\",\"mainEntityOfPage\":{\"@id\":\"https:\\\/\\\/dev.ccla.org\\\/fr\\\/communiques-de-presse\\\/la-ccla-condamne-la-prise-de-controle-croissante-des-conseils-scolaires-locaux-par-lontario\\\/\"},\"wordCount\":1076,\"image\":{\"@id\":\"https:\\\/\\\/dev.ccla.org\\\/fr\\\/communiques-de-presse\\\/la-ccla-condamne-la-prise-de-controle-croissante-des-conseils-scolaires-locaux-par-lontario\\\/#primaryimage\"},\"thumbnailUrl\":\"https:\\\/\\\/dev.ccla.org\\\/wp-content\\\/uploads\\\/2021\\\/07\\\/Classroom_header.jpg\",\"articleSection\":[\"COMMUNIQU\u00c9S DE PRESSE\",\"\u00c9GALIT\u00c9\",\"Jeunesse\"],\"inLanguage\":\"fr-CA\"},{\"@type\":\"WebPage\",\"@id\":\"https:\\\/\\\/dev.ccla.org\\\/fr\\\/communiques-de-presse\\\/la-ccla-condamne-la-prise-de-controle-croissante-des-conseils-scolaires-locaux-par-lontario\\\/\",\"url\":\"https:\\\/\\\/dev.ccla.org\\\/fr\\\/communiques-de-presse\\\/la-ccla-condamne-la-prise-de-controle-croissante-des-conseils-scolaires-locaux-par-lontario\\\/\",\"name\":\"La CCLA condamne la prise de contr\u00f4le croissante des conseils scolaires locaux par l\u2019Ontario - CCLA\",\"isPartOf\":{\"@id\":\"https:\\\/\\\/dev.ccla.org\\\/fr\\\/#website\"},\"primaryImageOfPage\":{\"@id\":\"https:\\\/\\\/dev.ccla.org\\\/fr\\\/communiques-de-presse\\\/la-ccla-condamne-la-prise-de-controle-croissante-des-conseils-scolaires-locaux-par-lontario\\\/#primaryimage\"},\"image\":{\"@id\":\"https:\\\/\\\/dev.ccla.org\\\/fr\\\/communiques-de-presse\\\/la-ccla-condamne-la-prise-de-controle-croissante-des-conseils-scolaires-locaux-par-lontario\\\/#primaryimage\"},\"thumbnailUrl\":\"https:\\\/\\\/dev.ccla.org\\\/wp-content\\\/uploads\\\/2021\\\/07\\\/Classroom_header.jpg\",\"datePublished\":\"2026-02-17T20:59:09+00:00\",\"dateModified\":\"2026-04-23T18:04:51+00:00\",\"author\":{\"@id\":\"https:\\\/\\\/dev.ccla.org\\\/fr\\\/#\\\/schema\\\/person\\\/e48728d4a52926205e807fd8c52bf3b0\"},\"breadcrumb\":{\"@id\":\"https:\\\/\\\/dev.ccla.org\\\/fr\\\/communiques-de-presse\\\/la-ccla-condamne-la-prise-de-controle-croissante-des-conseils-scolaires-locaux-par-lontario\\\/#breadcrumb\"},\"inLanguage\":\"fr-CA\",\"potentialAction\":[{\"@type\":\"ReadAction\",\"target\":[\"https:\\\/\\\/dev.ccla.org\\\/fr\\\/communiques-de-presse\\\/la-ccla-condamne-la-prise-de-controle-croissante-des-conseils-scolaires-locaux-par-lontario\\\/\"]}]},{\"@type\":\"ImageObject\",\"inLanguage\":\"fr-CA\",\"@id\":\"https:\\\/\\\/dev.ccla.org\\\/fr\\\/communiques-de-presse\\\/la-ccla-condamne-la-prise-de-controle-croissante-des-conseils-scolaires-locaux-par-lontario\\\/#primaryimage\",\"url\":\"https:\\\/\\\/dev.ccla.org\\\/wp-content\\\/uploads\\\/2021\\\/07\\\/Classroom_header.jpg\",\"contentUrl\":\"https:\\\/\\\/dev.ccla.org\\\/wp-content\\\/uploads\\\/2021\\\/07\\\/Classroom_header.jpg\",\"width\":2000,\"height\":800},{\"@type\":\"BreadcrumbList\",\"@id\":\"https:\\\/\\\/dev.ccla.org\\\/fr\\\/communiques-de-presse\\\/la-ccla-condamne-la-prise-de-controle-croissante-des-conseils-scolaires-locaux-par-lontario\\\/#breadcrumb\",\"itemListElement\":[{\"@type\":\"ListItem\",\"position\":1,\"name\":\"Home\",\"item\":\"https:\\\/\\\/dev.ccla.org\\\/fr\\\/accueil\\\/\"},{\"@type\":\"ListItem\",\"position\":2,\"name\":\"Non class\u00e9\",\"item\":\"https:\\\/\\\/dev.ccla.org\\\/fr\\\/category\\\/non-classe\\\/\"},{\"@type\":\"ListItem\",\"position\":3,\"name\":\"La CCLA condamne la prise de contr\u00f4le croissante des conseils scolaires locaux par l\u2019Ontario\"}]},{\"@type\":\"WebSite\",\"@id\":\"https:\\\/\\\/dev.ccla.org\\\/fr\\\/#website\",\"url\":\"https:\\\/\\\/dev.ccla.org\\\/fr\\\/\",\"name\":\"CCLA\",\"description\":\"\",\"potentialAction\":[{\"@type\":\"SearchAction\",\"target\":{\"@type\":\"EntryPoint\",\"urlTemplate\":\"https:\\\/\\\/dev.ccla.org\\\/fr\\\/?s={search_term_string}\"},\"query-input\":{\"@type\":\"PropertyValueSpecification\",\"valueRequired\":true,\"valueName\":\"search_term_string\"}}],\"inLanguage\":\"fr-CA\"},{\"@type\":\"Person\",\"@id\":\"https:\\\/\\\/dev.ccla.org\\\/fr\\\/#\\\/schema\\\/person\\\/e48728d4a52926205e807fd8c52bf3b0\",\"name\":\"CCLA\",\"image\":{\"@type\":\"ImageObject\",\"inLanguage\":\"fr-CA\",\"@id\":\"https:\\\/\\\/secure.gravatar.com\\\/avatar\\\/03b13921772ba279da547407d7a85f0b4a10bdf8cc9a026f2ac4e10643eee315?s=96&d=blank&r=g\",\"url\":\"https:\\\/\\\/secure.gravatar.com\\\/avatar\\\/03b13921772ba279da547407d7a85f0b4a10bdf8cc9a026f2ac4e10643eee315?s=96&d=blank&r=g\",\"contentUrl\":\"https:\\\/\\\/secure.gravatar.com\\\/avatar\\\/03b13921772ba279da547407d7a85f0b4a10bdf8cc9a026f2ac4e10643eee315?s=96&d=blank&r=g\",\"caption\":\"CCLA\"},\"url\":\"https:\\\/\\\/dev.ccla.org\\\/fr\\\/author\\\/ccla\\\/\"}]}<\/script>\n<!-- \/ Yoast SEO plugin. -->","yoast_head_json":{"title":"La CCLA condamne la prise de contr\u00f4le croissante des conseils scolaires locaux par l\u2019Ontario - CCLA","robots":{"index":"noindex","follow":"follow","max-snippet":"max-snippet:-1","max-image-preview":"max-image-preview:large","max-video-preview":"max-video-preview:-1"},"og_locale":"fr_CA","og_type":"article","og_title":"La CCLA condamne la prise de contr\u00f4le croissante des conseils scolaires locaux par l\u2019Ontario - CCLA","og_description":"[vc_row type=\u00a0\u00bbin_container\u00a0\u00bb full_screen_row_position=\u00a0\u00bbmiddle\u00a0\u00bb column_margin=\u00a0\u00bbdefault\u00a0\u00bb column_direction=\u00a0\u00bbdefault\u00a0\u00bb column_direction_tablet=\u00a0\u00bbdefault\u00a0\u00bb column_direction_phone=\u00a0\u00bbdefault\u00a0\u00bb scene_position=\u00a0\u00bbcenter\u00a0\u00bb text_color=\u00a0\u00bbdark\u00a0\u00bb text_align=\u00a0\u00bbleft\u00a0\u00bb row_border_radius=\u00a0\u00bbnone\u00a0\u00bb row_border_radius_applies=\u00a0\u00bbbg\u00a0\u00bb overflow=\u00a0\u00bbvisible\u00a0\u00bb overlay_strength=\u00a0\u00bb0.3&Prime; gradient_direction=\u00a0\u00bbleft_to_right\u00a0\u00bb shape_divider_position=\u00a0\u00bbbottom\u00a0\u00bb bg_image_animation=\u00a0\u00bbnone\u00a0\u00bb][vc_column column_padding=\u00a0\u00bbno-extra-padding\u00a0\u00bb column_padding_tablet=\u00a0\u00bbinherit\u00a0\u00bb column_padding_phone=\u00a0\u00bbinherit\u00a0\u00bb column_padding_position=\u00a0\u00bball\u00a0\u00bb column_element_direction_desktop=\u00a0\u00bbdefault\u00a0\u00bb column_element_spacing=\u00a0\u00bbdefault\u00a0\u00bb desktop_text_alignment=\u00a0\u00bbdefault\u00a0\u00bb tablet_text_alignment=\u00a0\u00bbdefault\u00a0\u00bb phone_text_alignment=\u00a0\u00bbdefault\u00a0\u00bb background_color_opacity=\u00a0\u00bb1&Prime; background_hover_color_opacity=\u00a0\u00bb1&Prime; column_backdrop_filter=\u00a0\u00bbnone\u00a0\u00bb column_shadow=\u00a0\u00bbnone\u00a0\u00bb...","og_url":"https:\/\/dev.ccla.org\/fr\/communiques-de-presse\/la-ccla-condamne-la-prise-de-controle-croissante-des-conseils-scolaires-locaux-par-lontario\/","og_site_name":"CCLA","article_published_time":"2026-02-17T20:59:09+00:00","article_modified_time":"2026-04-23T18:04:51+00:00","og_image":[{"width":2000,"height":800,"url":"https:\/\/dev.ccla.org\/wp-content\/uploads\/2021\/07\/Classroom_header.jpg","type":"image\/jpeg"}],"author":"CCLA","twitter_card":"summary_large_image","twitter_misc":{"\u00c9crit par":"CCLA","Estimation du temps de lecture":"5 minutes"},"schema":{"@context":"https:\/\/schema.org","@graph":[{"@type":"Article","@id":"https:\/\/dev.ccla.org\/fr\/communiques-de-presse\/la-ccla-condamne-la-prise-de-controle-croissante-des-conseils-scolaires-locaux-par-lontario\/#article","isPartOf":{"@id":"https:\/\/dev.ccla.org\/fr\/communiques-de-presse\/la-ccla-condamne-la-prise-de-controle-croissante-des-conseils-scolaires-locaux-par-lontario\/"},"author":{"name":"CCLA","@id":"https:\/\/dev.ccla.org\/fr\/#\/schema\/person\/e48728d4a52926205e807fd8c52bf3b0"},"headline":"La CCLA condamne la prise de contr\u00f4le croissante des conseils scolaires locaux par l\u2019Ontario","datePublished":"2026-02-17T20:59:09+00:00","dateModified":"2026-04-23T18:04:51+00:00","mainEntityOfPage":{"@id":"https:\/\/dev.ccla.org\/fr\/communiques-de-presse\/la-ccla-condamne-la-prise-de-controle-croissante-des-conseils-scolaires-locaux-par-lontario\/"},"wordCount":1076,"image":{"@id":"https:\/\/dev.ccla.org\/fr\/communiques-de-presse\/la-ccla-condamne-la-prise-de-controle-croissante-des-conseils-scolaires-locaux-par-lontario\/#primaryimage"},"thumbnailUrl":"https:\/\/dev.ccla.org\/wp-content\/uploads\/2021\/07\/Classroom_header.jpg","articleSection":["COMMUNIQU\u00c9S DE PRESSE","\u00c9GALIT\u00c9","Jeunesse"],"inLanguage":"fr-CA"},{"@type":"WebPage","@id":"https:\/\/dev.ccla.org\/fr\/communiques-de-presse\/la-ccla-condamne-la-prise-de-controle-croissante-des-conseils-scolaires-locaux-par-lontario\/","url":"https:\/\/dev.ccla.org\/fr\/communiques-de-presse\/la-ccla-condamne-la-prise-de-controle-croissante-des-conseils-scolaires-locaux-par-lontario\/","name":"La CCLA condamne la prise de contr\u00f4le croissante des conseils scolaires locaux par l\u2019Ontario - CCLA","isPartOf":{"@id":"https:\/\/dev.ccla.org\/fr\/#website"},"primaryImageOfPage":{"@id":"https:\/\/dev.ccla.org\/fr\/communiques-de-presse\/la-ccla-condamne-la-prise-de-controle-croissante-des-conseils-scolaires-locaux-par-lontario\/#primaryimage"},"image":{"@id":"https:\/\/dev.ccla.org\/fr\/communiques-de-presse\/la-ccla-condamne-la-prise-de-controle-croissante-des-conseils-scolaires-locaux-par-lontario\/#primaryimage"},"thumbnailUrl":"https:\/\/dev.ccla.org\/wp-content\/uploads\/2021\/07\/Classroom_header.jpg","datePublished":"2026-02-17T20:59:09+00:00","dateModified":"2026-04-23T18:04:51+00:00","author":{"@id":"https:\/\/dev.ccla.org\/fr\/#\/schema\/person\/e48728d4a52926205e807fd8c52bf3b0"},"breadcrumb":{"@id":"https:\/\/dev.ccla.org\/fr\/communiques-de-presse\/la-ccla-condamne-la-prise-de-controle-croissante-des-conseils-scolaires-locaux-par-lontario\/#breadcrumb"},"inLanguage":"fr-CA","potentialAction":[{"@type":"ReadAction","target":["https:\/\/dev.ccla.org\/fr\/communiques-de-presse\/la-ccla-condamne-la-prise-de-controle-croissante-des-conseils-scolaires-locaux-par-lontario\/"]}]},{"@type":"ImageObject","inLanguage":"fr-CA","@id":"https:\/\/dev.ccla.org\/fr\/communiques-de-presse\/la-ccla-condamne-la-prise-de-controle-croissante-des-conseils-scolaires-locaux-par-lontario\/#primaryimage","url":"https:\/\/dev.ccla.org\/wp-content\/uploads\/2021\/07\/Classroom_header.jpg","contentUrl":"https:\/\/dev.ccla.org\/wp-content\/uploads\/2021\/07\/Classroom_header.jpg","width":2000,"height":800},{"@type":"BreadcrumbList","@id":"https:\/\/dev.ccla.org\/fr\/communiques-de-presse\/la-ccla-condamne-la-prise-de-controle-croissante-des-conseils-scolaires-locaux-par-lontario\/#breadcrumb","itemListElement":[{"@type":"ListItem","position":1,"name":"Home","item":"https:\/\/dev.ccla.org\/fr\/accueil\/"},{"@type":"ListItem","position":2,"name":"Non class\u00e9","item":"https:\/\/dev.ccla.org\/fr\/category\/non-classe\/"},{"@type":"ListItem","position":3,"name":"La CCLA condamne la prise de contr\u00f4le croissante des conseils scolaires locaux par l\u2019Ontario"}]},{"@type":"WebSite","@id":"https:\/\/dev.ccla.org\/fr\/#website","url":"https:\/\/dev.ccla.org\/fr\/","name":"CCLA","description":"","potentialAction":[{"@type":"SearchAction","target":{"@type":"EntryPoint","urlTemplate":"https:\/\/dev.ccla.org\/fr\/?s={search_term_string}"},"query-input":{"@type":"PropertyValueSpecification","valueRequired":true,"valueName":"search_term_string"}}],"inLanguage":"fr-CA"},{"@type":"Person","@id":"https:\/\/dev.ccla.org\/fr\/#\/schema\/person\/e48728d4a52926205e807fd8c52bf3b0","name":"CCLA","image":{"@type":"ImageObject","inLanguage":"fr-CA","@id":"https:\/\/secure.gravatar.com\/avatar\/03b13921772ba279da547407d7a85f0b4a10bdf8cc9a026f2ac4e10643eee315?s=96&d=blank&r=g","url":"https:\/\/secure.gravatar.com\/avatar\/03b13921772ba279da547407d7a85f0b4a10bdf8cc9a026f2ac4e10643eee315?s=96&d=blank&r=g","contentUrl":"https:\/\/secure.gravatar.com\/avatar\/03b13921772ba279da547407d7a85f0b4a10bdf8cc9a026f2ac4e10643eee315?s=96&d=blank&r=g","caption":"CCLA"},"url":"https:\/\/dev.ccla.org\/fr\/author\/ccla\/"}]}},"_links":{"self":[{"href":"https:\/\/dev.ccla.org\/fr\/wp-json\/wp\/v2\/posts\/12901","targetHints":{"allow":["GET"]}}],"collection":[{"href":"https:\/\/dev.ccla.org\/fr\/wp-json\/wp\/v2\/posts"}],"about":[{"href":"https:\/\/dev.ccla.org\/fr\/wp-json\/wp\/v2\/types\/post"}],"author":[{"embeddable":true,"href":"https:\/\/dev.ccla.org\/fr\/wp-json\/wp\/v2\/users\/4"}],"replies":[{"embeddable":true,"href":"https:\/\/dev.ccla.org\/fr\/wp-json\/wp\/v2\/comments?post=12901"}],"version-history":[{"count":2,"href":"https:\/\/dev.ccla.org\/fr\/wp-json\/wp\/v2\/posts\/12901\/revisions"}],"predecessor-version":[{"id":12910,"href":"https:\/\/dev.ccla.org\/fr\/wp-json\/wp\/v2\/posts\/12901\/revisions\/12910"}],"wp:featuredmedia":[{"embeddable":true,"href":"https:\/\/dev.ccla.org\/fr\/wp-json\/wp\/v2\/media\/12056"}],"wp:attachment":[{"href":"https:\/\/dev.ccla.org\/fr\/wp-json\/wp\/v2\/media?parent=12901"}],"wp:term":[{"taxonomy":"category","embeddable":true,"href":"https:\/\/dev.ccla.org\/fr\/wp-json\/wp\/v2\/categories?post=12901"},{"taxonomy":"post_tag","embeddable":true,"href":"https:\/\/dev.ccla.org\/fr\/wp-json\/wp\/v2\/tags?post=12901"}],"curies":[{"name":"wp","href":"https:\/\/api.w.org\/{rel}","templated":true}]}}